{"id":68623,"date":"2025-06-08T20:56:17","date_gmt":"2025-06-08T19:56:17","guid":{"rendered":"https:\/\/lasentinelle.dz\/?p=68623"},"modified":"2025-06-08T20:56:18","modified_gmt":"2025-06-08T19:56:18","slug":"les-temperatures-depasseront-les-44c-des-ce-lundi-une-vague-de-chaleur-exceptionnelle-annoncee","status":"publish","type":"post","link":"https:\/\/lasentinelle.dz\/index.php\/2025\/06\/08\/les-temperatures-depasseront-les-44c-des-ce-lundi-une-vague-de-chaleur-exceptionnelle-annoncee\/","title":{"rendered":"Les temp\u00e9ratures d\u00e9passeront les 44\u00b0C d\u00e8s ce lundi: Une vague de chaleur exceptionnelle annonc\u00e9e !"},"content":{"rendered":"\n<p>L&rsquo;Alg\u00e9rie s&rsquo;appr\u00eate \u00e0 affronter une vague de chaleur d&rsquo;une intensit\u00e9 exceptionnelle avec des temp\u00e9ratures qui d\u00e9passeront les 44\u00b0C d\u00e8s ce lundi.<\/p>\n\n\n\n<p>L&rsquo;Office National de M\u00e9t\u00e9orologie a lanc\u00e9 une alerte de niveau critique concernant cette canicule qui touchera plusieurs wilayas du centre, de l&rsquo;ouest et du littoral occidental du pays, marquant ainsi l&rsquo;un des \u00e9pisodes de chaleur les plus intenses de ces derni\u00e8res ann\u00e9es.<\/p>\n\n\n\n<p>Selon les pr\u00e9visions m\u00e9t\u00e9orologiques officielles, les temp\u00e9ratures oscilleront entre 43 et 44 degr\u00e9s Celsius lundi et mardi dans les wilayas de Tipaza, Blida, M\u00e9d\u00e9a, Tissemsilt, Tiaret, Mascara et Mostaganem. Cette vague de chaleur s&rsquo;\u00e9tendra \u00e9galement aux wilayas d&rsquo;Ain Defla, Chlef et Relizane, cr\u00e9ant une zone particuli\u00e8rement critique sur une large portion du territoire national. La validit\u00e9 de ce bulletin m\u00e9t\u00e9orologique s&rsquo;\u00e9tend de six heures du matin lundi jusqu&rsquo;\u00e0 six heures du matin mardi, couvrant ainsi une p\u00e9riode de vingt-quatre heures d&rsquo;exposition \u00e0 des temp\u00e9ratures extr\u00eames.<\/p>\n\n\n\n<p>Face \u00e0 cette situation exceptionnelle, l&rsquo;Office National de M\u00e9t\u00e9orologie a \u00e9mis des recommandations urgentes \u00e0 destination de la population. Les services m\u00e9t\u00e9orologiques appellent les citoyens \u00e0 prendre toutes les pr\u00e9cautions n\u00e9cessaires pour \u00e9viter les effets de ces temp\u00e9ratures \u00e9lev\u00e9es, particuli\u00e8rement pour les enfants et les personnes \u00e2g\u00e9es qui constituent les populations les plus vuln\u00e9rables. Les autorit\u00e9s insistent sur l&rsquo;importance de boire beaucoup d&rsquo;eau et d&rsquo;\u00e9viter l&rsquo;exposition directe aux rayons du soleil, surtout pendant les heures de midi o\u00f9 l&rsquo;intensit\u00e9 du rayonnement solaire atteint son maximum.<\/p>\n\n\n\n<p>Cette alerte fait suite \u00e0 un bulletin sp\u00e9cial \u00e9mis dimanche matin par l&rsquo;Office National de M\u00e9t\u00e9orologie concernant les conditions m\u00e9t\u00e9orologiques particuli\u00e8res que conna\u00eet le pays. Ce bulletin de deuxi\u00e8me niveau d&rsquo;alerte concernait initialement trois wilayas touch\u00e9es par une vague de chaleur, notamment Ain Defla, Chlef et Relizane. La validit\u00e9 de cette premi\u00e8re alerte s&rsquo;\u00e9tendait de six heures du matin dimanche jusqu&rsquo;\u00e0 six heures du matin lundi, pr\u00e9figurant l&rsquo;intensification du ph\u00e9nom\u00e8ne pr\u00e9vu pour les jours suivants.<\/p>\n\n\n\n<p>Parall\u00e8lement \u00e0 cette vague de chaleur, l&rsquo;Office National de M\u00e9t\u00e9orologie a \u00e9galement signal\u00e9 des pr\u00e9cipitations orageuses intenses dans vingt-trois wilayas du pays. Ces pluies orageuses concernent les wilayas de Khenchela, T\u00e9bessa, S\u00e9tif, Bordj Bou Arr\u00e9ridj, Biskra, Oum El Bouaghi, M&rsquo;Sila, Bouira, Batna, M\u00e9d\u00e9a, Tissemsilt, Djelfa, Tiaret, El Bayadh et Laghouat. Le bulletin m\u00e9t\u00e9orologique s&rsquo;\u00e9tend \u00e9galement aux wilayas de Sa\u00efda, El Bayadh, Sidi Bel Abb\u00e8s, Tlemcen, Na\u00e2ma, Illizi, Djanet et Tamanrasset, avec une validit\u00e9 allant de quinze heures \u00e0 vingt et une heures.<\/p>\n\n\n\n<p>Cette situation m\u00e9t\u00e9orologique contrast\u00e9e s&rsquo;inscrit dans un contexte climatique particulier o\u00f9 l&rsquo;Alg\u00e9rie fait face \u00e0 des ph\u00e9nom\u00e8nes m\u00e9t\u00e9orologiques extr\u00eames de plus en plus fr\u00e9quents. Les temp\u00e9ratures record annonc\u00e9es pour lundi constituent un d\u00e9fi majeur pour les autorit\u00e9s sanitaires et les services publics, qui doivent adapter leur organisation pour faire face \u00e0 cette situation exceptionnelle. Les secteurs \u00e9conomiques sensibles aux conditions climatiques, notamment l&rsquo;agriculture et le b\u00e2timent, sont \u00e9galement concern\u00e9s par ces alertes. Les travailleurs expos\u00e9s aux conditions ext\u00e9rieures devront adapter leurs horaires de travail pour \u00e9viter les heures les plus chaudes de la journ\u00e9e. Les autorit\u00e9s recommandent aux employeurs de mettre en place des mesures de protection renforc\u00e9es pour leurs personnels travaillant en ext\u00e9rieur.<\/p>\n\n\n\n<p>Cette canicule exceptionnelle souligne l&rsquo;importance des mesures de pr\u00e9vention et de la sensibilisation de la population aux risques li\u00e9s aux temp\u00e9ratures extr\u00eames. Les services de la Protection Civile sont mobilis\u00e9s pour intervenir rapidement en cas d&rsquo;urgence sanitaire li\u00e9e \u00e0 la chaleur, tandis que les autorit\u00e9s locales mettent en place des dispositifs d&rsquo;accueil dans des lieux climatis\u00e9s pour les personnes les plus vuln\u00e9rables. Face \u00e0 ces conditions m\u00e9t\u00e9orologiques exceptionnelles, la vigilance et la solidarit\u00e9 restent les ma\u00eetres-mots pour traverser cette p\u00e9riode de canicule intense qui marque le d\u00e9but d&rsquo;un \u00e9t\u00e9 qui s&rsquo;annonce particuli\u00e8rement chaud sur l&rsquo;ensemble du territoire national.<\/p>\n\n\n\n<p>Samir Benisid<\/p>\n","protected":false},"excerpt":{"rendered":"<p>L&rsquo;Alg\u00e9rie s&rsquo;appr\u00eate \u00e0 affronter une vague de chaleur d&rsquo;une intensit\u00e9 exceptionnelle avec des temp\u00e9ratures qui d\u00e9passeront les 44\u00b0C d\u00e8s ce<\/p>\n","protected":false},"author":6,"featured_media":42781,"comment_status":"open","ping_status":"closed","sticky":false,"template":"","format":"standard","meta":{"colormag_page_container_layout":"default_layout","colormag_page_sidebar_layout":"default_layout","om_disable_all_campaigns":false,"_monsterinsights_skip_tracking":false,"_monsterinsights_sitenote_active":false,"_monsterinsights_sitenote_note":"","_monsterinsights_sitenote_category":0,"footnotes":"","_wpscppro_dont_share_socialmedia":false,"_wpscppro_custom_social_share_image":0,"_facebook_share_type":"default","_twitter_share_type":"default","_linkedin_share_type":"default","_pinterest_share_type":"default","_linkedin_share_type_page":"","_instagram_share_type":"default","_medium_share_type":"default","_threads_share_type":"","_google_business_share_type":"","_selected_social_profile":[],"_wpsp_enable_custom_social_template":false,"_wpsp_social_scheduling":{"enabled":false,"datetime":null,"platforms":[],"status":"template_only","dateOption":"today","timeOption":"now","customDays":"","customHours":"","customDate":"","customTime":"","schedulingType":"absolute"},"_wpsp_active_default_template":true},"categories":[52,27],"tags":[],"class_list":["post-68623","post","type-post","status-publish","format-standard","has-post-thumbnail","hentry","category-a-la-une","category-actualite"],"aioseo_notices":[],"yoast_head":"<!-- This site is optimized with the Yoast SEO plugin v27.4 - https:\/\/yoast.com\/product\/yoast-seo-wordpress\/ -->\n<title>Les temp\u00e9ratures d\u00e9passeront les 44\u00b0C d\u00e8s ce lundi: Une vague de chaleur exceptionnelle annonc\u00e9e ! - La Sentinelle<\/title>\n<meta name=\"robots\" content=\"index, follow, max-snippet:-1, max-image-preview:large, max-video-preview:-1\" \/>\n<link rel=\"canonical\" href=\"https:\/\/lasentinelle.dz\/index.php\/2025\/06\/08\/les-temperatures-depasseront-les-44c-des-ce-lundi-une-vague-de-chaleur-exceptionnelle-annoncee\/\" \/>\n<meta property=\"og:locale\" content=\"fr_FR\" \/>\n<meta property=\"og:type\" content=\"article\" \/>\n<meta property=\"og:title\" content=\"Les temp\u00e9ratures d\u00e9passeront les 44\u00b0C d\u00e8s ce lundi: Une vague de chaleur exceptionnelle annonc\u00e9e ! - La Sentinelle\" \/>\n<meta property=\"og:description\" content=\"L&rsquo;Alg\u00e9rie s&rsquo;appr\u00eate \u00e0 affronter une vague de chaleur d&rsquo;une intensit\u00e9 exceptionnelle avec des temp\u00e9ratures qui d\u00e9passeront les 44\u00b0C d\u00e8s ce\" \/>\n<meta property=\"og:url\" content=\"https:\/\/lasentinelle.dz\/index.php\/2025\/06\/08\/les-temperatures-depasseront-les-44c-des-ce-lundi-une-vague-de-chaleur-exceptionnelle-annoncee\/\" \/>\n<meta property=\"og:site_name\" content=\"La Sentinelle\" \/>\n<meta property=\"article:publisher\" content=\"https:\/\/www.facebook.com\/La-Sentinelle-104059864394773\" \/>\n<meta property=\"article:published_time\" content=\"2025-06-08T19:56:17+00:00\" \/>\n<meta property=\"article:modified_time\" content=\"2025-06-08T19:56:18+00:00\" \/>\n<meta property=\"og:image\" content=\"https:\/\/lasentinelle.dz\/wp-content\/uploads\/2023\/06\/canicule.webp\" \/>\n\t<meta property=\"og:image:width\" content=\"835\" \/>\n\t<meta property=\"og:image:height\" content=\"430\" \/>\n\t<meta property=\"og:image:type\" content=\"image\/webp\" \/>\n<meta name=\"author\" content=\"admin\" \/>\n<meta name=\"twitter:card\" content=\"summary_large_image\" \/>\n<meta name=\"twitter:label1\" content=\"\u00c9crit par\" \/>\n\t<meta name=\"twitter:data1\" content=\"admin\" \/>\n\t<meta name=\"twitter:label2\" content=\"Dur\u00e9e de lecture estim\u00e9e\" \/>\n\t<meta name=\"twitter:data2\" content=\"4 minutes\" \/>\n<script type=\"application\/ld+json\" class=\"yoast-schema-graph\">{\"@context\":\"https:\\\/\\\/schema.org\",\"@graph\":[{\"@type\":\"Article\",\"@id\":\"https:\\\/\\\/lasentinelle.dz\\\/index.php\\\/2025\\\/06\\\/08\\\/les-temperatures-depasseront-les-44c-des-ce-lundi-une-vague-de-chaleur-exceptionnelle-annoncee\\\/#article\",\"isPartOf\":{\"@id\":\"https:\\\/\\\/lasentinelle.dz\\\/index.php\\\/2025\\\/06\\\/08\\\/les-temperatures-depasseront-les-44c-des-ce-lundi-une-vague-de-chaleur-exceptionnelle-annoncee\\\/\"},\"author\":{\"name\":\"admin\",\"@id\":\"https:\\\/\\\/lasentinelle.dz\\\/#\\\/schema\\\/person\\\/729ee0024f24e0b8c5ec17232f8e8b41\"},\"headline\":\"Les temp\u00e9ratures d\u00e9passeront les 44\u00b0C d\u00e8s ce lundi: Une vague de chaleur exceptionnelle annonc\u00e9e !\",\"datePublished\":\"2025-06-08T19:56:17+00:00\",\"dateModified\":\"2025-06-08T19:56:18+00:00\",\"mainEntityOfPage\":{\"@id\":\"https:\\\/\\\/lasentinelle.dz\\\/index.php\\\/2025\\\/06\\\/08\\\/les-temperatures-depasseront-les-44c-des-ce-lundi-une-vague-de-chaleur-exceptionnelle-annoncee\\\/\"},\"wordCount\":740,\"commentCount\":0,\"publisher\":{\"@id\":\"https:\\\/\\\/lasentinelle.dz\\\/#organization\"},\"image\":{\"@id\":\"https:\\\/\\\/lasentinelle.dz\\\/index.php\\\/2025\\\/06\\\/08\\\/les-temperatures-depasseront-les-44c-des-ce-lundi-une-vague-de-chaleur-exceptionnelle-annoncee\\\/#primaryimage\"},\"thumbnailUrl\":\"https:\\\/\\\/lasentinelle.dz\\\/wp-content\\\/uploads\\\/2023\\\/06\\\/canicule.webp\",\"articleSection\":[\"\u00c0 la Une\",\"Actualit\u00e9\"],\"inLanguage\":\"fr-FR\",\"potentialAction\":[{\"@type\":\"CommentAction\",\"name\":\"Comment\",\"target\":[\"https:\\\/\\\/lasentinelle.dz\\\/index.php\\\/2025\\\/06\\\/08\\\/les-temperatures-depasseront-les-44c-des-ce-lundi-une-vague-de-chaleur-exceptionnelle-annoncee\\\/#respond\"]}]},{\"@type\":\"WebPage\",\"@id\":\"https:\\\/\\\/lasentinelle.dz\\\/index.php\\\/2025\\\/06\\\/08\\\/les-temperatures-depasseront-les-44c-des-ce-lundi-une-vague-de-chaleur-exceptionnelle-annoncee\\\/\",\"url\":\"https:\\\/\\\/lasentinelle.dz\\\/index.php\\\/2025\\\/06\\\/08\\\/les-temperatures-depasseront-les-44c-des-ce-lundi-une-vague-de-chaleur-exceptionnelle-annoncee\\\/\",\"name\":\"Les temp\u00e9ratures d\u00e9passeront les 44\u00b0C d\u00e8s ce lundi: Une vague de chaleur exceptionnelle annonc\u00e9e ! - La Sentinelle\",\"isPartOf\":{\"@id\":\"https:\\\/\\\/lasentinelle.dz\\\/#website\"},\"primaryImageOfPage\":{\"@id\":\"https:\\\/\\\/lasentinelle.dz\\\/index.php\\\/2025\\\/06\\\/08\\\/les-temperatures-depasseront-les-44c-des-ce-lundi-une-vague-de-chaleur-exceptionnelle-annoncee\\\/#primaryimage\"},\"image\":{\"@id\":\"https:\\\/\\\/lasentinelle.dz\\\/index.php\\\/2025\\\/06\\\/08\\\/les-temperatures-depasseront-les-44c-des-ce-lundi-une-vague-de-chaleur-exceptionnelle-annoncee\\\/#primaryimage\"},\"thumbnailUrl\":\"https:\\\/\\\/lasentinelle.dz\\\/wp-content\\\/uploads\\\/2023\\\/06\\\/canicule.webp\",\"datePublished\":\"2025-06-08T19:56:17+00:00\",\"dateModified\":\"2025-06-08T19:56:18+00:00\",\"breadcrumb\":{\"@id\":\"https:\\\/\\\/lasentinelle.dz\\\/index.php\\\/2025\\\/06\\\/08\\\/les-temperatures-depasseront-les-44c-des-ce-lundi-une-vague-de-chaleur-exceptionnelle-annoncee\\\/#breadcrumb\"},\"inLanguage\":\"fr-FR\",\"potentialAction\":[{\"@type\":\"ReadAction\",\"target\":[\"https:\\\/\\\/lasentinelle.dz\\\/index.php\\\/2025\\\/06\\\/08\\\/les-temperatures-depasseront-les-44c-des-ce-lundi-une-vague-de-chaleur-exceptionnelle-annoncee\\\/\"]}]},{\"@type\":\"ImageObject\",\"inLanguage\":\"fr-FR\",\"@id\":\"https:\\\/\\\/lasentinelle.dz\\\/index.php\\\/2025\\\/06\\\/08\\\/les-temperatures-depasseront-les-44c-des-ce-lundi-une-vague-de-chaleur-exceptionnelle-annoncee\\\/#primaryimage\",\"url\":\"https:\\\/\\\/lasentinelle.dz\\\/wp-content\\\/uploads\\\/2023\\\/06\\\/canicule.webp\",\"contentUrl\":\"https:\\\/\\\/lasentinelle.dz\\\/wp-content\\\/uploads\\\/2023\\\/06\\\/canicule.webp\",\"width\":835,\"height\":430},{\"@type\":\"BreadcrumbList\",\"@id\":\"https:\\\/\\\/lasentinelle.dz\\\/index.php\\\/2025\\\/06\\\/08\\\/les-temperatures-depasseront-les-44c-des-ce-lundi-une-vague-de-chaleur-exceptionnelle-annoncee\\\/#breadcrumb\",\"itemListElement\":[{\"@type\":\"ListItem\",\"position\":1,\"name\":\"Accueil\",\"item\":\"https:\\\/\\\/lasentinelle.dz\\\/\"},{\"@type\":\"ListItem\",\"position\":2,\"name\":\"Les temp\u00e9ratures d\u00e9passeront les 44\u00b0C d\u00e8s ce lundi: Une vague de chaleur exceptionnelle annonc\u00e9e !\"}]},{\"@type\":\"WebSite\",\"@id\":\"https:\\\/\\\/lasentinelle.dz\\\/#website\",\"url\":\"https:\\\/\\\/lasentinelle.dz\\\/\",\"name\":\"La Sentinelle\",\"description\":\"Quotidien national d&#039;information\",\"publisher\":{\"@id\":\"https:\\\/\\\/lasentinelle.dz\\\/#organization\"},\"potentialAction\":[{\"@type\":\"SearchAction\",\"target\":{\"@type\":\"EntryPoint\",\"urlTemplate\":\"https:\\\/\\\/lasentinelle.dz\\\/?s={search_term_string}\"},\"query-input\":{\"@type\":\"PropertyValueSpecification\",\"valueRequired\":true,\"valueName\":\"search_term_string\"}}],\"inLanguage\":\"fr-FR\"},{\"@type\":\"Organization\",\"@id\":\"https:\\\/\\\/lasentinelle.dz\\\/#organization\",\"name\":\"Quotidien La Sentinelle\",\"url\":\"https:\\\/\\\/lasentinelle.dz\\\/\",\"logo\":{\"@type\":\"ImageObject\",\"inLanguage\":\"fr-FR\",\"@id\":\"https:\\\/\\\/lasentinelle.dz\\\/#\\\/schema\\\/logo\\\/image\\\/\",\"url\":\"https:\\\/\\\/lasentinelle.dz\\\/wp-content\\\/uploads\\\/2021\\\/09\\\/logo-sentinelleSLOGAN-1.png\",\"contentUrl\":\"https:\\\/\\\/lasentinelle.dz\\\/wp-content\\\/uploads\\\/2021\\\/09\\\/logo-sentinelleSLOGAN-1.png\",\"width\":615,\"height\":142,\"caption\":\"Quotidien La Sentinelle\"},\"image\":{\"@id\":\"https:\\\/\\\/lasentinelle.dz\\\/#\\\/schema\\\/logo\\\/image\\\/\"},\"sameAs\":[\"https:\\\/\\\/www.facebook.com\\\/La-Sentinelle-104059864394773\"]},{\"@type\":\"Person\",\"@id\":\"https:\\\/\\\/lasentinelle.dz\\\/#\\\/schema\\\/person\\\/729ee0024f24e0b8c5ec17232f8e8b41\",\"name\":\"admin\",\"image\":{\"@type\":\"ImageObject\",\"inLanguage\":\"fr-FR\",\"@id\":\"https:\\\/\\\/secure.gravatar.com\\\/avatar\\\/4c81fed838786e9b53f540bf46533e750f5d292099ae3b66cfc6fb1982e29df7?s=96&d=mm&r=g\",\"url\":\"https:\\\/\\\/secure.gravatar.com\\\/avatar\\\/4c81fed838786e9b53f540bf46533e750f5d292099ae3b66cfc6fb1982e29df7?s=96&d=mm&r=g\",\"contentUrl\":\"https:\\\/\\\/secure.gravatar.com\\\/avatar\\\/4c81fed838786e9b53f540bf46533e750f5d292099ae3b66cfc6fb1982e29df7?s=96&d=mm&r=g\",\"caption\":\"admin\"},\"description\":\"admin\",\"url\":\"https:\\\/\\\/lasentinelle.dz\\\/author\\\/admin\\\/\"}]}<\/script>\n<!-- \/ Yoast SEO plugin. -->","yoast_head_json":{"title":"Les temp\u00e9ratures d\u00e9passeront les 44\u00b0C d\u00e8s ce lundi: Une vague de chaleur exceptionnelle annonc\u00e9e ! - La Sentinelle","robots":{"index":"index","follow":"follow","max-snippet":"max-snippet:-1","max-image-preview":"max-image-preview:large","max-video-preview":"max-video-preview:-1"},"canonical":"https:\/\/lasentinelle.dz\/index.php\/2025\/06\/08\/les-temperatures-depasseront-les-44c-des-ce-lundi-une-vague-de-chaleur-exceptionnelle-annoncee\/","og_locale":"fr_FR","og_type":"article","og_title":"Les temp\u00e9ratures d\u00e9passeront les 44\u00b0C d\u00e8s ce lundi: Une vague de chaleur exceptionnelle annonc\u00e9e ! - La Sentinelle","og_description":"L&rsquo;Alg\u00e9rie s&rsquo;appr\u00eate \u00e0 affronter une vague de chaleur d&rsquo;une intensit\u00e9 exceptionnelle avec des temp\u00e9ratures qui d\u00e9passeront les 44\u00b0C d\u00e8s ce","og_url":"https:\/\/lasentinelle.dz\/index.php\/2025\/06\/08\/les-temperatures-depasseront-les-44c-des-ce-lundi-une-vague-de-chaleur-exceptionnelle-annoncee\/","og_site_name":"La Sentinelle","article_publisher":"https:\/\/www.facebook.com\/La-Sentinelle-104059864394773","article_published_time":"2025-06-08T19:56:17+00:00","article_modified_time":"2025-06-08T19:56:18+00:00","og_image":[{"width":835,"height":430,"url":"https:\/\/lasentinelle.dz\/wp-content\/uploads\/2023\/06\/canicule.webp","type":"image\/webp"}],"author":"admin","twitter_card":"summary_large_image","twitter_misc":{"\u00c9crit par":"admin","Dur\u00e9e de lecture estim\u00e9e":"4 minutes"},"schema":{"@context":"https:\/\/schema.org","@graph":[{"@type":"Article","@id":"https:\/\/lasentinelle.dz\/index.php\/2025\/06\/08\/les-temperatures-depasseront-les-44c-des-ce-lundi-une-vague-de-chaleur-exceptionnelle-annoncee\/#article","isPartOf":{"@id":"https:\/\/lasentinelle.dz\/index.php\/2025\/06\/08\/les-temperatures-depasseront-les-44c-des-ce-lundi-une-vague-de-chaleur-exceptionnelle-annoncee\/"},"author":{"name":"admin","@id":"https:\/\/lasentinelle.dz\/#\/schema\/person\/729ee0024f24e0b8c5ec17232f8e8b41"},"headline":"Les temp\u00e9ratures d\u00e9passeront les 44\u00b0C d\u00e8s ce lundi: Une vague de chaleur exceptionnelle annonc\u00e9e !","datePublished":"2025-06-08T19:56:17+00:00","dateModified":"2025-06-08T19:56:18+00:00","mainEntityOfPage":{"@id":"https:\/\/lasentinelle.dz\/index.php\/2025\/06\/08\/les-temperatures-depasseront-les-44c-des-ce-lundi-une-vague-de-chaleur-exceptionnelle-annoncee\/"},"wordCount":740,"commentCount":0,"publisher":{"@id":"https:\/\/lasentinelle.dz\/#organization"},"image":{"@id":"https:\/\/lasentinelle.dz\/index.php\/2025\/06\/08\/les-temperatures-depasseront-les-44c-des-ce-lundi-une-vague-de-chaleur-exceptionnelle-annoncee\/#primaryimage"},"thumbnailUrl":"https:\/\/lasentinelle.dz\/wp-content\/uploads\/2023\/06\/canicule.webp","articleSection":["\u00c0 la Une","Actualit\u00e9"],"inLanguage":"fr-FR","potentialAction":[{"@type":"CommentAction","name":"Comment","target":["https:\/\/lasentinelle.dz\/index.php\/2025\/06\/08\/les-temperatures-depasseront-les-44c-des-ce-lundi-une-vague-de-chaleur-exceptionnelle-annoncee\/#respond"]}]},{"@type":"WebPage","@id":"https:\/\/lasentinelle.dz\/index.php\/2025\/06\/08\/les-temperatures-depasseront-les-44c-des-ce-lundi-une-vague-de-chaleur-exceptionnelle-annoncee\/","url":"https:\/\/lasentinelle.dz\/index.php\/2025\/06\/08\/les-temperatures-depasseront-les-44c-des-ce-lundi-une-vague-de-chaleur-exceptionnelle-annoncee\/","name":"Les temp\u00e9ratures d\u00e9passeront les 44\u00b0C d\u00e8s ce lundi: Une vague de chaleur exceptionnelle annonc\u00e9e ! - La Sentinelle","isPartOf":{"@id":"https:\/\/lasentinelle.dz\/#website"},"primaryImageOfPage":{"@id":"https:\/\/lasentinelle.dz\/index.php\/2025\/06\/08\/les-temperatures-depasseront-les-44c-des-ce-lundi-une-vague-de-chaleur-exceptionnelle-annoncee\/#primaryimage"},"image":{"@id":"https:\/\/lasentinelle.dz\/index.php\/2025\/06\/08\/les-temperatures-depasseront-les-44c-des-ce-lundi-une-vague-de-chaleur-exceptionnelle-annoncee\/#primaryimage"},"thumbnailUrl":"https:\/\/lasentinelle.dz\/wp-content\/uploads\/2023\/06\/canicule.webp","datePublished":"2025-06-08T19:56:17+00:00","dateModified":"2025-06-08T19:56:18+00:00","breadcrumb":{"@id":"https:\/\/lasentinelle.dz\/index.php\/2025\/06\/08\/les-temperatures-depasseront-les-44c-des-ce-lundi-une-vague-de-chaleur-exceptionnelle-annoncee\/#breadcrumb"},"inLanguage":"fr-FR","potentialAction":[{"@type":"ReadAction","target":["https:\/\/lasentinelle.dz\/index.php\/2025\/06\/08\/les-temperatures-depasseront-les-44c-des-ce-lundi-une-vague-de-chaleur-exceptionnelle-annoncee\/"]}]},{"@type":"ImageObject","inLanguage":"fr-FR","@id":"https:\/\/lasentinelle.dz\/index.php\/2025\/06\/08\/les-temperatures-depasseront-les-44c-des-ce-lundi-une-vague-de-chaleur-exceptionnelle-annoncee\/#primaryimage","url":"https:\/\/lasentinelle.dz\/wp-content\/uploads\/2023\/06\/canicule.webp","contentUrl":"https:\/\/lasentinelle.dz\/wp-content\/uploads\/2023\/06\/canicule.webp","width":835,"height":430},{"@type":"BreadcrumbList","@id":"https:\/\/lasentinelle.dz\/index.php\/2025\/06\/08\/les-temperatures-depasseront-les-44c-des-ce-lundi-une-vague-de-chaleur-exceptionnelle-annoncee\/#breadcrumb","itemListElement":[{"@type":"ListItem","position":1,"name":"Accueil","item":"https:\/\/lasentinelle.dz\/"},{"@type":"ListItem","position":2,"name":"Les temp\u00e9ratures d\u00e9passeront les 44\u00b0C d\u00e8s ce lundi: Une vague de chaleur exceptionnelle annonc\u00e9e !"}]},{"@type":"WebSite","@id":"https:\/\/lasentinelle.dz\/#website","url":"https:\/\/lasentinelle.dz\/","name":"La Sentinelle","description":"Quotidien national d&#039;information","publisher":{"@id":"https:\/\/lasentinelle.dz\/#organization"},"potentialAction":[{"@type":"SearchAction","target":{"@type":"EntryPoint","urlTemplate":"https:\/\/lasentinelle.dz\/?s={search_term_string}"},"query-input":{"@type":"PropertyValueSpecification","valueRequired":true,"valueName":"search_term_string"}}],"inLanguage":"fr-FR"},{"@type":"Organization","@id":"https:\/\/lasentinelle.dz\/#organization","name":"Quotidien La Sentinelle","url":"https:\/\/lasentinelle.dz\/","logo":{"@type":"ImageObject","inLanguage":"fr-FR","@id":"https:\/\/lasentinelle.dz\/#\/schema\/logo\/image\/","url":"https:\/\/lasentinelle.dz\/wp-content\/uploads\/2021\/09\/logo-sentinelleSLOGAN-1.png","contentUrl":"https:\/\/lasentinelle.dz\/wp-content\/uploads\/2021\/09\/logo-sentinelleSLOGAN-1.png","width":615,"height":142,"caption":"Quotidien La Sentinelle"},"image":{"@id":"https:\/\/lasentinelle.dz\/#\/schema\/logo\/image\/"},"sameAs":["https:\/\/www.facebook.com\/La-Sentinelle-104059864394773"]},{"@type":"Person","@id":"https:\/\/lasentinelle.dz\/#\/schema\/person\/729ee0024f24e0b8c5ec17232f8e8b41","name":"admin","image":{"@type":"ImageObject","inLanguage":"fr-FR","@id":"https:\/\/secure.gravatar.com\/avatar\/4c81fed838786e9b53f540bf46533e750f5d292099ae3b66cfc6fb1982e29df7?s=96&d=mm&r=g","url":"https:\/\/secure.gravatar.com\/avatar\/4c81fed838786e9b53f540bf46533e750f5d292099ae3b66cfc6fb1982e29df7?s=96&d=mm&r=g","contentUrl":"https:\/\/secure.gravatar.com\/avatar\/4c81fed838786e9b53f540bf46533e750f5d292099ae3b66cfc6fb1982e29df7?s=96&d=mm&r=g","caption":"admin"},"description":"admin","url":"https:\/\/lasentinelle.dz\/author\/admin\/"}]}},"_links":{"self":[{"href":"https:\/\/lasentinelle.dz\/index.php\/wp-json\/wp\/v2\/posts\/68623","targetHints":{"allow":["GET"]}}],"collection":[{"href":"https:\/\/lasentinelle.dz\/index.php\/wp-json\/wp\/v2\/posts"}],"about":[{"href":"https:\/\/lasentinelle.dz\/index.php\/wp-json\/wp\/v2\/types\/post"}],"author":[{"embeddable":true,"href":"https:\/\/lasentinelle.dz\/index.php\/wp-json\/wp\/v2\/users\/6"}],"replies":[{"embeddable":true,"href":"https:\/\/lasentinelle.dz\/index.php\/wp-json\/wp\/v2\/comments?post=68623"}],"version-history":[{"count":1,"href":"https:\/\/lasentinelle.dz\/index.php\/wp-json\/wp\/v2\/posts\/68623\/revisions"}],"predecessor-version":[{"id":68624,"href":"https:\/\/lasentinelle.dz\/index.php\/wp-json\/wp\/v2\/posts\/68623\/revisions\/68624"}],"wp:featuredmedia":[{"embeddable":true,"href":"https:\/\/lasentinelle.dz\/index.php\/wp-json\/wp\/v2\/media\/42781"}],"wp:attachment":[{"href":"https:\/\/lasentinelle.dz\/index.php\/wp-json\/wp\/v2\/media?parent=68623"}],"wp:term":[{"taxonomy":"category","embeddable":true,"href":"https:\/\/lasentinelle.dz\/index.php\/wp-json\/wp\/v2\/categories?post=68623"},{"taxonomy":"post_tag","embeddable":true,"href":"https:\/\/lasentinelle.dz\/index.php\/wp-json\/wp\/v2\/tags?post=68623"}],"curies":[{"name":"wp","href":"https:\/\/api.w.org\/{rel}","templated":true}]}}