{"id":68625,"date":"2025-06-08T20:57:52","date_gmt":"2025-06-08T19:57:52","guid":{"rendered":"https:\/\/lasentinelle.dz\/?p=68625"},"modified":"2025-06-08T20:57:53","modified_gmt":"2025-06-08T19:57:53","slug":"la-campagne-de-collecte-de-peaux-de-moutons-mobilise-une-ressource-non-negligeable-pour-lindustrie-du-cuir","status":"publish","type":"post","link":"https:\/\/lasentinelle.dz\/index.php\/2025\/06\/08\/la-campagne-de-collecte-de-peaux-de-moutons-mobilise-une-ressource-non-negligeable-pour-lindustrie-du-cuir\/","title":{"rendered":"La campagne de collecte de peaux de moutons mobilise : Une ressource non-n\u00e9gligeable pour l&rsquo;industrie du cuir"},"content":{"rendered":"\n<p>La campagne nationale de collecte des peaux de moutons de l&rsquo;A\u00efd El-Adha 2025vient d&rsquo;\u00eatre cl\u00f4tur\u00e9e avec succ\u00e8s, et s&rsquo;est sold\u00e9e par des r\u00e9sultats importants pour la valorisation de cette ressource locale strat\u00e9gique pour les industries du cuir et du textile. Cette op\u00e9ration d&rsquo;envergure, orchestr\u00e9e par le minist\u00e8re de l&rsquo;Industrie en coordination avec de nombreux partenaires institutionnels et associatifs, t\u00e9moigne d&rsquo;une approche int\u00e9gr\u00e9e alliant d\u00e9veloppement \u00e9conomique et pr\u00e9servation environnementale. Selon Mokdad Agoun, directeur de la veille strat\u00e9gique au minist\u00e8re de l&rsquo;Industrie, \u00ab\u00a0l&rsquo;op\u00e9ration de collecte des peaux et de la laine des moutons sacrifi\u00e9s pour l&rsquo;ann\u00e9e 2025 se d\u00e9roule dans de bonnes conditions au niveau de toutes les wilayas, notamment dans les cinq wilayas pilotes, \u00e0 savoir Alger, Oran, Batna, Djelfa et Jijel\u00a0\u00bb.<\/p>\n\n\n\n<p>L&rsquo;ampleur de la mobilisation citoyenne constitue l&rsquo;un des \u00e9l\u00e9ments les plus remarquables de cette \u00e9dition 2025. Les autorit\u00e9s publiques ont constat\u00e9 \u00ab\u00a0une large adh\u00e9sion \u00e0 travers les diff\u00e9rentes wilayas du pays\u00a0\u00bb, a soulign\u00e9 le m\u00eame responsable \u00e0 l&rsquo;APS, traduisant une prise de conscience collective de l&rsquo;importance \u00e9conomique et environnementale de cette d\u00e9marche. Cette adh\u00e9sion massive s&rsquo;explique en partie par la campagne de sensibilisation d\u00e9ploy\u00e9e en amont, qui a permis d&rsquo;informer les citoyens sur les bonnes pratiques de conservation des peaux et l&rsquo;importance de leur contribution \u00e0 cette fili\u00e8re industrielle.<\/p>\n\n\n\n<p>L&rsquo;organisation logistique de cette op\u00e9ration r\u00e9v\u00e8le une planification minutieuse structur\u00e9e en deux phases distinctes. La premi\u00e8re phase, consacr\u00e9e \u00e0 la collecte et au transport des peaux vers les centres de tri, \u00ab\u00a0s&rsquo;est d\u00e9roul\u00e9e dans des conditions organis\u00e9es et rigoureuses, conform\u00e9ment au calendrier \u00e9tabli\u00a0\u00bb, selon les responsables du minist\u00e8re. Cette phase s&rsquo;est achev\u00e9e durant les deux premiers jours de l&rsquo;A\u00efd El-Adha, permettant une r\u00e9cup\u00e9ration optimis\u00e9e des ressources disponibles. La seconde phase, actuellement en cours de mise en \u0153uvre, concerne le traitement des peaux collect\u00e9es et se poursuivra jusqu&rsquo;\u00e0 la fin de la semaine, mobilisant les op\u00e9rateurs et professionnels locaux dans un effort coordonn\u00e9.<\/p>\n\n\n\n<p>Le groupe public Getex, sp\u00e9cialis\u00e9 dans l&rsquo;industrie du textile et du cuir, joue un r\u00f4le central dans cette op\u00e9ration en tant que \u00ab\u00a0partenaire cl\u00e9\u00a0\u00bb. Cette entreprise publique a d\u00e9j\u00e0 commenc\u00e9 \u00e0 r\u00e9ceptionner les peaux collect\u00e9es pour garantir leur transformation en mati\u00e8re premi\u00e8re de qualit\u00e9 destin\u00e9e aux industries nationales. L&rsquo;Alg\u00e9rienne des cuirs et d\u00e9riv\u00e9s (ACED), filiale du groupe Getex, avait fix\u00e9 des objectifs ambitieux pour cette campagne, tablant sur une collecte sup\u00e9rieure aux 500.000 peaux enregistr\u00e9es lors de l&rsquo;A\u00efd pr\u00e9c\u00e9dent.<\/p>\n\n\n\n<p>L&rsquo;innovation technologique accompagne cette d\u00e9marche traditionnelle \u00e0 travers le lancement de deux applications num\u00e9riques par le minist\u00e8re de l&rsquo;Industrie. La premi\u00e8re application, \u00ab\u00a0Mriguel Hidoura\u00a0\u00bb, offre aux citoyens la possibilit\u00e9 de localiser facilement les points de collecte gr\u00e2ce \u00e0 une carte interactive, facilitant ainsi leur participation \u00e0 l&rsquo;op\u00e9ration. La seconde application, \u00ab\u00a0Moustafid\u00a0\u00bb, permet aux citoyens de faire don de leurs peaux en ligne par l&rsquo;interm\u00e9diaire d&rsquo;un collecteur d\u00e9sign\u00e9, modernisant ainsi les modalit\u00e9s de participation citoyenne.<\/p>\n\n\n\n<p>Les r\u00e9sultats escompt\u00e9s de cette campagne sont particuli\u00e8rement prometteurs. L&rsquo;objectif fix\u00e9 par les autorit\u00e9s est \u00ab\u00a0d&rsquo;atteindre 40% de peaux r\u00e9cup\u00e9rables contre 29% l&rsquo;ann\u00e9e derni\u00e8re\u00a0\u00bb, repr\u00e9sentant une progression significative qui t\u00e9moigne de l&rsquo;efficacit\u00e9 des mesures mises en place et de l&rsquo;engagement croissant des citoyens. Cette am\u00e9lioration substantielle du taux de r\u00e9cup\u00e9ration illustre la maturation progressive de cette fili\u00e8re et l&rsquo;appropriation collective de ses enjeux.<\/p>\n\n\n\n<p>Au-del\u00e0 de sa dimension purement \u00e9conomique, cette op\u00e9ration s&rsquo;inscrit dans une d\u00e9marche environnementale responsable. La valorisation des peaux de moutons permet d&rsquo;\u00e9viter l&rsquo;enfouissement ou l&rsquo;abandon de d\u00e9chets organiques, contribuant ainsi \u00e0 la pr\u00e9servation de l&rsquo;environnement tout en cr\u00e9ant de la valeur ajout\u00e9e pour les industries nationales du cuir, de la chaussure, de la maroquinerie et du textile. Cette approche circulaire transforme un d\u00e9chet potentiel en ressource productive, illustrant les principes de l&rsquo;\u00e9conomie durable.<\/p>\n\n\n\n<p>La r\u00e9ussite de cette op\u00e9ration repose \u00e9galement sur un travail de sensibilisation approfondi men\u00e9 par les services des wilayas, qui ont diffus\u00e9 des consignes pratiques essentielles aux citoyens. Ces recommandations portent notamment sur l&rsquo;importance de ne pas laver les peaux, de les saler sur leur partie interne pour \u00e9viter leur d\u00e9t\u00e9rioration, et de les d\u00e9poser dans les points de collecte d\u00e9sign\u00e9s, tout en privil\u00e9giant les abattoirs publics agr\u00e9\u00e9s.<\/p>\n\n\n\n<p>Un rapport global sera \u00e9labor\u00e9 au terme de cette campagne, incluant une \u00e9valuation g\u00e9n\u00e9rale de l&rsquo;op\u00e9ration ainsi que les premiers indicateurs de son impact industriel et environnemental, permettant ainsi d&rsquo;optimiser les futures \u00e9ditions de cette initiative strat\u00e9gique pour le d\u00e9veloppement des fili\u00e8res industrielles nationales.<\/p>\n\n\n\n<p><strong>Lyna Larbi<\/strong><\/p>\n","protected":false},"excerpt":{"rendered":"<p>La campagne nationale de collecte des peaux de moutons de l&rsquo;A\u00efd El-Adha 2025vient d&rsquo;\u00eatre cl\u00f4tur\u00e9e avec succ\u00e8s, et s&rsquo;est sold\u00e9e<\/p>\n","protected":false},"author":6,"featured_media":68626,"comment_status":"open","ping_status":"closed","sticky":false,"template":"","format":"standard","meta":{"colormag_page_container_layout":"default_layout","colormag_page_sidebar_layout":"default_layout","om_disable_all_campaigns":false,"_monsterinsights_skip_tracking":false,"_monsterinsights_sitenote_active":false,"_monsterinsights_sitenote_note":"","_monsterinsights_sitenote_category":0,"footnotes":"","_wpscppro_dont_share_socialmedia":false,"_wpscppro_custom_social_share_image":0,"_facebook_share_type":"default","_twitter_share_type":"default","_linkedin_share_type":"default","_pinterest_share_type":"default","_linkedin_share_type_page":"","_instagram_share_type":"default","_medium_share_type":"default","_threads_share_type":"","_google_business_share_type":"","_selected_social_profile":[],"_wpsp_enable_custom_social_template":false,"_wpsp_social_scheduling":{"enabled":false,"datetime":null,"platforms":[],"status":"template_only","dateOption":"today","timeOption":"now","customDays":"","customHours":"","customDate":"","customTime":"","schedulingType":"absolute"},"_wpsp_active_default_template":true},"categories":[27],"tags":[],"class_list":["post-68625","post","type-post","status-publish","format-standard","has-post-thumbnail","hentry","category-actualite"],"aioseo_notices":[],"yoast_head":"<!-- This site is optimized with the Yoast SEO plugin v27.5 - https:\/\/yoast.com\/product\/yoast-seo-wordpress\/ -->\n<title>La campagne de collecte de peaux de moutons mobilise : Une ressource non-n\u00e9gligeable pour l&rsquo;industrie du cuir - La Sentinelle<\/title>\n<meta name=\"robots\" content=\"index, follow, max-snippet:-1, max-image-preview:large, max-video-preview:-1\" \/>\n<link rel=\"canonical\" href=\"https:\/\/lasentinelle.dz\/index.php\/2025\/06\/08\/la-campagne-de-collecte-de-peaux-de-moutons-mobilise-une-ressource-non-negligeable-pour-lindustrie-du-cuir\/\" \/>\n<meta property=\"og:locale\" content=\"fr_FR\" \/>\n<meta property=\"og:type\" content=\"article\" \/>\n<meta property=\"og:title\" content=\"La campagne de collecte de peaux de moutons mobilise : Une ressource non-n\u00e9gligeable pour l&rsquo;industrie du cuir - La Sentinelle\" \/>\n<meta property=\"og:description\" content=\"La campagne nationale de collecte des peaux de moutons de l&rsquo;A\u00efd El-Adha 2025vient d&rsquo;\u00eatre cl\u00f4tur\u00e9e avec succ\u00e8s, et s&rsquo;est sold\u00e9e\" \/>\n<meta property=\"og:url\" content=\"https:\/\/lasentinelle.dz\/index.php\/2025\/06\/08\/la-campagne-de-collecte-de-peaux-de-moutons-mobilise-une-ressource-non-negligeable-pour-lindustrie-du-cuir\/\" \/>\n<meta property=\"og:site_name\" content=\"La Sentinelle\" \/>\n<meta property=\"article:publisher\" content=\"https:\/\/www.facebook.com\/La-Sentinelle-104059864394773\" \/>\n<meta property=\"article:published_time\" content=\"2025-06-08T19:57:52+00:00\" \/>\n<meta property=\"article:modified_time\" content=\"2025-06-08T19:57:53+00:00\" \/>\n<meta property=\"og:image\" content=\"https:\/\/lasentinelle.dz\/wp-content\/uploads\/2025\/06\/peaux-moutons-collecte-1.webp\" \/>\n\t<meta property=\"og:image:width\" content=\"900\" \/>\n\t<meta property=\"og:image:height\" content=\"675\" \/>\n\t<meta property=\"og:image:type\" content=\"image\/webp\" \/>\n<meta name=\"author\" content=\"admin\" \/>\n<meta name=\"twitter:card\" content=\"summary_large_image\" \/>\n<meta name=\"twitter:label1\" content=\"\u00c9crit par\" \/>\n\t<meta name=\"twitter:data1\" content=\"admin\" \/>\n\t<meta name=\"twitter:label2\" content=\"Dur\u00e9e de lecture estim\u00e9e\" \/>\n\t<meta name=\"twitter:data2\" content=\"4 minutes\" \/>\n<script type=\"application\/ld+json\" class=\"yoast-schema-graph\">{\"@context\":\"https:\\\/\\\/schema.org\",\"@graph\":[{\"@type\":\"Article\",\"@id\":\"https:\\\/\\\/lasentinelle.dz\\\/index.php\\\/2025\\\/06\\\/08\\\/la-campagne-de-collecte-de-peaux-de-moutons-mobilise-une-ressource-non-negligeable-pour-lindustrie-du-cuir\\\/#article\",\"isPartOf\":{\"@id\":\"https:\\\/\\\/lasentinelle.dz\\\/index.php\\\/2025\\\/06\\\/08\\\/la-campagne-de-collecte-de-peaux-de-moutons-mobilise-une-ressource-non-negligeable-pour-lindustrie-du-cuir\\\/\"},\"author\":{\"name\":\"admin\",\"@id\":\"https:\\\/\\\/lasentinelle.dz\\\/#\\\/schema\\\/person\\\/729ee0024f24e0b8c5ec17232f8e8b41\"},\"headline\":\"La campagne de collecte de peaux de moutons mobilise : Une ressource non-n\u00e9gligeable pour l&rsquo;industrie du cuir\",\"datePublished\":\"2025-06-08T19:57:52+00:00\",\"dateModified\":\"2025-06-08T19:57:53+00:00\",\"mainEntityOfPage\":{\"@id\":\"https:\\\/\\\/lasentinelle.dz\\\/index.php\\\/2025\\\/06\\\/08\\\/la-campagne-de-collecte-de-peaux-de-moutons-mobilise-une-ressource-non-negligeable-pour-lindustrie-du-cuir\\\/\"},\"wordCount\":873,\"commentCount\":0,\"publisher\":{\"@id\":\"https:\\\/\\\/lasentinelle.dz\\\/#organization\"},\"image\":{\"@id\":\"https:\\\/\\\/lasentinelle.dz\\\/index.php\\\/2025\\\/06\\\/08\\\/la-campagne-de-collecte-de-peaux-de-moutons-mobilise-une-ressource-non-negligeable-pour-lindustrie-du-cuir\\\/#primaryimage\"},\"thumbnailUrl\":\"https:\\\/\\\/lasentinelle.dz\\\/wp-content\\\/uploads\\\/2025\\\/06\\\/peaux-moutons-collecte-1.webp\",\"articleSection\":[\"Actualit\u00e9\"],\"inLanguage\":\"fr-FR\",\"potentialAction\":[{\"@type\":\"CommentAction\",\"name\":\"Comment\",\"target\":[\"https:\\\/\\\/lasentinelle.dz\\\/index.php\\\/2025\\\/06\\\/08\\\/la-campagne-de-collecte-de-peaux-de-moutons-mobilise-une-ressource-non-negligeable-pour-lindustrie-du-cuir\\\/#respond\"]}]},{\"@type\":\"WebPage\",\"@id\":\"https:\\\/\\\/lasentinelle.dz\\\/index.php\\\/2025\\\/06\\\/08\\\/la-campagne-de-collecte-de-peaux-de-moutons-mobilise-une-ressource-non-negligeable-pour-lindustrie-du-cuir\\\/\",\"url\":\"https:\\\/\\\/lasentinelle.dz\\\/index.php\\\/2025\\\/06\\\/08\\\/la-campagne-de-collecte-de-peaux-de-moutons-mobilise-une-ressource-non-negligeable-pour-lindustrie-du-cuir\\\/\",\"name\":\"La campagne de collecte de peaux de moutons mobilise : Une ressource non-n\u00e9gligeable pour l&rsquo;industrie du cuir - La Sentinelle\",\"isPartOf\":{\"@id\":\"https:\\\/\\\/lasentinelle.dz\\\/#website\"},\"primaryImageOfPage\":{\"@id\":\"https:\\\/\\\/lasentinelle.dz\\\/index.php\\\/2025\\\/06\\\/08\\\/la-campagne-de-collecte-de-peaux-de-moutons-mobilise-une-ressource-non-negligeable-pour-lindustrie-du-cuir\\\/#primaryimage\"},\"image\":{\"@id\":\"https:\\\/\\\/lasentinelle.dz\\\/index.php\\\/2025\\\/06\\\/08\\\/la-campagne-de-collecte-de-peaux-de-moutons-mobilise-une-ressource-non-negligeable-pour-lindustrie-du-cuir\\\/#primaryimage\"},\"thumbnailUrl\":\"https:\\\/\\\/lasentinelle.dz\\\/wp-content\\\/uploads\\\/2025\\\/06\\\/peaux-moutons-collecte-1.webp\",\"datePublished\":\"2025-06-08T19:57:52+00:00\",\"dateModified\":\"2025-06-08T19:57:53+00:00\",\"breadcrumb\":{\"@id\":\"https:\\\/\\\/lasentinelle.dz\\\/index.php\\\/2025\\\/06\\\/08\\\/la-campagne-de-collecte-de-peaux-de-moutons-mobilise-une-ressource-non-negligeable-pour-lindustrie-du-cuir\\\/#breadcrumb\"},\"inLanguage\":\"fr-FR\",\"potentialAction\":[{\"@type\":\"ReadAction\",\"target\":[\"https:\\\/\\\/lasentinelle.dz\\\/index.php\\\/2025\\\/06\\\/08\\\/la-campagne-de-collecte-de-peaux-de-moutons-mobilise-une-ressource-non-negligeable-pour-lindustrie-du-cuir\\\/\"]}]},{\"@type\":\"ImageObject\",\"inLanguage\":\"fr-FR\",\"@id\":\"https:\\\/\\\/lasentinelle.dz\\\/index.php\\\/2025\\\/06\\\/08\\\/la-campagne-de-collecte-de-peaux-de-moutons-mobilise-une-ressource-non-negligeable-pour-lindustrie-du-cuir\\\/#primaryimage\",\"url\":\"https:\\\/\\\/lasentinelle.dz\\\/wp-content\\\/uploads\\\/2025\\\/06\\\/peaux-moutons-collecte-1.webp\",\"contentUrl\":\"https:\\\/\\\/lasentinelle.dz\\\/wp-content\\\/uploads\\\/2025\\\/06\\\/peaux-moutons-collecte-1.webp\",\"width\":900,\"height\":675},{\"@type\":\"BreadcrumbList\",\"@id\":\"https:\\\/\\\/lasentinelle.dz\\\/index.php\\\/2025\\\/06\\\/08\\\/la-campagne-de-collecte-de-peaux-de-moutons-mobilise-une-ressource-non-negligeable-pour-lindustrie-du-cuir\\\/#breadcrumb\",\"itemListElement\":[{\"@type\":\"ListItem\",\"position\":1,\"name\":\"Accueil\",\"item\":\"https:\\\/\\\/lasentinelle.dz\\\/\"},{\"@type\":\"ListItem\",\"position\":2,\"name\":\"La campagne de collecte de peaux de moutons mobilise : Une ressource non-n\u00e9gligeable pour l&rsquo;industrie du cuir\"}]},{\"@type\":\"WebSite\",\"@id\":\"https:\\\/\\\/lasentinelle.dz\\\/#website\",\"url\":\"https:\\\/\\\/lasentinelle.dz\\\/\",\"name\":\"La Sentinelle\",\"description\":\"Quotidien national d&#039;information\",\"publisher\":{\"@id\":\"https:\\\/\\\/lasentinelle.dz\\\/#organization\"},\"potentialAction\":[{\"@type\":\"SearchAction\",\"target\":{\"@type\":\"EntryPoint\",\"urlTemplate\":\"https:\\\/\\\/lasentinelle.dz\\\/?s={search_term_string}\"},\"query-input\":{\"@type\":\"PropertyValueSpecification\",\"valueRequired\":true,\"valueName\":\"search_term_string\"}}],\"inLanguage\":\"fr-FR\"},{\"@type\":\"Organization\",\"@id\":\"https:\\\/\\\/lasentinelle.dz\\\/#organization\",\"name\":\"Quotidien La Sentinelle\",\"url\":\"https:\\\/\\\/lasentinelle.dz\\\/\",\"logo\":{\"@type\":\"ImageObject\",\"inLanguage\":\"fr-FR\",\"@id\":\"https:\\\/\\\/lasentinelle.dz\\\/#\\\/schema\\\/logo\\\/image\\\/\",\"url\":\"https:\\\/\\\/lasentinelle.dz\\\/wp-content\\\/uploads\\\/2021\\\/09\\\/logo-sentinelleSLOGAN-1.png\",\"contentUrl\":\"https:\\\/\\\/lasentinelle.dz\\\/wp-content\\\/uploads\\\/2021\\\/09\\\/logo-sentinelleSLOGAN-1.png\",\"width\":615,\"height\":142,\"caption\":\"Quotidien La Sentinelle\"},\"image\":{\"@id\":\"https:\\\/\\\/lasentinelle.dz\\\/#\\\/schema\\\/logo\\\/image\\\/\"},\"sameAs\":[\"https:\\\/\\\/www.facebook.com\\\/La-Sentinelle-104059864394773\"]},{\"@type\":\"Person\",\"@id\":\"https:\\\/\\\/lasentinelle.dz\\\/#\\\/schema\\\/person\\\/729ee0024f24e0b8c5ec17232f8e8b41\",\"name\":\"admin\",\"image\":{\"@type\":\"ImageObject\",\"inLanguage\":\"fr-FR\",\"@id\":\"https:\\\/\\\/secure.gravatar.com\\\/avatar\\\/4c81fed838786e9b53f540bf46533e750f5d292099ae3b66cfc6fb1982e29df7?s=96&d=mm&r=g\",\"url\":\"https:\\\/\\\/secure.gravatar.com\\\/avatar\\\/4c81fed838786e9b53f540bf46533e750f5d292099ae3b66cfc6fb1982e29df7?s=96&d=mm&r=g\",\"contentUrl\":\"https:\\\/\\\/secure.gravatar.com\\\/avatar\\\/4c81fed838786e9b53f540bf46533e750f5d292099ae3b66cfc6fb1982e29df7?s=96&d=mm&r=g\",\"caption\":\"admin\"},\"description\":\"admin\",\"url\":\"https:\\\/\\\/lasentinelle.dz\\\/author\\\/admin\\\/\"}]}<\/script>\n<!-- \/ Yoast SEO plugin. -->","yoast_head_json":{"title":"La campagne de collecte de peaux de moutons mobilise : Une ressource non-n\u00e9gligeable pour l&rsquo;industrie du cuir - La Sentinelle","robots":{"index":"index","follow":"follow","max-snippet":"max-snippet:-1","max-image-preview":"max-image-preview:large","max-video-preview":"max-video-preview:-1"},"canonical":"https:\/\/lasentinelle.dz\/index.php\/2025\/06\/08\/la-campagne-de-collecte-de-peaux-de-moutons-mobilise-une-ressource-non-negligeable-pour-lindustrie-du-cuir\/","og_locale":"fr_FR","og_type":"article","og_title":"La campagne de collecte de peaux de moutons mobilise : Une ressource non-n\u00e9gligeable pour l&rsquo;industrie du cuir - La Sentinelle","og_description":"La campagne nationale de collecte des peaux de moutons de l&rsquo;A\u00efd El-Adha 2025vient d&rsquo;\u00eatre cl\u00f4tur\u00e9e avec succ\u00e8s, et s&rsquo;est sold\u00e9e","og_url":"https:\/\/lasentinelle.dz\/index.php\/2025\/06\/08\/la-campagne-de-collecte-de-peaux-de-moutons-mobilise-une-ressource-non-negligeable-pour-lindustrie-du-cuir\/","og_site_name":"La Sentinelle","article_publisher":"https:\/\/www.facebook.com\/La-Sentinelle-104059864394773","article_published_time":"2025-06-08T19:57:52+00:00","article_modified_time":"2025-06-08T19:57:53+00:00","og_image":[{"width":900,"height":675,"url":"https:\/\/lasentinelle.dz\/wp-content\/uploads\/2025\/06\/peaux-moutons-collecte-1.webp","type":"image\/webp"}],"author":"admin","twitter_card":"summary_large_image","twitter_misc":{"\u00c9crit par":"admin","Dur\u00e9e de lecture estim\u00e9e":"4 minutes"},"schema":{"@context":"https:\/\/schema.org","@graph":[{"@type":"Article","@id":"https:\/\/lasentinelle.dz\/index.php\/2025\/06\/08\/la-campagne-de-collecte-de-peaux-de-moutons-mobilise-une-ressource-non-negligeable-pour-lindustrie-du-cuir\/#article","isPartOf":{"@id":"https:\/\/lasentinelle.dz\/index.php\/2025\/06\/08\/la-campagne-de-collecte-de-peaux-de-moutons-mobilise-une-ressource-non-negligeable-pour-lindustrie-du-cuir\/"},"author":{"name":"admin","@id":"https:\/\/lasentinelle.dz\/#\/schema\/person\/729ee0024f24e0b8c5ec17232f8e8b41"},"headline":"La campagne de collecte de peaux de moutons mobilise : Une ressource non-n\u00e9gligeable pour l&rsquo;industrie du cuir","datePublished":"2025-06-08T19:57:52+00:00","dateModified":"2025-06-08T19:57:53+00:00","mainEntityOfPage":{"@id":"https:\/\/lasentinelle.dz\/index.php\/2025\/06\/08\/la-campagne-de-collecte-de-peaux-de-moutons-mobilise-une-ressource-non-negligeable-pour-lindustrie-du-cuir\/"},"wordCount":873,"commentCount":0,"publisher":{"@id":"https:\/\/lasentinelle.dz\/#organization"},"image":{"@id":"https:\/\/lasentinelle.dz\/index.php\/2025\/06\/08\/la-campagne-de-collecte-de-peaux-de-moutons-mobilise-une-ressource-non-negligeable-pour-lindustrie-du-cuir\/#primaryimage"},"thumbnailUrl":"https:\/\/lasentinelle.dz\/wp-content\/uploads\/2025\/06\/peaux-moutons-collecte-1.webp","articleSection":["Actualit\u00e9"],"inLanguage":"fr-FR","potentialAction":[{"@type":"CommentAction","name":"Comment","target":["https:\/\/lasentinelle.dz\/index.php\/2025\/06\/08\/la-campagne-de-collecte-de-peaux-de-moutons-mobilise-une-ressource-non-negligeable-pour-lindustrie-du-cuir\/#respond"]}]},{"@type":"WebPage","@id":"https:\/\/lasentinelle.dz\/index.php\/2025\/06\/08\/la-campagne-de-collecte-de-peaux-de-moutons-mobilise-une-ressource-non-negligeable-pour-lindustrie-du-cuir\/","url":"https:\/\/lasentinelle.dz\/index.php\/2025\/06\/08\/la-campagne-de-collecte-de-peaux-de-moutons-mobilise-une-ressource-non-negligeable-pour-lindustrie-du-cuir\/","name":"La campagne de collecte de peaux de moutons mobilise : Une ressource non-n\u00e9gligeable pour l&rsquo;industrie du cuir - La Sentinelle","isPartOf":{"@id":"https:\/\/lasentinelle.dz\/#website"},"primaryImageOfPage":{"@id":"https:\/\/lasentinelle.dz\/index.php\/2025\/06\/08\/la-campagne-de-collecte-de-peaux-de-moutons-mobilise-une-ressource-non-negligeable-pour-lindustrie-du-cuir\/#primaryimage"},"image":{"@id":"https:\/\/lasentinelle.dz\/index.php\/2025\/06\/08\/la-campagne-de-collecte-de-peaux-de-moutons-mobilise-une-ressource-non-negligeable-pour-lindustrie-du-cuir\/#primaryimage"},"thumbnailUrl":"https:\/\/lasentinelle.dz\/wp-content\/uploads\/2025\/06\/peaux-moutons-collecte-1.webp","datePublished":"2025-06-08T19:57:52+00:00","dateModified":"2025-06-08T19:57:53+00:00","breadcrumb":{"@id":"https:\/\/lasentinelle.dz\/index.php\/2025\/06\/08\/la-campagne-de-collecte-de-peaux-de-moutons-mobilise-une-ressource-non-negligeable-pour-lindustrie-du-cuir\/#breadcrumb"},"inLanguage":"fr-FR","potentialAction":[{"@type":"ReadAction","target":["https:\/\/lasentinelle.dz\/index.php\/2025\/06\/08\/la-campagne-de-collecte-de-peaux-de-moutons-mobilise-une-ressource-non-negligeable-pour-lindustrie-du-cuir\/"]}]},{"@type":"ImageObject","inLanguage":"fr-FR","@id":"https:\/\/lasentinelle.dz\/index.php\/2025\/06\/08\/la-campagne-de-collecte-de-peaux-de-moutons-mobilise-une-ressource-non-negligeable-pour-lindustrie-du-cuir\/#primaryimage","url":"https:\/\/lasentinelle.dz\/wp-content\/uploads\/2025\/06\/peaux-moutons-collecte-1.webp","contentUrl":"https:\/\/lasentinelle.dz\/wp-content\/uploads\/2025\/06\/peaux-moutons-collecte-1.webp","width":900,"height":675},{"@type":"BreadcrumbList","@id":"https:\/\/lasentinelle.dz\/index.php\/2025\/06\/08\/la-campagne-de-collecte-de-peaux-de-moutons-mobilise-une-ressource-non-negligeable-pour-lindustrie-du-cuir\/#breadcrumb","itemListElement":[{"@type":"ListItem","position":1,"name":"Accueil","item":"https:\/\/lasentinelle.dz\/"},{"@type":"ListItem","position":2,"name":"La campagne de collecte de peaux de moutons mobilise : Une ressource non-n\u00e9gligeable pour l&rsquo;industrie du cuir"}]},{"@type":"WebSite","@id":"https:\/\/lasentinelle.dz\/#website","url":"https:\/\/lasentinelle.dz\/","name":"La Sentinelle","description":"Quotidien national d&#039;information","publisher":{"@id":"https:\/\/lasentinelle.dz\/#organization"},"potentialAction":[{"@type":"SearchAction","target":{"@type":"EntryPoint","urlTemplate":"https:\/\/lasentinelle.dz\/?s={search_term_string}"},"query-input":{"@type":"PropertyValueSpecification","valueRequired":true,"valueName":"search_term_string"}}],"inLanguage":"fr-FR"},{"@type":"Organization","@id":"https:\/\/lasentinelle.dz\/#organization","name":"Quotidien La Sentinelle","url":"https:\/\/lasentinelle.dz\/","logo":{"@type":"ImageObject","inLanguage":"fr-FR","@id":"https:\/\/lasentinelle.dz\/#\/schema\/logo\/image\/","url":"https:\/\/lasentinelle.dz\/wp-content\/uploads\/2021\/09\/logo-sentinelleSLOGAN-1.png","contentUrl":"https:\/\/lasentinelle.dz\/wp-content\/uploads\/2021\/09\/logo-sentinelleSLOGAN-1.png","width":615,"height":142,"caption":"Quotidien La Sentinelle"},"image":{"@id":"https:\/\/lasentinelle.dz\/#\/schema\/logo\/image\/"},"sameAs":["https:\/\/www.facebook.com\/La-Sentinelle-104059864394773"]},{"@type":"Person","@id":"https:\/\/lasentinelle.dz\/#\/schema\/person\/729ee0024f24e0b8c5ec17232f8e8b41","name":"admin","image":{"@type":"ImageObject","inLanguage":"fr-FR","@id":"https:\/\/secure.gravatar.com\/avatar\/4c81fed838786e9b53f540bf46533e750f5d292099ae3b66cfc6fb1982e29df7?s=96&d=mm&r=g","url":"https:\/\/secure.gravatar.com\/avatar\/4c81fed838786e9b53f540bf46533e750f5d292099ae3b66cfc6fb1982e29df7?s=96&d=mm&r=g","contentUrl":"https:\/\/secure.gravatar.com\/avatar\/4c81fed838786e9b53f540bf46533e750f5d292099ae3b66cfc6fb1982e29df7?s=96&d=mm&r=g","caption":"admin"},"description":"admin","url":"https:\/\/lasentinelle.dz\/author\/admin\/"}]}},"_links":{"self":[{"href":"https:\/\/lasentinelle.dz\/index.php\/wp-json\/wp\/v2\/posts\/68625","targetHints":{"allow":["GET"]}}],"collection":[{"href":"https:\/\/lasentinelle.dz\/index.php\/wp-json\/wp\/v2\/posts"}],"about":[{"href":"https:\/\/lasentinelle.dz\/index.php\/wp-json\/wp\/v2\/types\/post"}],"author":[{"embeddable":true,"href":"https:\/\/lasentinelle.dz\/index.php\/wp-json\/wp\/v2\/users\/6"}],"replies":[{"embeddable":true,"href":"https:\/\/lasentinelle.dz\/index.php\/wp-json\/wp\/v2\/comments?post=68625"}],"version-history":[{"count":2,"href":"https:\/\/lasentinelle.dz\/index.php\/wp-json\/wp\/v2\/posts\/68625\/revisions"}],"predecessor-version":[{"id":68628,"href":"https:\/\/lasentinelle.dz\/index.php\/wp-json\/wp\/v2\/posts\/68625\/revisions\/68628"}],"wp:featuredmedia":[{"embeddable":true,"href":"https:\/\/lasentinelle.dz\/index.php\/wp-json\/wp\/v2\/media\/68626"}],"wp:attachment":[{"href":"https:\/\/lasentinelle.dz\/index.php\/wp-json\/wp\/v2\/media?parent=68625"}],"wp:term":[{"taxonomy":"category","embeddable":true,"href":"https:\/\/lasentinelle.dz\/index.php\/wp-json\/wp\/v2\/categories?post=68625"},{"taxonomy":"post_tag","embeddable":true,"href":"https:\/\/lasentinelle.dz\/index.php\/wp-json\/wp\/v2\/tags?post=68625"}],"curies":[{"name":"wp","href":"https:\/\/api.w.org\/{rel}","templated":true}]}}