{"id":68672,"date":"2025-06-10T11:56:58","date_gmt":"2025-06-10T10:56:58","guid":{"rendered":"https:\/\/lasentinelle.dz\/?p=68672"},"modified":"2025-06-10T11:56:59","modified_gmt":"2025-06-10T10:56:59","slug":"dedoublement-de-la-route-nationale-3-mise-en-service-dun-nouveau-troncon","status":"publish","type":"post","link":"https:\/\/lasentinelle.dz\/index.php\/2025\/06\/10\/dedoublement-de-la-route-nationale-3-mise-en-service-dun-nouveau-troncon\/","title":{"rendered":"D\u00e9doublement de la\u00a0Route Nationale 3\u00a0: Mise en service d&rsquo;un nouveau tron\u00e7on\u00a0"},"content":{"rendered":"\n<p>Un tron\u00e7on du d\u00e9doublement de la Route Nationale 3 dans la wilaya de Biskra&nbsp;a \u00e9t\u00e9 mis en service. Cette r\u00e9alisation, qui s&rsquo;inscrit dans le vaste programme de modernisation du r\u00e9seau routier national, t\u00e9moigne de la volont\u00e9 des pouvoirs publics d&rsquo;am\u00e9liorer les liaisons entre le nord et le sud du pays tout en r\u00e9pondant aux exigences croissantes du trafic automobile.&nbsp;Selon les informations communiqu\u00e9es ce lundi par Ali Tekar, directeur local des Travaux Publics de Biskra, un segment de 7 kilom\u00e8tres du d\u00e9doublement de la Route Nationale 3, reliant cette wilaya \u00e0 celle d&rsquo;El Meghaier, a \u00e9t\u00e9 officiellement ouvert \u00e0 la circulation. Cette mise en service intervient apr\u00e8s l&rsquo;ach\u00e8vement complet des ouvrages d&rsquo;art et des travaux de rev\u00eatement, marquant une \u00e9tape importante dans la r\u00e9alisation de ce projet d&rsquo;envergure nationale.<\/p>\n\n\n\n<p>Le tron\u00e7on inaugur\u00e9 s&rsquo;\u00e9tend du point kilom\u00e9trique 363 au point kilom\u00e9trique 370, traversant le territoire de la commune d&rsquo;Oumeche. Sa mise en exploitation effective s&rsquo;est concr\u00e9tis\u00e9e \u00e0 la fin de la semaine derni\u00e8re, permettant d\u00e9sormais aux usagers de b\u00e9n\u00e9ficier d&rsquo;une infrastructure routi\u00e8re moderne et s\u00e9curis\u00e9e sur ce segment particuli\u00e8rement fr\u00e9quent\u00e9. Cette r\u00e9alisation r\u00e9pond aux standards les plus \u00e9lev\u00e9s en mati\u00e8re d&rsquo;am\u00e9nagement routier, avec des caract\u00e9ristiques techniques adapt\u00e9es au volume et \u00e0 la nature du trafic qui emprunte quotidiennement cet axe vital.<\/p>\n\n\n\n<p>Cette nouvelle section s&rsquo;int\u00e8gre dans un projet plus vaste couvrant 26 kilom\u00e8tres sur le territoire de la commune d&rsquo;Oumeche, dans la wilaya de Biskra. Pour faciliter la r\u00e9alisation et optimiser la gestion des travaux, ce projet d&rsquo;ensemble a \u00e9t\u00e9 subdivis\u00e9 en trois segments distincts, permettant une approche par phases qui garantit une meilleure ma\u00eetrise des d\u00e9lais et de la qualit\u00e9 d&rsquo;ex\u00e9cution. Cette m\u00e9thodologie de d\u00e9coupage permet \u00e9galement de maintenir une continuit\u00e9 du service public m\u00eame pendant la dur\u00e9e des travaux.<\/p>\n\n\n\n<p>Le calendrier de r\u00e9alisation t\u00e9moigne d&rsquo;une planification rigoureuse et d&rsquo;un suivi m\u00e9ticuleux des travaux. Le premier segment de ce tron\u00e7on de 26 kilom\u00e8tres avait d\u00e9j\u00e0 \u00e9t\u00e9 mis en service au d\u00e9but de l&rsquo;ann\u00e9e 2025, d\u00e9montrant la r\u00e9gularit\u00e9 dans l&rsquo;avancement des travaux. Cette progression constante illustre l&rsquo;efficacit\u00e9 de la coordination entre les diff\u00e9rents intervenants du projet et la qualit\u00e9 du suivi technique assur\u00e9 par les services comp\u00e9tents.<\/p>\n\n\n\n<p>L&rsquo;ach\u00e8vement du projet est programm\u00e9 pour la fin du mois d&rsquo;ao\u00fbt prochain avec la r\u00e9ception et la mise en exploitation du troisi\u00e8me et dernier segment restant. Ce tron\u00e7on final, d&rsquo;une longueur de 13 kilom\u00e8tres, viendra compl\u00e9ter cet ensemble infrastructurel strat\u00e9gique. Une fois enti\u00e8rement r\u00e9alis\u00e9, ce projet offrira aux usagers une infrastructure routi\u00e8re totalement renouvel\u00e9e sur 26 kilom\u00e8tres, contribuant significativement \u00e0 l&rsquo;am\u00e9lioration des conditions de circulation dans cette r\u00e9gion.<\/p>\n\n\n\n<p>L&rsquo;importance strat\u00e9gique de la Route Nationale 3 ne peut \u00eatre sous-estim\u00e9e dans l&rsquo;architecture du r\u00e9seau routier alg\u00e9rien. Cet axe majeur assure la liaison entre les wilayas de Skikda, au nord, et d&rsquo;Illizi, dans l&rsquo;extr\u00eame sud du pays, constituant ainsi l&rsquo;une des art\u00e8res principales du territoire national. Cette route repr\u00e9sente un maillon essentiel dans la cha\u00eene logistique nationale, facilitant les \u00e9changes \u00e9conomiques et les d\u00e9placements de personnes entre les r\u00e9gions septentrionales et m\u00e9ridionales de l&rsquo;Alg\u00e9rie.<\/p>\n\n\n\n<p>Le directeur local des Travaux Publics a soulign\u00e9 que cette infrastructure supporte quotidiennement un trafic dense et diversifi\u00e9, accueillant des v\u00e9hicules de toutes cat\u00e9gories et de tous gabarits. Cette intensit\u00e9 de circulation justifie pleinement les investissements consentis pour son d\u00e9doublement et sa modernisation. Le passage de cette route en configuration \u00e0 double voie permettra non seulement d&rsquo;am\u00e9liorer la fluidit\u00e9 du trafic mais \u00e9galement de renforcer significativement la s\u00e9curit\u00e9 routi\u00e8re sur cet axe particuli\u00e8rement sollicit\u00e9.<\/p>\n\n\n\n<p>Lyna Larbi<\/p>\n","protected":false},"excerpt":{"rendered":"<p>Un tron\u00e7on du d\u00e9doublement de la Route Nationale 3 dans la wilaya de Biskra&nbsp;a \u00e9t\u00e9 mis en service. Cette r\u00e9alisation,<\/p>\n","protected":false},"author":6,"featured_media":44628,"comment_status":"open","ping_status":"closed","sticky":false,"template":"","format":"standard","meta":{"colormag_page_container_layout":"default_layout","colormag_page_sidebar_layout":"default_layout","om_disable_all_campaigns":false,"_monsterinsights_skip_tracking":false,"_monsterinsights_sitenote_active":false,"_monsterinsights_sitenote_note":"","_monsterinsights_sitenote_category":0,"footnotes":"","_wpscppro_dont_share_socialmedia":false,"_wpscppro_custom_social_share_image":0,"_facebook_share_type":"default","_twitter_share_type":"default","_linkedin_share_type":"default","_pinterest_share_type":"default","_linkedin_share_type_page":"","_instagram_share_type":"default","_medium_share_type":"default","_threads_share_type":"","_google_business_share_type":"","_selected_social_profile":[],"_wpsp_enable_custom_social_template":false,"_wpsp_social_scheduling":{"enabled":false,"datetime":null,"platforms":[],"status":"template_only","dateOption":"today","timeOption":"now","customDays":"","customHours":"","customDate":"","customTime":"","schedulingType":"absolute"},"_wpsp_active_default_template":true},"categories":[27],"tags":[],"class_list":["post-68672","post","type-post","status-publish","format-standard","has-post-thumbnail","hentry","category-actualite"],"aioseo_notices":[],"yoast_head":"<!-- This site is optimized with the Yoast SEO plugin v27.5 - https:\/\/yoast.com\/product\/yoast-seo-wordpress\/ -->\n<title>D\u00e9doublement de la\u00a0Route Nationale 3\u00a0: Mise en service d&rsquo;un nouveau tron\u00e7on\u00a0 - La Sentinelle<\/title>\n<meta name=\"robots\" content=\"index, follow, max-snippet:-1, max-image-preview:large, max-video-preview:-1\" \/>\n<link rel=\"canonical\" href=\"https:\/\/lasentinelle.dz\/index.php\/2025\/06\/10\/dedoublement-de-la-route-nationale-3-mise-en-service-dun-nouveau-troncon\/\" \/>\n<meta property=\"og:locale\" content=\"fr_FR\" \/>\n<meta property=\"og:type\" content=\"article\" \/>\n<meta property=\"og:title\" content=\"D\u00e9doublement de la\u00a0Route Nationale 3\u00a0: Mise en service d&rsquo;un nouveau tron\u00e7on\u00a0 - La Sentinelle\" \/>\n<meta property=\"og:description\" content=\"Un tron\u00e7on du d\u00e9doublement de la Route Nationale 3 dans la wilaya de Biskra&nbsp;a \u00e9t\u00e9 mis en service. Cette r\u00e9alisation,\" \/>\n<meta property=\"og:url\" content=\"https:\/\/lasentinelle.dz\/index.php\/2025\/06\/10\/dedoublement-de-la-route-nationale-3-mise-en-service-dun-nouveau-troncon\/\" \/>\n<meta property=\"og:site_name\" content=\"La Sentinelle\" \/>\n<meta property=\"article:publisher\" content=\"https:\/\/www.facebook.com\/La-Sentinelle-104059864394773\" \/>\n<meta property=\"article:published_time\" content=\"2025-06-10T10:56:58+00:00\" \/>\n<meta property=\"article:modified_time\" content=\"2025-06-10T10:56:59+00:00\" \/>\n<meta property=\"og:image\" content=\"https:\/\/lasentinelle.dz\/wp-content\/uploads\/2023\/08\/travaux-route.jpeg\" \/>\n\t<meta property=\"og:image:width\" content=\"1200\" \/>\n\t<meta property=\"og:image:height\" content=\"900\" \/>\n\t<meta property=\"og:image:type\" content=\"image\/jpeg\" \/>\n<meta name=\"author\" content=\"admin\" \/>\n<meta name=\"twitter:card\" content=\"summary_large_image\" \/>\n<meta name=\"twitter:label1\" content=\"\u00c9crit par\" \/>\n\t<meta name=\"twitter:data1\" content=\"admin\" \/>\n\t<meta name=\"twitter:label2\" content=\"Dur\u00e9e de lecture estim\u00e9e\" \/>\n\t<meta name=\"twitter:data2\" content=\"4 minutes\" \/>\n<script type=\"application\/ld+json\" class=\"yoast-schema-graph\">{\"@context\":\"https:\\\/\\\/schema.org\",\"@graph\":[{\"@type\":\"Article\",\"@id\":\"https:\\\/\\\/lasentinelle.dz\\\/index.php\\\/2025\\\/06\\\/10\\\/dedoublement-de-la-route-nationale-3-mise-en-service-dun-nouveau-troncon\\\/#article\",\"isPartOf\":{\"@id\":\"https:\\\/\\\/lasentinelle.dz\\\/index.php\\\/2025\\\/06\\\/10\\\/dedoublement-de-la-route-nationale-3-mise-en-service-dun-nouveau-troncon\\\/\"},\"author\":{\"name\":\"admin\",\"@id\":\"https:\\\/\\\/lasentinelle.dz\\\/#\\\/schema\\\/person\\\/729ee0024f24e0b8c5ec17232f8e8b41\"},\"headline\":\"D\u00e9doublement de la\u00a0Route Nationale 3\u00a0: Mise en service d&rsquo;un nouveau tron\u00e7on\u00a0\",\"datePublished\":\"2025-06-10T10:56:58+00:00\",\"dateModified\":\"2025-06-10T10:56:59+00:00\",\"mainEntityOfPage\":{\"@id\":\"https:\\\/\\\/lasentinelle.dz\\\/index.php\\\/2025\\\/06\\\/10\\\/dedoublement-de-la-route-nationale-3-mise-en-service-dun-nouveau-troncon\\\/\"},\"wordCount\":697,\"commentCount\":0,\"publisher\":{\"@id\":\"https:\\\/\\\/lasentinelle.dz\\\/#organization\"},\"image\":{\"@id\":\"https:\\\/\\\/lasentinelle.dz\\\/index.php\\\/2025\\\/06\\\/10\\\/dedoublement-de-la-route-nationale-3-mise-en-service-dun-nouveau-troncon\\\/#primaryimage\"},\"thumbnailUrl\":\"https:\\\/\\\/lasentinelle.dz\\\/wp-content\\\/uploads\\\/2023\\\/08\\\/travaux-route.jpeg\",\"articleSection\":[\"Actualit\u00e9\"],\"inLanguage\":\"fr-FR\",\"potentialAction\":[{\"@type\":\"CommentAction\",\"name\":\"Comment\",\"target\":[\"https:\\\/\\\/lasentinelle.dz\\\/index.php\\\/2025\\\/06\\\/10\\\/dedoublement-de-la-route-nationale-3-mise-en-service-dun-nouveau-troncon\\\/#respond\"]}]},{\"@type\":\"WebPage\",\"@id\":\"https:\\\/\\\/lasentinelle.dz\\\/index.php\\\/2025\\\/06\\\/10\\\/dedoublement-de-la-route-nationale-3-mise-en-service-dun-nouveau-troncon\\\/\",\"url\":\"https:\\\/\\\/lasentinelle.dz\\\/index.php\\\/2025\\\/06\\\/10\\\/dedoublement-de-la-route-nationale-3-mise-en-service-dun-nouveau-troncon\\\/\",\"name\":\"D\u00e9doublement de la\u00a0Route Nationale 3\u00a0: Mise en service d&rsquo;un nouveau tron\u00e7on\u00a0 - La Sentinelle\",\"isPartOf\":{\"@id\":\"https:\\\/\\\/lasentinelle.dz\\\/#website\"},\"primaryImageOfPage\":{\"@id\":\"https:\\\/\\\/lasentinelle.dz\\\/index.php\\\/2025\\\/06\\\/10\\\/dedoublement-de-la-route-nationale-3-mise-en-service-dun-nouveau-troncon\\\/#primaryimage\"},\"image\":{\"@id\":\"https:\\\/\\\/lasentinelle.dz\\\/index.php\\\/2025\\\/06\\\/10\\\/dedoublement-de-la-route-nationale-3-mise-en-service-dun-nouveau-troncon\\\/#primaryimage\"},\"thumbnailUrl\":\"https:\\\/\\\/lasentinelle.dz\\\/wp-content\\\/uploads\\\/2023\\\/08\\\/travaux-route.jpeg\",\"datePublished\":\"2025-06-10T10:56:58+00:00\",\"dateModified\":\"2025-06-10T10:56:59+00:00\",\"breadcrumb\":{\"@id\":\"https:\\\/\\\/lasentinelle.dz\\\/index.php\\\/2025\\\/06\\\/10\\\/dedoublement-de-la-route-nationale-3-mise-en-service-dun-nouveau-troncon\\\/#breadcrumb\"},\"inLanguage\":\"fr-FR\",\"potentialAction\":[{\"@type\":\"ReadAction\",\"target\":[\"https:\\\/\\\/lasentinelle.dz\\\/index.php\\\/2025\\\/06\\\/10\\\/dedoublement-de-la-route-nationale-3-mise-en-service-dun-nouveau-troncon\\\/\"]}]},{\"@type\":\"ImageObject\",\"inLanguage\":\"fr-FR\",\"@id\":\"https:\\\/\\\/lasentinelle.dz\\\/index.php\\\/2025\\\/06\\\/10\\\/dedoublement-de-la-route-nationale-3-mise-en-service-dun-nouveau-troncon\\\/#primaryimage\",\"url\":\"https:\\\/\\\/lasentinelle.dz\\\/wp-content\\\/uploads\\\/2023\\\/08\\\/travaux-route.jpeg\",\"contentUrl\":\"https:\\\/\\\/lasentinelle.dz\\\/wp-content\\\/uploads\\\/2023\\\/08\\\/travaux-route.jpeg\",\"width\":1200,\"height\":900},{\"@type\":\"BreadcrumbList\",\"@id\":\"https:\\\/\\\/lasentinelle.dz\\\/index.php\\\/2025\\\/06\\\/10\\\/dedoublement-de-la-route-nationale-3-mise-en-service-dun-nouveau-troncon\\\/#breadcrumb\",\"itemListElement\":[{\"@type\":\"ListItem\",\"position\":1,\"name\":\"Accueil\",\"item\":\"https:\\\/\\\/lasentinelle.dz\\\/\"},{\"@type\":\"ListItem\",\"position\":2,\"name\":\"D\u00e9doublement de la\u00a0Route Nationale 3\u00a0: Mise en service d&rsquo;un nouveau tron\u00e7on\u00a0\"}]},{\"@type\":\"WebSite\",\"@id\":\"https:\\\/\\\/lasentinelle.dz\\\/#website\",\"url\":\"https:\\\/\\\/lasentinelle.dz\\\/\",\"name\":\"La Sentinelle\",\"description\":\"Quotidien national d&#039;information\",\"publisher\":{\"@id\":\"https:\\\/\\\/lasentinelle.dz\\\/#organization\"},\"potentialAction\":[{\"@type\":\"SearchAction\",\"target\":{\"@type\":\"EntryPoint\",\"urlTemplate\":\"https:\\\/\\\/lasentinelle.dz\\\/?s={search_term_string}\"},\"query-input\":{\"@type\":\"PropertyValueSpecification\",\"valueRequired\":true,\"valueName\":\"search_term_string\"}}],\"inLanguage\":\"fr-FR\"},{\"@type\":\"Organization\",\"@id\":\"https:\\\/\\\/lasentinelle.dz\\\/#organization\",\"name\":\"Quotidien La Sentinelle\",\"url\":\"https:\\\/\\\/lasentinelle.dz\\\/\",\"logo\":{\"@type\":\"ImageObject\",\"inLanguage\":\"fr-FR\",\"@id\":\"https:\\\/\\\/lasentinelle.dz\\\/#\\\/schema\\\/logo\\\/image\\\/\",\"url\":\"https:\\\/\\\/lasentinelle.dz\\\/wp-content\\\/uploads\\\/2021\\\/09\\\/logo-sentinelleSLOGAN-1.png\",\"contentUrl\":\"https:\\\/\\\/lasentinelle.dz\\\/wp-content\\\/uploads\\\/2021\\\/09\\\/logo-sentinelleSLOGAN-1.png\",\"width\":615,\"height\":142,\"caption\":\"Quotidien La Sentinelle\"},\"image\":{\"@id\":\"https:\\\/\\\/lasentinelle.dz\\\/#\\\/schema\\\/logo\\\/image\\\/\"},\"sameAs\":[\"https:\\\/\\\/www.facebook.com\\\/La-Sentinelle-104059864394773\"]},{\"@type\":\"Person\",\"@id\":\"https:\\\/\\\/lasentinelle.dz\\\/#\\\/schema\\\/person\\\/729ee0024f24e0b8c5ec17232f8e8b41\",\"name\":\"admin\",\"image\":{\"@type\":\"ImageObject\",\"inLanguage\":\"fr-FR\",\"@id\":\"https:\\\/\\\/secure.gravatar.com\\\/avatar\\\/4c81fed838786e9b53f540bf46533e750f5d292099ae3b66cfc6fb1982e29df7?s=96&d=mm&r=g\",\"url\":\"https:\\\/\\\/secure.gravatar.com\\\/avatar\\\/4c81fed838786e9b53f540bf46533e750f5d292099ae3b66cfc6fb1982e29df7?s=96&d=mm&r=g\",\"contentUrl\":\"https:\\\/\\\/secure.gravatar.com\\\/avatar\\\/4c81fed838786e9b53f540bf46533e750f5d292099ae3b66cfc6fb1982e29df7?s=96&d=mm&r=g\",\"caption\":\"admin\"},\"description\":\"admin\",\"url\":\"https:\\\/\\\/lasentinelle.dz\\\/author\\\/admin\\\/\"}]}<\/script>\n<!-- \/ Yoast SEO plugin. -->","yoast_head_json":{"title":"D\u00e9doublement de la\u00a0Route Nationale 3\u00a0: Mise en service d&rsquo;un nouveau tron\u00e7on\u00a0 - La Sentinelle","robots":{"index":"index","follow":"follow","max-snippet":"max-snippet:-1","max-image-preview":"max-image-preview:large","max-video-preview":"max-video-preview:-1"},"canonical":"https:\/\/lasentinelle.dz\/index.php\/2025\/06\/10\/dedoublement-de-la-route-nationale-3-mise-en-service-dun-nouveau-troncon\/","og_locale":"fr_FR","og_type":"article","og_title":"D\u00e9doublement de la\u00a0Route Nationale 3\u00a0: Mise en service d&rsquo;un nouveau tron\u00e7on\u00a0 - La Sentinelle","og_description":"Un tron\u00e7on du d\u00e9doublement de la Route Nationale 3 dans la wilaya de Biskra&nbsp;a \u00e9t\u00e9 mis en service. Cette r\u00e9alisation,","og_url":"https:\/\/lasentinelle.dz\/index.php\/2025\/06\/10\/dedoublement-de-la-route-nationale-3-mise-en-service-dun-nouveau-troncon\/","og_site_name":"La Sentinelle","article_publisher":"https:\/\/www.facebook.com\/La-Sentinelle-104059864394773","article_published_time":"2025-06-10T10:56:58+00:00","article_modified_time":"2025-06-10T10:56:59+00:00","og_image":[{"width":1200,"height":900,"url":"https:\/\/lasentinelle.dz\/wp-content\/uploads\/2023\/08\/travaux-route.jpeg","type":"image\/jpeg"}],"author":"admin","twitter_card":"summary_large_image","twitter_misc":{"\u00c9crit par":"admin","Dur\u00e9e de lecture estim\u00e9e":"4 minutes"},"schema":{"@context":"https:\/\/schema.org","@graph":[{"@type":"Article","@id":"https:\/\/lasentinelle.dz\/index.php\/2025\/06\/10\/dedoublement-de-la-route-nationale-3-mise-en-service-dun-nouveau-troncon\/#article","isPartOf":{"@id":"https:\/\/lasentinelle.dz\/index.php\/2025\/06\/10\/dedoublement-de-la-route-nationale-3-mise-en-service-dun-nouveau-troncon\/"},"author":{"name":"admin","@id":"https:\/\/lasentinelle.dz\/#\/schema\/person\/729ee0024f24e0b8c5ec17232f8e8b41"},"headline":"D\u00e9doublement de la\u00a0Route Nationale 3\u00a0: Mise en service d&rsquo;un nouveau tron\u00e7on\u00a0","datePublished":"2025-06-10T10:56:58+00:00","dateModified":"2025-06-10T10:56:59+00:00","mainEntityOfPage":{"@id":"https:\/\/lasentinelle.dz\/index.php\/2025\/06\/10\/dedoublement-de-la-route-nationale-3-mise-en-service-dun-nouveau-troncon\/"},"wordCount":697,"commentCount":0,"publisher":{"@id":"https:\/\/lasentinelle.dz\/#organization"},"image":{"@id":"https:\/\/lasentinelle.dz\/index.php\/2025\/06\/10\/dedoublement-de-la-route-nationale-3-mise-en-service-dun-nouveau-troncon\/#primaryimage"},"thumbnailUrl":"https:\/\/lasentinelle.dz\/wp-content\/uploads\/2023\/08\/travaux-route.jpeg","articleSection":["Actualit\u00e9"],"inLanguage":"fr-FR","potentialAction":[{"@type":"CommentAction","name":"Comment","target":["https:\/\/lasentinelle.dz\/index.php\/2025\/06\/10\/dedoublement-de-la-route-nationale-3-mise-en-service-dun-nouveau-troncon\/#respond"]}]},{"@type":"WebPage","@id":"https:\/\/lasentinelle.dz\/index.php\/2025\/06\/10\/dedoublement-de-la-route-nationale-3-mise-en-service-dun-nouveau-troncon\/","url":"https:\/\/lasentinelle.dz\/index.php\/2025\/06\/10\/dedoublement-de-la-route-nationale-3-mise-en-service-dun-nouveau-troncon\/","name":"D\u00e9doublement de la\u00a0Route Nationale 3\u00a0: Mise en service d&rsquo;un nouveau tron\u00e7on\u00a0 - La Sentinelle","isPartOf":{"@id":"https:\/\/lasentinelle.dz\/#website"},"primaryImageOfPage":{"@id":"https:\/\/lasentinelle.dz\/index.php\/2025\/06\/10\/dedoublement-de-la-route-nationale-3-mise-en-service-dun-nouveau-troncon\/#primaryimage"},"image":{"@id":"https:\/\/lasentinelle.dz\/index.php\/2025\/06\/10\/dedoublement-de-la-route-nationale-3-mise-en-service-dun-nouveau-troncon\/#primaryimage"},"thumbnailUrl":"https:\/\/lasentinelle.dz\/wp-content\/uploads\/2023\/08\/travaux-route.jpeg","datePublished":"2025-06-10T10:56:58+00:00","dateModified":"2025-06-10T10:56:59+00:00","breadcrumb":{"@id":"https:\/\/lasentinelle.dz\/index.php\/2025\/06\/10\/dedoublement-de-la-route-nationale-3-mise-en-service-dun-nouveau-troncon\/#breadcrumb"},"inLanguage":"fr-FR","potentialAction":[{"@type":"ReadAction","target":["https:\/\/lasentinelle.dz\/index.php\/2025\/06\/10\/dedoublement-de-la-route-nationale-3-mise-en-service-dun-nouveau-troncon\/"]}]},{"@type":"ImageObject","inLanguage":"fr-FR","@id":"https:\/\/lasentinelle.dz\/index.php\/2025\/06\/10\/dedoublement-de-la-route-nationale-3-mise-en-service-dun-nouveau-troncon\/#primaryimage","url":"https:\/\/lasentinelle.dz\/wp-content\/uploads\/2023\/08\/travaux-route.jpeg","contentUrl":"https:\/\/lasentinelle.dz\/wp-content\/uploads\/2023\/08\/travaux-route.jpeg","width":1200,"height":900},{"@type":"BreadcrumbList","@id":"https:\/\/lasentinelle.dz\/index.php\/2025\/06\/10\/dedoublement-de-la-route-nationale-3-mise-en-service-dun-nouveau-troncon\/#breadcrumb","itemListElement":[{"@type":"ListItem","position":1,"name":"Accueil","item":"https:\/\/lasentinelle.dz\/"},{"@type":"ListItem","position":2,"name":"D\u00e9doublement de la\u00a0Route Nationale 3\u00a0: Mise en service d&rsquo;un nouveau tron\u00e7on\u00a0"}]},{"@type":"WebSite","@id":"https:\/\/lasentinelle.dz\/#website","url":"https:\/\/lasentinelle.dz\/","name":"La Sentinelle","description":"Quotidien national d&#039;information","publisher":{"@id":"https:\/\/lasentinelle.dz\/#organization"},"potentialAction":[{"@type":"SearchAction","target":{"@type":"EntryPoint","urlTemplate":"https:\/\/lasentinelle.dz\/?s={search_term_string}"},"query-input":{"@type":"PropertyValueSpecification","valueRequired":true,"valueName":"search_term_string"}}],"inLanguage":"fr-FR"},{"@type":"Organization","@id":"https:\/\/lasentinelle.dz\/#organization","name":"Quotidien La Sentinelle","url":"https:\/\/lasentinelle.dz\/","logo":{"@type":"ImageObject","inLanguage":"fr-FR","@id":"https:\/\/lasentinelle.dz\/#\/schema\/logo\/image\/","url":"https:\/\/lasentinelle.dz\/wp-content\/uploads\/2021\/09\/logo-sentinelleSLOGAN-1.png","contentUrl":"https:\/\/lasentinelle.dz\/wp-content\/uploads\/2021\/09\/logo-sentinelleSLOGAN-1.png","width":615,"height":142,"caption":"Quotidien La Sentinelle"},"image":{"@id":"https:\/\/lasentinelle.dz\/#\/schema\/logo\/image\/"},"sameAs":["https:\/\/www.facebook.com\/La-Sentinelle-104059864394773"]},{"@type":"Person","@id":"https:\/\/lasentinelle.dz\/#\/schema\/person\/729ee0024f24e0b8c5ec17232f8e8b41","name":"admin","image":{"@type":"ImageObject","inLanguage":"fr-FR","@id":"https:\/\/secure.gravatar.com\/avatar\/4c81fed838786e9b53f540bf46533e750f5d292099ae3b66cfc6fb1982e29df7?s=96&d=mm&r=g","url":"https:\/\/secure.gravatar.com\/avatar\/4c81fed838786e9b53f540bf46533e750f5d292099ae3b66cfc6fb1982e29df7?s=96&d=mm&r=g","contentUrl":"https:\/\/secure.gravatar.com\/avatar\/4c81fed838786e9b53f540bf46533e750f5d292099ae3b66cfc6fb1982e29df7?s=96&d=mm&r=g","caption":"admin"},"description":"admin","url":"https:\/\/lasentinelle.dz\/author\/admin\/"}]}},"_links":{"self":[{"href":"https:\/\/lasentinelle.dz\/index.php\/wp-json\/wp\/v2\/posts\/68672","targetHints":{"allow":["GET"]}}],"collection":[{"href":"https:\/\/lasentinelle.dz\/index.php\/wp-json\/wp\/v2\/posts"}],"about":[{"href":"https:\/\/lasentinelle.dz\/index.php\/wp-json\/wp\/v2\/types\/post"}],"author":[{"embeddable":true,"href":"https:\/\/lasentinelle.dz\/index.php\/wp-json\/wp\/v2\/users\/6"}],"replies":[{"embeddable":true,"href":"https:\/\/lasentinelle.dz\/index.php\/wp-json\/wp\/v2\/comments?post=68672"}],"version-history":[{"count":2,"href":"https:\/\/lasentinelle.dz\/index.php\/wp-json\/wp\/v2\/posts\/68672\/revisions"}],"predecessor-version":[{"id":68674,"href":"https:\/\/lasentinelle.dz\/index.php\/wp-json\/wp\/v2\/posts\/68672\/revisions\/68674"}],"wp:featuredmedia":[{"embeddable":true,"href":"https:\/\/lasentinelle.dz\/index.php\/wp-json\/wp\/v2\/media\/44628"}],"wp:attachment":[{"href":"https:\/\/lasentinelle.dz\/index.php\/wp-json\/wp\/v2\/media?parent=68672"}],"wp:term":[{"taxonomy":"category","embeddable":true,"href":"https:\/\/lasentinelle.dz\/index.php\/wp-json\/wp\/v2\/categories?post=68672"},{"taxonomy":"post_tag","embeddable":true,"href":"https:\/\/lasentinelle.dz\/index.php\/wp-json\/wp\/v2\/tags?post=68672"}],"curies":[{"name":"wp","href":"https:\/\/api.w.org\/{rel}","templated":true}]}}