{"id":68742,"date":"2025-06-11T13:13:45","date_gmt":"2025-06-11T12:13:45","guid":{"rendered":"https:\/\/lasentinelle.dz\/?p=68742"},"modified":"2025-06-11T13:13:57","modified_gmt":"2025-06-11T12:13:57","slug":"banque-mondiale-les-previsions-de-croissance-mondiale-revues-a-la-baisse","status":"publish","type":"post","link":"https:\/\/lasentinelle.dz\/index.php\/2025\/06\/11\/banque-mondiale-les-previsions-de-croissance-mondiale-revues-a-la-baisse\/","title":{"rendered":"Banque mondiale\u00a0: Les pr\u00e9visions de croissance mondiale revues \u00e0 la baisse"},"content":{"rendered":"\n<p>La Banque mondiale a proc\u00e9d\u00e9 mardi \u00e0 une r\u00e9vision significative \u00e0 la baisse de ses pr\u00e9visions de croissance \u00e9conomique mondiale pour 2025, ramenant ses anticipations \u00e0 2,3% contre des projections initiales nettement plus optimistes, soit une r\u00e9duction de 0,4 point de pourcentage qui t\u00e9moigne de la d\u00e9gradation du climat \u00e9conomique international. Cette r\u00e9vision s&rsquo;inscrit dans une tendance baissi\u00e8re confirm\u00e9e par les derni\u00e8res perspectives publi\u00e9es par le Fonds mon\u00e9taire international et l&rsquo;Organisation de coop\u00e9ration et de d\u00e9veloppement \u00e9conomique, validant ainsi le ralentissement en cours de l&rsquo;\u00e9conomie plan\u00e9taire. L&rsquo;institution de&nbsp;Bretton Woods&nbsp;explique cette d\u00e9t\u00e9rioration des perspectives par les effets persistants de la hausse des droits de douane aux \u00c9tats-Unis et l&rsquo;intensification des tensions commerciales qu&rsquo;elle a provoqu\u00e9e entre Washington et P\u00e9kin, cr\u00e9ant un climat d&rsquo;incertitude qui p\u00e8se lourdement sur les \u00e9changes commerciaux mondiaux. Malgr\u00e9 cette r\u00e9vision pessimiste, la Banque mondiale \u00e9carte toutefois le sc\u00e9nario d&rsquo;une r\u00e9cession mondiale pour cette ann\u00e9e, maintenant un optimisme prudent quant \u00e0 la r\u00e9silience de l&rsquo;\u00e9conomie globale. Les perspectives pour l&rsquo;\u00e9conomie am\u00e9ricaine illustrent parfaitement cette morosit\u00e9 ambiante, avec une r\u00e9vision drastique \u00e0 la baisse d&rsquo;un point de pourcentage par rapport aux pr\u00e9visions de janvier, limitant la croissance attendue \u00e0 1,4% pour 2025 avant une reprise tr\u00e8s modeste \u00e0 1,6% en 2026. L&rsquo;\u00e9conomie de la zone euro n&rsquo;\u00e9chappe pas \u00e0 cette tendance d\u00e9primante, perdant 0,3 point de pourcentage par rapport au pr\u00e9c\u00e9dent rapport avec une croissance anticip\u00e9e \u00e0 seulement 0,7% cette ann\u00e9e, et des perspectives \u00e0 peine meilleures pour 2026 avec 0,8% de croissance pr\u00e9vue. Les \u00e9conomies en d\u00e9veloppement, traditionnellement moteurs de la croissance mondiale, ne sont pas \u00e9pargn\u00e9es par cette morosit\u00e9 g\u00e9n\u00e9ralis\u00e9e, avec une croissance attendue de 3,8% cette ann\u00e9e avant une l\u00e9g\u00e8re remont\u00e9e \u00e0 3,9% en 2026 et 2027, soit une performance inf\u00e9rieure d&rsquo;un point de pourcentage en moyenne par rapport \u00e0 la d\u00e9cennie 2010. Cette sous-performance des pays \u00e9mergents illustre leur vuln\u00e9rabilit\u00e9 aux chocs externes et aux turbulences commerciales internationales. Parmi les grandes \u00e9conomies \u00e9mergentes, la Chine devrait enregistrer une croissance de 4,5% cette ann\u00e9e, performance honorable mais refl\u00e9tant le ralentissement structurel de l&rsquo;\u00e9conomie chinoise dans un contexte de tensions commerciales accrues avec les \u00c9tats-Unis. L&rsquo;Inde se distingue avec une croissance pr\u00e9vue de 6,3% en 2025, confirmant son statut de locomotive \u00e9conomique r\u00e9gionale malgr\u00e9 les vents contraires mondiaux. La Banque mondiale souligne n\u00e9anmoins que le reste du monde pourrait b\u00e9n\u00e9ficier d&rsquo;un rebond significatif en cas de r\u00e9duction des tensions commerciales entre les principales \u00e9conomies mondiales, ce qui aurait un effet positif imm\u00e9diat en r\u00e9duisant les incertitudes politiques et la volatilit\u00e9 financi\u00e8re observ\u00e9es ces derniers mois.&nbsp;<\/p>\n\n\n\n<p><strong>L&rsquo;Alg\u00e9rie \u00e0 contre-courant de la morosit\u00e9 mondiale<\/strong><\/p>\n\n\n\n<p>Dans ce contexte \u00e9conomique mondial d\u00e9grad\u00e9, l&rsquo;Alg\u00e9rie fait figure d&rsquo;exception notable avec une performance remarquable qui contraste avec la tendance g\u00e9n\u00e9rale de ralentissement. Selon le rapport annuel de la Banque mondiale sur l&rsquo;\u00e9conomie alg\u00e9rienne, le pays a enregistr\u00e9 une croissance impressionnante de son PIB r\u00e9el de 4,8% en 2024, largement sup\u00e9rieure aux moyennes mondiales et port\u00e9e principalement par les secteurs non li\u00e9s aux hydrocarbures, t\u00e9moignant d&rsquo;un d\u00e9but prometteur de diversification \u00e9conomique. Cette dynamique positive s&rsquo;accompagne d&rsquo;une ma\u00eetrise remarquable de l&rsquo;inflation, chut\u00e9e de 9,3% en 2023 \u00e0 4% en 2024, gr\u00e2ce \u00e0 la baisse des prix agricoles et \u00e0 l&rsquo;autorisation d&rsquo;importation des viandes. Pour 2025, les perspectives alg\u00e9riennes demeurent favorables avec une hausse attendue de la production et des exportations d&rsquo;hydrocarbures, consolidant ainsi la position du pays comme l&rsquo;une des rares \u00e9conomies \u00e0 r\u00e9sister efficacement aux turbulences \u00e9conomiques mondiales.<\/p>\n\n\n\n<p>Amar Malki<\/p>\n","protected":false},"excerpt":{"rendered":"<p>La Banque mondiale a proc\u00e9d\u00e9 mardi \u00e0 une r\u00e9vision significative \u00e0 la baisse de ses pr\u00e9visions de croissance \u00e9conomique mondiale<\/p>\n","protected":false},"author":6,"featured_media":10575,"comment_status":"open","ping_status":"closed","sticky":false,"template":"","format":"standard","meta":{"colormag_page_container_layout":"default_layout","colormag_page_sidebar_layout":"default_layout","om_disable_all_campaigns":false,"_monsterinsights_skip_tracking":false,"_monsterinsights_sitenote_active":false,"_monsterinsights_sitenote_note":"","_monsterinsights_sitenote_category":0,"footnotes":"","_wpscppro_dont_share_socialmedia":false,"_wpscppro_custom_social_share_image":0,"_facebook_share_type":"default","_twitter_share_type":"default","_linkedin_share_type":"default","_pinterest_share_type":"default","_linkedin_share_type_page":"","_instagram_share_type":"default","_medium_share_type":"default","_threads_share_type":"","_google_business_share_type":"","_selected_social_profile":[],"_wpsp_enable_custom_social_template":false,"_wpsp_social_scheduling":{"enabled":false,"datetime":null,"platforms":[],"status":"template_only","dateOption":"today","timeOption":"now","customDays":"","customHours":"","customDate":"","customTime":"","schedulingType":"absolute"},"_wpsp_active_default_template":true},"categories":[29],"tags":[],"class_list":["post-68742","post","type-post","status-publish","format-standard","has-post-thumbnail","hentry","category-economie"],"aioseo_notices":[],"yoast_head":"<!-- This site is optimized with the Yoast SEO plugin v27.5 - https:\/\/yoast.com\/product\/yoast-seo-wordpress\/ -->\n<title>Banque mondiale\u00a0: Les pr\u00e9visions de croissance mondiale revues \u00e0 la baisse - La Sentinelle<\/title>\n<meta name=\"robots\" content=\"index, follow, max-snippet:-1, max-image-preview:large, max-video-preview:-1\" \/>\n<link rel=\"canonical\" href=\"https:\/\/lasentinelle.dz\/index.php\/2025\/06\/11\/banque-mondiale-les-previsions-de-croissance-mondiale-revues-a-la-baisse\/\" \/>\n<meta property=\"og:locale\" content=\"fr_FR\" \/>\n<meta property=\"og:type\" content=\"article\" \/>\n<meta property=\"og:title\" content=\"Banque mondiale\u00a0: Les pr\u00e9visions de croissance mondiale revues \u00e0 la baisse - La Sentinelle\" \/>\n<meta property=\"og:description\" content=\"La Banque mondiale a proc\u00e9d\u00e9 mardi \u00e0 une r\u00e9vision significative \u00e0 la baisse de ses pr\u00e9visions de croissance \u00e9conomique mondiale\" \/>\n<meta property=\"og:url\" content=\"https:\/\/lasentinelle.dz\/index.php\/2025\/06\/11\/banque-mondiale-les-previsions-de-croissance-mondiale-revues-a-la-baisse\/\" \/>\n<meta property=\"og:site_name\" content=\"La Sentinelle\" \/>\n<meta property=\"article:publisher\" content=\"https:\/\/www.facebook.com\/La-Sentinelle-104059864394773\" \/>\n<meta property=\"article:published_time\" content=\"2025-06-11T12:13:45+00:00\" \/>\n<meta property=\"article:modified_time\" content=\"2025-06-11T12:13:57+00:00\" \/>\n<meta property=\"og:image\" content=\"https:\/\/lasentinelle.dz\/wp-content\/uploads\/2021\/10\/banque-mondiale-1.jpeg\" \/>\n\t<meta property=\"og:image:width\" content=\"798\" \/>\n\t<meta property=\"og:image:height\" content=\"532\" \/>\n\t<meta property=\"og:image:type\" content=\"image\/jpeg\" \/>\n<meta name=\"author\" content=\"admin\" \/>\n<meta name=\"twitter:card\" content=\"summary_large_image\" \/>\n<meta name=\"twitter:label1\" content=\"\u00c9crit par\" \/>\n\t<meta name=\"twitter:data1\" content=\"admin\" \/>\n\t<meta name=\"twitter:label2\" content=\"Dur\u00e9e de lecture estim\u00e9e\" \/>\n\t<meta name=\"twitter:data2\" content=\"4 minutes\" \/>\n<script type=\"application\/ld+json\" class=\"yoast-schema-graph\">{\"@context\":\"https:\\\/\\\/schema.org\",\"@graph\":[{\"@type\":\"Article\",\"@id\":\"https:\\\/\\\/lasentinelle.dz\\\/index.php\\\/2025\\\/06\\\/11\\\/banque-mondiale-les-previsions-de-croissance-mondiale-revues-a-la-baisse\\\/#article\",\"isPartOf\":{\"@id\":\"https:\\\/\\\/lasentinelle.dz\\\/index.php\\\/2025\\\/06\\\/11\\\/banque-mondiale-les-previsions-de-croissance-mondiale-revues-a-la-baisse\\\/\"},\"author\":{\"name\":\"admin\",\"@id\":\"https:\\\/\\\/lasentinelle.dz\\\/#\\\/schema\\\/person\\\/729ee0024f24e0b8c5ec17232f8e8b41\"},\"headline\":\"Banque mondiale\u00a0: Les pr\u00e9visions de croissance mondiale revues \u00e0 la baisse\",\"datePublished\":\"2025-06-11T12:13:45+00:00\",\"dateModified\":\"2025-06-11T12:13:57+00:00\",\"mainEntityOfPage\":{\"@id\":\"https:\\\/\\\/lasentinelle.dz\\\/index.php\\\/2025\\\/06\\\/11\\\/banque-mondiale-les-previsions-de-croissance-mondiale-revues-a-la-baisse\\\/\"},\"wordCount\":644,\"commentCount\":0,\"publisher\":{\"@id\":\"https:\\\/\\\/lasentinelle.dz\\\/#organization\"},\"image\":{\"@id\":\"https:\\\/\\\/lasentinelle.dz\\\/index.php\\\/2025\\\/06\\\/11\\\/banque-mondiale-les-previsions-de-croissance-mondiale-revues-a-la-baisse\\\/#primaryimage\"},\"thumbnailUrl\":\"https:\\\/\\\/lasentinelle.dz\\\/wp-content\\\/uploads\\\/2021\\\/10\\\/banque-mondiale-1.jpeg\",\"articleSection\":[\"\u00c9conomie\"],\"inLanguage\":\"fr-FR\",\"potentialAction\":[{\"@type\":\"CommentAction\",\"name\":\"Comment\",\"target\":[\"https:\\\/\\\/lasentinelle.dz\\\/index.php\\\/2025\\\/06\\\/11\\\/banque-mondiale-les-previsions-de-croissance-mondiale-revues-a-la-baisse\\\/#respond\"]}]},{\"@type\":\"WebPage\",\"@id\":\"https:\\\/\\\/lasentinelle.dz\\\/index.php\\\/2025\\\/06\\\/11\\\/banque-mondiale-les-previsions-de-croissance-mondiale-revues-a-la-baisse\\\/\",\"url\":\"https:\\\/\\\/lasentinelle.dz\\\/index.php\\\/2025\\\/06\\\/11\\\/banque-mondiale-les-previsions-de-croissance-mondiale-revues-a-la-baisse\\\/\",\"name\":\"Banque mondiale\u00a0: Les pr\u00e9visions de croissance mondiale revues \u00e0 la baisse - La Sentinelle\",\"isPartOf\":{\"@id\":\"https:\\\/\\\/lasentinelle.dz\\\/#website\"},\"primaryImageOfPage\":{\"@id\":\"https:\\\/\\\/lasentinelle.dz\\\/index.php\\\/2025\\\/06\\\/11\\\/banque-mondiale-les-previsions-de-croissance-mondiale-revues-a-la-baisse\\\/#primaryimage\"},\"image\":{\"@id\":\"https:\\\/\\\/lasentinelle.dz\\\/index.php\\\/2025\\\/06\\\/11\\\/banque-mondiale-les-previsions-de-croissance-mondiale-revues-a-la-baisse\\\/#primaryimage\"},\"thumbnailUrl\":\"https:\\\/\\\/lasentinelle.dz\\\/wp-content\\\/uploads\\\/2021\\\/10\\\/banque-mondiale-1.jpeg\",\"datePublished\":\"2025-06-11T12:13:45+00:00\",\"dateModified\":\"2025-06-11T12:13:57+00:00\",\"breadcrumb\":{\"@id\":\"https:\\\/\\\/lasentinelle.dz\\\/index.php\\\/2025\\\/06\\\/11\\\/banque-mondiale-les-previsions-de-croissance-mondiale-revues-a-la-baisse\\\/#breadcrumb\"},\"inLanguage\":\"fr-FR\",\"potentialAction\":[{\"@type\":\"ReadAction\",\"target\":[\"https:\\\/\\\/lasentinelle.dz\\\/index.php\\\/2025\\\/06\\\/11\\\/banque-mondiale-les-previsions-de-croissance-mondiale-revues-a-la-baisse\\\/\"]}]},{\"@type\":\"ImageObject\",\"inLanguage\":\"fr-FR\",\"@id\":\"https:\\\/\\\/lasentinelle.dz\\\/index.php\\\/2025\\\/06\\\/11\\\/banque-mondiale-les-previsions-de-croissance-mondiale-revues-a-la-baisse\\\/#primaryimage\",\"url\":\"https:\\\/\\\/lasentinelle.dz\\\/wp-content\\\/uploads\\\/2021\\\/10\\\/banque-mondiale-1.jpeg\",\"contentUrl\":\"https:\\\/\\\/lasentinelle.dz\\\/wp-content\\\/uploads\\\/2021\\\/10\\\/banque-mondiale-1.jpeg\",\"width\":798,\"height\":532},{\"@type\":\"BreadcrumbList\",\"@id\":\"https:\\\/\\\/lasentinelle.dz\\\/index.php\\\/2025\\\/06\\\/11\\\/banque-mondiale-les-previsions-de-croissance-mondiale-revues-a-la-baisse\\\/#breadcrumb\",\"itemListElement\":[{\"@type\":\"ListItem\",\"position\":1,\"name\":\"Accueil\",\"item\":\"https:\\\/\\\/lasentinelle.dz\\\/\"},{\"@type\":\"ListItem\",\"position\":2,\"name\":\"Banque mondiale\u00a0: Les pr\u00e9visions de croissance mondiale revues \u00e0 la baisse\"}]},{\"@type\":\"WebSite\",\"@id\":\"https:\\\/\\\/lasentinelle.dz\\\/#website\",\"url\":\"https:\\\/\\\/lasentinelle.dz\\\/\",\"name\":\"La Sentinelle\",\"description\":\"Quotidien national d&#039;information\",\"publisher\":{\"@id\":\"https:\\\/\\\/lasentinelle.dz\\\/#organization\"},\"potentialAction\":[{\"@type\":\"SearchAction\",\"target\":{\"@type\":\"EntryPoint\",\"urlTemplate\":\"https:\\\/\\\/lasentinelle.dz\\\/?s={search_term_string}\"},\"query-input\":{\"@type\":\"PropertyValueSpecification\",\"valueRequired\":true,\"valueName\":\"search_term_string\"}}],\"inLanguage\":\"fr-FR\"},{\"@type\":\"Organization\",\"@id\":\"https:\\\/\\\/lasentinelle.dz\\\/#organization\",\"name\":\"Quotidien La Sentinelle\",\"url\":\"https:\\\/\\\/lasentinelle.dz\\\/\",\"logo\":{\"@type\":\"ImageObject\",\"inLanguage\":\"fr-FR\",\"@id\":\"https:\\\/\\\/lasentinelle.dz\\\/#\\\/schema\\\/logo\\\/image\\\/\",\"url\":\"https:\\\/\\\/lasentinelle.dz\\\/wp-content\\\/uploads\\\/2021\\\/09\\\/logo-sentinelleSLOGAN-1.png\",\"contentUrl\":\"https:\\\/\\\/lasentinelle.dz\\\/wp-content\\\/uploads\\\/2021\\\/09\\\/logo-sentinelleSLOGAN-1.png\",\"width\":615,\"height\":142,\"caption\":\"Quotidien La Sentinelle\"},\"image\":{\"@id\":\"https:\\\/\\\/lasentinelle.dz\\\/#\\\/schema\\\/logo\\\/image\\\/\"},\"sameAs\":[\"https:\\\/\\\/www.facebook.com\\\/La-Sentinelle-104059864394773\"]},{\"@type\":\"Person\",\"@id\":\"https:\\\/\\\/lasentinelle.dz\\\/#\\\/schema\\\/person\\\/729ee0024f24e0b8c5ec17232f8e8b41\",\"name\":\"admin\",\"image\":{\"@type\":\"ImageObject\",\"inLanguage\":\"fr-FR\",\"@id\":\"https:\\\/\\\/secure.gravatar.com\\\/avatar\\\/4c81fed838786e9b53f540bf46533e750f5d292099ae3b66cfc6fb1982e29df7?s=96&d=mm&r=g\",\"url\":\"https:\\\/\\\/secure.gravatar.com\\\/avatar\\\/4c81fed838786e9b53f540bf46533e750f5d292099ae3b66cfc6fb1982e29df7?s=96&d=mm&r=g\",\"contentUrl\":\"https:\\\/\\\/secure.gravatar.com\\\/avatar\\\/4c81fed838786e9b53f540bf46533e750f5d292099ae3b66cfc6fb1982e29df7?s=96&d=mm&r=g\",\"caption\":\"admin\"},\"description\":\"admin\",\"url\":\"https:\\\/\\\/lasentinelle.dz\\\/author\\\/admin\\\/\"}]}<\/script>\n<!-- \/ Yoast SEO plugin. -->","yoast_head_json":{"title":"Banque mondiale\u00a0: Les pr\u00e9visions de croissance mondiale revues \u00e0 la baisse - La Sentinelle","robots":{"index":"index","follow":"follow","max-snippet":"max-snippet:-1","max-image-preview":"max-image-preview:large","max-video-preview":"max-video-preview:-1"},"canonical":"https:\/\/lasentinelle.dz\/index.php\/2025\/06\/11\/banque-mondiale-les-previsions-de-croissance-mondiale-revues-a-la-baisse\/","og_locale":"fr_FR","og_type":"article","og_title":"Banque mondiale\u00a0: Les pr\u00e9visions de croissance mondiale revues \u00e0 la baisse - La Sentinelle","og_description":"La Banque mondiale a proc\u00e9d\u00e9 mardi \u00e0 une r\u00e9vision significative \u00e0 la baisse de ses pr\u00e9visions de croissance \u00e9conomique mondiale","og_url":"https:\/\/lasentinelle.dz\/index.php\/2025\/06\/11\/banque-mondiale-les-previsions-de-croissance-mondiale-revues-a-la-baisse\/","og_site_name":"La Sentinelle","article_publisher":"https:\/\/www.facebook.com\/La-Sentinelle-104059864394773","article_published_time":"2025-06-11T12:13:45+00:00","article_modified_time":"2025-06-11T12:13:57+00:00","og_image":[{"width":798,"height":532,"url":"https:\/\/lasentinelle.dz\/wp-content\/uploads\/2021\/10\/banque-mondiale-1.jpeg","type":"image\/jpeg"}],"author":"admin","twitter_card":"summary_large_image","twitter_misc":{"\u00c9crit par":"admin","Dur\u00e9e de lecture estim\u00e9e":"4 minutes"},"schema":{"@context":"https:\/\/schema.org","@graph":[{"@type":"Article","@id":"https:\/\/lasentinelle.dz\/index.php\/2025\/06\/11\/banque-mondiale-les-previsions-de-croissance-mondiale-revues-a-la-baisse\/#article","isPartOf":{"@id":"https:\/\/lasentinelle.dz\/index.php\/2025\/06\/11\/banque-mondiale-les-previsions-de-croissance-mondiale-revues-a-la-baisse\/"},"author":{"name":"admin","@id":"https:\/\/lasentinelle.dz\/#\/schema\/person\/729ee0024f24e0b8c5ec17232f8e8b41"},"headline":"Banque mondiale\u00a0: Les pr\u00e9visions de croissance mondiale revues \u00e0 la baisse","datePublished":"2025-06-11T12:13:45+00:00","dateModified":"2025-06-11T12:13:57+00:00","mainEntityOfPage":{"@id":"https:\/\/lasentinelle.dz\/index.php\/2025\/06\/11\/banque-mondiale-les-previsions-de-croissance-mondiale-revues-a-la-baisse\/"},"wordCount":644,"commentCount":0,"publisher":{"@id":"https:\/\/lasentinelle.dz\/#organization"},"image":{"@id":"https:\/\/lasentinelle.dz\/index.php\/2025\/06\/11\/banque-mondiale-les-previsions-de-croissance-mondiale-revues-a-la-baisse\/#primaryimage"},"thumbnailUrl":"https:\/\/lasentinelle.dz\/wp-content\/uploads\/2021\/10\/banque-mondiale-1.jpeg","articleSection":["\u00c9conomie"],"inLanguage":"fr-FR","potentialAction":[{"@type":"CommentAction","name":"Comment","target":["https:\/\/lasentinelle.dz\/index.php\/2025\/06\/11\/banque-mondiale-les-previsions-de-croissance-mondiale-revues-a-la-baisse\/#respond"]}]},{"@type":"WebPage","@id":"https:\/\/lasentinelle.dz\/index.php\/2025\/06\/11\/banque-mondiale-les-previsions-de-croissance-mondiale-revues-a-la-baisse\/","url":"https:\/\/lasentinelle.dz\/index.php\/2025\/06\/11\/banque-mondiale-les-previsions-de-croissance-mondiale-revues-a-la-baisse\/","name":"Banque mondiale\u00a0: Les pr\u00e9visions de croissance mondiale revues \u00e0 la baisse - La Sentinelle","isPartOf":{"@id":"https:\/\/lasentinelle.dz\/#website"},"primaryImageOfPage":{"@id":"https:\/\/lasentinelle.dz\/index.php\/2025\/06\/11\/banque-mondiale-les-previsions-de-croissance-mondiale-revues-a-la-baisse\/#primaryimage"},"image":{"@id":"https:\/\/lasentinelle.dz\/index.php\/2025\/06\/11\/banque-mondiale-les-previsions-de-croissance-mondiale-revues-a-la-baisse\/#primaryimage"},"thumbnailUrl":"https:\/\/lasentinelle.dz\/wp-content\/uploads\/2021\/10\/banque-mondiale-1.jpeg","datePublished":"2025-06-11T12:13:45+00:00","dateModified":"2025-06-11T12:13:57+00:00","breadcrumb":{"@id":"https:\/\/lasentinelle.dz\/index.php\/2025\/06\/11\/banque-mondiale-les-previsions-de-croissance-mondiale-revues-a-la-baisse\/#breadcrumb"},"inLanguage":"fr-FR","potentialAction":[{"@type":"ReadAction","target":["https:\/\/lasentinelle.dz\/index.php\/2025\/06\/11\/banque-mondiale-les-previsions-de-croissance-mondiale-revues-a-la-baisse\/"]}]},{"@type":"ImageObject","inLanguage":"fr-FR","@id":"https:\/\/lasentinelle.dz\/index.php\/2025\/06\/11\/banque-mondiale-les-previsions-de-croissance-mondiale-revues-a-la-baisse\/#primaryimage","url":"https:\/\/lasentinelle.dz\/wp-content\/uploads\/2021\/10\/banque-mondiale-1.jpeg","contentUrl":"https:\/\/lasentinelle.dz\/wp-content\/uploads\/2021\/10\/banque-mondiale-1.jpeg","width":798,"height":532},{"@type":"BreadcrumbList","@id":"https:\/\/lasentinelle.dz\/index.php\/2025\/06\/11\/banque-mondiale-les-previsions-de-croissance-mondiale-revues-a-la-baisse\/#breadcrumb","itemListElement":[{"@type":"ListItem","position":1,"name":"Accueil","item":"https:\/\/lasentinelle.dz\/"},{"@type":"ListItem","position":2,"name":"Banque mondiale\u00a0: Les pr\u00e9visions de croissance mondiale revues \u00e0 la baisse"}]},{"@type":"WebSite","@id":"https:\/\/lasentinelle.dz\/#website","url":"https:\/\/lasentinelle.dz\/","name":"La Sentinelle","description":"Quotidien national d&#039;information","publisher":{"@id":"https:\/\/lasentinelle.dz\/#organization"},"potentialAction":[{"@type":"SearchAction","target":{"@type":"EntryPoint","urlTemplate":"https:\/\/lasentinelle.dz\/?s={search_term_string}"},"query-input":{"@type":"PropertyValueSpecification","valueRequired":true,"valueName":"search_term_string"}}],"inLanguage":"fr-FR"},{"@type":"Organization","@id":"https:\/\/lasentinelle.dz\/#organization","name":"Quotidien La Sentinelle","url":"https:\/\/lasentinelle.dz\/","logo":{"@type":"ImageObject","inLanguage":"fr-FR","@id":"https:\/\/lasentinelle.dz\/#\/schema\/logo\/image\/","url":"https:\/\/lasentinelle.dz\/wp-content\/uploads\/2021\/09\/logo-sentinelleSLOGAN-1.png","contentUrl":"https:\/\/lasentinelle.dz\/wp-content\/uploads\/2021\/09\/logo-sentinelleSLOGAN-1.png","width":615,"height":142,"caption":"Quotidien La Sentinelle"},"image":{"@id":"https:\/\/lasentinelle.dz\/#\/schema\/logo\/image\/"},"sameAs":["https:\/\/www.facebook.com\/La-Sentinelle-104059864394773"]},{"@type":"Person","@id":"https:\/\/lasentinelle.dz\/#\/schema\/person\/729ee0024f24e0b8c5ec17232f8e8b41","name":"admin","image":{"@type":"ImageObject","inLanguage":"fr-FR","@id":"https:\/\/secure.gravatar.com\/avatar\/4c81fed838786e9b53f540bf46533e750f5d292099ae3b66cfc6fb1982e29df7?s=96&d=mm&r=g","url":"https:\/\/secure.gravatar.com\/avatar\/4c81fed838786e9b53f540bf46533e750f5d292099ae3b66cfc6fb1982e29df7?s=96&d=mm&r=g","contentUrl":"https:\/\/secure.gravatar.com\/avatar\/4c81fed838786e9b53f540bf46533e750f5d292099ae3b66cfc6fb1982e29df7?s=96&d=mm&r=g","caption":"admin"},"description":"admin","url":"https:\/\/lasentinelle.dz\/author\/admin\/"}]}},"_links":{"self":[{"href":"https:\/\/lasentinelle.dz\/index.php\/wp-json\/wp\/v2\/posts\/68742","targetHints":{"allow":["GET"]}}],"collection":[{"href":"https:\/\/lasentinelle.dz\/index.php\/wp-json\/wp\/v2\/posts"}],"about":[{"href":"https:\/\/lasentinelle.dz\/index.php\/wp-json\/wp\/v2\/types\/post"}],"author":[{"embeddable":true,"href":"https:\/\/lasentinelle.dz\/index.php\/wp-json\/wp\/v2\/users\/6"}],"replies":[{"embeddable":true,"href":"https:\/\/lasentinelle.dz\/index.php\/wp-json\/wp\/v2\/comments?post=68742"}],"version-history":[{"count":1,"href":"https:\/\/lasentinelle.dz\/index.php\/wp-json\/wp\/v2\/posts\/68742\/revisions"}],"predecessor-version":[{"id":68743,"href":"https:\/\/lasentinelle.dz\/index.php\/wp-json\/wp\/v2\/posts\/68742\/revisions\/68743"}],"wp:featuredmedia":[{"embeddable":true,"href":"https:\/\/lasentinelle.dz\/index.php\/wp-json\/wp\/v2\/media\/10575"}],"wp:attachment":[{"href":"https:\/\/lasentinelle.dz\/index.php\/wp-json\/wp\/v2\/media?parent=68742"}],"wp:term":[{"taxonomy":"category","embeddable":true,"href":"https:\/\/lasentinelle.dz\/index.php\/wp-json\/wp\/v2\/categories?post=68742"},{"taxonomy":"post_tag","embeddable":true,"href":"https:\/\/lasentinelle.dz\/index.php\/wp-json\/wp\/v2\/tags?post=68742"}],"curies":[{"name":"wp","href":"https:\/\/api.w.org\/{rel}","templated":true}]}}