{"id":68802,"date":"2025-06-12T20:26:16","date_gmt":"2025-06-12T19:26:16","guid":{"rendered":"https:\/\/lasentinelle.dz\/?p=68802"},"modified":"2025-06-12T20:26:17","modified_gmt":"2025-06-12T19:26:17","slug":"anp-reddition-dun-terroriste","status":"publish","type":"post","link":"https:\/\/lasentinelle.dz\/index.php\/2025\/06\/12\/anp-reddition-dun-terroriste\/","title":{"rendered":"ANP\u00a0: Reddition d&rsquo;un terroriste\u00a0"},"content":{"rendered":"\n<p>L&rsquo;\u00e9tau des Forces de l&rsquo;Arm\u00e9e nationale populaire se resserre davantage autour des groupes terroristes et de leurs \u00e9l\u00e9ments de soutien. Selon le bilan des op\u00e9rations men\u00e9es au cours de la p\u00e9riode du 4 au 10 juin, un terroriste s&rsquo;est rendu aux autorit\u00e9s militaires \u00e0 Bordj Badji Mokhtar, en 6e R\u00e9gion militaire, a indiqu\u00e9 mercredi un communiqu\u00e9 du minist\u00e8re de la D\u00e9fense nationale.<\/p>\n\n\n\n<p>Le document pr\u00e9cise qu&rsquo;il s&rsquo;agit du terroriste d\u00e9nomm\u00e9 Ghennami Salek, qui s&rsquo;est livr\u00e9 aux autorit\u00e9s militaires en possession d&rsquo;un pistolet-mitrailleur de type kalachnikov, d&rsquo;une quantit\u00e9 de munitions et de divers effets. Dans le m\u00eame contexte, des d\u00e9tachements de l&rsquo;ANP ont, lors de diff\u00e9rentes op\u00e9rations men\u00e9es \u00e0 travers le territoire national, proc\u00e9d\u00e9 \u00e0 l&rsquo;arrestation de trois \u00e9l\u00e9ments de soutien aux groupes terroristes.<\/p>\n\n\n\n<p>Ces r\u00e9sultats t\u00e9moignent de la dynamique des efforts soutenus dans la lutte antiterroriste et contre les diff\u00e9rentes formes de criminalit\u00e9 transfrontali\u00e8re organis\u00e9e. S&rsquo;agissant pr\u00e9cis\u00e9ment de cette derni\u00e8re, des tentatives d&rsquo;introduction de quantit\u00e9s de kif via les fronti\u00e8res avec le Maroc ont \u00e9t\u00e9 d\u00e9jou\u00e9es gr\u00e2ce aux interventions coordonn\u00e9es des d\u00e9tachements de l&rsquo;ANP et des diff\u00e9rents services de s\u00e9curit\u00e9.<\/p>\n\n\n\n<p>Au titre de ces op\u00e9rations men\u00e9es \u00e0 travers les r\u00e9gions militaires, 28 narcotrafiquants ont \u00e9t\u00e9 interpell\u00e9s et 16 kilogrammes de kif trait\u00e9 ont \u00e9t\u00e9 saisis, en plus d&rsquo;importantes quantit\u00e9s de comprim\u00e9s psychotropes s&rsquo;\u00e9levant \u00e0 1.616.662 unit\u00e9s ainsi que 1.000 grammes de coca\u00efne, rapporte le communiqu\u00e9.&nbsp;Par ailleurs, des d\u00e9tachements de l&rsquo;ANP ont proc\u00e9d\u00e9 \u00e0 l&rsquo;arrestation de 60 orpailleurs \u00e0 Tamanrasset, Bordj Badji Mokhtar, In Salah et In Guezzam. Cette op\u00e9ration s&rsquo;est sold\u00e9e par la saisie de 25 v\u00e9hicules, 42 groupes \u00e9lectrog\u00e8nes, 43 marteaux-piqueurs, ainsi que des quantit\u00e9s de m\u00e9lange d&rsquo;or brut et de pierres, d&rsquo;explosifs, d&rsquo;outils de d\u00e9tonation et d&rsquo;\u00e9quipements utilis\u00e9s dans des op\u00e9rations d&rsquo;orpaillage illicite&nbsp;Selon la m\u00eame source, 12 autres individus, contrebandiers de leur \u00e9tat, ont \u00e9t\u00e9 arr\u00eat\u00e9s, tandis qu&rsquo;un pistolet automatique, trois fusils de chasse et 13.660 litres de carburant ont \u00e9t\u00e9 saisis lors de diff\u00e9rentes op\u00e9rations.<\/p>\n\n\n\n<p>Au chapitre de la lutte contre l&rsquo;\u00e9migration clandestine, les garde-c\u00f4tes ont d\u00e9jou\u00e9 au niveau des c\u00f4tes nationales des tentatives d&rsquo;\u00e9migration clandestine et proc\u00e9d\u00e9 au sauvetage de 205 individus \u00e0 bord d&#8217;embarcations de construction artisanale. Dans le m\u00eame cadre, 206 immigrants clandestins de diff\u00e9rentes nationalit\u00e9s ont \u00e9t\u00e9 interpell\u00e9s \u00e0 travers le territoire national.<\/p>\n\n\n\n<p>Sofia Chahine<\/p>\n","protected":false},"excerpt":{"rendered":"<p>L&rsquo;\u00e9tau des Forces de l&rsquo;Arm\u00e9e nationale populaire se resserre davantage autour des groupes terroristes et de leurs \u00e9l\u00e9ments de soutien.<\/p>\n","protected":false},"author":6,"featured_media":42978,"comment_status":"open","ping_status":"closed","sticky":false,"template":"","format":"standard","meta":{"colormag_page_container_layout":"default_layout","colormag_page_sidebar_layout":"default_layout","om_disable_all_campaigns":false,"_monsterinsights_skip_tracking":false,"_monsterinsights_sitenote_active":false,"_monsterinsights_sitenote_note":"","_monsterinsights_sitenote_category":0,"footnotes":"","_wpscppro_dont_share_socialmedia":false,"_wpscppro_custom_social_share_image":0,"_facebook_share_type":"default","_twitter_share_type":"default","_linkedin_share_type":"default","_pinterest_share_type":"default","_linkedin_share_type_page":"","_instagram_share_type":"default","_medium_share_type":"default","_threads_share_type":"","_google_business_share_type":"","_selected_social_profile":[],"_wpsp_enable_custom_social_template":false,"_wpsp_social_scheduling":{"enabled":false,"datetime":null,"platforms":[],"status":"template_only","dateOption":"today","timeOption":"now","customDays":"","customHours":"","customDate":"","customTime":"","schedulingType":"absolute"},"_wpsp_active_default_template":true},"categories":[27],"tags":[],"class_list":["post-68802","post","type-post","status-publish","format-standard","has-post-thumbnail","hentry","category-actualite"],"aioseo_notices":[],"yoast_head":"<!-- This site is optimized with the Yoast SEO plugin v27.5 - https:\/\/yoast.com\/product\/yoast-seo-wordpress\/ -->\n<title>ANP\u00a0: Reddition d&rsquo;un terroriste\u00a0 - La Sentinelle<\/title>\n<meta name=\"robots\" content=\"index, follow, max-snippet:-1, max-image-preview:large, max-video-preview:-1\" \/>\n<link rel=\"canonical\" href=\"https:\/\/lasentinelle.dz\/index.php\/2025\/06\/12\/anp-reddition-dun-terroriste\/\" \/>\n<meta property=\"og:locale\" content=\"fr_FR\" \/>\n<meta property=\"og:type\" content=\"article\" \/>\n<meta property=\"og:title\" content=\"ANP\u00a0: Reddition d&rsquo;un terroriste\u00a0 - La Sentinelle\" \/>\n<meta property=\"og:description\" content=\"L&rsquo;\u00e9tau des Forces de l&rsquo;Arm\u00e9e nationale populaire se resserre davantage autour des groupes terroristes et de leurs \u00e9l\u00e9ments de soutien.\" \/>\n<meta property=\"og:url\" content=\"https:\/\/lasentinelle.dz\/index.php\/2025\/06\/12\/anp-reddition-dun-terroriste\/\" \/>\n<meta property=\"og:site_name\" content=\"La Sentinelle\" \/>\n<meta property=\"article:publisher\" content=\"https:\/\/www.facebook.com\/La-Sentinelle-104059864394773\" \/>\n<meta property=\"article:published_time\" content=\"2025-06-12T19:26:16+00:00\" \/>\n<meta property=\"article:modified_time\" content=\"2025-06-12T19:26:17+00:00\" \/>\n<meta property=\"og:image\" content=\"https:\/\/lasentinelle.dz\/wp-content\/uploads\/2023\/06\/kif.jpg\" \/>\n\t<meta property=\"og:image:width\" content=\"1210\" \/>\n\t<meta property=\"og:image:height\" content=\"682\" \/>\n\t<meta property=\"og:image:type\" content=\"image\/jpeg\" \/>\n<meta name=\"author\" content=\"admin\" \/>\n<meta name=\"twitter:card\" content=\"summary_large_image\" \/>\n<meta name=\"twitter:label1\" content=\"\u00c9crit par\" \/>\n\t<meta name=\"twitter:data1\" content=\"admin\" \/>\n\t<meta name=\"twitter:label2\" content=\"Dur\u00e9e de lecture estim\u00e9e\" \/>\n\t<meta name=\"twitter:data2\" content=\"3 minutes\" \/>\n<script type=\"application\/ld+json\" class=\"yoast-schema-graph\">{\"@context\":\"https:\\\/\\\/schema.org\",\"@graph\":[{\"@type\":\"Article\",\"@id\":\"https:\\\/\\\/lasentinelle.dz\\\/index.php\\\/2025\\\/06\\\/12\\\/anp-reddition-dun-terroriste\\\/#article\",\"isPartOf\":{\"@id\":\"https:\\\/\\\/lasentinelle.dz\\\/index.php\\\/2025\\\/06\\\/12\\\/anp-reddition-dun-terroriste\\\/\"},\"author\":{\"name\":\"admin\",\"@id\":\"https:\\\/\\\/lasentinelle.dz\\\/#\\\/schema\\\/person\\\/729ee0024f24e0b8c5ec17232f8e8b41\"},\"headline\":\"ANP\u00a0: Reddition d&rsquo;un terroriste\u00a0\",\"datePublished\":\"2025-06-12T19:26:16+00:00\",\"dateModified\":\"2025-06-12T19:26:17+00:00\",\"mainEntityOfPage\":{\"@id\":\"https:\\\/\\\/lasentinelle.dz\\\/index.php\\\/2025\\\/06\\\/12\\\/anp-reddition-dun-terroriste\\\/\"},\"wordCount\":454,\"commentCount\":0,\"publisher\":{\"@id\":\"https:\\\/\\\/lasentinelle.dz\\\/#organization\"},\"image\":{\"@id\":\"https:\\\/\\\/lasentinelle.dz\\\/index.php\\\/2025\\\/06\\\/12\\\/anp-reddition-dun-terroriste\\\/#primaryimage\"},\"thumbnailUrl\":\"https:\\\/\\\/lasentinelle.dz\\\/wp-content\\\/uploads\\\/2023\\\/06\\\/kif.jpg\",\"articleSection\":[\"Actualit\u00e9\"],\"inLanguage\":\"fr-FR\",\"potentialAction\":[{\"@type\":\"CommentAction\",\"name\":\"Comment\",\"target\":[\"https:\\\/\\\/lasentinelle.dz\\\/index.php\\\/2025\\\/06\\\/12\\\/anp-reddition-dun-terroriste\\\/#respond\"]}]},{\"@type\":\"WebPage\",\"@id\":\"https:\\\/\\\/lasentinelle.dz\\\/index.php\\\/2025\\\/06\\\/12\\\/anp-reddition-dun-terroriste\\\/\",\"url\":\"https:\\\/\\\/lasentinelle.dz\\\/index.php\\\/2025\\\/06\\\/12\\\/anp-reddition-dun-terroriste\\\/\",\"name\":\"ANP\u00a0: Reddition d&rsquo;un terroriste\u00a0 - La Sentinelle\",\"isPartOf\":{\"@id\":\"https:\\\/\\\/lasentinelle.dz\\\/#website\"},\"primaryImageOfPage\":{\"@id\":\"https:\\\/\\\/lasentinelle.dz\\\/index.php\\\/2025\\\/06\\\/12\\\/anp-reddition-dun-terroriste\\\/#primaryimage\"},\"image\":{\"@id\":\"https:\\\/\\\/lasentinelle.dz\\\/index.php\\\/2025\\\/06\\\/12\\\/anp-reddition-dun-terroriste\\\/#primaryimage\"},\"thumbnailUrl\":\"https:\\\/\\\/lasentinelle.dz\\\/wp-content\\\/uploads\\\/2023\\\/06\\\/kif.jpg\",\"datePublished\":\"2025-06-12T19:26:16+00:00\",\"dateModified\":\"2025-06-12T19:26:17+00:00\",\"breadcrumb\":{\"@id\":\"https:\\\/\\\/lasentinelle.dz\\\/index.php\\\/2025\\\/06\\\/12\\\/anp-reddition-dun-terroriste\\\/#breadcrumb\"},\"inLanguage\":\"fr-FR\",\"potentialAction\":[{\"@type\":\"ReadAction\",\"target\":[\"https:\\\/\\\/lasentinelle.dz\\\/index.php\\\/2025\\\/06\\\/12\\\/anp-reddition-dun-terroriste\\\/\"]}]},{\"@type\":\"ImageObject\",\"inLanguage\":\"fr-FR\",\"@id\":\"https:\\\/\\\/lasentinelle.dz\\\/index.php\\\/2025\\\/06\\\/12\\\/anp-reddition-dun-terroriste\\\/#primaryimage\",\"url\":\"https:\\\/\\\/lasentinelle.dz\\\/wp-content\\\/uploads\\\/2023\\\/06\\\/kif.jpg\",\"contentUrl\":\"https:\\\/\\\/lasentinelle.dz\\\/wp-content\\\/uploads\\\/2023\\\/06\\\/kif.jpg\",\"width\":1210,\"height\":682},{\"@type\":\"BreadcrumbList\",\"@id\":\"https:\\\/\\\/lasentinelle.dz\\\/index.php\\\/2025\\\/06\\\/12\\\/anp-reddition-dun-terroriste\\\/#breadcrumb\",\"itemListElement\":[{\"@type\":\"ListItem\",\"position\":1,\"name\":\"Accueil\",\"item\":\"https:\\\/\\\/lasentinelle.dz\\\/\"},{\"@type\":\"ListItem\",\"position\":2,\"name\":\"ANP\u00a0: Reddition d&rsquo;un terroriste\u00a0\"}]},{\"@type\":\"WebSite\",\"@id\":\"https:\\\/\\\/lasentinelle.dz\\\/#website\",\"url\":\"https:\\\/\\\/lasentinelle.dz\\\/\",\"name\":\"La Sentinelle\",\"description\":\"Quotidien national d&#039;information\",\"publisher\":{\"@id\":\"https:\\\/\\\/lasentinelle.dz\\\/#organization\"},\"potentialAction\":[{\"@type\":\"SearchAction\",\"target\":{\"@type\":\"EntryPoint\",\"urlTemplate\":\"https:\\\/\\\/lasentinelle.dz\\\/?s={search_term_string}\"},\"query-input\":{\"@type\":\"PropertyValueSpecification\",\"valueRequired\":true,\"valueName\":\"search_term_string\"}}],\"inLanguage\":\"fr-FR\"},{\"@type\":\"Organization\",\"@id\":\"https:\\\/\\\/lasentinelle.dz\\\/#organization\",\"name\":\"Quotidien La Sentinelle\",\"url\":\"https:\\\/\\\/lasentinelle.dz\\\/\",\"logo\":{\"@type\":\"ImageObject\",\"inLanguage\":\"fr-FR\",\"@id\":\"https:\\\/\\\/lasentinelle.dz\\\/#\\\/schema\\\/logo\\\/image\\\/\",\"url\":\"https:\\\/\\\/lasentinelle.dz\\\/wp-content\\\/uploads\\\/2021\\\/09\\\/logo-sentinelleSLOGAN-1.png\",\"contentUrl\":\"https:\\\/\\\/lasentinelle.dz\\\/wp-content\\\/uploads\\\/2021\\\/09\\\/logo-sentinelleSLOGAN-1.png\",\"width\":615,\"height\":142,\"caption\":\"Quotidien La Sentinelle\"},\"image\":{\"@id\":\"https:\\\/\\\/lasentinelle.dz\\\/#\\\/schema\\\/logo\\\/image\\\/\"},\"sameAs\":[\"https:\\\/\\\/www.facebook.com\\\/La-Sentinelle-104059864394773\"]},{\"@type\":\"Person\",\"@id\":\"https:\\\/\\\/lasentinelle.dz\\\/#\\\/schema\\\/person\\\/729ee0024f24e0b8c5ec17232f8e8b41\",\"name\":\"admin\",\"image\":{\"@type\":\"ImageObject\",\"inLanguage\":\"fr-FR\",\"@id\":\"https:\\\/\\\/secure.gravatar.com\\\/avatar\\\/4c81fed838786e9b53f540bf46533e750f5d292099ae3b66cfc6fb1982e29df7?s=96&d=mm&r=g\",\"url\":\"https:\\\/\\\/secure.gravatar.com\\\/avatar\\\/4c81fed838786e9b53f540bf46533e750f5d292099ae3b66cfc6fb1982e29df7?s=96&d=mm&r=g\",\"contentUrl\":\"https:\\\/\\\/secure.gravatar.com\\\/avatar\\\/4c81fed838786e9b53f540bf46533e750f5d292099ae3b66cfc6fb1982e29df7?s=96&d=mm&r=g\",\"caption\":\"admin\"},\"description\":\"admin\",\"url\":\"https:\\\/\\\/lasentinelle.dz\\\/author\\\/admin\\\/\"}]}<\/script>\n<!-- \/ Yoast SEO plugin. -->","yoast_head_json":{"title":"ANP\u00a0: Reddition d&rsquo;un terroriste\u00a0 - La Sentinelle","robots":{"index":"index","follow":"follow","max-snippet":"max-snippet:-1","max-image-preview":"max-image-preview:large","max-video-preview":"max-video-preview:-1"},"canonical":"https:\/\/lasentinelle.dz\/index.php\/2025\/06\/12\/anp-reddition-dun-terroriste\/","og_locale":"fr_FR","og_type":"article","og_title":"ANP\u00a0: Reddition d&rsquo;un terroriste\u00a0 - La Sentinelle","og_description":"L&rsquo;\u00e9tau des Forces de l&rsquo;Arm\u00e9e nationale populaire se resserre davantage autour des groupes terroristes et de leurs \u00e9l\u00e9ments de soutien.","og_url":"https:\/\/lasentinelle.dz\/index.php\/2025\/06\/12\/anp-reddition-dun-terroriste\/","og_site_name":"La Sentinelle","article_publisher":"https:\/\/www.facebook.com\/La-Sentinelle-104059864394773","article_published_time":"2025-06-12T19:26:16+00:00","article_modified_time":"2025-06-12T19:26:17+00:00","og_image":[{"width":1210,"height":682,"url":"https:\/\/lasentinelle.dz\/wp-content\/uploads\/2023\/06\/kif.jpg","type":"image\/jpeg"}],"author":"admin","twitter_card":"summary_large_image","twitter_misc":{"\u00c9crit par":"admin","Dur\u00e9e de lecture estim\u00e9e":"3 minutes"},"schema":{"@context":"https:\/\/schema.org","@graph":[{"@type":"Article","@id":"https:\/\/lasentinelle.dz\/index.php\/2025\/06\/12\/anp-reddition-dun-terroriste\/#article","isPartOf":{"@id":"https:\/\/lasentinelle.dz\/index.php\/2025\/06\/12\/anp-reddition-dun-terroriste\/"},"author":{"name":"admin","@id":"https:\/\/lasentinelle.dz\/#\/schema\/person\/729ee0024f24e0b8c5ec17232f8e8b41"},"headline":"ANP\u00a0: Reddition d&rsquo;un terroriste\u00a0","datePublished":"2025-06-12T19:26:16+00:00","dateModified":"2025-06-12T19:26:17+00:00","mainEntityOfPage":{"@id":"https:\/\/lasentinelle.dz\/index.php\/2025\/06\/12\/anp-reddition-dun-terroriste\/"},"wordCount":454,"commentCount":0,"publisher":{"@id":"https:\/\/lasentinelle.dz\/#organization"},"image":{"@id":"https:\/\/lasentinelle.dz\/index.php\/2025\/06\/12\/anp-reddition-dun-terroriste\/#primaryimage"},"thumbnailUrl":"https:\/\/lasentinelle.dz\/wp-content\/uploads\/2023\/06\/kif.jpg","articleSection":["Actualit\u00e9"],"inLanguage":"fr-FR","potentialAction":[{"@type":"CommentAction","name":"Comment","target":["https:\/\/lasentinelle.dz\/index.php\/2025\/06\/12\/anp-reddition-dun-terroriste\/#respond"]}]},{"@type":"WebPage","@id":"https:\/\/lasentinelle.dz\/index.php\/2025\/06\/12\/anp-reddition-dun-terroriste\/","url":"https:\/\/lasentinelle.dz\/index.php\/2025\/06\/12\/anp-reddition-dun-terroriste\/","name":"ANP\u00a0: Reddition d&rsquo;un terroriste\u00a0 - La Sentinelle","isPartOf":{"@id":"https:\/\/lasentinelle.dz\/#website"},"primaryImageOfPage":{"@id":"https:\/\/lasentinelle.dz\/index.php\/2025\/06\/12\/anp-reddition-dun-terroriste\/#primaryimage"},"image":{"@id":"https:\/\/lasentinelle.dz\/index.php\/2025\/06\/12\/anp-reddition-dun-terroriste\/#primaryimage"},"thumbnailUrl":"https:\/\/lasentinelle.dz\/wp-content\/uploads\/2023\/06\/kif.jpg","datePublished":"2025-06-12T19:26:16+00:00","dateModified":"2025-06-12T19:26:17+00:00","breadcrumb":{"@id":"https:\/\/lasentinelle.dz\/index.php\/2025\/06\/12\/anp-reddition-dun-terroriste\/#breadcrumb"},"inLanguage":"fr-FR","potentialAction":[{"@type":"ReadAction","target":["https:\/\/lasentinelle.dz\/index.php\/2025\/06\/12\/anp-reddition-dun-terroriste\/"]}]},{"@type":"ImageObject","inLanguage":"fr-FR","@id":"https:\/\/lasentinelle.dz\/index.php\/2025\/06\/12\/anp-reddition-dun-terroriste\/#primaryimage","url":"https:\/\/lasentinelle.dz\/wp-content\/uploads\/2023\/06\/kif.jpg","contentUrl":"https:\/\/lasentinelle.dz\/wp-content\/uploads\/2023\/06\/kif.jpg","width":1210,"height":682},{"@type":"BreadcrumbList","@id":"https:\/\/lasentinelle.dz\/index.php\/2025\/06\/12\/anp-reddition-dun-terroriste\/#breadcrumb","itemListElement":[{"@type":"ListItem","position":1,"name":"Accueil","item":"https:\/\/lasentinelle.dz\/"},{"@type":"ListItem","position":2,"name":"ANP\u00a0: Reddition d&rsquo;un terroriste\u00a0"}]},{"@type":"WebSite","@id":"https:\/\/lasentinelle.dz\/#website","url":"https:\/\/lasentinelle.dz\/","name":"La Sentinelle","description":"Quotidien national d&#039;information","publisher":{"@id":"https:\/\/lasentinelle.dz\/#organization"},"potentialAction":[{"@type":"SearchAction","target":{"@type":"EntryPoint","urlTemplate":"https:\/\/lasentinelle.dz\/?s={search_term_string}"},"query-input":{"@type":"PropertyValueSpecification","valueRequired":true,"valueName":"search_term_string"}}],"inLanguage":"fr-FR"},{"@type":"Organization","@id":"https:\/\/lasentinelle.dz\/#organization","name":"Quotidien La Sentinelle","url":"https:\/\/lasentinelle.dz\/","logo":{"@type":"ImageObject","inLanguage":"fr-FR","@id":"https:\/\/lasentinelle.dz\/#\/schema\/logo\/image\/","url":"https:\/\/lasentinelle.dz\/wp-content\/uploads\/2021\/09\/logo-sentinelleSLOGAN-1.png","contentUrl":"https:\/\/lasentinelle.dz\/wp-content\/uploads\/2021\/09\/logo-sentinelleSLOGAN-1.png","width":615,"height":142,"caption":"Quotidien La Sentinelle"},"image":{"@id":"https:\/\/lasentinelle.dz\/#\/schema\/logo\/image\/"},"sameAs":["https:\/\/www.facebook.com\/La-Sentinelle-104059864394773"]},{"@type":"Person","@id":"https:\/\/lasentinelle.dz\/#\/schema\/person\/729ee0024f24e0b8c5ec17232f8e8b41","name":"admin","image":{"@type":"ImageObject","inLanguage":"fr-FR","@id":"https:\/\/secure.gravatar.com\/avatar\/4c81fed838786e9b53f540bf46533e750f5d292099ae3b66cfc6fb1982e29df7?s=96&d=mm&r=g","url":"https:\/\/secure.gravatar.com\/avatar\/4c81fed838786e9b53f540bf46533e750f5d292099ae3b66cfc6fb1982e29df7?s=96&d=mm&r=g","contentUrl":"https:\/\/secure.gravatar.com\/avatar\/4c81fed838786e9b53f540bf46533e750f5d292099ae3b66cfc6fb1982e29df7?s=96&d=mm&r=g","caption":"admin"},"description":"admin","url":"https:\/\/lasentinelle.dz\/author\/admin\/"}]}},"_links":{"self":[{"href":"https:\/\/lasentinelle.dz\/index.php\/wp-json\/wp\/v2\/posts\/68802","targetHints":{"allow":["GET"]}}],"collection":[{"href":"https:\/\/lasentinelle.dz\/index.php\/wp-json\/wp\/v2\/posts"}],"about":[{"href":"https:\/\/lasentinelle.dz\/index.php\/wp-json\/wp\/v2\/types\/post"}],"author":[{"embeddable":true,"href":"https:\/\/lasentinelle.dz\/index.php\/wp-json\/wp\/v2\/users\/6"}],"replies":[{"embeddable":true,"href":"https:\/\/lasentinelle.dz\/index.php\/wp-json\/wp\/v2\/comments?post=68802"}],"version-history":[{"count":2,"href":"https:\/\/lasentinelle.dz\/index.php\/wp-json\/wp\/v2\/posts\/68802\/revisions"}],"predecessor-version":[{"id":68804,"href":"https:\/\/lasentinelle.dz\/index.php\/wp-json\/wp\/v2\/posts\/68802\/revisions\/68804"}],"wp:featuredmedia":[{"embeddable":true,"href":"https:\/\/lasentinelle.dz\/index.php\/wp-json\/wp\/v2\/media\/42978"}],"wp:attachment":[{"href":"https:\/\/lasentinelle.dz\/index.php\/wp-json\/wp\/v2\/media?parent=68802"}],"wp:term":[{"taxonomy":"category","embeddable":true,"href":"https:\/\/lasentinelle.dz\/index.php\/wp-json\/wp\/v2\/categories?post=68802"},{"taxonomy":"post_tag","embeddable":true,"href":"https:\/\/lasentinelle.dz\/index.php\/wp-json\/wp\/v2\/tags?post=68802"}],"curies":[{"name":"wp","href":"https:\/\/api.w.org\/{rel}","templated":true}]}}