{"id":68805,"date":"2025-06-12T20:27:00","date_gmt":"2025-06-12T19:27:00","guid":{"rendered":"https:\/\/lasentinelle.dz\/?p=68805"},"modified":"2025-06-12T20:27:01","modified_gmt":"2025-06-12T19:27:01","slug":"conge-de-maternite-131-000-beneficiaires-des-indemnites-journalieres-en-2024","status":"publish","type":"post","link":"https:\/\/lasentinelle.dz\/index.php\/2025\/06\/12\/conge-de-maternite-131-000-beneficiaires-des-indemnites-journalieres-en-2024\/","title":{"rendered":"Cong\u00e9 de maternit\u00e9\u00a0:\u00a0131.000\u00a0b\u00e9n\u00e9ficiaires des indemnit\u00e9s journali\u00e8res en 2024"},"content":{"rendered":"\n<p>Le ministre du Travail, de l&rsquo;Emploi et de la S\u00e9curit\u00e9 sociale, Fay\u00e7al Bentaleb, a r\u00e9v\u00e9l\u00e9 mercredi des chiffres significatifs concernant l&rsquo;\u00e9volution des prestations de maternit\u00e9 en Alg\u00e9rie. Lors d&rsquo;une pr\u00e9sentation devant la commission de la Sant\u00e9, des Affaires sociales, du Travail et de la Solidarit\u00e9 nationale du Conseil de la Nation, le ministre a annonc\u00e9 que 131 mille femmes ont b\u00e9n\u00e9fici\u00e9 des indemnit\u00e9s journali\u00e8res li\u00e9es au cong\u00e9 de maternit\u00e9 durant l&rsquo;ann\u00e9e 2024, marquant une progression remarquable par rapport aux ann\u00e9es pr\u00e9c\u00e9dentes.<\/p>\n\n\n\n<p>Cette intervention du ministre s&rsquo;inscrivait dans le cadre de l&rsquo;examen d&rsquo;un projet de loi modifiant et compl\u00e9tant la loi 83-11 relative aux assurances sociales, texte fondamental qui r\u00e9git le syst\u00e8me de protection sociale. Les donn\u00e9es pr\u00e9sent\u00e9es t\u00e9moignent d&rsquo;une dynamique positive dans l&rsquo;acc\u00e8s aux droits sociaux des travailleuses alg\u00e9riennes et refl\u00e8tent l&rsquo;\u00e9volution d\u00e9mographique et socio-\u00e9conomique du pays.<\/p>\n\n\n\n<p>Bentaleb a d\u00e9taill\u00e9 l&rsquo;\u00e9volution impressionnante de ces prestations sur plus d&rsquo;une d\u00e9cennie, expliquant que le nombre de b\u00e9n\u00e9ficiaires \u00ab\u00a0a connu une augmentation consid\u00e9rable\u00a0\u00bb. Selon ses d\u00e9clarations, ce chiffre \u00ab\u00a0est pass\u00e9 de 94 mille b\u00e9n\u00e9ficiaires en 2013, pour un co\u00fbt total de 9,8 milliards de dinars, \u00e0 131 mille b\u00e9n\u00e9ficiaires en 2024, pour un co\u00fbt total de 26,5 milliards de dinars\u00a0\u00bb. Cette progression de pr\u00e8s de 40% en onze ans illustre non seulement l&rsquo;am\u00e9lioration de la couverture sociale mais aussi l&rsquo;augmentation du nombre de femmes actives dans le march\u00e9 du travail formel.<\/p>\n\n\n\n<p>L&rsquo;augmentation substantielle des d\u00e9penses, qui ont pratiquement tripl\u00e9 sur la p\u00e9riode, s&rsquo;explique \u00e0 la fois par l&rsquo;accroissement du nombre de b\u00e9n\u00e9ficiaires et par la revalorisation des montants des indemnit\u00e9s journali\u00e8res. Cette \u00e9volution budg\u00e9taire t\u00e9moigne de l&rsquo;engagement de l&rsquo;\u00c9tat dans le soutien \u00e0 la maternit\u00e9 et \u00e0 la protection sociale des travailleuses.<\/p>\n\n\n\n<p>Le ministre a \u00e9galement mis en lumi\u00e8re les efforts d\u00e9ploy\u00e9s pour am\u00e9liorer l&rsquo;acc\u00e8s aux soins de maternit\u00e9. Il a soulign\u00e9 que \u00ab\u00a0les organismes de s\u00e9curit\u00e9 sociale ont conclu des conventions avec les cliniques sp\u00e9cialis\u00e9es en obst\u00e9trique, pour la prise en charge des accouchements dans le cadre du syst\u00e8me de tiers payant, dans le but d&rsquo;am\u00e9liorer leurs services\u00a0\u00bb. Cette approche vise \u00e0 faciliter l&rsquo;acc\u00e8s aux soins sp\u00e9cialis\u00e9s et \u00e0 r\u00e9duire les contraintes financi\u00e8res pour les familles au moment de la naissance.<\/p>\n\n\n\n<p>Le r\u00e9seau conventionn\u00e9 s&rsquo;est consid\u00e9rablement \u00e9toff\u00e9, atteignant \u00e0 la fin de l&rsquo;ann\u00e9e derni\u00e8re \u00ab\u00a0172 conventions sp\u00e9cifiques \u00e0 la Caisse nationale d&rsquo;assurances sociales des travailleurs salari\u00e9s et 104 conventions sp\u00e9cifiques \u00e0 la Caisse nationale de s\u00e9curit\u00e9 sociale des non-salari\u00e9s\u00a0\u00bb. Cette couverture \u00e9tendue garantit un acc\u00e8s plus \u00e9quitable aux soins obst\u00e9tricaux sur l&rsquo;ensemble du territoire national, r\u00e9pondant aux besoins tant des travailleuses salari\u00e9es que des non-salari\u00e9es.<\/p>\n\n\n\n<p>La modernisation des services constitue un autre axe majeur des r\u00e9formes entreprises. Bentaleb a annonc\u00e9 l&rsquo;int\u00e9gration par la Caisse nationale d&rsquo;assurances sociales des travailleurs salari\u00e9s d&rsquo;un \u00ab\u00a0service \u00e9lectronique via l&rsquo;espace num\u00e9rique &lsquo;El Hanae&rsquo;, qui permet aux femmes salari\u00e9es enceintes de d\u00e9clarer leur cong\u00e9 de maternit\u00e9 et de d\u00e9poser leur dossier de demande d&rsquo;indemnisation \u00e0 distance, sans avoir \u00e0 se d\u00e9placer vers ses structures\u00a0\u00bb. Cette d\u00e9mat\u00e9rialisation des proc\u00e9dures repr\u00e9sente une avanc\u00e9e significative dans la simplification administrative et l&rsquo;am\u00e9lioration de l&rsquo;exp\u00e9rience des usag\u00e8res.<\/p>\n\n\n\n<p>Cette initiative de digitalisation s&rsquo;inscrit dans la strat\u00e9gie globale de transformation num\u00e9rique des services publics alg\u00e9riens. Elle permet non seulement de r\u00e9duire les contraintes de d\u00e9placement pour les femmes enceintes, particuli\u00e8rement importantes en fin de grossesse, mais aussi d&rsquo;acc\u00e9l\u00e9rer les d\u00e9lais de traitement des dossiers et d&rsquo;am\u00e9liorer la qualit\u00e9 du service rendu.<\/p>\n\n\n\n<p>Lyna Larbi<\/p>\n","protected":false},"excerpt":{"rendered":"<p>Le ministre du Travail, de l&rsquo;Emploi et de la S\u00e9curit\u00e9 sociale, Fay\u00e7al Bentaleb, a r\u00e9v\u00e9l\u00e9 mercredi des chiffres significatifs concernant<\/p>\n","protected":false},"author":6,"featured_media":46694,"comment_status":"open","ping_status":"closed","sticky":false,"template":"","format":"standard","meta":{"colormag_page_container_layout":"default_layout","colormag_page_sidebar_layout":"default_layout","om_disable_all_campaigns":false,"_monsterinsights_skip_tracking":false,"_monsterinsights_sitenote_active":false,"_monsterinsights_sitenote_note":"","_monsterinsights_sitenote_category":0,"footnotes":"","_wpscppro_dont_share_socialmedia":false,"_wpscppro_custom_social_share_image":0,"_facebook_share_type":"default","_twitter_share_type":"default","_linkedin_share_type":"default","_pinterest_share_type":"default","_linkedin_share_type_page":"","_instagram_share_type":"default","_medium_share_type":"default","_threads_share_type":"","_google_business_share_type":"","_selected_social_profile":[],"_wpsp_enable_custom_social_template":false,"_wpsp_social_scheduling":{"enabled":false,"datetime":null,"platforms":[],"status":"template_only","dateOption":"today","timeOption":"now","customDays":"","customHours":"","customDate":"","customTime":"","schedulingType":"absolute"},"_wpsp_active_default_template":true},"categories":[27],"tags":[],"class_list":["post-68805","post","type-post","status-publish","format-standard","has-post-thumbnail","hentry","category-actualite"],"aioseo_notices":[],"yoast_head":"<!-- This site is optimized with the Yoast SEO plugin v27.5 - https:\/\/yoast.com\/product\/yoast-seo-wordpress\/ -->\n<title>Cong\u00e9 de maternit\u00e9\u00a0:\u00a0131.000\u00a0b\u00e9n\u00e9ficiaires des indemnit\u00e9s journali\u00e8res en 2024 - La Sentinelle<\/title>\n<meta name=\"robots\" content=\"index, follow, max-snippet:-1, max-image-preview:large, max-video-preview:-1\" \/>\n<link rel=\"canonical\" href=\"https:\/\/lasentinelle.dz\/index.php\/2025\/06\/12\/conge-de-maternite-131-000-beneficiaires-des-indemnites-journalieres-en-2024\/\" \/>\n<meta property=\"og:locale\" content=\"fr_FR\" \/>\n<meta property=\"og:type\" content=\"article\" \/>\n<meta property=\"og:title\" content=\"Cong\u00e9 de maternit\u00e9\u00a0:\u00a0131.000\u00a0b\u00e9n\u00e9ficiaires des indemnit\u00e9s journali\u00e8res en 2024 - La Sentinelle\" \/>\n<meta property=\"og:description\" content=\"Le ministre du Travail, de l&rsquo;Emploi et de la S\u00e9curit\u00e9 sociale, Fay\u00e7al Bentaleb, a r\u00e9v\u00e9l\u00e9 mercredi des chiffres significatifs concernant\" \/>\n<meta property=\"og:url\" content=\"https:\/\/lasentinelle.dz\/index.php\/2025\/06\/12\/conge-de-maternite-131-000-beneficiaires-des-indemnites-journalieres-en-2024\/\" \/>\n<meta property=\"og:site_name\" content=\"La Sentinelle\" \/>\n<meta property=\"article:publisher\" content=\"https:\/\/www.facebook.com\/La-Sentinelle-104059864394773\" \/>\n<meta property=\"article:published_time\" content=\"2025-06-12T19:27:00+00:00\" \/>\n<meta property=\"article:modified_time\" content=\"2025-06-12T19:27:01+00:00\" \/>\n<meta property=\"og:image\" content=\"https:\/\/lasentinelle.dz\/wp-content\/uploads\/2023\/10\/bentaleb.jpeg\" \/>\n\t<meta property=\"og:image:width\" content=\"1080\" \/>\n\t<meta property=\"og:image:height\" content=\"720\" \/>\n\t<meta property=\"og:image:type\" content=\"image\/jpeg\" \/>\n<meta name=\"author\" content=\"admin\" \/>\n<meta name=\"twitter:card\" content=\"summary_large_image\" \/>\n<meta name=\"twitter:label1\" content=\"\u00c9crit par\" \/>\n\t<meta name=\"twitter:data1\" content=\"admin\" \/>\n\t<meta name=\"twitter:label2\" content=\"Dur\u00e9e de lecture estim\u00e9e\" \/>\n\t<meta name=\"twitter:data2\" content=\"4 minutes\" \/>\n<script type=\"application\/ld+json\" class=\"yoast-schema-graph\">{\"@context\":\"https:\\\/\\\/schema.org\",\"@graph\":[{\"@type\":\"Article\",\"@id\":\"https:\\\/\\\/lasentinelle.dz\\\/index.php\\\/2025\\\/06\\\/12\\\/conge-de-maternite-131-000-beneficiaires-des-indemnites-journalieres-en-2024\\\/#article\",\"isPartOf\":{\"@id\":\"https:\\\/\\\/lasentinelle.dz\\\/index.php\\\/2025\\\/06\\\/12\\\/conge-de-maternite-131-000-beneficiaires-des-indemnites-journalieres-en-2024\\\/\"},\"author\":{\"name\":\"admin\",\"@id\":\"https:\\\/\\\/lasentinelle.dz\\\/#\\\/schema\\\/person\\\/729ee0024f24e0b8c5ec17232f8e8b41\"},\"headline\":\"Cong\u00e9 de maternit\u00e9\u00a0:\u00a0131.000\u00a0b\u00e9n\u00e9ficiaires des indemnit\u00e9s journali\u00e8res en 2024\",\"datePublished\":\"2025-06-12T19:27:00+00:00\",\"dateModified\":\"2025-06-12T19:27:01+00:00\",\"mainEntityOfPage\":{\"@id\":\"https:\\\/\\\/lasentinelle.dz\\\/index.php\\\/2025\\\/06\\\/12\\\/conge-de-maternite-131-000-beneficiaires-des-indemnites-journalieres-en-2024\\\/\"},\"wordCount\":689,\"commentCount\":0,\"publisher\":{\"@id\":\"https:\\\/\\\/lasentinelle.dz\\\/#organization\"},\"image\":{\"@id\":\"https:\\\/\\\/lasentinelle.dz\\\/index.php\\\/2025\\\/06\\\/12\\\/conge-de-maternite-131-000-beneficiaires-des-indemnites-journalieres-en-2024\\\/#primaryimage\"},\"thumbnailUrl\":\"https:\\\/\\\/lasentinelle.dz\\\/wp-content\\\/uploads\\\/2023\\\/10\\\/bentaleb.jpeg\",\"articleSection\":[\"Actualit\u00e9\"],\"inLanguage\":\"fr-FR\",\"potentialAction\":[{\"@type\":\"CommentAction\",\"name\":\"Comment\",\"target\":[\"https:\\\/\\\/lasentinelle.dz\\\/index.php\\\/2025\\\/06\\\/12\\\/conge-de-maternite-131-000-beneficiaires-des-indemnites-journalieres-en-2024\\\/#respond\"]}]},{\"@type\":\"WebPage\",\"@id\":\"https:\\\/\\\/lasentinelle.dz\\\/index.php\\\/2025\\\/06\\\/12\\\/conge-de-maternite-131-000-beneficiaires-des-indemnites-journalieres-en-2024\\\/\",\"url\":\"https:\\\/\\\/lasentinelle.dz\\\/index.php\\\/2025\\\/06\\\/12\\\/conge-de-maternite-131-000-beneficiaires-des-indemnites-journalieres-en-2024\\\/\",\"name\":\"Cong\u00e9 de maternit\u00e9\u00a0:\u00a0131.000\u00a0b\u00e9n\u00e9ficiaires des indemnit\u00e9s journali\u00e8res en 2024 - La Sentinelle\",\"isPartOf\":{\"@id\":\"https:\\\/\\\/lasentinelle.dz\\\/#website\"},\"primaryImageOfPage\":{\"@id\":\"https:\\\/\\\/lasentinelle.dz\\\/index.php\\\/2025\\\/06\\\/12\\\/conge-de-maternite-131-000-beneficiaires-des-indemnites-journalieres-en-2024\\\/#primaryimage\"},\"image\":{\"@id\":\"https:\\\/\\\/lasentinelle.dz\\\/index.php\\\/2025\\\/06\\\/12\\\/conge-de-maternite-131-000-beneficiaires-des-indemnites-journalieres-en-2024\\\/#primaryimage\"},\"thumbnailUrl\":\"https:\\\/\\\/lasentinelle.dz\\\/wp-content\\\/uploads\\\/2023\\\/10\\\/bentaleb.jpeg\",\"datePublished\":\"2025-06-12T19:27:00+00:00\",\"dateModified\":\"2025-06-12T19:27:01+00:00\",\"breadcrumb\":{\"@id\":\"https:\\\/\\\/lasentinelle.dz\\\/index.php\\\/2025\\\/06\\\/12\\\/conge-de-maternite-131-000-beneficiaires-des-indemnites-journalieres-en-2024\\\/#breadcrumb\"},\"inLanguage\":\"fr-FR\",\"potentialAction\":[{\"@type\":\"ReadAction\",\"target\":[\"https:\\\/\\\/lasentinelle.dz\\\/index.php\\\/2025\\\/06\\\/12\\\/conge-de-maternite-131-000-beneficiaires-des-indemnites-journalieres-en-2024\\\/\"]}]},{\"@type\":\"ImageObject\",\"inLanguage\":\"fr-FR\",\"@id\":\"https:\\\/\\\/lasentinelle.dz\\\/index.php\\\/2025\\\/06\\\/12\\\/conge-de-maternite-131-000-beneficiaires-des-indemnites-journalieres-en-2024\\\/#primaryimage\",\"url\":\"https:\\\/\\\/lasentinelle.dz\\\/wp-content\\\/uploads\\\/2023\\\/10\\\/bentaleb.jpeg\",\"contentUrl\":\"https:\\\/\\\/lasentinelle.dz\\\/wp-content\\\/uploads\\\/2023\\\/10\\\/bentaleb.jpeg\",\"width\":1080,\"height\":720},{\"@type\":\"BreadcrumbList\",\"@id\":\"https:\\\/\\\/lasentinelle.dz\\\/index.php\\\/2025\\\/06\\\/12\\\/conge-de-maternite-131-000-beneficiaires-des-indemnites-journalieres-en-2024\\\/#breadcrumb\",\"itemListElement\":[{\"@type\":\"ListItem\",\"position\":1,\"name\":\"Accueil\",\"item\":\"https:\\\/\\\/lasentinelle.dz\\\/\"},{\"@type\":\"ListItem\",\"position\":2,\"name\":\"Cong\u00e9 de maternit\u00e9\u00a0:\u00a0131.000\u00a0b\u00e9n\u00e9ficiaires des indemnit\u00e9s journali\u00e8res en 2024\"}]},{\"@type\":\"WebSite\",\"@id\":\"https:\\\/\\\/lasentinelle.dz\\\/#website\",\"url\":\"https:\\\/\\\/lasentinelle.dz\\\/\",\"name\":\"La Sentinelle\",\"description\":\"Quotidien national d&#039;information\",\"publisher\":{\"@id\":\"https:\\\/\\\/lasentinelle.dz\\\/#organization\"},\"potentialAction\":[{\"@type\":\"SearchAction\",\"target\":{\"@type\":\"EntryPoint\",\"urlTemplate\":\"https:\\\/\\\/lasentinelle.dz\\\/?s={search_term_string}\"},\"query-input\":{\"@type\":\"PropertyValueSpecification\",\"valueRequired\":true,\"valueName\":\"search_term_string\"}}],\"inLanguage\":\"fr-FR\"},{\"@type\":\"Organization\",\"@id\":\"https:\\\/\\\/lasentinelle.dz\\\/#organization\",\"name\":\"Quotidien La Sentinelle\",\"url\":\"https:\\\/\\\/lasentinelle.dz\\\/\",\"logo\":{\"@type\":\"ImageObject\",\"inLanguage\":\"fr-FR\",\"@id\":\"https:\\\/\\\/lasentinelle.dz\\\/#\\\/schema\\\/logo\\\/image\\\/\",\"url\":\"https:\\\/\\\/lasentinelle.dz\\\/wp-content\\\/uploads\\\/2021\\\/09\\\/logo-sentinelleSLOGAN-1.png\",\"contentUrl\":\"https:\\\/\\\/lasentinelle.dz\\\/wp-content\\\/uploads\\\/2021\\\/09\\\/logo-sentinelleSLOGAN-1.png\",\"width\":615,\"height\":142,\"caption\":\"Quotidien La Sentinelle\"},\"image\":{\"@id\":\"https:\\\/\\\/lasentinelle.dz\\\/#\\\/schema\\\/logo\\\/image\\\/\"},\"sameAs\":[\"https:\\\/\\\/www.facebook.com\\\/La-Sentinelle-104059864394773\"]},{\"@type\":\"Person\",\"@id\":\"https:\\\/\\\/lasentinelle.dz\\\/#\\\/schema\\\/person\\\/729ee0024f24e0b8c5ec17232f8e8b41\",\"name\":\"admin\",\"image\":{\"@type\":\"ImageObject\",\"inLanguage\":\"fr-FR\",\"@id\":\"https:\\\/\\\/secure.gravatar.com\\\/avatar\\\/4c81fed838786e9b53f540bf46533e750f5d292099ae3b66cfc6fb1982e29df7?s=96&d=mm&r=g\",\"url\":\"https:\\\/\\\/secure.gravatar.com\\\/avatar\\\/4c81fed838786e9b53f540bf46533e750f5d292099ae3b66cfc6fb1982e29df7?s=96&d=mm&r=g\",\"contentUrl\":\"https:\\\/\\\/secure.gravatar.com\\\/avatar\\\/4c81fed838786e9b53f540bf46533e750f5d292099ae3b66cfc6fb1982e29df7?s=96&d=mm&r=g\",\"caption\":\"admin\"},\"description\":\"admin\",\"url\":\"https:\\\/\\\/lasentinelle.dz\\\/author\\\/admin\\\/\"}]}<\/script>\n<!-- \/ Yoast SEO plugin. -->","yoast_head_json":{"title":"Cong\u00e9 de maternit\u00e9\u00a0:\u00a0131.000\u00a0b\u00e9n\u00e9ficiaires des indemnit\u00e9s journali\u00e8res en 2024 - La Sentinelle","robots":{"index":"index","follow":"follow","max-snippet":"max-snippet:-1","max-image-preview":"max-image-preview:large","max-video-preview":"max-video-preview:-1"},"canonical":"https:\/\/lasentinelle.dz\/index.php\/2025\/06\/12\/conge-de-maternite-131-000-beneficiaires-des-indemnites-journalieres-en-2024\/","og_locale":"fr_FR","og_type":"article","og_title":"Cong\u00e9 de maternit\u00e9\u00a0:\u00a0131.000\u00a0b\u00e9n\u00e9ficiaires des indemnit\u00e9s journali\u00e8res en 2024 - La Sentinelle","og_description":"Le ministre du Travail, de l&rsquo;Emploi et de la S\u00e9curit\u00e9 sociale, Fay\u00e7al Bentaleb, a r\u00e9v\u00e9l\u00e9 mercredi des chiffres significatifs concernant","og_url":"https:\/\/lasentinelle.dz\/index.php\/2025\/06\/12\/conge-de-maternite-131-000-beneficiaires-des-indemnites-journalieres-en-2024\/","og_site_name":"La Sentinelle","article_publisher":"https:\/\/www.facebook.com\/La-Sentinelle-104059864394773","article_published_time":"2025-06-12T19:27:00+00:00","article_modified_time":"2025-06-12T19:27:01+00:00","og_image":[{"width":1080,"height":720,"url":"https:\/\/lasentinelle.dz\/wp-content\/uploads\/2023\/10\/bentaleb.jpeg","type":"image\/jpeg"}],"author":"admin","twitter_card":"summary_large_image","twitter_misc":{"\u00c9crit par":"admin","Dur\u00e9e de lecture estim\u00e9e":"4 minutes"},"schema":{"@context":"https:\/\/schema.org","@graph":[{"@type":"Article","@id":"https:\/\/lasentinelle.dz\/index.php\/2025\/06\/12\/conge-de-maternite-131-000-beneficiaires-des-indemnites-journalieres-en-2024\/#article","isPartOf":{"@id":"https:\/\/lasentinelle.dz\/index.php\/2025\/06\/12\/conge-de-maternite-131-000-beneficiaires-des-indemnites-journalieres-en-2024\/"},"author":{"name":"admin","@id":"https:\/\/lasentinelle.dz\/#\/schema\/person\/729ee0024f24e0b8c5ec17232f8e8b41"},"headline":"Cong\u00e9 de maternit\u00e9\u00a0:\u00a0131.000\u00a0b\u00e9n\u00e9ficiaires des indemnit\u00e9s journali\u00e8res en 2024","datePublished":"2025-06-12T19:27:00+00:00","dateModified":"2025-06-12T19:27:01+00:00","mainEntityOfPage":{"@id":"https:\/\/lasentinelle.dz\/index.php\/2025\/06\/12\/conge-de-maternite-131-000-beneficiaires-des-indemnites-journalieres-en-2024\/"},"wordCount":689,"commentCount":0,"publisher":{"@id":"https:\/\/lasentinelle.dz\/#organization"},"image":{"@id":"https:\/\/lasentinelle.dz\/index.php\/2025\/06\/12\/conge-de-maternite-131-000-beneficiaires-des-indemnites-journalieres-en-2024\/#primaryimage"},"thumbnailUrl":"https:\/\/lasentinelle.dz\/wp-content\/uploads\/2023\/10\/bentaleb.jpeg","articleSection":["Actualit\u00e9"],"inLanguage":"fr-FR","potentialAction":[{"@type":"CommentAction","name":"Comment","target":["https:\/\/lasentinelle.dz\/index.php\/2025\/06\/12\/conge-de-maternite-131-000-beneficiaires-des-indemnites-journalieres-en-2024\/#respond"]}]},{"@type":"WebPage","@id":"https:\/\/lasentinelle.dz\/index.php\/2025\/06\/12\/conge-de-maternite-131-000-beneficiaires-des-indemnites-journalieres-en-2024\/","url":"https:\/\/lasentinelle.dz\/index.php\/2025\/06\/12\/conge-de-maternite-131-000-beneficiaires-des-indemnites-journalieres-en-2024\/","name":"Cong\u00e9 de maternit\u00e9\u00a0:\u00a0131.000\u00a0b\u00e9n\u00e9ficiaires des indemnit\u00e9s journali\u00e8res en 2024 - La Sentinelle","isPartOf":{"@id":"https:\/\/lasentinelle.dz\/#website"},"primaryImageOfPage":{"@id":"https:\/\/lasentinelle.dz\/index.php\/2025\/06\/12\/conge-de-maternite-131-000-beneficiaires-des-indemnites-journalieres-en-2024\/#primaryimage"},"image":{"@id":"https:\/\/lasentinelle.dz\/index.php\/2025\/06\/12\/conge-de-maternite-131-000-beneficiaires-des-indemnites-journalieres-en-2024\/#primaryimage"},"thumbnailUrl":"https:\/\/lasentinelle.dz\/wp-content\/uploads\/2023\/10\/bentaleb.jpeg","datePublished":"2025-06-12T19:27:00+00:00","dateModified":"2025-06-12T19:27:01+00:00","breadcrumb":{"@id":"https:\/\/lasentinelle.dz\/index.php\/2025\/06\/12\/conge-de-maternite-131-000-beneficiaires-des-indemnites-journalieres-en-2024\/#breadcrumb"},"inLanguage":"fr-FR","potentialAction":[{"@type":"ReadAction","target":["https:\/\/lasentinelle.dz\/index.php\/2025\/06\/12\/conge-de-maternite-131-000-beneficiaires-des-indemnites-journalieres-en-2024\/"]}]},{"@type":"ImageObject","inLanguage":"fr-FR","@id":"https:\/\/lasentinelle.dz\/index.php\/2025\/06\/12\/conge-de-maternite-131-000-beneficiaires-des-indemnites-journalieres-en-2024\/#primaryimage","url":"https:\/\/lasentinelle.dz\/wp-content\/uploads\/2023\/10\/bentaleb.jpeg","contentUrl":"https:\/\/lasentinelle.dz\/wp-content\/uploads\/2023\/10\/bentaleb.jpeg","width":1080,"height":720},{"@type":"BreadcrumbList","@id":"https:\/\/lasentinelle.dz\/index.php\/2025\/06\/12\/conge-de-maternite-131-000-beneficiaires-des-indemnites-journalieres-en-2024\/#breadcrumb","itemListElement":[{"@type":"ListItem","position":1,"name":"Accueil","item":"https:\/\/lasentinelle.dz\/"},{"@type":"ListItem","position":2,"name":"Cong\u00e9 de maternit\u00e9\u00a0:\u00a0131.000\u00a0b\u00e9n\u00e9ficiaires des indemnit\u00e9s journali\u00e8res en 2024"}]},{"@type":"WebSite","@id":"https:\/\/lasentinelle.dz\/#website","url":"https:\/\/lasentinelle.dz\/","name":"La Sentinelle","description":"Quotidien national d&#039;information","publisher":{"@id":"https:\/\/lasentinelle.dz\/#organization"},"potentialAction":[{"@type":"SearchAction","target":{"@type":"EntryPoint","urlTemplate":"https:\/\/lasentinelle.dz\/?s={search_term_string}"},"query-input":{"@type":"PropertyValueSpecification","valueRequired":true,"valueName":"search_term_string"}}],"inLanguage":"fr-FR"},{"@type":"Organization","@id":"https:\/\/lasentinelle.dz\/#organization","name":"Quotidien La Sentinelle","url":"https:\/\/lasentinelle.dz\/","logo":{"@type":"ImageObject","inLanguage":"fr-FR","@id":"https:\/\/lasentinelle.dz\/#\/schema\/logo\/image\/","url":"https:\/\/lasentinelle.dz\/wp-content\/uploads\/2021\/09\/logo-sentinelleSLOGAN-1.png","contentUrl":"https:\/\/lasentinelle.dz\/wp-content\/uploads\/2021\/09\/logo-sentinelleSLOGAN-1.png","width":615,"height":142,"caption":"Quotidien La Sentinelle"},"image":{"@id":"https:\/\/lasentinelle.dz\/#\/schema\/logo\/image\/"},"sameAs":["https:\/\/www.facebook.com\/La-Sentinelle-104059864394773"]},{"@type":"Person","@id":"https:\/\/lasentinelle.dz\/#\/schema\/person\/729ee0024f24e0b8c5ec17232f8e8b41","name":"admin","image":{"@type":"ImageObject","inLanguage":"fr-FR","@id":"https:\/\/secure.gravatar.com\/avatar\/4c81fed838786e9b53f540bf46533e750f5d292099ae3b66cfc6fb1982e29df7?s=96&d=mm&r=g","url":"https:\/\/secure.gravatar.com\/avatar\/4c81fed838786e9b53f540bf46533e750f5d292099ae3b66cfc6fb1982e29df7?s=96&d=mm&r=g","contentUrl":"https:\/\/secure.gravatar.com\/avatar\/4c81fed838786e9b53f540bf46533e750f5d292099ae3b66cfc6fb1982e29df7?s=96&d=mm&r=g","caption":"admin"},"description":"admin","url":"https:\/\/lasentinelle.dz\/author\/admin\/"}]}},"_links":{"self":[{"href":"https:\/\/lasentinelle.dz\/index.php\/wp-json\/wp\/v2\/posts\/68805","targetHints":{"allow":["GET"]}}],"collection":[{"href":"https:\/\/lasentinelle.dz\/index.php\/wp-json\/wp\/v2\/posts"}],"about":[{"href":"https:\/\/lasentinelle.dz\/index.php\/wp-json\/wp\/v2\/types\/post"}],"author":[{"embeddable":true,"href":"https:\/\/lasentinelle.dz\/index.php\/wp-json\/wp\/v2\/users\/6"}],"replies":[{"embeddable":true,"href":"https:\/\/lasentinelle.dz\/index.php\/wp-json\/wp\/v2\/comments?post=68805"}],"version-history":[{"count":1,"href":"https:\/\/lasentinelle.dz\/index.php\/wp-json\/wp\/v2\/posts\/68805\/revisions"}],"predecessor-version":[{"id":68806,"href":"https:\/\/lasentinelle.dz\/index.php\/wp-json\/wp\/v2\/posts\/68805\/revisions\/68806"}],"wp:featuredmedia":[{"embeddable":true,"href":"https:\/\/lasentinelle.dz\/index.php\/wp-json\/wp\/v2\/media\/46694"}],"wp:attachment":[{"href":"https:\/\/lasentinelle.dz\/index.php\/wp-json\/wp\/v2\/media?parent=68805"}],"wp:term":[{"taxonomy":"category","embeddable":true,"href":"https:\/\/lasentinelle.dz\/index.php\/wp-json\/wp\/v2\/categories?post=68805"},{"taxonomy":"post_tag","embeddable":true,"href":"https:\/\/lasentinelle.dz\/index.php\/wp-json\/wp\/v2\/tags?post=68805"}],"curies":[{"name":"wp","href":"https:\/\/api.w.org\/{rel}","templated":true}]}}