{"id":68807,"date":"2025-06-12T20:27:41","date_gmt":"2025-06-12T19:27:41","guid":{"rendered":"https:\/\/lasentinelle.dz\/?p=68807"},"modified":"2025-06-12T20:27:42","modified_gmt":"2025-06-12T19:27:42","slug":"attendu-depuis-des-annees-le-projet-de-banque-postale-relance","status":"publish","type":"post","link":"https:\/\/lasentinelle.dz\/index.php\/2025\/06\/12\/attendu-depuis-des-annees-le-projet-de-banque-postale-relance\/","title":{"rendered":"Attendu depuis des ann\u00e9es\u00a0:\u00a0Le projet\u00a0de\u00a0banque postale\u00a0relanc\u00e9"},"content":{"rendered":"\n<p>Le Premier ministre Nadir Larbaoui a pr\u00e9sid\u00e9 mercredi une r\u00e9union du Gouvernement au cours de laquelle plusieurs dossiers strat\u00e9giques ont \u00e9t\u00e9 examin\u00e9s, dont un projet particuli\u00e8rement attendu : la cr\u00e9ation d&rsquo;une banque postale. Cette initiative, qui fait l&rsquo;objet de discussions depuis plusieurs ann\u00e9es, franchit une nouvelle \u00e9tape importante dans le processus de modernisation du secteur bancaire alg\u00e9rien.<\/p>\n\n\n\n<p>\u00ab\u00a0Dans le cadre du renforcement et de la modernisation des services bancaires, le Gouvernement a entendu une communication sur le projet de cr\u00e9ation d&rsquo;une banque postale sous la forme d&rsquo;une filiale d&rsquo;Alg\u00e9rie Poste\u00a0\u00bb, indique le communiqu\u00e9 des Services du Premier ministre. Selon les autorit\u00e9s, \u00ab\u00a0ce projet contribuera \u00e0 rapprocher les services bancaires des citoyens, \u00e0 attirer les d\u00e9p\u00f4ts financiers, et \u00e0 am\u00e9liorer les services financiers universels et diversifi\u00e9s.\u00a0\u00bb<\/p>\n\n\n\n<p>Cette initiative s&rsquo;appuie sur les atouts consid\u00e9rables du r\u00e9seau postal alg\u00e9rien, qui compte pr\u00e8s de 4 300 bureaux de poste r\u00e9partis sur l&rsquo;ensemble du territoire national en 2023. Ce maillage territorial, enti\u00e8rement connect\u00e9, repr\u00e9sente un avantage concurrentiel majeur pour d\u00e9velopper l&rsquo;inclusion financi\u00e8re dans le pays. Les chiffres parlent d&rsquo;eux-m\u00eames : le r\u00e9seau postal g\u00e8re d\u00e9j\u00e0 plus de 27,5 millions de comptes courants postaux fin juin 2023, d\u00e9montrant la confiance des citoyens envers cette institution.<\/p>\n\n\n\n<p>Le projet de banque postale s&rsquo;inscrit dans une d\u00e9marche de valorisation de cette infrastructure existante, qui couvre toutes les r\u00e9gions du pays, y compris les zones les plus recul\u00e9es o\u00f9 l&rsquo;acc\u00e8s aux services bancaires traditionnels reste limit\u00e9. La transformation d&rsquo;Alg\u00e9rie Poste en acteur bancaire de r\u00e9f\u00e9rence pourrait ainsi r\u00e9pondre aux besoins croissants de la population en mati\u00e8re de services financiers modernes et accessibles.<\/p>\n\n\n\n<p>Cette r\u00e9flexion sur la modernisation des services postaux n&rsquo;est pas nouvelle. Elle s&rsquo;appuie notamment sur les recommandations du cabinet international de conseil Ernst &amp; Young, qui avait r\u00e9alis\u00e9 un diagnostic complet d&rsquo;Alg\u00e9rie Poste au d\u00e9but des ann\u00e9es 2000, identifiant les potentialit\u00e9s de d\u00e9veloppement de l&rsquo;\u00e9tablissement postal vers des activit\u00e9s bancaires diversifi\u00e9es.<\/p>\n\n\n\n<p><strong>Plusieurs&nbsp;dossiers \u00e0 l&rsquo;ordre du jour&nbsp;<\/strong><\/p>\n\n\n\n<p>Outre ce projet bancaire, la r\u00e9union gouvernementale a permis d&rsquo;examiner plusieurs autres dossiers sectoriels d&rsquo;importance. Le Premier ministre et son \u00e9quipe ont notamment fait le point sur \u00ab\u00a0l&rsquo;\u00e9tat de mise en \u0153uvre des programmes compl\u00e9mentaires au profit de certaines wilayas du pays\u00a0\u00bb, programmes qui \u00ab\u00a0constituent un axe majeur de la vision strat\u00e9gique de Monsieur le Pr\u00e9sident de la R\u00e9publique pour pallier les disparit\u00e9s en mati\u00e8re de d\u00e9veloppement entre les wilayas et propulser leur dynamique \u00e9conomique et sociale.\u00a0\u00bb<\/p>\n\n\n\n<p>Le Gouvernement a \u00e9galement \u00e9t\u00e9 inform\u00e9 des avanc\u00e9es concernant \u00ab\u00a0le raccordement au r\u00e9seau \u00e9lectrique des exploitations et des grands projets agricoles des cultures strat\u00e9giques\u00a0\u00bb, initiative qui \u00ab\u00a0s&rsquo;inscrit dans le cadre du programme ambitieux de s\u00e9curit\u00e9 alimentaire, mis en place par Monsieur le Pr\u00e9sident de la R\u00e9publique.\u00a0\u00bb Les autorit\u00e9s ont soulign\u00e9 \u00ab\u00a0les importants moyens consentis par l&rsquo;Etat pour relever les d\u00e9fis logistiques afin d&rsquo;assurer la r\u00e9ussite de ces projets strat\u00e9giques.\u00a0\u00bb<\/p>\n\n\n\n<p>Par ailleurs, le bilan de \u00ab\u00a0l&rsquo;organisation de l&rsquo;examen du Brevet de l&rsquo;enseignement moyen durant la p\u00e9riode du 1er au 3 juin 2025\u00a0\u00bb a \u00e9t\u00e9 pr\u00e9sent\u00e9. Cette \u00ab\u00a0\u00e9tape importante dans le parcours scolaire des \u00e9l\u00e8ves s&rsquo;est d\u00e9roul\u00e9e dans de bonnes conditions, marqu\u00e9es par la bonne gouvernance, la transparence et l&rsquo;int\u00e9grit\u00e9 p\u00e9dagogique\u00a0\u00bb, selon le communiqu\u00e9 officiel.<\/p>\n\n\n\n<p>Enfin, les membres du Gouvernement ont pris connaissance du \u00ab\u00a0projet de la strat\u00e9gie de gestion des d\u00e9chets 2025-2029\u00a0\u00bb, un \u00ab\u00a0plan national qui vise \u00e0 mettre en place un syst\u00e8me efficace et int\u00e9gr\u00e9 de gestion des d\u00e9chets\u00a0\u00bb avec pour objectifs principaux \u00ab\u00a0la r\u00e9duction des d\u00e9chets, l&rsquo;am\u00e9lioration du tri et du recyclage, et la cr\u00e9ation d&#8217;emplois verts, tout en renfor\u00e7ant la participation locale et en contribuant \u00e0 l&rsquo;am\u00e9lioration de la qualit\u00e9 de l&rsquo;environnement.\u00a0\u00bb<\/p>\n\n\n\n<p>Samir Benisid<\/p>\n","protected":false},"excerpt":{"rendered":"<p>Le Premier ministre Nadir Larbaoui a pr\u00e9sid\u00e9 mercredi une r\u00e9union du Gouvernement au cours de laquelle plusieurs dossiers strat\u00e9giques ont<\/p>\n","protected":false},"author":6,"featured_media":68808,"comment_status":"open","ping_status":"closed","sticky":false,"template":"","format":"standard","meta":{"colormag_page_container_layout":"default_layout","colormag_page_sidebar_layout":"default_layout","om_disable_all_campaigns":false,"_monsterinsights_skip_tracking":false,"_monsterinsights_sitenote_active":false,"_monsterinsights_sitenote_note":"","_monsterinsights_sitenote_category":0,"footnotes":"","_wpscppro_dont_share_socialmedia":false,"_wpscppro_custom_social_share_image":0,"_facebook_share_type":"default","_twitter_share_type":"default","_linkedin_share_type":"default","_pinterest_share_type":"default","_linkedin_share_type_page":"","_instagram_share_type":"default","_medium_share_type":"default","_threads_share_type":"","_google_business_share_type":"","_selected_social_profile":[],"_wpsp_enable_custom_social_template":false,"_wpsp_social_scheduling":{"enabled":false,"datetime":null,"platforms":[],"status":"template_only","dateOption":"today","timeOption":"now","customDays":"","customHours":"","customDate":"","customTime":"","schedulingType":"absolute"},"_wpsp_active_default_template":true},"categories":[52,27],"tags":[],"class_list":["post-68807","post","type-post","status-publish","format-standard","has-post-thumbnail","hentry","category-a-la-une","category-actualite"],"aioseo_notices":[],"yoast_head":"<!-- This site is optimized with the Yoast SEO plugin v27.5 - https:\/\/yoast.com\/product\/yoast-seo-wordpress\/ -->\n<title>Attendu depuis des ann\u00e9es\u00a0:\u00a0Le projet\u00a0de\u00a0banque postale\u00a0relanc\u00e9 - La Sentinelle<\/title>\n<meta name=\"robots\" content=\"index, follow, max-snippet:-1, max-image-preview:large, max-video-preview:-1\" \/>\n<link rel=\"canonical\" href=\"https:\/\/lasentinelle.dz\/index.php\/2025\/06\/12\/attendu-depuis-des-annees-le-projet-de-banque-postale-relance\/\" \/>\n<meta property=\"og:locale\" content=\"fr_FR\" \/>\n<meta property=\"og:type\" content=\"article\" \/>\n<meta property=\"og:title\" content=\"Attendu depuis des ann\u00e9es\u00a0:\u00a0Le projet\u00a0de\u00a0banque postale\u00a0relanc\u00e9 - La Sentinelle\" \/>\n<meta property=\"og:description\" content=\"Le Premier ministre Nadir Larbaoui a pr\u00e9sid\u00e9 mercredi une r\u00e9union du Gouvernement au cours de laquelle plusieurs dossiers strat\u00e9giques ont\" \/>\n<meta property=\"og:url\" content=\"https:\/\/lasentinelle.dz\/index.php\/2025\/06\/12\/attendu-depuis-des-annees-le-projet-de-banque-postale-relance\/\" \/>\n<meta property=\"og:site_name\" content=\"La Sentinelle\" \/>\n<meta property=\"article:publisher\" content=\"https:\/\/www.facebook.com\/La-Sentinelle-104059864394773\" \/>\n<meta property=\"article:published_time\" content=\"2025-06-12T19:27:41+00:00\" \/>\n<meta property=\"article:modified_time\" content=\"2025-06-12T19:27:42+00:00\" \/>\n<meta property=\"og:image\" content=\"https:\/\/lasentinelle.dz\/wp-content\/uploads\/2025\/06\/algerie_poste.jpeg\" \/>\n\t<meta property=\"og:image:width\" content=\"966\" \/>\n\t<meta property=\"og:image:height\" content=\"544\" \/>\n\t<meta property=\"og:image:type\" content=\"image\/jpeg\" \/>\n<meta name=\"author\" content=\"admin\" \/>\n<meta name=\"twitter:card\" content=\"summary_large_image\" \/>\n<meta name=\"twitter:label1\" content=\"\u00c9crit par\" \/>\n\t<meta name=\"twitter:data1\" content=\"admin\" \/>\n\t<meta name=\"twitter:label2\" content=\"Dur\u00e9e de lecture estim\u00e9e\" \/>\n\t<meta name=\"twitter:data2\" content=\"4 minutes\" \/>\n<script type=\"application\/ld+json\" class=\"yoast-schema-graph\">{\"@context\":\"https:\\\/\\\/schema.org\",\"@graph\":[{\"@type\":\"Article\",\"@id\":\"https:\\\/\\\/lasentinelle.dz\\\/index.php\\\/2025\\\/06\\\/12\\\/attendu-depuis-des-annees-le-projet-de-banque-postale-relance\\\/#article\",\"isPartOf\":{\"@id\":\"https:\\\/\\\/lasentinelle.dz\\\/index.php\\\/2025\\\/06\\\/12\\\/attendu-depuis-des-annees-le-projet-de-banque-postale-relance\\\/\"},\"author\":{\"name\":\"admin\",\"@id\":\"https:\\\/\\\/lasentinelle.dz\\\/#\\\/schema\\\/person\\\/729ee0024f24e0b8c5ec17232f8e8b41\"},\"headline\":\"Attendu depuis des ann\u00e9es\u00a0:\u00a0Le projet\u00a0de\u00a0banque postale\u00a0relanc\u00e9\",\"datePublished\":\"2025-06-12T19:27:41+00:00\",\"dateModified\":\"2025-06-12T19:27:42+00:00\",\"mainEntityOfPage\":{\"@id\":\"https:\\\/\\\/lasentinelle.dz\\\/index.php\\\/2025\\\/06\\\/12\\\/attendu-depuis-des-annees-le-projet-de-banque-postale-relance\\\/\"},\"wordCount\":705,\"commentCount\":0,\"publisher\":{\"@id\":\"https:\\\/\\\/lasentinelle.dz\\\/#organization\"},\"image\":{\"@id\":\"https:\\\/\\\/lasentinelle.dz\\\/index.php\\\/2025\\\/06\\\/12\\\/attendu-depuis-des-annees-le-projet-de-banque-postale-relance\\\/#primaryimage\"},\"thumbnailUrl\":\"https:\\\/\\\/lasentinelle.dz\\\/wp-content\\\/uploads\\\/2025\\\/06\\\/algerie_poste.jpeg\",\"articleSection\":[\"\u00c0 la Une\",\"Actualit\u00e9\"],\"inLanguage\":\"fr-FR\",\"potentialAction\":[{\"@type\":\"CommentAction\",\"name\":\"Comment\",\"target\":[\"https:\\\/\\\/lasentinelle.dz\\\/index.php\\\/2025\\\/06\\\/12\\\/attendu-depuis-des-annees-le-projet-de-banque-postale-relance\\\/#respond\"]}]},{\"@type\":\"WebPage\",\"@id\":\"https:\\\/\\\/lasentinelle.dz\\\/index.php\\\/2025\\\/06\\\/12\\\/attendu-depuis-des-annees-le-projet-de-banque-postale-relance\\\/\",\"url\":\"https:\\\/\\\/lasentinelle.dz\\\/index.php\\\/2025\\\/06\\\/12\\\/attendu-depuis-des-annees-le-projet-de-banque-postale-relance\\\/\",\"name\":\"Attendu depuis des ann\u00e9es\u00a0:\u00a0Le projet\u00a0de\u00a0banque postale\u00a0relanc\u00e9 - La Sentinelle\",\"isPartOf\":{\"@id\":\"https:\\\/\\\/lasentinelle.dz\\\/#website\"},\"primaryImageOfPage\":{\"@id\":\"https:\\\/\\\/lasentinelle.dz\\\/index.php\\\/2025\\\/06\\\/12\\\/attendu-depuis-des-annees-le-projet-de-banque-postale-relance\\\/#primaryimage\"},\"image\":{\"@id\":\"https:\\\/\\\/lasentinelle.dz\\\/index.php\\\/2025\\\/06\\\/12\\\/attendu-depuis-des-annees-le-projet-de-banque-postale-relance\\\/#primaryimage\"},\"thumbnailUrl\":\"https:\\\/\\\/lasentinelle.dz\\\/wp-content\\\/uploads\\\/2025\\\/06\\\/algerie_poste.jpeg\",\"datePublished\":\"2025-06-12T19:27:41+00:00\",\"dateModified\":\"2025-06-12T19:27:42+00:00\",\"breadcrumb\":{\"@id\":\"https:\\\/\\\/lasentinelle.dz\\\/index.php\\\/2025\\\/06\\\/12\\\/attendu-depuis-des-annees-le-projet-de-banque-postale-relance\\\/#breadcrumb\"},\"inLanguage\":\"fr-FR\",\"potentialAction\":[{\"@type\":\"ReadAction\",\"target\":[\"https:\\\/\\\/lasentinelle.dz\\\/index.php\\\/2025\\\/06\\\/12\\\/attendu-depuis-des-annees-le-projet-de-banque-postale-relance\\\/\"]}]},{\"@type\":\"ImageObject\",\"inLanguage\":\"fr-FR\",\"@id\":\"https:\\\/\\\/lasentinelle.dz\\\/index.php\\\/2025\\\/06\\\/12\\\/attendu-depuis-des-annees-le-projet-de-banque-postale-relance\\\/#primaryimage\",\"url\":\"https:\\\/\\\/lasentinelle.dz\\\/wp-content\\\/uploads\\\/2025\\\/06\\\/algerie_poste.jpeg\",\"contentUrl\":\"https:\\\/\\\/lasentinelle.dz\\\/wp-content\\\/uploads\\\/2025\\\/06\\\/algerie_poste.jpeg\",\"width\":966,\"height\":544},{\"@type\":\"BreadcrumbList\",\"@id\":\"https:\\\/\\\/lasentinelle.dz\\\/index.php\\\/2025\\\/06\\\/12\\\/attendu-depuis-des-annees-le-projet-de-banque-postale-relance\\\/#breadcrumb\",\"itemListElement\":[{\"@type\":\"ListItem\",\"position\":1,\"name\":\"Accueil\",\"item\":\"https:\\\/\\\/lasentinelle.dz\\\/\"},{\"@type\":\"ListItem\",\"position\":2,\"name\":\"Attendu depuis des ann\u00e9es\u00a0:\u00a0Le projet\u00a0de\u00a0banque postale\u00a0relanc\u00e9\"}]},{\"@type\":\"WebSite\",\"@id\":\"https:\\\/\\\/lasentinelle.dz\\\/#website\",\"url\":\"https:\\\/\\\/lasentinelle.dz\\\/\",\"name\":\"La Sentinelle\",\"description\":\"Quotidien national d&#039;information\",\"publisher\":{\"@id\":\"https:\\\/\\\/lasentinelle.dz\\\/#organization\"},\"potentialAction\":[{\"@type\":\"SearchAction\",\"target\":{\"@type\":\"EntryPoint\",\"urlTemplate\":\"https:\\\/\\\/lasentinelle.dz\\\/?s={search_term_string}\"},\"query-input\":{\"@type\":\"PropertyValueSpecification\",\"valueRequired\":true,\"valueName\":\"search_term_string\"}}],\"inLanguage\":\"fr-FR\"},{\"@type\":\"Organization\",\"@id\":\"https:\\\/\\\/lasentinelle.dz\\\/#organization\",\"name\":\"Quotidien La Sentinelle\",\"url\":\"https:\\\/\\\/lasentinelle.dz\\\/\",\"logo\":{\"@type\":\"ImageObject\",\"inLanguage\":\"fr-FR\",\"@id\":\"https:\\\/\\\/lasentinelle.dz\\\/#\\\/schema\\\/logo\\\/image\\\/\",\"url\":\"https:\\\/\\\/lasentinelle.dz\\\/wp-content\\\/uploads\\\/2021\\\/09\\\/logo-sentinelleSLOGAN-1.png\",\"contentUrl\":\"https:\\\/\\\/lasentinelle.dz\\\/wp-content\\\/uploads\\\/2021\\\/09\\\/logo-sentinelleSLOGAN-1.png\",\"width\":615,\"height\":142,\"caption\":\"Quotidien La Sentinelle\"},\"image\":{\"@id\":\"https:\\\/\\\/lasentinelle.dz\\\/#\\\/schema\\\/logo\\\/image\\\/\"},\"sameAs\":[\"https:\\\/\\\/www.facebook.com\\\/La-Sentinelle-104059864394773\"]},{\"@type\":\"Person\",\"@id\":\"https:\\\/\\\/lasentinelle.dz\\\/#\\\/schema\\\/person\\\/729ee0024f24e0b8c5ec17232f8e8b41\",\"name\":\"admin\",\"image\":{\"@type\":\"ImageObject\",\"inLanguage\":\"fr-FR\",\"@id\":\"https:\\\/\\\/secure.gravatar.com\\\/avatar\\\/4c81fed838786e9b53f540bf46533e750f5d292099ae3b66cfc6fb1982e29df7?s=96&d=mm&r=g\",\"url\":\"https:\\\/\\\/secure.gravatar.com\\\/avatar\\\/4c81fed838786e9b53f540bf46533e750f5d292099ae3b66cfc6fb1982e29df7?s=96&d=mm&r=g\",\"contentUrl\":\"https:\\\/\\\/secure.gravatar.com\\\/avatar\\\/4c81fed838786e9b53f540bf46533e750f5d292099ae3b66cfc6fb1982e29df7?s=96&d=mm&r=g\",\"caption\":\"admin\"},\"description\":\"admin\",\"url\":\"https:\\\/\\\/lasentinelle.dz\\\/author\\\/admin\\\/\"}]}<\/script>\n<!-- \/ Yoast SEO plugin. -->","yoast_head_json":{"title":"Attendu depuis des ann\u00e9es\u00a0:\u00a0Le projet\u00a0de\u00a0banque postale\u00a0relanc\u00e9 - La Sentinelle","robots":{"index":"index","follow":"follow","max-snippet":"max-snippet:-1","max-image-preview":"max-image-preview:large","max-video-preview":"max-video-preview:-1"},"canonical":"https:\/\/lasentinelle.dz\/index.php\/2025\/06\/12\/attendu-depuis-des-annees-le-projet-de-banque-postale-relance\/","og_locale":"fr_FR","og_type":"article","og_title":"Attendu depuis des ann\u00e9es\u00a0:\u00a0Le projet\u00a0de\u00a0banque postale\u00a0relanc\u00e9 - La Sentinelle","og_description":"Le Premier ministre Nadir Larbaoui a pr\u00e9sid\u00e9 mercredi une r\u00e9union du Gouvernement au cours de laquelle plusieurs dossiers strat\u00e9giques ont","og_url":"https:\/\/lasentinelle.dz\/index.php\/2025\/06\/12\/attendu-depuis-des-annees-le-projet-de-banque-postale-relance\/","og_site_name":"La Sentinelle","article_publisher":"https:\/\/www.facebook.com\/La-Sentinelle-104059864394773","article_published_time":"2025-06-12T19:27:41+00:00","article_modified_time":"2025-06-12T19:27:42+00:00","og_image":[{"width":966,"height":544,"url":"https:\/\/lasentinelle.dz\/wp-content\/uploads\/2025\/06\/algerie_poste.jpeg","type":"image\/jpeg"}],"author":"admin","twitter_card":"summary_large_image","twitter_misc":{"\u00c9crit par":"admin","Dur\u00e9e de lecture estim\u00e9e":"4 minutes"},"schema":{"@context":"https:\/\/schema.org","@graph":[{"@type":"Article","@id":"https:\/\/lasentinelle.dz\/index.php\/2025\/06\/12\/attendu-depuis-des-annees-le-projet-de-banque-postale-relance\/#article","isPartOf":{"@id":"https:\/\/lasentinelle.dz\/index.php\/2025\/06\/12\/attendu-depuis-des-annees-le-projet-de-banque-postale-relance\/"},"author":{"name":"admin","@id":"https:\/\/lasentinelle.dz\/#\/schema\/person\/729ee0024f24e0b8c5ec17232f8e8b41"},"headline":"Attendu depuis des ann\u00e9es\u00a0:\u00a0Le projet\u00a0de\u00a0banque postale\u00a0relanc\u00e9","datePublished":"2025-06-12T19:27:41+00:00","dateModified":"2025-06-12T19:27:42+00:00","mainEntityOfPage":{"@id":"https:\/\/lasentinelle.dz\/index.php\/2025\/06\/12\/attendu-depuis-des-annees-le-projet-de-banque-postale-relance\/"},"wordCount":705,"commentCount":0,"publisher":{"@id":"https:\/\/lasentinelle.dz\/#organization"},"image":{"@id":"https:\/\/lasentinelle.dz\/index.php\/2025\/06\/12\/attendu-depuis-des-annees-le-projet-de-banque-postale-relance\/#primaryimage"},"thumbnailUrl":"https:\/\/lasentinelle.dz\/wp-content\/uploads\/2025\/06\/algerie_poste.jpeg","articleSection":["\u00c0 la Une","Actualit\u00e9"],"inLanguage":"fr-FR","potentialAction":[{"@type":"CommentAction","name":"Comment","target":["https:\/\/lasentinelle.dz\/index.php\/2025\/06\/12\/attendu-depuis-des-annees-le-projet-de-banque-postale-relance\/#respond"]}]},{"@type":"WebPage","@id":"https:\/\/lasentinelle.dz\/index.php\/2025\/06\/12\/attendu-depuis-des-annees-le-projet-de-banque-postale-relance\/","url":"https:\/\/lasentinelle.dz\/index.php\/2025\/06\/12\/attendu-depuis-des-annees-le-projet-de-banque-postale-relance\/","name":"Attendu depuis des ann\u00e9es\u00a0:\u00a0Le projet\u00a0de\u00a0banque postale\u00a0relanc\u00e9 - La Sentinelle","isPartOf":{"@id":"https:\/\/lasentinelle.dz\/#website"},"primaryImageOfPage":{"@id":"https:\/\/lasentinelle.dz\/index.php\/2025\/06\/12\/attendu-depuis-des-annees-le-projet-de-banque-postale-relance\/#primaryimage"},"image":{"@id":"https:\/\/lasentinelle.dz\/index.php\/2025\/06\/12\/attendu-depuis-des-annees-le-projet-de-banque-postale-relance\/#primaryimage"},"thumbnailUrl":"https:\/\/lasentinelle.dz\/wp-content\/uploads\/2025\/06\/algerie_poste.jpeg","datePublished":"2025-06-12T19:27:41+00:00","dateModified":"2025-06-12T19:27:42+00:00","breadcrumb":{"@id":"https:\/\/lasentinelle.dz\/index.php\/2025\/06\/12\/attendu-depuis-des-annees-le-projet-de-banque-postale-relance\/#breadcrumb"},"inLanguage":"fr-FR","potentialAction":[{"@type":"ReadAction","target":["https:\/\/lasentinelle.dz\/index.php\/2025\/06\/12\/attendu-depuis-des-annees-le-projet-de-banque-postale-relance\/"]}]},{"@type":"ImageObject","inLanguage":"fr-FR","@id":"https:\/\/lasentinelle.dz\/index.php\/2025\/06\/12\/attendu-depuis-des-annees-le-projet-de-banque-postale-relance\/#primaryimage","url":"https:\/\/lasentinelle.dz\/wp-content\/uploads\/2025\/06\/algerie_poste.jpeg","contentUrl":"https:\/\/lasentinelle.dz\/wp-content\/uploads\/2025\/06\/algerie_poste.jpeg","width":966,"height":544},{"@type":"BreadcrumbList","@id":"https:\/\/lasentinelle.dz\/index.php\/2025\/06\/12\/attendu-depuis-des-annees-le-projet-de-banque-postale-relance\/#breadcrumb","itemListElement":[{"@type":"ListItem","position":1,"name":"Accueil","item":"https:\/\/lasentinelle.dz\/"},{"@type":"ListItem","position":2,"name":"Attendu depuis des ann\u00e9es\u00a0:\u00a0Le projet\u00a0de\u00a0banque postale\u00a0relanc\u00e9"}]},{"@type":"WebSite","@id":"https:\/\/lasentinelle.dz\/#website","url":"https:\/\/lasentinelle.dz\/","name":"La Sentinelle","description":"Quotidien national d&#039;information","publisher":{"@id":"https:\/\/lasentinelle.dz\/#organization"},"potentialAction":[{"@type":"SearchAction","target":{"@type":"EntryPoint","urlTemplate":"https:\/\/lasentinelle.dz\/?s={search_term_string}"},"query-input":{"@type":"PropertyValueSpecification","valueRequired":true,"valueName":"search_term_string"}}],"inLanguage":"fr-FR"},{"@type":"Organization","@id":"https:\/\/lasentinelle.dz\/#organization","name":"Quotidien La Sentinelle","url":"https:\/\/lasentinelle.dz\/","logo":{"@type":"ImageObject","inLanguage":"fr-FR","@id":"https:\/\/lasentinelle.dz\/#\/schema\/logo\/image\/","url":"https:\/\/lasentinelle.dz\/wp-content\/uploads\/2021\/09\/logo-sentinelleSLOGAN-1.png","contentUrl":"https:\/\/lasentinelle.dz\/wp-content\/uploads\/2021\/09\/logo-sentinelleSLOGAN-1.png","width":615,"height":142,"caption":"Quotidien La Sentinelle"},"image":{"@id":"https:\/\/lasentinelle.dz\/#\/schema\/logo\/image\/"},"sameAs":["https:\/\/www.facebook.com\/La-Sentinelle-104059864394773"]},{"@type":"Person","@id":"https:\/\/lasentinelle.dz\/#\/schema\/person\/729ee0024f24e0b8c5ec17232f8e8b41","name":"admin","image":{"@type":"ImageObject","inLanguage":"fr-FR","@id":"https:\/\/secure.gravatar.com\/avatar\/4c81fed838786e9b53f540bf46533e750f5d292099ae3b66cfc6fb1982e29df7?s=96&d=mm&r=g","url":"https:\/\/secure.gravatar.com\/avatar\/4c81fed838786e9b53f540bf46533e750f5d292099ae3b66cfc6fb1982e29df7?s=96&d=mm&r=g","contentUrl":"https:\/\/secure.gravatar.com\/avatar\/4c81fed838786e9b53f540bf46533e750f5d292099ae3b66cfc6fb1982e29df7?s=96&d=mm&r=g","caption":"admin"},"description":"admin","url":"https:\/\/lasentinelle.dz\/author\/admin\/"}]}},"_links":{"self":[{"href":"https:\/\/lasentinelle.dz\/index.php\/wp-json\/wp\/v2\/posts\/68807","targetHints":{"allow":["GET"]}}],"collection":[{"href":"https:\/\/lasentinelle.dz\/index.php\/wp-json\/wp\/v2\/posts"}],"about":[{"href":"https:\/\/lasentinelle.dz\/index.php\/wp-json\/wp\/v2\/types\/post"}],"author":[{"embeddable":true,"href":"https:\/\/lasentinelle.dz\/index.php\/wp-json\/wp\/v2\/users\/6"}],"replies":[{"embeddable":true,"href":"https:\/\/lasentinelle.dz\/index.php\/wp-json\/wp\/v2\/comments?post=68807"}],"version-history":[{"count":1,"href":"https:\/\/lasentinelle.dz\/index.php\/wp-json\/wp\/v2\/posts\/68807\/revisions"}],"predecessor-version":[{"id":68809,"href":"https:\/\/lasentinelle.dz\/index.php\/wp-json\/wp\/v2\/posts\/68807\/revisions\/68809"}],"wp:featuredmedia":[{"embeddable":true,"href":"https:\/\/lasentinelle.dz\/index.php\/wp-json\/wp\/v2\/media\/68808"}],"wp:attachment":[{"href":"https:\/\/lasentinelle.dz\/index.php\/wp-json\/wp\/v2\/media?parent=68807"}],"wp:term":[{"taxonomy":"category","embeddable":true,"href":"https:\/\/lasentinelle.dz\/index.php\/wp-json\/wp\/v2\/categories?post=68807"},{"taxonomy":"post_tag","embeddable":true,"href":"https:\/\/lasentinelle.dz\/index.php\/wp-json\/wp\/v2\/tags?post=68807"}],"curies":[{"name":"wp","href":"https:\/\/api.w.org\/{rel}","templated":true}]}}