{"id":68813,"date":"2025-06-12T20:31:09","date_gmt":"2025-06-12T19:31:09","guid":{"rendered":"https:\/\/lasentinelle.dz\/?p=68813"},"modified":"2025-06-12T20:31:10","modified_gmt":"2025-06-12T19:31:10","slug":"controle-des-importations-larme-des-normes-pour-proteger-la-production-nationale","status":"publish","type":"post","link":"https:\/\/lasentinelle.dz\/index.php\/2025\/06\/12\/controle-des-importations-larme-des-normes-pour-proteger-la-production-nationale\/","title":{"rendered":"Contr\u00f4le des importations\u00a0: L\u2019arme des normes\u00a0pour prot\u00e9ger la production nationale"},"content":{"rendered":"\n<p>L&rsquo;Alg\u00e9rie franchit une nouvelle \u00e9tape dans sa strat\u00e9gie de protection de l&rsquo;industrie nationale avec l&rsquo;instauration de normes alg\u00e9riennes strictes pour tous les produits import\u00e9s. Cette d\u00e9cision, prise en application des directives du pr\u00e9sident de la R\u00e9publique Abdelmadjid Tebboune lors du conseil des ministres du 1er juin 2025, vise \u00e0 renforcer le tissu industriel national et \u00e0 emp\u00eacher l&rsquo;entr\u00e9e de produits de mauvaise qualit\u00e9 sur le march\u00e9 alg\u00e9rien.<\/p>\n\n\n\n<p>Le ministre de l&rsquo;Industrie Sifi Ghrieb et son homologue du Commerce ext\u00e9rieur et de la Promotion des exportations Kamal Rezzig ont supervis\u00e9 mardi l&rsquo;ouverture d&rsquo;un atelier de travail r\u00e9unissant l&rsquo;ensemble des secteurs concern\u00e9s&nbsp;\u00e0 Alger. Cette rencontre marque le lancement officiel de l&rsquo;\u00e9laboration d&rsquo;une feuille de route destin\u00e9e \u00e0 concr\u00e9tiser sur le terrain les nouvelles orientations pr\u00e9sidentielles en mati\u00e8re de r\u00e9gulation des importations.<\/p>\n\n\n\n<p>La nouvelle approche alg\u00e9rienne s&rsquo;articule autour de plusieurs axes strat\u00e9giques. L&rsquo;organisation et la r\u00e9glementation des op\u00e9rations d&rsquo;importation constituent le premier pilier de cette r\u00e9forme, avec l&rsquo;\u00e9tablissement de sp\u00e9cifications pr\u00e9cises pour les marchandises import\u00e9es. Le gouvernement entend \u00e9galement faire de la production nationale un indicateur \u00e9conomique fondamental, permettant une identification minutieuse des ressources et mati\u00e8res premi\u00e8res n\u00e9cessitant r\u00e9ellement une importation.<\/p>\n\n\n\n<p>Cette d\u00e9marche s&rsquo;inscrit dans une logique de protection du produit national et du tissu industriel alg\u00e9rien face \u00e0 la concurrence d\u00e9loyale et aux produits non conformes aux standards de qualit\u00e9. Les nouvelles normes alg\u00e9riennes, d\u00e9sormais obligatoires pour tous les op\u00e9rateurs \u00e9conomiques importateurs, repr\u00e9sentent un tournant majeur dans la politique commerciale du pays.<\/p>\n\n\n\n<p>Rappelons dans ce contexte que le Pr\u00e9sident Tebboune a ordonn\u00e9 au cours du dernier Conseil des ministres au ministre du Commerce ext\u00e9rieur et de la Promotion des exportations d&rsquo;\u00e9tablir \u00ab&nbsp;des normes purement alg\u00e9riennes que tous les op\u00e9rateurs \u00e9conomiques importateurs doivent respecter, quels que soient les produits \u00e0 importer&nbsp;\u00bb.&nbsp;L&rsquo;objectif affich\u00e9 est de rompre d\u00e9finitivement avec les d\u00e9rives qui ont entach\u00e9 par le pass\u00e9 certains organismes directement impliqu\u00e9s dans les op\u00e9rations d&rsquo;importation.&nbsp;Il avait \u00e9galement ordonn\u00e9 de&nbsp;\u00abtenir compte pleinement de la sp\u00e9cificit\u00e9 et du volume de la production nationale, comme indicateur \u00e9conomique fondamental, en identifiant minutieusement les ressources \u00e0 importer pour n\u00e9cessit\u00e9 \u00e9conomique vitale&nbsp;\u00bb, ainsi que de&nbsp;d\u00e9finir&nbsp;\u00ab&nbsp;des sp\u00e9cifications pr\u00e9cises pour les importateurs et les exportateurs&nbsp;\u00bb.&nbsp;Le pr\u00e9sident de la R\u00e9publique a \u00e9galement soulign\u00e9 la \u00ab&nbsp;n\u00e9cessit\u00e9 d&rsquo;une coordination totale entre le minist\u00e8re du Commerce ext\u00e9rieur et de la Promotion des exportations, les banques, la Banque centrale et les Douanes, en vue de garantir un contr\u00f4le intelligent, cibl\u00e9 et efficace \u00e0 m\u00eame de prot\u00e9ger la production nationale et d&rsquo;orienter les importations selon les besoins nationaux essentiels&nbsp;\u00bb.&nbsp;Il a \u00e9galement ordonn\u00e9 de cr\u00e9er de nouveaux m\u00e9canismes de r\u00e9gulation des importations, dont des centrales d&rsquo;achat, permettant d&rsquo;avoir une vision plus claire des op\u00e9rations d&rsquo;importation.<\/p>\n\n\n\n<p>L&rsquo;atelier de travail a proc\u00e9d\u00e9 \u00e0 l&rsquo;installation des membres charg\u00e9s d&rsquo;\u00e9laborer les normes alg\u00e9riennes pour les produits agricoles et industriels, avec la participation de repr\u00e9sentants des secteurs minist\u00e9riels concern\u00e9s et des organismes nationaux sp\u00e9cialis\u00e9s. Cette initiative marque une volont\u00e9 claire de l&rsquo;Alg\u00e9rie de reprendre le contr\u00f4le de ses importations et de prot\u00e9ger son \u00e9conomie nationale face aux d\u00e9fis de la mondialisation.<\/p>\n\n\n\n<p>Sabrina Aziouez<\/p>\n","protected":false},"excerpt":{"rendered":"<p>L&rsquo;Alg\u00e9rie franchit une nouvelle \u00e9tape dans sa strat\u00e9gie de protection de l&rsquo;industrie nationale avec l&rsquo;instauration de normes alg\u00e9riennes strictes pour<\/p>\n","protected":false},"author":6,"featured_media":56316,"comment_status":"open","ping_status":"closed","sticky":false,"template":"","format":"standard","meta":{"colormag_page_container_layout":"default_layout","colormag_page_sidebar_layout":"default_layout","om_disable_all_campaigns":false,"_monsterinsights_skip_tracking":false,"_monsterinsights_sitenote_active":false,"_monsterinsights_sitenote_note":"","_monsterinsights_sitenote_category":0,"footnotes":"","_wpscppro_dont_share_socialmedia":false,"_wpscppro_custom_social_share_image":0,"_facebook_share_type":"default","_twitter_share_type":"default","_linkedin_share_type":"default","_pinterest_share_type":"default","_linkedin_share_type_page":"","_instagram_share_type":"default","_medium_share_type":"default","_threads_share_type":"","_google_business_share_type":"","_selected_social_profile":[],"_wpsp_enable_custom_social_template":false,"_wpsp_social_scheduling":{"enabled":false,"datetime":null,"platforms":[],"status":"template_only","dateOption":"today","timeOption":"now","customDays":"","customHours":"","customDate":"","customTime":"","schedulingType":"absolute"},"_wpsp_active_default_template":true},"categories":[52,29],"tags":[],"class_list":["post-68813","post","type-post","status-publish","format-standard","has-post-thumbnail","hentry","category-a-la-une","category-economie"],"aioseo_notices":[],"yoast_head":"<!-- This site is optimized with the Yoast SEO plugin v27.5 - https:\/\/yoast.com\/product\/yoast-seo-wordpress\/ -->\n<title>Contr\u00f4le des importations\u00a0: L\u2019arme des normes\u00a0pour prot\u00e9ger la production nationale - La Sentinelle<\/title>\n<meta name=\"robots\" content=\"index, follow, max-snippet:-1, max-image-preview:large, max-video-preview:-1\" \/>\n<link rel=\"canonical\" href=\"https:\/\/lasentinelle.dz\/index.php\/2025\/06\/12\/controle-des-importations-larme-des-normes-pour-proteger-la-production-nationale\/\" \/>\n<meta property=\"og:locale\" content=\"fr_FR\" \/>\n<meta property=\"og:type\" content=\"article\" \/>\n<meta property=\"og:title\" content=\"Contr\u00f4le des importations\u00a0: L\u2019arme des normes\u00a0pour prot\u00e9ger la production nationale - La Sentinelle\" \/>\n<meta property=\"og:description\" content=\"L&rsquo;Alg\u00e9rie franchit une nouvelle \u00e9tape dans sa strat\u00e9gie de protection de l&rsquo;industrie nationale avec l&rsquo;instauration de normes alg\u00e9riennes strictes pour\" \/>\n<meta property=\"og:url\" content=\"https:\/\/lasentinelle.dz\/index.php\/2025\/06\/12\/controle-des-importations-larme-des-normes-pour-proteger-la-production-nationale\/\" \/>\n<meta property=\"og:site_name\" content=\"La Sentinelle\" \/>\n<meta property=\"article:publisher\" content=\"https:\/\/www.facebook.com\/La-Sentinelle-104059864394773\" \/>\n<meta property=\"article:published_time\" content=\"2025-06-12T19:31:09+00:00\" \/>\n<meta property=\"article:modified_time\" content=\"2025-06-12T19:31:10+00:00\" \/>\n<meta property=\"og:image\" content=\"https:\/\/lasentinelle.dz\/wp-content\/uploads\/2024\/08\/Port-scaled.jpg\" \/>\n\t<meta property=\"og:image:width\" content=\"2560\" \/>\n\t<meta property=\"og:image:height\" content=\"1700\" \/>\n\t<meta property=\"og:image:type\" content=\"image\/jpeg\" \/>\n<meta name=\"author\" content=\"admin\" \/>\n<meta name=\"twitter:card\" content=\"summary_large_image\" \/>\n<meta name=\"twitter:label1\" content=\"\u00c9crit par\" \/>\n\t<meta name=\"twitter:data1\" content=\"admin\" \/>\n\t<meta name=\"twitter:label2\" content=\"Dur\u00e9e de lecture estim\u00e9e\" \/>\n\t<meta name=\"twitter:data2\" content=\"3 minutes\" \/>\n<script type=\"application\/ld+json\" class=\"yoast-schema-graph\">{\"@context\":\"https:\\\/\\\/schema.org\",\"@graph\":[{\"@type\":\"Article\",\"@id\":\"https:\\\/\\\/lasentinelle.dz\\\/index.php\\\/2025\\\/06\\\/12\\\/controle-des-importations-larme-des-normes-pour-proteger-la-production-nationale\\\/#article\",\"isPartOf\":{\"@id\":\"https:\\\/\\\/lasentinelle.dz\\\/index.php\\\/2025\\\/06\\\/12\\\/controle-des-importations-larme-des-normes-pour-proteger-la-production-nationale\\\/\"},\"author\":{\"name\":\"admin\",\"@id\":\"https:\\\/\\\/lasentinelle.dz\\\/#\\\/schema\\\/person\\\/729ee0024f24e0b8c5ec17232f8e8b41\"},\"headline\":\"Contr\u00f4le des importations\u00a0: L\u2019arme des normes\u00a0pour prot\u00e9ger la production nationale\",\"datePublished\":\"2025-06-12T19:31:09+00:00\",\"dateModified\":\"2025-06-12T19:31:10+00:00\",\"mainEntityOfPage\":{\"@id\":\"https:\\\/\\\/lasentinelle.dz\\\/index.php\\\/2025\\\/06\\\/12\\\/controle-des-importations-larme-des-normes-pour-proteger-la-production-nationale\\\/\"},\"wordCount\":626,\"commentCount\":0,\"publisher\":{\"@id\":\"https:\\\/\\\/lasentinelle.dz\\\/#organization\"},\"image\":{\"@id\":\"https:\\\/\\\/lasentinelle.dz\\\/index.php\\\/2025\\\/06\\\/12\\\/controle-des-importations-larme-des-normes-pour-proteger-la-production-nationale\\\/#primaryimage\"},\"thumbnailUrl\":\"https:\\\/\\\/lasentinelle.dz\\\/wp-content\\\/uploads\\\/2024\\\/08\\\/Port-scaled.jpg\",\"articleSection\":[\"\u00c0 la Une\",\"\u00c9conomie\"],\"inLanguage\":\"fr-FR\",\"potentialAction\":[{\"@type\":\"CommentAction\",\"name\":\"Comment\",\"target\":[\"https:\\\/\\\/lasentinelle.dz\\\/index.php\\\/2025\\\/06\\\/12\\\/controle-des-importations-larme-des-normes-pour-proteger-la-production-nationale\\\/#respond\"]}]},{\"@type\":\"WebPage\",\"@id\":\"https:\\\/\\\/lasentinelle.dz\\\/index.php\\\/2025\\\/06\\\/12\\\/controle-des-importations-larme-des-normes-pour-proteger-la-production-nationale\\\/\",\"url\":\"https:\\\/\\\/lasentinelle.dz\\\/index.php\\\/2025\\\/06\\\/12\\\/controle-des-importations-larme-des-normes-pour-proteger-la-production-nationale\\\/\",\"name\":\"Contr\u00f4le des importations\u00a0: L\u2019arme des normes\u00a0pour prot\u00e9ger la production nationale - La Sentinelle\",\"isPartOf\":{\"@id\":\"https:\\\/\\\/lasentinelle.dz\\\/#website\"},\"primaryImageOfPage\":{\"@id\":\"https:\\\/\\\/lasentinelle.dz\\\/index.php\\\/2025\\\/06\\\/12\\\/controle-des-importations-larme-des-normes-pour-proteger-la-production-nationale\\\/#primaryimage\"},\"image\":{\"@id\":\"https:\\\/\\\/lasentinelle.dz\\\/index.php\\\/2025\\\/06\\\/12\\\/controle-des-importations-larme-des-normes-pour-proteger-la-production-nationale\\\/#primaryimage\"},\"thumbnailUrl\":\"https:\\\/\\\/lasentinelle.dz\\\/wp-content\\\/uploads\\\/2024\\\/08\\\/Port-scaled.jpg\",\"datePublished\":\"2025-06-12T19:31:09+00:00\",\"dateModified\":\"2025-06-12T19:31:10+00:00\",\"breadcrumb\":{\"@id\":\"https:\\\/\\\/lasentinelle.dz\\\/index.php\\\/2025\\\/06\\\/12\\\/controle-des-importations-larme-des-normes-pour-proteger-la-production-nationale\\\/#breadcrumb\"},\"inLanguage\":\"fr-FR\",\"potentialAction\":[{\"@type\":\"ReadAction\",\"target\":[\"https:\\\/\\\/lasentinelle.dz\\\/index.php\\\/2025\\\/06\\\/12\\\/controle-des-importations-larme-des-normes-pour-proteger-la-production-nationale\\\/\"]}]},{\"@type\":\"ImageObject\",\"inLanguage\":\"fr-FR\",\"@id\":\"https:\\\/\\\/lasentinelle.dz\\\/index.php\\\/2025\\\/06\\\/12\\\/controle-des-importations-larme-des-normes-pour-proteger-la-production-nationale\\\/#primaryimage\",\"url\":\"https:\\\/\\\/lasentinelle.dz\\\/wp-content\\\/uploads\\\/2024\\\/08\\\/Port-scaled.jpg\",\"contentUrl\":\"https:\\\/\\\/lasentinelle.dz\\\/wp-content\\\/uploads\\\/2024\\\/08\\\/Port-scaled.jpg\",\"width\":2560,\"height\":1700},{\"@type\":\"BreadcrumbList\",\"@id\":\"https:\\\/\\\/lasentinelle.dz\\\/index.php\\\/2025\\\/06\\\/12\\\/controle-des-importations-larme-des-normes-pour-proteger-la-production-nationale\\\/#breadcrumb\",\"itemListElement\":[{\"@type\":\"ListItem\",\"position\":1,\"name\":\"Accueil\",\"item\":\"https:\\\/\\\/lasentinelle.dz\\\/\"},{\"@type\":\"ListItem\",\"position\":2,\"name\":\"Contr\u00f4le des importations\u00a0: L\u2019arme des normes\u00a0pour prot\u00e9ger la production nationale\"}]},{\"@type\":\"WebSite\",\"@id\":\"https:\\\/\\\/lasentinelle.dz\\\/#website\",\"url\":\"https:\\\/\\\/lasentinelle.dz\\\/\",\"name\":\"La Sentinelle\",\"description\":\"Quotidien national d&#039;information\",\"publisher\":{\"@id\":\"https:\\\/\\\/lasentinelle.dz\\\/#organization\"},\"potentialAction\":[{\"@type\":\"SearchAction\",\"target\":{\"@type\":\"EntryPoint\",\"urlTemplate\":\"https:\\\/\\\/lasentinelle.dz\\\/?s={search_term_string}\"},\"query-input\":{\"@type\":\"PropertyValueSpecification\",\"valueRequired\":true,\"valueName\":\"search_term_string\"}}],\"inLanguage\":\"fr-FR\"},{\"@type\":\"Organization\",\"@id\":\"https:\\\/\\\/lasentinelle.dz\\\/#organization\",\"name\":\"Quotidien La Sentinelle\",\"url\":\"https:\\\/\\\/lasentinelle.dz\\\/\",\"logo\":{\"@type\":\"ImageObject\",\"inLanguage\":\"fr-FR\",\"@id\":\"https:\\\/\\\/lasentinelle.dz\\\/#\\\/schema\\\/logo\\\/image\\\/\",\"url\":\"https:\\\/\\\/lasentinelle.dz\\\/wp-content\\\/uploads\\\/2021\\\/09\\\/logo-sentinelleSLOGAN-1.png\",\"contentUrl\":\"https:\\\/\\\/lasentinelle.dz\\\/wp-content\\\/uploads\\\/2021\\\/09\\\/logo-sentinelleSLOGAN-1.png\",\"width\":615,\"height\":142,\"caption\":\"Quotidien La Sentinelle\"},\"image\":{\"@id\":\"https:\\\/\\\/lasentinelle.dz\\\/#\\\/schema\\\/logo\\\/image\\\/\"},\"sameAs\":[\"https:\\\/\\\/www.facebook.com\\\/La-Sentinelle-104059864394773\"]},{\"@type\":\"Person\",\"@id\":\"https:\\\/\\\/lasentinelle.dz\\\/#\\\/schema\\\/person\\\/729ee0024f24e0b8c5ec17232f8e8b41\",\"name\":\"admin\",\"image\":{\"@type\":\"ImageObject\",\"inLanguage\":\"fr-FR\",\"@id\":\"https:\\\/\\\/secure.gravatar.com\\\/avatar\\\/4c81fed838786e9b53f540bf46533e750f5d292099ae3b66cfc6fb1982e29df7?s=96&d=mm&r=g\",\"url\":\"https:\\\/\\\/secure.gravatar.com\\\/avatar\\\/4c81fed838786e9b53f540bf46533e750f5d292099ae3b66cfc6fb1982e29df7?s=96&d=mm&r=g\",\"contentUrl\":\"https:\\\/\\\/secure.gravatar.com\\\/avatar\\\/4c81fed838786e9b53f540bf46533e750f5d292099ae3b66cfc6fb1982e29df7?s=96&d=mm&r=g\",\"caption\":\"admin\"},\"description\":\"admin\",\"url\":\"https:\\\/\\\/lasentinelle.dz\\\/author\\\/admin\\\/\"}]}<\/script>\n<!-- \/ Yoast SEO plugin. -->","yoast_head_json":{"title":"Contr\u00f4le des importations\u00a0: L\u2019arme des normes\u00a0pour prot\u00e9ger la production nationale - La Sentinelle","robots":{"index":"index","follow":"follow","max-snippet":"max-snippet:-1","max-image-preview":"max-image-preview:large","max-video-preview":"max-video-preview:-1"},"canonical":"https:\/\/lasentinelle.dz\/index.php\/2025\/06\/12\/controle-des-importations-larme-des-normes-pour-proteger-la-production-nationale\/","og_locale":"fr_FR","og_type":"article","og_title":"Contr\u00f4le des importations\u00a0: L\u2019arme des normes\u00a0pour prot\u00e9ger la production nationale - La Sentinelle","og_description":"L&rsquo;Alg\u00e9rie franchit une nouvelle \u00e9tape dans sa strat\u00e9gie de protection de l&rsquo;industrie nationale avec l&rsquo;instauration de normes alg\u00e9riennes strictes pour","og_url":"https:\/\/lasentinelle.dz\/index.php\/2025\/06\/12\/controle-des-importations-larme-des-normes-pour-proteger-la-production-nationale\/","og_site_name":"La Sentinelle","article_publisher":"https:\/\/www.facebook.com\/La-Sentinelle-104059864394773","article_published_time":"2025-06-12T19:31:09+00:00","article_modified_time":"2025-06-12T19:31:10+00:00","og_image":[{"width":2560,"height":1700,"url":"https:\/\/lasentinelle.dz\/wp-content\/uploads\/2024\/08\/Port-scaled.jpg","type":"image\/jpeg"}],"author":"admin","twitter_card":"summary_large_image","twitter_misc":{"\u00c9crit par":"admin","Dur\u00e9e de lecture estim\u00e9e":"3 minutes"},"schema":{"@context":"https:\/\/schema.org","@graph":[{"@type":"Article","@id":"https:\/\/lasentinelle.dz\/index.php\/2025\/06\/12\/controle-des-importations-larme-des-normes-pour-proteger-la-production-nationale\/#article","isPartOf":{"@id":"https:\/\/lasentinelle.dz\/index.php\/2025\/06\/12\/controle-des-importations-larme-des-normes-pour-proteger-la-production-nationale\/"},"author":{"name":"admin","@id":"https:\/\/lasentinelle.dz\/#\/schema\/person\/729ee0024f24e0b8c5ec17232f8e8b41"},"headline":"Contr\u00f4le des importations\u00a0: L\u2019arme des normes\u00a0pour prot\u00e9ger la production nationale","datePublished":"2025-06-12T19:31:09+00:00","dateModified":"2025-06-12T19:31:10+00:00","mainEntityOfPage":{"@id":"https:\/\/lasentinelle.dz\/index.php\/2025\/06\/12\/controle-des-importations-larme-des-normes-pour-proteger-la-production-nationale\/"},"wordCount":626,"commentCount":0,"publisher":{"@id":"https:\/\/lasentinelle.dz\/#organization"},"image":{"@id":"https:\/\/lasentinelle.dz\/index.php\/2025\/06\/12\/controle-des-importations-larme-des-normes-pour-proteger-la-production-nationale\/#primaryimage"},"thumbnailUrl":"https:\/\/lasentinelle.dz\/wp-content\/uploads\/2024\/08\/Port-scaled.jpg","articleSection":["\u00c0 la Une","\u00c9conomie"],"inLanguage":"fr-FR","potentialAction":[{"@type":"CommentAction","name":"Comment","target":["https:\/\/lasentinelle.dz\/index.php\/2025\/06\/12\/controle-des-importations-larme-des-normes-pour-proteger-la-production-nationale\/#respond"]}]},{"@type":"WebPage","@id":"https:\/\/lasentinelle.dz\/index.php\/2025\/06\/12\/controle-des-importations-larme-des-normes-pour-proteger-la-production-nationale\/","url":"https:\/\/lasentinelle.dz\/index.php\/2025\/06\/12\/controle-des-importations-larme-des-normes-pour-proteger-la-production-nationale\/","name":"Contr\u00f4le des importations\u00a0: L\u2019arme des normes\u00a0pour prot\u00e9ger la production nationale - La Sentinelle","isPartOf":{"@id":"https:\/\/lasentinelle.dz\/#website"},"primaryImageOfPage":{"@id":"https:\/\/lasentinelle.dz\/index.php\/2025\/06\/12\/controle-des-importations-larme-des-normes-pour-proteger-la-production-nationale\/#primaryimage"},"image":{"@id":"https:\/\/lasentinelle.dz\/index.php\/2025\/06\/12\/controle-des-importations-larme-des-normes-pour-proteger-la-production-nationale\/#primaryimage"},"thumbnailUrl":"https:\/\/lasentinelle.dz\/wp-content\/uploads\/2024\/08\/Port-scaled.jpg","datePublished":"2025-06-12T19:31:09+00:00","dateModified":"2025-06-12T19:31:10+00:00","breadcrumb":{"@id":"https:\/\/lasentinelle.dz\/index.php\/2025\/06\/12\/controle-des-importations-larme-des-normes-pour-proteger-la-production-nationale\/#breadcrumb"},"inLanguage":"fr-FR","potentialAction":[{"@type":"ReadAction","target":["https:\/\/lasentinelle.dz\/index.php\/2025\/06\/12\/controle-des-importations-larme-des-normes-pour-proteger-la-production-nationale\/"]}]},{"@type":"ImageObject","inLanguage":"fr-FR","@id":"https:\/\/lasentinelle.dz\/index.php\/2025\/06\/12\/controle-des-importations-larme-des-normes-pour-proteger-la-production-nationale\/#primaryimage","url":"https:\/\/lasentinelle.dz\/wp-content\/uploads\/2024\/08\/Port-scaled.jpg","contentUrl":"https:\/\/lasentinelle.dz\/wp-content\/uploads\/2024\/08\/Port-scaled.jpg","width":2560,"height":1700},{"@type":"BreadcrumbList","@id":"https:\/\/lasentinelle.dz\/index.php\/2025\/06\/12\/controle-des-importations-larme-des-normes-pour-proteger-la-production-nationale\/#breadcrumb","itemListElement":[{"@type":"ListItem","position":1,"name":"Accueil","item":"https:\/\/lasentinelle.dz\/"},{"@type":"ListItem","position":2,"name":"Contr\u00f4le des importations\u00a0: L\u2019arme des normes\u00a0pour prot\u00e9ger la production nationale"}]},{"@type":"WebSite","@id":"https:\/\/lasentinelle.dz\/#website","url":"https:\/\/lasentinelle.dz\/","name":"La Sentinelle","description":"Quotidien national d&#039;information","publisher":{"@id":"https:\/\/lasentinelle.dz\/#organization"},"potentialAction":[{"@type":"SearchAction","target":{"@type":"EntryPoint","urlTemplate":"https:\/\/lasentinelle.dz\/?s={search_term_string}"},"query-input":{"@type":"PropertyValueSpecification","valueRequired":true,"valueName":"search_term_string"}}],"inLanguage":"fr-FR"},{"@type":"Organization","@id":"https:\/\/lasentinelle.dz\/#organization","name":"Quotidien La Sentinelle","url":"https:\/\/lasentinelle.dz\/","logo":{"@type":"ImageObject","inLanguage":"fr-FR","@id":"https:\/\/lasentinelle.dz\/#\/schema\/logo\/image\/","url":"https:\/\/lasentinelle.dz\/wp-content\/uploads\/2021\/09\/logo-sentinelleSLOGAN-1.png","contentUrl":"https:\/\/lasentinelle.dz\/wp-content\/uploads\/2021\/09\/logo-sentinelleSLOGAN-1.png","width":615,"height":142,"caption":"Quotidien La Sentinelle"},"image":{"@id":"https:\/\/lasentinelle.dz\/#\/schema\/logo\/image\/"},"sameAs":["https:\/\/www.facebook.com\/La-Sentinelle-104059864394773"]},{"@type":"Person","@id":"https:\/\/lasentinelle.dz\/#\/schema\/person\/729ee0024f24e0b8c5ec17232f8e8b41","name":"admin","image":{"@type":"ImageObject","inLanguage":"fr-FR","@id":"https:\/\/secure.gravatar.com\/avatar\/4c81fed838786e9b53f540bf46533e750f5d292099ae3b66cfc6fb1982e29df7?s=96&d=mm&r=g","url":"https:\/\/secure.gravatar.com\/avatar\/4c81fed838786e9b53f540bf46533e750f5d292099ae3b66cfc6fb1982e29df7?s=96&d=mm&r=g","contentUrl":"https:\/\/secure.gravatar.com\/avatar\/4c81fed838786e9b53f540bf46533e750f5d292099ae3b66cfc6fb1982e29df7?s=96&d=mm&r=g","caption":"admin"},"description":"admin","url":"https:\/\/lasentinelle.dz\/author\/admin\/"}]}},"_links":{"self":[{"href":"https:\/\/lasentinelle.dz\/index.php\/wp-json\/wp\/v2\/posts\/68813","targetHints":{"allow":["GET"]}}],"collection":[{"href":"https:\/\/lasentinelle.dz\/index.php\/wp-json\/wp\/v2\/posts"}],"about":[{"href":"https:\/\/lasentinelle.dz\/index.php\/wp-json\/wp\/v2\/types\/post"}],"author":[{"embeddable":true,"href":"https:\/\/lasentinelle.dz\/index.php\/wp-json\/wp\/v2\/users\/6"}],"replies":[{"embeddable":true,"href":"https:\/\/lasentinelle.dz\/index.php\/wp-json\/wp\/v2\/comments?post=68813"}],"version-history":[{"count":1,"href":"https:\/\/lasentinelle.dz\/index.php\/wp-json\/wp\/v2\/posts\/68813\/revisions"}],"predecessor-version":[{"id":68814,"href":"https:\/\/lasentinelle.dz\/index.php\/wp-json\/wp\/v2\/posts\/68813\/revisions\/68814"}],"wp:featuredmedia":[{"embeddable":true,"href":"https:\/\/lasentinelle.dz\/index.php\/wp-json\/wp\/v2\/media\/56316"}],"wp:attachment":[{"href":"https:\/\/lasentinelle.dz\/index.php\/wp-json\/wp\/v2\/media?parent=68813"}],"wp:term":[{"taxonomy":"category","embeddable":true,"href":"https:\/\/lasentinelle.dz\/index.php\/wp-json\/wp\/v2\/categories?post=68813"},{"taxonomy":"post_tag","embeddable":true,"href":"https:\/\/lasentinelle.dz\/index.php\/wp-json\/wp\/v2\/tags?post=68813"}],"curies":[{"name":"wp","href":"https:\/\/api.w.org\/{rel}","templated":true}]}}