{"id":68815,"date":"2025-06-14T21:09:56","date_gmt":"2025-06-14T20:09:56","guid":{"rendered":"https:\/\/lasentinelle.dz\/?p=68815"},"modified":"2025-06-14T21:09:57","modified_gmt":"2025-06-14T20:09:57","slug":"exploitation-illegale-doeuvres-protegees-les-medias-audiovisuels-mis-en-demeure","status":"publish","type":"post","link":"https:\/\/lasentinelle.dz\/index.php\/2025\/06\/14\/exploitation-illegale-doeuvres-protegees-les-medias-audiovisuels-mis-en-demeure\/","title":{"rendered":"Exploitation ill\u00e9gale d&rsquo;\u0153uvres prot\u00e9g\u00e9es\u00a0: Les m\u00e9dias audiovisuels mis en demeure"},"content":{"rendered":"\n<p>L&rsquo;Autorit\u00e9 nationale ind\u00e9pendante de r\u00e9gulation de l&rsquo;audiovisuel a exig\u00e9 samedi l&rsquo;arr\u00eat imm\u00e9diat de \u00ab\u00a0l&rsquo;exploitation ill\u00e9gale des \u0153uvres prot\u00e9g\u00e9es par les droits d&rsquo;auteur\u00a0\u00bb par les institutions audiovisuelles alg\u00e9riennes. Dans un communiqu\u00e9 ferme, l&rsquo;autorit\u00e9 qualifie ces pratiques de \u00ab\u00a0non professionnelles et non \u00e9thiques\u00a0\u00bb, portant atteinte \u00e0 l&rsquo;image des m\u00e9dias nationaux et affaiblissant leur cr\u00e9dibilit\u00e9.&nbsp;Cette mise en demeure fait suite \u00e0 une correspondance re\u00e7ue de l&rsquo;Office national des droits d&rsquo;auteur et droits voisins, signalant \u00ab\u00a0des violations r\u00e9p\u00e9t\u00e9es de la part de certaines institutions\u00a0\u00bb malgr\u00e9 les mises en garde pr\u00e9alables. L&rsquo;autorit\u00e9 d\u00e9nonce un \u00ab\u00a0m\u00e9pris total des dispositions du cahier des charges g\u00e9n\u00e9ral\u00a0\u00bb et l&rsquo;absence d&rsquo;accords de licence ou de versement des redevances financi\u00e8res dues.&nbsp;Ces pratiques constituent selon l&rsquo;autorit\u00e9 \u00ab\u00a0une atteinte flagrante aux droits de propri\u00e9t\u00e9 intellectuelle\u00a0\u00bb et une \u00ab\u00a0violation claire de l&rsquo;article 75 de la loi 23-20 relative \u00e0 l&rsquo;activit\u00e9 audiovisuelle\u00a0\u00bb ainsi que des \u00ab\u00a0dispositions de la loi 03-05 relative aux droits d&rsquo;auteur et droits voisins\u00a0\u00bb. L&rsquo;exploitation s&rsquo;effectue \u00ab\u00a0sans respect des lois et r\u00e9glementations en vigueur\u00a0\u00bb et en ignorant les conventions adopt\u00e9es.&nbsp;Pour \u00ab\u00a0renforcer l&rsquo;environnement professionnel sain dans l&rsquo;espace audiovisuel\u00a0\u00bb, l&rsquo;autorit\u00e9 exige des responsables des institutions la r\u00e9gularisation imm\u00e9diate de leur situation contractuelle avec l&rsquo;Office des droits d&rsquo;auteur \u00ab\u00a0selon les formules l\u00e9gales appropri\u00e9es par la conclusion d&rsquo;accords clairs et directs\u00a0\u00bb. Cette d\u00e9marche permettrait de \u00ab\u00a0pr\u00e9server les droits mat\u00e9riels et moraux des titulaires d&rsquo;\u0153uvres\u00a0\u00bb et de \u00ab\u00a0consacrer la justice envers les cr\u00e9ateurs\u00a0\u00bb.<\/p>\n\n\n\n<p>L&rsquo;autorit\u00e9 souligne que le respect des droits d&rsquo;auteur constitue \u00ab\u00a0la pierre angulaire du soutien et de la garantie de continuit\u00e9 de la cr\u00e9ation artistique et culturelle\u00a0\u00bb. Cette approche \u00ab\u00a0renforce la confiance entre les diff\u00e9rents acteurs de la communaut\u00e9 cr\u00e9ative\u00a0\u00bb et \u00ab\u00a0contribue \u00e0 donner une image professionnelle et positive au secteur audiovisuel national\u00a0\u00bb.<\/p>\n\n\n\n<p>L&rsquo;institution justifie cette intervention par ses \u00ab\u00a0missions de r\u00e9gulation des pratiques professionnelles et leur r\u00e9orientation vers la construction d&rsquo;une culture de respect des droits d&rsquo;auteur\u00a0\u00bb. Elle insiste sur \u00ab\u00a0la n\u00e9cessit\u00e9 de garantir l&rsquo;\u00e9quilibre entre la libert\u00e9 du travail journalistique et le respect des lois\u00a0\u00bb, \u00e9tablissant \u00ab\u00a0un mod\u00e8le \u00e9quitable et professionnel qui tient compte des int\u00e9r\u00eats de tous les acteurs de la cha\u00eene cr\u00e9ative et culturelle\u00a0\u00bb.&nbsp;En cas de non-conformit\u00e9, l&rsquo;autorit\u00e9 annonce qu&rsquo;elle \u00ab\u00a0proc\u00e9dera \u00e0 l&rsquo;envoi de mises en demeure officielles \u00e0 toute institution audiovisuelle n&rsquo;ayant pas respect\u00e9 les dispositions l\u00e9gales et r\u00e9glementaires relatives aux droits des cr\u00e9ateurs\u00a0\u00bb, notamment celles \u00ab\u00a0n&rsquo;ayant pas entrepris de r\u00e9gulariser leur situation contractuelle\u00a0\u00bb. Ces institutions porteront \u00ab\u00a0l&rsquo;enti\u00e8re responsabilit\u00e9 l\u00e9gale d\u00e9coulant de tout manquement \u00e0 ces obligations\u00a0\u00bb, l&rsquo;autorit\u00e9 se r\u00e9servant le droit \u00ab\u00a0d&rsquo;appliquer les proc\u00e9dures l\u00e9gales appropri\u00e9es conform\u00e9ment \u00e0 la l\u00e9gislation en vigueur\u00a0\u00bb.<\/p>\n\n\n\n<p><strong>Mohand Seghir<\/strong><\/p>\n","protected":false},"excerpt":{"rendered":"<p>L&rsquo;Autorit\u00e9 nationale ind\u00e9pendante de r\u00e9gulation de l&rsquo;audiovisuel a exig\u00e9 samedi l&rsquo;arr\u00eat imm\u00e9diat de \u00ab\u00a0l&rsquo;exploitation ill\u00e9gale des \u0153uvres prot\u00e9g\u00e9es par les<\/p>\n","protected":false},"author":6,"featured_media":68239,"comment_status":"open","ping_status":"closed","sticky":false,"template":"","format":"standard","meta":{"colormag_page_container_layout":"default_layout","colormag_page_sidebar_layout":"default_layout","om_disable_all_campaigns":false,"_monsterinsights_skip_tracking":false,"_monsterinsights_sitenote_active":false,"_monsterinsights_sitenote_note":"","_monsterinsights_sitenote_category":0,"footnotes":"","_wpscppro_dont_share_socialmedia":false,"_wpscppro_custom_social_share_image":0,"_facebook_share_type":"default","_twitter_share_type":"default","_linkedin_share_type":"default","_pinterest_share_type":"default","_linkedin_share_type_page":"","_instagram_share_type":"default","_medium_share_type":"default","_threads_share_type":"","_google_business_share_type":"","_selected_social_profile":[],"_wpsp_enable_custom_social_template":false,"_wpsp_social_scheduling":{"enabled":false,"datetime":null,"platforms":[],"status":"template_only","dateOption":"today","timeOption":"now","customDays":"","customHours":"","customDate":"","customTime":"","schedulingType":"absolute"},"_wpsp_active_default_template":true},"categories":[52,27],"tags":[],"class_list":["post-68815","post","type-post","status-publish","format-standard","has-post-thumbnail","hentry","category-a-la-une","category-actualite"],"aioseo_notices":[],"yoast_head":"<!-- This site is optimized with the Yoast SEO plugin v27.5 - https:\/\/yoast.com\/product\/yoast-seo-wordpress\/ -->\n<title>Exploitation ill\u00e9gale d&rsquo;\u0153uvres prot\u00e9g\u00e9es\u00a0: Les m\u00e9dias audiovisuels mis en demeure - La Sentinelle<\/title>\n<meta name=\"robots\" content=\"index, follow, max-snippet:-1, max-image-preview:large, max-video-preview:-1\" \/>\n<link rel=\"canonical\" href=\"https:\/\/lasentinelle.dz\/index.php\/2025\/06\/14\/exploitation-illegale-doeuvres-protegees-les-medias-audiovisuels-mis-en-demeure\/\" \/>\n<meta property=\"og:locale\" content=\"fr_FR\" \/>\n<meta property=\"og:type\" content=\"article\" \/>\n<meta property=\"og:title\" content=\"Exploitation ill\u00e9gale d&rsquo;\u0153uvres prot\u00e9g\u00e9es\u00a0: Les m\u00e9dias audiovisuels mis en demeure - La Sentinelle\" \/>\n<meta property=\"og:description\" content=\"L&rsquo;Autorit\u00e9 nationale ind\u00e9pendante de r\u00e9gulation de l&rsquo;audiovisuel a exig\u00e9 samedi l&rsquo;arr\u00eat imm\u00e9diat de \u00ab\u00a0l&rsquo;exploitation ill\u00e9gale des \u0153uvres prot\u00e9g\u00e9es par les\" \/>\n<meta property=\"og:url\" content=\"https:\/\/lasentinelle.dz\/index.php\/2025\/06\/14\/exploitation-illegale-doeuvres-protegees-les-medias-audiovisuels-mis-en-demeure\/\" \/>\n<meta property=\"og:site_name\" content=\"La Sentinelle\" \/>\n<meta property=\"article:publisher\" content=\"https:\/\/www.facebook.com\/La-Sentinelle-104059864394773\" \/>\n<meta property=\"article:published_time\" content=\"2025-06-14T20:09:56+00:00\" \/>\n<meta property=\"article:modified_time\" content=\"2025-06-14T20:09:57+00:00\" \/>\n<meta property=\"og:image\" content=\"https:\/\/lasentinelle.dz\/wp-content\/uploads\/2025\/05\/medias.jpg\" \/>\n\t<meta property=\"og:image:width\" content=\"580\" \/>\n\t<meta property=\"og:image:height\" content=\"350\" \/>\n\t<meta property=\"og:image:type\" content=\"image\/jpeg\" \/>\n<meta name=\"author\" content=\"admin\" \/>\n<meta name=\"twitter:card\" content=\"summary_large_image\" \/>\n<meta name=\"twitter:label1\" content=\"\u00c9crit par\" \/>\n\t<meta name=\"twitter:data1\" content=\"admin\" \/>\n\t<meta name=\"twitter:label2\" content=\"Dur\u00e9e de lecture estim\u00e9e\" \/>\n\t<meta name=\"twitter:data2\" content=\"3 minutes\" \/>\n<script type=\"application\/ld+json\" class=\"yoast-schema-graph\">{\"@context\":\"https:\\\/\\\/schema.org\",\"@graph\":[{\"@type\":\"Article\",\"@id\":\"https:\\\/\\\/lasentinelle.dz\\\/index.php\\\/2025\\\/06\\\/14\\\/exploitation-illegale-doeuvres-protegees-les-medias-audiovisuels-mis-en-demeure\\\/#article\",\"isPartOf\":{\"@id\":\"https:\\\/\\\/lasentinelle.dz\\\/index.php\\\/2025\\\/06\\\/14\\\/exploitation-illegale-doeuvres-protegees-les-medias-audiovisuels-mis-en-demeure\\\/\"},\"author\":{\"name\":\"admin\",\"@id\":\"https:\\\/\\\/lasentinelle.dz\\\/#\\\/schema\\\/person\\\/729ee0024f24e0b8c5ec17232f8e8b41\"},\"headline\":\"Exploitation ill\u00e9gale d&rsquo;\u0153uvres prot\u00e9g\u00e9es\u00a0: Les m\u00e9dias audiovisuels mis en demeure\",\"datePublished\":\"2025-06-14T20:09:56+00:00\",\"dateModified\":\"2025-06-14T20:09:57+00:00\",\"mainEntityOfPage\":{\"@id\":\"https:\\\/\\\/lasentinelle.dz\\\/index.php\\\/2025\\\/06\\\/14\\\/exploitation-illegale-doeuvres-protegees-les-medias-audiovisuels-mis-en-demeure\\\/\"},\"wordCount\":525,\"commentCount\":0,\"publisher\":{\"@id\":\"https:\\\/\\\/lasentinelle.dz\\\/#organization\"},\"image\":{\"@id\":\"https:\\\/\\\/lasentinelle.dz\\\/index.php\\\/2025\\\/06\\\/14\\\/exploitation-illegale-doeuvres-protegees-les-medias-audiovisuels-mis-en-demeure\\\/#primaryimage\"},\"thumbnailUrl\":\"https:\\\/\\\/lasentinelle.dz\\\/wp-content\\\/uploads\\\/2025\\\/05\\\/medias.jpg\",\"articleSection\":[\"\u00c0 la Une\",\"Actualit\u00e9\"],\"inLanguage\":\"fr-FR\",\"potentialAction\":[{\"@type\":\"CommentAction\",\"name\":\"Comment\",\"target\":[\"https:\\\/\\\/lasentinelle.dz\\\/index.php\\\/2025\\\/06\\\/14\\\/exploitation-illegale-doeuvres-protegees-les-medias-audiovisuels-mis-en-demeure\\\/#respond\"]}]},{\"@type\":\"WebPage\",\"@id\":\"https:\\\/\\\/lasentinelle.dz\\\/index.php\\\/2025\\\/06\\\/14\\\/exploitation-illegale-doeuvres-protegees-les-medias-audiovisuels-mis-en-demeure\\\/\",\"url\":\"https:\\\/\\\/lasentinelle.dz\\\/index.php\\\/2025\\\/06\\\/14\\\/exploitation-illegale-doeuvres-protegees-les-medias-audiovisuels-mis-en-demeure\\\/\",\"name\":\"Exploitation ill\u00e9gale d&rsquo;\u0153uvres prot\u00e9g\u00e9es\u00a0: Les m\u00e9dias audiovisuels mis en demeure - La Sentinelle\",\"isPartOf\":{\"@id\":\"https:\\\/\\\/lasentinelle.dz\\\/#website\"},\"primaryImageOfPage\":{\"@id\":\"https:\\\/\\\/lasentinelle.dz\\\/index.php\\\/2025\\\/06\\\/14\\\/exploitation-illegale-doeuvres-protegees-les-medias-audiovisuels-mis-en-demeure\\\/#primaryimage\"},\"image\":{\"@id\":\"https:\\\/\\\/lasentinelle.dz\\\/index.php\\\/2025\\\/06\\\/14\\\/exploitation-illegale-doeuvres-protegees-les-medias-audiovisuels-mis-en-demeure\\\/#primaryimage\"},\"thumbnailUrl\":\"https:\\\/\\\/lasentinelle.dz\\\/wp-content\\\/uploads\\\/2025\\\/05\\\/medias.jpg\",\"datePublished\":\"2025-06-14T20:09:56+00:00\",\"dateModified\":\"2025-06-14T20:09:57+00:00\",\"breadcrumb\":{\"@id\":\"https:\\\/\\\/lasentinelle.dz\\\/index.php\\\/2025\\\/06\\\/14\\\/exploitation-illegale-doeuvres-protegees-les-medias-audiovisuels-mis-en-demeure\\\/#breadcrumb\"},\"inLanguage\":\"fr-FR\",\"potentialAction\":[{\"@type\":\"ReadAction\",\"target\":[\"https:\\\/\\\/lasentinelle.dz\\\/index.php\\\/2025\\\/06\\\/14\\\/exploitation-illegale-doeuvres-protegees-les-medias-audiovisuels-mis-en-demeure\\\/\"]}]},{\"@type\":\"ImageObject\",\"inLanguage\":\"fr-FR\",\"@id\":\"https:\\\/\\\/lasentinelle.dz\\\/index.php\\\/2025\\\/06\\\/14\\\/exploitation-illegale-doeuvres-protegees-les-medias-audiovisuels-mis-en-demeure\\\/#primaryimage\",\"url\":\"https:\\\/\\\/lasentinelle.dz\\\/wp-content\\\/uploads\\\/2025\\\/05\\\/medias.jpg\",\"contentUrl\":\"https:\\\/\\\/lasentinelle.dz\\\/wp-content\\\/uploads\\\/2025\\\/05\\\/medias.jpg\",\"width\":580,\"height\":350},{\"@type\":\"BreadcrumbList\",\"@id\":\"https:\\\/\\\/lasentinelle.dz\\\/index.php\\\/2025\\\/06\\\/14\\\/exploitation-illegale-doeuvres-protegees-les-medias-audiovisuels-mis-en-demeure\\\/#breadcrumb\",\"itemListElement\":[{\"@type\":\"ListItem\",\"position\":1,\"name\":\"Accueil\",\"item\":\"https:\\\/\\\/lasentinelle.dz\\\/\"},{\"@type\":\"ListItem\",\"position\":2,\"name\":\"Exploitation ill\u00e9gale d&rsquo;\u0153uvres prot\u00e9g\u00e9es\u00a0: Les m\u00e9dias audiovisuels mis en demeure\"}]},{\"@type\":\"WebSite\",\"@id\":\"https:\\\/\\\/lasentinelle.dz\\\/#website\",\"url\":\"https:\\\/\\\/lasentinelle.dz\\\/\",\"name\":\"La Sentinelle\",\"description\":\"Quotidien national d&#039;information\",\"publisher\":{\"@id\":\"https:\\\/\\\/lasentinelle.dz\\\/#organization\"},\"potentialAction\":[{\"@type\":\"SearchAction\",\"target\":{\"@type\":\"EntryPoint\",\"urlTemplate\":\"https:\\\/\\\/lasentinelle.dz\\\/?s={search_term_string}\"},\"query-input\":{\"@type\":\"PropertyValueSpecification\",\"valueRequired\":true,\"valueName\":\"search_term_string\"}}],\"inLanguage\":\"fr-FR\"},{\"@type\":\"Organization\",\"@id\":\"https:\\\/\\\/lasentinelle.dz\\\/#organization\",\"name\":\"Quotidien La Sentinelle\",\"url\":\"https:\\\/\\\/lasentinelle.dz\\\/\",\"logo\":{\"@type\":\"ImageObject\",\"inLanguage\":\"fr-FR\",\"@id\":\"https:\\\/\\\/lasentinelle.dz\\\/#\\\/schema\\\/logo\\\/image\\\/\",\"url\":\"https:\\\/\\\/lasentinelle.dz\\\/wp-content\\\/uploads\\\/2021\\\/09\\\/logo-sentinelleSLOGAN-1.png\",\"contentUrl\":\"https:\\\/\\\/lasentinelle.dz\\\/wp-content\\\/uploads\\\/2021\\\/09\\\/logo-sentinelleSLOGAN-1.png\",\"width\":615,\"height\":142,\"caption\":\"Quotidien La Sentinelle\"},\"image\":{\"@id\":\"https:\\\/\\\/lasentinelle.dz\\\/#\\\/schema\\\/logo\\\/image\\\/\"},\"sameAs\":[\"https:\\\/\\\/www.facebook.com\\\/La-Sentinelle-104059864394773\"]},{\"@type\":\"Person\",\"@id\":\"https:\\\/\\\/lasentinelle.dz\\\/#\\\/schema\\\/person\\\/729ee0024f24e0b8c5ec17232f8e8b41\",\"name\":\"admin\",\"image\":{\"@type\":\"ImageObject\",\"inLanguage\":\"fr-FR\",\"@id\":\"https:\\\/\\\/secure.gravatar.com\\\/avatar\\\/4c81fed838786e9b53f540bf46533e750f5d292099ae3b66cfc6fb1982e29df7?s=96&d=mm&r=g\",\"url\":\"https:\\\/\\\/secure.gravatar.com\\\/avatar\\\/4c81fed838786e9b53f540bf46533e750f5d292099ae3b66cfc6fb1982e29df7?s=96&d=mm&r=g\",\"contentUrl\":\"https:\\\/\\\/secure.gravatar.com\\\/avatar\\\/4c81fed838786e9b53f540bf46533e750f5d292099ae3b66cfc6fb1982e29df7?s=96&d=mm&r=g\",\"caption\":\"admin\"},\"description\":\"admin\",\"url\":\"https:\\\/\\\/lasentinelle.dz\\\/author\\\/admin\\\/\"}]}<\/script>\n<!-- \/ Yoast SEO plugin. -->","yoast_head_json":{"title":"Exploitation ill\u00e9gale d&rsquo;\u0153uvres prot\u00e9g\u00e9es\u00a0: Les m\u00e9dias audiovisuels mis en demeure - La Sentinelle","robots":{"index":"index","follow":"follow","max-snippet":"max-snippet:-1","max-image-preview":"max-image-preview:large","max-video-preview":"max-video-preview:-1"},"canonical":"https:\/\/lasentinelle.dz\/index.php\/2025\/06\/14\/exploitation-illegale-doeuvres-protegees-les-medias-audiovisuels-mis-en-demeure\/","og_locale":"fr_FR","og_type":"article","og_title":"Exploitation ill\u00e9gale d&rsquo;\u0153uvres prot\u00e9g\u00e9es\u00a0: Les m\u00e9dias audiovisuels mis en demeure - La Sentinelle","og_description":"L&rsquo;Autorit\u00e9 nationale ind\u00e9pendante de r\u00e9gulation de l&rsquo;audiovisuel a exig\u00e9 samedi l&rsquo;arr\u00eat imm\u00e9diat de \u00ab\u00a0l&rsquo;exploitation ill\u00e9gale des \u0153uvres prot\u00e9g\u00e9es par les","og_url":"https:\/\/lasentinelle.dz\/index.php\/2025\/06\/14\/exploitation-illegale-doeuvres-protegees-les-medias-audiovisuels-mis-en-demeure\/","og_site_name":"La Sentinelle","article_publisher":"https:\/\/www.facebook.com\/La-Sentinelle-104059864394773","article_published_time":"2025-06-14T20:09:56+00:00","article_modified_time":"2025-06-14T20:09:57+00:00","og_image":[{"width":580,"height":350,"url":"https:\/\/lasentinelle.dz\/wp-content\/uploads\/2025\/05\/medias.jpg","type":"image\/jpeg"}],"author":"admin","twitter_card":"summary_large_image","twitter_misc":{"\u00c9crit par":"admin","Dur\u00e9e de lecture estim\u00e9e":"3 minutes"},"schema":{"@context":"https:\/\/schema.org","@graph":[{"@type":"Article","@id":"https:\/\/lasentinelle.dz\/index.php\/2025\/06\/14\/exploitation-illegale-doeuvres-protegees-les-medias-audiovisuels-mis-en-demeure\/#article","isPartOf":{"@id":"https:\/\/lasentinelle.dz\/index.php\/2025\/06\/14\/exploitation-illegale-doeuvres-protegees-les-medias-audiovisuels-mis-en-demeure\/"},"author":{"name":"admin","@id":"https:\/\/lasentinelle.dz\/#\/schema\/person\/729ee0024f24e0b8c5ec17232f8e8b41"},"headline":"Exploitation ill\u00e9gale d&rsquo;\u0153uvres prot\u00e9g\u00e9es\u00a0: Les m\u00e9dias audiovisuels mis en demeure","datePublished":"2025-06-14T20:09:56+00:00","dateModified":"2025-06-14T20:09:57+00:00","mainEntityOfPage":{"@id":"https:\/\/lasentinelle.dz\/index.php\/2025\/06\/14\/exploitation-illegale-doeuvres-protegees-les-medias-audiovisuels-mis-en-demeure\/"},"wordCount":525,"commentCount":0,"publisher":{"@id":"https:\/\/lasentinelle.dz\/#organization"},"image":{"@id":"https:\/\/lasentinelle.dz\/index.php\/2025\/06\/14\/exploitation-illegale-doeuvres-protegees-les-medias-audiovisuels-mis-en-demeure\/#primaryimage"},"thumbnailUrl":"https:\/\/lasentinelle.dz\/wp-content\/uploads\/2025\/05\/medias.jpg","articleSection":["\u00c0 la Une","Actualit\u00e9"],"inLanguage":"fr-FR","potentialAction":[{"@type":"CommentAction","name":"Comment","target":["https:\/\/lasentinelle.dz\/index.php\/2025\/06\/14\/exploitation-illegale-doeuvres-protegees-les-medias-audiovisuels-mis-en-demeure\/#respond"]}]},{"@type":"WebPage","@id":"https:\/\/lasentinelle.dz\/index.php\/2025\/06\/14\/exploitation-illegale-doeuvres-protegees-les-medias-audiovisuels-mis-en-demeure\/","url":"https:\/\/lasentinelle.dz\/index.php\/2025\/06\/14\/exploitation-illegale-doeuvres-protegees-les-medias-audiovisuels-mis-en-demeure\/","name":"Exploitation ill\u00e9gale d&rsquo;\u0153uvres prot\u00e9g\u00e9es\u00a0: Les m\u00e9dias audiovisuels mis en demeure - La Sentinelle","isPartOf":{"@id":"https:\/\/lasentinelle.dz\/#website"},"primaryImageOfPage":{"@id":"https:\/\/lasentinelle.dz\/index.php\/2025\/06\/14\/exploitation-illegale-doeuvres-protegees-les-medias-audiovisuels-mis-en-demeure\/#primaryimage"},"image":{"@id":"https:\/\/lasentinelle.dz\/index.php\/2025\/06\/14\/exploitation-illegale-doeuvres-protegees-les-medias-audiovisuels-mis-en-demeure\/#primaryimage"},"thumbnailUrl":"https:\/\/lasentinelle.dz\/wp-content\/uploads\/2025\/05\/medias.jpg","datePublished":"2025-06-14T20:09:56+00:00","dateModified":"2025-06-14T20:09:57+00:00","breadcrumb":{"@id":"https:\/\/lasentinelle.dz\/index.php\/2025\/06\/14\/exploitation-illegale-doeuvres-protegees-les-medias-audiovisuels-mis-en-demeure\/#breadcrumb"},"inLanguage":"fr-FR","potentialAction":[{"@type":"ReadAction","target":["https:\/\/lasentinelle.dz\/index.php\/2025\/06\/14\/exploitation-illegale-doeuvres-protegees-les-medias-audiovisuels-mis-en-demeure\/"]}]},{"@type":"ImageObject","inLanguage":"fr-FR","@id":"https:\/\/lasentinelle.dz\/index.php\/2025\/06\/14\/exploitation-illegale-doeuvres-protegees-les-medias-audiovisuels-mis-en-demeure\/#primaryimage","url":"https:\/\/lasentinelle.dz\/wp-content\/uploads\/2025\/05\/medias.jpg","contentUrl":"https:\/\/lasentinelle.dz\/wp-content\/uploads\/2025\/05\/medias.jpg","width":580,"height":350},{"@type":"BreadcrumbList","@id":"https:\/\/lasentinelle.dz\/index.php\/2025\/06\/14\/exploitation-illegale-doeuvres-protegees-les-medias-audiovisuels-mis-en-demeure\/#breadcrumb","itemListElement":[{"@type":"ListItem","position":1,"name":"Accueil","item":"https:\/\/lasentinelle.dz\/"},{"@type":"ListItem","position":2,"name":"Exploitation ill\u00e9gale d&rsquo;\u0153uvres prot\u00e9g\u00e9es\u00a0: Les m\u00e9dias audiovisuels mis en demeure"}]},{"@type":"WebSite","@id":"https:\/\/lasentinelle.dz\/#website","url":"https:\/\/lasentinelle.dz\/","name":"La Sentinelle","description":"Quotidien national d&#039;information","publisher":{"@id":"https:\/\/lasentinelle.dz\/#organization"},"potentialAction":[{"@type":"SearchAction","target":{"@type":"EntryPoint","urlTemplate":"https:\/\/lasentinelle.dz\/?s={search_term_string}"},"query-input":{"@type":"PropertyValueSpecification","valueRequired":true,"valueName":"search_term_string"}}],"inLanguage":"fr-FR"},{"@type":"Organization","@id":"https:\/\/lasentinelle.dz\/#organization","name":"Quotidien La Sentinelle","url":"https:\/\/lasentinelle.dz\/","logo":{"@type":"ImageObject","inLanguage":"fr-FR","@id":"https:\/\/lasentinelle.dz\/#\/schema\/logo\/image\/","url":"https:\/\/lasentinelle.dz\/wp-content\/uploads\/2021\/09\/logo-sentinelleSLOGAN-1.png","contentUrl":"https:\/\/lasentinelle.dz\/wp-content\/uploads\/2021\/09\/logo-sentinelleSLOGAN-1.png","width":615,"height":142,"caption":"Quotidien La Sentinelle"},"image":{"@id":"https:\/\/lasentinelle.dz\/#\/schema\/logo\/image\/"},"sameAs":["https:\/\/www.facebook.com\/La-Sentinelle-104059864394773"]},{"@type":"Person","@id":"https:\/\/lasentinelle.dz\/#\/schema\/person\/729ee0024f24e0b8c5ec17232f8e8b41","name":"admin","image":{"@type":"ImageObject","inLanguage":"fr-FR","@id":"https:\/\/secure.gravatar.com\/avatar\/4c81fed838786e9b53f540bf46533e750f5d292099ae3b66cfc6fb1982e29df7?s=96&d=mm&r=g","url":"https:\/\/secure.gravatar.com\/avatar\/4c81fed838786e9b53f540bf46533e750f5d292099ae3b66cfc6fb1982e29df7?s=96&d=mm&r=g","contentUrl":"https:\/\/secure.gravatar.com\/avatar\/4c81fed838786e9b53f540bf46533e750f5d292099ae3b66cfc6fb1982e29df7?s=96&d=mm&r=g","caption":"admin"},"description":"admin","url":"https:\/\/lasentinelle.dz\/author\/admin\/"}]}},"_links":{"self":[{"href":"https:\/\/lasentinelle.dz\/index.php\/wp-json\/wp\/v2\/posts\/68815","targetHints":{"allow":["GET"]}}],"collection":[{"href":"https:\/\/lasentinelle.dz\/index.php\/wp-json\/wp\/v2\/posts"}],"about":[{"href":"https:\/\/lasentinelle.dz\/index.php\/wp-json\/wp\/v2\/types\/post"}],"author":[{"embeddable":true,"href":"https:\/\/lasentinelle.dz\/index.php\/wp-json\/wp\/v2\/users\/6"}],"replies":[{"embeddable":true,"href":"https:\/\/lasentinelle.dz\/index.php\/wp-json\/wp\/v2\/comments?post=68815"}],"version-history":[{"count":2,"href":"https:\/\/lasentinelle.dz\/index.php\/wp-json\/wp\/v2\/posts\/68815\/revisions"}],"predecessor-version":[{"id":68817,"href":"https:\/\/lasentinelle.dz\/index.php\/wp-json\/wp\/v2\/posts\/68815\/revisions\/68817"}],"wp:featuredmedia":[{"embeddable":true,"href":"https:\/\/lasentinelle.dz\/index.php\/wp-json\/wp\/v2\/media\/68239"}],"wp:attachment":[{"href":"https:\/\/lasentinelle.dz\/index.php\/wp-json\/wp\/v2\/media?parent=68815"}],"wp:term":[{"taxonomy":"category","embeddable":true,"href":"https:\/\/lasentinelle.dz\/index.php\/wp-json\/wp\/v2\/categories?post=68815"},{"taxonomy":"post_tag","embeddable":true,"href":"https:\/\/lasentinelle.dz\/index.php\/wp-json\/wp\/v2\/tags?post=68815"}],"curies":[{"name":"wp","href":"https:\/\/api.w.org\/{rel}","templated":true}]}}