{"id":68818,"date":"2025-06-14T22:14:51","date_gmt":"2025-06-14T21:14:51","guid":{"rendered":"https:\/\/lasentinelle.dz\/?p=68818"},"modified":"2025-06-14T22:14:51","modified_gmt":"2025-06-14T21:14:51","slug":"soudan-le-conseil-de-securite-de-lonu-alarme-sur-lescalade-au","status":"publish","type":"post","link":"https:\/\/lasentinelle.dz\/index.php\/2025\/06\/14\/soudan-le-conseil-de-securite-de-lonu-alarme-sur-lescalade-au\/","title":{"rendered":"Soudan\u00a0:\u00a0Le Conseil de s\u00e9curit\u00e9 de l&rsquo;ONU alarme sur l&rsquo;escalade au\u00a0"},"content":{"rendered":"\n<p>Le Conseil de s\u00e9curit\u00e9 de l&rsquo;ONU a exprim\u00e9 jeudi \u00ab\u00a0sa profonde pr\u00e9occupation\u00a0\u00bb face \u00e0 l&rsquo;escalade de la violence dans diff\u00e9rentes r\u00e9gions du Soudan, notamment \u00e0 El Fasher et dans ses environs, au Darfour-Nord.&nbsp;<\/p>\n\n\n\n<p>Les membres du Conseil ont rappel\u00e9 la r\u00e9solution 2736 (2024), qui exige que les Forces de soutien rapide (FSR) mettent fin au si\u00e8ge d&rsquo;El Fasher et appelle \u00e0 l&rsquo;arr\u00eat imm\u00e9diat des combats et \u00e0 la d\u00e9sescalade dans cette r\u00e9gion et dans ses environs. Dans leur communiqu\u00e9, ils ont \u00ab\u00a0fermement condamn\u00e9 l&rsquo;attaque perp\u00e9tr\u00e9e le 2 juin 2025 pr\u00e8s d&rsquo;Al Koma, au Darfour-Nord, contre un convoi humanitaire conjoint du Programme alimentaire mondial (PAM) et du Fonds des Nations Unies pour l&rsquo;enfance (UNICEF), qui a tu\u00e9 cinq travailleurs humanitaires, bless\u00e9 plusieurs personnes, endommag\u00e9 des fournitures humanitaires vitales et incendi\u00e9 plusieurs camions\u00a0\u00bb. Les membres du Conseil de s\u00e9curit\u00e9 ont r\u00e9it\u00e9r\u00e9 l&rsquo;appel du Secr\u00e9taire g\u00e9n\u00e9ral de l&rsquo;ONU, Antonio Guterres \u00e0 \u00ab\u00a0une enqu\u00eate urgente et \u00e0 ce que les auteurs soient traduits en justice\u00a0\u00bb. Ils ont \u00e9galement condamn\u00e9 \u00ab\u00a0les bombardements r\u00e9p\u00e9t\u00e9s des FSR le 29 mai 2025, qui ont endommag\u00e9 une installation du PAM \u00e0 El Fasher\u00a0\u00bb et exprim\u00e9 leur \u00ab\u00a0profonde pr\u00e9occupation quant \u00e0 l&rsquo;impact du conflit, notamment des attaques, sur les op\u00e9rations humanitaires\u00a0\u00bb. Cela inclut \u00ab\u00a0des informations faisant \u00e9tat de r\u00e9centes attaques a\u00e9riennes des FSR qui auraient endommag\u00e9 des infrastructures civiles essentielles, principalement \u00e0 Port-Soudan, Kassala et Khartoum\u00a0\u00bb. Les membres ont rappel\u00e9 aux parties au conflit qu'\u00a0\u00bbelles devaient garantir la s\u00fbret\u00e9 et la s\u00e9curit\u00e9 du personnel des Nations Unies et du personnel humanitaire, de leurs locaux et de leurs biens, conform\u00e9ment au droit international et \u00e0 la r\u00e9solution 2730 (2024)\u00a0\u00bb et r\u00e9affirm\u00e9 que \u00ab\u00a0les attaques d\u00e9lib\u00e9r\u00e9es contre le personnel humanitaire, ses locaux et ses biens pouvaient constituer des crimes de guerre\u00a0\u00bb.<\/p>\n\n\n\n<p><strong>Le Tchad sur \u00ab&nbsp;le point de rupture&nbsp;\u00bb<\/strong><\/p>\n\n\n\n<p>Parall\u00e8lement, l&rsquo;arriv\u00e9e massive de r\u00e9fugi\u00e9s fuyant la guerre au Soudan pousse l&rsquo;est du Tchad \u00ab\u00a0\u00e0 son point de rupture\u00a0\u00bb, a alert\u00e9 vendredi Fran\u00e7ois Batalingaya, responsable de la coordination humanitaire pour l&rsquo;ONU dans ce pays. \u00ab\u00a0Le Tchad est en crise, et l&rsquo;est du Tchad atteint son point de rupture\u00a0\u00bb, a-t-il affirm\u00e9 lors du point presse r\u00e9gulier de l&rsquo;ONU \u00e0 Gen\u00e8ve. Depuis avril 2023, le Soudan conna\u00eet une guerre sanglante entre l&rsquo;arm\u00e9e r\u00e9guli\u00e8re soudanaise et les Forces de Soutien Rapide (FSR), conflit qui a plong\u00e9 le pays dans l&rsquo;une des plus graves crises humanitaires au monde, obligeant plus de quatre millions de Soudanais \u00e0 le fuir. Parmi ces d\u00e9plac\u00e9s, \u00ab\u00a0plus de 850.000 r\u00e9fugi\u00e9s soudanais ont travers\u00e9 la fronti\u00e8re pour se rendre au Tchad\u00a0\u00bb, rejoignant les 400.000 qui s&rsquo;y trouvaient d\u00e9j\u00e0. Le conflit p\u00e8se sur un Tchad d\u00e9j\u00e0 en proie \u00e0 une \u00ab\u00a0ins\u00e9curit\u00e9 alimentaire\u00a0\u00bb depuis six ans. Face \u00e0 l&rsquo;approche de la p\u00e9riode de soudure, le responsable de l&rsquo;ONU pr\u00e9vient que \u00ab\u00a03,3 millions de personnes auront du mal \u00e0 se nourrir\u00a0\u00bb, soit cinq fois plus qu&rsquo;au d\u00e9but de la d\u00e9cennie. Actuellement, \u00ab\u00a02.000\u00a0\u00bb r\u00e9fugi\u00e9s soudanais arrivent chaque jour au poste fronti\u00e8re de Tine, alors que \u00ab\u00a0l&rsquo;hospitalit\u00e9 de longue date du Tchad est soumise \u00e0 une pression extr\u00eame\u00a0\u00bb et que les camps o\u00f9 ils sont cens\u00e9s s&rsquo;installer sont d\u00e9j\u00e0 satur\u00e9s. \u00ab\u00a0Nous n&rsquo;avons plus d&rsquo;argent pour cr\u00e9er un camp de r\u00e9fugi\u00e9s\u00a0\u00bb, d\u00e9plore le coordinateur humanitaire. Avant cet afflux du Soudan, \u00ab\u00a0pr\u00e8s d&rsquo;un million de personnes dans l&rsquo;est du Tchad avaient d\u00e9j\u00e0 un besoin urgent d&rsquo;aide humanitaire\u00a0\u00bb et dor\u00e9navant ces personnes \u00ab\u00a0partagent le peu qu&rsquo;elles ont &#8211; nourriture, eau et espace &#8211; avec ceux qui fuient la guerre\u00a0\u00bb. Le chol\u00e9ra risque d&rsquo;ajouter \u00e0 la mis\u00e8re, ayant \u00e9t\u00e9 d\u00e9tect\u00e9 \u00e0 El Geneina au Soudan, \u00e0 seulement 10 kilom\u00e8tres d&rsquo;Adr\u00e9, \u00ab\u00a0l&rsquo;\u00e9picentre de la crise des r\u00e9fugi\u00e9s\u00a0\u00bb au Tchad, \u00ab\u00a0une \u00e9ventuelle \u00e9pid\u00e9mie pourrait \u00eatre d\u00e9vastatrice\u00a0\u00bb.<\/p>\n\n\n\n<p>R.I.<\/p>\n","protected":false},"excerpt":{"rendered":"<p>Le Conseil de s\u00e9curit\u00e9 de l&rsquo;ONU a exprim\u00e9 jeudi \u00ab\u00a0sa profonde pr\u00e9occupation\u00a0\u00bb face \u00e0 l&rsquo;escalade de la violence dans diff\u00e9rentes<\/p>\n","protected":false},"author":6,"featured_media":49632,"comment_status":"open","ping_status":"closed","sticky":false,"template":"","format":"standard","meta":{"colormag_page_container_layout":"default_layout","colormag_page_sidebar_layout":"default_layout","om_disable_all_campaigns":false,"_monsterinsights_skip_tracking":false,"_monsterinsights_sitenote_active":false,"_monsterinsights_sitenote_note":"","_monsterinsights_sitenote_category":0,"footnotes":"","_wpscppro_dont_share_socialmedia":false,"_wpscppro_custom_social_share_image":0,"_facebook_share_type":"default","_twitter_share_type":"default","_linkedin_share_type":"default","_pinterest_share_type":"default","_linkedin_share_type_page":"","_instagram_share_type":"default","_medium_share_type":"default","_threads_share_type":"","_google_business_share_type":"","_selected_social_profile":[],"_wpsp_enable_custom_social_template":false,"_wpsp_social_scheduling":{"enabled":false,"datetime":null,"platforms":[],"status":"template_only","dateOption":"today","timeOption":"now","customDays":"","customHours":"","customDate":"","customTime":"","schedulingType":"absolute"},"_wpsp_active_default_template":true},"categories":[37],"tags":[],"class_list":["post-68818","post","type-post","status-publish","format-standard","has-post-thumbnail","hentry","category-monde"],"aioseo_notices":[],"yoast_head":"<!-- This site is optimized with the Yoast SEO plugin v27.5 - https:\/\/yoast.com\/product\/yoast-seo-wordpress\/ -->\n<title>Soudan\u00a0:\u00a0Le Conseil de s\u00e9curit\u00e9 de l&rsquo;ONU alarme sur l&rsquo;escalade au\u00a0 - La Sentinelle<\/title>\n<meta name=\"robots\" content=\"index, follow, max-snippet:-1, max-image-preview:large, max-video-preview:-1\" \/>\n<link rel=\"canonical\" href=\"https:\/\/lasentinelle.dz\/index.php\/2025\/06\/14\/soudan-le-conseil-de-securite-de-lonu-alarme-sur-lescalade-au\/\" \/>\n<meta property=\"og:locale\" content=\"fr_FR\" \/>\n<meta property=\"og:type\" content=\"article\" \/>\n<meta property=\"og:title\" content=\"Soudan\u00a0:\u00a0Le Conseil de s\u00e9curit\u00e9 de l&rsquo;ONU alarme sur l&rsquo;escalade au\u00a0 - La Sentinelle\" \/>\n<meta property=\"og:description\" content=\"Le Conseil de s\u00e9curit\u00e9 de l&rsquo;ONU a exprim\u00e9 jeudi \u00ab\u00a0sa profonde pr\u00e9occupation\u00a0\u00bb face \u00e0 l&rsquo;escalade de la violence dans diff\u00e9rentes\" \/>\n<meta property=\"og:url\" content=\"https:\/\/lasentinelle.dz\/index.php\/2025\/06\/14\/soudan-le-conseil-de-securite-de-lonu-alarme-sur-lescalade-au\/\" \/>\n<meta property=\"og:site_name\" content=\"La Sentinelle\" \/>\n<meta property=\"article:publisher\" content=\"https:\/\/www.facebook.com\/La-Sentinelle-104059864394773\" \/>\n<meta property=\"article:published_time\" content=\"2025-06-14T21:14:51+00:00\" \/>\n<meta property=\"og:image\" content=\"https:\/\/lasentinelle.dz\/wp-content\/uploads\/2024\/02\/conseil_de_securite.jpeg\" \/>\n\t<meta property=\"og:image:width\" content=\"2000\" \/>\n\t<meta property=\"og:image:height\" content=\"1000\" \/>\n\t<meta property=\"og:image:type\" content=\"image\/jpeg\" \/>\n<meta name=\"author\" content=\"admin\" \/>\n<meta name=\"twitter:card\" content=\"summary_large_image\" \/>\n<meta name=\"twitter:label1\" content=\"\u00c9crit par\" \/>\n\t<meta name=\"twitter:data1\" content=\"admin\" \/>\n\t<meta name=\"twitter:label2\" content=\"Dur\u00e9e de lecture estim\u00e9e\" \/>\n\t<meta name=\"twitter:data2\" content=\"4 minutes\" \/>\n<script type=\"application\/ld+json\" class=\"yoast-schema-graph\">{\"@context\":\"https:\\\/\\\/schema.org\",\"@graph\":[{\"@type\":\"Article\",\"@id\":\"https:\\\/\\\/lasentinelle.dz\\\/index.php\\\/2025\\\/06\\\/14\\\/soudan-le-conseil-de-securite-de-lonu-alarme-sur-lescalade-au\\\/#article\",\"isPartOf\":{\"@id\":\"https:\\\/\\\/lasentinelle.dz\\\/index.php\\\/2025\\\/06\\\/14\\\/soudan-le-conseil-de-securite-de-lonu-alarme-sur-lescalade-au\\\/\"},\"author\":{\"name\":\"admin\",\"@id\":\"https:\\\/\\\/lasentinelle.dz\\\/#\\\/schema\\\/person\\\/729ee0024f24e0b8c5ec17232f8e8b41\"},\"headline\":\"Soudan\u00a0:\u00a0Le Conseil de s\u00e9curit\u00e9 de l&rsquo;ONU alarme sur l&rsquo;escalade au\u00a0\",\"datePublished\":\"2025-06-14T21:14:51+00:00\",\"mainEntityOfPage\":{\"@id\":\"https:\\\/\\\/lasentinelle.dz\\\/index.php\\\/2025\\\/06\\\/14\\\/soudan-le-conseil-de-securite-de-lonu-alarme-sur-lescalade-au\\\/\"},\"wordCount\":702,\"commentCount\":0,\"publisher\":{\"@id\":\"https:\\\/\\\/lasentinelle.dz\\\/#organization\"},\"image\":{\"@id\":\"https:\\\/\\\/lasentinelle.dz\\\/index.php\\\/2025\\\/06\\\/14\\\/soudan-le-conseil-de-securite-de-lonu-alarme-sur-lescalade-au\\\/#primaryimage\"},\"thumbnailUrl\":\"https:\\\/\\\/lasentinelle.dz\\\/wp-content\\\/uploads\\\/2024\\\/02\\\/conseil_de_securite.jpeg\",\"articleSection\":[\"Monde\"],\"inLanguage\":\"fr-FR\",\"potentialAction\":[{\"@type\":\"CommentAction\",\"name\":\"Comment\",\"target\":[\"https:\\\/\\\/lasentinelle.dz\\\/index.php\\\/2025\\\/06\\\/14\\\/soudan-le-conseil-de-securite-de-lonu-alarme-sur-lescalade-au\\\/#respond\"]}]},{\"@type\":\"WebPage\",\"@id\":\"https:\\\/\\\/lasentinelle.dz\\\/index.php\\\/2025\\\/06\\\/14\\\/soudan-le-conseil-de-securite-de-lonu-alarme-sur-lescalade-au\\\/\",\"url\":\"https:\\\/\\\/lasentinelle.dz\\\/index.php\\\/2025\\\/06\\\/14\\\/soudan-le-conseil-de-securite-de-lonu-alarme-sur-lescalade-au\\\/\",\"name\":\"Soudan\u00a0:\u00a0Le Conseil de s\u00e9curit\u00e9 de l&rsquo;ONU alarme sur l&rsquo;escalade au\u00a0 - La Sentinelle\",\"isPartOf\":{\"@id\":\"https:\\\/\\\/lasentinelle.dz\\\/#website\"},\"primaryImageOfPage\":{\"@id\":\"https:\\\/\\\/lasentinelle.dz\\\/index.php\\\/2025\\\/06\\\/14\\\/soudan-le-conseil-de-securite-de-lonu-alarme-sur-lescalade-au\\\/#primaryimage\"},\"image\":{\"@id\":\"https:\\\/\\\/lasentinelle.dz\\\/index.php\\\/2025\\\/06\\\/14\\\/soudan-le-conseil-de-securite-de-lonu-alarme-sur-lescalade-au\\\/#primaryimage\"},\"thumbnailUrl\":\"https:\\\/\\\/lasentinelle.dz\\\/wp-content\\\/uploads\\\/2024\\\/02\\\/conseil_de_securite.jpeg\",\"datePublished\":\"2025-06-14T21:14:51+00:00\",\"breadcrumb\":{\"@id\":\"https:\\\/\\\/lasentinelle.dz\\\/index.php\\\/2025\\\/06\\\/14\\\/soudan-le-conseil-de-securite-de-lonu-alarme-sur-lescalade-au\\\/#breadcrumb\"},\"inLanguage\":\"fr-FR\",\"potentialAction\":[{\"@type\":\"ReadAction\",\"target\":[\"https:\\\/\\\/lasentinelle.dz\\\/index.php\\\/2025\\\/06\\\/14\\\/soudan-le-conseil-de-securite-de-lonu-alarme-sur-lescalade-au\\\/\"]}]},{\"@type\":\"ImageObject\",\"inLanguage\":\"fr-FR\",\"@id\":\"https:\\\/\\\/lasentinelle.dz\\\/index.php\\\/2025\\\/06\\\/14\\\/soudan-le-conseil-de-securite-de-lonu-alarme-sur-lescalade-au\\\/#primaryimage\",\"url\":\"https:\\\/\\\/lasentinelle.dz\\\/wp-content\\\/uploads\\\/2024\\\/02\\\/conseil_de_securite.jpeg\",\"contentUrl\":\"https:\\\/\\\/lasentinelle.dz\\\/wp-content\\\/uploads\\\/2024\\\/02\\\/conseil_de_securite.jpeg\",\"width\":2000,\"height\":1000},{\"@type\":\"BreadcrumbList\",\"@id\":\"https:\\\/\\\/lasentinelle.dz\\\/index.php\\\/2025\\\/06\\\/14\\\/soudan-le-conseil-de-securite-de-lonu-alarme-sur-lescalade-au\\\/#breadcrumb\",\"itemListElement\":[{\"@type\":\"ListItem\",\"position\":1,\"name\":\"Accueil\",\"item\":\"https:\\\/\\\/lasentinelle.dz\\\/\"},{\"@type\":\"ListItem\",\"position\":2,\"name\":\"Soudan\u00a0:\u00a0Le Conseil de s\u00e9curit\u00e9 de l&rsquo;ONU alarme sur l&rsquo;escalade au\u00a0\"}]},{\"@type\":\"WebSite\",\"@id\":\"https:\\\/\\\/lasentinelle.dz\\\/#website\",\"url\":\"https:\\\/\\\/lasentinelle.dz\\\/\",\"name\":\"La Sentinelle\",\"description\":\"Quotidien national d&#039;information\",\"publisher\":{\"@id\":\"https:\\\/\\\/lasentinelle.dz\\\/#organization\"},\"potentialAction\":[{\"@type\":\"SearchAction\",\"target\":{\"@type\":\"EntryPoint\",\"urlTemplate\":\"https:\\\/\\\/lasentinelle.dz\\\/?s={search_term_string}\"},\"query-input\":{\"@type\":\"PropertyValueSpecification\",\"valueRequired\":true,\"valueName\":\"search_term_string\"}}],\"inLanguage\":\"fr-FR\"},{\"@type\":\"Organization\",\"@id\":\"https:\\\/\\\/lasentinelle.dz\\\/#organization\",\"name\":\"Quotidien La Sentinelle\",\"url\":\"https:\\\/\\\/lasentinelle.dz\\\/\",\"logo\":{\"@type\":\"ImageObject\",\"inLanguage\":\"fr-FR\",\"@id\":\"https:\\\/\\\/lasentinelle.dz\\\/#\\\/schema\\\/logo\\\/image\\\/\",\"url\":\"https:\\\/\\\/lasentinelle.dz\\\/wp-content\\\/uploads\\\/2021\\\/09\\\/logo-sentinelleSLOGAN-1.png\",\"contentUrl\":\"https:\\\/\\\/lasentinelle.dz\\\/wp-content\\\/uploads\\\/2021\\\/09\\\/logo-sentinelleSLOGAN-1.png\",\"width\":615,\"height\":142,\"caption\":\"Quotidien La Sentinelle\"},\"image\":{\"@id\":\"https:\\\/\\\/lasentinelle.dz\\\/#\\\/schema\\\/logo\\\/image\\\/\"},\"sameAs\":[\"https:\\\/\\\/www.facebook.com\\\/La-Sentinelle-104059864394773\"]},{\"@type\":\"Person\",\"@id\":\"https:\\\/\\\/lasentinelle.dz\\\/#\\\/schema\\\/person\\\/729ee0024f24e0b8c5ec17232f8e8b41\",\"name\":\"admin\",\"image\":{\"@type\":\"ImageObject\",\"inLanguage\":\"fr-FR\",\"@id\":\"https:\\\/\\\/secure.gravatar.com\\\/avatar\\\/4c81fed838786e9b53f540bf46533e750f5d292099ae3b66cfc6fb1982e29df7?s=96&d=mm&r=g\",\"url\":\"https:\\\/\\\/secure.gravatar.com\\\/avatar\\\/4c81fed838786e9b53f540bf46533e750f5d292099ae3b66cfc6fb1982e29df7?s=96&d=mm&r=g\",\"contentUrl\":\"https:\\\/\\\/secure.gravatar.com\\\/avatar\\\/4c81fed838786e9b53f540bf46533e750f5d292099ae3b66cfc6fb1982e29df7?s=96&d=mm&r=g\",\"caption\":\"admin\"},\"description\":\"admin\",\"url\":\"https:\\\/\\\/lasentinelle.dz\\\/author\\\/admin\\\/\"}]}<\/script>\n<!-- \/ Yoast SEO plugin. -->","yoast_head_json":{"title":"Soudan\u00a0:\u00a0Le Conseil de s\u00e9curit\u00e9 de l&rsquo;ONU alarme sur l&rsquo;escalade au\u00a0 - La Sentinelle","robots":{"index":"index","follow":"follow","max-snippet":"max-snippet:-1","max-image-preview":"max-image-preview:large","max-video-preview":"max-video-preview:-1"},"canonical":"https:\/\/lasentinelle.dz\/index.php\/2025\/06\/14\/soudan-le-conseil-de-securite-de-lonu-alarme-sur-lescalade-au\/","og_locale":"fr_FR","og_type":"article","og_title":"Soudan\u00a0:\u00a0Le Conseil de s\u00e9curit\u00e9 de l&rsquo;ONU alarme sur l&rsquo;escalade au\u00a0 - La Sentinelle","og_description":"Le Conseil de s\u00e9curit\u00e9 de l&rsquo;ONU a exprim\u00e9 jeudi \u00ab\u00a0sa profonde pr\u00e9occupation\u00a0\u00bb face \u00e0 l&rsquo;escalade de la violence dans diff\u00e9rentes","og_url":"https:\/\/lasentinelle.dz\/index.php\/2025\/06\/14\/soudan-le-conseil-de-securite-de-lonu-alarme-sur-lescalade-au\/","og_site_name":"La Sentinelle","article_publisher":"https:\/\/www.facebook.com\/La-Sentinelle-104059864394773","article_published_time":"2025-06-14T21:14:51+00:00","og_image":[{"width":2000,"height":1000,"url":"https:\/\/lasentinelle.dz\/wp-content\/uploads\/2024\/02\/conseil_de_securite.jpeg","type":"image\/jpeg"}],"author":"admin","twitter_card":"summary_large_image","twitter_misc":{"\u00c9crit par":"admin","Dur\u00e9e de lecture estim\u00e9e":"4 minutes"},"schema":{"@context":"https:\/\/schema.org","@graph":[{"@type":"Article","@id":"https:\/\/lasentinelle.dz\/index.php\/2025\/06\/14\/soudan-le-conseil-de-securite-de-lonu-alarme-sur-lescalade-au\/#article","isPartOf":{"@id":"https:\/\/lasentinelle.dz\/index.php\/2025\/06\/14\/soudan-le-conseil-de-securite-de-lonu-alarme-sur-lescalade-au\/"},"author":{"name":"admin","@id":"https:\/\/lasentinelle.dz\/#\/schema\/person\/729ee0024f24e0b8c5ec17232f8e8b41"},"headline":"Soudan\u00a0:\u00a0Le Conseil de s\u00e9curit\u00e9 de l&rsquo;ONU alarme sur l&rsquo;escalade au\u00a0","datePublished":"2025-06-14T21:14:51+00:00","mainEntityOfPage":{"@id":"https:\/\/lasentinelle.dz\/index.php\/2025\/06\/14\/soudan-le-conseil-de-securite-de-lonu-alarme-sur-lescalade-au\/"},"wordCount":702,"commentCount":0,"publisher":{"@id":"https:\/\/lasentinelle.dz\/#organization"},"image":{"@id":"https:\/\/lasentinelle.dz\/index.php\/2025\/06\/14\/soudan-le-conseil-de-securite-de-lonu-alarme-sur-lescalade-au\/#primaryimage"},"thumbnailUrl":"https:\/\/lasentinelle.dz\/wp-content\/uploads\/2024\/02\/conseil_de_securite.jpeg","articleSection":["Monde"],"inLanguage":"fr-FR","potentialAction":[{"@type":"CommentAction","name":"Comment","target":["https:\/\/lasentinelle.dz\/index.php\/2025\/06\/14\/soudan-le-conseil-de-securite-de-lonu-alarme-sur-lescalade-au\/#respond"]}]},{"@type":"WebPage","@id":"https:\/\/lasentinelle.dz\/index.php\/2025\/06\/14\/soudan-le-conseil-de-securite-de-lonu-alarme-sur-lescalade-au\/","url":"https:\/\/lasentinelle.dz\/index.php\/2025\/06\/14\/soudan-le-conseil-de-securite-de-lonu-alarme-sur-lescalade-au\/","name":"Soudan\u00a0:\u00a0Le Conseil de s\u00e9curit\u00e9 de l&rsquo;ONU alarme sur l&rsquo;escalade au\u00a0 - La Sentinelle","isPartOf":{"@id":"https:\/\/lasentinelle.dz\/#website"},"primaryImageOfPage":{"@id":"https:\/\/lasentinelle.dz\/index.php\/2025\/06\/14\/soudan-le-conseil-de-securite-de-lonu-alarme-sur-lescalade-au\/#primaryimage"},"image":{"@id":"https:\/\/lasentinelle.dz\/index.php\/2025\/06\/14\/soudan-le-conseil-de-securite-de-lonu-alarme-sur-lescalade-au\/#primaryimage"},"thumbnailUrl":"https:\/\/lasentinelle.dz\/wp-content\/uploads\/2024\/02\/conseil_de_securite.jpeg","datePublished":"2025-06-14T21:14:51+00:00","breadcrumb":{"@id":"https:\/\/lasentinelle.dz\/index.php\/2025\/06\/14\/soudan-le-conseil-de-securite-de-lonu-alarme-sur-lescalade-au\/#breadcrumb"},"inLanguage":"fr-FR","potentialAction":[{"@type":"ReadAction","target":["https:\/\/lasentinelle.dz\/index.php\/2025\/06\/14\/soudan-le-conseil-de-securite-de-lonu-alarme-sur-lescalade-au\/"]}]},{"@type":"ImageObject","inLanguage":"fr-FR","@id":"https:\/\/lasentinelle.dz\/index.php\/2025\/06\/14\/soudan-le-conseil-de-securite-de-lonu-alarme-sur-lescalade-au\/#primaryimage","url":"https:\/\/lasentinelle.dz\/wp-content\/uploads\/2024\/02\/conseil_de_securite.jpeg","contentUrl":"https:\/\/lasentinelle.dz\/wp-content\/uploads\/2024\/02\/conseil_de_securite.jpeg","width":2000,"height":1000},{"@type":"BreadcrumbList","@id":"https:\/\/lasentinelle.dz\/index.php\/2025\/06\/14\/soudan-le-conseil-de-securite-de-lonu-alarme-sur-lescalade-au\/#breadcrumb","itemListElement":[{"@type":"ListItem","position":1,"name":"Accueil","item":"https:\/\/lasentinelle.dz\/"},{"@type":"ListItem","position":2,"name":"Soudan\u00a0:\u00a0Le Conseil de s\u00e9curit\u00e9 de l&rsquo;ONU alarme sur l&rsquo;escalade au\u00a0"}]},{"@type":"WebSite","@id":"https:\/\/lasentinelle.dz\/#website","url":"https:\/\/lasentinelle.dz\/","name":"La Sentinelle","description":"Quotidien national d&#039;information","publisher":{"@id":"https:\/\/lasentinelle.dz\/#organization"},"potentialAction":[{"@type":"SearchAction","target":{"@type":"EntryPoint","urlTemplate":"https:\/\/lasentinelle.dz\/?s={search_term_string}"},"query-input":{"@type":"PropertyValueSpecification","valueRequired":true,"valueName":"search_term_string"}}],"inLanguage":"fr-FR"},{"@type":"Organization","@id":"https:\/\/lasentinelle.dz\/#organization","name":"Quotidien La Sentinelle","url":"https:\/\/lasentinelle.dz\/","logo":{"@type":"ImageObject","inLanguage":"fr-FR","@id":"https:\/\/lasentinelle.dz\/#\/schema\/logo\/image\/","url":"https:\/\/lasentinelle.dz\/wp-content\/uploads\/2021\/09\/logo-sentinelleSLOGAN-1.png","contentUrl":"https:\/\/lasentinelle.dz\/wp-content\/uploads\/2021\/09\/logo-sentinelleSLOGAN-1.png","width":615,"height":142,"caption":"Quotidien La Sentinelle"},"image":{"@id":"https:\/\/lasentinelle.dz\/#\/schema\/logo\/image\/"},"sameAs":["https:\/\/www.facebook.com\/La-Sentinelle-104059864394773"]},{"@type":"Person","@id":"https:\/\/lasentinelle.dz\/#\/schema\/person\/729ee0024f24e0b8c5ec17232f8e8b41","name":"admin","image":{"@type":"ImageObject","inLanguage":"fr-FR","@id":"https:\/\/secure.gravatar.com\/avatar\/4c81fed838786e9b53f540bf46533e750f5d292099ae3b66cfc6fb1982e29df7?s=96&d=mm&r=g","url":"https:\/\/secure.gravatar.com\/avatar\/4c81fed838786e9b53f540bf46533e750f5d292099ae3b66cfc6fb1982e29df7?s=96&d=mm&r=g","contentUrl":"https:\/\/secure.gravatar.com\/avatar\/4c81fed838786e9b53f540bf46533e750f5d292099ae3b66cfc6fb1982e29df7?s=96&d=mm&r=g","caption":"admin"},"description":"admin","url":"https:\/\/lasentinelle.dz\/author\/admin\/"}]}},"_links":{"self":[{"href":"https:\/\/lasentinelle.dz\/index.php\/wp-json\/wp\/v2\/posts\/68818","targetHints":{"allow":["GET"]}}],"collection":[{"href":"https:\/\/lasentinelle.dz\/index.php\/wp-json\/wp\/v2\/posts"}],"about":[{"href":"https:\/\/lasentinelle.dz\/index.php\/wp-json\/wp\/v2\/types\/post"}],"author":[{"embeddable":true,"href":"https:\/\/lasentinelle.dz\/index.php\/wp-json\/wp\/v2\/users\/6"}],"replies":[{"embeddable":true,"href":"https:\/\/lasentinelle.dz\/index.php\/wp-json\/wp\/v2\/comments?post=68818"}],"version-history":[{"count":2,"href":"https:\/\/lasentinelle.dz\/index.php\/wp-json\/wp\/v2\/posts\/68818\/revisions"}],"predecessor-version":[{"id":68820,"href":"https:\/\/lasentinelle.dz\/index.php\/wp-json\/wp\/v2\/posts\/68818\/revisions\/68820"}],"wp:featuredmedia":[{"embeddable":true,"href":"https:\/\/lasentinelle.dz\/index.php\/wp-json\/wp\/v2\/media\/49632"}],"wp:attachment":[{"href":"https:\/\/lasentinelle.dz\/index.php\/wp-json\/wp\/v2\/media?parent=68818"}],"wp:term":[{"taxonomy":"category","embeddable":true,"href":"https:\/\/lasentinelle.dz\/index.php\/wp-json\/wp\/v2\/categories?post=68818"},{"taxonomy":"post_tag","embeddable":true,"href":"https:\/\/lasentinelle.dz\/index.php\/wp-json\/wp\/v2\/tags?post=68818"}],"curies":[{"name":"wp","href":"https:\/\/api.w.org\/{rel}","templated":true}]}}