{"id":69052,"date":"2025-06-17T22:57:13","date_gmt":"2025-06-17T21:57:13","guid":{"rendered":"https:\/\/lasentinelle.dz\/?p=69052"},"modified":"2025-06-17T22:57:14","modified_gmt":"2025-06-17T21:57:14","slug":"trump-risque-dentrainer-les-usa-dans-un-conflit-avec-liran-le-moyen-orient-senfonce-dans-le-chaos","status":"publish","type":"post","link":"https:\/\/lasentinelle.dz\/index.php\/2025\/06\/17\/trump-risque-dentrainer-les-usa-dans-un-conflit-avec-liran-le-moyen-orient-senfonce-dans-le-chaos\/","title":{"rendered":"Trump risque d&rsquo;entrainer les USA dans un conflit avec l&rsquo;Iran: Le Moyen-Orient s&rsquo;enfonce dans le chaos"},"content":{"rendered":"\n<p>L&rsquo;escalade militaire entre l&rsquo;entit\u00e9 sioniste et l&rsquo;Iran, entr\u00e9e dans son cinqui\u00e8me jour, fait craindre le pire sc\u00e9nario : l&rsquo;entra\u00eenement des \u00c9tats-Unis dans un conflit aux cons\u00e9quences impr\u00e9visibles pour la stabilit\u00e9 r\u00e9gionale et mondiale.<\/p>\n\n\n\n<p>Alors que les bombardements s&rsquo;intensifient de part et d&rsquo;autre, les d\u00e9clarations bellicistes de Donald Trump et le d\u00e9part pr\u00e9cipit\u00e9 du pr\u00e9sident am\u00e9ricain du sommet du G7 au Canada alimentent les inqui\u00e9tudes d&rsquo;une guerre totale au Moyen-Orient.<\/p>\n\n\n\n<p>Depuis vendredi dernier, l&rsquo;entit\u00e9 sioniste m\u00e8ne une agression a\u00e9rienne d&rsquo;une ampleur sans pr\u00e9c\u00e9dent contre l&rsquo;Iran, visant des centaines de sites militaires et nucl\u00e9aires. L&rsquo;aviation isra\u00e9lienne a frapp\u00e9 des installations d&rsquo;enrichissement d&rsquo;uranium, notamment le site de Natanz, et a \u00e9limin\u00e9 plusieurs hauts grad\u00e9s iraniens ainsi que des scientifiques du programme nucl\u00e9aire. Ces attaques ont fait au moins 224 morts et plus d&rsquo;un millier de bless\u00e9s c\u00f4t\u00e9 iranien selon le dernier bilan officiel. En riposte, l&rsquo;Iran bombarde sans rel\u00e2che les sites de l&rsquo;entit\u00e9 sioniste. Les Gardiens de la r\u00e9volution iraniens affirment avoir frapp\u00e9 mardi un centre du Mossad \u00e0 Tel-Aviv, tandis que l&rsquo;arm\u00e9e iranienne revendique la destruction de quatre avions de combat isra\u00e9liens.<\/p>\n\n\n\n<p>Cette escalade militaire intervient dans un contexte g\u00e9opolitique tendu o\u00f9 les positions de Donald Trump suscitent l&rsquo;inqui\u00e9tude. Le pr\u00e9sident am\u00e9ricain a quitt\u00e9 pr\u00e9matur\u00e9ment le sommet du G7, assurant que son d\u00e9part n&rsquo;avait \u00ab\u00a0rien \u00e0 voir\u00a0\u00bb avec des efforts de cessez-le-feu, mais \u00e9tait motiv\u00e9 par quelque chose de \u00ab\u00a0beaucoup plus gros\u00a0\u00bb. Son retour pr\u00e9cipit\u00e9 vers la \u00ab\u00a0Situation Room\u00a0\u00bb de la Maison Blanche, cette salle de crise o\u00f9 les pr\u00e9sidents am\u00e9ricains ordonnent des op\u00e9rations militaires d&rsquo;envergure, alimente les sp\u00e9culations sur une implication directe am\u00e9ricaine dans le conflit.<\/p>\n\n\n\n<p><strong>L&rsquo;engrenage de la guerre totale<\/strong><\/p>\n\n\n\n<p>Les d\u00e9clarations contradictoires de Trump r\u00e9v\u00e8lent une strat\u00e9gie confuse qui pourrait mener l&rsquo;Am\u00e9rique vers un pi\u00e8ge militaire. Apr\u00e8s avoir affirm\u00e9 qu&rsquo;un \u00ab\u00a0accord\u00a0\u00bb allait \u00eatre trouv\u00e9, le pr\u00e9sident am\u00e9ricain a lanc\u00e9 ce message alarmiste : \u00ab\u00a0Tout le monde devrait \u00e9vacuer T\u00e9h\u00e9ran imm\u00e9diatement.\u00a0\u00bb Plus inqui\u00e9tant encore, Trump a appel\u00e9 mardi soir \u00e0 une \u00ab\u00a0capitulation sans condition\u00a0\u00bb de l&rsquo;Iran, pr\u00e9cisant ne pas vouloir tuer le Guide supr\u00eame \u00ab\u00a0pour le moment\u00a0\u00bb. Il s&rsquo;est \u00e9galement pr\u00e9valu de contr\u00f4ler \u00ab\u00a0d\u00e9sormais compl\u00e8tement et totalement l&rsquo;espace a\u00e9rien iranien\u00a0\u00bb, sugg\u00e9rant une coordination militaire \u00e9troite avec son alli\u00e9 sioniste.<\/p>\n\n\n\n<p>Ces d\u00e9clarations bellicistes tranchent avec les analyses d&rsquo;experts qui mettent en garde contre les dangers d&rsquo;une guerre pr\u00e9ventive. Rosemary Kelanic, politologue au think tank Defense Priorities, estime que si Trump se laisse entra\u00eener par l&rsquo;entit\u00e9 sioniste dans ce conflit, il commettra \u00ab\u00a0la pire erreur de sa pr\u00e9sidence\u00a0\u00bb. \u00ab\u00a0Non seulement les guerres pr\u00e9ventives ne fonctionnent pas, mais elles ont des cons\u00e9quences impr\u00e9vues\u00a0\u00bb, avertit-elle dans le New York Times. L&rsquo;histoire r\u00e9cente des interventions am\u00e9ricaines au Moyen-Orient, de l&rsquo;Irak \u00e0 l&rsquo;Afghanistan, illustre parfaitement ces mises en garde.<\/p>\n\n\n\n<p>L&rsquo;Iran, de son c\u00f4t\u00e9, maintient une rh\u00e9torique de r\u00e9sistance totale. Le ministre des Affaires \u00e9trang\u00e8res Abbas Araghchi a d\u00e9clar\u00e9 que les Iraniens combattront \u00ab\u00a0jusqu&rsquo;\u00e0 la derni\u00e8re goutte de sang\u00a0\u00bb pour prot\u00e9ger leur pays, tandis que le pr\u00e9sident iranien Massoud Pezeshkian promet une r\u00e9ponse \u00ab\u00a0du m\u00eame niveau\u00a0\u00bb \u00e0 toute agression. Cette escalade verbale, coupl\u00e9e aux frappes militaires quotidiennes, dessine le tableau d&rsquo;un conflit qui pourrait rapidement \u00e9chapper \u00e0 tout contr\u00f4le diplomatique.<\/p>\n\n\n\n<p><strong>Les risques d&#8217;embrasement r\u00e9gional<\/strong><\/p>\n\n\n\n<p>L&rsquo;implication croissante des \u00c9tats-Unis dans ce conflit fait craindre un embrasement g\u00e9n\u00e9ralis\u00e9 du Moyen-Orient. Washington a d\u00e9j\u00e0 renforc\u00e9 son \u00ab\u00a0dispositif d\u00e9fensif\u00a0\u00bb dans la r\u00e9gion en envoyant le porte-avions Nimitz et en d\u00e9ployant de nouveaux avions de combat F-16, F-22 et F-35. Cette mont\u00e9e en puissance militaire am\u00e9ricaine, officiellement pr\u00e9sent\u00e9e comme \u00ab\u00a0d\u00e9fensive\u00a0\u00bb, pourrait rapidement basculer vers une participation active aux hostilit\u00e9s.<\/p>\n\n\n\n<p>Les cons\u00e9quences d&rsquo;une guerre am\u00e9ricano-iranienne d\u00e9passeraient largement le cadre bilat\u00e9ral. Les r\u00e9percussions \u00e9conomiques seraient dramatiques, avec une probable fermeture du d\u00e9troit d&rsquo;Ormuz par l&rsquo;Iran, par o\u00f9 transite pr\u00e8s de 20% du p\u00e9trole mondial.<\/p>\n\n\n\n<p>La communaut\u00e9 internationale tente de jouer les pompiers face \u00e0 cette escalade. Les dirigeants du G7 ont publi\u00e9 une d\u00e9claration appelant \u00e0 la \u00ab\u00a0d\u00e9sescalade\u00a0\u00bb, tandis que plusieurs pays arabes et musulmans, dont l&rsquo;Alg\u00e9rie, condamnent les attaques isra\u00e9liennes contre l&rsquo;Iran. Mais ces appels au calme semblent insuffisants face \u00e0 la logique militaire qui s&rsquo;impose d\u00e9sormais. L&rsquo;\u00e9vacuation de plus de 700 ressortissants \u00e9trangers d&rsquo;Iran vers l&rsquo;Azerba\u00efdjan et l&rsquo;Arm\u00e9nie illustre l&rsquo;anticipation d&rsquo;une aggravation du conflit par la communaut\u00e9 internationale.<\/p>\n\n\n\n<p>Benjamin Netanyahu, de son c\u00f4t\u00e9, &nbsp;ose appeler les Iraniens \u00e0 se soulever contre la \u00ab\u00a0tyrannie\u00a0\u00bb et estime qu&rsquo;assassiner le guide supr\u00eame Ali Khamenei mettrait \u00ab\u00a0fin au conflit\u00a0\u00bb. Cette rh\u00e9torique de changement de r\u00e9gime rappelle les discours qui ont pr\u00e9c\u00e9d\u00e9 les interventions militaires am\u00e9ricaines en Irak et en Libye, avec les cons\u00e9quences chaotiques que l&rsquo;on conna\u00eet. La r\u00e9gion risque de revivre les erreurs du pass\u00e9, mais \u00e0 une \u00e9chelle encore plus dramatique, impliquant cette fois des puissances nucl\u00e9aires et des enjeux \u00e9nerg\u00e9tiques mondiaux cruciaux.<\/p>\n\n\n\n<p>Lyes Sa\u00efdi<\/p>\n","protected":false},"excerpt":{"rendered":"<p>L&rsquo;escalade militaire entre l&rsquo;entit\u00e9 sioniste et l&rsquo;Iran, entr\u00e9e dans son cinqui\u00e8me jour, fait craindre le pire sc\u00e9nario : l&rsquo;entra\u00eenement des<\/p>\n","protected":false},"author":6,"featured_media":69053,"comment_status":"open","ping_status":"closed","sticky":false,"template":"","format":"standard","meta":{"colormag_page_container_layout":"default_layout","colormag_page_sidebar_layout":"default_layout","om_disable_all_campaigns":false,"_monsterinsights_skip_tracking":false,"_monsterinsights_sitenote_active":false,"_monsterinsights_sitenote_note":"","_monsterinsights_sitenote_category":0,"footnotes":"","_wpscppro_dont_share_socialmedia":false,"_wpscppro_custom_social_share_image":0,"_facebook_share_type":"default","_twitter_share_type":"default","_linkedin_share_type":"default","_pinterest_share_type":"default","_linkedin_share_type_page":"","_instagram_share_type":"default","_medium_share_type":"default","_threads_share_type":"","_google_business_share_type":"","_selected_social_profile":[],"_wpsp_enable_custom_social_template":false,"_wpsp_social_scheduling":{"enabled":false,"datetime":null,"platforms":[],"status":"template_only","dateOption":"today","timeOption":"now","customDays":"","customHours":"","customDate":"","customTime":"","schedulingType":"absolute"},"_wpsp_active_default_template":true},"categories":[52,37],"tags":[],"class_list":["post-69052","post","type-post","status-publish","format-standard","has-post-thumbnail","hentry","category-a-la-une","category-monde"],"aioseo_notices":[],"yoast_head":"<!-- This site is optimized with the Yoast SEO plugin v27.5 - https:\/\/yoast.com\/product\/yoast-seo-wordpress\/ -->\n<title>Trump risque d&rsquo;entrainer les USA dans un conflit avec l&rsquo;Iran: Le Moyen-Orient s&rsquo;enfonce dans le chaos - La Sentinelle<\/title>\n<meta name=\"robots\" content=\"index, follow, max-snippet:-1, max-image-preview:large, max-video-preview:-1\" \/>\n<link rel=\"canonical\" href=\"https:\/\/lasentinelle.dz\/index.php\/2025\/06\/17\/trump-risque-dentrainer-les-usa-dans-un-conflit-avec-liran-le-moyen-orient-senfonce-dans-le-chaos\/\" \/>\n<meta property=\"og:locale\" content=\"fr_FR\" \/>\n<meta property=\"og:type\" content=\"article\" \/>\n<meta property=\"og:title\" content=\"Trump risque d&rsquo;entrainer les USA dans un conflit avec l&rsquo;Iran: Le Moyen-Orient s&rsquo;enfonce dans le chaos - La Sentinelle\" \/>\n<meta property=\"og:description\" content=\"L&rsquo;escalade militaire entre l&rsquo;entit\u00e9 sioniste et l&rsquo;Iran, entr\u00e9e dans son cinqui\u00e8me jour, fait craindre le pire sc\u00e9nario : l&rsquo;entra\u00eenement des\" \/>\n<meta property=\"og:url\" content=\"https:\/\/lasentinelle.dz\/index.php\/2025\/06\/17\/trump-risque-dentrainer-les-usa-dans-un-conflit-avec-liran-le-moyen-orient-senfonce-dans-le-chaos\/\" \/>\n<meta property=\"og:site_name\" content=\"La Sentinelle\" \/>\n<meta property=\"article:publisher\" content=\"https:\/\/www.facebook.com\/La-Sentinelle-104059864394773\" \/>\n<meta property=\"article:published_time\" content=\"2025-06-17T21:57:13+00:00\" \/>\n<meta property=\"article:modified_time\" content=\"2025-06-17T21:57:14+00:00\" \/>\n<meta property=\"og:image\" content=\"https:\/\/lasentinelle.dz\/wp-content\/uploads\/2025\/06\/missiles.webp\" \/>\n\t<meta property=\"og:image:width\" content=\"2000\" \/>\n\t<meta property=\"og:image:height\" content=\"1333\" \/>\n\t<meta property=\"og:image:type\" content=\"image\/webp\" \/>\n<meta name=\"author\" content=\"admin\" \/>\n<meta name=\"twitter:card\" content=\"summary_large_image\" \/>\n<meta name=\"twitter:label1\" content=\"\u00c9crit par\" \/>\n\t<meta name=\"twitter:data1\" content=\"admin\" \/>\n\t<meta name=\"twitter:label2\" content=\"Dur\u00e9e de lecture estim\u00e9e\" \/>\n\t<meta name=\"twitter:data2\" content=\"5 minutes\" \/>\n<script type=\"application\/ld+json\" class=\"yoast-schema-graph\">{\"@context\":\"https:\\\/\\\/schema.org\",\"@graph\":[{\"@type\":\"Article\",\"@id\":\"https:\\\/\\\/lasentinelle.dz\\\/index.php\\\/2025\\\/06\\\/17\\\/trump-risque-dentrainer-les-usa-dans-un-conflit-avec-liran-le-moyen-orient-senfonce-dans-le-chaos\\\/#article\",\"isPartOf\":{\"@id\":\"https:\\\/\\\/lasentinelle.dz\\\/index.php\\\/2025\\\/06\\\/17\\\/trump-risque-dentrainer-les-usa-dans-un-conflit-avec-liran-le-moyen-orient-senfonce-dans-le-chaos\\\/\"},\"author\":{\"name\":\"admin\",\"@id\":\"https:\\\/\\\/lasentinelle.dz\\\/#\\\/schema\\\/person\\\/729ee0024f24e0b8c5ec17232f8e8b41\"},\"headline\":\"Trump risque d&rsquo;entrainer les USA dans un conflit avec l&rsquo;Iran: Le Moyen-Orient s&rsquo;enfonce dans le chaos\",\"datePublished\":\"2025-06-17T21:57:13+00:00\",\"dateModified\":\"2025-06-17T21:57:14+00:00\",\"mainEntityOfPage\":{\"@id\":\"https:\\\/\\\/lasentinelle.dz\\\/index.php\\\/2025\\\/06\\\/17\\\/trump-risque-dentrainer-les-usa-dans-un-conflit-avec-liran-le-moyen-orient-senfonce-dans-le-chaos\\\/\"},\"wordCount\":951,\"commentCount\":0,\"publisher\":{\"@id\":\"https:\\\/\\\/lasentinelle.dz\\\/#organization\"},\"image\":{\"@id\":\"https:\\\/\\\/lasentinelle.dz\\\/index.php\\\/2025\\\/06\\\/17\\\/trump-risque-dentrainer-les-usa-dans-un-conflit-avec-liran-le-moyen-orient-senfonce-dans-le-chaos\\\/#primaryimage\"},\"thumbnailUrl\":\"https:\\\/\\\/lasentinelle.dz\\\/wp-content\\\/uploads\\\/2025\\\/06\\\/missiles.webp\",\"articleSection\":[\"\u00c0 la Une\",\"Monde\"],\"inLanguage\":\"fr-FR\",\"potentialAction\":[{\"@type\":\"CommentAction\",\"name\":\"Comment\",\"target\":[\"https:\\\/\\\/lasentinelle.dz\\\/index.php\\\/2025\\\/06\\\/17\\\/trump-risque-dentrainer-les-usa-dans-un-conflit-avec-liran-le-moyen-orient-senfonce-dans-le-chaos\\\/#respond\"]}]},{\"@type\":\"WebPage\",\"@id\":\"https:\\\/\\\/lasentinelle.dz\\\/index.php\\\/2025\\\/06\\\/17\\\/trump-risque-dentrainer-les-usa-dans-un-conflit-avec-liran-le-moyen-orient-senfonce-dans-le-chaos\\\/\",\"url\":\"https:\\\/\\\/lasentinelle.dz\\\/index.php\\\/2025\\\/06\\\/17\\\/trump-risque-dentrainer-les-usa-dans-un-conflit-avec-liran-le-moyen-orient-senfonce-dans-le-chaos\\\/\",\"name\":\"Trump risque d&rsquo;entrainer les USA dans un conflit avec l&rsquo;Iran: Le Moyen-Orient s&rsquo;enfonce dans le chaos - La Sentinelle\",\"isPartOf\":{\"@id\":\"https:\\\/\\\/lasentinelle.dz\\\/#website\"},\"primaryImageOfPage\":{\"@id\":\"https:\\\/\\\/lasentinelle.dz\\\/index.php\\\/2025\\\/06\\\/17\\\/trump-risque-dentrainer-les-usa-dans-un-conflit-avec-liran-le-moyen-orient-senfonce-dans-le-chaos\\\/#primaryimage\"},\"image\":{\"@id\":\"https:\\\/\\\/lasentinelle.dz\\\/index.php\\\/2025\\\/06\\\/17\\\/trump-risque-dentrainer-les-usa-dans-un-conflit-avec-liran-le-moyen-orient-senfonce-dans-le-chaos\\\/#primaryimage\"},\"thumbnailUrl\":\"https:\\\/\\\/lasentinelle.dz\\\/wp-content\\\/uploads\\\/2025\\\/06\\\/missiles.webp\",\"datePublished\":\"2025-06-17T21:57:13+00:00\",\"dateModified\":\"2025-06-17T21:57:14+00:00\",\"breadcrumb\":{\"@id\":\"https:\\\/\\\/lasentinelle.dz\\\/index.php\\\/2025\\\/06\\\/17\\\/trump-risque-dentrainer-les-usa-dans-un-conflit-avec-liran-le-moyen-orient-senfonce-dans-le-chaos\\\/#breadcrumb\"},\"inLanguage\":\"fr-FR\",\"potentialAction\":[{\"@type\":\"ReadAction\",\"target\":[\"https:\\\/\\\/lasentinelle.dz\\\/index.php\\\/2025\\\/06\\\/17\\\/trump-risque-dentrainer-les-usa-dans-un-conflit-avec-liran-le-moyen-orient-senfonce-dans-le-chaos\\\/\"]}]},{\"@type\":\"ImageObject\",\"inLanguage\":\"fr-FR\",\"@id\":\"https:\\\/\\\/lasentinelle.dz\\\/index.php\\\/2025\\\/06\\\/17\\\/trump-risque-dentrainer-les-usa-dans-un-conflit-avec-liran-le-moyen-orient-senfonce-dans-le-chaos\\\/#primaryimage\",\"url\":\"https:\\\/\\\/lasentinelle.dz\\\/wp-content\\\/uploads\\\/2025\\\/06\\\/missiles.webp\",\"contentUrl\":\"https:\\\/\\\/lasentinelle.dz\\\/wp-content\\\/uploads\\\/2025\\\/06\\\/missiles.webp\",\"width\":2000,\"height\":1333},{\"@type\":\"BreadcrumbList\",\"@id\":\"https:\\\/\\\/lasentinelle.dz\\\/index.php\\\/2025\\\/06\\\/17\\\/trump-risque-dentrainer-les-usa-dans-un-conflit-avec-liran-le-moyen-orient-senfonce-dans-le-chaos\\\/#breadcrumb\",\"itemListElement\":[{\"@type\":\"ListItem\",\"position\":1,\"name\":\"Accueil\",\"item\":\"https:\\\/\\\/lasentinelle.dz\\\/\"},{\"@type\":\"ListItem\",\"position\":2,\"name\":\"Trump risque d&rsquo;entrainer les USA dans un conflit avec l&rsquo;Iran: Le Moyen-Orient s&rsquo;enfonce dans le chaos\"}]},{\"@type\":\"WebSite\",\"@id\":\"https:\\\/\\\/lasentinelle.dz\\\/#website\",\"url\":\"https:\\\/\\\/lasentinelle.dz\\\/\",\"name\":\"La Sentinelle\",\"description\":\"Quotidien national d&#039;information\",\"publisher\":{\"@id\":\"https:\\\/\\\/lasentinelle.dz\\\/#organization\"},\"potentialAction\":[{\"@type\":\"SearchAction\",\"target\":{\"@type\":\"EntryPoint\",\"urlTemplate\":\"https:\\\/\\\/lasentinelle.dz\\\/?s={search_term_string}\"},\"query-input\":{\"@type\":\"PropertyValueSpecification\",\"valueRequired\":true,\"valueName\":\"search_term_string\"}}],\"inLanguage\":\"fr-FR\"},{\"@type\":\"Organization\",\"@id\":\"https:\\\/\\\/lasentinelle.dz\\\/#organization\",\"name\":\"Quotidien La Sentinelle\",\"url\":\"https:\\\/\\\/lasentinelle.dz\\\/\",\"logo\":{\"@type\":\"ImageObject\",\"inLanguage\":\"fr-FR\",\"@id\":\"https:\\\/\\\/lasentinelle.dz\\\/#\\\/schema\\\/logo\\\/image\\\/\",\"url\":\"https:\\\/\\\/lasentinelle.dz\\\/wp-content\\\/uploads\\\/2021\\\/09\\\/logo-sentinelleSLOGAN-1.png\",\"contentUrl\":\"https:\\\/\\\/lasentinelle.dz\\\/wp-content\\\/uploads\\\/2021\\\/09\\\/logo-sentinelleSLOGAN-1.png\",\"width\":615,\"height\":142,\"caption\":\"Quotidien La Sentinelle\"},\"image\":{\"@id\":\"https:\\\/\\\/lasentinelle.dz\\\/#\\\/schema\\\/logo\\\/image\\\/\"},\"sameAs\":[\"https:\\\/\\\/www.facebook.com\\\/La-Sentinelle-104059864394773\"]},{\"@type\":\"Person\",\"@id\":\"https:\\\/\\\/lasentinelle.dz\\\/#\\\/schema\\\/person\\\/729ee0024f24e0b8c5ec17232f8e8b41\",\"name\":\"admin\",\"image\":{\"@type\":\"ImageObject\",\"inLanguage\":\"fr-FR\",\"@id\":\"https:\\\/\\\/secure.gravatar.com\\\/avatar\\\/4c81fed838786e9b53f540bf46533e750f5d292099ae3b66cfc6fb1982e29df7?s=96&d=mm&r=g\",\"url\":\"https:\\\/\\\/secure.gravatar.com\\\/avatar\\\/4c81fed838786e9b53f540bf46533e750f5d292099ae3b66cfc6fb1982e29df7?s=96&d=mm&r=g\",\"contentUrl\":\"https:\\\/\\\/secure.gravatar.com\\\/avatar\\\/4c81fed838786e9b53f540bf46533e750f5d292099ae3b66cfc6fb1982e29df7?s=96&d=mm&r=g\",\"caption\":\"admin\"},\"description\":\"admin\",\"url\":\"https:\\\/\\\/lasentinelle.dz\\\/author\\\/admin\\\/\"}]}<\/script>\n<!-- \/ Yoast SEO plugin. -->","yoast_head_json":{"title":"Trump risque d&rsquo;entrainer les USA dans un conflit avec l&rsquo;Iran: Le Moyen-Orient s&rsquo;enfonce dans le chaos - La Sentinelle","robots":{"index":"index","follow":"follow","max-snippet":"max-snippet:-1","max-image-preview":"max-image-preview:large","max-video-preview":"max-video-preview:-1"},"canonical":"https:\/\/lasentinelle.dz\/index.php\/2025\/06\/17\/trump-risque-dentrainer-les-usa-dans-un-conflit-avec-liran-le-moyen-orient-senfonce-dans-le-chaos\/","og_locale":"fr_FR","og_type":"article","og_title":"Trump risque d&rsquo;entrainer les USA dans un conflit avec l&rsquo;Iran: Le Moyen-Orient s&rsquo;enfonce dans le chaos - La Sentinelle","og_description":"L&rsquo;escalade militaire entre l&rsquo;entit\u00e9 sioniste et l&rsquo;Iran, entr\u00e9e dans son cinqui\u00e8me jour, fait craindre le pire sc\u00e9nario : l&rsquo;entra\u00eenement des","og_url":"https:\/\/lasentinelle.dz\/index.php\/2025\/06\/17\/trump-risque-dentrainer-les-usa-dans-un-conflit-avec-liran-le-moyen-orient-senfonce-dans-le-chaos\/","og_site_name":"La Sentinelle","article_publisher":"https:\/\/www.facebook.com\/La-Sentinelle-104059864394773","article_published_time":"2025-06-17T21:57:13+00:00","article_modified_time":"2025-06-17T21:57:14+00:00","og_image":[{"width":2000,"height":1333,"url":"https:\/\/lasentinelle.dz\/wp-content\/uploads\/2025\/06\/missiles.webp","type":"image\/webp"}],"author":"admin","twitter_card":"summary_large_image","twitter_misc":{"\u00c9crit par":"admin","Dur\u00e9e de lecture estim\u00e9e":"5 minutes"},"schema":{"@context":"https:\/\/schema.org","@graph":[{"@type":"Article","@id":"https:\/\/lasentinelle.dz\/index.php\/2025\/06\/17\/trump-risque-dentrainer-les-usa-dans-un-conflit-avec-liran-le-moyen-orient-senfonce-dans-le-chaos\/#article","isPartOf":{"@id":"https:\/\/lasentinelle.dz\/index.php\/2025\/06\/17\/trump-risque-dentrainer-les-usa-dans-un-conflit-avec-liran-le-moyen-orient-senfonce-dans-le-chaos\/"},"author":{"name":"admin","@id":"https:\/\/lasentinelle.dz\/#\/schema\/person\/729ee0024f24e0b8c5ec17232f8e8b41"},"headline":"Trump risque d&rsquo;entrainer les USA dans un conflit avec l&rsquo;Iran: Le Moyen-Orient s&rsquo;enfonce dans le chaos","datePublished":"2025-06-17T21:57:13+00:00","dateModified":"2025-06-17T21:57:14+00:00","mainEntityOfPage":{"@id":"https:\/\/lasentinelle.dz\/index.php\/2025\/06\/17\/trump-risque-dentrainer-les-usa-dans-un-conflit-avec-liran-le-moyen-orient-senfonce-dans-le-chaos\/"},"wordCount":951,"commentCount":0,"publisher":{"@id":"https:\/\/lasentinelle.dz\/#organization"},"image":{"@id":"https:\/\/lasentinelle.dz\/index.php\/2025\/06\/17\/trump-risque-dentrainer-les-usa-dans-un-conflit-avec-liran-le-moyen-orient-senfonce-dans-le-chaos\/#primaryimage"},"thumbnailUrl":"https:\/\/lasentinelle.dz\/wp-content\/uploads\/2025\/06\/missiles.webp","articleSection":["\u00c0 la Une","Monde"],"inLanguage":"fr-FR","potentialAction":[{"@type":"CommentAction","name":"Comment","target":["https:\/\/lasentinelle.dz\/index.php\/2025\/06\/17\/trump-risque-dentrainer-les-usa-dans-un-conflit-avec-liran-le-moyen-orient-senfonce-dans-le-chaos\/#respond"]}]},{"@type":"WebPage","@id":"https:\/\/lasentinelle.dz\/index.php\/2025\/06\/17\/trump-risque-dentrainer-les-usa-dans-un-conflit-avec-liran-le-moyen-orient-senfonce-dans-le-chaos\/","url":"https:\/\/lasentinelle.dz\/index.php\/2025\/06\/17\/trump-risque-dentrainer-les-usa-dans-un-conflit-avec-liran-le-moyen-orient-senfonce-dans-le-chaos\/","name":"Trump risque d&rsquo;entrainer les USA dans un conflit avec l&rsquo;Iran: Le Moyen-Orient s&rsquo;enfonce dans le chaos - La Sentinelle","isPartOf":{"@id":"https:\/\/lasentinelle.dz\/#website"},"primaryImageOfPage":{"@id":"https:\/\/lasentinelle.dz\/index.php\/2025\/06\/17\/trump-risque-dentrainer-les-usa-dans-un-conflit-avec-liran-le-moyen-orient-senfonce-dans-le-chaos\/#primaryimage"},"image":{"@id":"https:\/\/lasentinelle.dz\/index.php\/2025\/06\/17\/trump-risque-dentrainer-les-usa-dans-un-conflit-avec-liran-le-moyen-orient-senfonce-dans-le-chaos\/#primaryimage"},"thumbnailUrl":"https:\/\/lasentinelle.dz\/wp-content\/uploads\/2025\/06\/missiles.webp","datePublished":"2025-06-17T21:57:13+00:00","dateModified":"2025-06-17T21:57:14+00:00","breadcrumb":{"@id":"https:\/\/lasentinelle.dz\/index.php\/2025\/06\/17\/trump-risque-dentrainer-les-usa-dans-un-conflit-avec-liran-le-moyen-orient-senfonce-dans-le-chaos\/#breadcrumb"},"inLanguage":"fr-FR","potentialAction":[{"@type":"ReadAction","target":["https:\/\/lasentinelle.dz\/index.php\/2025\/06\/17\/trump-risque-dentrainer-les-usa-dans-un-conflit-avec-liran-le-moyen-orient-senfonce-dans-le-chaos\/"]}]},{"@type":"ImageObject","inLanguage":"fr-FR","@id":"https:\/\/lasentinelle.dz\/index.php\/2025\/06\/17\/trump-risque-dentrainer-les-usa-dans-un-conflit-avec-liran-le-moyen-orient-senfonce-dans-le-chaos\/#primaryimage","url":"https:\/\/lasentinelle.dz\/wp-content\/uploads\/2025\/06\/missiles.webp","contentUrl":"https:\/\/lasentinelle.dz\/wp-content\/uploads\/2025\/06\/missiles.webp","width":2000,"height":1333},{"@type":"BreadcrumbList","@id":"https:\/\/lasentinelle.dz\/index.php\/2025\/06\/17\/trump-risque-dentrainer-les-usa-dans-un-conflit-avec-liran-le-moyen-orient-senfonce-dans-le-chaos\/#breadcrumb","itemListElement":[{"@type":"ListItem","position":1,"name":"Accueil","item":"https:\/\/lasentinelle.dz\/"},{"@type":"ListItem","position":2,"name":"Trump risque d&rsquo;entrainer les USA dans un conflit avec l&rsquo;Iran: Le Moyen-Orient s&rsquo;enfonce dans le chaos"}]},{"@type":"WebSite","@id":"https:\/\/lasentinelle.dz\/#website","url":"https:\/\/lasentinelle.dz\/","name":"La Sentinelle","description":"Quotidien national d&#039;information","publisher":{"@id":"https:\/\/lasentinelle.dz\/#organization"},"potentialAction":[{"@type":"SearchAction","target":{"@type":"EntryPoint","urlTemplate":"https:\/\/lasentinelle.dz\/?s={search_term_string}"},"query-input":{"@type":"PropertyValueSpecification","valueRequired":true,"valueName":"search_term_string"}}],"inLanguage":"fr-FR"},{"@type":"Organization","@id":"https:\/\/lasentinelle.dz\/#organization","name":"Quotidien La Sentinelle","url":"https:\/\/lasentinelle.dz\/","logo":{"@type":"ImageObject","inLanguage":"fr-FR","@id":"https:\/\/lasentinelle.dz\/#\/schema\/logo\/image\/","url":"https:\/\/lasentinelle.dz\/wp-content\/uploads\/2021\/09\/logo-sentinelleSLOGAN-1.png","contentUrl":"https:\/\/lasentinelle.dz\/wp-content\/uploads\/2021\/09\/logo-sentinelleSLOGAN-1.png","width":615,"height":142,"caption":"Quotidien La Sentinelle"},"image":{"@id":"https:\/\/lasentinelle.dz\/#\/schema\/logo\/image\/"},"sameAs":["https:\/\/www.facebook.com\/La-Sentinelle-104059864394773"]},{"@type":"Person","@id":"https:\/\/lasentinelle.dz\/#\/schema\/person\/729ee0024f24e0b8c5ec17232f8e8b41","name":"admin","image":{"@type":"ImageObject","inLanguage":"fr-FR","@id":"https:\/\/secure.gravatar.com\/avatar\/4c81fed838786e9b53f540bf46533e750f5d292099ae3b66cfc6fb1982e29df7?s=96&d=mm&r=g","url":"https:\/\/secure.gravatar.com\/avatar\/4c81fed838786e9b53f540bf46533e750f5d292099ae3b66cfc6fb1982e29df7?s=96&d=mm&r=g","contentUrl":"https:\/\/secure.gravatar.com\/avatar\/4c81fed838786e9b53f540bf46533e750f5d292099ae3b66cfc6fb1982e29df7?s=96&d=mm&r=g","caption":"admin"},"description":"admin","url":"https:\/\/lasentinelle.dz\/author\/admin\/"}]}},"_links":{"self":[{"href":"https:\/\/lasentinelle.dz\/index.php\/wp-json\/wp\/v2\/posts\/69052","targetHints":{"allow":["GET"]}}],"collection":[{"href":"https:\/\/lasentinelle.dz\/index.php\/wp-json\/wp\/v2\/posts"}],"about":[{"href":"https:\/\/lasentinelle.dz\/index.php\/wp-json\/wp\/v2\/types\/post"}],"author":[{"embeddable":true,"href":"https:\/\/lasentinelle.dz\/index.php\/wp-json\/wp\/v2\/users\/6"}],"replies":[{"embeddable":true,"href":"https:\/\/lasentinelle.dz\/index.php\/wp-json\/wp\/v2\/comments?post=69052"}],"version-history":[{"count":2,"href":"https:\/\/lasentinelle.dz\/index.php\/wp-json\/wp\/v2\/posts\/69052\/revisions"}],"predecessor-version":[{"id":69055,"href":"https:\/\/lasentinelle.dz\/index.php\/wp-json\/wp\/v2\/posts\/69052\/revisions\/69055"}],"wp:featuredmedia":[{"embeddable":true,"href":"https:\/\/lasentinelle.dz\/index.php\/wp-json\/wp\/v2\/media\/69053"}],"wp:attachment":[{"href":"https:\/\/lasentinelle.dz\/index.php\/wp-json\/wp\/v2\/media?parent=69052"}],"wp:term":[{"taxonomy":"category","embeddable":true,"href":"https:\/\/lasentinelle.dz\/index.php\/wp-json\/wp\/v2\/categories?post=69052"},{"taxonomy":"post_tag","embeddable":true,"href":"https:\/\/lasentinelle.dz\/index.php\/wp-json\/wp\/v2\/tags?post=69052"}],"curies":[{"name":"wp","href":"https:\/\/api.w.org\/{rel}","templated":true}]}}