{"id":69207,"date":"2025-06-23T11:20:58","date_gmt":"2025-06-23T10:20:58","guid":{"rendered":"https:\/\/lasentinelle.dz\/?p=69207"},"modified":"2025-06-23T11:20:59","modified_gmt":"2025-06-23T10:20:59","slug":"faf-debut-du-tournoi-national-des-selections-regionales-des-jeunes-talents-u15-a-oran","status":"publish","type":"post","link":"https:\/\/lasentinelle.dz\/index.php\/2025\/06\/23\/faf-debut-du-tournoi-national-des-selections-regionales-des-jeunes-talents-u15-a-oran\/","title":{"rendered":"FAF: D\u00e9but du tournoi national des s\u00e9lections r\u00e9gionales des jeunes talents U15 \u00e0 Oran"},"content":{"rendered":"\n<p>Le coup d&rsquo;envoi est donn\u00e9 ! Dimanche au stade Ahmed Zabana d&rsquo;Oran, 450 jeunes footballeurs de 15 ans ont entam\u00e9 leur qu\u00eate du graal lors du tournoi national des s\u00e9lections r\u00e9gionales U15. Une comp\u00e9tition qui repr\u00e9sente bien plus qu&rsquo;un simple rassemblement sportif : c&rsquo;est l&rsquo;avenir m\u00eame du football alg\u00e9rien qui se dessine sur les pelouses oranaises. La rencontre inaugurale entre les s\u00e9lections d&rsquo;Oran et de Djelfa, sold\u00e9e par une victoire locale 2-0, a donn\u00e9 le ton d&rsquo;un \u00e9v\u00e9nement prometteur qui se d\u00e9roulera jusqu&rsquo;au 24 juin.<\/p>\n\n\n\n<p>Cette initiative s&rsquo;inscrit parfaitement dans la nouvelle philosophie de la F\u00e9d\u00e9ration Alg\u00e9rienne de Football, qui place d\u00e9sormais la formation des jeunes au c\u0153ur de ses priorit\u00e9s. Apr\u00e8s des ann\u00e9es de r\u00e9sultats mitig\u00e9s au niveau des \u00e9quipes nationales jeunes, les instances dirigeantes ont compris que l&rsquo;investissement dans la d\u00e9tection pr\u00e9coce des talents constitue la cl\u00e9 de vo\u00fbte du renouveau footballistique national. \u00ab\u00a0Ce tournoi national offre une excellente perspective pour d\u00e9nicher des talents prometteurs parmi les joueurs, avec pour certains des qualit\u00e9s exceptionnelles\u00a0\u00bb, confie Fodil Megharia, l&rsquo;un des responsables de l&rsquo;accompagnement des jeunes cat\u00e9gories aux c\u00f4t\u00e9s d&rsquo;Hassen Goula, sous la supervision du Directeur technique national Ali Moucer.<\/p>\n\n\n\n<p>L&rsquo;ampleur de ce rassemblement t\u00e9moigne de l&rsquo;ambition affich\u00e9e : dix-huit s\u00e9lections r\u00e9gionales repr\u00e9sentant l&rsquo;ensemble du territoire national se disputent les faveurs des recruteurs. D&rsquo;Alger \u00e0 Tindouf, de Tizi Ouzou \u00e0 El-Oued, en passant par Chlef, Djelfa, Gharda\u00efa, Na\u00e2ma, Biskra, T\u00e9bessa, Bordj Bou-Arreridj, Skikda, Guelma, S\u00e9tif, Tissemsilt, Mascara et A\u00efn T\u00e9mouchent, chaque r\u00e9gion apporte sa p\u00e9pite, son espoir de voir \u00e9merger le futur crack des Verts. Le tournoi, organis\u00e9 selon un format particuli\u00e8rement attractif, propose dans un premier temps six mini-championnats o\u00f9 chaque \u00e9quipe disputera deux rencontres. Seules les deux meilleures formations de chaque poule acc\u00e8deront aux quarts de finale programm\u00e9s pour la soir\u00e9e du 23 juin, garantissant ainsi un niveau d&rsquo;exigence \u00e9lev\u00e9 d\u00e8s les premiers tours. Cette formule intensive sur trois jours permet aux jeunes joueurs de d\u00e9couvrir la pression de la comp\u00e9tition tout en b\u00e9n\u00e9ficiant d&rsquo;un maximum de temps de jeu, \u00e9l\u00e9ment crucial \u00e0 cet \u00e2ge de d\u00e9veloppement.<\/p>\n\n\n\n<p>L&rsquo;infrastructure mise \u00e0 disposition r\u00e9v\u00e8le \u00e9galement le s\u00e9rieux de l&rsquo;organisation : trois stades oranais accueilleront les rencontres, le mythique Ahmed Zabana, le stade Habib Bouakeul et celui d&rsquo;El-Kerma, avant que le complexe olympique Miloud Hadefi ne serve d&rsquo;\u00e9crin \u00e0 la grande finale mardi \u00e0 17h30. Cette utilisation optimale des installations sportives oranaises permet d&rsquo;offrir des conditions dignes de l&rsquo;enjeu \u00e0 ces futurs internationaux.<\/p>\n\n\n\n<p>Car l&rsquo;objectif avou\u00e9 ne souffre d&rsquo;aucune ambigu\u00eft\u00e9 : \u00ab\u00a0Cette initiative s&rsquo;inscrit dans le cadre du programme de d\u00e9tection des talents et de la formation du premier noyau de l&rsquo;\u00e9quipe nationale U15.\u00a0\u00bb Les responsables de la FAF ne cachent pas leur volont\u00e9 de construire une g\u00e9n\u00e9ration capable de rivaliser avec les meilleures nations du continent et du monde. Apr\u00e8s les d\u00e9ceptions r\u00e9centes des s\u00e9lections jeunes alg\u00e9riennes sur la sc\u00e8ne internationale, ce tournoi marque un tournant dans la strat\u00e9gie f\u00e9d\u00e9rale.<\/p>\n\n\n\n<p>L&rsquo;encadrement technique de haut niveau, avec la pr\u00e9sence du DTN Ali Moucer et de ses collaborateurs sp\u00e9cialis\u00e9s dans la formation, garantit un suivi professionnel de ces jeunes talents. Leur \u0153il expert permettra d&rsquo;identifier non seulement les joueurs les plus aboutis techniquement, mais aussi ceux poss\u00e9dant le mental et la personnalit\u00e9 n\u00e9cessaires pour \u00e9voluer au plus haut niveau.<\/p>\n\n\n\n<p>Au-del\u00e0 de l&rsquo;aspect purement sportif, ce tournoi rev\u00eat une dimension symbolique forte. Il envoie un message clair \u00e0 tous les \u00e9ducateurs et clubs formateurs du pays : la FAF mise d\u00e9sormais sur la jeunesse et la patience, pr\u00e9f\u00e9rant construire sur des bases solides plut\u00f4t que de rechercher des solutions miracles \u00e0 court terme. Cette vision \u00e0 long terme, inspir\u00e9e des mod\u00e8les europ\u00e9ens les plus performants, pourrait bien \u00eatre la cl\u00e9 du renouveau tant attendu du football alg\u00e9rien.<\/p>\n\n\n\n<p>M.D.<\/p>\n","protected":false},"excerpt":{"rendered":"<p>Le coup d&rsquo;envoi est donn\u00e9 ! Dimanche au stade Ahmed Zabana d&rsquo;Oran, 450 jeunes footballeurs de 15 ans ont entam\u00e9<\/p>\n","protected":false},"author":6,"featured_media":69208,"comment_status":"open","ping_status":"closed","sticky":false,"template":"","format":"standard","meta":{"colormag_page_container_layout":"default_layout","colormag_page_sidebar_layout":"default_layout","om_disable_all_campaigns":false,"_monsterinsights_skip_tracking":false,"_monsterinsights_sitenote_active":false,"_monsterinsights_sitenote_note":"","_monsterinsights_sitenote_category":0,"footnotes":"","_wpscppro_dont_share_socialmedia":false,"_wpscppro_custom_social_share_image":0,"_facebook_share_type":"default","_twitter_share_type":"default","_linkedin_share_type":"default","_pinterest_share_type":"default","_linkedin_share_type_page":"","_instagram_share_type":"default","_medium_share_type":"default","_threads_share_type":"","_google_business_share_type":"","_selected_social_profile":[],"_wpsp_enable_custom_social_template":false,"_wpsp_social_scheduling":{"enabled":false,"datetime":null,"platforms":[],"status":"template_only","dateOption":"today","timeOption":"now","customDays":"","customHours":"","customDate":"","customTime":"","schedulingType":"absolute"},"_wpsp_active_default_template":true},"categories":[33],"tags":[],"class_list":["post-69207","post","type-post","status-publish","format-standard","has-post-thumbnail","hentry","category-sports"],"aioseo_notices":[],"yoast_head":"<!-- This site is optimized with the Yoast SEO plugin v27.5 - https:\/\/yoast.com\/product\/yoast-seo-wordpress\/ -->\n<title>FAF: D\u00e9but du tournoi national des s\u00e9lections r\u00e9gionales des jeunes talents U15 \u00e0 Oran - La Sentinelle<\/title>\n<meta name=\"robots\" content=\"index, follow, max-snippet:-1, max-image-preview:large, max-video-preview:-1\" \/>\n<link rel=\"canonical\" href=\"https:\/\/lasentinelle.dz\/index.php\/2025\/06\/23\/faf-debut-du-tournoi-national-des-selections-regionales-des-jeunes-talents-u15-a-oran\/\" \/>\n<meta property=\"og:locale\" content=\"fr_FR\" \/>\n<meta property=\"og:type\" content=\"article\" \/>\n<meta property=\"og:title\" content=\"FAF: D\u00e9but du tournoi national des s\u00e9lections r\u00e9gionales des jeunes talents U15 \u00e0 Oran - La Sentinelle\" \/>\n<meta property=\"og:description\" content=\"Le coup d&rsquo;envoi est donn\u00e9 ! Dimanche au stade Ahmed Zabana d&rsquo;Oran, 450 jeunes footballeurs de 15 ans ont entam\u00e9\" \/>\n<meta property=\"og:url\" content=\"https:\/\/lasentinelle.dz\/index.php\/2025\/06\/23\/faf-debut-du-tournoi-national-des-selections-regionales-des-jeunes-talents-u15-a-oran\/\" \/>\n<meta property=\"og:site_name\" content=\"La Sentinelle\" \/>\n<meta property=\"article:publisher\" content=\"https:\/\/www.facebook.com\/La-Sentinelle-104059864394773\" \/>\n<meta property=\"article:published_time\" content=\"2025-06-23T10:20:58+00:00\" \/>\n<meta property=\"article:modified_time\" content=\"2025-06-23T10:20:59+00:00\" \/>\n<meta property=\"og:image\" content=\"https:\/\/lasentinelle.dz\/wp-content\/uploads\/2025\/06\/tournoi-U15.jpg\" \/>\n\t<meta property=\"og:image:width\" content=\"2400\" \/>\n\t<meta property=\"og:image:height\" content=\"1600\" \/>\n\t<meta property=\"og:image:type\" content=\"image\/jpeg\" \/>\n<meta name=\"author\" content=\"admin\" \/>\n<meta name=\"twitter:card\" content=\"summary_large_image\" \/>\n<meta name=\"twitter:label1\" content=\"\u00c9crit par\" \/>\n\t<meta name=\"twitter:data1\" content=\"admin\" \/>\n\t<meta name=\"twitter:label2\" content=\"Dur\u00e9e de lecture estim\u00e9e\" \/>\n\t<meta name=\"twitter:data2\" content=\"4 minutes\" \/>\n<script type=\"application\/ld+json\" class=\"yoast-schema-graph\">{\"@context\":\"https:\\\/\\\/schema.org\",\"@graph\":[{\"@type\":\"Article\",\"@id\":\"https:\\\/\\\/lasentinelle.dz\\\/index.php\\\/2025\\\/06\\\/23\\\/faf-debut-du-tournoi-national-des-selections-regionales-des-jeunes-talents-u15-a-oran\\\/#article\",\"isPartOf\":{\"@id\":\"https:\\\/\\\/lasentinelle.dz\\\/index.php\\\/2025\\\/06\\\/23\\\/faf-debut-du-tournoi-national-des-selections-regionales-des-jeunes-talents-u15-a-oran\\\/\"},\"author\":{\"name\":\"admin\",\"@id\":\"https:\\\/\\\/lasentinelle.dz\\\/#\\\/schema\\\/person\\\/729ee0024f24e0b8c5ec17232f8e8b41\"},\"headline\":\"FAF: D\u00e9but du tournoi national des s\u00e9lections r\u00e9gionales des jeunes talents U15 \u00e0 Oran\",\"datePublished\":\"2025-06-23T10:20:58+00:00\",\"dateModified\":\"2025-06-23T10:20:59+00:00\",\"mainEntityOfPage\":{\"@id\":\"https:\\\/\\\/lasentinelle.dz\\\/index.php\\\/2025\\\/06\\\/23\\\/faf-debut-du-tournoi-national-des-selections-regionales-des-jeunes-talents-u15-a-oran\\\/\"},\"wordCount\":727,\"commentCount\":0,\"publisher\":{\"@id\":\"https:\\\/\\\/lasentinelle.dz\\\/#organization\"},\"image\":{\"@id\":\"https:\\\/\\\/lasentinelle.dz\\\/index.php\\\/2025\\\/06\\\/23\\\/faf-debut-du-tournoi-national-des-selections-regionales-des-jeunes-talents-u15-a-oran\\\/#primaryimage\"},\"thumbnailUrl\":\"https:\\\/\\\/lasentinelle.dz\\\/wp-content\\\/uploads\\\/2025\\\/06\\\/tournoi-U15.jpg\",\"articleSection\":[\"Sports\"],\"inLanguage\":\"fr-FR\",\"potentialAction\":[{\"@type\":\"CommentAction\",\"name\":\"Comment\",\"target\":[\"https:\\\/\\\/lasentinelle.dz\\\/index.php\\\/2025\\\/06\\\/23\\\/faf-debut-du-tournoi-national-des-selections-regionales-des-jeunes-talents-u15-a-oran\\\/#respond\"]}]},{\"@type\":\"WebPage\",\"@id\":\"https:\\\/\\\/lasentinelle.dz\\\/index.php\\\/2025\\\/06\\\/23\\\/faf-debut-du-tournoi-national-des-selections-regionales-des-jeunes-talents-u15-a-oran\\\/\",\"url\":\"https:\\\/\\\/lasentinelle.dz\\\/index.php\\\/2025\\\/06\\\/23\\\/faf-debut-du-tournoi-national-des-selections-regionales-des-jeunes-talents-u15-a-oran\\\/\",\"name\":\"FAF: D\u00e9but du tournoi national des s\u00e9lections r\u00e9gionales des jeunes talents U15 \u00e0 Oran - La Sentinelle\",\"isPartOf\":{\"@id\":\"https:\\\/\\\/lasentinelle.dz\\\/#website\"},\"primaryImageOfPage\":{\"@id\":\"https:\\\/\\\/lasentinelle.dz\\\/index.php\\\/2025\\\/06\\\/23\\\/faf-debut-du-tournoi-national-des-selections-regionales-des-jeunes-talents-u15-a-oran\\\/#primaryimage\"},\"image\":{\"@id\":\"https:\\\/\\\/lasentinelle.dz\\\/index.php\\\/2025\\\/06\\\/23\\\/faf-debut-du-tournoi-national-des-selections-regionales-des-jeunes-talents-u15-a-oran\\\/#primaryimage\"},\"thumbnailUrl\":\"https:\\\/\\\/lasentinelle.dz\\\/wp-content\\\/uploads\\\/2025\\\/06\\\/tournoi-U15.jpg\",\"datePublished\":\"2025-06-23T10:20:58+00:00\",\"dateModified\":\"2025-06-23T10:20:59+00:00\",\"breadcrumb\":{\"@id\":\"https:\\\/\\\/lasentinelle.dz\\\/index.php\\\/2025\\\/06\\\/23\\\/faf-debut-du-tournoi-national-des-selections-regionales-des-jeunes-talents-u15-a-oran\\\/#breadcrumb\"},\"inLanguage\":\"fr-FR\",\"potentialAction\":[{\"@type\":\"ReadAction\",\"target\":[\"https:\\\/\\\/lasentinelle.dz\\\/index.php\\\/2025\\\/06\\\/23\\\/faf-debut-du-tournoi-national-des-selections-regionales-des-jeunes-talents-u15-a-oran\\\/\"]}]},{\"@type\":\"ImageObject\",\"inLanguage\":\"fr-FR\",\"@id\":\"https:\\\/\\\/lasentinelle.dz\\\/index.php\\\/2025\\\/06\\\/23\\\/faf-debut-du-tournoi-national-des-selections-regionales-des-jeunes-talents-u15-a-oran\\\/#primaryimage\",\"url\":\"https:\\\/\\\/lasentinelle.dz\\\/wp-content\\\/uploads\\\/2025\\\/06\\\/tournoi-U15.jpg\",\"contentUrl\":\"https:\\\/\\\/lasentinelle.dz\\\/wp-content\\\/uploads\\\/2025\\\/06\\\/tournoi-U15.jpg\",\"width\":2400,\"height\":1600},{\"@type\":\"BreadcrumbList\",\"@id\":\"https:\\\/\\\/lasentinelle.dz\\\/index.php\\\/2025\\\/06\\\/23\\\/faf-debut-du-tournoi-national-des-selections-regionales-des-jeunes-talents-u15-a-oran\\\/#breadcrumb\",\"itemListElement\":[{\"@type\":\"ListItem\",\"position\":1,\"name\":\"Accueil\",\"item\":\"https:\\\/\\\/lasentinelle.dz\\\/\"},{\"@type\":\"ListItem\",\"position\":2,\"name\":\"FAF: D\u00e9but du tournoi national des s\u00e9lections r\u00e9gionales des jeunes talents U15 \u00e0 Oran\"}]},{\"@type\":\"WebSite\",\"@id\":\"https:\\\/\\\/lasentinelle.dz\\\/#website\",\"url\":\"https:\\\/\\\/lasentinelle.dz\\\/\",\"name\":\"La Sentinelle\",\"description\":\"Quotidien national d&#039;information\",\"publisher\":{\"@id\":\"https:\\\/\\\/lasentinelle.dz\\\/#organization\"},\"potentialAction\":[{\"@type\":\"SearchAction\",\"target\":{\"@type\":\"EntryPoint\",\"urlTemplate\":\"https:\\\/\\\/lasentinelle.dz\\\/?s={search_term_string}\"},\"query-input\":{\"@type\":\"PropertyValueSpecification\",\"valueRequired\":true,\"valueName\":\"search_term_string\"}}],\"inLanguage\":\"fr-FR\"},{\"@type\":\"Organization\",\"@id\":\"https:\\\/\\\/lasentinelle.dz\\\/#organization\",\"name\":\"Quotidien La Sentinelle\",\"url\":\"https:\\\/\\\/lasentinelle.dz\\\/\",\"logo\":{\"@type\":\"ImageObject\",\"inLanguage\":\"fr-FR\",\"@id\":\"https:\\\/\\\/lasentinelle.dz\\\/#\\\/schema\\\/logo\\\/image\\\/\",\"url\":\"https:\\\/\\\/lasentinelle.dz\\\/wp-content\\\/uploads\\\/2021\\\/09\\\/logo-sentinelleSLOGAN-1.png\",\"contentUrl\":\"https:\\\/\\\/lasentinelle.dz\\\/wp-content\\\/uploads\\\/2021\\\/09\\\/logo-sentinelleSLOGAN-1.png\",\"width\":615,\"height\":142,\"caption\":\"Quotidien La Sentinelle\"},\"image\":{\"@id\":\"https:\\\/\\\/lasentinelle.dz\\\/#\\\/schema\\\/logo\\\/image\\\/\"},\"sameAs\":[\"https:\\\/\\\/www.facebook.com\\\/La-Sentinelle-104059864394773\"]},{\"@type\":\"Person\",\"@id\":\"https:\\\/\\\/lasentinelle.dz\\\/#\\\/schema\\\/person\\\/729ee0024f24e0b8c5ec17232f8e8b41\",\"name\":\"admin\",\"image\":{\"@type\":\"ImageObject\",\"inLanguage\":\"fr-FR\",\"@id\":\"https:\\\/\\\/secure.gravatar.com\\\/avatar\\\/4c81fed838786e9b53f540bf46533e750f5d292099ae3b66cfc6fb1982e29df7?s=96&d=mm&r=g\",\"url\":\"https:\\\/\\\/secure.gravatar.com\\\/avatar\\\/4c81fed838786e9b53f540bf46533e750f5d292099ae3b66cfc6fb1982e29df7?s=96&d=mm&r=g\",\"contentUrl\":\"https:\\\/\\\/secure.gravatar.com\\\/avatar\\\/4c81fed838786e9b53f540bf46533e750f5d292099ae3b66cfc6fb1982e29df7?s=96&d=mm&r=g\",\"caption\":\"admin\"},\"description\":\"admin\",\"url\":\"https:\\\/\\\/lasentinelle.dz\\\/author\\\/admin\\\/\"}]}<\/script>\n<!-- \/ Yoast SEO plugin. -->","yoast_head_json":{"title":"FAF: D\u00e9but du tournoi national des s\u00e9lections r\u00e9gionales des jeunes talents U15 \u00e0 Oran - La Sentinelle","robots":{"index":"index","follow":"follow","max-snippet":"max-snippet:-1","max-image-preview":"max-image-preview:large","max-video-preview":"max-video-preview:-1"},"canonical":"https:\/\/lasentinelle.dz\/index.php\/2025\/06\/23\/faf-debut-du-tournoi-national-des-selections-regionales-des-jeunes-talents-u15-a-oran\/","og_locale":"fr_FR","og_type":"article","og_title":"FAF: D\u00e9but du tournoi national des s\u00e9lections r\u00e9gionales des jeunes talents U15 \u00e0 Oran - La Sentinelle","og_description":"Le coup d&rsquo;envoi est donn\u00e9 ! Dimanche au stade Ahmed Zabana d&rsquo;Oran, 450 jeunes footballeurs de 15 ans ont entam\u00e9","og_url":"https:\/\/lasentinelle.dz\/index.php\/2025\/06\/23\/faf-debut-du-tournoi-national-des-selections-regionales-des-jeunes-talents-u15-a-oran\/","og_site_name":"La Sentinelle","article_publisher":"https:\/\/www.facebook.com\/La-Sentinelle-104059864394773","article_published_time":"2025-06-23T10:20:58+00:00","article_modified_time":"2025-06-23T10:20:59+00:00","og_image":[{"width":2400,"height":1600,"url":"https:\/\/lasentinelle.dz\/wp-content\/uploads\/2025\/06\/tournoi-U15.jpg","type":"image\/jpeg"}],"author":"admin","twitter_card":"summary_large_image","twitter_misc":{"\u00c9crit par":"admin","Dur\u00e9e de lecture estim\u00e9e":"4 minutes"},"schema":{"@context":"https:\/\/schema.org","@graph":[{"@type":"Article","@id":"https:\/\/lasentinelle.dz\/index.php\/2025\/06\/23\/faf-debut-du-tournoi-national-des-selections-regionales-des-jeunes-talents-u15-a-oran\/#article","isPartOf":{"@id":"https:\/\/lasentinelle.dz\/index.php\/2025\/06\/23\/faf-debut-du-tournoi-national-des-selections-regionales-des-jeunes-talents-u15-a-oran\/"},"author":{"name":"admin","@id":"https:\/\/lasentinelle.dz\/#\/schema\/person\/729ee0024f24e0b8c5ec17232f8e8b41"},"headline":"FAF: D\u00e9but du tournoi national des s\u00e9lections r\u00e9gionales des jeunes talents U15 \u00e0 Oran","datePublished":"2025-06-23T10:20:58+00:00","dateModified":"2025-06-23T10:20:59+00:00","mainEntityOfPage":{"@id":"https:\/\/lasentinelle.dz\/index.php\/2025\/06\/23\/faf-debut-du-tournoi-national-des-selections-regionales-des-jeunes-talents-u15-a-oran\/"},"wordCount":727,"commentCount":0,"publisher":{"@id":"https:\/\/lasentinelle.dz\/#organization"},"image":{"@id":"https:\/\/lasentinelle.dz\/index.php\/2025\/06\/23\/faf-debut-du-tournoi-national-des-selections-regionales-des-jeunes-talents-u15-a-oran\/#primaryimage"},"thumbnailUrl":"https:\/\/lasentinelle.dz\/wp-content\/uploads\/2025\/06\/tournoi-U15.jpg","articleSection":["Sports"],"inLanguage":"fr-FR","potentialAction":[{"@type":"CommentAction","name":"Comment","target":["https:\/\/lasentinelle.dz\/index.php\/2025\/06\/23\/faf-debut-du-tournoi-national-des-selections-regionales-des-jeunes-talents-u15-a-oran\/#respond"]}]},{"@type":"WebPage","@id":"https:\/\/lasentinelle.dz\/index.php\/2025\/06\/23\/faf-debut-du-tournoi-national-des-selections-regionales-des-jeunes-talents-u15-a-oran\/","url":"https:\/\/lasentinelle.dz\/index.php\/2025\/06\/23\/faf-debut-du-tournoi-national-des-selections-regionales-des-jeunes-talents-u15-a-oran\/","name":"FAF: D\u00e9but du tournoi national des s\u00e9lections r\u00e9gionales des jeunes talents U15 \u00e0 Oran - La Sentinelle","isPartOf":{"@id":"https:\/\/lasentinelle.dz\/#website"},"primaryImageOfPage":{"@id":"https:\/\/lasentinelle.dz\/index.php\/2025\/06\/23\/faf-debut-du-tournoi-national-des-selections-regionales-des-jeunes-talents-u15-a-oran\/#primaryimage"},"image":{"@id":"https:\/\/lasentinelle.dz\/index.php\/2025\/06\/23\/faf-debut-du-tournoi-national-des-selections-regionales-des-jeunes-talents-u15-a-oran\/#primaryimage"},"thumbnailUrl":"https:\/\/lasentinelle.dz\/wp-content\/uploads\/2025\/06\/tournoi-U15.jpg","datePublished":"2025-06-23T10:20:58+00:00","dateModified":"2025-06-23T10:20:59+00:00","breadcrumb":{"@id":"https:\/\/lasentinelle.dz\/index.php\/2025\/06\/23\/faf-debut-du-tournoi-national-des-selections-regionales-des-jeunes-talents-u15-a-oran\/#breadcrumb"},"inLanguage":"fr-FR","potentialAction":[{"@type":"ReadAction","target":["https:\/\/lasentinelle.dz\/index.php\/2025\/06\/23\/faf-debut-du-tournoi-national-des-selections-regionales-des-jeunes-talents-u15-a-oran\/"]}]},{"@type":"ImageObject","inLanguage":"fr-FR","@id":"https:\/\/lasentinelle.dz\/index.php\/2025\/06\/23\/faf-debut-du-tournoi-national-des-selections-regionales-des-jeunes-talents-u15-a-oran\/#primaryimage","url":"https:\/\/lasentinelle.dz\/wp-content\/uploads\/2025\/06\/tournoi-U15.jpg","contentUrl":"https:\/\/lasentinelle.dz\/wp-content\/uploads\/2025\/06\/tournoi-U15.jpg","width":2400,"height":1600},{"@type":"BreadcrumbList","@id":"https:\/\/lasentinelle.dz\/index.php\/2025\/06\/23\/faf-debut-du-tournoi-national-des-selections-regionales-des-jeunes-talents-u15-a-oran\/#breadcrumb","itemListElement":[{"@type":"ListItem","position":1,"name":"Accueil","item":"https:\/\/lasentinelle.dz\/"},{"@type":"ListItem","position":2,"name":"FAF: D\u00e9but du tournoi national des s\u00e9lections r\u00e9gionales des jeunes talents U15 \u00e0 Oran"}]},{"@type":"WebSite","@id":"https:\/\/lasentinelle.dz\/#website","url":"https:\/\/lasentinelle.dz\/","name":"La Sentinelle","description":"Quotidien national d&#039;information","publisher":{"@id":"https:\/\/lasentinelle.dz\/#organization"},"potentialAction":[{"@type":"SearchAction","target":{"@type":"EntryPoint","urlTemplate":"https:\/\/lasentinelle.dz\/?s={search_term_string}"},"query-input":{"@type":"PropertyValueSpecification","valueRequired":true,"valueName":"search_term_string"}}],"inLanguage":"fr-FR"},{"@type":"Organization","@id":"https:\/\/lasentinelle.dz\/#organization","name":"Quotidien La Sentinelle","url":"https:\/\/lasentinelle.dz\/","logo":{"@type":"ImageObject","inLanguage":"fr-FR","@id":"https:\/\/lasentinelle.dz\/#\/schema\/logo\/image\/","url":"https:\/\/lasentinelle.dz\/wp-content\/uploads\/2021\/09\/logo-sentinelleSLOGAN-1.png","contentUrl":"https:\/\/lasentinelle.dz\/wp-content\/uploads\/2021\/09\/logo-sentinelleSLOGAN-1.png","width":615,"height":142,"caption":"Quotidien La Sentinelle"},"image":{"@id":"https:\/\/lasentinelle.dz\/#\/schema\/logo\/image\/"},"sameAs":["https:\/\/www.facebook.com\/La-Sentinelle-104059864394773"]},{"@type":"Person","@id":"https:\/\/lasentinelle.dz\/#\/schema\/person\/729ee0024f24e0b8c5ec17232f8e8b41","name":"admin","image":{"@type":"ImageObject","inLanguage":"fr-FR","@id":"https:\/\/secure.gravatar.com\/avatar\/4c81fed838786e9b53f540bf46533e750f5d292099ae3b66cfc6fb1982e29df7?s=96&d=mm&r=g","url":"https:\/\/secure.gravatar.com\/avatar\/4c81fed838786e9b53f540bf46533e750f5d292099ae3b66cfc6fb1982e29df7?s=96&d=mm&r=g","contentUrl":"https:\/\/secure.gravatar.com\/avatar\/4c81fed838786e9b53f540bf46533e750f5d292099ae3b66cfc6fb1982e29df7?s=96&d=mm&r=g","caption":"admin"},"description":"admin","url":"https:\/\/lasentinelle.dz\/author\/admin\/"}]}},"_links":{"self":[{"href":"https:\/\/lasentinelle.dz\/index.php\/wp-json\/wp\/v2\/posts\/69207","targetHints":{"allow":["GET"]}}],"collection":[{"href":"https:\/\/lasentinelle.dz\/index.php\/wp-json\/wp\/v2\/posts"}],"about":[{"href":"https:\/\/lasentinelle.dz\/index.php\/wp-json\/wp\/v2\/types\/post"}],"author":[{"embeddable":true,"href":"https:\/\/lasentinelle.dz\/index.php\/wp-json\/wp\/v2\/users\/6"}],"replies":[{"embeddable":true,"href":"https:\/\/lasentinelle.dz\/index.php\/wp-json\/wp\/v2\/comments?post=69207"}],"version-history":[{"count":1,"href":"https:\/\/lasentinelle.dz\/index.php\/wp-json\/wp\/v2\/posts\/69207\/revisions"}],"predecessor-version":[{"id":69209,"href":"https:\/\/lasentinelle.dz\/index.php\/wp-json\/wp\/v2\/posts\/69207\/revisions\/69209"}],"wp:featuredmedia":[{"embeddable":true,"href":"https:\/\/lasentinelle.dz\/index.php\/wp-json\/wp\/v2\/media\/69208"}],"wp:attachment":[{"href":"https:\/\/lasentinelle.dz\/index.php\/wp-json\/wp\/v2\/media?parent=69207"}],"wp:term":[{"taxonomy":"category","embeddable":true,"href":"https:\/\/lasentinelle.dz\/index.php\/wp-json\/wp\/v2\/categories?post=69207"},{"taxonomy":"post_tag","embeddable":true,"href":"https:\/\/lasentinelle.dz\/index.php\/wp-json\/wp\/v2\/tags?post=69207"}],"curies":[{"name":"wp","href":"https:\/\/api.w.org\/{rel}","templated":true}]}}