{"id":69210,"date":"2025-06-23T11:21:45","date_gmt":"2025-06-23T10:21:45","guid":{"rendered":"https:\/\/lasentinelle.dz\/?p=69210"},"modified":"2025-06-23T11:21:46","modified_gmt":"2025-06-23T10:21:46","slug":"mercato-bensebaini-dans-le-viseur-de-lom","status":"publish","type":"post","link":"https:\/\/lasentinelle.dz\/index.php\/2025\/06\/23\/mercato-bensebaini-dans-le-viseur-de-lom\/","title":{"rendered":"Mercato : Bensebaini dans le viseur de l&rsquo;OM !"},"content":{"rendered":"\n<p>Selon plusieurs sources fiables, l&rsquo;OM vient de d\u00e9gainer une offre de 15 millions d&rsquo;euros pour s&rsquo;offrir les services de l&rsquo;international alg\u00e9rien de 30 ans.<\/p>\n\n\n\n<p>L&rsquo;Olympique de Marseille ne fait pas dans la demi-mesure cet \u00e9t\u00e9 ! Apr\u00e8s avoir observ\u00e9 les performances remarquables de Ramy Bensebaini lors de la Coupe du Monde des Clubs avec le Borussia Dortmund, notamment face \u00e0 Fluminense et lors du match compliqu\u00e9 contre les Mamelodi Sundowns o\u00f9 l&rsquo;Alg\u00e9rien a montr\u00e9 toute sa classe d\u00e9fensive, la direction phoc\u00e9enne a d\u00e9cid\u00e9 de passer aux actes. Selon plusieurs sources fiables, l&rsquo;OM vient de d\u00e9gainer une offre de 15 millions d&rsquo;euros pour s&rsquo;offrir les services de l&rsquo;international alg\u00e9rien de 30 ans. Derri\u00e8re cette somme rondelette se cache une strat\u00e9gie bien pens\u00e9e : remplacer num\u00e9riquement Adrien Truffert tout en apportant une plus-value technique et exp\u00e9rientielle consid\u00e9rable. Bensebaini, c&rsquo;est du solide, du v\u00e9cu, un joueur qui conna\u00eet parfaitement la Ligue 1 apr\u00e8s ses passages remarqu\u00e9s \u00e0 Montpellier et Rennes, et qui vient de d\u00e9montrer son niveau europ\u00e9en sous les couleurs du BVB.<\/p>\n\n\n\n<p>Probl\u00e8me de taille : Dortmund ne l&rsquo;entend pas de cette oreille ! Le club allemand consid\u00e8re son d\u00e9fenseur comme un cadre indispensable, et pour cause. Avec 46 apparitions cette saison, 3 buts et 7 passes d\u00e9cisives, le Fennec s&rsquo;est impos\u00e9 comme un \u00e9l\u00e9ment cl\u00e9 du dispositif de Terzi\u0107. Son contrat court jusqu&rsquo;en 2027, ce qui place le Borussia en position de force pour r\u00e9sister aux assauts marseillais. D&rsquo;autant que Naples r\u00f4de \u00e9galement dans ce dossier, pr\u00eat \u00e0 jouer les trouble-f\u00eates dans cette course \u00e0 l&rsquo;international alg\u00e9rien.<\/p>\n\n\n\n<p>L&rsquo;int\u00e9r\u00eat de l&rsquo;OM n&rsquo;a pourtant rien d&rsquo;un coup de t\u00eate. Bensebaini pr\u00e9sente un profil rarissime sur le march\u00e9 : polyvalent tactiquement, il peut \u00e9voluer aussi bien dans une d\u00e9fense \u00e0 trois qu&rsquo;\u00e0 quatre, apportant cette flexibilit\u00e9 que recherchent tous les entra\u00eeneurs modernes. Son exp\u00e9rience internationale avec les Fennecs et sa connaissance du championnat fran\u00e7ais en font un investissement quasi sans risque pour un club qui ambitionne de retrouver les sommets europ\u00e9ens.<\/p>\n\n\n\n<p>La r\u00e9cente Coupe du Monde des Clubs a d&rsquo;ailleurs rappel\u00e9 \u00e0 tous pourquoi Bensebaini fait partie de cette cat\u00e9gorie de joueurs qu&rsquo;on n&rsquo;h\u00e9site pas \u00e0 surpayer. Face aux Mamelodi Sundowns, alors que les \u00ab\u00a0Br\u00e9siliens\u00a0\u00bb sud-africains menaient la vie dure aux Allemands avec leur jeu technique et vertical, l&rsquo;Alg\u00e9rien a montr\u00e9 toute sa science d\u00e9fensive. Quand Lucas Ribeiro a enflamm\u00e9 les tribunes par sa frappe puissante \u00e0 la 11e minute apr\u00e8s avoir \u00e9limin\u00e9 le milieu de terrain adverse, c&rsquo;\u00e9tait justement sur le flanc oppos\u00e9 \u00e0 celui de Bensebaini, preuve de sa capacit\u00e9 \u00e0 verrouiller son couloir m\u00eame dans les moments de grande intensit\u00e9.<\/p>\n\n\n\n<p>Cette performance n&rsquo;est pas pass\u00e9e inaper\u00e7ue du c\u00f4t\u00e9 du V\u00e9lodrome, o\u00f9 l&rsquo;on appr\u00e9cie particuli\u00e8rement les joueurs capables de hausser leur niveau dans les grands rendez-vous. Bensebaini, c&rsquo;est exactement ce profil : un d\u00e9fenseur moderne, offensif quand il faut, solide dans les duels, et dot\u00e9 d&rsquo;une intelligence tactique qui lui permet de s&rsquo;adapter \u00e0 tous les syst\u00e8mes.<\/p>\n\n\n\n<p>La mission s&rsquo;annonce ardue tant le BVB mise sur la stabilit\u00e9 de son effectif apr\u00e8s une saison europ\u00e9enne aboutie. Les dirigeants allemands pourraient toutefois \u00eatre tent\u00e9s par cette offre marseillaise si elle venait \u00e0 \u00eatre revaloris\u00e9e, d&rsquo;autant que le club traverse une p\u00e9riode de r\u00e9flexion sur ses orientations futures.<\/p>\n\n\n\n<p>Mais Bensebaini lui-m\u00eame n&rsquo;a pas ferm\u00e9 la porte \u00e0 un retour en France, lui qui garde un excellent souvenir de ses ann\u00e9es bretonnes et qui pourrait \u00eatre s\u00e9duit par le projet ambitieux de l&rsquo;OM.<\/p>\n\n\n\n<p>Moncef Dahleb<\/p>\n","protected":false},"excerpt":{"rendered":"<p>Selon plusieurs sources fiables, l&rsquo;OM vient de d\u00e9gainer une offre de 15 millions d&rsquo;euros pour s&rsquo;offrir les services de l&rsquo;international<\/p>\n","protected":false},"author":6,"featured_media":69211,"comment_status":"open","ping_status":"closed","sticky":false,"template":"","format":"standard","meta":{"colormag_page_container_layout":"default_layout","colormag_page_sidebar_layout":"default_layout","om_disable_all_campaigns":false,"_monsterinsights_skip_tracking":false,"_monsterinsights_sitenote_active":false,"_monsterinsights_sitenote_note":"","_monsterinsights_sitenote_category":0,"footnotes":"","_wpscppro_dont_share_socialmedia":false,"_wpscppro_custom_social_share_image":0,"_facebook_share_type":"default","_twitter_share_type":"default","_linkedin_share_type":"default","_pinterest_share_type":"default","_linkedin_share_type_page":"","_instagram_share_type":"default","_medium_share_type":"default","_threads_share_type":"","_google_business_share_type":"","_selected_social_profile":[],"_wpsp_enable_custom_social_template":false,"_wpsp_social_scheduling":{"enabled":false,"datetime":null,"platforms":[],"status":"template_only","dateOption":"today","timeOption":"now","customDays":"","customHours":"","customDate":"","customTime":"","schedulingType":"absolute"},"_wpsp_active_default_template":true},"categories":[33],"tags":[],"class_list":["post-69210","post","type-post","status-publish","format-standard","has-post-thumbnail","hentry","category-sports"],"aioseo_notices":[],"yoast_head":"<!-- This site is optimized with the Yoast SEO plugin v27.5 - https:\/\/yoast.com\/product\/yoast-seo-wordpress\/ -->\n<title>Mercato : Bensebaini dans le viseur de l&rsquo;OM ! - La Sentinelle<\/title>\n<meta name=\"robots\" content=\"index, follow, max-snippet:-1, max-image-preview:large, max-video-preview:-1\" \/>\n<link rel=\"canonical\" href=\"https:\/\/lasentinelle.dz\/index.php\/2025\/06\/23\/mercato-bensebaini-dans-le-viseur-de-lom\/\" \/>\n<meta property=\"og:locale\" content=\"fr_FR\" \/>\n<meta property=\"og:type\" content=\"article\" \/>\n<meta property=\"og:title\" content=\"Mercato : Bensebaini dans le viseur de l&rsquo;OM ! - La Sentinelle\" \/>\n<meta property=\"og:description\" content=\"Selon plusieurs sources fiables, l&rsquo;OM vient de d\u00e9gainer une offre de 15 millions d&rsquo;euros pour s&rsquo;offrir les services de l&rsquo;international\" \/>\n<meta property=\"og:url\" content=\"https:\/\/lasentinelle.dz\/index.php\/2025\/06\/23\/mercato-bensebaini-dans-le-viseur-de-lom\/\" \/>\n<meta property=\"og:site_name\" content=\"La Sentinelle\" \/>\n<meta property=\"article:publisher\" content=\"https:\/\/www.facebook.com\/La-Sentinelle-104059864394773\" \/>\n<meta property=\"article:published_time\" content=\"2025-06-23T10:21:45+00:00\" \/>\n<meta property=\"article:modified_time\" content=\"2025-06-23T10:21:46+00:00\" \/>\n<meta property=\"og:image\" content=\"https:\/\/lasentinelle.dz\/wp-content\/uploads\/2025\/06\/Ramy-Bensebaini-.jpg\" \/>\n\t<meta property=\"og:image:width\" content=\"1280\" \/>\n\t<meta property=\"og:image:height\" content=\"720\" \/>\n\t<meta property=\"og:image:type\" content=\"image\/jpeg\" \/>\n<meta name=\"author\" content=\"admin\" \/>\n<meta name=\"twitter:card\" content=\"summary_large_image\" \/>\n<meta name=\"twitter:label1\" content=\"\u00c9crit par\" \/>\n\t<meta name=\"twitter:data1\" content=\"admin\" \/>\n\t<meta name=\"twitter:label2\" content=\"Dur\u00e9e de lecture estim\u00e9e\" \/>\n\t<meta name=\"twitter:data2\" content=\"4 minutes\" \/>\n<script type=\"application\/ld+json\" class=\"yoast-schema-graph\">{\"@context\":\"https:\\\/\\\/schema.org\",\"@graph\":[{\"@type\":\"Article\",\"@id\":\"https:\\\/\\\/lasentinelle.dz\\\/index.php\\\/2025\\\/06\\\/23\\\/mercato-bensebaini-dans-le-viseur-de-lom\\\/#article\",\"isPartOf\":{\"@id\":\"https:\\\/\\\/lasentinelle.dz\\\/index.php\\\/2025\\\/06\\\/23\\\/mercato-bensebaini-dans-le-viseur-de-lom\\\/\"},\"author\":{\"name\":\"admin\",\"@id\":\"https:\\\/\\\/lasentinelle.dz\\\/#\\\/schema\\\/person\\\/729ee0024f24e0b8c5ec17232f8e8b41\"},\"headline\":\"Mercato : Bensebaini dans le viseur de l&rsquo;OM !\",\"datePublished\":\"2025-06-23T10:21:45+00:00\",\"dateModified\":\"2025-06-23T10:21:46+00:00\",\"mainEntityOfPage\":{\"@id\":\"https:\\\/\\\/lasentinelle.dz\\\/index.php\\\/2025\\\/06\\\/23\\\/mercato-bensebaini-dans-le-viseur-de-lom\\\/\"},\"wordCount\":650,\"commentCount\":0,\"publisher\":{\"@id\":\"https:\\\/\\\/lasentinelle.dz\\\/#organization\"},\"image\":{\"@id\":\"https:\\\/\\\/lasentinelle.dz\\\/index.php\\\/2025\\\/06\\\/23\\\/mercato-bensebaini-dans-le-viseur-de-lom\\\/#primaryimage\"},\"thumbnailUrl\":\"https:\\\/\\\/lasentinelle.dz\\\/wp-content\\\/uploads\\\/2025\\\/06\\\/Ramy-Bensebaini-.jpg\",\"articleSection\":[\"Sports\"],\"inLanguage\":\"fr-FR\",\"potentialAction\":[{\"@type\":\"CommentAction\",\"name\":\"Comment\",\"target\":[\"https:\\\/\\\/lasentinelle.dz\\\/index.php\\\/2025\\\/06\\\/23\\\/mercato-bensebaini-dans-le-viseur-de-lom\\\/#respond\"]}]},{\"@type\":\"WebPage\",\"@id\":\"https:\\\/\\\/lasentinelle.dz\\\/index.php\\\/2025\\\/06\\\/23\\\/mercato-bensebaini-dans-le-viseur-de-lom\\\/\",\"url\":\"https:\\\/\\\/lasentinelle.dz\\\/index.php\\\/2025\\\/06\\\/23\\\/mercato-bensebaini-dans-le-viseur-de-lom\\\/\",\"name\":\"Mercato : Bensebaini dans le viseur de l&rsquo;OM ! - La Sentinelle\",\"isPartOf\":{\"@id\":\"https:\\\/\\\/lasentinelle.dz\\\/#website\"},\"primaryImageOfPage\":{\"@id\":\"https:\\\/\\\/lasentinelle.dz\\\/index.php\\\/2025\\\/06\\\/23\\\/mercato-bensebaini-dans-le-viseur-de-lom\\\/#primaryimage\"},\"image\":{\"@id\":\"https:\\\/\\\/lasentinelle.dz\\\/index.php\\\/2025\\\/06\\\/23\\\/mercato-bensebaini-dans-le-viseur-de-lom\\\/#primaryimage\"},\"thumbnailUrl\":\"https:\\\/\\\/lasentinelle.dz\\\/wp-content\\\/uploads\\\/2025\\\/06\\\/Ramy-Bensebaini-.jpg\",\"datePublished\":\"2025-06-23T10:21:45+00:00\",\"dateModified\":\"2025-06-23T10:21:46+00:00\",\"breadcrumb\":{\"@id\":\"https:\\\/\\\/lasentinelle.dz\\\/index.php\\\/2025\\\/06\\\/23\\\/mercato-bensebaini-dans-le-viseur-de-lom\\\/#breadcrumb\"},\"inLanguage\":\"fr-FR\",\"potentialAction\":[{\"@type\":\"ReadAction\",\"target\":[\"https:\\\/\\\/lasentinelle.dz\\\/index.php\\\/2025\\\/06\\\/23\\\/mercato-bensebaini-dans-le-viseur-de-lom\\\/\"]}]},{\"@type\":\"ImageObject\",\"inLanguage\":\"fr-FR\",\"@id\":\"https:\\\/\\\/lasentinelle.dz\\\/index.php\\\/2025\\\/06\\\/23\\\/mercato-bensebaini-dans-le-viseur-de-lom\\\/#primaryimage\",\"url\":\"https:\\\/\\\/lasentinelle.dz\\\/wp-content\\\/uploads\\\/2025\\\/06\\\/Ramy-Bensebaini-.jpg\",\"contentUrl\":\"https:\\\/\\\/lasentinelle.dz\\\/wp-content\\\/uploads\\\/2025\\\/06\\\/Ramy-Bensebaini-.jpg\",\"width\":1280,\"height\":720},{\"@type\":\"BreadcrumbList\",\"@id\":\"https:\\\/\\\/lasentinelle.dz\\\/index.php\\\/2025\\\/06\\\/23\\\/mercato-bensebaini-dans-le-viseur-de-lom\\\/#breadcrumb\",\"itemListElement\":[{\"@type\":\"ListItem\",\"position\":1,\"name\":\"Accueil\",\"item\":\"https:\\\/\\\/lasentinelle.dz\\\/\"},{\"@type\":\"ListItem\",\"position\":2,\"name\":\"Mercato : Bensebaini dans le viseur de l&rsquo;OM !\"}]},{\"@type\":\"WebSite\",\"@id\":\"https:\\\/\\\/lasentinelle.dz\\\/#website\",\"url\":\"https:\\\/\\\/lasentinelle.dz\\\/\",\"name\":\"La Sentinelle\",\"description\":\"Quotidien national d&#039;information\",\"publisher\":{\"@id\":\"https:\\\/\\\/lasentinelle.dz\\\/#organization\"},\"potentialAction\":[{\"@type\":\"SearchAction\",\"target\":{\"@type\":\"EntryPoint\",\"urlTemplate\":\"https:\\\/\\\/lasentinelle.dz\\\/?s={search_term_string}\"},\"query-input\":{\"@type\":\"PropertyValueSpecification\",\"valueRequired\":true,\"valueName\":\"search_term_string\"}}],\"inLanguage\":\"fr-FR\"},{\"@type\":\"Organization\",\"@id\":\"https:\\\/\\\/lasentinelle.dz\\\/#organization\",\"name\":\"Quotidien La Sentinelle\",\"url\":\"https:\\\/\\\/lasentinelle.dz\\\/\",\"logo\":{\"@type\":\"ImageObject\",\"inLanguage\":\"fr-FR\",\"@id\":\"https:\\\/\\\/lasentinelle.dz\\\/#\\\/schema\\\/logo\\\/image\\\/\",\"url\":\"https:\\\/\\\/lasentinelle.dz\\\/wp-content\\\/uploads\\\/2021\\\/09\\\/logo-sentinelleSLOGAN-1.png\",\"contentUrl\":\"https:\\\/\\\/lasentinelle.dz\\\/wp-content\\\/uploads\\\/2021\\\/09\\\/logo-sentinelleSLOGAN-1.png\",\"width\":615,\"height\":142,\"caption\":\"Quotidien La Sentinelle\"},\"image\":{\"@id\":\"https:\\\/\\\/lasentinelle.dz\\\/#\\\/schema\\\/logo\\\/image\\\/\"},\"sameAs\":[\"https:\\\/\\\/www.facebook.com\\\/La-Sentinelle-104059864394773\"]},{\"@type\":\"Person\",\"@id\":\"https:\\\/\\\/lasentinelle.dz\\\/#\\\/schema\\\/person\\\/729ee0024f24e0b8c5ec17232f8e8b41\",\"name\":\"admin\",\"image\":{\"@type\":\"ImageObject\",\"inLanguage\":\"fr-FR\",\"@id\":\"https:\\\/\\\/secure.gravatar.com\\\/avatar\\\/4c81fed838786e9b53f540bf46533e750f5d292099ae3b66cfc6fb1982e29df7?s=96&d=mm&r=g\",\"url\":\"https:\\\/\\\/secure.gravatar.com\\\/avatar\\\/4c81fed838786e9b53f540bf46533e750f5d292099ae3b66cfc6fb1982e29df7?s=96&d=mm&r=g\",\"contentUrl\":\"https:\\\/\\\/secure.gravatar.com\\\/avatar\\\/4c81fed838786e9b53f540bf46533e750f5d292099ae3b66cfc6fb1982e29df7?s=96&d=mm&r=g\",\"caption\":\"admin\"},\"description\":\"admin\",\"url\":\"https:\\\/\\\/lasentinelle.dz\\\/author\\\/admin\\\/\"}]}<\/script>\n<!-- \/ Yoast SEO plugin. -->","yoast_head_json":{"title":"Mercato : Bensebaini dans le viseur de l&rsquo;OM ! - La Sentinelle","robots":{"index":"index","follow":"follow","max-snippet":"max-snippet:-1","max-image-preview":"max-image-preview:large","max-video-preview":"max-video-preview:-1"},"canonical":"https:\/\/lasentinelle.dz\/index.php\/2025\/06\/23\/mercato-bensebaini-dans-le-viseur-de-lom\/","og_locale":"fr_FR","og_type":"article","og_title":"Mercato : Bensebaini dans le viseur de l&rsquo;OM ! - La Sentinelle","og_description":"Selon plusieurs sources fiables, l&rsquo;OM vient de d\u00e9gainer une offre de 15 millions d&rsquo;euros pour s&rsquo;offrir les services de l&rsquo;international","og_url":"https:\/\/lasentinelle.dz\/index.php\/2025\/06\/23\/mercato-bensebaini-dans-le-viseur-de-lom\/","og_site_name":"La Sentinelle","article_publisher":"https:\/\/www.facebook.com\/La-Sentinelle-104059864394773","article_published_time":"2025-06-23T10:21:45+00:00","article_modified_time":"2025-06-23T10:21:46+00:00","og_image":[{"width":1280,"height":720,"url":"https:\/\/lasentinelle.dz\/wp-content\/uploads\/2025\/06\/Ramy-Bensebaini-.jpg","type":"image\/jpeg"}],"author":"admin","twitter_card":"summary_large_image","twitter_misc":{"\u00c9crit par":"admin","Dur\u00e9e de lecture estim\u00e9e":"4 minutes"},"schema":{"@context":"https:\/\/schema.org","@graph":[{"@type":"Article","@id":"https:\/\/lasentinelle.dz\/index.php\/2025\/06\/23\/mercato-bensebaini-dans-le-viseur-de-lom\/#article","isPartOf":{"@id":"https:\/\/lasentinelle.dz\/index.php\/2025\/06\/23\/mercato-bensebaini-dans-le-viseur-de-lom\/"},"author":{"name":"admin","@id":"https:\/\/lasentinelle.dz\/#\/schema\/person\/729ee0024f24e0b8c5ec17232f8e8b41"},"headline":"Mercato : Bensebaini dans le viseur de l&rsquo;OM !","datePublished":"2025-06-23T10:21:45+00:00","dateModified":"2025-06-23T10:21:46+00:00","mainEntityOfPage":{"@id":"https:\/\/lasentinelle.dz\/index.php\/2025\/06\/23\/mercato-bensebaini-dans-le-viseur-de-lom\/"},"wordCount":650,"commentCount":0,"publisher":{"@id":"https:\/\/lasentinelle.dz\/#organization"},"image":{"@id":"https:\/\/lasentinelle.dz\/index.php\/2025\/06\/23\/mercato-bensebaini-dans-le-viseur-de-lom\/#primaryimage"},"thumbnailUrl":"https:\/\/lasentinelle.dz\/wp-content\/uploads\/2025\/06\/Ramy-Bensebaini-.jpg","articleSection":["Sports"],"inLanguage":"fr-FR","potentialAction":[{"@type":"CommentAction","name":"Comment","target":["https:\/\/lasentinelle.dz\/index.php\/2025\/06\/23\/mercato-bensebaini-dans-le-viseur-de-lom\/#respond"]}]},{"@type":"WebPage","@id":"https:\/\/lasentinelle.dz\/index.php\/2025\/06\/23\/mercato-bensebaini-dans-le-viseur-de-lom\/","url":"https:\/\/lasentinelle.dz\/index.php\/2025\/06\/23\/mercato-bensebaini-dans-le-viseur-de-lom\/","name":"Mercato : Bensebaini dans le viseur de l&rsquo;OM ! - La Sentinelle","isPartOf":{"@id":"https:\/\/lasentinelle.dz\/#website"},"primaryImageOfPage":{"@id":"https:\/\/lasentinelle.dz\/index.php\/2025\/06\/23\/mercato-bensebaini-dans-le-viseur-de-lom\/#primaryimage"},"image":{"@id":"https:\/\/lasentinelle.dz\/index.php\/2025\/06\/23\/mercato-bensebaini-dans-le-viseur-de-lom\/#primaryimage"},"thumbnailUrl":"https:\/\/lasentinelle.dz\/wp-content\/uploads\/2025\/06\/Ramy-Bensebaini-.jpg","datePublished":"2025-06-23T10:21:45+00:00","dateModified":"2025-06-23T10:21:46+00:00","breadcrumb":{"@id":"https:\/\/lasentinelle.dz\/index.php\/2025\/06\/23\/mercato-bensebaini-dans-le-viseur-de-lom\/#breadcrumb"},"inLanguage":"fr-FR","potentialAction":[{"@type":"ReadAction","target":["https:\/\/lasentinelle.dz\/index.php\/2025\/06\/23\/mercato-bensebaini-dans-le-viseur-de-lom\/"]}]},{"@type":"ImageObject","inLanguage":"fr-FR","@id":"https:\/\/lasentinelle.dz\/index.php\/2025\/06\/23\/mercato-bensebaini-dans-le-viseur-de-lom\/#primaryimage","url":"https:\/\/lasentinelle.dz\/wp-content\/uploads\/2025\/06\/Ramy-Bensebaini-.jpg","contentUrl":"https:\/\/lasentinelle.dz\/wp-content\/uploads\/2025\/06\/Ramy-Bensebaini-.jpg","width":1280,"height":720},{"@type":"BreadcrumbList","@id":"https:\/\/lasentinelle.dz\/index.php\/2025\/06\/23\/mercato-bensebaini-dans-le-viseur-de-lom\/#breadcrumb","itemListElement":[{"@type":"ListItem","position":1,"name":"Accueil","item":"https:\/\/lasentinelle.dz\/"},{"@type":"ListItem","position":2,"name":"Mercato : Bensebaini dans le viseur de l&rsquo;OM !"}]},{"@type":"WebSite","@id":"https:\/\/lasentinelle.dz\/#website","url":"https:\/\/lasentinelle.dz\/","name":"La Sentinelle","description":"Quotidien national d&#039;information","publisher":{"@id":"https:\/\/lasentinelle.dz\/#organization"},"potentialAction":[{"@type":"SearchAction","target":{"@type":"EntryPoint","urlTemplate":"https:\/\/lasentinelle.dz\/?s={search_term_string}"},"query-input":{"@type":"PropertyValueSpecification","valueRequired":true,"valueName":"search_term_string"}}],"inLanguage":"fr-FR"},{"@type":"Organization","@id":"https:\/\/lasentinelle.dz\/#organization","name":"Quotidien La Sentinelle","url":"https:\/\/lasentinelle.dz\/","logo":{"@type":"ImageObject","inLanguage":"fr-FR","@id":"https:\/\/lasentinelle.dz\/#\/schema\/logo\/image\/","url":"https:\/\/lasentinelle.dz\/wp-content\/uploads\/2021\/09\/logo-sentinelleSLOGAN-1.png","contentUrl":"https:\/\/lasentinelle.dz\/wp-content\/uploads\/2021\/09\/logo-sentinelleSLOGAN-1.png","width":615,"height":142,"caption":"Quotidien La Sentinelle"},"image":{"@id":"https:\/\/lasentinelle.dz\/#\/schema\/logo\/image\/"},"sameAs":["https:\/\/www.facebook.com\/La-Sentinelle-104059864394773"]},{"@type":"Person","@id":"https:\/\/lasentinelle.dz\/#\/schema\/person\/729ee0024f24e0b8c5ec17232f8e8b41","name":"admin","image":{"@type":"ImageObject","inLanguage":"fr-FR","@id":"https:\/\/secure.gravatar.com\/avatar\/4c81fed838786e9b53f540bf46533e750f5d292099ae3b66cfc6fb1982e29df7?s=96&d=mm&r=g","url":"https:\/\/secure.gravatar.com\/avatar\/4c81fed838786e9b53f540bf46533e750f5d292099ae3b66cfc6fb1982e29df7?s=96&d=mm&r=g","contentUrl":"https:\/\/secure.gravatar.com\/avatar\/4c81fed838786e9b53f540bf46533e750f5d292099ae3b66cfc6fb1982e29df7?s=96&d=mm&r=g","caption":"admin"},"description":"admin","url":"https:\/\/lasentinelle.dz\/author\/admin\/"}]}},"_links":{"self":[{"href":"https:\/\/lasentinelle.dz\/index.php\/wp-json\/wp\/v2\/posts\/69210","targetHints":{"allow":["GET"]}}],"collection":[{"href":"https:\/\/lasentinelle.dz\/index.php\/wp-json\/wp\/v2\/posts"}],"about":[{"href":"https:\/\/lasentinelle.dz\/index.php\/wp-json\/wp\/v2\/types\/post"}],"author":[{"embeddable":true,"href":"https:\/\/lasentinelle.dz\/index.php\/wp-json\/wp\/v2\/users\/6"}],"replies":[{"embeddable":true,"href":"https:\/\/lasentinelle.dz\/index.php\/wp-json\/wp\/v2\/comments?post=69210"}],"version-history":[{"count":2,"href":"https:\/\/lasentinelle.dz\/index.php\/wp-json\/wp\/v2\/posts\/69210\/revisions"}],"predecessor-version":[{"id":69213,"href":"https:\/\/lasentinelle.dz\/index.php\/wp-json\/wp\/v2\/posts\/69210\/revisions\/69213"}],"wp:featuredmedia":[{"embeddable":true,"href":"https:\/\/lasentinelle.dz\/index.php\/wp-json\/wp\/v2\/media\/69211"}],"wp:attachment":[{"href":"https:\/\/lasentinelle.dz\/index.php\/wp-json\/wp\/v2\/media?parent=69210"}],"wp:term":[{"taxonomy":"category","embeddable":true,"href":"https:\/\/lasentinelle.dz\/index.php\/wp-json\/wp\/v2\/categories?post=69210"},{"taxonomy":"post_tag","embeddable":true,"href":"https:\/\/lasentinelle.dz\/index.php\/wp-json\/wp\/v2\/tags?post=69210"}],"curies":[{"name":"wp","href":"https:\/\/api.w.org\/{rel}","templated":true}]}}