{"id":69254,"date":"2025-06-23T12:03:43","date_gmt":"2025-06-23T11:03:43","guid":{"rendered":"https:\/\/lasentinelle.dz\/?p=69254"},"modified":"2025-06-23T12:03:44","modified_gmt":"2025-06-23T11:03:44","slug":"enseignement-superieur-un-plan-pour-ameliorer-le-classement-des-universites","status":"publish","type":"post","link":"https:\/\/lasentinelle.dz\/index.php\/2025\/06\/23\/enseignement-superieur-un-plan-pour-ameliorer-le-classement-des-universites\/","title":{"rendered":"Enseignement sup\u00e9rieur: Un plan pour am\u00e9liorer le classement des universit\u00e9s"},"content":{"rendered":"\n<p>L&rsquo;Alg\u00e9rie d\u00e9ploie une strat\u00e9gie nationale ambitieuse pour propulser ses universit\u00e9s vers l&rsquo;excellence internationale. Cette d\u00e9marche syst\u00e9matique vise \u00e0 transformer le paysage acad\u00e9mique national en s&rsquo;appuyant sur des r\u00e9formes structurelles et des objectifs pr\u00e9cis pour am\u00e9liorer le positionnement des \u00e9tablissements d&rsquo;enseignement sup\u00e9rieur dans les classements mondiaux. Cette strat\u00e9gie intervient dans un contexte o\u00f9 l&rsquo;\u00e9conomie de la connaissance devient un enjeu majeur pour la comp\u00e9titivit\u00e9 nationale et le d\u00e9veloppement durable.<\/p>\n\n\n\n<p>Le professeur Hakim Harik, pr\u00e9sident de la Commission nationale pour la promotion de la visibilit\u00e9 et du classement des institutions d&rsquo;enseignement sup\u00e9rieur, a d\u00e9voil\u00e9 hier les grandes lignes de cette feuille de route lors d&rsquo;une intervention sur les ondes de la Radio alg\u00e9rienne. Cette strat\u00e9gie s&rsquo;articule autour de plusieurs axes prioritaires : l&rsquo;encouragement des chercheurs \u00e0 publier dans des revues index\u00e9es internationalement, la stimulation de la publication dans des revues d&rsquo;excellence, l&rsquo;ouverture sur la coop\u00e9ration internationale et les projets de recherche conjoints, le soutien \u00e0 la num\u00e9risation et l&rsquo;introduction de l&rsquo;intelligence artificielle dans le travail universitaire et de recherche, ainsi que l&rsquo;am\u00e9lioration de la valeur ajout\u00e9e pour les \u00e9tudiants et chercheurs.<\/p>\n\n\n\n<p>L&rsquo;expert universitaire insiste particuli\u00e8rement sur l&rsquo;importance du classement des revues scientifiques dans les bases de donn\u00e9es internationales telles que SCOPUS et ERIH PLUS, expliquant que la pr\u00e9sence des revues alg\u00e9riennes dans ces bases renforce la visibilit\u00e9 mondiale des recherches nationales et leur conf\u00e8re une cr\u00e9dibilit\u00e9 plus large. Cette approche m\u00e9thodique s&rsquo;accompagne de mesures pratiques pour am\u00e9liorer ce classement, notamment par la publication dans des revues \u00e0 comit\u00e9 de lecture et de haute qualit\u00e9.<\/p>\n\n\n\n<p>Les d\u00e9fis identifi\u00e9s n\u00e9cessitent une approche pragmatique et une vision prospective. Le responsable souligne la n\u00e9cessit\u00e9 d&rsquo;augmenter les liens entre l&rsquo;universit\u00e9 et l&rsquo;environnement \u00e9conomique, ainsi que le besoin de davantage d&rsquo;ouverture sur l&rsquo;environnement international. Le minist\u00e8re de l&rsquo;Enseignement sup\u00e9rieur et de la Recherche scientifique s&rsquo;engage dans cette voie en soutenant la recherche orient\u00e9e vers la r\u00e9solution des probl\u00e8mes de d\u00e9veloppement durable, le d\u00e9veloppement des incubateurs et centres de recherche, particuli\u00e8rement dans des domaines comme les \u00e9nergies renouvelables, l&rsquo;environnement et l&rsquo;intelligence artificielle.<\/p>\n\n\n\n<p>Cette strat\u00e9gie trouve sa justification dans les r\u00e9sultats encourageants obtenus r\u00e9cemment. Six institutions universitaires alg\u00e9riennes ont \u00e9t\u00e9 class\u00e9es parmi les meilleures universit\u00e9s mondiales selon le classement US News Best Global Universities, consid\u00e9r\u00e9 comme l&rsquo;un des classements acad\u00e9miques les plus prestigieux au niveau mondial. L&rsquo;universit\u00e9 de Sidi Bel Abb\u00e8s illustre parfaitement cette dynamique positive en sortant de l&rsquo;ombre gr\u00e2ce \u00e0 ce classement et en occupant la premi\u00e8re place au niveau national et maghr\u00e9bin, se positionnant au 760e rang mondial parmi plus de 2200 universit\u00e9s internationales class\u00e9es.<\/p>\n\n\n\n<p>Le professeur Harik exprime sa grande fiert\u00e9 concernant ces r\u00e9sultats, d\u00e9clarant : \u00ab\u00a0Cet accomplissement prometteur refl\u00e8te les fruits des r\u00e9formes et des efforts de d\u00e9veloppement men\u00e9s par le secteur de l&rsquo;enseignement sup\u00e9rieur, sous la supervision directe des hautes autorit\u00e9s du pays, qui se concentre sur le soutien \u00e0 la recherche scientifique, la stimulation de l&rsquo;innovation et l&rsquo;am\u00e9lioration de la qualit\u00e9 de la formation, contribuant ainsi \u00e0 la transition vers l&rsquo;\u00e9conomie de la connaissance. Cette progression dans le classement des universit\u00e9s alg\u00e9riennes n&rsquo;est qu&rsquo;une premi\u00e8re \u00e9tape vers un avenir acad\u00e9mique plus brillant. Ce qui est requis maintenant, c&rsquo;est de maintenir cet \u00e9lan et de travailler continuellement \u00e0 l&rsquo;am\u00e9lioration des performances acad\u00e9miques et scientifiques, de mani\u00e8re \u00e0 rendre l&rsquo;universit\u00e9 alg\u00e9rienne capable de concurrencer mondialement et de jouer son r\u00f4le comme moteur du d\u00e9veloppement national et de leadership de la r\u00e9volution technologique et de la culture de cr\u00e9ativit\u00e9 et d&rsquo;innovation au sein des institutions et des soci\u00e9t\u00e9s.\u00a0\u00bb<\/p>\n\n\n\n<p>Cette reconnaissance internationale d\u00e9passe le simple aspect honorifique pour devenir un outil efficace d&rsquo;aide \u00e0 la d\u00e9cision pour les responsables alg\u00e9riens, particuli\u00e8rement dans le secteur de l&rsquo;enseignement sup\u00e9rieur et de la recherche scientifique, dans le domaine du d\u00e9veloppement des politiques \u00e9ducatives et de l&rsquo;am\u00e9lioration de l&rsquo;efficacit\u00e9 des universit\u00e9s. Selon le responsable, ces classements contribuent \u00e0 renforcer la r\u00e9putation des universit\u00e9s et \u00e0 \u00e9lever leur visibilit\u00e9 aux niveaux national, r\u00e9gional et international, leur permettant \u00e9galement d&rsquo;attirer des partenariats et des financements suppl\u00e9mentaires, d&rsquo;attirer des \u00e9tudiants et chercheurs de l&rsquo;int\u00e9rieur et de l&rsquo;ext\u00e9rieur du pays, et de contribuer \u00e0 l&rsquo;am\u00e9lioration de la qualit\u00e9 de l&rsquo;enseignement et des programmes acad\u00e9miques.<\/p>\n\n\n\n<p>Lyna Larbi<\/p>\n","protected":false},"excerpt":{"rendered":"<p>L&rsquo;Alg\u00e9rie d\u00e9ploie une strat\u00e9gie nationale ambitieuse pour propulser ses universit\u00e9s vers l&rsquo;excellence internationale. Cette d\u00e9marche syst\u00e9matique vise \u00e0 transformer le<\/p>\n","protected":false},"author":6,"featured_media":41279,"comment_status":"open","ping_status":"closed","sticky":false,"template":"","format":"standard","meta":{"colormag_page_container_layout":"default_layout","colormag_page_sidebar_layout":"default_layout","om_disable_all_campaigns":false,"_monsterinsights_skip_tracking":false,"_monsterinsights_sitenote_active":false,"_monsterinsights_sitenote_note":"","_monsterinsights_sitenote_category":0,"footnotes":"","_wpscppro_dont_share_socialmedia":false,"_wpscppro_custom_social_share_image":0,"_facebook_share_type":"default","_twitter_share_type":"default","_linkedin_share_type":"default","_pinterest_share_type":"default","_linkedin_share_type_page":"","_instagram_share_type":"default","_medium_share_type":"default","_threads_share_type":"","_google_business_share_type":"","_selected_social_profile":[],"_wpsp_enable_custom_social_template":false,"_wpsp_social_scheduling":{"enabled":false,"datetime":null,"platforms":[],"status":"template_only","dateOption":"today","timeOption":"now","customDays":"","customHours":"","customDate":"","customTime":"","schedulingType":"absolute"},"_wpsp_active_default_template":true},"categories":[27],"tags":[],"class_list":["post-69254","post","type-post","status-publish","format-standard","has-post-thumbnail","hentry","category-actualite"],"aioseo_notices":[],"yoast_head":"<!-- This site is optimized with the Yoast SEO plugin v27.4 - https:\/\/yoast.com\/product\/yoast-seo-wordpress\/ -->\n<title>Enseignement sup\u00e9rieur: Un plan pour am\u00e9liorer le classement des universit\u00e9s - La Sentinelle<\/title>\n<meta name=\"robots\" content=\"index, follow, max-snippet:-1, max-image-preview:large, max-video-preview:-1\" \/>\n<link rel=\"canonical\" href=\"https:\/\/lasentinelle.dz\/index.php\/2025\/06\/23\/enseignement-superieur-un-plan-pour-ameliorer-le-classement-des-universites\/\" \/>\n<meta property=\"og:locale\" content=\"fr_FR\" \/>\n<meta property=\"og:type\" content=\"article\" \/>\n<meta property=\"og:title\" content=\"Enseignement sup\u00e9rieur: Un plan pour am\u00e9liorer le classement des universit\u00e9s - La Sentinelle\" \/>\n<meta property=\"og:description\" content=\"L&rsquo;Alg\u00e9rie d\u00e9ploie une strat\u00e9gie nationale ambitieuse pour propulser ses universit\u00e9s vers l&rsquo;excellence internationale. Cette d\u00e9marche syst\u00e9matique vise \u00e0 transformer le\" \/>\n<meta property=\"og:url\" content=\"https:\/\/lasentinelle.dz\/index.php\/2025\/06\/23\/enseignement-superieur-un-plan-pour-ameliorer-le-classement-des-universites\/\" \/>\n<meta property=\"og:site_name\" content=\"La Sentinelle\" \/>\n<meta property=\"article:publisher\" content=\"https:\/\/www.facebook.com\/La-Sentinelle-104059864394773\" \/>\n<meta property=\"article:published_time\" content=\"2025-06-23T11:03:43+00:00\" \/>\n<meta property=\"article:modified_time\" content=\"2025-06-23T11:03:44+00:00\" \/>\n<meta property=\"og:image\" content=\"https:\/\/lasentinelle.dz\/wp-content\/uploads\/2023\/05\/ministere-enseignement-superieur-.png\" \/>\n\t<meta property=\"og:image:width\" content=\"1520\" \/>\n\t<meta property=\"og:image:height\" content=\"900\" \/>\n\t<meta property=\"og:image:type\" content=\"image\/png\" \/>\n<meta name=\"author\" content=\"admin\" \/>\n<meta name=\"twitter:card\" content=\"summary_large_image\" \/>\n<meta name=\"twitter:label1\" content=\"\u00c9crit par\" \/>\n\t<meta name=\"twitter:data1\" content=\"admin\" \/>\n\t<meta name=\"twitter:label2\" content=\"Dur\u00e9e de lecture estim\u00e9e\" \/>\n\t<meta name=\"twitter:data2\" content=\"4 minutes\" \/>\n<script type=\"application\/ld+json\" class=\"yoast-schema-graph\">{\"@context\":\"https:\\\/\\\/schema.org\",\"@graph\":[{\"@type\":\"Article\",\"@id\":\"https:\\\/\\\/lasentinelle.dz\\\/index.php\\\/2025\\\/06\\\/23\\\/enseignement-superieur-un-plan-pour-ameliorer-le-classement-des-universites\\\/#article\",\"isPartOf\":{\"@id\":\"https:\\\/\\\/lasentinelle.dz\\\/index.php\\\/2025\\\/06\\\/23\\\/enseignement-superieur-un-plan-pour-ameliorer-le-classement-des-universites\\\/\"},\"author\":{\"name\":\"admin\",\"@id\":\"https:\\\/\\\/lasentinelle.dz\\\/#\\\/schema\\\/person\\\/729ee0024f24e0b8c5ec17232f8e8b41\"},\"headline\":\"Enseignement sup\u00e9rieur: Un plan pour am\u00e9liorer le classement des universit\u00e9s\",\"datePublished\":\"2025-06-23T11:03:43+00:00\",\"dateModified\":\"2025-06-23T11:03:44+00:00\",\"mainEntityOfPage\":{\"@id\":\"https:\\\/\\\/lasentinelle.dz\\\/index.php\\\/2025\\\/06\\\/23\\\/enseignement-superieur-un-plan-pour-ameliorer-le-classement-des-universites\\\/\"},\"wordCount\":824,\"commentCount\":0,\"publisher\":{\"@id\":\"https:\\\/\\\/lasentinelle.dz\\\/#organization\"},\"image\":{\"@id\":\"https:\\\/\\\/lasentinelle.dz\\\/index.php\\\/2025\\\/06\\\/23\\\/enseignement-superieur-un-plan-pour-ameliorer-le-classement-des-universites\\\/#primaryimage\"},\"thumbnailUrl\":\"https:\\\/\\\/lasentinelle.dz\\\/wp-content\\\/uploads\\\/2023\\\/05\\\/ministere-enseignement-superieur-.png\",\"articleSection\":[\"Actualit\u00e9\"],\"inLanguage\":\"fr-FR\",\"potentialAction\":[{\"@type\":\"CommentAction\",\"name\":\"Comment\",\"target\":[\"https:\\\/\\\/lasentinelle.dz\\\/index.php\\\/2025\\\/06\\\/23\\\/enseignement-superieur-un-plan-pour-ameliorer-le-classement-des-universites\\\/#respond\"]}]},{\"@type\":\"WebPage\",\"@id\":\"https:\\\/\\\/lasentinelle.dz\\\/index.php\\\/2025\\\/06\\\/23\\\/enseignement-superieur-un-plan-pour-ameliorer-le-classement-des-universites\\\/\",\"url\":\"https:\\\/\\\/lasentinelle.dz\\\/index.php\\\/2025\\\/06\\\/23\\\/enseignement-superieur-un-plan-pour-ameliorer-le-classement-des-universites\\\/\",\"name\":\"Enseignement sup\u00e9rieur: Un plan pour am\u00e9liorer le classement des universit\u00e9s - La Sentinelle\",\"isPartOf\":{\"@id\":\"https:\\\/\\\/lasentinelle.dz\\\/#website\"},\"primaryImageOfPage\":{\"@id\":\"https:\\\/\\\/lasentinelle.dz\\\/index.php\\\/2025\\\/06\\\/23\\\/enseignement-superieur-un-plan-pour-ameliorer-le-classement-des-universites\\\/#primaryimage\"},\"image\":{\"@id\":\"https:\\\/\\\/lasentinelle.dz\\\/index.php\\\/2025\\\/06\\\/23\\\/enseignement-superieur-un-plan-pour-ameliorer-le-classement-des-universites\\\/#primaryimage\"},\"thumbnailUrl\":\"https:\\\/\\\/lasentinelle.dz\\\/wp-content\\\/uploads\\\/2023\\\/05\\\/ministere-enseignement-superieur-.png\",\"datePublished\":\"2025-06-23T11:03:43+00:00\",\"dateModified\":\"2025-06-23T11:03:44+00:00\",\"breadcrumb\":{\"@id\":\"https:\\\/\\\/lasentinelle.dz\\\/index.php\\\/2025\\\/06\\\/23\\\/enseignement-superieur-un-plan-pour-ameliorer-le-classement-des-universites\\\/#breadcrumb\"},\"inLanguage\":\"fr-FR\",\"potentialAction\":[{\"@type\":\"ReadAction\",\"target\":[\"https:\\\/\\\/lasentinelle.dz\\\/index.php\\\/2025\\\/06\\\/23\\\/enseignement-superieur-un-plan-pour-ameliorer-le-classement-des-universites\\\/\"]}]},{\"@type\":\"ImageObject\",\"inLanguage\":\"fr-FR\",\"@id\":\"https:\\\/\\\/lasentinelle.dz\\\/index.php\\\/2025\\\/06\\\/23\\\/enseignement-superieur-un-plan-pour-ameliorer-le-classement-des-universites\\\/#primaryimage\",\"url\":\"https:\\\/\\\/lasentinelle.dz\\\/wp-content\\\/uploads\\\/2023\\\/05\\\/ministere-enseignement-superieur-.png\",\"contentUrl\":\"https:\\\/\\\/lasentinelle.dz\\\/wp-content\\\/uploads\\\/2023\\\/05\\\/ministere-enseignement-superieur-.png\",\"width\":1520,\"height\":900},{\"@type\":\"BreadcrumbList\",\"@id\":\"https:\\\/\\\/lasentinelle.dz\\\/index.php\\\/2025\\\/06\\\/23\\\/enseignement-superieur-un-plan-pour-ameliorer-le-classement-des-universites\\\/#breadcrumb\",\"itemListElement\":[{\"@type\":\"ListItem\",\"position\":1,\"name\":\"Accueil\",\"item\":\"https:\\\/\\\/lasentinelle.dz\\\/\"},{\"@type\":\"ListItem\",\"position\":2,\"name\":\"Enseignement sup\u00e9rieur: Un plan pour am\u00e9liorer le classement des universit\u00e9s\"}]},{\"@type\":\"WebSite\",\"@id\":\"https:\\\/\\\/lasentinelle.dz\\\/#website\",\"url\":\"https:\\\/\\\/lasentinelle.dz\\\/\",\"name\":\"La Sentinelle\",\"description\":\"Quotidien national d&#039;information\",\"publisher\":{\"@id\":\"https:\\\/\\\/lasentinelle.dz\\\/#organization\"},\"potentialAction\":[{\"@type\":\"SearchAction\",\"target\":{\"@type\":\"EntryPoint\",\"urlTemplate\":\"https:\\\/\\\/lasentinelle.dz\\\/?s={search_term_string}\"},\"query-input\":{\"@type\":\"PropertyValueSpecification\",\"valueRequired\":true,\"valueName\":\"search_term_string\"}}],\"inLanguage\":\"fr-FR\"},{\"@type\":\"Organization\",\"@id\":\"https:\\\/\\\/lasentinelle.dz\\\/#organization\",\"name\":\"Quotidien La Sentinelle\",\"url\":\"https:\\\/\\\/lasentinelle.dz\\\/\",\"logo\":{\"@type\":\"ImageObject\",\"inLanguage\":\"fr-FR\",\"@id\":\"https:\\\/\\\/lasentinelle.dz\\\/#\\\/schema\\\/logo\\\/image\\\/\",\"url\":\"https:\\\/\\\/lasentinelle.dz\\\/wp-content\\\/uploads\\\/2021\\\/09\\\/logo-sentinelleSLOGAN-1.png\",\"contentUrl\":\"https:\\\/\\\/lasentinelle.dz\\\/wp-content\\\/uploads\\\/2021\\\/09\\\/logo-sentinelleSLOGAN-1.png\",\"width\":615,\"height\":142,\"caption\":\"Quotidien La Sentinelle\"},\"image\":{\"@id\":\"https:\\\/\\\/lasentinelle.dz\\\/#\\\/schema\\\/logo\\\/image\\\/\"},\"sameAs\":[\"https:\\\/\\\/www.facebook.com\\\/La-Sentinelle-104059864394773\"]},{\"@type\":\"Person\",\"@id\":\"https:\\\/\\\/lasentinelle.dz\\\/#\\\/schema\\\/person\\\/729ee0024f24e0b8c5ec17232f8e8b41\",\"name\":\"admin\",\"image\":{\"@type\":\"ImageObject\",\"inLanguage\":\"fr-FR\",\"@id\":\"https:\\\/\\\/secure.gravatar.com\\\/avatar\\\/4c81fed838786e9b53f540bf46533e750f5d292099ae3b66cfc6fb1982e29df7?s=96&d=mm&r=g\",\"url\":\"https:\\\/\\\/secure.gravatar.com\\\/avatar\\\/4c81fed838786e9b53f540bf46533e750f5d292099ae3b66cfc6fb1982e29df7?s=96&d=mm&r=g\",\"contentUrl\":\"https:\\\/\\\/secure.gravatar.com\\\/avatar\\\/4c81fed838786e9b53f540bf46533e750f5d292099ae3b66cfc6fb1982e29df7?s=96&d=mm&r=g\",\"caption\":\"admin\"},\"description\":\"admin\",\"url\":\"https:\\\/\\\/lasentinelle.dz\\\/author\\\/admin\\\/\"}]}<\/script>\n<!-- \/ Yoast SEO plugin. -->","yoast_head_json":{"title":"Enseignement sup\u00e9rieur: Un plan pour am\u00e9liorer le classement des universit\u00e9s - La Sentinelle","robots":{"index":"index","follow":"follow","max-snippet":"max-snippet:-1","max-image-preview":"max-image-preview:large","max-video-preview":"max-video-preview:-1"},"canonical":"https:\/\/lasentinelle.dz\/index.php\/2025\/06\/23\/enseignement-superieur-un-plan-pour-ameliorer-le-classement-des-universites\/","og_locale":"fr_FR","og_type":"article","og_title":"Enseignement sup\u00e9rieur: Un plan pour am\u00e9liorer le classement des universit\u00e9s - La Sentinelle","og_description":"L&rsquo;Alg\u00e9rie d\u00e9ploie une strat\u00e9gie nationale ambitieuse pour propulser ses universit\u00e9s vers l&rsquo;excellence internationale. Cette d\u00e9marche syst\u00e9matique vise \u00e0 transformer le","og_url":"https:\/\/lasentinelle.dz\/index.php\/2025\/06\/23\/enseignement-superieur-un-plan-pour-ameliorer-le-classement-des-universites\/","og_site_name":"La Sentinelle","article_publisher":"https:\/\/www.facebook.com\/La-Sentinelle-104059864394773","article_published_time":"2025-06-23T11:03:43+00:00","article_modified_time":"2025-06-23T11:03:44+00:00","og_image":[{"width":1520,"height":900,"url":"https:\/\/lasentinelle.dz\/wp-content\/uploads\/2023\/05\/ministere-enseignement-superieur-.png","type":"image\/png"}],"author":"admin","twitter_card":"summary_large_image","twitter_misc":{"\u00c9crit par":"admin","Dur\u00e9e de lecture estim\u00e9e":"4 minutes"},"schema":{"@context":"https:\/\/schema.org","@graph":[{"@type":"Article","@id":"https:\/\/lasentinelle.dz\/index.php\/2025\/06\/23\/enseignement-superieur-un-plan-pour-ameliorer-le-classement-des-universites\/#article","isPartOf":{"@id":"https:\/\/lasentinelle.dz\/index.php\/2025\/06\/23\/enseignement-superieur-un-plan-pour-ameliorer-le-classement-des-universites\/"},"author":{"name":"admin","@id":"https:\/\/lasentinelle.dz\/#\/schema\/person\/729ee0024f24e0b8c5ec17232f8e8b41"},"headline":"Enseignement sup\u00e9rieur: Un plan pour am\u00e9liorer le classement des universit\u00e9s","datePublished":"2025-06-23T11:03:43+00:00","dateModified":"2025-06-23T11:03:44+00:00","mainEntityOfPage":{"@id":"https:\/\/lasentinelle.dz\/index.php\/2025\/06\/23\/enseignement-superieur-un-plan-pour-ameliorer-le-classement-des-universites\/"},"wordCount":824,"commentCount":0,"publisher":{"@id":"https:\/\/lasentinelle.dz\/#organization"},"image":{"@id":"https:\/\/lasentinelle.dz\/index.php\/2025\/06\/23\/enseignement-superieur-un-plan-pour-ameliorer-le-classement-des-universites\/#primaryimage"},"thumbnailUrl":"https:\/\/lasentinelle.dz\/wp-content\/uploads\/2023\/05\/ministere-enseignement-superieur-.png","articleSection":["Actualit\u00e9"],"inLanguage":"fr-FR","potentialAction":[{"@type":"CommentAction","name":"Comment","target":["https:\/\/lasentinelle.dz\/index.php\/2025\/06\/23\/enseignement-superieur-un-plan-pour-ameliorer-le-classement-des-universites\/#respond"]}]},{"@type":"WebPage","@id":"https:\/\/lasentinelle.dz\/index.php\/2025\/06\/23\/enseignement-superieur-un-plan-pour-ameliorer-le-classement-des-universites\/","url":"https:\/\/lasentinelle.dz\/index.php\/2025\/06\/23\/enseignement-superieur-un-plan-pour-ameliorer-le-classement-des-universites\/","name":"Enseignement sup\u00e9rieur: Un plan pour am\u00e9liorer le classement des universit\u00e9s - La Sentinelle","isPartOf":{"@id":"https:\/\/lasentinelle.dz\/#website"},"primaryImageOfPage":{"@id":"https:\/\/lasentinelle.dz\/index.php\/2025\/06\/23\/enseignement-superieur-un-plan-pour-ameliorer-le-classement-des-universites\/#primaryimage"},"image":{"@id":"https:\/\/lasentinelle.dz\/index.php\/2025\/06\/23\/enseignement-superieur-un-plan-pour-ameliorer-le-classement-des-universites\/#primaryimage"},"thumbnailUrl":"https:\/\/lasentinelle.dz\/wp-content\/uploads\/2023\/05\/ministere-enseignement-superieur-.png","datePublished":"2025-06-23T11:03:43+00:00","dateModified":"2025-06-23T11:03:44+00:00","breadcrumb":{"@id":"https:\/\/lasentinelle.dz\/index.php\/2025\/06\/23\/enseignement-superieur-un-plan-pour-ameliorer-le-classement-des-universites\/#breadcrumb"},"inLanguage":"fr-FR","potentialAction":[{"@type":"ReadAction","target":["https:\/\/lasentinelle.dz\/index.php\/2025\/06\/23\/enseignement-superieur-un-plan-pour-ameliorer-le-classement-des-universites\/"]}]},{"@type":"ImageObject","inLanguage":"fr-FR","@id":"https:\/\/lasentinelle.dz\/index.php\/2025\/06\/23\/enseignement-superieur-un-plan-pour-ameliorer-le-classement-des-universites\/#primaryimage","url":"https:\/\/lasentinelle.dz\/wp-content\/uploads\/2023\/05\/ministere-enseignement-superieur-.png","contentUrl":"https:\/\/lasentinelle.dz\/wp-content\/uploads\/2023\/05\/ministere-enseignement-superieur-.png","width":1520,"height":900},{"@type":"BreadcrumbList","@id":"https:\/\/lasentinelle.dz\/index.php\/2025\/06\/23\/enseignement-superieur-un-plan-pour-ameliorer-le-classement-des-universites\/#breadcrumb","itemListElement":[{"@type":"ListItem","position":1,"name":"Accueil","item":"https:\/\/lasentinelle.dz\/"},{"@type":"ListItem","position":2,"name":"Enseignement sup\u00e9rieur: Un plan pour am\u00e9liorer le classement des universit\u00e9s"}]},{"@type":"WebSite","@id":"https:\/\/lasentinelle.dz\/#website","url":"https:\/\/lasentinelle.dz\/","name":"La Sentinelle","description":"Quotidien national d&#039;information","publisher":{"@id":"https:\/\/lasentinelle.dz\/#organization"},"potentialAction":[{"@type":"SearchAction","target":{"@type":"EntryPoint","urlTemplate":"https:\/\/lasentinelle.dz\/?s={search_term_string}"},"query-input":{"@type":"PropertyValueSpecification","valueRequired":true,"valueName":"search_term_string"}}],"inLanguage":"fr-FR"},{"@type":"Organization","@id":"https:\/\/lasentinelle.dz\/#organization","name":"Quotidien La Sentinelle","url":"https:\/\/lasentinelle.dz\/","logo":{"@type":"ImageObject","inLanguage":"fr-FR","@id":"https:\/\/lasentinelle.dz\/#\/schema\/logo\/image\/","url":"https:\/\/lasentinelle.dz\/wp-content\/uploads\/2021\/09\/logo-sentinelleSLOGAN-1.png","contentUrl":"https:\/\/lasentinelle.dz\/wp-content\/uploads\/2021\/09\/logo-sentinelleSLOGAN-1.png","width":615,"height":142,"caption":"Quotidien La Sentinelle"},"image":{"@id":"https:\/\/lasentinelle.dz\/#\/schema\/logo\/image\/"},"sameAs":["https:\/\/www.facebook.com\/La-Sentinelle-104059864394773"]},{"@type":"Person","@id":"https:\/\/lasentinelle.dz\/#\/schema\/person\/729ee0024f24e0b8c5ec17232f8e8b41","name":"admin","image":{"@type":"ImageObject","inLanguage":"fr-FR","@id":"https:\/\/secure.gravatar.com\/avatar\/4c81fed838786e9b53f540bf46533e750f5d292099ae3b66cfc6fb1982e29df7?s=96&d=mm&r=g","url":"https:\/\/secure.gravatar.com\/avatar\/4c81fed838786e9b53f540bf46533e750f5d292099ae3b66cfc6fb1982e29df7?s=96&d=mm&r=g","contentUrl":"https:\/\/secure.gravatar.com\/avatar\/4c81fed838786e9b53f540bf46533e750f5d292099ae3b66cfc6fb1982e29df7?s=96&d=mm&r=g","caption":"admin"},"description":"admin","url":"https:\/\/lasentinelle.dz\/author\/admin\/"}]}},"_links":{"self":[{"href":"https:\/\/lasentinelle.dz\/index.php\/wp-json\/wp\/v2\/posts\/69254","targetHints":{"allow":["GET"]}}],"collection":[{"href":"https:\/\/lasentinelle.dz\/index.php\/wp-json\/wp\/v2\/posts"}],"about":[{"href":"https:\/\/lasentinelle.dz\/index.php\/wp-json\/wp\/v2\/types\/post"}],"author":[{"embeddable":true,"href":"https:\/\/lasentinelle.dz\/index.php\/wp-json\/wp\/v2\/users\/6"}],"replies":[{"embeddable":true,"href":"https:\/\/lasentinelle.dz\/index.php\/wp-json\/wp\/v2\/comments?post=69254"}],"version-history":[{"count":1,"href":"https:\/\/lasentinelle.dz\/index.php\/wp-json\/wp\/v2\/posts\/69254\/revisions"}],"predecessor-version":[{"id":69255,"href":"https:\/\/lasentinelle.dz\/index.php\/wp-json\/wp\/v2\/posts\/69254\/revisions\/69255"}],"wp:featuredmedia":[{"embeddable":true,"href":"https:\/\/lasentinelle.dz\/index.php\/wp-json\/wp\/v2\/media\/41279"}],"wp:attachment":[{"href":"https:\/\/lasentinelle.dz\/index.php\/wp-json\/wp\/v2\/media?parent=69254"}],"wp:term":[{"taxonomy":"category","embeddable":true,"href":"https:\/\/lasentinelle.dz\/index.php\/wp-json\/wp\/v2\/categories?post=69254"},{"taxonomy":"post_tag","embeddable":true,"href":"https:\/\/lasentinelle.dz\/index.php\/wp-json\/wp\/v2\/tags?post=69254"}],"curies":[{"name":"wp","href":"https:\/\/api.w.org\/{rel}","templated":true}]}}