{"id":6967,"date":"2021-09-08T00:01:00","date_gmt":"2021-09-07T23:01:00","guid":{"rendered":"https:\/\/lasentinelle.dz\/?p=6967"},"modified":"2021-09-07T16:56:52","modified_gmt":"2021-09-07T15:56:52","slug":"palestine-nouvelle-agression-israelienne-contre-la-bande-de-ghaza","status":"publish","type":"post","link":"https:\/\/lasentinelle.dz\/index.php\/2021\/09\/08\/palestine-nouvelle-agression-israelienne-contre-la-bande-de-ghaza\/","title":{"rendered":"Palestine : Nouvelle agression isra\u00e9lienne contre la Bande de Ghaza"},"content":{"rendered":"\n<p>Les avions des forces d\u2019occupation isra\u00e9lienne ont lanc\u00e9 lundi soir, une s\u00e9rie de raids sur plusieurs sites dans la province de Khan Younes au sud de la Bande de Ghaza, causant des d\u00e9g\u00e2ts mat\u00e9riels aux biens des citoyens, a indiqu\u00e9 hier l\u2019agence de presse palestinienne Wafa.<\/p>\n\n\n\n<p>Selon la m\u00eame sources un avion de guerre de l\u2019entit\u00e9 sioniste a tir\u00e9 deux missiles sur un site \u00e0 l\u2019ouest de Khan Younes, causant des dommages sans faire de victimes parmi les citoyens.<\/p>\n\n\n\n<p>Un autre site au nord-ouest de la province a \u00e9t\u00e9 \u00e9galement bombard\u00e9, causant des dommages aux biens des citoyens.<\/p>\n\n\n\n<p>Les agressions isra\u00e9liennes contre la bande de Ghaza se sont multipli\u00e9es au cours des derniers jours. Notons qu\u2019une attaque de plusieurs jours sur la bande de Ghaza au mois de mai dernier a fait pr\u00e8s de 200 morts. Elle a entrain\u00e9 le de 75 000 Palestiniens, dont 47 000 cherchant protection dans 58 \u00e9coles de l&rsquo;UNRWA \u00e0 Gaza, y compris dans 23 abris d&rsquo;urgence d\u00e9sign\u00e9s. 28 700 autres personnes d\u00e9plac\u00e9es avaient \u00e9t\u00e9 h\u00e9berg\u00e9es dans des familles d&rsquo;accueil.\u00c0 la suite du bombardement isra\u00e9lien, 19 \u00e9tablissements de sant\u00e9 ont \u00e9t\u00e9 cibl\u00e9s et endommag\u00e9s, dont sept h\u00f4pitaux, 11 cliniques de soins primaires en plus du laboratoire central de test Covid-19.Par ailleurs, 230 b\u00e2timents, comprenant 991 logements et unit\u00e9s commerciales, ont \u00e9t\u00e9 d\u00e9truits et 678 logements ont \u00e9t\u00e9 gravement endommag\u00e9s et rendus inhabitables. 12 886 logements suppl\u00e9mentaires ont subi des dommages mineurs.<\/p>\n\n\n\n<p>En Cisjordanie, les forces d\u2019occupation ont agress\u00e9 des Palestiniens qui manifestaient contre l\u2019occupation. Elles ont attaqu\u00e9 des manifestants qui tentaient d\u2019installer une tente de protestation dans le village d\u2019Al-Tuwani au sud-est de Yatta contre l\u2019expansion coloniale et l\u2019agression contre les biens des Palestiniens, appel\u00e9e par la Commission de la r\u00e9sistance contre le mur et la colonisation, les comit\u00e9s de protections et de r\u00e9silience et le mouvement de Fatah \u00e0 Yatta.<\/p>\n\n\n\n<p>Rateb Jbour, coordinateur des comit\u00e9s de la r\u00e9sistance contre le mur et la colonisation au sud d\u2019H\u00e9bron, a indiqu\u00e9 \u00e0 l\u2019agenceWafa que les forces d\u2019occupation ont lanc\u00e9 les bombes sonores et \u00e0 gaz lacrymog\u00e8ne en direction des participants \u00e0 l\u2019activit\u00e9, ont battu les journalistes et le Chef de la Commission de la r\u00e9sistance contre le mur et la colonisation, Walid Assaf.<\/p>\n\n\n\n<p>R.I.<\/p>\n","protected":false},"excerpt":{"rendered":"<p>Les avions des forces d\u2019occupation isra\u00e9lienne ont lanc\u00e9 lundi soir, une s\u00e9rie de raids sur plusieurs sites dans la province<\/p>\n","protected":false},"author":3,"featured_media":6975,"comment_status":"open","ping_status":"closed","sticky":false,"template":"","format":"standard","meta":{"colormag_page_container_layout":"default_layout","colormag_page_sidebar_layout":"default_layout","om_disable_all_campaigns":false,"_monsterinsights_skip_tracking":false,"_monsterinsights_sitenote_active":false,"_monsterinsights_sitenote_note":"","_monsterinsights_sitenote_category":0,"footnotes":"","_wpscppro_dont_share_socialmedia":false,"_wpscppro_custom_social_share_image":0,"_facebook_share_type":"","_twitter_share_type":"","_linkedin_share_type":"","_pinterest_share_type":"","_linkedin_share_type_page":"","_instagram_share_type":"","_medium_share_type":"","_threads_share_type":"","_google_business_share_type":"","_selected_social_profile":[],"_wpsp_enable_custom_social_template":false,"_wpsp_social_scheduling":{"enabled":false,"datetime":null,"platforms":[],"status":"template_only","dateOption":"today","timeOption":"now","customDays":"","customHours":"","customDate":"","customTime":"","schedulingType":"absolute"},"_wpsp_active_default_template":true},"categories":[37],"tags":[],"class_list":["post-6967","post","type-post","status-publish","format-standard","has-post-thumbnail","hentry","category-monde"],"aioseo_notices":[],"yoast_head":"<!-- This site is optimized with the Yoast SEO plugin v27.5 - https:\/\/yoast.com\/product\/yoast-seo-wordpress\/ -->\n<title>Palestine : Nouvelle agression isra\u00e9lienne contre la Bande de Ghaza - La Sentinelle<\/title>\n<meta name=\"robots\" content=\"index, follow, max-snippet:-1, max-image-preview:large, max-video-preview:-1\" \/>\n<link rel=\"canonical\" href=\"https:\/\/lasentinelle.dz\/index.php\/2021\/09\/08\/palestine-nouvelle-agression-israelienne-contre-la-bande-de-ghaza\/\" \/>\n<meta property=\"og:locale\" content=\"fr_FR\" \/>\n<meta property=\"og:type\" content=\"article\" \/>\n<meta property=\"og:title\" content=\"Palestine : Nouvelle agression isra\u00e9lienne contre la Bande de Ghaza - La Sentinelle\" \/>\n<meta property=\"og:description\" content=\"Les avions des forces d\u2019occupation isra\u00e9lienne ont lanc\u00e9 lundi soir, une s\u00e9rie de raids sur plusieurs sites dans la province\" \/>\n<meta property=\"og:url\" content=\"https:\/\/lasentinelle.dz\/index.php\/2021\/09\/08\/palestine-nouvelle-agression-israelienne-contre-la-bande-de-ghaza\/\" \/>\n<meta property=\"og:site_name\" content=\"La Sentinelle\" \/>\n<meta property=\"article:publisher\" content=\"https:\/\/www.facebook.com\/La-Sentinelle-104059864394773\" \/>\n<meta property=\"article:published_time\" content=\"2021-09-07T23:01:00+00:00\" \/>\n<meta property=\"og:image\" content=\"https:\/\/lasentinelle.dz\/wp-content\/uploads\/2021\/09\/image_2021-09-07_165644.png\" \/>\n\t<meta property=\"og:image:width\" content=\"299\" \/>\n\t<meta property=\"og:image:height\" content=\"168\" \/>\n\t<meta property=\"og:image:type\" content=\"image\/png\" \/>\n<meta name=\"author\" content=\"La Sentinelle\" \/>\n<meta name=\"twitter:card\" content=\"summary_large_image\" \/>\n<meta name=\"twitter:label1\" content=\"\u00c9crit par\" \/>\n\t<meta name=\"twitter:data1\" content=\"La Sentinelle\" \/>\n\t<meta name=\"twitter:label2\" content=\"Dur\u00e9e de lecture estim\u00e9e\" \/>\n\t<meta name=\"twitter:data2\" content=\"2 minutes\" \/>\n<script type=\"application\/ld+json\" class=\"yoast-schema-graph\">{\"@context\":\"https:\\\/\\\/schema.org\",\"@graph\":[{\"@type\":\"Article\",\"@id\":\"https:\\\/\\\/lasentinelle.dz\\\/index.php\\\/2021\\\/09\\\/08\\\/palestine-nouvelle-agression-israelienne-contre-la-bande-de-ghaza\\\/#article\",\"isPartOf\":{\"@id\":\"https:\\\/\\\/lasentinelle.dz\\\/index.php\\\/2021\\\/09\\\/08\\\/palestine-nouvelle-agression-israelienne-contre-la-bande-de-ghaza\\\/\"},\"author\":{\"name\":\"La Sentinelle\",\"@id\":\"https:\\\/\\\/lasentinelle.dz\\\/#\\\/schema\\\/person\\\/d865044e22e70a75174ce8bcad3acfb3\"},\"headline\":\"Palestine : Nouvelle agression isra\u00e9lienne contre la Bande de Ghaza\",\"datePublished\":\"2021-09-07T23:01:00+00:00\",\"mainEntityOfPage\":{\"@id\":\"https:\\\/\\\/lasentinelle.dz\\\/index.php\\\/2021\\\/09\\\/08\\\/palestine-nouvelle-agression-israelienne-contre-la-bande-de-ghaza\\\/\"},\"wordCount\":409,\"commentCount\":0,\"publisher\":{\"@id\":\"https:\\\/\\\/lasentinelle.dz\\\/#organization\"},\"image\":{\"@id\":\"https:\\\/\\\/lasentinelle.dz\\\/index.php\\\/2021\\\/09\\\/08\\\/palestine-nouvelle-agression-israelienne-contre-la-bande-de-ghaza\\\/#primaryimage\"},\"thumbnailUrl\":\"https:\\\/\\\/lasentinelle.dz\\\/wp-content\\\/uploads\\\/2021\\\/09\\\/image_2021-09-07_165644.png\",\"articleSection\":[\"Monde\"],\"inLanguage\":\"fr-FR\",\"potentialAction\":[{\"@type\":\"CommentAction\",\"name\":\"Comment\",\"target\":[\"https:\\\/\\\/lasentinelle.dz\\\/index.php\\\/2021\\\/09\\\/08\\\/palestine-nouvelle-agression-israelienne-contre-la-bande-de-ghaza\\\/#respond\"]}]},{\"@type\":\"WebPage\",\"@id\":\"https:\\\/\\\/lasentinelle.dz\\\/index.php\\\/2021\\\/09\\\/08\\\/palestine-nouvelle-agression-israelienne-contre-la-bande-de-ghaza\\\/\",\"url\":\"https:\\\/\\\/lasentinelle.dz\\\/index.php\\\/2021\\\/09\\\/08\\\/palestine-nouvelle-agression-israelienne-contre-la-bande-de-ghaza\\\/\",\"name\":\"Palestine : Nouvelle agression isra\u00e9lienne contre la Bande de Ghaza - La Sentinelle\",\"isPartOf\":{\"@id\":\"https:\\\/\\\/lasentinelle.dz\\\/#website\"},\"primaryImageOfPage\":{\"@id\":\"https:\\\/\\\/lasentinelle.dz\\\/index.php\\\/2021\\\/09\\\/08\\\/palestine-nouvelle-agression-israelienne-contre-la-bande-de-ghaza\\\/#primaryimage\"},\"image\":{\"@id\":\"https:\\\/\\\/lasentinelle.dz\\\/index.php\\\/2021\\\/09\\\/08\\\/palestine-nouvelle-agression-israelienne-contre-la-bande-de-ghaza\\\/#primaryimage\"},\"thumbnailUrl\":\"https:\\\/\\\/lasentinelle.dz\\\/wp-content\\\/uploads\\\/2021\\\/09\\\/image_2021-09-07_165644.png\",\"datePublished\":\"2021-09-07T23:01:00+00:00\",\"breadcrumb\":{\"@id\":\"https:\\\/\\\/lasentinelle.dz\\\/index.php\\\/2021\\\/09\\\/08\\\/palestine-nouvelle-agression-israelienne-contre-la-bande-de-ghaza\\\/#breadcrumb\"},\"inLanguage\":\"fr-FR\",\"potentialAction\":[{\"@type\":\"ReadAction\",\"target\":[\"https:\\\/\\\/lasentinelle.dz\\\/index.php\\\/2021\\\/09\\\/08\\\/palestine-nouvelle-agression-israelienne-contre-la-bande-de-ghaza\\\/\"]}]},{\"@type\":\"ImageObject\",\"inLanguage\":\"fr-FR\",\"@id\":\"https:\\\/\\\/lasentinelle.dz\\\/index.php\\\/2021\\\/09\\\/08\\\/palestine-nouvelle-agression-israelienne-contre-la-bande-de-ghaza\\\/#primaryimage\",\"url\":\"https:\\\/\\\/lasentinelle.dz\\\/wp-content\\\/uploads\\\/2021\\\/09\\\/image_2021-09-07_165644.png\",\"contentUrl\":\"https:\\\/\\\/lasentinelle.dz\\\/wp-content\\\/uploads\\\/2021\\\/09\\\/image_2021-09-07_165644.png\",\"width\":299,\"height\":168},{\"@type\":\"BreadcrumbList\",\"@id\":\"https:\\\/\\\/lasentinelle.dz\\\/index.php\\\/2021\\\/09\\\/08\\\/palestine-nouvelle-agression-israelienne-contre-la-bande-de-ghaza\\\/#breadcrumb\",\"itemListElement\":[{\"@type\":\"ListItem\",\"position\":1,\"name\":\"Accueil\",\"item\":\"https:\\\/\\\/lasentinelle.dz\\\/\"},{\"@type\":\"ListItem\",\"position\":2,\"name\":\"Palestine : Nouvelle agression isra\u00e9lienne contre la Bande de Ghaza\"}]},{\"@type\":\"WebSite\",\"@id\":\"https:\\\/\\\/lasentinelle.dz\\\/#website\",\"url\":\"https:\\\/\\\/lasentinelle.dz\\\/\",\"name\":\"La Sentinelle\",\"description\":\"Quotidien national d&#039;information\",\"publisher\":{\"@id\":\"https:\\\/\\\/lasentinelle.dz\\\/#organization\"},\"potentialAction\":[{\"@type\":\"SearchAction\",\"target\":{\"@type\":\"EntryPoint\",\"urlTemplate\":\"https:\\\/\\\/lasentinelle.dz\\\/?s={search_term_string}\"},\"query-input\":{\"@type\":\"PropertyValueSpecification\",\"valueRequired\":true,\"valueName\":\"search_term_string\"}}],\"inLanguage\":\"fr-FR\"},{\"@type\":\"Organization\",\"@id\":\"https:\\\/\\\/lasentinelle.dz\\\/#organization\",\"name\":\"Quotidien La Sentinelle\",\"url\":\"https:\\\/\\\/lasentinelle.dz\\\/\",\"logo\":{\"@type\":\"ImageObject\",\"inLanguage\":\"fr-FR\",\"@id\":\"https:\\\/\\\/lasentinelle.dz\\\/#\\\/schema\\\/logo\\\/image\\\/\",\"url\":\"https:\\\/\\\/lasentinelle.dz\\\/wp-content\\\/uploads\\\/2021\\\/09\\\/logo-sentinelleSLOGAN-1.png\",\"contentUrl\":\"https:\\\/\\\/lasentinelle.dz\\\/wp-content\\\/uploads\\\/2021\\\/09\\\/logo-sentinelleSLOGAN-1.png\",\"width\":615,\"height\":142,\"caption\":\"Quotidien La Sentinelle\"},\"image\":{\"@id\":\"https:\\\/\\\/lasentinelle.dz\\\/#\\\/schema\\\/logo\\\/image\\\/\"},\"sameAs\":[\"https:\\\/\\\/www.facebook.com\\\/La-Sentinelle-104059864394773\"]},{\"@type\":\"Person\",\"@id\":\"https:\\\/\\\/lasentinelle.dz\\\/#\\\/schema\\\/person\\\/d865044e22e70a75174ce8bcad3acfb3\",\"name\":\"La Sentinelle\",\"image\":{\"@type\":\"ImageObject\",\"inLanguage\":\"fr-FR\",\"@id\":\"https:\\\/\\\/secure.gravatar.com\\\/avatar\\\/57de8e5d4b15d43fb361a71fbb36338450fe67865b528a43dd10ef7c51a20392?s=96&d=mm&r=g\",\"url\":\"https:\\\/\\\/secure.gravatar.com\\\/avatar\\\/57de8e5d4b15d43fb361a71fbb36338450fe67865b528a43dd10ef7c51a20392?s=96&d=mm&r=g\",\"contentUrl\":\"https:\\\/\\\/secure.gravatar.com\\\/avatar\\\/57de8e5d4b15d43fb361a71fbb36338450fe67865b528a43dd10ef7c51a20392?s=96&d=mm&r=g\",\"caption\":\"La Sentinelle\"},\"sameAs\":[\"http:\\\/\\\/www.lasentinelle.dz\"],\"url\":\"https:\\\/\\\/lasentinelle.dz\\\/author\\\/redaction\\\/\"}]}<\/script>\n<!-- \/ Yoast SEO plugin. -->","yoast_head_json":{"title":"Palestine : Nouvelle agression isra\u00e9lienne contre la Bande de Ghaza - La Sentinelle","robots":{"index":"index","follow":"follow","max-snippet":"max-snippet:-1","max-image-preview":"max-image-preview:large","max-video-preview":"max-video-preview:-1"},"canonical":"https:\/\/lasentinelle.dz\/index.php\/2021\/09\/08\/palestine-nouvelle-agression-israelienne-contre-la-bande-de-ghaza\/","og_locale":"fr_FR","og_type":"article","og_title":"Palestine : Nouvelle agression isra\u00e9lienne contre la Bande de Ghaza - La Sentinelle","og_description":"Les avions des forces d\u2019occupation isra\u00e9lienne ont lanc\u00e9 lundi soir, une s\u00e9rie de raids sur plusieurs sites dans la province","og_url":"https:\/\/lasentinelle.dz\/index.php\/2021\/09\/08\/palestine-nouvelle-agression-israelienne-contre-la-bande-de-ghaza\/","og_site_name":"La Sentinelle","article_publisher":"https:\/\/www.facebook.com\/La-Sentinelle-104059864394773","article_published_time":"2021-09-07T23:01:00+00:00","og_image":[{"width":299,"height":168,"url":"https:\/\/lasentinelle.dz\/wp-content\/uploads\/2021\/09\/image_2021-09-07_165644.png","type":"image\/png"}],"author":"La Sentinelle","twitter_card":"summary_large_image","twitter_misc":{"\u00c9crit par":"La Sentinelle","Dur\u00e9e de lecture estim\u00e9e":"2 minutes"},"schema":{"@context":"https:\/\/schema.org","@graph":[{"@type":"Article","@id":"https:\/\/lasentinelle.dz\/index.php\/2021\/09\/08\/palestine-nouvelle-agression-israelienne-contre-la-bande-de-ghaza\/#article","isPartOf":{"@id":"https:\/\/lasentinelle.dz\/index.php\/2021\/09\/08\/palestine-nouvelle-agression-israelienne-contre-la-bande-de-ghaza\/"},"author":{"name":"La Sentinelle","@id":"https:\/\/lasentinelle.dz\/#\/schema\/person\/d865044e22e70a75174ce8bcad3acfb3"},"headline":"Palestine : Nouvelle agression isra\u00e9lienne contre la Bande de Ghaza","datePublished":"2021-09-07T23:01:00+00:00","mainEntityOfPage":{"@id":"https:\/\/lasentinelle.dz\/index.php\/2021\/09\/08\/palestine-nouvelle-agression-israelienne-contre-la-bande-de-ghaza\/"},"wordCount":409,"commentCount":0,"publisher":{"@id":"https:\/\/lasentinelle.dz\/#organization"},"image":{"@id":"https:\/\/lasentinelle.dz\/index.php\/2021\/09\/08\/palestine-nouvelle-agression-israelienne-contre-la-bande-de-ghaza\/#primaryimage"},"thumbnailUrl":"https:\/\/lasentinelle.dz\/wp-content\/uploads\/2021\/09\/image_2021-09-07_165644.png","articleSection":["Monde"],"inLanguage":"fr-FR","potentialAction":[{"@type":"CommentAction","name":"Comment","target":["https:\/\/lasentinelle.dz\/index.php\/2021\/09\/08\/palestine-nouvelle-agression-israelienne-contre-la-bande-de-ghaza\/#respond"]}]},{"@type":"WebPage","@id":"https:\/\/lasentinelle.dz\/index.php\/2021\/09\/08\/palestine-nouvelle-agression-israelienne-contre-la-bande-de-ghaza\/","url":"https:\/\/lasentinelle.dz\/index.php\/2021\/09\/08\/palestine-nouvelle-agression-israelienne-contre-la-bande-de-ghaza\/","name":"Palestine : Nouvelle agression isra\u00e9lienne contre la Bande de Ghaza - La Sentinelle","isPartOf":{"@id":"https:\/\/lasentinelle.dz\/#website"},"primaryImageOfPage":{"@id":"https:\/\/lasentinelle.dz\/index.php\/2021\/09\/08\/palestine-nouvelle-agression-israelienne-contre-la-bande-de-ghaza\/#primaryimage"},"image":{"@id":"https:\/\/lasentinelle.dz\/index.php\/2021\/09\/08\/palestine-nouvelle-agression-israelienne-contre-la-bande-de-ghaza\/#primaryimage"},"thumbnailUrl":"https:\/\/lasentinelle.dz\/wp-content\/uploads\/2021\/09\/image_2021-09-07_165644.png","datePublished":"2021-09-07T23:01:00+00:00","breadcrumb":{"@id":"https:\/\/lasentinelle.dz\/index.php\/2021\/09\/08\/palestine-nouvelle-agression-israelienne-contre-la-bande-de-ghaza\/#breadcrumb"},"inLanguage":"fr-FR","potentialAction":[{"@type":"ReadAction","target":["https:\/\/lasentinelle.dz\/index.php\/2021\/09\/08\/palestine-nouvelle-agression-israelienne-contre-la-bande-de-ghaza\/"]}]},{"@type":"ImageObject","inLanguage":"fr-FR","@id":"https:\/\/lasentinelle.dz\/index.php\/2021\/09\/08\/palestine-nouvelle-agression-israelienne-contre-la-bande-de-ghaza\/#primaryimage","url":"https:\/\/lasentinelle.dz\/wp-content\/uploads\/2021\/09\/image_2021-09-07_165644.png","contentUrl":"https:\/\/lasentinelle.dz\/wp-content\/uploads\/2021\/09\/image_2021-09-07_165644.png","width":299,"height":168},{"@type":"BreadcrumbList","@id":"https:\/\/lasentinelle.dz\/index.php\/2021\/09\/08\/palestine-nouvelle-agression-israelienne-contre-la-bande-de-ghaza\/#breadcrumb","itemListElement":[{"@type":"ListItem","position":1,"name":"Accueil","item":"https:\/\/lasentinelle.dz\/"},{"@type":"ListItem","position":2,"name":"Palestine : Nouvelle agression isra\u00e9lienne contre la Bande de Ghaza"}]},{"@type":"WebSite","@id":"https:\/\/lasentinelle.dz\/#website","url":"https:\/\/lasentinelle.dz\/","name":"La Sentinelle","description":"Quotidien national d&#039;information","publisher":{"@id":"https:\/\/lasentinelle.dz\/#organization"},"potentialAction":[{"@type":"SearchAction","target":{"@type":"EntryPoint","urlTemplate":"https:\/\/lasentinelle.dz\/?s={search_term_string}"},"query-input":{"@type":"PropertyValueSpecification","valueRequired":true,"valueName":"search_term_string"}}],"inLanguage":"fr-FR"},{"@type":"Organization","@id":"https:\/\/lasentinelle.dz\/#organization","name":"Quotidien La Sentinelle","url":"https:\/\/lasentinelle.dz\/","logo":{"@type":"ImageObject","inLanguage":"fr-FR","@id":"https:\/\/lasentinelle.dz\/#\/schema\/logo\/image\/","url":"https:\/\/lasentinelle.dz\/wp-content\/uploads\/2021\/09\/logo-sentinelleSLOGAN-1.png","contentUrl":"https:\/\/lasentinelle.dz\/wp-content\/uploads\/2021\/09\/logo-sentinelleSLOGAN-1.png","width":615,"height":142,"caption":"Quotidien La Sentinelle"},"image":{"@id":"https:\/\/lasentinelle.dz\/#\/schema\/logo\/image\/"},"sameAs":["https:\/\/www.facebook.com\/La-Sentinelle-104059864394773"]},{"@type":"Person","@id":"https:\/\/lasentinelle.dz\/#\/schema\/person\/d865044e22e70a75174ce8bcad3acfb3","name":"La Sentinelle","image":{"@type":"ImageObject","inLanguage":"fr-FR","@id":"https:\/\/secure.gravatar.com\/avatar\/57de8e5d4b15d43fb361a71fbb36338450fe67865b528a43dd10ef7c51a20392?s=96&d=mm&r=g","url":"https:\/\/secure.gravatar.com\/avatar\/57de8e5d4b15d43fb361a71fbb36338450fe67865b528a43dd10ef7c51a20392?s=96&d=mm&r=g","contentUrl":"https:\/\/secure.gravatar.com\/avatar\/57de8e5d4b15d43fb361a71fbb36338450fe67865b528a43dd10ef7c51a20392?s=96&d=mm&r=g","caption":"La Sentinelle"},"sameAs":["http:\/\/www.lasentinelle.dz"],"url":"https:\/\/lasentinelle.dz\/author\/redaction\/"}]}},"_links":{"self":[{"href":"https:\/\/lasentinelle.dz\/index.php\/wp-json\/wp\/v2\/posts\/6967","targetHints":{"allow":["GET"]}}],"collection":[{"href":"https:\/\/lasentinelle.dz\/index.php\/wp-json\/wp\/v2\/posts"}],"about":[{"href":"https:\/\/lasentinelle.dz\/index.php\/wp-json\/wp\/v2\/types\/post"}],"author":[{"embeddable":true,"href":"https:\/\/lasentinelle.dz\/index.php\/wp-json\/wp\/v2\/users\/3"}],"replies":[{"embeddable":true,"href":"https:\/\/lasentinelle.dz\/index.php\/wp-json\/wp\/v2\/comments?post=6967"}],"version-history":[{"count":1,"href":"https:\/\/lasentinelle.dz\/index.php\/wp-json\/wp\/v2\/posts\/6967\/revisions"}],"predecessor-version":[{"id":6976,"href":"https:\/\/lasentinelle.dz\/index.php\/wp-json\/wp\/v2\/posts\/6967\/revisions\/6976"}],"wp:featuredmedia":[{"embeddable":true,"href":"https:\/\/lasentinelle.dz\/index.php\/wp-json\/wp\/v2\/media\/6975"}],"wp:attachment":[{"href":"https:\/\/lasentinelle.dz\/index.php\/wp-json\/wp\/v2\/media?parent=6967"}],"wp:term":[{"taxonomy":"category","embeddable":true,"href":"https:\/\/lasentinelle.dz\/index.php\/wp-json\/wp\/v2\/categories?post=6967"},{"taxonomy":"post_tag","embeddable":true,"href":"https:\/\/lasentinelle.dz\/index.php\/wp-json\/wp\/v2\/tags?post=6967"}],"curies":[{"name":"wp","href":"https:\/\/api.w.org\/{rel}","templated":true}]}}