{"id":6999,"date":"2021-09-08T00:01:00","date_gmt":"2021-09-07T23:01:00","guid":{"rendered":"https:\/\/lasentinelle.dz\/?p=6999"},"modified":"2021-09-07T18:59:49","modified_gmt":"2021-09-07T17:59:49","slug":"le-ministre-de-leducation-nationale-m-abdelhakim-belabed-la-annonce-hier-plus-de-450-nouveaux-etablissements-educatifs-seront-recus-a-la-rentree","status":"publish","type":"post","link":"https:\/\/lasentinelle.dz\/index.php\/2021\/09\/08\/le-ministre-de-leducation-nationale-m-abdelhakim-belabed-la-annonce-hier-plus-de-450-nouveaux-etablissements-educatifs-seront-recus-a-la-rentree\/","title":{"rendered":"Le ministre de l&rsquo;\u00e9ducation nationale M. Abdelhakim Belabed l&rsquo;a annonc\u00e9 hier : Plus de 450 nouveaux \u00e9tablissements \u00e9ducatifs seront re\u00e7us \u00e0 la rentr\u00e9e"},"content":{"rendered":"\n<p>Afin de lui permettre de continuer \u00e0 r\u00e9ceptionner de nouvelles structures \u00e9ducatives, la commission minist\u00e9rielle en charge du dossier de la cr\u00e9ation des \u00e9tablissements \u00e9ducatifs poursuivra son travail jusqu&rsquo;\u00e0 la fin de l&rsquo;ann\u00e9e en cours, a affirm\u00e9 le ministre de l&rsquo;\u00e9ducation nationale Abdelhakim Belabed qui intervenait hier \u00e0 l&rsquo;issue d&rsquo;une r\u00e9union pr\u00e9paratoire conjointe avec le ministre de l&rsquo;Habitat, de l&rsquo;Urbanisme et de la Ville, Mohamed Tarek Belaribi. Le suivi quotidien et minutieux des projets du secteur de l&rsquo;Education par le minist\u00e8re de l&rsquo;habitat&nbsp; permettra la r\u00e9ception de plus de 450 nouveaux \u00e9tablissements \u00e9ducatifs, a estim\u00e9 le ministre de l&rsquo;\u00e9ducation qui a \u00e9galement qualifi\u00e9 le chiffre d&rsquo;important et qui permettra d&rsquo;accueillir les enseignants et les \u00e9l\u00e8ves dans de bonnes conditions.<\/p>\n\n\n\n<p>D&rsquo;un autre c\u00f4t\u00e9, affirme M. Abdelhakim Belabed, les projets de construction d&rsquo;\u00e9tablissements scolaire qui accusent un retard font l&rsquo;objet d&rsquo;un suivi intensif afin d&rsquo;acc\u00e9l\u00e9rer la cadence de r\u00e9alisation, et l&rsquo;\u00e9tat d&rsquo;avancement de ces projets est p\u00e9riodiquement inspect\u00e9 afin d&rsquo;en recevoir davantage, ce sur quoi la commission minist\u00e9rielle travaillera\u00a0\u00bb. L&rsquo;op\u00e9ration de vaccination, quant \u00e0 elle, a atteint un taux appr\u00e9ciable et acceptable a-t-il not\u00e9, estimant que celle-ci conna\u00eetra une courbe s&rsquo;attendant \u00e0 une courbe ascendante avec la reprise d&rsquo;environ un demi-million d&rsquo;enseignants \u00e0 partir d&rsquo;aujourd&rsquo;hui. Ce qui l&rsquo;am\u00e8nera \u00e0 appeler les enseignants et tout le personnel de l&rsquo;\u00e9ducation \u00e0 \u00ab\u00a0faire preuve de conscience pour contribuer \u00e0 la limitation de la propagation du Coronavirus\u00a0\u00bb, soulignant que l&rsquo;Etat \u00ab\u00a0d\u00e9ploie tous ses efforts pour y faire face\u00a0\u00bb.<\/p>\n\n\n\n<p>A rappeler qu&rsquo;\u00e0 cet effet toujours et lors d&rsquo;une conf\u00e9rence nationale tenue samedi consacr\u00e9e aux dispositions relatives \u00e0 l&rsquo;organisation des cours, en pr\u00e9vision de la rentr\u00e9e scolaire 2021-2022, le ministre de l&rsquo;\u00e9ducation nationale a affirm\u00e9 que l&rsquo;op\u00e9ration de vaccination du personnel du secteur avait atteint un \u00ab\u00a0taux acceptable\u00a0\u00bb tout en appelant \u00e0 \u00ab\u00a0l&rsquo;\u00e9laboration d&rsquo;un recensement pr\u00e9cis des vaccin\u00e9s\u00a0\u00bb.&nbsp; \u00ab\u00a0Le recours \u00e0 des mesures exceptionnelles, notamment les plans \u00e9ducatifs et le protocole sanitaire, nous est impos\u00e9 par la situation \u00e9pid\u00e9miologique qui a impact\u00e9 le monde entier\u00a0\u00bb a-t-il not\u00e9 \u00e0 ce sujet.<\/p>\n\n\n\n<p>Enfin, pour effectuer une rentr\u00e9e dans les meilleures conditions, le ministre de l&rsquo;\u00e9ducation nationale avait notamment donn\u00e9 des instructions pour \u00ab\u00a0faire preuve de flexibilit\u00e9 dans l&rsquo;adaptation du syst\u00e8me \u00e9ducatif, en laissant le pouvoir d&rsquo;appr\u00e9ciation aux directeurs des \u00e9tablissements \u00e9ducatifs qui devront se concerter avec les enseignants dans le respect des lois et r\u00e8glements en vigueur et du protocole sanitaire\u00a0\u00bb. Un protocole sanitaire qui ne peut prendre effet, notent par ailleurs, les syndicats et les parents d&rsquo;\u00e9l\u00e8ves, que si les conditions sont r\u00e9unies dans les \u00e9tablissements.<\/p>\n\n\n\n<p><strong>Akli Amor<\/strong><\/p>\n","protected":false},"excerpt":{"rendered":"<p>Afin de lui permettre de continuer \u00e0 r\u00e9ceptionner de nouvelles structures \u00e9ducatives, la commission minist\u00e9rielle en charge du dossier de<\/p>\n","protected":false},"author":3,"featured_media":7004,"comment_status":"open","ping_status":"closed","sticky":false,"template":"","format":"standard","meta":{"colormag_page_container_layout":"default_layout","colormag_page_sidebar_layout":"default_layout","om_disable_all_campaigns":false,"_monsterinsights_skip_tracking":false,"_monsterinsights_sitenote_active":false,"_monsterinsights_sitenote_note":"","_monsterinsights_sitenote_category":0,"footnotes":"","_wpscppro_dont_share_socialmedia":false,"_wpscppro_custom_social_share_image":0,"_facebook_share_type":"","_twitter_share_type":"","_linkedin_share_type":"","_pinterest_share_type":"","_linkedin_share_type_page":"","_instagram_share_type":"","_medium_share_type":"","_threads_share_type":"","_google_business_share_type":"","_selected_social_profile":[],"_wpsp_enable_custom_social_template":false,"_wpsp_social_scheduling":{"enabled":false,"datetime":null,"platforms":[],"status":"template_only","dateOption":"today","timeOption":"now","customDays":"","customHours":"","customDate":"","customTime":"","schedulingType":"absolute"},"_wpsp_active_default_template":true},"categories":[27],"tags":[],"class_list":["post-6999","post","type-post","status-publish","format-standard","has-post-thumbnail","hentry","category-actualite"],"aioseo_notices":[],"yoast_head":"<!-- This site is optimized with the Yoast SEO plugin v27.5 - https:\/\/yoast.com\/product\/yoast-seo-wordpress\/ -->\n<title>Le ministre de l&#039;\u00e9ducation nationale M. Abdelhakim Belabed l&#039;a annonc\u00e9 hier : Plus de 450 nouveaux \u00e9tablissements \u00e9ducatifs seront re\u00e7us \u00e0 la rentr\u00e9e - La Sentinelle<\/title>\n<meta name=\"robots\" content=\"index, follow, max-snippet:-1, max-image-preview:large, max-video-preview:-1\" \/>\n<link rel=\"canonical\" href=\"https:\/\/lasentinelle.dz\/index.php\/2021\/09\/08\/le-ministre-de-leducation-nationale-m-abdelhakim-belabed-la-annonce-hier-plus-de-450-nouveaux-etablissements-educatifs-seront-recus-a-la-rentree\/\" \/>\n<meta property=\"og:locale\" content=\"fr_FR\" \/>\n<meta property=\"og:type\" content=\"article\" \/>\n<meta property=\"og:title\" content=\"Le ministre de l&#039;\u00e9ducation nationale M. Abdelhakim Belabed l&#039;a annonc\u00e9 hier : Plus de 450 nouveaux \u00e9tablissements \u00e9ducatifs seront re\u00e7us \u00e0 la rentr\u00e9e - La Sentinelle\" \/>\n<meta property=\"og:description\" content=\"Afin de lui permettre de continuer \u00e0 r\u00e9ceptionner de nouvelles structures \u00e9ducatives, la commission minist\u00e9rielle en charge du dossier de\" \/>\n<meta property=\"og:url\" content=\"https:\/\/lasentinelle.dz\/index.php\/2021\/09\/08\/le-ministre-de-leducation-nationale-m-abdelhakim-belabed-la-annonce-hier-plus-de-450-nouveaux-etablissements-educatifs-seront-recus-a-la-rentree\/\" \/>\n<meta property=\"og:site_name\" content=\"La Sentinelle\" \/>\n<meta property=\"article:publisher\" content=\"https:\/\/www.facebook.com\/La-Sentinelle-104059864394773\" \/>\n<meta property=\"article:published_time\" content=\"2021-09-07T23:01:00+00:00\" \/>\n<meta property=\"og:image\" content=\"https:\/\/lasentinelle.dz\/wp-content\/uploads\/2021\/09\/image_2021-09-07_185943.png\" \/>\n\t<meta property=\"og:image:width\" content=\"620\" \/>\n\t<meta property=\"og:image:height\" content=\"413\" \/>\n\t<meta property=\"og:image:type\" content=\"image\/png\" \/>\n<meta name=\"author\" content=\"La Sentinelle\" \/>\n<meta name=\"twitter:card\" content=\"summary_large_image\" \/>\n<meta name=\"twitter:label1\" content=\"\u00c9crit par\" \/>\n\t<meta name=\"twitter:data1\" content=\"La Sentinelle\" \/>\n\t<meta name=\"twitter:label2\" content=\"Dur\u00e9e de lecture estim\u00e9e\" \/>\n\t<meta name=\"twitter:data2\" content=\"2 minutes\" \/>\n<script type=\"application\/ld+json\" class=\"yoast-schema-graph\">{\"@context\":\"https:\\\/\\\/schema.org\",\"@graph\":[{\"@type\":\"Article\",\"@id\":\"https:\\\/\\\/lasentinelle.dz\\\/index.php\\\/2021\\\/09\\\/08\\\/le-ministre-de-leducation-nationale-m-abdelhakim-belabed-la-annonce-hier-plus-de-450-nouveaux-etablissements-educatifs-seront-recus-a-la-rentree\\\/#article\",\"isPartOf\":{\"@id\":\"https:\\\/\\\/lasentinelle.dz\\\/index.php\\\/2021\\\/09\\\/08\\\/le-ministre-de-leducation-nationale-m-abdelhakim-belabed-la-annonce-hier-plus-de-450-nouveaux-etablissements-educatifs-seront-recus-a-la-rentree\\\/\"},\"author\":{\"name\":\"La Sentinelle\",\"@id\":\"https:\\\/\\\/lasentinelle.dz\\\/#\\\/schema\\\/person\\\/d865044e22e70a75174ce8bcad3acfb3\"},\"headline\":\"Le ministre de l&rsquo;\u00e9ducation nationale M. Abdelhakim Belabed l&rsquo;a annonc\u00e9 hier : Plus de 450 nouveaux \u00e9tablissements \u00e9ducatifs seront re\u00e7us \u00e0 la rentr\u00e9e\",\"datePublished\":\"2021-09-07T23:01:00+00:00\",\"mainEntityOfPage\":{\"@id\":\"https:\\\/\\\/lasentinelle.dz\\\/index.php\\\/2021\\\/09\\\/08\\\/le-ministre-de-leducation-nationale-m-abdelhakim-belabed-la-annonce-hier-plus-de-450-nouveaux-etablissements-educatifs-seront-recus-a-la-rentree\\\/\"},\"wordCount\":504,\"commentCount\":0,\"publisher\":{\"@id\":\"https:\\\/\\\/lasentinelle.dz\\\/#organization\"},\"image\":{\"@id\":\"https:\\\/\\\/lasentinelle.dz\\\/index.php\\\/2021\\\/09\\\/08\\\/le-ministre-de-leducation-nationale-m-abdelhakim-belabed-la-annonce-hier-plus-de-450-nouveaux-etablissements-educatifs-seront-recus-a-la-rentree\\\/#primaryimage\"},\"thumbnailUrl\":\"https:\\\/\\\/lasentinelle.dz\\\/wp-content\\\/uploads\\\/2021\\\/09\\\/image_2021-09-07_185943.png\",\"articleSection\":[\"Actualit\u00e9\"],\"inLanguage\":\"fr-FR\",\"potentialAction\":[{\"@type\":\"CommentAction\",\"name\":\"Comment\",\"target\":[\"https:\\\/\\\/lasentinelle.dz\\\/index.php\\\/2021\\\/09\\\/08\\\/le-ministre-de-leducation-nationale-m-abdelhakim-belabed-la-annonce-hier-plus-de-450-nouveaux-etablissements-educatifs-seront-recus-a-la-rentree\\\/#respond\"]}]},{\"@type\":\"WebPage\",\"@id\":\"https:\\\/\\\/lasentinelle.dz\\\/index.php\\\/2021\\\/09\\\/08\\\/le-ministre-de-leducation-nationale-m-abdelhakim-belabed-la-annonce-hier-plus-de-450-nouveaux-etablissements-educatifs-seront-recus-a-la-rentree\\\/\",\"url\":\"https:\\\/\\\/lasentinelle.dz\\\/index.php\\\/2021\\\/09\\\/08\\\/le-ministre-de-leducation-nationale-m-abdelhakim-belabed-la-annonce-hier-plus-de-450-nouveaux-etablissements-educatifs-seront-recus-a-la-rentree\\\/\",\"name\":\"Le ministre de l'\u00e9ducation nationale M. Abdelhakim Belabed l'a annonc\u00e9 hier : Plus de 450 nouveaux \u00e9tablissements \u00e9ducatifs seront re\u00e7us \u00e0 la rentr\u00e9e - La Sentinelle\",\"isPartOf\":{\"@id\":\"https:\\\/\\\/lasentinelle.dz\\\/#website\"},\"primaryImageOfPage\":{\"@id\":\"https:\\\/\\\/lasentinelle.dz\\\/index.php\\\/2021\\\/09\\\/08\\\/le-ministre-de-leducation-nationale-m-abdelhakim-belabed-la-annonce-hier-plus-de-450-nouveaux-etablissements-educatifs-seront-recus-a-la-rentree\\\/#primaryimage\"},\"image\":{\"@id\":\"https:\\\/\\\/lasentinelle.dz\\\/index.php\\\/2021\\\/09\\\/08\\\/le-ministre-de-leducation-nationale-m-abdelhakim-belabed-la-annonce-hier-plus-de-450-nouveaux-etablissements-educatifs-seront-recus-a-la-rentree\\\/#primaryimage\"},\"thumbnailUrl\":\"https:\\\/\\\/lasentinelle.dz\\\/wp-content\\\/uploads\\\/2021\\\/09\\\/image_2021-09-07_185943.png\",\"datePublished\":\"2021-09-07T23:01:00+00:00\",\"breadcrumb\":{\"@id\":\"https:\\\/\\\/lasentinelle.dz\\\/index.php\\\/2021\\\/09\\\/08\\\/le-ministre-de-leducation-nationale-m-abdelhakim-belabed-la-annonce-hier-plus-de-450-nouveaux-etablissements-educatifs-seront-recus-a-la-rentree\\\/#breadcrumb\"},\"inLanguage\":\"fr-FR\",\"potentialAction\":[{\"@type\":\"ReadAction\",\"target\":[\"https:\\\/\\\/lasentinelle.dz\\\/index.php\\\/2021\\\/09\\\/08\\\/le-ministre-de-leducation-nationale-m-abdelhakim-belabed-la-annonce-hier-plus-de-450-nouveaux-etablissements-educatifs-seront-recus-a-la-rentree\\\/\"]}]},{\"@type\":\"ImageObject\",\"inLanguage\":\"fr-FR\",\"@id\":\"https:\\\/\\\/lasentinelle.dz\\\/index.php\\\/2021\\\/09\\\/08\\\/le-ministre-de-leducation-nationale-m-abdelhakim-belabed-la-annonce-hier-plus-de-450-nouveaux-etablissements-educatifs-seront-recus-a-la-rentree\\\/#primaryimage\",\"url\":\"https:\\\/\\\/lasentinelle.dz\\\/wp-content\\\/uploads\\\/2021\\\/09\\\/image_2021-09-07_185943.png\",\"contentUrl\":\"https:\\\/\\\/lasentinelle.dz\\\/wp-content\\\/uploads\\\/2021\\\/09\\\/image_2021-09-07_185943.png\",\"width\":620,\"height\":413},{\"@type\":\"BreadcrumbList\",\"@id\":\"https:\\\/\\\/lasentinelle.dz\\\/index.php\\\/2021\\\/09\\\/08\\\/le-ministre-de-leducation-nationale-m-abdelhakim-belabed-la-annonce-hier-plus-de-450-nouveaux-etablissements-educatifs-seront-recus-a-la-rentree\\\/#breadcrumb\",\"itemListElement\":[{\"@type\":\"ListItem\",\"position\":1,\"name\":\"Accueil\",\"item\":\"https:\\\/\\\/lasentinelle.dz\\\/\"},{\"@type\":\"ListItem\",\"position\":2,\"name\":\"Le ministre de l&rsquo;\u00e9ducation nationale M. Abdelhakim Belabed l&rsquo;a annonc\u00e9 hier : Plus de 450 nouveaux \u00e9tablissements \u00e9ducatifs seront re\u00e7us \u00e0 la rentr\u00e9e\"}]},{\"@type\":\"WebSite\",\"@id\":\"https:\\\/\\\/lasentinelle.dz\\\/#website\",\"url\":\"https:\\\/\\\/lasentinelle.dz\\\/\",\"name\":\"La Sentinelle\",\"description\":\"Quotidien national d&#039;information\",\"publisher\":{\"@id\":\"https:\\\/\\\/lasentinelle.dz\\\/#organization\"},\"potentialAction\":[{\"@type\":\"SearchAction\",\"target\":{\"@type\":\"EntryPoint\",\"urlTemplate\":\"https:\\\/\\\/lasentinelle.dz\\\/?s={search_term_string}\"},\"query-input\":{\"@type\":\"PropertyValueSpecification\",\"valueRequired\":true,\"valueName\":\"search_term_string\"}}],\"inLanguage\":\"fr-FR\"},{\"@type\":\"Organization\",\"@id\":\"https:\\\/\\\/lasentinelle.dz\\\/#organization\",\"name\":\"Quotidien La Sentinelle\",\"url\":\"https:\\\/\\\/lasentinelle.dz\\\/\",\"logo\":{\"@type\":\"ImageObject\",\"inLanguage\":\"fr-FR\",\"@id\":\"https:\\\/\\\/lasentinelle.dz\\\/#\\\/schema\\\/logo\\\/image\\\/\",\"url\":\"https:\\\/\\\/lasentinelle.dz\\\/wp-content\\\/uploads\\\/2021\\\/09\\\/logo-sentinelleSLOGAN-1.png\",\"contentUrl\":\"https:\\\/\\\/lasentinelle.dz\\\/wp-content\\\/uploads\\\/2021\\\/09\\\/logo-sentinelleSLOGAN-1.png\",\"width\":615,\"height\":142,\"caption\":\"Quotidien La Sentinelle\"},\"image\":{\"@id\":\"https:\\\/\\\/lasentinelle.dz\\\/#\\\/schema\\\/logo\\\/image\\\/\"},\"sameAs\":[\"https:\\\/\\\/www.facebook.com\\\/La-Sentinelle-104059864394773\"]},{\"@type\":\"Person\",\"@id\":\"https:\\\/\\\/lasentinelle.dz\\\/#\\\/schema\\\/person\\\/d865044e22e70a75174ce8bcad3acfb3\",\"name\":\"La Sentinelle\",\"image\":{\"@type\":\"ImageObject\",\"inLanguage\":\"fr-FR\",\"@id\":\"https:\\\/\\\/secure.gravatar.com\\\/avatar\\\/57de8e5d4b15d43fb361a71fbb36338450fe67865b528a43dd10ef7c51a20392?s=96&d=mm&r=g\",\"url\":\"https:\\\/\\\/secure.gravatar.com\\\/avatar\\\/57de8e5d4b15d43fb361a71fbb36338450fe67865b528a43dd10ef7c51a20392?s=96&d=mm&r=g\",\"contentUrl\":\"https:\\\/\\\/secure.gravatar.com\\\/avatar\\\/57de8e5d4b15d43fb361a71fbb36338450fe67865b528a43dd10ef7c51a20392?s=96&d=mm&r=g\",\"caption\":\"La Sentinelle\"},\"sameAs\":[\"http:\\\/\\\/www.lasentinelle.dz\"],\"url\":\"https:\\\/\\\/lasentinelle.dz\\\/author\\\/redaction\\\/\"}]}<\/script>\n<!-- \/ Yoast SEO plugin. -->","yoast_head_json":{"title":"Le ministre de l'\u00e9ducation nationale M. Abdelhakim Belabed l'a annonc\u00e9 hier : Plus de 450 nouveaux \u00e9tablissements \u00e9ducatifs seront re\u00e7us \u00e0 la rentr\u00e9e - La Sentinelle","robots":{"index":"index","follow":"follow","max-snippet":"max-snippet:-1","max-image-preview":"max-image-preview:large","max-video-preview":"max-video-preview:-1"},"canonical":"https:\/\/lasentinelle.dz\/index.php\/2021\/09\/08\/le-ministre-de-leducation-nationale-m-abdelhakim-belabed-la-annonce-hier-plus-de-450-nouveaux-etablissements-educatifs-seront-recus-a-la-rentree\/","og_locale":"fr_FR","og_type":"article","og_title":"Le ministre de l'\u00e9ducation nationale M. Abdelhakim Belabed l'a annonc\u00e9 hier : Plus de 450 nouveaux \u00e9tablissements \u00e9ducatifs seront re\u00e7us \u00e0 la rentr\u00e9e - La Sentinelle","og_description":"Afin de lui permettre de continuer \u00e0 r\u00e9ceptionner de nouvelles structures \u00e9ducatives, la commission minist\u00e9rielle en charge du dossier de","og_url":"https:\/\/lasentinelle.dz\/index.php\/2021\/09\/08\/le-ministre-de-leducation-nationale-m-abdelhakim-belabed-la-annonce-hier-plus-de-450-nouveaux-etablissements-educatifs-seront-recus-a-la-rentree\/","og_site_name":"La Sentinelle","article_publisher":"https:\/\/www.facebook.com\/La-Sentinelle-104059864394773","article_published_time":"2021-09-07T23:01:00+00:00","og_image":[{"width":620,"height":413,"url":"https:\/\/lasentinelle.dz\/wp-content\/uploads\/2021\/09\/image_2021-09-07_185943.png","type":"image\/png"}],"author":"La Sentinelle","twitter_card":"summary_large_image","twitter_misc":{"\u00c9crit par":"La Sentinelle","Dur\u00e9e de lecture estim\u00e9e":"2 minutes"},"schema":{"@context":"https:\/\/schema.org","@graph":[{"@type":"Article","@id":"https:\/\/lasentinelle.dz\/index.php\/2021\/09\/08\/le-ministre-de-leducation-nationale-m-abdelhakim-belabed-la-annonce-hier-plus-de-450-nouveaux-etablissements-educatifs-seront-recus-a-la-rentree\/#article","isPartOf":{"@id":"https:\/\/lasentinelle.dz\/index.php\/2021\/09\/08\/le-ministre-de-leducation-nationale-m-abdelhakim-belabed-la-annonce-hier-plus-de-450-nouveaux-etablissements-educatifs-seront-recus-a-la-rentree\/"},"author":{"name":"La Sentinelle","@id":"https:\/\/lasentinelle.dz\/#\/schema\/person\/d865044e22e70a75174ce8bcad3acfb3"},"headline":"Le ministre de l&rsquo;\u00e9ducation nationale M. Abdelhakim Belabed l&rsquo;a annonc\u00e9 hier : Plus de 450 nouveaux \u00e9tablissements \u00e9ducatifs seront re\u00e7us \u00e0 la rentr\u00e9e","datePublished":"2021-09-07T23:01:00+00:00","mainEntityOfPage":{"@id":"https:\/\/lasentinelle.dz\/index.php\/2021\/09\/08\/le-ministre-de-leducation-nationale-m-abdelhakim-belabed-la-annonce-hier-plus-de-450-nouveaux-etablissements-educatifs-seront-recus-a-la-rentree\/"},"wordCount":504,"commentCount":0,"publisher":{"@id":"https:\/\/lasentinelle.dz\/#organization"},"image":{"@id":"https:\/\/lasentinelle.dz\/index.php\/2021\/09\/08\/le-ministre-de-leducation-nationale-m-abdelhakim-belabed-la-annonce-hier-plus-de-450-nouveaux-etablissements-educatifs-seront-recus-a-la-rentree\/#primaryimage"},"thumbnailUrl":"https:\/\/lasentinelle.dz\/wp-content\/uploads\/2021\/09\/image_2021-09-07_185943.png","articleSection":["Actualit\u00e9"],"inLanguage":"fr-FR","potentialAction":[{"@type":"CommentAction","name":"Comment","target":["https:\/\/lasentinelle.dz\/index.php\/2021\/09\/08\/le-ministre-de-leducation-nationale-m-abdelhakim-belabed-la-annonce-hier-plus-de-450-nouveaux-etablissements-educatifs-seront-recus-a-la-rentree\/#respond"]}]},{"@type":"WebPage","@id":"https:\/\/lasentinelle.dz\/index.php\/2021\/09\/08\/le-ministre-de-leducation-nationale-m-abdelhakim-belabed-la-annonce-hier-plus-de-450-nouveaux-etablissements-educatifs-seront-recus-a-la-rentree\/","url":"https:\/\/lasentinelle.dz\/index.php\/2021\/09\/08\/le-ministre-de-leducation-nationale-m-abdelhakim-belabed-la-annonce-hier-plus-de-450-nouveaux-etablissements-educatifs-seront-recus-a-la-rentree\/","name":"Le ministre de l'\u00e9ducation nationale M. Abdelhakim Belabed l'a annonc\u00e9 hier : Plus de 450 nouveaux \u00e9tablissements \u00e9ducatifs seront re\u00e7us \u00e0 la rentr\u00e9e - La Sentinelle","isPartOf":{"@id":"https:\/\/lasentinelle.dz\/#website"},"primaryImageOfPage":{"@id":"https:\/\/lasentinelle.dz\/index.php\/2021\/09\/08\/le-ministre-de-leducation-nationale-m-abdelhakim-belabed-la-annonce-hier-plus-de-450-nouveaux-etablissements-educatifs-seront-recus-a-la-rentree\/#primaryimage"},"image":{"@id":"https:\/\/lasentinelle.dz\/index.php\/2021\/09\/08\/le-ministre-de-leducation-nationale-m-abdelhakim-belabed-la-annonce-hier-plus-de-450-nouveaux-etablissements-educatifs-seront-recus-a-la-rentree\/#primaryimage"},"thumbnailUrl":"https:\/\/lasentinelle.dz\/wp-content\/uploads\/2021\/09\/image_2021-09-07_185943.png","datePublished":"2021-09-07T23:01:00+00:00","breadcrumb":{"@id":"https:\/\/lasentinelle.dz\/index.php\/2021\/09\/08\/le-ministre-de-leducation-nationale-m-abdelhakim-belabed-la-annonce-hier-plus-de-450-nouveaux-etablissements-educatifs-seront-recus-a-la-rentree\/#breadcrumb"},"inLanguage":"fr-FR","potentialAction":[{"@type":"ReadAction","target":["https:\/\/lasentinelle.dz\/index.php\/2021\/09\/08\/le-ministre-de-leducation-nationale-m-abdelhakim-belabed-la-annonce-hier-plus-de-450-nouveaux-etablissements-educatifs-seront-recus-a-la-rentree\/"]}]},{"@type":"ImageObject","inLanguage":"fr-FR","@id":"https:\/\/lasentinelle.dz\/index.php\/2021\/09\/08\/le-ministre-de-leducation-nationale-m-abdelhakim-belabed-la-annonce-hier-plus-de-450-nouveaux-etablissements-educatifs-seront-recus-a-la-rentree\/#primaryimage","url":"https:\/\/lasentinelle.dz\/wp-content\/uploads\/2021\/09\/image_2021-09-07_185943.png","contentUrl":"https:\/\/lasentinelle.dz\/wp-content\/uploads\/2021\/09\/image_2021-09-07_185943.png","width":620,"height":413},{"@type":"BreadcrumbList","@id":"https:\/\/lasentinelle.dz\/index.php\/2021\/09\/08\/le-ministre-de-leducation-nationale-m-abdelhakim-belabed-la-annonce-hier-plus-de-450-nouveaux-etablissements-educatifs-seront-recus-a-la-rentree\/#breadcrumb","itemListElement":[{"@type":"ListItem","position":1,"name":"Accueil","item":"https:\/\/lasentinelle.dz\/"},{"@type":"ListItem","position":2,"name":"Le ministre de l&rsquo;\u00e9ducation nationale M. Abdelhakim Belabed l&rsquo;a annonc\u00e9 hier : Plus de 450 nouveaux \u00e9tablissements \u00e9ducatifs seront re\u00e7us \u00e0 la rentr\u00e9e"}]},{"@type":"WebSite","@id":"https:\/\/lasentinelle.dz\/#website","url":"https:\/\/lasentinelle.dz\/","name":"La Sentinelle","description":"Quotidien national d&#039;information","publisher":{"@id":"https:\/\/lasentinelle.dz\/#organization"},"potentialAction":[{"@type":"SearchAction","target":{"@type":"EntryPoint","urlTemplate":"https:\/\/lasentinelle.dz\/?s={search_term_string}"},"query-input":{"@type":"PropertyValueSpecification","valueRequired":true,"valueName":"search_term_string"}}],"inLanguage":"fr-FR"},{"@type":"Organization","@id":"https:\/\/lasentinelle.dz\/#organization","name":"Quotidien La Sentinelle","url":"https:\/\/lasentinelle.dz\/","logo":{"@type":"ImageObject","inLanguage":"fr-FR","@id":"https:\/\/lasentinelle.dz\/#\/schema\/logo\/image\/","url":"https:\/\/lasentinelle.dz\/wp-content\/uploads\/2021\/09\/logo-sentinelleSLOGAN-1.png","contentUrl":"https:\/\/lasentinelle.dz\/wp-content\/uploads\/2021\/09\/logo-sentinelleSLOGAN-1.png","width":615,"height":142,"caption":"Quotidien La Sentinelle"},"image":{"@id":"https:\/\/lasentinelle.dz\/#\/schema\/logo\/image\/"},"sameAs":["https:\/\/www.facebook.com\/La-Sentinelle-104059864394773"]},{"@type":"Person","@id":"https:\/\/lasentinelle.dz\/#\/schema\/person\/d865044e22e70a75174ce8bcad3acfb3","name":"La Sentinelle","image":{"@type":"ImageObject","inLanguage":"fr-FR","@id":"https:\/\/secure.gravatar.com\/avatar\/57de8e5d4b15d43fb361a71fbb36338450fe67865b528a43dd10ef7c51a20392?s=96&d=mm&r=g","url":"https:\/\/secure.gravatar.com\/avatar\/57de8e5d4b15d43fb361a71fbb36338450fe67865b528a43dd10ef7c51a20392?s=96&d=mm&r=g","contentUrl":"https:\/\/secure.gravatar.com\/avatar\/57de8e5d4b15d43fb361a71fbb36338450fe67865b528a43dd10ef7c51a20392?s=96&d=mm&r=g","caption":"La Sentinelle"},"sameAs":["http:\/\/www.lasentinelle.dz"],"url":"https:\/\/lasentinelle.dz\/author\/redaction\/"}]}},"_links":{"self":[{"href":"https:\/\/lasentinelle.dz\/index.php\/wp-json\/wp\/v2\/posts\/6999","targetHints":{"allow":["GET"]}}],"collection":[{"href":"https:\/\/lasentinelle.dz\/index.php\/wp-json\/wp\/v2\/posts"}],"about":[{"href":"https:\/\/lasentinelle.dz\/index.php\/wp-json\/wp\/v2\/types\/post"}],"author":[{"embeddable":true,"href":"https:\/\/lasentinelle.dz\/index.php\/wp-json\/wp\/v2\/users\/3"}],"replies":[{"embeddable":true,"href":"https:\/\/lasentinelle.dz\/index.php\/wp-json\/wp\/v2\/comments?post=6999"}],"version-history":[{"count":1,"href":"https:\/\/lasentinelle.dz\/index.php\/wp-json\/wp\/v2\/posts\/6999\/revisions"}],"predecessor-version":[{"id":7005,"href":"https:\/\/lasentinelle.dz\/index.php\/wp-json\/wp\/v2\/posts\/6999\/revisions\/7005"}],"wp:featuredmedia":[{"embeddable":true,"href":"https:\/\/lasentinelle.dz\/index.php\/wp-json\/wp\/v2\/media\/7004"}],"wp:attachment":[{"href":"https:\/\/lasentinelle.dz\/index.php\/wp-json\/wp\/v2\/media?parent=6999"}],"wp:term":[{"taxonomy":"category","embeddable":true,"href":"https:\/\/lasentinelle.dz\/index.php\/wp-json\/wp\/v2\/categories?post=6999"},{"taxonomy":"post_tag","embeddable":true,"href":"https:\/\/lasentinelle.dz\/index.php\/wp-json\/wp\/v2\/tags?post=6999"}],"curies":[{"name":"wp","href":"https:\/\/api.w.org\/{rel}","templated":true}]}}