{"id":70012,"date":"2025-07-08T11:43:25","date_gmt":"2025-07-08T10:43:25","guid":{"rendered":"https:\/\/lasentinelle.dz\/?p=70012"},"modified":"2025-07-08T11:43:26","modified_gmt":"2025-07-08T10:43:26","slug":"sonlegaz-un-nouveau-record-de-consommation-electrique","status":"publish","type":"post","link":"https:\/\/lasentinelle.dz\/index.php\/2025\/07\/08\/sonlegaz-un-nouveau-record-de-consommation-electrique\/","title":{"rendered":"Sonlegaz: Un nouveau record de consommation \u00e9lectrique"},"content":{"rendered":"\n<p class=\"wp-block-paragraph\">La consommation nationale d&rsquo;\u00e9lectricit\u00e9 a enregistr\u00e9, lundi apr\u00e8s-midi, un nouveau pic record d\u00e9passant 19.500 m\u00e9gawatts, en raison de la vague de chaleur observ\u00e9e dans plusieurs wilayas du pays, a indiqu\u00e9 un communiqu\u00e9 de Sonelgaz. \u00ab\u00a0Suite \u00e0 la forte vague de chaleur observ\u00e9e dans plusieurs wilayas du pays, Sonelgaz-Transport de l&rsquo;\u00e9lectricit\u00e9 et op\u00e9rateur du syst\u00e8me (S-TOS) a enregistr\u00e9 un nouveau pic record de la demande sur l&rsquo;\u00e9lectricit\u00e9, ayant atteint 19.580 m\u00e9gawatts lundi apr\u00e8s-midi \u00e0 15h03\u00a0\u00bb. Le porte-parole du groupe, Khalil Hedna, a confirm\u00e9 que Sonelgaz a \u00ab\u00a0franchi ce test\u00a0\u00bb et que l&rsquo;approvisionnement \u00e9lectrique se poursuit normalement tout en garantissant les exportations vers la Tunisie sans difficult\u00e9s.<\/p>\n\n\n\n<p class=\"wp-block-paragraph\">R.E.<\/p>\n","protected":false},"excerpt":{"rendered":"<p>La consommation nationale d&rsquo;\u00e9lectricit\u00e9 a enregistr\u00e9, lundi apr\u00e8s-midi, un nouveau pic record d\u00e9passant 19.500 m\u00e9gawatts, en raison de la vague<\/p>\n","protected":false},"author":6,"featured_media":39460,"comment_status":"open","ping_status":"closed","sticky":false,"template":"","format":"standard","meta":{"colormag_page_container_layout":"default_layout","colormag_page_sidebar_layout":"default_layout","om_disable_all_campaigns":false,"_monsterinsights_skip_tracking":false,"footnotes":"","_wpscppro_dont_share_socialmedia":false,"_wpscppro_custom_social_share_image":0,"_facebook_share_type":"default","_twitter_share_type":"default","_linkedin_share_type":"default","_pinterest_share_type":"default","_linkedin_share_type_page":"","_instagram_share_type":"default","_medium_share_type":"default","_threads_share_type":"","_google_business_share_type":"","_bluesky_share_type":"","_mastodon_share_type":"","_selected_social_profile":[],"_wpsp_enable_custom_social_template":false,"_wpsp_social_scheduling":{"enabled":false,"datetime":null,"platforms":[],"status":"template_only","dateOption":"today","timeOption":"now","customDays":"","customHours":"","customDate":"","customTime":"","schedulingType":"absolute"},"_wpsp_active_default_template":true},"categories":[29],"tags":[],"class_list":["post-70012","post","type-post","status-publish","format-standard","has-post-thumbnail","hentry","category-economie"],"aioseo_notices":[],"aioseo_head":"\n\t\t<!-- All in One SEO 5.0.0.1 - aioseo.com -->\n\t<meta name=\"description\" content=\"La consommation nationale d&#039;\u00e9lectricit\u00e9 a enregistr\u00e9, lundi apr\u00e8s-midi, un nouveau pic record d\u00e9passant 19.500 m\u00e9gawatts, en raison de la vague de chaleur observ\u00e9e dans plusieurs wilayas du pays, a indiqu\u00e9 un communiqu\u00e9 de Sonelgaz. &quot;Suite \u00e0 la forte vague de chaleur observ\u00e9e dans plusieurs wilayas du pays, Sonelgaz-Transport de l&#039;\u00e9lectricit\u00e9 et op\u00e9rateur du syst\u00e8me (S-TOS)\" \/>\n\t<meta name=\"robots\" content=\"max-image-preview:large\" \/>\n\t<meta name=\"author\" content=\"admin\"\/>\n\t<link rel=\"canonical\" href=\"https:\/\/lasentinelle.dz\/index.php\/2025\/07\/08\/sonlegaz-un-nouveau-record-de-consommation-electrique\/\" \/>\n\t<meta name=\"generator\" content=\"All in One SEO (AIOSEO) 5.0.0.1\" \/>\n\t\t<meta property=\"og:locale\" content=\"fr_FR\" \/>\n\t\t<meta property=\"og:site_name\" content=\"La Sentinelle - Quotidien national d&#039;information\" \/>\n\t\t<meta property=\"og:type\" content=\"article\" \/>\n\t\t<meta property=\"og:title\" content=\"Sonlegaz: Un nouveau record de consommation \u00e9lectrique - La Sentinelle\" \/>\n\t\t<meta property=\"og:description\" content=\"La consommation nationale d&#039;\u00e9lectricit\u00e9 a enregistr\u00e9, lundi apr\u00e8s-midi, un nouveau pic record d\u00e9passant 19.500 m\u00e9gawatts, en raison de la vague de chaleur observ\u00e9e dans plusieurs wilayas du pays, a indiqu\u00e9 un communiqu\u00e9 de Sonelgaz. &quot;Suite \u00e0 la forte vague de chaleur observ\u00e9e dans plusieurs wilayas du pays, Sonelgaz-Transport de l&#039;\u00e9lectricit\u00e9 et op\u00e9rateur du syst\u00e8me (S-TOS)\" \/>\n\t\t<meta property=\"og:url\" content=\"https:\/\/lasentinelle.dz\/index.php\/2025\/07\/08\/sonlegaz-un-nouveau-record-de-consommation-electrique\/\" \/>\n\t\t<meta property=\"og:image\" content=\"https:\/\/lasentinelle.dz\/wp-content\/uploads\/2021\/09\/cropped-la-sentinelle-earth-golden-anima-5.gif\" \/>\n\t\t<meta property=\"og:image:secure_url\" content=\"https:\/\/lasentinelle.dz\/wp-content\/uploads\/2021\/09\/cropped-la-sentinelle-earth-golden-anima-5.gif\" \/>\n\t\t<meta property=\"og:image:width\" content=\"450\" \/>\n\t\t<meta property=\"og:image:height\" content=\"213\" \/>\n\t\t<meta property=\"article:published_time\" content=\"2025-07-08T10:43:25+00:00\" \/>\n\t\t<meta property=\"article:modified_time\" content=\"2025-07-08T10:43:26+00:00\" \/>\n\t\t<meta property=\"article:publisher\" content=\"https:\/\/www.facebook.com\/azzedine.lasentinelle.1\" \/>\n\t\t<meta name=\"twitter:card\" content=\"summary_large_image\" \/>\n\t\t<meta name=\"twitter:title\" content=\"Sonlegaz: Un nouveau record de consommation \u00e9lectrique - La Sentinelle\" \/>\n\t\t<meta name=\"twitter:description\" content=\"La consommation nationale d&#039;\u00e9lectricit\u00e9 a enregistr\u00e9, lundi apr\u00e8s-midi, un nouveau pic record d\u00e9passant 19.500 m\u00e9gawatts, en raison de la vague de chaleur observ\u00e9e dans plusieurs wilayas du pays, a indiqu\u00e9 un communiqu\u00e9 de Sonelgaz. &quot;Suite \u00e0 la forte vague de chaleur observ\u00e9e dans plusieurs wilayas du pays, Sonelgaz-Transport de l&#039;\u00e9lectricit\u00e9 et op\u00e9rateur du syst\u00e8me (S-TOS)\" \/>\n\t\t<meta name=\"twitter:image\" content=\"https:\/\/lasentinelle.dz\/wp-content\/uploads\/2021\/09\/cropped-la-sentinelle-earth-golden-anima-5.gif\" \/>\n\t\t<script type=\"application\/ld+json\" class=\"aioseo-schema\">\n\t\t\t{\"@context\":\"https:\\\/\\\/schema.org\",\"@graph\":[{\"@type\":\"BlogPosting\",\"@id\":\"https:\\\/\\\/lasentinelle.dz\\\/index.php\\\/2025\\\/07\\\/08\\\/sonlegaz-un-nouveau-record-de-consommation-electrique\\\/#blogposting\",\"name\":\"Sonlegaz: Un nouveau record de consommation \\u00e9lectrique - La Sentinelle\",\"headline\":\"Sonlegaz: Un nouveau record de consommation \\u00e9lectrique\",\"author\":{\"@id\":\"https:\\\/\\\/lasentinelle.dz\\\/author\\\/admin\\\/#author\"},\"publisher\":{\"@id\":\"https:\\\/\\\/lasentinelle.dz\\\/#organization\"},\"image\":{\"@type\":\"ImageObject\",\"url\":\"https:\\\/\\\/lasentinelle.dz\\\/wp-content\\\/uploads\\\/2023\\\/04\\\/electricite.png\",\"width\":1600,\"height\":900},\"datePublished\":\"2025-07-08T11:43:25+01:00\",\"dateModified\":\"2025-07-08T11:43:26+01:00\",\"inLanguage\":\"fr-FR\",\"mainEntityOfPage\":{\"@id\":\"https:\\\/\\\/lasentinelle.dz\\\/index.php\\\/2025\\\/07\\\/08\\\/sonlegaz-un-nouveau-record-de-consommation-electrique\\\/#webpage\"},\"isPartOf\":{\"@id\":\"https:\\\/\\\/lasentinelle.dz\\\/index.php\\\/2025\\\/07\\\/08\\\/sonlegaz-un-nouveau-record-de-consommation-electrique\\\/#webpage\"},\"articleSection\":\"\\u00c9conomie\"},{\"@type\":\"BreadcrumbList\",\"@id\":\"https:\\\/\\\/lasentinelle.dz\\\/index.php\\\/2025\\\/07\\\/08\\\/sonlegaz-un-nouveau-record-de-consommation-electrique\\\/#breadcrumblist\",\"itemListElement\":[{\"@type\":\"ListItem\",\"@id\":\"https:\\\/\\\/lasentinelle.dz#listItem\",\"position\":1,\"name\":\"Home\",\"item\":\"https:\\\/\\\/lasentinelle.dz\",\"nextItem\":{\"@type\":\"ListItem\",\"@id\":\"https:\\\/\\\/lasentinelle.dz\\\/index.php\\\/category\\\/economie\\\/#listItem\",\"name\":\"\\u00c9conomie\"}},{\"@type\":\"ListItem\",\"@id\":\"https:\\\/\\\/lasentinelle.dz\\\/index.php\\\/category\\\/economie\\\/#listItem\",\"position\":2,\"name\":\"\\u00c9conomie\",\"item\":\"https:\\\/\\\/lasentinelle.dz\\\/index.php\\\/category\\\/economie\\\/\",\"nextItem\":{\"@type\":\"ListItem\",\"@id\":\"https:\\\/\\\/lasentinelle.dz\\\/index.php\\\/2025\\\/07\\\/08\\\/sonlegaz-un-nouveau-record-de-consommation-electrique\\\/#listItem\",\"name\":\"Sonlegaz: Un nouveau record de consommation \\u00e9lectrique\"},\"previousItem\":{\"@type\":\"ListItem\",\"@id\":\"https:\\\/\\\/lasentinelle.dz#listItem\",\"name\":\"Home\"}},{\"@type\":\"ListItem\",\"@id\":\"https:\\\/\\\/lasentinelle.dz\\\/index.php\\\/2025\\\/07\\\/08\\\/sonlegaz-un-nouveau-record-de-consommation-electrique\\\/#listItem\",\"position\":3,\"name\":\"Sonlegaz: Un nouveau record de consommation \\u00e9lectrique\",\"previousItem\":{\"@type\":\"ListItem\",\"@id\":\"https:\\\/\\\/lasentinelle.dz\\\/index.php\\\/category\\\/economie\\\/#listItem\",\"name\":\"\\u00c9conomie\"}}]},{\"@type\":\"Organization\",\"@id\":\"https:\\\/\\\/lasentinelle.dz\\\/#organization\",\"name\":\"La Sentinelle La Sentinelle\",\"description\":\"Quotidien national d'information\",\"url\":\"https:\\\/\\\/lasentinelle.dz\\\/\",\"logo\":{\"@type\":\"ImageObject\",\"url\":\"https:\\\/\\\/lasentinelle.dz\\\/wp-content\\\/uploads\\\/2021\\\/09\\\/cropped-la-sentinelle-earth-golden-anima-5.gif\",\"@id\":\"https:\\\/\\\/lasentinelle.dz\\\/index.php\\\/2025\\\/07\\\/08\\\/sonlegaz-un-nouveau-record-de-consommation-electrique\\\/#organizationLogo\",\"width\":450,\"height\":213},\"image\":{\"@id\":\"https:\\\/\\\/lasentinelle.dz\\\/index.php\\\/2025\\\/07\\\/08\\\/sonlegaz-un-nouveau-record-de-consommation-electrique\\\/#organizationLogo\"},\"sameAs\":[\"https:\\\/\\\/www.facebook.com\\\/azzedine.lasentinelle.1\"]},{\"@type\":\"Person\",\"@id\":\"https:\\\/\\\/lasentinelle.dz\\\/author\\\/admin\\\/#author\",\"url\":\"https:\\\/\\\/lasentinelle.dz\\\/author\\\/admin\\\/\",\"name\":\"admin\",\"image\":{\"@type\":\"ImageObject\",\"@id\":\"https:\\\/\\\/lasentinelle.dz\\\/index.php\\\/2025\\\/07\\\/08\\\/sonlegaz-un-nouveau-record-de-consommation-electrique\\\/#authorImage\",\"url\":\"https:\\\/\\\/secure.gravatar.com\\\/avatar\\\/4c81fed838786e9b53f540bf46533e750f5d292099ae3b66cfc6fb1982e29df7?s=96&d=mm&r=g\",\"width\":96,\"height\":96,\"caption\":\"admin\"}},{\"@type\":\"WebPage\",\"@id\":\"https:\\\/\\\/lasentinelle.dz\\\/index.php\\\/2025\\\/07\\\/08\\\/sonlegaz-un-nouveau-record-de-consommation-electrique\\\/#webpage\",\"url\":\"https:\\\/\\\/lasentinelle.dz\\\/index.php\\\/2025\\\/07\\\/08\\\/sonlegaz-un-nouveau-record-de-consommation-electrique\\\/\",\"name\":\"Sonlegaz: Un nouveau record de consommation \\u00e9lectrique - La Sentinelle\",\"description\":\"La consommation nationale d'\\u00e9lectricit\\u00e9 a enregistr\\u00e9, lundi apr\\u00e8s-midi, un nouveau pic record d\\u00e9passant 19.500 m\\u00e9gawatts, en raison de la vague de chaleur observ\\u00e9e dans plusieurs wilayas du pays, a indiqu\\u00e9 un communiqu\\u00e9 de Sonelgaz. \\\"Suite \\u00e0 la forte vague de chaleur observ\\u00e9e dans plusieurs wilayas du pays, Sonelgaz-Transport de l'\\u00e9lectricit\\u00e9 et op\\u00e9rateur du syst\\u00e8me (S-TOS)\",\"inLanguage\":\"fr-FR\",\"isPartOf\":{\"@id\":\"https:\\\/\\\/lasentinelle.dz\\\/#website\"},\"breadcrumb\":{\"@id\":\"https:\\\/\\\/lasentinelle.dz\\\/index.php\\\/2025\\\/07\\\/08\\\/sonlegaz-un-nouveau-record-de-consommation-electrique\\\/#breadcrumblist\"},\"author\":{\"@id\":\"https:\\\/\\\/lasentinelle.dz\\\/author\\\/admin\\\/#author\"},\"creator\":{\"@id\":\"https:\\\/\\\/lasentinelle.dz\\\/author\\\/admin\\\/#author\"},\"image\":{\"@type\":\"ImageObject\",\"url\":\"https:\\\/\\\/lasentinelle.dz\\\/wp-content\\\/uploads\\\/2023\\\/04\\\/electricite.png\",\"@id\":\"https:\\\/\\\/lasentinelle.dz\\\/index.php\\\/2025\\\/07\\\/08\\\/sonlegaz-un-nouveau-record-de-consommation-electrique\\\/#mainImage\",\"width\":1600,\"height\":900},\"primaryImageOfPage\":{\"@id\":\"https:\\\/\\\/lasentinelle.dz\\\/index.php\\\/2025\\\/07\\\/08\\\/sonlegaz-un-nouveau-record-de-consommation-electrique\\\/#mainImage\"},\"datePublished\":\"2025-07-08T11:43:25+01:00\",\"dateModified\":\"2025-07-08T11:43:26+01:00\"},{\"@type\":\"WebSite\",\"@id\":\"https:\\\/\\\/lasentinelle.dz\\\/#website\",\"url\":\"https:\\\/\\\/lasentinelle.dz\\\/\",\"name\":\"La Sentinelle\",\"description\":\"Quotidien national d'information\",\"inLanguage\":\"fr-FR\",\"publisher\":{\"@id\":\"https:\\\/\\\/lasentinelle.dz\\\/#organization\"}}]}\n\t\t<\/script>\n\t\t<!-- All in One SEO -->\n\n","aioseo_head_json":{"title":"Sonlegaz: Un nouveau record de consommation \u00e9lectrique - La Sentinelle","description":"La consommation nationale d'\u00e9lectricit\u00e9 a enregistr\u00e9, lundi apr\u00e8s-midi, un nouveau pic record d\u00e9passant 19.500 m\u00e9gawatts, en raison de la vague de chaleur observ\u00e9e dans plusieurs wilayas du pays, a indiqu\u00e9 un communiqu\u00e9 de Sonelgaz. \"Suite \u00e0 la forte vague de chaleur observ\u00e9e dans plusieurs wilayas du pays, Sonelgaz-Transport de l'\u00e9lectricit\u00e9 et op\u00e9rateur du syst\u00e8me (S-TOS)","canonical_url":"https:\/\/lasentinelle.dz\/index.php\/2025\/07\/08\/sonlegaz-un-nouveau-record-de-consommation-electrique\/","robots":"max-image-preview:large","keywords":"","webmasterTools":{"miscellaneous":""},"schema":{"@context":"https:\/\/schema.org","@graph":[{"@type":"BlogPosting","@id":"https:\/\/lasentinelle.dz\/index.php\/2025\/07\/08\/sonlegaz-un-nouveau-record-de-consommation-electrique\/#blogposting","name":"Sonlegaz: Un nouveau record de consommation \u00e9lectrique - La Sentinelle","headline":"Sonlegaz: Un nouveau record de consommation \u00e9lectrique","author":{"@id":"https:\/\/lasentinelle.dz\/author\/admin\/#author"},"publisher":{"@id":"https:\/\/lasentinelle.dz\/#organization"},"image":{"@type":"ImageObject","url":"https:\/\/lasentinelle.dz\/wp-content\/uploads\/2023\/04\/electricite.png","width":1600,"height":900},"datePublished":"2025-07-08T11:43:25+01:00","dateModified":"2025-07-08T11:43:26+01:00","inLanguage":"fr-FR","mainEntityOfPage":{"@id":"https:\/\/lasentinelle.dz\/index.php\/2025\/07\/08\/sonlegaz-un-nouveau-record-de-consommation-electrique\/#webpage"},"isPartOf":{"@id":"https:\/\/lasentinelle.dz\/index.php\/2025\/07\/08\/sonlegaz-un-nouveau-record-de-consommation-electrique\/#webpage"},"articleSection":"\u00c9conomie"},{"@type":"BreadcrumbList","@id":"https:\/\/lasentinelle.dz\/index.php\/2025\/07\/08\/sonlegaz-un-nouveau-record-de-consommation-electrique\/#breadcrumblist","itemListElement":[{"@type":"ListItem","@id":"https:\/\/lasentinelle.dz#listItem","position":1,"name":"Home","item":"https:\/\/lasentinelle.dz","nextItem":{"@type":"ListItem","@id":"https:\/\/lasentinelle.dz\/index.php\/category\/economie\/#listItem","name":"\u00c9conomie"}},{"@type":"ListItem","@id":"https:\/\/lasentinelle.dz\/index.php\/category\/economie\/#listItem","position":2,"name":"\u00c9conomie","item":"https:\/\/lasentinelle.dz\/index.php\/category\/economie\/","nextItem":{"@type":"ListItem","@id":"https:\/\/lasentinelle.dz\/index.php\/2025\/07\/08\/sonlegaz-un-nouveau-record-de-consommation-electrique\/#listItem","name":"Sonlegaz: Un nouveau record de consommation \u00e9lectrique"},"previousItem":{"@type":"ListItem","@id":"https:\/\/lasentinelle.dz#listItem","name":"Home"}},{"@type":"ListItem","@id":"https:\/\/lasentinelle.dz\/index.php\/2025\/07\/08\/sonlegaz-un-nouveau-record-de-consommation-electrique\/#listItem","position":3,"name":"Sonlegaz: Un nouveau record de consommation \u00e9lectrique","previousItem":{"@type":"ListItem","@id":"https:\/\/lasentinelle.dz\/index.php\/category\/economie\/#listItem","name":"\u00c9conomie"}}]},{"@type":"Organization","@id":"https:\/\/lasentinelle.dz\/#organization","name":"La Sentinelle La Sentinelle","description":"Quotidien national d'information","url":"https:\/\/lasentinelle.dz\/","logo":{"@type":"ImageObject","url":"https:\/\/lasentinelle.dz\/wp-content\/uploads\/2021\/09\/cropped-la-sentinelle-earth-golden-anima-5.gif","@id":"https:\/\/lasentinelle.dz\/index.php\/2025\/07\/08\/sonlegaz-un-nouveau-record-de-consommation-electrique\/#organizationLogo","width":450,"height":213},"image":{"@id":"https:\/\/lasentinelle.dz\/index.php\/2025\/07\/08\/sonlegaz-un-nouveau-record-de-consommation-electrique\/#organizationLogo"},"sameAs":["https:\/\/www.facebook.com\/azzedine.lasentinelle.1"]},{"@type":"Person","@id":"https:\/\/lasentinelle.dz\/author\/admin\/#author","url":"https:\/\/lasentinelle.dz\/author\/admin\/","name":"admin","image":{"@type":"ImageObject","@id":"https:\/\/lasentinelle.dz\/index.php\/2025\/07\/08\/sonlegaz-un-nouveau-record-de-consommation-electrique\/#authorImage","url":"https:\/\/secure.gravatar.com\/avatar\/4c81fed838786e9b53f540bf46533e750f5d292099ae3b66cfc6fb1982e29df7?s=96&d=mm&r=g","width":96,"height":96,"caption":"admin"}},{"@type":"WebPage","@id":"https:\/\/lasentinelle.dz\/index.php\/2025\/07\/08\/sonlegaz-un-nouveau-record-de-consommation-electrique\/#webpage","url":"https:\/\/lasentinelle.dz\/index.php\/2025\/07\/08\/sonlegaz-un-nouveau-record-de-consommation-electrique\/","name":"Sonlegaz: Un nouveau record de consommation \u00e9lectrique - La Sentinelle","description":"La consommation nationale d'\u00e9lectricit\u00e9 a enregistr\u00e9, lundi apr\u00e8s-midi, un nouveau pic record d\u00e9passant 19.500 m\u00e9gawatts, en raison de la vague de chaleur observ\u00e9e dans plusieurs wilayas du pays, a indiqu\u00e9 un communiqu\u00e9 de Sonelgaz. \"Suite \u00e0 la forte vague de chaleur observ\u00e9e dans plusieurs wilayas du pays, Sonelgaz-Transport de l'\u00e9lectricit\u00e9 et op\u00e9rateur du syst\u00e8me (S-TOS)","inLanguage":"fr-FR","isPartOf":{"@id":"https:\/\/lasentinelle.dz\/#website"},"breadcrumb":{"@id":"https:\/\/lasentinelle.dz\/index.php\/2025\/07\/08\/sonlegaz-un-nouveau-record-de-consommation-electrique\/#breadcrumblist"},"author":{"@id":"https:\/\/lasentinelle.dz\/author\/admin\/#author"},"creator":{"@id":"https:\/\/lasentinelle.dz\/author\/admin\/#author"},"image":{"@type":"ImageObject","url":"https:\/\/lasentinelle.dz\/wp-content\/uploads\/2023\/04\/electricite.png","@id":"https:\/\/lasentinelle.dz\/index.php\/2025\/07\/08\/sonlegaz-un-nouveau-record-de-consommation-electrique\/#mainImage","width":1600,"height":900},"primaryImageOfPage":{"@id":"https:\/\/lasentinelle.dz\/index.php\/2025\/07\/08\/sonlegaz-un-nouveau-record-de-consommation-electrique\/#mainImage"},"datePublished":"2025-07-08T11:43:25+01:00","dateModified":"2025-07-08T11:43:26+01:00"},{"@type":"WebSite","@id":"https:\/\/lasentinelle.dz\/#website","url":"https:\/\/lasentinelle.dz\/","name":"La Sentinelle","description":"Quotidien national d'information","inLanguage":"fr-FR","publisher":{"@id":"https:\/\/lasentinelle.dz\/#organization"}}]},"og:locale":"fr_FR","og:site_name":"La Sentinelle - Quotidien national d'information","og:type":"article","og:title":"Sonlegaz: Un nouveau record de consommation \u00e9lectrique - La Sentinelle","og:description":"La consommation nationale d'\u00e9lectricit\u00e9 a enregistr\u00e9, lundi apr\u00e8s-midi, un nouveau pic record d\u00e9passant 19.500 m\u00e9gawatts, en raison de la vague de chaleur observ\u00e9e dans plusieurs wilayas du pays, a indiqu\u00e9 un communiqu\u00e9 de Sonelgaz. &quot;Suite \u00e0 la forte vague de chaleur observ\u00e9e dans plusieurs wilayas du pays, Sonelgaz-Transport de l'\u00e9lectricit\u00e9 et op\u00e9rateur du syst\u00e8me (S-TOS)","og:url":"https:\/\/lasentinelle.dz\/index.php\/2025\/07\/08\/sonlegaz-un-nouveau-record-de-consommation-electrique\/","og:image":"https:\/\/lasentinelle.dz\/wp-content\/uploads\/2021\/09\/cropped-la-sentinelle-earth-golden-anima-5.gif","og:image:secure_url":"https:\/\/lasentinelle.dz\/wp-content\/uploads\/2021\/09\/cropped-la-sentinelle-earth-golden-anima-5.gif","og:image:width":450,"og:image:height":213,"article:published_time":"2025-07-08T10:43:25+00:00","article:modified_time":"2025-07-08T10:43:26+00:00","article:publisher":"https:\/\/www.facebook.com\/azzedine.lasentinelle.1","twitter:card":"summary_large_image","twitter:title":"Sonlegaz: Un nouveau record de consommation \u00e9lectrique - La Sentinelle","twitter:description":"La consommation nationale d'\u00e9lectricit\u00e9 a enregistr\u00e9, lundi apr\u00e8s-midi, un nouveau pic record d\u00e9passant 19.500 m\u00e9gawatts, en raison de la vague de chaleur observ\u00e9e dans plusieurs wilayas du pays, a indiqu\u00e9 un communiqu\u00e9 de Sonelgaz. &quot;Suite \u00e0 la forte vague de chaleur observ\u00e9e dans plusieurs wilayas du pays, Sonelgaz-Transport de l'\u00e9lectricit\u00e9 et op\u00e9rateur du syst\u00e8me (S-TOS)","twitter:image":"https:\/\/lasentinelle.dz\/wp-content\/uploads\/2021\/09\/cropped-la-sentinelle-earth-golden-anima-5.gif"},"aioseo_meta_data":{"post_id":"70012","title":null,"description":null,"keywords":null,"keyphrases":null,"primary_term":null,"canonical_url":null,"og_title":null,"og_description":null,"og_object_type":"default","og_image_type":"default","og_image_url":null,"og_image_width":null,"og_image_height":null,"og_image_custom_url":null,"og_image_custom_fields":null,"og_video":null,"og_custom_url":null,"og_article_section":null,"og_article_tags":null,"twitter_use_og":false,"twitter_card":"default","twitter_image_type":"default","twitter_image_url":null,"twitter_image_custom_url":null,"twitter_image_custom_fields":null,"twitter_title":null,"twitter_description":null,"schema":{"blockGraphs":[],"customGraphs":[],"default":{"data":{"Article":[],"Course":[],"Dataset":[],"FAQPage":[],"Movie":[],"Person":[],"Product":[],"ProductReview":[],"Car":[],"Recipe":[],"Service":[],"SoftwareApplication":[],"WebPage":[]},"graphName":"","isEnabled":true},"graphs":[]},"schema_type":"default","schema_type_options":null,"pillar_content":false,"robots_default":true,"robots_noindex":false,"robots_noarchive":false,"robots_nosnippet":false,"robots_nofollow":false,"robots_noimageindex":false,"robots_noodp":false,"robots_notranslate":false,"robots_max_snippet":null,"robots_max_videopreview":null,"robots_max_imagepreview":"large","priority":null,"frequency":null,"local_seo":null,"breadcrumb_settings":null,"limit_modified_date":false,"ai":null,"created":"2026-05-12 06:34:14","updated":"2026-05-12 06:34:14","focus_keyword":null,"additional_keywords":null,"truseo_locale":null,"seo_analyzer_scan_date":null},"aioseo_breadcrumb":"<div class=\"aioseo-breadcrumbs\"><span class=\"aioseo-breadcrumb\">\n\t\t\t<a href=\"https:\/\/lasentinelle.dz\" title=\"Home\">Home<\/a>\n\t\t<\/span><span class=\"aioseo-breadcrumb-separator\">&raquo;<\/span><span class=\"aioseo-breadcrumb\">\n\t\t\t<a href=\"https:\/\/lasentinelle.dz\/index.php\/category\/economie\/\" title=\"\u00c9conomie\">\u00c9conomie<\/a>\n\t\t<\/span><span class=\"aioseo-breadcrumb-separator\">&raquo;<\/span><span class=\"aioseo-breadcrumb\">\n\t\t\tSonlegaz: Un nouveau record de consommation \u00e9lectrique\n\t\t<\/span><\/div>","aioseo_breadcrumb_json":[{"label":"Home","link":"https:\/\/lasentinelle.dz"},{"label":"\u00c9conomie","link":"https:\/\/lasentinelle.dz\/index.php\/category\/economie\/"},{"label":"Sonlegaz: Un nouveau record de consommation \u00e9lectrique","link":"https:\/\/lasentinelle.dz\/index.php\/2025\/07\/08\/sonlegaz-un-nouveau-record-de-consommation-electrique\/"}],"yoast_head":"<!-- This site is optimized with the Yoast SEO plugin v28.3 - https:\/\/yoast.com\/product\/yoast-seo-wordpress\/ -->\n<title>Sonlegaz: Un nouveau record de consommation \u00e9lectrique - La Sentinelle<\/title>\n<meta name=\"robots\" content=\"index, follow, max-snippet:-1, max-image-preview:large, max-video-preview:-1\" \/>\n<link rel=\"canonical\" href=\"https:\/\/lasentinelle.dz\/index.php\/2025\/07\/08\/sonlegaz-un-nouveau-record-de-consommation-electrique\/\" \/>\n<meta property=\"og:locale\" content=\"fr_FR\" \/>\n<meta property=\"og:type\" content=\"article\" \/>\n<meta property=\"og:title\" content=\"Sonlegaz: Un nouveau record de consommation \u00e9lectrique - La Sentinelle\" \/>\n<meta property=\"og:description\" content=\"La consommation nationale d&rsquo;\u00e9lectricit\u00e9 a enregistr\u00e9, lundi apr\u00e8s-midi, un nouveau pic record d\u00e9passant 19.500 m\u00e9gawatts, en raison de la vague\" \/>\n<meta property=\"og:url\" content=\"https:\/\/lasentinelle.dz\/index.php\/2025\/07\/08\/sonlegaz-un-nouveau-record-de-consommation-electrique\/\" \/>\n<meta property=\"og:site_name\" content=\"La Sentinelle\" \/>\n<meta property=\"article:publisher\" content=\"https:\/\/www.facebook.com\/La-Sentinelle-104059864394773\" \/>\n<meta property=\"article:published_time\" content=\"2025-07-08T10:43:25+00:00\" \/>\n<meta property=\"article:modified_time\" content=\"2025-07-08T10:43:26+00:00\" \/>\n<meta property=\"og:image\" content=\"https:\/\/lasentinelle.dz\/wp-content\/uploads\/2023\/04\/electricite.png\" \/>\n\t<meta property=\"og:image:width\" content=\"1600\" \/>\n\t<meta property=\"og:image:height\" content=\"900\" \/>\n\t<meta property=\"og:image:type\" content=\"image\/png\" \/>\n<meta name=\"author\" content=\"admin\" \/>\n<meta name=\"twitter:card\" content=\"summary_large_image\" \/>\n<meta name=\"twitter:label1\" content=\"\u00c9crit par\" \/>\n\t<meta name=\"twitter:data1\" content=\"admin\" \/>\n\t<meta name=\"twitter:label2\" content=\"Dur\u00e9e de lecture estim\u00e9e\" \/>\n\t<meta name=\"twitter:data2\" content=\"1 minute\" \/>\n<script type=\"application\/ld+json\" class=\"yoast-schema-graph\">{\"@context\":\"https:\\\/\\\/schema.org\",\"@graph\":[{\"@type\":\"Article\",\"@id\":\"https:\\\/\\\/lasentinelle.dz\\\/index.php\\\/2025\\\/07\\\/08\\\/sonlegaz-un-nouveau-record-de-consommation-electrique\\\/#article\",\"isPartOf\":{\"@id\":\"https:\\\/\\\/lasentinelle.dz\\\/index.php\\\/2025\\\/07\\\/08\\\/sonlegaz-un-nouveau-record-de-consommation-electrique\\\/\"},\"author\":{\"name\":\"admin\",\"@id\":\"https:\\\/\\\/lasentinelle.dz\\\/#\\\/schema\\\/person\\\/729ee0024f24e0b8c5ec17232f8e8b41\"},\"headline\":\"Sonlegaz: Un nouveau record de consommation \u00e9lectrique\",\"datePublished\":\"2025-07-08T10:43:25+00:00\",\"dateModified\":\"2025-07-08T10:43:26+00:00\",\"mainEntityOfPage\":{\"@id\":\"https:\\\/\\\/lasentinelle.dz\\\/index.php\\\/2025\\\/07\\\/08\\\/sonlegaz-un-nouveau-record-de-consommation-electrique\\\/\"},\"wordCount\":124,\"commentCount\":0,\"publisher\":{\"@id\":\"https:\\\/\\\/lasentinelle.dz\\\/#organization\"},\"image\":{\"@id\":\"https:\\\/\\\/lasentinelle.dz\\\/index.php\\\/2025\\\/07\\\/08\\\/sonlegaz-un-nouveau-record-de-consommation-electrique\\\/#primaryimage\"},\"thumbnailUrl\":\"https:\\\/\\\/lasentinelle.dz\\\/wp-content\\\/uploads\\\/2023\\\/04\\\/electricite.png\",\"articleSection\":[\"\u00c9conomie\"],\"inLanguage\":\"fr-FR\",\"potentialAction\":[{\"@type\":\"CommentAction\",\"name\":\"Comment\",\"target\":[\"https:\\\/\\\/lasentinelle.dz\\\/index.php\\\/2025\\\/07\\\/08\\\/sonlegaz-un-nouveau-record-de-consommation-electrique\\\/#respond\"]}]},{\"@type\":\"WebPage\",\"@id\":\"https:\\\/\\\/lasentinelle.dz\\\/index.php\\\/2025\\\/07\\\/08\\\/sonlegaz-un-nouveau-record-de-consommation-electrique\\\/\",\"url\":\"https:\\\/\\\/lasentinelle.dz\\\/index.php\\\/2025\\\/07\\\/08\\\/sonlegaz-un-nouveau-record-de-consommation-electrique\\\/\",\"name\":\"Sonlegaz: Un nouveau record de consommation \u00e9lectrique - La Sentinelle\",\"isPartOf\":{\"@id\":\"https:\\\/\\\/lasentinelle.dz\\\/#website\"},\"primaryImageOfPage\":{\"@id\":\"https:\\\/\\\/lasentinelle.dz\\\/index.php\\\/2025\\\/07\\\/08\\\/sonlegaz-un-nouveau-record-de-consommation-electrique\\\/#primaryimage\"},\"image\":{\"@id\":\"https:\\\/\\\/lasentinelle.dz\\\/index.php\\\/2025\\\/07\\\/08\\\/sonlegaz-un-nouveau-record-de-consommation-electrique\\\/#primaryimage\"},\"thumbnailUrl\":\"https:\\\/\\\/lasentinelle.dz\\\/wp-content\\\/uploads\\\/2023\\\/04\\\/electricite.png\",\"datePublished\":\"2025-07-08T10:43:25+00:00\",\"dateModified\":\"2025-07-08T10:43:26+00:00\",\"breadcrumb\":{\"@id\":\"https:\\\/\\\/lasentinelle.dz\\\/index.php\\\/2025\\\/07\\\/08\\\/sonlegaz-un-nouveau-record-de-consommation-electrique\\\/#breadcrumb\"},\"inLanguage\":\"fr-FR\",\"potentialAction\":[{\"@type\":\"ReadAction\",\"target\":[\"https:\\\/\\\/lasentinelle.dz\\\/index.php\\\/2025\\\/07\\\/08\\\/sonlegaz-un-nouveau-record-de-consommation-electrique\\\/\"]}]},{\"@type\":\"ImageObject\",\"inLanguage\":\"fr-FR\",\"@id\":\"https:\\\/\\\/lasentinelle.dz\\\/index.php\\\/2025\\\/07\\\/08\\\/sonlegaz-un-nouveau-record-de-consommation-electrique\\\/#primaryimage\",\"url\":\"https:\\\/\\\/lasentinelle.dz\\\/wp-content\\\/uploads\\\/2023\\\/04\\\/electricite.png\",\"contentUrl\":\"https:\\\/\\\/lasentinelle.dz\\\/wp-content\\\/uploads\\\/2023\\\/04\\\/electricite.png\",\"width\":1600,\"height\":900},{\"@type\":\"BreadcrumbList\",\"@id\":\"https:\\\/\\\/lasentinelle.dz\\\/index.php\\\/2025\\\/07\\\/08\\\/sonlegaz-un-nouveau-record-de-consommation-electrique\\\/#breadcrumb\",\"itemListElement\":[{\"@type\":\"ListItem\",\"position\":1,\"name\":\"Accueil\",\"item\":\"https:\\\/\\\/lasentinelle.dz\\\/\"},{\"@type\":\"ListItem\",\"position\":2,\"name\":\"Sonlegaz: Un nouveau record de consommation \u00e9lectrique\"}]},{\"@type\":\"WebSite\",\"@id\":\"https:\\\/\\\/lasentinelle.dz\\\/#website\",\"url\":\"https:\\\/\\\/lasentinelle.dz\\\/\",\"name\":\"La Sentinelle\",\"description\":\"Quotidien national d&#039;information\",\"publisher\":{\"@id\":\"https:\\\/\\\/lasentinelle.dz\\\/#organization\"},\"potentialAction\":[{\"@type\":\"SearchAction\",\"target\":{\"@type\":\"EntryPoint\",\"urlTemplate\":\"https:\\\/\\\/lasentinelle.dz\\\/?s={search_term_string}\"},\"query-input\":{\"@type\":\"PropertyValueSpecification\",\"valueRequired\":true,\"valueName\":\"search_term_string\"}}],\"inLanguage\":\"fr-FR\"},{\"@type\":\"Organization\",\"@id\":\"https:\\\/\\\/lasentinelle.dz\\\/#organization\",\"name\":\"Quotidien La Sentinelle\",\"url\":\"https:\\\/\\\/lasentinelle.dz\\\/\",\"logo\":{\"@type\":\"ImageObject\",\"inLanguage\":\"fr-FR\",\"@id\":\"https:\\\/\\\/lasentinelle.dz\\\/#\\\/schema\\\/logo\\\/image\\\/\",\"url\":\"https:\\\/\\\/lasentinelle.dz\\\/wp-content\\\/uploads\\\/2021\\\/09\\\/logo-sentinelleSLOGAN-1.png\",\"contentUrl\":\"https:\\\/\\\/lasentinelle.dz\\\/wp-content\\\/uploads\\\/2021\\\/09\\\/logo-sentinelleSLOGAN-1.png\",\"width\":615,\"height\":142,\"caption\":\"Quotidien La Sentinelle\"},\"image\":{\"@id\":\"https:\\\/\\\/lasentinelle.dz\\\/#\\\/schema\\\/logo\\\/image\\\/\"},\"sameAs\":[\"https:\\\/\\\/www.facebook.com\\\/La-Sentinelle-104059864394773\"]},{\"@type\":\"Person\",\"@id\":\"https:\\\/\\\/lasentinelle.dz\\\/#\\\/schema\\\/person\\\/729ee0024f24e0b8c5ec17232f8e8b41\",\"name\":\"admin\",\"image\":{\"@type\":\"ImageObject\",\"inLanguage\":\"fr-FR\",\"@id\":\"https:\\\/\\\/secure.gravatar.com\\\/avatar\\\/4c81fed838786e9b53f540bf46533e750f5d292099ae3b66cfc6fb1982e29df7?s=96&d=mm&r=g\",\"url\":\"https:\\\/\\\/secure.gravatar.com\\\/avatar\\\/4c81fed838786e9b53f540bf46533e750f5d292099ae3b66cfc6fb1982e29df7?s=96&d=mm&r=g\",\"contentUrl\":\"https:\\\/\\\/secure.gravatar.com\\\/avatar\\\/4c81fed838786e9b53f540bf46533e750f5d292099ae3b66cfc6fb1982e29df7?s=96&d=mm&r=g\",\"caption\":\"admin\"},\"description\":\"admin\",\"url\":\"https:\\\/\\\/lasentinelle.dz\\\/author\\\/admin\\\/\"}]}<\/script>\n<!-- \/ Yoast SEO plugin. -->","yoast_head_json":{"title":"Sonlegaz: Un nouveau record de consommation \u00e9lectrique - La Sentinelle","robots":{"index":"index","follow":"follow","max-snippet":"max-snippet:-1","max-image-preview":"max-image-preview:large","max-video-preview":"max-video-preview:-1"},"canonical":"https:\/\/lasentinelle.dz\/index.php\/2025\/07\/08\/sonlegaz-un-nouveau-record-de-consommation-electrique\/","og_locale":"fr_FR","og_type":"article","og_title":"Sonlegaz: Un nouveau record de consommation \u00e9lectrique - La Sentinelle","og_description":"La consommation nationale d&rsquo;\u00e9lectricit\u00e9 a enregistr\u00e9, lundi apr\u00e8s-midi, un nouveau pic record d\u00e9passant 19.500 m\u00e9gawatts, en raison de la vague","og_url":"https:\/\/lasentinelle.dz\/index.php\/2025\/07\/08\/sonlegaz-un-nouveau-record-de-consommation-electrique\/","og_site_name":"La Sentinelle","article_publisher":"https:\/\/www.facebook.com\/La-Sentinelle-104059864394773","article_published_time":"2025-07-08T10:43:25+00:00","article_modified_time":"2025-07-08T10:43:26+00:00","og_image":[{"width":1600,"height":900,"url":"https:\/\/lasentinelle.dz\/wp-content\/uploads\/2023\/04\/electricite.png","type":"image\/png"}],"author":"admin","twitter_card":"summary_large_image","twitter_misc":{"\u00c9crit par":"admin","Dur\u00e9e de lecture estim\u00e9e":"1 minute"},"schema":{"@context":"https:\/\/schema.org","@graph":[{"@type":"Article","@id":"https:\/\/lasentinelle.dz\/index.php\/2025\/07\/08\/sonlegaz-un-nouveau-record-de-consommation-electrique\/#article","isPartOf":{"@id":"https:\/\/lasentinelle.dz\/index.php\/2025\/07\/08\/sonlegaz-un-nouveau-record-de-consommation-electrique\/"},"author":{"name":"admin","@id":"https:\/\/lasentinelle.dz\/#\/schema\/person\/729ee0024f24e0b8c5ec17232f8e8b41"},"headline":"Sonlegaz: Un nouveau record de consommation \u00e9lectrique","datePublished":"2025-07-08T10:43:25+00:00","dateModified":"2025-07-08T10:43:26+00:00","mainEntityOfPage":{"@id":"https:\/\/lasentinelle.dz\/index.php\/2025\/07\/08\/sonlegaz-un-nouveau-record-de-consommation-electrique\/"},"wordCount":124,"commentCount":0,"publisher":{"@id":"https:\/\/lasentinelle.dz\/#organization"},"image":{"@id":"https:\/\/lasentinelle.dz\/index.php\/2025\/07\/08\/sonlegaz-un-nouveau-record-de-consommation-electrique\/#primaryimage"},"thumbnailUrl":"https:\/\/lasentinelle.dz\/wp-content\/uploads\/2023\/04\/electricite.png","articleSection":["\u00c9conomie"],"inLanguage":"fr-FR","potentialAction":[{"@type":"CommentAction","name":"Comment","target":["https:\/\/lasentinelle.dz\/index.php\/2025\/07\/08\/sonlegaz-un-nouveau-record-de-consommation-electrique\/#respond"]}]},{"@type":"WebPage","@id":"https:\/\/lasentinelle.dz\/index.php\/2025\/07\/08\/sonlegaz-un-nouveau-record-de-consommation-electrique\/","url":"https:\/\/lasentinelle.dz\/index.php\/2025\/07\/08\/sonlegaz-un-nouveau-record-de-consommation-electrique\/","name":"Sonlegaz: Un nouveau record de consommation \u00e9lectrique - La Sentinelle","isPartOf":{"@id":"https:\/\/lasentinelle.dz\/#website"},"primaryImageOfPage":{"@id":"https:\/\/lasentinelle.dz\/index.php\/2025\/07\/08\/sonlegaz-un-nouveau-record-de-consommation-electrique\/#primaryimage"},"image":{"@id":"https:\/\/lasentinelle.dz\/index.php\/2025\/07\/08\/sonlegaz-un-nouveau-record-de-consommation-electrique\/#primaryimage"},"thumbnailUrl":"https:\/\/lasentinelle.dz\/wp-content\/uploads\/2023\/04\/electricite.png","datePublished":"2025-07-08T10:43:25+00:00","dateModified":"2025-07-08T10:43:26+00:00","breadcrumb":{"@id":"https:\/\/lasentinelle.dz\/index.php\/2025\/07\/08\/sonlegaz-un-nouveau-record-de-consommation-electrique\/#breadcrumb"},"inLanguage":"fr-FR","potentialAction":[{"@type":"ReadAction","target":["https:\/\/lasentinelle.dz\/index.php\/2025\/07\/08\/sonlegaz-un-nouveau-record-de-consommation-electrique\/"]}]},{"@type":"ImageObject","inLanguage":"fr-FR","@id":"https:\/\/lasentinelle.dz\/index.php\/2025\/07\/08\/sonlegaz-un-nouveau-record-de-consommation-electrique\/#primaryimage","url":"https:\/\/lasentinelle.dz\/wp-content\/uploads\/2023\/04\/electricite.png","contentUrl":"https:\/\/lasentinelle.dz\/wp-content\/uploads\/2023\/04\/electricite.png","width":1600,"height":900},{"@type":"BreadcrumbList","@id":"https:\/\/lasentinelle.dz\/index.php\/2025\/07\/08\/sonlegaz-un-nouveau-record-de-consommation-electrique\/#breadcrumb","itemListElement":[{"@type":"ListItem","position":1,"name":"Accueil","item":"https:\/\/lasentinelle.dz\/"},{"@type":"ListItem","position":2,"name":"Sonlegaz: Un nouveau record de consommation \u00e9lectrique"}]},{"@type":"WebSite","@id":"https:\/\/lasentinelle.dz\/#website","url":"https:\/\/lasentinelle.dz\/","name":"La Sentinelle","description":"Quotidien national d&#039;information","publisher":{"@id":"https:\/\/lasentinelle.dz\/#organization"},"potentialAction":[{"@type":"SearchAction","target":{"@type":"EntryPoint","urlTemplate":"https:\/\/lasentinelle.dz\/?s={search_term_string}"},"query-input":{"@type":"PropertyValueSpecification","valueRequired":true,"valueName":"search_term_string"}}],"inLanguage":"fr-FR"},{"@type":"Organization","@id":"https:\/\/lasentinelle.dz\/#organization","name":"Quotidien La Sentinelle","url":"https:\/\/lasentinelle.dz\/","logo":{"@type":"ImageObject","inLanguage":"fr-FR","@id":"https:\/\/lasentinelle.dz\/#\/schema\/logo\/image\/","url":"https:\/\/lasentinelle.dz\/wp-content\/uploads\/2021\/09\/logo-sentinelleSLOGAN-1.png","contentUrl":"https:\/\/lasentinelle.dz\/wp-content\/uploads\/2021\/09\/logo-sentinelleSLOGAN-1.png","width":615,"height":142,"caption":"Quotidien La Sentinelle"},"image":{"@id":"https:\/\/lasentinelle.dz\/#\/schema\/logo\/image\/"},"sameAs":["https:\/\/www.facebook.com\/La-Sentinelle-104059864394773"]},{"@type":"Person","@id":"https:\/\/lasentinelle.dz\/#\/schema\/person\/729ee0024f24e0b8c5ec17232f8e8b41","name":"admin","image":{"@type":"ImageObject","inLanguage":"fr-FR","@id":"https:\/\/secure.gravatar.com\/avatar\/4c81fed838786e9b53f540bf46533e750f5d292099ae3b66cfc6fb1982e29df7?s=96&d=mm&r=g","url":"https:\/\/secure.gravatar.com\/avatar\/4c81fed838786e9b53f540bf46533e750f5d292099ae3b66cfc6fb1982e29df7?s=96&d=mm&r=g","contentUrl":"https:\/\/secure.gravatar.com\/avatar\/4c81fed838786e9b53f540bf46533e750f5d292099ae3b66cfc6fb1982e29df7?s=96&d=mm&r=g","caption":"admin"},"description":"admin","url":"https:\/\/lasentinelle.dz\/author\/admin\/"}]}},"_links":{"self":[{"href":"https:\/\/lasentinelle.dz\/index.php\/wp-json\/wp\/v2\/posts\/70012","targetHints":{"allow":["GET"]}}],"collection":[{"href":"https:\/\/lasentinelle.dz\/index.php\/wp-json\/wp\/v2\/posts"}],"about":[{"href":"https:\/\/lasentinelle.dz\/index.php\/wp-json\/wp\/v2\/types\/post"}],"author":[{"embeddable":true,"href":"https:\/\/lasentinelle.dz\/index.php\/wp-json\/wp\/v2\/users\/6"}],"replies":[{"embeddable":true,"href":"https:\/\/lasentinelle.dz\/index.php\/wp-json\/wp\/v2\/comments?post=70012"}],"version-history":[{"count":1,"href":"https:\/\/lasentinelle.dz\/index.php\/wp-json\/wp\/v2\/posts\/70012\/revisions"}],"predecessor-version":[{"id":70013,"href":"https:\/\/lasentinelle.dz\/index.php\/wp-json\/wp\/v2\/posts\/70012\/revisions\/70013"}],"wp:featuredmedia":[{"embeddable":true,"href":"https:\/\/lasentinelle.dz\/index.php\/wp-json\/wp\/v2\/media\/39460"}],"wp:attachment":[{"href":"https:\/\/lasentinelle.dz\/index.php\/wp-json\/wp\/v2\/media?parent=70012"}],"wp:term":[{"taxonomy":"category","embeddable":true,"href":"https:\/\/lasentinelle.dz\/index.php\/wp-json\/wp\/v2\/categories?post=70012"},{"taxonomy":"post_tag","embeddable":true,"href":"https:\/\/lasentinelle.dz\/index.php\/wp-json\/wp\/v2\/tags?post=70012"}],"curies":[{"name":"wp","href":"https:\/\/api.w.org\/{rel}","templated":true}]}}