{"id":70205,"date":"2025-07-12T21:07:22","date_gmt":"2025-07-12T20:07:22","guid":{"rendered":"https:\/\/lasentinelle.dz\/?p=70205"},"modified":"2025-07-12T21:07:23","modified_gmt":"2025-07-12T20:07:23","slug":"usm-alger-le-stage-dintersaison-en-italie-ou-en-slovenie","status":"publish","type":"post","link":"https:\/\/lasentinelle.dz\/index.php\/2025\/07\/12\/usm-alger-le-stage-dintersaison-en-italie-ou-en-slovenie\/","title":{"rendered":"USM Alger: \u00ab\u00a0Le stage d&rsquo;intersaison en Italie ou en Slov\u00e9nie\u00a0\u00bb"},"content":{"rendered":"\n<p class=\"wp-block-paragraph\">L&rsquo;USM Alger (Ligue 1 Mobilis de football) pr\u00e9voit d&rsquo;effectuer son stage d&rsquo;intersaison en Italie ou en Slov\u00e9nie, a annonc\u00e9 jeudi soir le manager g\u00e9n\u00e9ral du club, Hamza A\u00eft Ouamar. \u00ab\u00a0Nous \u00e9tudions actuellement deux options : l&rsquo;Italie ou la Slov\u00e9nie, tout en prenant en consid\u00e9ration le choix le plus simple et appropri\u00e9 pour l&rsquo;\u00e9quipe. Quant \u00e0 la reprise des entra\u00eenements, elle est pr\u00e9vue dans dix \u00e0 onze jours\u00a0\u00bb, a pr\u00e9cis\u00e9 le dirigeant usmiste aux m\u00e9dias. Hamza A\u00eft Ouamar s&rsquo;exprimait en marge d&rsquo;un d\u00eener organis\u00e9 par le ministre des Transports, M. Sa\u00efd Sayoud, en l&rsquo;honneur des \u00ab\u00a0Rouge et Noir\u00a0\u00bb, fra\u00eechement sacr\u00e9s en Coupe d&rsquo;Alg\u00e9rie, aux d\u00e9pens du CR Belouizdad (2-0), en finale disput\u00e9e samedi dernier au stade Nelson-Mandela de Baraki (Alger). Revenant sur la saison \u00e9coul\u00e9e, A\u00eft Ouamar a estim\u00e9 que la victoire en Coupe d&rsquo;Alg\u00e9rie avait permis de sauver l&rsquo;exercice : \u00ab\u00a0Il faut dire la v\u00e9rit\u00e9, nous sommes pass\u00e9s \u00e0 c\u00f4t\u00e9 en championnat, on n&rsquo;a pas \u00e9t\u00e9 \u00e0 la hauteur des esp\u00e9rances de nos supporters\u00a0\u00bb, a-t-il reconnu. En cette p\u00e9riode d&rsquo;intersaison, le club de Soustara a lib\u00e9r\u00e9 certains joueurs, m\u00eame si aucune nouvelle recrue estivale n&rsquo;a encore \u00e9t\u00e9 annonc\u00e9e. \u00a0\u00bb Nous avons lib\u00e9r\u00e9 certains joueurs, d&rsquo;autres ont r\u00e9sili\u00e9 leur contrat \u00e0 l&rsquo;amiable, sans contrepartie, pour ne pas porter pr\u00e9judice au club\u00a0\u00bb, a-t-il r\u00e9v\u00e9l\u00e9. Le d\u00e9fenseur congolais K\u00e9vin Mondeko (contrat r\u00e9sili\u00e9), le milieu offensif bolivien Adalid Terrazas (transf\u00e9r\u00e9 au Deportivo San Antonio Bulo Bulo\/ Bolivie) et le milieu de terrain Oussama Chita (fin de contrat), ne feront ainsi plus partie de l&rsquo;effectif la saison prochaine, en attendant \u00e9ventuellement d&rsquo;autres lib\u00e9r\u00e9s. En mati\u00e8re de recrutement, le club compte combler les postes vacants, sans pour autant d\u00e9voiler l&rsquo;identit\u00e9 des potentielles recrues. \u00a0\u00bb Nous devons \u00e9viter de commettre des erreurs qui vont nous co\u00fbter cher en fin de saison\u00a0\u00bb, a conclu le manager g\u00e9n\u00e9ral de l&rsquo;USMA. Le club alg\u00e9rois a boucl\u00e9 la saison \u00e0 la 7e place au classement du championnat, en compagnie du MC Oran et de l&rsquo;USM Khenchela, avec 40 points chacun.<\/p>\n\n\n\n<p class=\"wp-block-paragraph\">APS<\/p>\n","protected":false},"excerpt":{"rendered":"<p>L&rsquo;USM Alger (Ligue 1 Mobilis de football) pr\u00e9voit d&rsquo;effectuer son stage d&rsquo;intersaison en Italie ou en Slov\u00e9nie, a annonc\u00e9 jeudi<\/p>\n","protected":false},"author":6,"featured_media":60300,"comment_status":"open","ping_status":"closed","sticky":false,"template":"","format":"standard","meta":{"colormag_page_container_layout":"default_layout","colormag_page_sidebar_layout":"default_layout","om_disable_all_campaigns":false,"_monsterinsights_skip_tracking":false,"footnotes":"","_wpscppro_dont_share_socialmedia":false,"_wpscppro_custom_social_share_image":0,"_facebook_share_type":"default","_twitter_share_type":"default","_linkedin_share_type":"default","_pinterest_share_type":"default","_linkedin_share_type_page":"","_instagram_share_type":"default","_medium_share_type":"default","_threads_share_type":"","_google_business_share_type":"","_bluesky_share_type":"","_mastodon_share_type":"","_selected_social_profile":[],"_wpsp_enable_custom_social_template":false,"_wpsp_social_scheduling":{"enabled":false,"datetime":null,"platforms":[],"status":"template_only","dateOption":"today","timeOption":"now","customDays":"","customHours":"","customDate":"","customTime":"","schedulingType":"absolute"},"_wpsp_active_default_template":true},"categories":[33],"tags":[],"class_list":["post-70205","post","type-post","status-publish","format-standard","has-post-thumbnail","hentry","category-sports"],"aioseo_notices":[],"aioseo_head":"\n\t\t<!-- All in One SEO 5.0.0.1 - aioseo.com -->\n\t<meta name=\"description\" content=\"L&#039;USM Alger (Ligue 1 Mobilis de football) pr\u00e9voit d&#039;effectuer son stage d&#039;intersaison en Italie ou en Slov\u00e9nie, a annonc\u00e9 jeudi soir le manager g\u00e9n\u00e9ral du club, Hamza A\u00eft Ouamar. &quot;Nous \u00e9tudions actuellement deux options : l&#039;Italie ou la Slov\u00e9nie, tout en prenant en consid\u00e9ration le choix le plus simple et appropri\u00e9 pour l&#039;\u00e9quipe. Quant \u00e0\" \/>\n\t<meta name=\"robots\" content=\"max-image-preview:large\" \/>\n\t<meta name=\"author\" content=\"admin\"\/>\n\t<link rel=\"canonical\" href=\"https:\/\/lasentinelle.dz\/index.php\/2025\/07\/12\/usm-alger-le-stage-dintersaison-en-italie-ou-en-slovenie\/\" \/>\n\t<meta name=\"generator\" content=\"All in One SEO (AIOSEO) 5.0.0.1\" \/>\n\t\t<meta property=\"og:locale\" content=\"fr_FR\" \/>\n\t\t<meta property=\"og:site_name\" content=\"La Sentinelle - Quotidien national d&#039;information\" \/>\n\t\t<meta property=\"og:type\" content=\"article\" \/>\n\t\t<meta property=\"og:title\" content=\"USM Alger: \u00ab Le stage d\u2019intersaison en Italie ou en Slov\u00e9nie \u00bb - La Sentinelle\" \/>\n\t\t<meta property=\"og:description\" content=\"L&#039;USM Alger (Ligue 1 Mobilis de football) pr\u00e9voit d&#039;effectuer son stage d&#039;intersaison en Italie ou en Slov\u00e9nie, a annonc\u00e9 jeudi soir le manager g\u00e9n\u00e9ral du club, Hamza A\u00eft Ouamar. &quot;Nous \u00e9tudions actuellement deux options : l&#039;Italie ou la Slov\u00e9nie, tout en prenant en consid\u00e9ration le choix le plus simple et appropri\u00e9 pour l&#039;\u00e9quipe. Quant \u00e0\" \/>\n\t\t<meta property=\"og:url\" content=\"https:\/\/lasentinelle.dz\/index.php\/2025\/07\/12\/usm-alger-le-stage-dintersaison-en-italie-ou-en-slovenie\/\" \/>\n\t\t<meta property=\"og:image\" content=\"https:\/\/lasentinelle.dz\/wp-content\/uploads\/2021\/09\/cropped-la-sentinelle-earth-golden-anima-5.gif\" \/>\n\t\t<meta property=\"og:image:secure_url\" content=\"https:\/\/lasentinelle.dz\/wp-content\/uploads\/2021\/09\/cropped-la-sentinelle-earth-golden-anima-5.gif\" \/>\n\t\t<meta property=\"og:image:width\" content=\"450\" \/>\n\t\t<meta property=\"og:image:height\" content=\"213\" \/>\n\t\t<meta property=\"article:published_time\" content=\"2025-07-12T20:07:22+00:00\" \/>\n\t\t<meta property=\"article:modified_time\" content=\"2025-07-12T20:07:23+00:00\" \/>\n\t\t<meta property=\"article:publisher\" content=\"https:\/\/www.facebook.com\/azzedine.lasentinelle.1\" \/>\n\t\t<meta name=\"twitter:card\" content=\"summary_large_image\" \/>\n\t\t<meta name=\"twitter:title\" content=\"USM Alger: \u00ab Le stage d\u2019intersaison en Italie ou en Slov\u00e9nie \u00bb - La Sentinelle\" \/>\n\t\t<meta name=\"twitter:description\" content=\"L&#039;USM Alger (Ligue 1 Mobilis de football) pr\u00e9voit d&#039;effectuer son stage d&#039;intersaison en Italie ou en Slov\u00e9nie, a annonc\u00e9 jeudi soir le manager g\u00e9n\u00e9ral du club, Hamza A\u00eft Ouamar. &quot;Nous \u00e9tudions actuellement deux options : l&#039;Italie ou la Slov\u00e9nie, tout en prenant en consid\u00e9ration le choix le plus simple et appropri\u00e9 pour l&#039;\u00e9quipe. Quant \u00e0\" \/>\n\t\t<meta name=\"twitter:image\" content=\"https:\/\/lasentinelle.dz\/wp-content\/uploads\/2021\/09\/cropped-la-sentinelle-earth-golden-anima-5.gif\" \/>\n\t\t<script type=\"application\/ld+json\" class=\"aioseo-schema\">\n\t\t\t{\"@context\":\"https:\\\/\\\/schema.org\",\"@graph\":[{\"@type\":\"BlogPosting\",\"@id\":\"https:\\\/\\\/lasentinelle.dz\\\/index.php\\\/2025\\\/07\\\/12\\\/usm-alger-le-stage-dintersaison-en-italie-ou-en-slovenie\\\/#blogposting\",\"name\":\"USM Alger: \\u00ab Le stage d\\u2019intersaison en Italie ou en Slov\\u00e9nie \\u00bb - La Sentinelle\",\"headline\":\"USM Alger: \\u00ab\\u00a0Le stage d&rsquo;intersaison en Italie ou en Slov\\u00e9nie\\u00a0\\u00bb\",\"author\":{\"@id\":\"https:\\\/\\\/lasentinelle.dz\\\/author\\\/admin\\\/#author\"},\"publisher\":{\"@id\":\"https:\\\/\\\/lasentinelle.dz\\\/#organization\"},\"image\":{\"@type\":\"ImageObject\",\"url\":\"https:\\\/\\\/lasentinelle.dz\\\/wp-content\\\/uploads\\\/2024\\\/12\\\/USMA-1.jpeg\",\"width\":1440,\"height\":1152},\"datePublished\":\"2025-07-12T21:07:22+01:00\",\"dateModified\":\"2025-07-12T21:07:23+01:00\",\"inLanguage\":\"fr-FR\",\"mainEntityOfPage\":{\"@id\":\"https:\\\/\\\/lasentinelle.dz\\\/index.php\\\/2025\\\/07\\\/12\\\/usm-alger-le-stage-dintersaison-en-italie-ou-en-slovenie\\\/#webpage\"},\"isPartOf\":{\"@id\":\"https:\\\/\\\/lasentinelle.dz\\\/index.php\\\/2025\\\/07\\\/12\\\/usm-alger-le-stage-dintersaison-en-italie-ou-en-slovenie\\\/#webpage\"},\"articleSection\":\"Sports\"},{\"@type\":\"BreadcrumbList\",\"@id\":\"https:\\\/\\\/lasentinelle.dz\\\/index.php\\\/2025\\\/07\\\/12\\\/usm-alger-le-stage-dintersaison-en-italie-ou-en-slovenie\\\/#breadcrumblist\",\"itemListElement\":[{\"@type\":\"ListItem\",\"@id\":\"https:\\\/\\\/lasentinelle.dz#listItem\",\"position\":1,\"name\":\"Home\",\"item\":\"https:\\\/\\\/lasentinelle.dz\",\"nextItem\":{\"@type\":\"ListItem\",\"@id\":\"https:\\\/\\\/lasentinelle.dz\\\/index.php\\\/category\\\/sports\\\/#listItem\",\"name\":\"Sports\"}},{\"@type\":\"ListItem\",\"@id\":\"https:\\\/\\\/lasentinelle.dz\\\/index.php\\\/category\\\/sports\\\/#listItem\",\"position\":2,\"name\":\"Sports\",\"item\":\"https:\\\/\\\/lasentinelle.dz\\\/index.php\\\/category\\\/sports\\\/\",\"nextItem\":{\"@type\":\"ListItem\",\"@id\":\"https:\\\/\\\/lasentinelle.dz\\\/index.php\\\/2025\\\/07\\\/12\\\/usm-alger-le-stage-dintersaison-en-italie-ou-en-slovenie\\\/#listItem\",\"name\":\"USM Alger: \\u00ab\\u00a0Le stage d&rsquo;intersaison en Italie ou en Slov\\u00e9nie\\u00a0\\u00bb\"},\"previousItem\":{\"@type\":\"ListItem\",\"@id\":\"https:\\\/\\\/lasentinelle.dz#listItem\",\"name\":\"Home\"}},{\"@type\":\"ListItem\",\"@id\":\"https:\\\/\\\/lasentinelle.dz\\\/index.php\\\/2025\\\/07\\\/12\\\/usm-alger-le-stage-dintersaison-en-italie-ou-en-slovenie\\\/#listItem\",\"position\":3,\"name\":\"USM Alger: \\u00ab\\u00a0Le stage d&rsquo;intersaison en Italie ou en Slov\\u00e9nie\\u00a0\\u00bb\",\"previousItem\":{\"@type\":\"ListItem\",\"@id\":\"https:\\\/\\\/lasentinelle.dz\\\/index.php\\\/category\\\/sports\\\/#listItem\",\"name\":\"Sports\"}}]},{\"@type\":\"Organization\",\"@id\":\"https:\\\/\\\/lasentinelle.dz\\\/#organization\",\"name\":\"La Sentinelle La Sentinelle\",\"description\":\"Quotidien national d'information\",\"url\":\"https:\\\/\\\/lasentinelle.dz\\\/\",\"logo\":{\"@type\":\"ImageObject\",\"url\":\"https:\\\/\\\/lasentinelle.dz\\\/wp-content\\\/uploads\\\/2021\\\/09\\\/cropped-la-sentinelle-earth-golden-anima-5.gif\",\"@id\":\"https:\\\/\\\/lasentinelle.dz\\\/index.php\\\/2025\\\/07\\\/12\\\/usm-alger-le-stage-dintersaison-en-italie-ou-en-slovenie\\\/#organizationLogo\",\"width\":450,\"height\":213},\"image\":{\"@id\":\"https:\\\/\\\/lasentinelle.dz\\\/index.php\\\/2025\\\/07\\\/12\\\/usm-alger-le-stage-dintersaison-en-italie-ou-en-slovenie\\\/#organizationLogo\"},\"sameAs\":[\"https:\\\/\\\/www.facebook.com\\\/azzedine.lasentinelle.1\"]},{\"@type\":\"Person\",\"@id\":\"https:\\\/\\\/lasentinelle.dz\\\/author\\\/admin\\\/#author\",\"url\":\"https:\\\/\\\/lasentinelle.dz\\\/author\\\/admin\\\/\",\"name\":\"admin\",\"image\":{\"@type\":\"ImageObject\",\"@id\":\"https:\\\/\\\/lasentinelle.dz\\\/index.php\\\/2025\\\/07\\\/12\\\/usm-alger-le-stage-dintersaison-en-italie-ou-en-slovenie\\\/#authorImage\",\"url\":\"https:\\\/\\\/secure.gravatar.com\\\/avatar\\\/4c81fed838786e9b53f540bf46533e750f5d292099ae3b66cfc6fb1982e29df7?s=96&d=mm&r=g\",\"width\":96,\"height\":96,\"caption\":\"admin\"}},{\"@type\":\"WebPage\",\"@id\":\"https:\\\/\\\/lasentinelle.dz\\\/index.php\\\/2025\\\/07\\\/12\\\/usm-alger-le-stage-dintersaison-en-italie-ou-en-slovenie\\\/#webpage\",\"url\":\"https:\\\/\\\/lasentinelle.dz\\\/index.php\\\/2025\\\/07\\\/12\\\/usm-alger-le-stage-dintersaison-en-italie-ou-en-slovenie\\\/\",\"name\":\"USM Alger: \\u00ab Le stage d\\u2019intersaison en Italie ou en Slov\\u00e9nie \\u00bb - La Sentinelle\",\"description\":\"L'USM Alger (Ligue 1 Mobilis de football) pr\\u00e9voit d'effectuer son stage d'intersaison en Italie ou en Slov\\u00e9nie, a annonc\\u00e9 jeudi soir le manager g\\u00e9n\\u00e9ral du club, Hamza A\\u00eft Ouamar. \\\"Nous \\u00e9tudions actuellement deux options : l'Italie ou la Slov\\u00e9nie, tout en prenant en consid\\u00e9ration le choix le plus simple et appropri\\u00e9 pour l'\\u00e9quipe. Quant \\u00e0\",\"inLanguage\":\"fr-FR\",\"isPartOf\":{\"@id\":\"https:\\\/\\\/lasentinelle.dz\\\/#website\"},\"breadcrumb\":{\"@id\":\"https:\\\/\\\/lasentinelle.dz\\\/index.php\\\/2025\\\/07\\\/12\\\/usm-alger-le-stage-dintersaison-en-italie-ou-en-slovenie\\\/#breadcrumblist\"},\"author\":{\"@id\":\"https:\\\/\\\/lasentinelle.dz\\\/author\\\/admin\\\/#author\"},\"creator\":{\"@id\":\"https:\\\/\\\/lasentinelle.dz\\\/author\\\/admin\\\/#author\"},\"image\":{\"@type\":\"ImageObject\",\"url\":\"https:\\\/\\\/lasentinelle.dz\\\/wp-content\\\/uploads\\\/2024\\\/12\\\/USMA-1.jpeg\",\"@id\":\"https:\\\/\\\/lasentinelle.dz\\\/index.php\\\/2025\\\/07\\\/12\\\/usm-alger-le-stage-dintersaison-en-italie-ou-en-slovenie\\\/#mainImage\",\"width\":1440,\"height\":1152},\"primaryImageOfPage\":{\"@id\":\"https:\\\/\\\/lasentinelle.dz\\\/index.php\\\/2025\\\/07\\\/12\\\/usm-alger-le-stage-dintersaison-en-italie-ou-en-slovenie\\\/#mainImage\"},\"datePublished\":\"2025-07-12T21:07:22+01:00\",\"dateModified\":\"2025-07-12T21:07:23+01:00\"},{\"@type\":\"WebSite\",\"@id\":\"https:\\\/\\\/lasentinelle.dz\\\/#website\",\"url\":\"https:\\\/\\\/lasentinelle.dz\\\/\",\"name\":\"La Sentinelle\",\"description\":\"Quotidien national d'information\",\"inLanguage\":\"fr-FR\",\"publisher\":{\"@id\":\"https:\\\/\\\/lasentinelle.dz\\\/#organization\"}}]}\n\t\t<\/script>\n\t\t<!-- All in One SEO -->\n\n","aioseo_head_json":{"title":"USM Alger: \u00ab Le stage d\u2019intersaison en Italie ou en Slov\u00e9nie \u00bb - La Sentinelle","description":"L'USM Alger (Ligue 1 Mobilis de football) pr\u00e9voit d'effectuer son stage d'intersaison en Italie ou en Slov\u00e9nie, a annonc\u00e9 jeudi soir le manager g\u00e9n\u00e9ral du club, Hamza A\u00eft Ouamar. \"Nous \u00e9tudions actuellement deux options : l'Italie ou la Slov\u00e9nie, tout en prenant en consid\u00e9ration le choix le plus simple et appropri\u00e9 pour l'\u00e9quipe. Quant \u00e0","canonical_url":"https:\/\/lasentinelle.dz\/index.php\/2025\/07\/12\/usm-alger-le-stage-dintersaison-en-italie-ou-en-slovenie\/","robots":"max-image-preview:large","keywords":"","webmasterTools":{"miscellaneous":""},"schema":{"@context":"https:\/\/schema.org","@graph":[{"@type":"BlogPosting","@id":"https:\/\/lasentinelle.dz\/index.php\/2025\/07\/12\/usm-alger-le-stage-dintersaison-en-italie-ou-en-slovenie\/#blogposting","name":"USM Alger: \u00ab Le stage d\u2019intersaison en Italie ou en Slov\u00e9nie \u00bb - La Sentinelle","headline":"USM Alger: \u00ab\u00a0Le stage d&rsquo;intersaison en Italie ou en Slov\u00e9nie\u00a0\u00bb","author":{"@id":"https:\/\/lasentinelle.dz\/author\/admin\/#author"},"publisher":{"@id":"https:\/\/lasentinelle.dz\/#organization"},"image":{"@type":"ImageObject","url":"https:\/\/lasentinelle.dz\/wp-content\/uploads\/2024\/12\/USMA-1.jpeg","width":1440,"height":1152},"datePublished":"2025-07-12T21:07:22+01:00","dateModified":"2025-07-12T21:07:23+01:00","inLanguage":"fr-FR","mainEntityOfPage":{"@id":"https:\/\/lasentinelle.dz\/index.php\/2025\/07\/12\/usm-alger-le-stage-dintersaison-en-italie-ou-en-slovenie\/#webpage"},"isPartOf":{"@id":"https:\/\/lasentinelle.dz\/index.php\/2025\/07\/12\/usm-alger-le-stage-dintersaison-en-italie-ou-en-slovenie\/#webpage"},"articleSection":"Sports"},{"@type":"BreadcrumbList","@id":"https:\/\/lasentinelle.dz\/index.php\/2025\/07\/12\/usm-alger-le-stage-dintersaison-en-italie-ou-en-slovenie\/#breadcrumblist","itemListElement":[{"@type":"ListItem","@id":"https:\/\/lasentinelle.dz#listItem","position":1,"name":"Home","item":"https:\/\/lasentinelle.dz","nextItem":{"@type":"ListItem","@id":"https:\/\/lasentinelle.dz\/index.php\/category\/sports\/#listItem","name":"Sports"}},{"@type":"ListItem","@id":"https:\/\/lasentinelle.dz\/index.php\/category\/sports\/#listItem","position":2,"name":"Sports","item":"https:\/\/lasentinelle.dz\/index.php\/category\/sports\/","nextItem":{"@type":"ListItem","@id":"https:\/\/lasentinelle.dz\/index.php\/2025\/07\/12\/usm-alger-le-stage-dintersaison-en-italie-ou-en-slovenie\/#listItem","name":"USM Alger: \u00ab\u00a0Le stage d&rsquo;intersaison en Italie ou en Slov\u00e9nie\u00a0\u00bb"},"previousItem":{"@type":"ListItem","@id":"https:\/\/lasentinelle.dz#listItem","name":"Home"}},{"@type":"ListItem","@id":"https:\/\/lasentinelle.dz\/index.php\/2025\/07\/12\/usm-alger-le-stage-dintersaison-en-italie-ou-en-slovenie\/#listItem","position":3,"name":"USM Alger: \u00ab\u00a0Le stage d&rsquo;intersaison en Italie ou en Slov\u00e9nie\u00a0\u00bb","previousItem":{"@type":"ListItem","@id":"https:\/\/lasentinelle.dz\/index.php\/category\/sports\/#listItem","name":"Sports"}}]},{"@type":"Organization","@id":"https:\/\/lasentinelle.dz\/#organization","name":"La Sentinelle La Sentinelle","description":"Quotidien national d'information","url":"https:\/\/lasentinelle.dz\/","logo":{"@type":"ImageObject","url":"https:\/\/lasentinelle.dz\/wp-content\/uploads\/2021\/09\/cropped-la-sentinelle-earth-golden-anima-5.gif","@id":"https:\/\/lasentinelle.dz\/index.php\/2025\/07\/12\/usm-alger-le-stage-dintersaison-en-italie-ou-en-slovenie\/#organizationLogo","width":450,"height":213},"image":{"@id":"https:\/\/lasentinelle.dz\/index.php\/2025\/07\/12\/usm-alger-le-stage-dintersaison-en-italie-ou-en-slovenie\/#organizationLogo"},"sameAs":["https:\/\/www.facebook.com\/azzedine.lasentinelle.1"]},{"@type":"Person","@id":"https:\/\/lasentinelle.dz\/author\/admin\/#author","url":"https:\/\/lasentinelle.dz\/author\/admin\/","name":"admin","image":{"@type":"ImageObject","@id":"https:\/\/lasentinelle.dz\/index.php\/2025\/07\/12\/usm-alger-le-stage-dintersaison-en-italie-ou-en-slovenie\/#authorImage","url":"https:\/\/secure.gravatar.com\/avatar\/4c81fed838786e9b53f540bf46533e750f5d292099ae3b66cfc6fb1982e29df7?s=96&d=mm&r=g","width":96,"height":96,"caption":"admin"}},{"@type":"WebPage","@id":"https:\/\/lasentinelle.dz\/index.php\/2025\/07\/12\/usm-alger-le-stage-dintersaison-en-italie-ou-en-slovenie\/#webpage","url":"https:\/\/lasentinelle.dz\/index.php\/2025\/07\/12\/usm-alger-le-stage-dintersaison-en-italie-ou-en-slovenie\/","name":"USM Alger: \u00ab Le stage d\u2019intersaison en Italie ou en Slov\u00e9nie \u00bb - La Sentinelle","description":"L'USM Alger (Ligue 1 Mobilis de football) pr\u00e9voit d'effectuer son stage d'intersaison en Italie ou en Slov\u00e9nie, a annonc\u00e9 jeudi soir le manager g\u00e9n\u00e9ral du club, Hamza A\u00eft Ouamar. \"Nous \u00e9tudions actuellement deux options : l'Italie ou la Slov\u00e9nie, tout en prenant en consid\u00e9ration le choix le plus simple et appropri\u00e9 pour l'\u00e9quipe. Quant \u00e0","inLanguage":"fr-FR","isPartOf":{"@id":"https:\/\/lasentinelle.dz\/#website"},"breadcrumb":{"@id":"https:\/\/lasentinelle.dz\/index.php\/2025\/07\/12\/usm-alger-le-stage-dintersaison-en-italie-ou-en-slovenie\/#breadcrumblist"},"author":{"@id":"https:\/\/lasentinelle.dz\/author\/admin\/#author"},"creator":{"@id":"https:\/\/lasentinelle.dz\/author\/admin\/#author"},"image":{"@type":"ImageObject","url":"https:\/\/lasentinelle.dz\/wp-content\/uploads\/2024\/12\/USMA-1.jpeg","@id":"https:\/\/lasentinelle.dz\/index.php\/2025\/07\/12\/usm-alger-le-stage-dintersaison-en-italie-ou-en-slovenie\/#mainImage","width":1440,"height":1152},"primaryImageOfPage":{"@id":"https:\/\/lasentinelle.dz\/index.php\/2025\/07\/12\/usm-alger-le-stage-dintersaison-en-italie-ou-en-slovenie\/#mainImage"},"datePublished":"2025-07-12T21:07:22+01:00","dateModified":"2025-07-12T21:07:23+01:00"},{"@type":"WebSite","@id":"https:\/\/lasentinelle.dz\/#website","url":"https:\/\/lasentinelle.dz\/","name":"La Sentinelle","description":"Quotidien national d'information","inLanguage":"fr-FR","publisher":{"@id":"https:\/\/lasentinelle.dz\/#organization"}}]},"og:locale":"fr_FR","og:site_name":"La Sentinelle - Quotidien national d'information","og:type":"article","og:title":"USM Alger: \u00ab Le stage d\u2019intersaison en Italie ou en Slov\u00e9nie \u00bb - La Sentinelle","og:description":"L'USM Alger (Ligue 1 Mobilis de football) pr\u00e9voit d'effectuer son stage d'intersaison en Italie ou en Slov\u00e9nie, a annonc\u00e9 jeudi soir le manager g\u00e9n\u00e9ral du club, Hamza A\u00eft Ouamar. &quot;Nous \u00e9tudions actuellement deux options : l'Italie ou la Slov\u00e9nie, tout en prenant en consid\u00e9ration le choix le plus simple et appropri\u00e9 pour l'\u00e9quipe. Quant \u00e0","og:url":"https:\/\/lasentinelle.dz\/index.php\/2025\/07\/12\/usm-alger-le-stage-dintersaison-en-italie-ou-en-slovenie\/","og:image":"https:\/\/lasentinelle.dz\/wp-content\/uploads\/2021\/09\/cropped-la-sentinelle-earth-golden-anima-5.gif","og:image:secure_url":"https:\/\/lasentinelle.dz\/wp-content\/uploads\/2021\/09\/cropped-la-sentinelle-earth-golden-anima-5.gif","og:image:width":450,"og:image:height":213,"article:published_time":"2025-07-12T20:07:22+00:00","article:modified_time":"2025-07-12T20:07:23+00:00","article:publisher":"https:\/\/www.facebook.com\/azzedine.lasentinelle.1","twitter:card":"summary_large_image","twitter:title":"USM Alger: \u00ab Le stage d\u2019intersaison en Italie ou en Slov\u00e9nie \u00bb - La Sentinelle","twitter:description":"L'USM Alger (Ligue 1 Mobilis de football) pr\u00e9voit d'effectuer son stage d'intersaison en Italie ou en Slov\u00e9nie, a annonc\u00e9 jeudi soir le manager g\u00e9n\u00e9ral du club, Hamza A\u00eft Ouamar. &quot;Nous \u00e9tudions actuellement deux options : l'Italie ou la Slov\u00e9nie, tout en prenant en consid\u00e9ration le choix le plus simple et appropri\u00e9 pour l'\u00e9quipe. Quant \u00e0","twitter:image":"https:\/\/lasentinelle.dz\/wp-content\/uploads\/2021\/09\/cropped-la-sentinelle-earth-golden-anima-5.gif"},"aioseo_meta_data":{"post_id":"70205","title":null,"description":null,"keywords":null,"keyphrases":null,"primary_term":null,"canonical_url":null,"og_title":null,"og_description":null,"og_object_type":"default","og_image_type":"default","og_image_url":null,"og_image_width":null,"og_image_height":null,"og_image_custom_url":null,"og_image_custom_fields":null,"og_video":null,"og_custom_url":null,"og_article_section":null,"og_article_tags":null,"twitter_use_og":false,"twitter_card":"default","twitter_image_type":"default","twitter_image_url":null,"twitter_image_custom_url":null,"twitter_image_custom_fields":null,"twitter_title":null,"twitter_description":null,"schema":{"blockGraphs":[],"customGraphs":[],"default":{"data":{"Article":[],"Course":[],"Dataset":[],"FAQPage":[],"Movie":[],"Person":[],"Product":[],"ProductReview":[],"Car":[],"Recipe":[],"Service":[],"SoftwareApplication":[],"WebPage":[]},"graphName":"","isEnabled":true},"graphs":[]},"schema_type":"default","schema_type_options":null,"pillar_content":false,"robots_default":true,"robots_noindex":false,"robots_noarchive":false,"robots_nosnippet":false,"robots_nofollow":false,"robots_noimageindex":false,"robots_noodp":false,"robots_notranslate":false,"robots_max_snippet":null,"robots_max_videopreview":null,"robots_max_imagepreview":"large","priority":null,"frequency":null,"local_seo":null,"breadcrumb_settings":null,"limit_modified_date":false,"ai":null,"created":"2026-05-12 07:34:19","updated":"2026-05-12 07:34:19","focus_keyword":null,"additional_keywords":null,"truseo_locale":null,"seo_analyzer_scan_date":null},"aioseo_breadcrumb":"<div class=\"aioseo-breadcrumbs\"><span class=\"aioseo-breadcrumb\">\n\t\t\t<a href=\"https:\/\/lasentinelle.dz\" title=\"Home\">Home<\/a>\n\t\t<\/span><span class=\"aioseo-breadcrumb-separator\">&raquo;<\/span><span class=\"aioseo-breadcrumb\">\n\t\t\t<a href=\"https:\/\/lasentinelle.dz\/index.php\/category\/sports\/\" title=\"Sports\">Sports<\/a>\n\t\t<\/span><span class=\"aioseo-breadcrumb-separator\">&raquo;<\/span><span class=\"aioseo-breadcrumb\">\n\t\t\tUSM Alger: \u00ab Le stage d\u2019intersaison en Italie ou en Slov\u00e9nie \u00bb\n\t\t<\/span><\/div>","aioseo_breadcrumb_json":[{"label":"Home","link":"https:\/\/lasentinelle.dz"},{"label":"Sports","link":"https:\/\/lasentinelle.dz\/index.php\/category\/sports\/"},{"label":"USM Alger: \u00ab\u00a0Le stage d&rsquo;intersaison en Italie ou en Slov\u00e9nie\u00a0\u00bb","link":"https:\/\/lasentinelle.dz\/index.php\/2025\/07\/12\/usm-alger-le-stage-dintersaison-en-italie-ou-en-slovenie\/"}],"yoast_head":"<!-- This site is optimized with the Yoast SEO plugin v28.3 - https:\/\/yoast.com\/product\/yoast-seo-wordpress\/ -->\n<title>USM Alger: \u00ab\u00a0Le stage d&rsquo;intersaison en Italie ou en Slov\u00e9nie\u00a0\u00bb - La Sentinelle<\/title>\n<meta name=\"robots\" content=\"index, follow, max-snippet:-1, max-image-preview:large, max-video-preview:-1\" \/>\n<link rel=\"canonical\" href=\"https:\/\/lasentinelle.dz\/index.php\/2025\/07\/12\/usm-alger-le-stage-dintersaison-en-italie-ou-en-slovenie\/\" \/>\n<meta property=\"og:locale\" content=\"fr_FR\" \/>\n<meta property=\"og:type\" content=\"article\" \/>\n<meta property=\"og:title\" content=\"USM Alger: \u00ab\u00a0Le stage d&rsquo;intersaison en Italie ou en Slov\u00e9nie\u00a0\u00bb - La Sentinelle\" \/>\n<meta property=\"og:description\" content=\"L&rsquo;USM Alger (Ligue 1 Mobilis de football) pr\u00e9voit d&rsquo;effectuer son stage d&rsquo;intersaison en Italie ou en Slov\u00e9nie, a annonc\u00e9 jeudi\" \/>\n<meta property=\"og:url\" content=\"https:\/\/lasentinelle.dz\/index.php\/2025\/07\/12\/usm-alger-le-stage-dintersaison-en-italie-ou-en-slovenie\/\" \/>\n<meta property=\"og:site_name\" content=\"La Sentinelle\" \/>\n<meta property=\"article:publisher\" content=\"https:\/\/www.facebook.com\/La-Sentinelle-104059864394773\" \/>\n<meta property=\"article:published_time\" content=\"2025-07-12T20:07:22+00:00\" \/>\n<meta property=\"article:modified_time\" content=\"2025-07-12T20:07:23+00:00\" \/>\n<meta property=\"og:image\" content=\"https:\/\/lasentinelle.dz\/wp-content\/uploads\/2024\/12\/USMA-1.jpeg\" \/>\n\t<meta property=\"og:image:width\" content=\"1440\" \/>\n\t<meta property=\"og:image:height\" content=\"1152\" \/>\n\t<meta property=\"og:image:type\" content=\"image\/jpeg\" \/>\n<meta name=\"author\" content=\"admin\" \/>\n<meta name=\"twitter:card\" content=\"summary_large_image\" \/>\n<meta name=\"twitter:label1\" content=\"\u00c9crit par\" \/>\n\t<meta name=\"twitter:data1\" content=\"admin\" \/>\n\t<meta name=\"twitter:label2\" content=\"Dur\u00e9e de lecture estim\u00e9e\" \/>\n\t<meta name=\"twitter:data2\" content=\"2 minutes\" \/>\n<script type=\"application\/ld+json\" class=\"yoast-schema-graph\">{\"@context\":\"https:\\\/\\\/schema.org\",\"@graph\":[{\"@type\":\"Article\",\"@id\":\"https:\\\/\\\/lasentinelle.dz\\\/index.php\\\/2025\\\/07\\\/12\\\/usm-alger-le-stage-dintersaison-en-italie-ou-en-slovenie\\\/#article\",\"isPartOf\":{\"@id\":\"https:\\\/\\\/lasentinelle.dz\\\/index.php\\\/2025\\\/07\\\/12\\\/usm-alger-le-stage-dintersaison-en-italie-ou-en-slovenie\\\/\"},\"author\":{\"name\":\"admin\",\"@id\":\"https:\\\/\\\/lasentinelle.dz\\\/#\\\/schema\\\/person\\\/729ee0024f24e0b8c5ec17232f8e8b41\"},\"headline\":\"USM Alger: \u00ab\u00a0Le stage d&rsquo;intersaison en Italie ou en Slov\u00e9nie\u00a0\u00bb\",\"datePublished\":\"2025-07-12T20:07:22+00:00\",\"dateModified\":\"2025-07-12T20:07:23+00:00\",\"mainEntityOfPage\":{\"@id\":\"https:\\\/\\\/lasentinelle.dz\\\/index.php\\\/2025\\\/07\\\/12\\\/usm-alger-le-stage-dintersaison-en-italie-ou-en-slovenie\\\/\"},\"wordCount\":399,\"commentCount\":0,\"publisher\":{\"@id\":\"https:\\\/\\\/lasentinelle.dz\\\/#organization\"},\"image\":{\"@id\":\"https:\\\/\\\/lasentinelle.dz\\\/index.php\\\/2025\\\/07\\\/12\\\/usm-alger-le-stage-dintersaison-en-italie-ou-en-slovenie\\\/#primaryimage\"},\"thumbnailUrl\":\"https:\\\/\\\/lasentinelle.dz\\\/wp-content\\\/uploads\\\/2024\\\/12\\\/USMA-1.jpeg\",\"articleSection\":[\"Sports\"],\"inLanguage\":\"fr-FR\",\"potentialAction\":[{\"@type\":\"CommentAction\",\"name\":\"Comment\",\"target\":[\"https:\\\/\\\/lasentinelle.dz\\\/index.php\\\/2025\\\/07\\\/12\\\/usm-alger-le-stage-dintersaison-en-italie-ou-en-slovenie\\\/#respond\"]}]},{\"@type\":\"WebPage\",\"@id\":\"https:\\\/\\\/lasentinelle.dz\\\/index.php\\\/2025\\\/07\\\/12\\\/usm-alger-le-stage-dintersaison-en-italie-ou-en-slovenie\\\/\",\"url\":\"https:\\\/\\\/lasentinelle.dz\\\/index.php\\\/2025\\\/07\\\/12\\\/usm-alger-le-stage-dintersaison-en-italie-ou-en-slovenie\\\/\",\"name\":\"USM Alger: \u00ab\u00a0Le stage d&rsquo;intersaison en Italie ou en Slov\u00e9nie\u00a0\u00bb - La Sentinelle\",\"isPartOf\":{\"@id\":\"https:\\\/\\\/lasentinelle.dz\\\/#website\"},\"primaryImageOfPage\":{\"@id\":\"https:\\\/\\\/lasentinelle.dz\\\/index.php\\\/2025\\\/07\\\/12\\\/usm-alger-le-stage-dintersaison-en-italie-ou-en-slovenie\\\/#primaryimage\"},\"image\":{\"@id\":\"https:\\\/\\\/lasentinelle.dz\\\/index.php\\\/2025\\\/07\\\/12\\\/usm-alger-le-stage-dintersaison-en-italie-ou-en-slovenie\\\/#primaryimage\"},\"thumbnailUrl\":\"https:\\\/\\\/lasentinelle.dz\\\/wp-content\\\/uploads\\\/2024\\\/12\\\/USMA-1.jpeg\",\"datePublished\":\"2025-07-12T20:07:22+00:00\",\"dateModified\":\"2025-07-12T20:07:23+00:00\",\"breadcrumb\":{\"@id\":\"https:\\\/\\\/lasentinelle.dz\\\/index.php\\\/2025\\\/07\\\/12\\\/usm-alger-le-stage-dintersaison-en-italie-ou-en-slovenie\\\/#breadcrumb\"},\"inLanguage\":\"fr-FR\",\"potentialAction\":[{\"@type\":\"ReadAction\",\"target\":[\"https:\\\/\\\/lasentinelle.dz\\\/index.php\\\/2025\\\/07\\\/12\\\/usm-alger-le-stage-dintersaison-en-italie-ou-en-slovenie\\\/\"]}]},{\"@type\":\"ImageObject\",\"inLanguage\":\"fr-FR\",\"@id\":\"https:\\\/\\\/lasentinelle.dz\\\/index.php\\\/2025\\\/07\\\/12\\\/usm-alger-le-stage-dintersaison-en-italie-ou-en-slovenie\\\/#primaryimage\",\"url\":\"https:\\\/\\\/lasentinelle.dz\\\/wp-content\\\/uploads\\\/2024\\\/12\\\/USMA-1.jpeg\",\"contentUrl\":\"https:\\\/\\\/lasentinelle.dz\\\/wp-content\\\/uploads\\\/2024\\\/12\\\/USMA-1.jpeg\",\"width\":1440,\"height\":1152},{\"@type\":\"BreadcrumbList\",\"@id\":\"https:\\\/\\\/lasentinelle.dz\\\/index.php\\\/2025\\\/07\\\/12\\\/usm-alger-le-stage-dintersaison-en-italie-ou-en-slovenie\\\/#breadcrumb\",\"itemListElement\":[{\"@type\":\"ListItem\",\"position\":1,\"name\":\"Accueil\",\"item\":\"https:\\\/\\\/lasentinelle.dz\\\/\"},{\"@type\":\"ListItem\",\"position\":2,\"name\":\"USM Alger: \u00ab\u00a0Le stage d&rsquo;intersaison en Italie ou en Slov\u00e9nie\u00a0\u00bb\"}]},{\"@type\":\"WebSite\",\"@id\":\"https:\\\/\\\/lasentinelle.dz\\\/#website\",\"url\":\"https:\\\/\\\/lasentinelle.dz\\\/\",\"name\":\"La Sentinelle\",\"description\":\"Quotidien national d&#039;information\",\"publisher\":{\"@id\":\"https:\\\/\\\/lasentinelle.dz\\\/#organization\"},\"potentialAction\":[{\"@type\":\"SearchAction\",\"target\":{\"@type\":\"EntryPoint\",\"urlTemplate\":\"https:\\\/\\\/lasentinelle.dz\\\/?s={search_term_string}\"},\"query-input\":{\"@type\":\"PropertyValueSpecification\",\"valueRequired\":true,\"valueName\":\"search_term_string\"}}],\"inLanguage\":\"fr-FR\"},{\"@type\":\"Organization\",\"@id\":\"https:\\\/\\\/lasentinelle.dz\\\/#organization\",\"name\":\"Quotidien La Sentinelle\",\"url\":\"https:\\\/\\\/lasentinelle.dz\\\/\",\"logo\":{\"@type\":\"ImageObject\",\"inLanguage\":\"fr-FR\",\"@id\":\"https:\\\/\\\/lasentinelle.dz\\\/#\\\/schema\\\/logo\\\/image\\\/\",\"url\":\"https:\\\/\\\/lasentinelle.dz\\\/wp-content\\\/uploads\\\/2021\\\/09\\\/logo-sentinelleSLOGAN-1.png\",\"contentUrl\":\"https:\\\/\\\/lasentinelle.dz\\\/wp-content\\\/uploads\\\/2021\\\/09\\\/logo-sentinelleSLOGAN-1.png\",\"width\":615,\"height\":142,\"caption\":\"Quotidien La Sentinelle\"},\"image\":{\"@id\":\"https:\\\/\\\/lasentinelle.dz\\\/#\\\/schema\\\/logo\\\/image\\\/\"},\"sameAs\":[\"https:\\\/\\\/www.facebook.com\\\/La-Sentinelle-104059864394773\"]},{\"@type\":\"Person\",\"@id\":\"https:\\\/\\\/lasentinelle.dz\\\/#\\\/schema\\\/person\\\/729ee0024f24e0b8c5ec17232f8e8b41\",\"name\":\"admin\",\"image\":{\"@type\":\"ImageObject\",\"inLanguage\":\"fr-FR\",\"@id\":\"https:\\\/\\\/secure.gravatar.com\\\/avatar\\\/4c81fed838786e9b53f540bf46533e750f5d292099ae3b66cfc6fb1982e29df7?s=96&d=mm&r=g\",\"url\":\"https:\\\/\\\/secure.gravatar.com\\\/avatar\\\/4c81fed838786e9b53f540bf46533e750f5d292099ae3b66cfc6fb1982e29df7?s=96&d=mm&r=g\",\"contentUrl\":\"https:\\\/\\\/secure.gravatar.com\\\/avatar\\\/4c81fed838786e9b53f540bf46533e750f5d292099ae3b66cfc6fb1982e29df7?s=96&d=mm&r=g\",\"caption\":\"admin\"},\"description\":\"admin\",\"url\":\"https:\\\/\\\/lasentinelle.dz\\\/author\\\/admin\\\/\"}]}<\/script>\n<!-- \/ Yoast SEO plugin. -->","yoast_head_json":{"title":"USM Alger: \u00ab\u00a0Le stage d&rsquo;intersaison en Italie ou en Slov\u00e9nie\u00a0\u00bb - La Sentinelle","robots":{"index":"index","follow":"follow","max-snippet":"max-snippet:-1","max-image-preview":"max-image-preview:large","max-video-preview":"max-video-preview:-1"},"canonical":"https:\/\/lasentinelle.dz\/index.php\/2025\/07\/12\/usm-alger-le-stage-dintersaison-en-italie-ou-en-slovenie\/","og_locale":"fr_FR","og_type":"article","og_title":"USM Alger: \u00ab\u00a0Le stage d&rsquo;intersaison en Italie ou en Slov\u00e9nie\u00a0\u00bb - La Sentinelle","og_description":"L&rsquo;USM Alger (Ligue 1 Mobilis de football) pr\u00e9voit d&rsquo;effectuer son stage d&rsquo;intersaison en Italie ou en Slov\u00e9nie, a annonc\u00e9 jeudi","og_url":"https:\/\/lasentinelle.dz\/index.php\/2025\/07\/12\/usm-alger-le-stage-dintersaison-en-italie-ou-en-slovenie\/","og_site_name":"La Sentinelle","article_publisher":"https:\/\/www.facebook.com\/La-Sentinelle-104059864394773","article_published_time":"2025-07-12T20:07:22+00:00","article_modified_time":"2025-07-12T20:07:23+00:00","og_image":[{"width":1440,"height":1152,"url":"https:\/\/lasentinelle.dz\/wp-content\/uploads\/2024\/12\/USMA-1.jpeg","type":"image\/jpeg"}],"author":"admin","twitter_card":"summary_large_image","twitter_misc":{"\u00c9crit par":"admin","Dur\u00e9e de lecture estim\u00e9e":"2 minutes"},"schema":{"@context":"https:\/\/schema.org","@graph":[{"@type":"Article","@id":"https:\/\/lasentinelle.dz\/index.php\/2025\/07\/12\/usm-alger-le-stage-dintersaison-en-italie-ou-en-slovenie\/#article","isPartOf":{"@id":"https:\/\/lasentinelle.dz\/index.php\/2025\/07\/12\/usm-alger-le-stage-dintersaison-en-italie-ou-en-slovenie\/"},"author":{"name":"admin","@id":"https:\/\/lasentinelle.dz\/#\/schema\/person\/729ee0024f24e0b8c5ec17232f8e8b41"},"headline":"USM Alger: \u00ab\u00a0Le stage d&rsquo;intersaison en Italie ou en Slov\u00e9nie\u00a0\u00bb","datePublished":"2025-07-12T20:07:22+00:00","dateModified":"2025-07-12T20:07:23+00:00","mainEntityOfPage":{"@id":"https:\/\/lasentinelle.dz\/index.php\/2025\/07\/12\/usm-alger-le-stage-dintersaison-en-italie-ou-en-slovenie\/"},"wordCount":399,"commentCount":0,"publisher":{"@id":"https:\/\/lasentinelle.dz\/#organization"},"image":{"@id":"https:\/\/lasentinelle.dz\/index.php\/2025\/07\/12\/usm-alger-le-stage-dintersaison-en-italie-ou-en-slovenie\/#primaryimage"},"thumbnailUrl":"https:\/\/lasentinelle.dz\/wp-content\/uploads\/2024\/12\/USMA-1.jpeg","articleSection":["Sports"],"inLanguage":"fr-FR","potentialAction":[{"@type":"CommentAction","name":"Comment","target":["https:\/\/lasentinelle.dz\/index.php\/2025\/07\/12\/usm-alger-le-stage-dintersaison-en-italie-ou-en-slovenie\/#respond"]}]},{"@type":"WebPage","@id":"https:\/\/lasentinelle.dz\/index.php\/2025\/07\/12\/usm-alger-le-stage-dintersaison-en-italie-ou-en-slovenie\/","url":"https:\/\/lasentinelle.dz\/index.php\/2025\/07\/12\/usm-alger-le-stage-dintersaison-en-italie-ou-en-slovenie\/","name":"USM Alger: \u00ab\u00a0Le stage d&rsquo;intersaison en Italie ou en Slov\u00e9nie\u00a0\u00bb - La Sentinelle","isPartOf":{"@id":"https:\/\/lasentinelle.dz\/#website"},"primaryImageOfPage":{"@id":"https:\/\/lasentinelle.dz\/index.php\/2025\/07\/12\/usm-alger-le-stage-dintersaison-en-italie-ou-en-slovenie\/#primaryimage"},"image":{"@id":"https:\/\/lasentinelle.dz\/index.php\/2025\/07\/12\/usm-alger-le-stage-dintersaison-en-italie-ou-en-slovenie\/#primaryimage"},"thumbnailUrl":"https:\/\/lasentinelle.dz\/wp-content\/uploads\/2024\/12\/USMA-1.jpeg","datePublished":"2025-07-12T20:07:22+00:00","dateModified":"2025-07-12T20:07:23+00:00","breadcrumb":{"@id":"https:\/\/lasentinelle.dz\/index.php\/2025\/07\/12\/usm-alger-le-stage-dintersaison-en-italie-ou-en-slovenie\/#breadcrumb"},"inLanguage":"fr-FR","potentialAction":[{"@type":"ReadAction","target":["https:\/\/lasentinelle.dz\/index.php\/2025\/07\/12\/usm-alger-le-stage-dintersaison-en-italie-ou-en-slovenie\/"]}]},{"@type":"ImageObject","inLanguage":"fr-FR","@id":"https:\/\/lasentinelle.dz\/index.php\/2025\/07\/12\/usm-alger-le-stage-dintersaison-en-italie-ou-en-slovenie\/#primaryimage","url":"https:\/\/lasentinelle.dz\/wp-content\/uploads\/2024\/12\/USMA-1.jpeg","contentUrl":"https:\/\/lasentinelle.dz\/wp-content\/uploads\/2024\/12\/USMA-1.jpeg","width":1440,"height":1152},{"@type":"BreadcrumbList","@id":"https:\/\/lasentinelle.dz\/index.php\/2025\/07\/12\/usm-alger-le-stage-dintersaison-en-italie-ou-en-slovenie\/#breadcrumb","itemListElement":[{"@type":"ListItem","position":1,"name":"Accueil","item":"https:\/\/lasentinelle.dz\/"},{"@type":"ListItem","position":2,"name":"USM Alger: \u00ab\u00a0Le stage d&rsquo;intersaison en Italie ou en Slov\u00e9nie\u00a0\u00bb"}]},{"@type":"WebSite","@id":"https:\/\/lasentinelle.dz\/#website","url":"https:\/\/lasentinelle.dz\/","name":"La Sentinelle","description":"Quotidien national d&#039;information","publisher":{"@id":"https:\/\/lasentinelle.dz\/#organization"},"potentialAction":[{"@type":"SearchAction","target":{"@type":"EntryPoint","urlTemplate":"https:\/\/lasentinelle.dz\/?s={search_term_string}"},"query-input":{"@type":"PropertyValueSpecification","valueRequired":true,"valueName":"search_term_string"}}],"inLanguage":"fr-FR"},{"@type":"Organization","@id":"https:\/\/lasentinelle.dz\/#organization","name":"Quotidien La Sentinelle","url":"https:\/\/lasentinelle.dz\/","logo":{"@type":"ImageObject","inLanguage":"fr-FR","@id":"https:\/\/lasentinelle.dz\/#\/schema\/logo\/image\/","url":"https:\/\/lasentinelle.dz\/wp-content\/uploads\/2021\/09\/logo-sentinelleSLOGAN-1.png","contentUrl":"https:\/\/lasentinelle.dz\/wp-content\/uploads\/2021\/09\/logo-sentinelleSLOGAN-1.png","width":615,"height":142,"caption":"Quotidien La Sentinelle"},"image":{"@id":"https:\/\/lasentinelle.dz\/#\/schema\/logo\/image\/"},"sameAs":["https:\/\/www.facebook.com\/La-Sentinelle-104059864394773"]},{"@type":"Person","@id":"https:\/\/lasentinelle.dz\/#\/schema\/person\/729ee0024f24e0b8c5ec17232f8e8b41","name":"admin","image":{"@type":"ImageObject","inLanguage":"fr-FR","@id":"https:\/\/secure.gravatar.com\/avatar\/4c81fed838786e9b53f540bf46533e750f5d292099ae3b66cfc6fb1982e29df7?s=96&d=mm&r=g","url":"https:\/\/secure.gravatar.com\/avatar\/4c81fed838786e9b53f540bf46533e750f5d292099ae3b66cfc6fb1982e29df7?s=96&d=mm&r=g","contentUrl":"https:\/\/secure.gravatar.com\/avatar\/4c81fed838786e9b53f540bf46533e750f5d292099ae3b66cfc6fb1982e29df7?s=96&d=mm&r=g","caption":"admin"},"description":"admin","url":"https:\/\/lasentinelle.dz\/author\/admin\/"}]}},"_links":{"self":[{"href":"https:\/\/lasentinelle.dz\/index.php\/wp-json\/wp\/v2\/posts\/70205","targetHints":{"allow":["GET"]}}],"collection":[{"href":"https:\/\/lasentinelle.dz\/index.php\/wp-json\/wp\/v2\/posts"}],"about":[{"href":"https:\/\/lasentinelle.dz\/index.php\/wp-json\/wp\/v2\/types\/post"}],"author":[{"embeddable":true,"href":"https:\/\/lasentinelle.dz\/index.php\/wp-json\/wp\/v2\/users\/6"}],"replies":[{"embeddable":true,"href":"https:\/\/lasentinelle.dz\/index.php\/wp-json\/wp\/v2\/comments?post=70205"}],"version-history":[{"count":2,"href":"https:\/\/lasentinelle.dz\/index.php\/wp-json\/wp\/v2\/posts\/70205\/revisions"}],"predecessor-version":[{"id":70207,"href":"https:\/\/lasentinelle.dz\/index.php\/wp-json\/wp\/v2\/posts\/70205\/revisions\/70207"}],"wp:featuredmedia":[{"embeddable":true,"href":"https:\/\/lasentinelle.dz\/index.php\/wp-json\/wp\/v2\/media\/60300"}],"wp:attachment":[{"href":"https:\/\/lasentinelle.dz\/index.php\/wp-json\/wp\/v2\/media?parent=70205"}],"wp:term":[{"taxonomy":"category","embeddable":true,"href":"https:\/\/lasentinelle.dz\/index.php\/wp-json\/wp\/v2\/categories?post=70205"},{"taxonomy":"post_tag","embeddable":true,"href":"https:\/\/lasentinelle.dz\/index.php\/wp-json\/wp\/v2\/tags?post=70205"}],"curies":[{"name":"wp","href":"https:\/\/api.w.org\/{rel}","templated":true}]}}