{"id":70247,"date":"2025-07-13T12:25:53","date_gmt":"2025-07-13T11:25:53","guid":{"rendered":"https:\/\/lasentinelle.dz\/?p=70247"},"modified":"2025-07-13T12:25:54","modified_gmt":"2025-07-13T11:25:54","slug":"apres-la-satisfaction-des-besoins-du-marche-local-lexportation-des-oeufs-de-consommation-autorisee","status":"publish","type":"post","link":"https:\/\/lasentinelle.dz\/index.php\/2025\/07\/13\/apres-la-satisfaction-des-besoins-du-marche-local-lexportation-des-oeufs-de-consommation-autorisee\/","title":{"rendered":"Apr\u00e8s la satisfaction des besoins du march\u00e9 local: L&rsquo;exportation des \u0153ufs de consommation autoris\u00e9e"},"content":{"rendered":"\n<p class=\"wp-block-paragraph\">La F\u00e9d\u00e9ration nationale des aviculteurs a annonc\u00e9 samedi, sur son compte Facebook, que le minist\u00e8re du Commerce ext\u00e9rieur a accord\u00e9 l&rsquo;autorisation officielle pour l&rsquo;exportation des \u0153ufs de consommation. Cette d\u00e9cision, salu\u00e9e par la f\u00e9d\u00e9ration rattach\u00e9e \u00e0 l&rsquo;Union nationale des agriculteurs alg\u00e9riens, r\u00e9sulte de \u00ab\u00a0la coordination continue et des efforts efficaces\u00a0\u00bb des minist\u00e8res de l&rsquo;Agriculture et du Commerce ext\u00e9rieur avec la f\u00e9d\u00e9ration nationale des aviculteurs. La f\u00e9d\u00e9ration a qualifi\u00e9 cette autorisation de \u00ab\u00a0v\u00e9ritable acquis pour les aviculteurs et d&rsquo;ouverture de perspectives d&rsquo;exportation vers les march\u00e9s ext\u00e9rieurs\u00a0\u00bb. Cette mesure fait suite \u00e0 une r\u00e9union de coordination tenue le 23 juin dernier au si\u00e8ge du minist\u00e8re du Commerce ext\u00e9rieur, qui avait soulign\u00e9 \u00ab\u00a0l&rsquo;importance d&rsquo;activer l&rsquo;exportation des \u0153ufs de consommation comme \u00e9tape strat\u00e9gique visant \u00e0 pr\u00e9server l&rsquo;\u00e9quilibre du march\u00e9 et \u00e9viter que les \u00e9leveurs abandonnent l&rsquo;activit\u00e9 suite \u00e0 l&rsquo;accumulation des pertes, ce qui pourrait affecter ult\u00e9rieurement la disponibilit\u00e9 du produit et la stabilit\u00e9 des prix\u00a0\u00bb. La f\u00e9d\u00e9ration a confirm\u00e9 sa \u00ab\u00a0disponibilit\u00e9 totale \u00e0 r\u00e9pondre aux exigences de l&rsquo;exportation, dans un contexte o\u00f9 la fili\u00e8re a atteint un niveau avanc\u00e9 d&rsquo;autosuffisance au niveau national, ouvrant ainsi la voie vers les march\u00e9s ext\u00e9rieurs avec confiance, soutenue par des exp\u00e9riences ant\u00e9rieures r\u00e9ussies\u00a0\u00bb.<\/p>\n\n\n\n<p class=\"wp-block-paragraph\">R.N.<\/p>\n","protected":false},"excerpt":{"rendered":"<p>La F\u00e9d\u00e9ration nationale des aviculteurs a annonc\u00e9 samedi, sur son compte Facebook, que le minist\u00e8re du Commerce ext\u00e9rieur a accord\u00e9<\/p>\n","protected":false},"author":6,"featured_media":70248,"comment_status":"open","ping_status":"closed","sticky":false,"template":"","format":"standard","meta":{"colormag_page_container_layout":"default_layout","colormag_page_sidebar_layout":"default_layout","om_disable_all_campaigns":false,"_monsterinsights_skip_tracking":false,"footnotes":"","_wpscppro_dont_share_socialmedia":false,"_wpscppro_custom_social_share_image":0,"_facebook_share_type":"default","_twitter_share_type":"default","_linkedin_share_type":"default","_pinterest_share_type":"default","_linkedin_share_type_page":"","_instagram_share_type":"default","_medium_share_type":"default","_threads_share_type":"","_google_business_share_type":"","_bluesky_share_type":"","_mastodon_share_type":"","_selected_social_profile":[],"_wpsp_enable_custom_social_template":false,"_wpsp_social_scheduling":{"enabled":false,"datetime":null,"platforms":[],"status":"template_only","dateOption":"today","timeOption":"now","customDays":"","customHours":"","customDate":"","customTime":"","schedulingType":"absolute"},"_wpsp_active_default_template":true},"categories":[52,29],"tags":[],"class_list":["post-70247","post","type-post","status-publish","format-standard","has-post-thumbnail","hentry","category-a-la-une","category-economie"],"aioseo_notices":[],"aioseo_head":"\n\t\t<!-- All in One SEO 5.0.0.1 - aioseo.com -->\n\t<meta name=\"description\" content=\"La F\u00e9d\u00e9ration nationale des aviculteurs a annonc\u00e9 samedi, sur son compte Facebook, que le minist\u00e8re du Commerce ext\u00e9rieur a accord\u00e9 l&#039;autorisation officielle pour l&#039;exportation des \u0153ufs de consommation. Cette d\u00e9cision, salu\u00e9e par la f\u00e9d\u00e9ration rattach\u00e9e \u00e0 l&#039;Union nationale des agriculteurs alg\u00e9riens, r\u00e9sulte de &quot;la coordination continue et des efforts efficaces&quot; des minist\u00e8res de l&#039;Agriculture et\" \/>\n\t<meta name=\"robots\" content=\"max-image-preview:large\" \/>\n\t<meta name=\"author\" content=\"admin\"\/>\n\t<link rel=\"canonical\" href=\"https:\/\/lasentinelle.dz\/index.php\/2025\/07\/13\/apres-la-satisfaction-des-besoins-du-marche-local-lexportation-des-oeufs-de-consommation-autorisee\/\" \/>\n\t<meta name=\"generator\" content=\"All in One SEO (AIOSEO) 5.0.0.1\" \/>\n\t\t<meta property=\"og:locale\" content=\"fr_FR\" \/>\n\t\t<meta property=\"og:site_name\" content=\"La Sentinelle - Quotidien national d&#039;information\" \/>\n\t\t<meta property=\"og:type\" content=\"article\" \/>\n\t\t<meta property=\"og:title\" content=\"Apr\u00e8s la satisfaction des besoins du march\u00e9 local: L\u2019exportation des \u0153ufs de consommation autoris\u00e9e - La Sentinelle\" \/>\n\t\t<meta property=\"og:description\" content=\"La F\u00e9d\u00e9ration nationale des aviculteurs a annonc\u00e9 samedi, sur son compte Facebook, que le minist\u00e8re du Commerce ext\u00e9rieur a accord\u00e9 l&#039;autorisation officielle pour l&#039;exportation des \u0153ufs de consommation. Cette d\u00e9cision, salu\u00e9e par la f\u00e9d\u00e9ration rattach\u00e9e \u00e0 l&#039;Union nationale des agriculteurs alg\u00e9riens, r\u00e9sulte de &quot;la coordination continue et des efforts efficaces&quot; des minist\u00e8res de l&#039;Agriculture et\" \/>\n\t\t<meta property=\"og:url\" content=\"https:\/\/lasentinelle.dz\/index.php\/2025\/07\/13\/apres-la-satisfaction-des-besoins-du-marche-local-lexportation-des-oeufs-de-consommation-autorisee\/\" \/>\n\t\t<meta property=\"og:image\" content=\"https:\/\/lasentinelle.dz\/wp-content\/uploads\/2021\/09\/cropped-la-sentinelle-earth-golden-anima-5.gif\" \/>\n\t\t<meta property=\"og:image:secure_url\" content=\"https:\/\/lasentinelle.dz\/wp-content\/uploads\/2021\/09\/cropped-la-sentinelle-earth-golden-anima-5.gif\" \/>\n\t\t<meta property=\"og:image:width\" content=\"450\" \/>\n\t\t<meta property=\"og:image:height\" content=\"213\" \/>\n\t\t<meta property=\"article:published_time\" content=\"2025-07-13T11:25:53+00:00\" \/>\n\t\t<meta property=\"article:modified_time\" content=\"2025-07-13T11:25:54+00:00\" \/>\n\t\t<meta property=\"article:publisher\" content=\"https:\/\/www.facebook.com\/azzedine.lasentinelle.1\" \/>\n\t\t<meta name=\"twitter:card\" content=\"summary_large_image\" \/>\n\t\t<meta name=\"twitter:title\" content=\"Apr\u00e8s la satisfaction des besoins du march\u00e9 local: L\u2019exportation des \u0153ufs de consommation autoris\u00e9e - La Sentinelle\" \/>\n\t\t<meta name=\"twitter:description\" content=\"La F\u00e9d\u00e9ration nationale des aviculteurs a annonc\u00e9 samedi, sur son compte Facebook, que le minist\u00e8re du Commerce ext\u00e9rieur a accord\u00e9 l&#039;autorisation officielle pour l&#039;exportation des \u0153ufs de consommation. Cette d\u00e9cision, salu\u00e9e par la f\u00e9d\u00e9ration rattach\u00e9e \u00e0 l&#039;Union nationale des agriculteurs alg\u00e9riens, r\u00e9sulte de &quot;la coordination continue et des efforts efficaces&quot; des minist\u00e8res de l&#039;Agriculture et\" \/>\n\t\t<meta name=\"twitter:image\" content=\"https:\/\/lasentinelle.dz\/wp-content\/uploads\/2021\/09\/cropped-la-sentinelle-earth-golden-anima-5.gif\" \/>\n\t\t<script type=\"application\/ld+json\" class=\"aioseo-schema\">\n\t\t\t{\"@context\":\"https:\\\/\\\/schema.org\",\"@graph\":[{\"@type\":\"BlogPosting\",\"@id\":\"https:\\\/\\\/lasentinelle.dz\\\/index.php\\\/2025\\\/07\\\/13\\\/apres-la-satisfaction-des-besoins-du-marche-local-lexportation-des-oeufs-de-consommation-autorisee\\\/#blogposting\",\"name\":\"Apr\\u00e8s la satisfaction des besoins du march\\u00e9 local: L\\u2019exportation des \\u0153ufs de consommation autoris\\u00e9e - La Sentinelle\",\"headline\":\"Apr\\u00e8s la satisfaction des besoins du march\\u00e9 local: L&rsquo;exportation des \\u0153ufs de consommation autoris\\u00e9e\",\"author\":{\"@id\":\"https:\\\/\\\/lasentinelle.dz\\\/author\\\/admin\\\/#author\"},\"publisher\":{\"@id\":\"https:\\\/\\\/lasentinelle.dz\\\/#organization\"},\"image\":{\"@type\":\"ImageObject\",\"url\":\"https:\\\/\\\/lasentinelle.dz\\\/wp-content\\\/uploads\\\/2025\\\/07\\\/OEufs.webp\",\"width\":2560,\"height\":1337},\"datePublished\":\"2025-07-13T12:25:53+01:00\",\"dateModified\":\"2025-07-13T12:25:54+01:00\",\"inLanguage\":\"fr-FR\",\"mainEntityOfPage\":{\"@id\":\"https:\\\/\\\/lasentinelle.dz\\\/index.php\\\/2025\\\/07\\\/13\\\/apres-la-satisfaction-des-besoins-du-marche-local-lexportation-des-oeufs-de-consommation-autorisee\\\/#webpage\"},\"isPartOf\":{\"@id\":\"https:\\\/\\\/lasentinelle.dz\\\/index.php\\\/2025\\\/07\\\/13\\\/apres-la-satisfaction-des-besoins-du-marche-local-lexportation-des-oeufs-de-consommation-autorisee\\\/#webpage\"},\"articleSection\":\"\\u00c0 la Une, \\u00c9conomie\"},{\"@type\":\"BreadcrumbList\",\"@id\":\"https:\\\/\\\/lasentinelle.dz\\\/index.php\\\/2025\\\/07\\\/13\\\/apres-la-satisfaction-des-besoins-du-marche-local-lexportation-des-oeufs-de-consommation-autorisee\\\/#breadcrumblist\",\"itemListElement\":[{\"@type\":\"ListItem\",\"@id\":\"https:\\\/\\\/lasentinelle.dz#listItem\",\"position\":1,\"name\":\"Home\",\"item\":\"https:\\\/\\\/lasentinelle.dz\",\"nextItem\":{\"@type\":\"ListItem\",\"@id\":\"https:\\\/\\\/lasentinelle.dz\\\/index.php\\\/category\\\/economie\\\/#listItem\",\"name\":\"\\u00c9conomie\"}},{\"@type\":\"ListItem\",\"@id\":\"https:\\\/\\\/lasentinelle.dz\\\/index.php\\\/category\\\/economie\\\/#listItem\",\"position\":2,\"name\":\"\\u00c9conomie\",\"item\":\"https:\\\/\\\/lasentinelle.dz\\\/index.php\\\/category\\\/economie\\\/\",\"nextItem\":{\"@type\":\"ListItem\",\"@id\":\"https:\\\/\\\/lasentinelle.dz\\\/index.php\\\/2025\\\/07\\\/13\\\/apres-la-satisfaction-des-besoins-du-marche-local-lexportation-des-oeufs-de-consommation-autorisee\\\/#listItem\",\"name\":\"Apr\\u00e8s la satisfaction des besoins du march\\u00e9 local: L&rsquo;exportation des \\u0153ufs de consommation autoris\\u00e9e\"},\"previousItem\":{\"@type\":\"ListItem\",\"@id\":\"https:\\\/\\\/lasentinelle.dz#listItem\",\"name\":\"Home\"}},{\"@type\":\"ListItem\",\"@id\":\"https:\\\/\\\/lasentinelle.dz\\\/index.php\\\/2025\\\/07\\\/13\\\/apres-la-satisfaction-des-besoins-du-marche-local-lexportation-des-oeufs-de-consommation-autorisee\\\/#listItem\",\"position\":3,\"name\":\"Apr\\u00e8s la satisfaction des besoins du march\\u00e9 local: L&rsquo;exportation des \\u0153ufs de consommation autoris\\u00e9e\",\"previousItem\":{\"@type\":\"ListItem\",\"@id\":\"https:\\\/\\\/lasentinelle.dz\\\/index.php\\\/category\\\/economie\\\/#listItem\",\"name\":\"\\u00c9conomie\"}}]},{\"@type\":\"Organization\",\"@id\":\"https:\\\/\\\/lasentinelle.dz\\\/#organization\",\"name\":\"La Sentinelle La Sentinelle\",\"description\":\"Quotidien national d'information\",\"url\":\"https:\\\/\\\/lasentinelle.dz\\\/\",\"logo\":{\"@type\":\"ImageObject\",\"url\":\"https:\\\/\\\/lasentinelle.dz\\\/wp-content\\\/uploads\\\/2021\\\/09\\\/cropped-la-sentinelle-earth-golden-anima-5.gif\",\"@id\":\"https:\\\/\\\/lasentinelle.dz\\\/index.php\\\/2025\\\/07\\\/13\\\/apres-la-satisfaction-des-besoins-du-marche-local-lexportation-des-oeufs-de-consommation-autorisee\\\/#organizationLogo\",\"width\":450,\"height\":213},\"image\":{\"@id\":\"https:\\\/\\\/lasentinelle.dz\\\/index.php\\\/2025\\\/07\\\/13\\\/apres-la-satisfaction-des-besoins-du-marche-local-lexportation-des-oeufs-de-consommation-autorisee\\\/#organizationLogo\"},\"sameAs\":[\"https:\\\/\\\/www.facebook.com\\\/azzedine.lasentinelle.1\"]},{\"@type\":\"Person\",\"@id\":\"https:\\\/\\\/lasentinelle.dz\\\/author\\\/admin\\\/#author\",\"url\":\"https:\\\/\\\/lasentinelle.dz\\\/author\\\/admin\\\/\",\"name\":\"admin\",\"image\":{\"@type\":\"ImageObject\",\"@id\":\"https:\\\/\\\/lasentinelle.dz\\\/index.php\\\/2025\\\/07\\\/13\\\/apres-la-satisfaction-des-besoins-du-marche-local-lexportation-des-oeufs-de-consommation-autorisee\\\/#authorImage\",\"url\":\"https:\\\/\\\/secure.gravatar.com\\\/avatar\\\/4c81fed838786e9b53f540bf46533e750f5d292099ae3b66cfc6fb1982e29df7?s=96&d=mm&r=g\",\"width\":96,\"height\":96,\"caption\":\"admin\"}},{\"@type\":\"WebPage\",\"@id\":\"https:\\\/\\\/lasentinelle.dz\\\/index.php\\\/2025\\\/07\\\/13\\\/apres-la-satisfaction-des-besoins-du-marche-local-lexportation-des-oeufs-de-consommation-autorisee\\\/#webpage\",\"url\":\"https:\\\/\\\/lasentinelle.dz\\\/index.php\\\/2025\\\/07\\\/13\\\/apres-la-satisfaction-des-besoins-du-marche-local-lexportation-des-oeufs-de-consommation-autorisee\\\/\",\"name\":\"Apr\\u00e8s la satisfaction des besoins du march\\u00e9 local: L\\u2019exportation des \\u0153ufs de consommation autoris\\u00e9e - La Sentinelle\",\"description\":\"La F\\u00e9d\\u00e9ration nationale des aviculteurs a annonc\\u00e9 samedi, sur son compte Facebook, que le minist\\u00e8re du Commerce ext\\u00e9rieur a accord\\u00e9 l'autorisation officielle pour l'exportation des \\u0153ufs de consommation. Cette d\\u00e9cision, salu\\u00e9e par la f\\u00e9d\\u00e9ration rattach\\u00e9e \\u00e0 l'Union nationale des agriculteurs alg\\u00e9riens, r\\u00e9sulte de \\\"la coordination continue et des efforts efficaces\\\" des minist\\u00e8res de l'Agriculture et\",\"inLanguage\":\"fr-FR\",\"isPartOf\":{\"@id\":\"https:\\\/\\\/lasentinelle.dz\\\/#website\"},\"breadcrumb\":{\"@id\":\"https:\\\/\\\/lasentinelle.dz\\\/index.php\\\/2025\\\/07\\\/13\\\/apres-la-satisfaction-des-besoins-du-marche-local-lexportation-des-oeufs-de-consommation-autorisee\\\/#breadcrumblist\"},\"author\":{\"@id\":\"https:\\\/\\\/lasentinelle.dz\\\/author\\\/admin\\\/#author\"},\"creator\":{\"@id\":\"https:\\\/\\\/lasentinelle.dz\\\/author\\\/admin\\\/#author\"},\"image\":{\"@type\":\"ImageObject\",\"url\":\"https:\\\/\\\/lasentinelle.dz\\\/wp-content\\\/uploads\\\/2025\\\/07\\\/OEufs.webp\",\"@id\":\"https:\\\/\\\/lasentinelle.dz\\\/index.php\\\/2025\\\/07\\\/13\\\/apres-la-satisfaction-des-besoins-du-marche-local-lexportation-des-oeufs-de-consommation-autorisee\\\/#mainImage\",\"width\":2560,\"height\":1337},\"primaryImageOfPage\":{\"@id\":\"https:\\\/\\\/lasentinelle.dz\\\/index.php\\\/2025\\\/07\\\/13\\\/apres-la-satisfaction-des-besoins-du-marche-local-lexportation-des-oeufs-de-consommation-autorisee\\\/#mainImage\"},\"datePublished\":\"2025-07-13T12:25:53+01:00\",\"dateModified\":\"2025-07-13T12:25:54+01:00\"},{\"@type\":\"WebSite\",\"@id\":\"https:\\\/\\\/lasentinelle.dz\\\/#website\",\"url\":\"https:\\\/\\\/lasentinelle.dz\\\/\",\"name\":\"La Sentinelle\",\"description\":\"Quotidien national d'information\",\"inLanguage\":\"fr-FR\",\"publisher\":{\"@id\":\"https:\\\/\\\/lasentinelle.dz\\\/#organization\"}}]}\n\t\t<\/script>\n\t\t<!-- All in One SEO -->\n\n","aioseo_head_json":{"title":"Apr\u00e8s la satisfaction des besoins du march\u00e9 local: L\u2019exportation des \u0153ufs de consommation autoris\u00e9e - La Sentinelle","description":"La F\u00e9d\u00e9ration nationale des aviculteurs a annonc\u00e9 samedi, sur son compte Facebook, que le minist\u00e8re du Commerce ext\u00e9rieur a accord\u00e9 l'autorisation officielle pour l'exportation des \u0153ufs de consommation. Cette d\u00e9cision, salu\u00e9e par la f\u00e9d\u00e9ration rattach\u00e9e \u00e0 l'Union nationale des agriculteurs alg\u00e9riens, r\u00e9sulte de \"la coordination continue et des efforts efficaces\" des minist\u00e8res de l'Agriculture et","canonical_url":"https:\/\/lasentinelle.dz\/index.php\/2025\/07\/13\/apres-la-satisfaction-des-besoins-du-marche-local-lexportation-des-oeufs-de-consommation-autorisee\/","robots":"max-image-preview:large","keywords":"","webmasterTools":{"miscellaneous":""},"schema":{"@context":"https:\/\/schema.org","@graph":[{"@type":"BlogPosting","@id":"https:\/\/lasentinelle.dz\/index.php\/2025\/07\/13\/apres-la-satisfaction-des-besoins-du-marche-local-lexportation-des-oeufs-de-consommation-autorisee\/#blogposting","name":"Apr\u00e8s la satisfaction des besoins du march\u00e9 local: L\u2019exportation des \u0153ufs de consommation autoris\u00e9e - La Sentinelle","headline":"Apr\u00e8s la satisfaction des besoins du march\u00e9 local: L&rsquo;exportation des \u0153ufs de consommation autoris\u00e9e","author":{"@id":"https:\/\/lasentinelle.dz\/author\/admin\/#author"},"publisher":{"@id":"https:\/\/lasentinelle.dz\/#organization"},"image":{"@type":"ImageObject","url":"https:\/\/lasentinelle.dz\/wp-content\/uploads\/2025\/07\/OEufs.webp","width":2560,"height":1337},"datePublished":"2025-07-13T12:25:53+01:00","dateModified":"2025-07-13T12:25:54+01:00","inLanguage":"fr-FR","mainEntityOfPage":{"@id":"https:\/\/lasentinelle.dz\/index.php\/2025\/07\/13\/apres-la-satisfaction-des-besoins-du-marche-local-lexportation-des-oeufs-de-consommation-autorisee\/#webpage"},"isPartOf":{"@id":"https:\/\/lasentinelle.dz\/index.php\/2025\/07\/13\/apres-la-satisfaction-des-besoins-du-marche-local-lexportation-des-oeufs-de-consommation-autorisee\/#webpage"},"articleSection":"\u00c0 la Une, \u00c9conomie"},{"@type":"BreadcrumbList","@id":"https:\/\/lasentinelle.dz\/index.php\/2025\/07\/13\/apres-la-satisfaction-des-besoins-du-marche-local-lexportation-des-oeufs-de-consommation-autorisee\/#breadcrumblist","itemListElement":[{"@type":"ListItem","@id":"https:\/\/lasentinelle.dz#listItem","position":1,"name":"Home","item":"https:\/\/lasentinelle.dz","nextItem":{"@type":"ListItem","@id":"https:\/\/lasentinelle.dz\/index.php\/category\/economie\/#listItem","name":"\u00c9conomie"}},{"@type":"ListItem","@id":"https:\/\/lasentinelle.dz\/index.php\/category\/economie\/#listItem","position":2,"name":"\u00c9conomie","item":"https:\/\/lasentinelle.dz\/index.php\/category\/economie\/","nextItem":{"@type":"ListItem","@id":"https:\/\/lasentinelle.dz\/index.php\/2025\/07\/13\/apres-la-satisfaction-des-besoins-du-marche-local-lexportation-des-oeufs-de-consommation-autorisee\/#listItem","name":"Apr\u00e8s la satisfaction des besoins du march\u00e9 local: L&rsquo;exportation des \u0153ufs de consommation autoris\u00e9e"},"previousItem":{"@type":"ListItem","@id":"https:\/\/lasentinelle.dz#listItem","name":"Home"}},{"@type":"ListItem","@id":"https:\/\/lasentinelle.dz\/index.php\/2025\/07\/13\/apres-la-satisfaction-des-besoins-du-marche-local-lexportation-des-oeufs-de-consommation-autorisee\/#listItem","position":3,"name":"Apr\u00e8s la satisfaction des besoins du march\u00e9 local: L&rsquo;exportation des \u0153ufs de consommation autoris\u00e9e","previousItem":{"@type":"ListItem","@id":"https:\/\/lasentinelle.dz\/index.php\/category\/economie\/#listItem","name":"\u00c9conomie"}}]},{"@type":"Organization","@id":"https:\/\/lasentinelle.dz\/#organization","name":"La Sentinelle La Sentinelle","description":"Quotidien national d'information","url":"https:\/\/lasentinelle.dz\/","logo":{"@type":"ImageObject","url":"https:\/\/lasentinelle.dz\/wp-content\/uploads\/2021\/09\/cropped-la-sentinelle-earth-golden-anima-5.gif","@id":"https:\/\/lasentinelle.dz\/index.php\/2025\/07\/13\/apres-la-satisfaction-des-besoins-du-marche-local-lexportation-des-oeufs-de-consommation-autorisee\/#organizationLogo","width":450,"height":213},"image":{"@id":"https:\/\/lasentinelle.dz\/index.php\/2025\/07\/13\/apres-la-satisfaction-des-besoins-du-marche-local-lexportation-des-oeufs-de-consommation-autorisee\/#organizationLogo"},"sameAs":["https:\/\/www.facebook.com\/azzedine.lasentinelle.1"]},{"@type":"Person","@id":"https:\/\/lasentinelle.dz\/author\/admin\/#author","url":"https:\/\/lasentinelle.dz\/author\/admin\/","name":"admin","image":{"@type":"ImageObject","@id":"https:\/\/lasentinelle.dz\/index.php\/2025\/07\/13\/apres-la-satisfaction-des-besoins-du-marche-local-lexportation-des-oeufs-de-consommation-autorisee\/#authorImage","url":"https:\/\/secure.gravatar.com\/avatar\/4c81fed838786e9b53f540bf46533e750f5d292099ae3b66cfc6fb1982e29df7?s=96&d=mm&r=g","width":96,"height":96,"caption":"admin"}},{"@type":"WebPage","@id":"https:\/\/lasentinelle.dz\/index.php\/2025\/07\/13\/apres-la-satisfaction-des-besoins-du-marche-local-lexportation-des-oeufs-de-consommation-autorisee\/#webpage","url":"https:\/\/lasentinelle.dz\/index.php\/2025\/07\/13\/apres-la-satisfaction-des-besoins-du-marche-local-lexportation-des-oeufs-de-consommation-autorisee\/","name":"Apr\u00e8s la satisfaction des besoins du march\u00e9 local: L\u2019exportation des \u0153ufs de consommation autoris\u00e9e - La Sentinelle","description":"La F\u00e9d\u00e9ration nationale des aviculteurs a annonc\u00e9 samedi, sur son compte Facebook, que le minist\u00e8re du Commerce ext\u00e9rieur a accord\u00e9 l'autorisation officielle pour l'exportation des \u0153ufs de consommation. Cette d\u00e9cision, salu\u00e9e par la f\u00e9d\u00e9ration rattach\u00e9e \u00e0 l'Union nationale des agriculteurs alg\u00e9riens, r\u00e9sulte de \"la coordination continue et des efforts efficaces\" des minist\u00e8res de l'Agriculture et","inLanguage":"fr-FR","isPartOf":{"@id":"https:\/\/lasentinelle.dz\/#website"},"breadcrumb":{"@id":"https:\/\/lasentinelle.dz\/index.php\/2025\/07\/13\/apres-la-satisfaction-des-besoins-du-marche-local-lexportation-des-oeufs-de-consommation-autorisee\/#breadcrumblist"},"author":{"@id":"https:\/\/lasentinelle.dz\/author\/admin\/#author"},"creator":{"@id":"https:\/\/lasentinelle.dz\/author\/admin\/#author"},"image":{"@type":"ImageObject","url":"https:\/\/lasentinelle.dz\/wp-content\/uploads\/2025\/07\/OEufs.webp","@id":"https:\/\/lasentinelle.dz\/index.php\/2025\/07\/13\/apres-la-satisfaction-des-besoins-du-marche-local-lexportation-des-oeufs-de-consommation-autorisee\/#mainImage","width":2560,"height":1337},"primaryImageOfPage":{"@id":"https:\/\/lasentinelle.dz\/index.php\/2025\/07\/13\/apres-la-satisfaction-des-besoins-du-marche-local-lexportation-des-oeufs-de-consommation-autorisee\/#mainImage"},"datePublished":"2025-07-13T12:25:53+01:00","dateModified":"2025-07-13T12:25:54+01:00"},{"@type":"WebSite","@id":"https:\/\/lasentinelle.dz\/#website","url":"https:\/\/lasentinelle.dz\/","name":"La Sentinelle","description":"Quotidien national d'information","inLanguage":"fr-FR","publisher":{"@id":"https:\/\/lasentinelle.dz\/#organization"}}]},"og:locale":"fr_FR","og:site_name":"La Sentinelle - Quotidien national d'information","og:type":"article","og:title":"Apr\u00e8s la satisfaction des besoins du march\u00e9 local: L\u2019exportation des \u0153ufs de consommation autoris\u00e9e - La Sentinelle","og:description":"La F\u00e9d\u00e9ration nationale des aviculteurs a annonc\u00e9 samedi, sur son compte Facebook, que le minist\u00e8re du Commerce ext\u00e9rieur a accord\u00e9 l'autorisation officielle pour l'exportation des \u0153ufs de consommation. Cette d\u00e9cision, salu\u00e9e par la f\u00e9d\u00e9ration rattach\u00e9e \u00e0 l'Union nationale des agriculteurs alg\u00e9riens, r\u00e9sulte de &quot;la coordination continue et des efforts efficaces&quot; des minist\u00e8res de l'Agriculture et","og:url":"https:\/\/lasentinelle.dz\/index.php\/2025\/07\/13\/apres-la-satisfaction-des-besoins-du-marche-local-lexportation-des-oeufs-de-consommation-autorisee\/","og:image":"https:\/\/lasentinelle.dz\/wp-content\/uploads\/2021\/09\/cropped-la-sentinelle-earth-golden-anima-5.gif","og:image:secure_url":"https:\/\/lasentinelle.dz\/wp-content\/uploads\/2021\/09\/cropped-la-sentinelle-earth-golden-anima-5.gif","og:image:width":450,"og:image:height":213,"article:published_time":"2025-07-13T11:25:53+00:00","article:modified_time":"2025-07-13T11:25:54+00:00","article:publisher":"https:\/\/www.facebook.com\/azzedine.lasentinelle.1","twitter:card":"summary_large_image","twitter:title":"Apr\u00e8s la satisfaction des besoins du march\u00e9 local: L\u2019exportation des \u0153ufs de consommation autoris\u00e9e - La Sentinelle","twitter:description":"La F\u00e9d\u00e9ration nationale des aviculteurs a annonc\u00e9 samedi, sur son compte Facebook, que le minist\u00e8re du Commerce ext\u00e9rieur a accord\u00e9 l'autorisation officielle pour l'exportation des \u0153ufs de consommation. Cette d\u00e9cision, salu\u00e9e par la f\u00e9d\u00e9ration rattach\u00e9e \u00e0 l'Union nationale des agriculteurs alg\u00e9riens, r\u00e9sulte de &quot;la coordination continue et des efforts efficaces&quot; des minist\u00e8res de l'Agriculture et","twitter:image":"https:\/\/lasentinelle.dz\/wp-content\/uploads\/2021\/09\/cropped-la-sentinelle-earth-golden-anima-5.gif"},"aioseo_meta_data":{"post_id":"70247","title":null,"description":null,"keywords":null,"keyphrases":null,"primary_term":null,"canonical_url":null,"og_title":null,"og_description":null,"og_object_type":"default","og_image_type":"default","og_image_url":null,"og_image_width":null,"og_image_height":null,"og_image_custom_url":null,"og_image_custom_fields":null,"og_video":null,"og_custom_url":null,"og_article_section":null,"og_article_tags":null,"twitter_use_og":false,"twitter_card":"default","twitter_image_type":"default","twitter_image_url":null,"twitter_image_custom_url":null,"twitter_image_custom_fields":null,"twitter_title":null,"twitter_description":null,"schema":{"blockGraphs":[],"customGraphs":[],"default":{"data":{"Article":[],"Course":[],"Dataset":[],"FAQPage":[],"Movie":[],"Person":[],"Product":[],"ProductReview":[],"Car":[],"Recipe":[],"Service":[],"SoftwareApplication":[],"WebPage":[]},"graphName":"","isEnabled":true},"graphs":[]},"schema_type":"default","schema_type_options":null,"pillar_content":false,"robots_default":true,"robots_noindex":false,"robots_noarchive":false,"robots_nosnippet":false,"robots_nofollow":false,"robots_noimageindex":false,"robots_noodp":false,"robots_notranslate":false,"robots_max_snippet":null,"robots_max_videopreview":null,"robots_max_imagepreview":"large","priority":null,"frequency":null,"local_seo":null,"breadcrumb_settings":null,"limit_modified_date":false,"ai":null,"created":"2026-05-12 07:40:06","updated":"2026-05-12 07:40:06","focus_keyword":null,"additional_keywords":null,"truseo_locale":null,"seo_analyzer_scan_date":null},"aioseo_breadcrumb":"<div class=\"aioseo-breadcrumbs\"><span class=\"aioseo-breadcrumb\">\n\t\t\t<a href=\"https:\/\/lasentinelle.dz\" title=\"Home\">Home<\/a>\n\t\t<\/span><span class=\"aioseo-breadcrumb-separator\">&raquo;<\/span><span class=\"aioseo-breadcrumb\">\n\t\t\t<a href=\"https:\/\/lasentinelle.dz\/index.php\/category\/economie\/\" title=\"\u00c9conomie\">\u00c9conomie<\/a>\n\t\t<\/span><span class=\"aioseo-breadcrumb-separator\">&raquo;<\/span><span class=\"aioseo-breadcrumb\">\n\t\t\tApr\u00e8s la satisfaction des besoins du march\u00e9 local: L\u2019exportation des \u0153ufs de consommation autoris\u00e9e\n\t\t<\/span><\/div>","aioseo_breadcrumb_json":[{"label":"Home","link":"https:\/\/lasentinelle.dz"},{"label":"\u00c9conomie","link":"https:\/\/lasentinelle.dz\/index.php\/category\/economie\/"},{"label":"Apr\u00e8s la satisfaction des besoins du march\u00e9 local: L&rsquo;exportation des \u0153ufs de consommation autoris\u00e9e","link":"https:\/\/lasentinelle.dz\/index.php\/2025\/07\/13\/apres-la-satisfaction-des-besoins-du-marche-local-lexportation-des-oeufs-de-consommation-autorisee\/"}],"yoast_head":"<!-- This site is optimized with the Yoast SEO plugin v28.3 - https:\/\/yoast.com\/product\/yoast-seo-wordpress\/ -->\n<title>Apr\u00e8s la satisfaction des besoins du march\u00e9 local: L&rsquo;exportation des \u0153ufs de consommation autoris\u00e9e - La Sentinelle<\/title>\n<meta name=\"robots\" content=\"index, follow, max-snippet:-1, max-image-preview:large, max-video-preview:-1\" \/>\n<link rel=\"canonical\" href=\"https:\/\/lasentinelle.dz\/index.php\/2025\/07\/13\/apres-la-satisfaction-des-besoins-du-marche-local-lexportation-des-oeufs-de-consommation-autorisee\/\" \/>\n<meta property=\"og:locale\" content=\"fr_FR\" \/>\n<meta property=\"og:type\" content=\"article\" \/>\n<meta property=\"og:title\" content=\"Apr\u00e8s la satisfaction des besoins du march\u00e9 local: L&rsquo;exportation des \u0153ufs de consommation autoris\u00e9e - La Sentinelle\" \/>\n<meta property=\"og:description\" content=\"La F\u00e9d\u00e9ration nationale des aviculteurs a annonc\u00e9 samedi, sur son compte Facebook, que le minist\u00e8re du Commerce ext\u00e9rieur a accord\u00e9\" \/>\n<meta property=\"og:url\" content=\"https:\/\/lasentinelle.dz\/index.php\/2025\/07\/13\/apres-la-satisfaction-des-besoins-du-marche-local-lexportation-des-oeufs-de-consommation-autorisee\/\" \/>\n<meta property=\"og:site_name\" content=\"La Sentinelle\" \/>\n<meta property=\"article:publisher\" content=\"https:\/\/www.facebook.com\/La-Sentinelle-104059864394773\" \/>\n<meta property=\"article:published_time\" content=\"2025-07-13T11:25:53+00:00\" \/>\n<meta property=\"article:modified_time\" content=\"2025-07-13T11:25:54+00:00\" \/>\n<meta property=\"og:image\" content=\"https:\/\/lasentinelle.dz\/wp-content\/uploads\/2025\/07\/OEufs.webp\" \/>\n\t<meta property=\"og:image:width\" content=\"2560\" \/>\n\t<meta property=\"og:image:height\" content=\"1337\" \/>\n\t<meta property=\"og:image:type\" content=\"image\/webp\" \/>\n<meta name=\"author\" content=\"admin\" \/>\n<meta name=\"twitter:card\" content=\"summary_large_image\" \/>\n<meta name=\"twitter:label1\" content=\"\u00c9crit par\" \/>\n\t<meta name=\"twitter:data1\" content=\"admin\" \/>\n\t<meta name=\"twitter:label2\" content=\"Dur\u00e9e de lecture estim\u00e9e\" \/>\n\t<meta name=\"twitter:data2\" content=\"2 minutes\" \/>\n<script type=\"application\/ld+json\" class=\"yoast-schema-graph\">{\"@context\":\"https:\\\/\\\/schema.org\",\"@graph\":[{\"@type\":\"Article\",\"@id\":\"https:\\\/\\\/lasentinelle.dz\\\/index.php\\\/2025\\\/07\\\/13\\\/apres-la-satisfaction-des-besoins-du-marche-local-lexportation-des-oeufs-de-consommation-autorisee\\\/#article\",\"isPartOf\":{\"@id\":\"https:\\\/\\\/lasentinelle.dz\\\/index.php\\\/2025\\\/07\\\/13\\\/apres-la-satisfaction-des-besoins-du-marche-local-lexportation-des-oeufs-de-consommation-autorisee\\\/\"},\"author\":{\"name\":\"admin\",\"@id\":\"https:\\\/\\\/lasentinelle.dz\\\/#\\\/schema\\\/person\\\/729ee0024f24e0b8c5ec17232f8e8b41\"},\"headline\":\"Apr\u00e8s la satisfaction des besoins du march\u00e9 local: L&rsquo;exportation des \u0153ufs de consommation autoris\u00e9e\",\"datePublished\":\"2025-07-13T11:25:53+00:00\",\"dateModified\":\"2025-07-13T11:25:54+00:00\",\"mainEntityOfPage\":{\"@id\":\"https:\\\/\\\/lasentinelle.dz\\\/index.php\\\/2025\\\/07\\\/13\\\/apres-la-satisfaction-des-besoins-du-marche-local-lexportation-des-oeufs-de-consommation-autorisee\\\/\"},\"wordCount\":259,\"commentCount\":0,\"publisher\":{\"@id\":\"https:\\\/\\\/lasentinelle.dz\\\/#organization\"},\"image\":{\"@id\":\"https:\\\/\\\/lasentinelle.dz\\\/index.php\\\/2025\\\/07\\\/13\\\/apres-la-satisfaction-des-besoins-du-marche-local-lexportation-des-oeufs-de-consommation-autorisee\\\/#primaryimage\"},\"thumbnailUrl\":\"https:\\\/\\\/lasentinelle.dz\\\/wp-content\\\/uploads\\\/2025\\\/07\\\/OEufs.webp\",\"articleSection\":[\"\u00c0 la Une\",\"\u00c9conomie\"],\"inLanguage\":\"fr-FR\",\"potentialAction\":[{\"@type\":\"CommentAction\",\"name\":\"Comment\",\"target\":[\"https:\\\/\\\/lasentinelle.dz\\\/index.php\\\/2025\\\/07\\\/13\\\/apres-la-satisfaction-des-besoins-du-marche-local-lexportation-des-oeufs-de-consommation-autorisee\\\/#respond\"]}]},{\"@type\":\"WebPage\",\"@id\":\"https:\\\/\\\/lasentinelle.dz\\\/index.php\\\/2025\\\/07\\\/13\\\/apres-la-satisfaction-des-besoins-du-marche-local-lexportation-des-oeufs-de-consommation-autorisee\\\/\",\"url\":\"https:\\\/\\\/lasentinelle.dz\\\/index.php\\\/2025\\\/07\\\/13\\\/apres-la-satisfaction-des-besoins-du-marche-local-lexportation-des-oeufs-de-consommation-autorisee\\\/\",\"name\":\"Apr\u00e8s la satisfaction des besoins du march\u00e9 local: L&rsquo;exportation des \u0153ufs de consommation autoris\u00e9e - La Sentinelle\",\"isPartOf\":{\"@id\":\"https:\\\/\\\/lasentinelle.dz\\\/#website\"},\"primaryImageOfPage\":{\"@id\":\"https:\\\/\\\/lasentinelle.dz\\\/index.php\\\/2025\\\/07\\\/13\\\/apres-la-satisfaction-des-besoins-du-marche-local-lexportation-des-oeufs-de-consommation-autorisee\\\/#primaryimage\"},\"image\":{\"@id\":\"https:\\\/\\\/lasentinelle.dz\\\/index.php\\\/2025\\\/07\\\/13\\\/apres-la-satisfaction-des-besoins-du-marche-local-lexportation-des-oeufs-de-consommation-autorisee\\\/#primaryimage\"},\"thumbnailUrl\":\"https:\\\/\\\/lasentinelle.dz\\\/wp-content\\\/uploads\\\/2025\\\/07\\\/OEufs.webp\",\"datePublished\":\"2025-07-13T11:25:53+00:00\",\"dateModified\":\"2025-07-13T11:25:54+00:00\",\"breadcrumb\":{\"@id\":\"https:\\\/\\\/lasentinelle.dz\\\/index.php\\\/2025\\\/07\\\/13\\\/apres-la-satisfaction-des-besoins-du-marche-local-lexportation-des-oeufs-de-consommation-autorisee\\\/#breadcrumb\"},\"inLanguage\":\"fr-FR\",\"potentialAction\":[{\"@type\":\"ReadAction\",\"target\":[\"https:\\\/\\\/lasentinelle.dz\\\/index.php\\\/2025\\\/07\\\/13\\\/apres-la-satisfaction-des-besoins-du-marche-local-lexportation-des-oeufs-de-consommation-autorisee\\\/\"]}]},{\"@type\":\"ImageObject\",\"inLanguage\":\"fr-FR\",\"@id\":\"https:\\\/\\\/lasentinelle.dz\\\/index.php\\\/2025\\\/07\\\/13\\\/apres-la-satisfaction-des-besoins-du-marche-local-lexportation-des-oeufs-de-consommation-autorisee\\\/#primaryimage\",\"url\":\"https:\\\/\\\/lasentinelle.dz\\\/wp-content\\\/uploads\\\/2025\\\/07\\\/OEufs.webp\",\"contentUrl\":\"https:\\\/\\\/lasentinelle.dz\\\/wp-content\\\/uploads\\\/2025\\\/07\\\/OEufs.webp\",\"width\":2560,\"height\":1337},{\"@type\":\"BreadcrumbList\",\"@id\":\"https:\\\/\\\/lasentinelle.dz\\\/index.php\\\/2025\\\/07\\\/13\\\/apres-la-satisfaction-des-besoins-du-marche-local-lexportation-des-oeufs-de-consommation-autorisee\\\/#breadcrumb\",\"itemListElement\":[{\"@type\":\"ListItem\",\"position\":1,\"name\":\"Accueil\",\"item\":\"https:\\\/\\\/lasentinelle.dz\\\/\"},{\"@type\":\"ListItem\",\"position\":2,\"name\":\"Apr\u00e8s la satisfaction des besoins du march\u00e9 local: L&rsquo;exportation des \u0153ufs de consommation autoris\u00e9e\"}]},{\"@type\":\"WebSite\",\"@id\":\"https:\\\/\\\/lasentinelle.dz\\\/#website\",\"url\":\"https:\\\/\\\/lasentinelle.dz\\\/\",\"name\":\"La Sentinelle\",\"description\":\"Quotidien national d&#039;information\",\"publisher\":{\"@id\":\"https:\\\/\\\/lasentinelle.dz\\\/#organization\"},\"potentialAction\":[{\"@type\":\"SearchAction\",\"target\":{\"@type\":\"EntryPoint\",\"urlTemplate\":\"https:\\\/\\\/lasentinelle.dz\\\/?s={search_term_string}\"},\"query-input\":{\"@type\":\"PropertyValueSpecification\",\"valueRequired\":true,\"valueName\":\"search_term_string\"}}],\"inLanguage\":\"fr-FR\"},{\"@type\":\"Organization\",\"@id\":\"https:\\\/\\\/lasentinelle.dz\\\/#organization\",\"name\":\"Quotidien La Sentinelle\",\"url\":\"https:\\\/\\\/lasentinelle.dz\\\/\",\"logo\":{\"@type\":\"ImageObject\",\"inLanguage\":\"fr-FR\",\"@id\":\"https:\\\/\\\/lasentinelle.dz\\\/#\\\/schema\\\/logo\\\/image\\\/\",\"url\":\"https:\\\/\\\/lasentinelle.dz\\\/wp-content\\\/uploads\\\/2021\\\/09\\\/logo-sentinelleSLOGAN-1.png\",\"contentUrl\":\"https:\\\/\\\/lasentinelle.dz\\\/wp-content\\\/uploads\\\/2021\\\/09\\\/logo-sentinelleSLOGAN-1.png\",\"width\":615,\"height\":142,\"caption\":\"Quotidien La Sentinelle\"},\"image\":{\"@id\":\"https:\\\/\\\/lasentinelle.dz\\\/#\\\/schema\\\/logo\\\/image\\\/\"},\"sameAs\":[\"https:\\\/\\\/www.facebook.com\\\/La-Sentinelle-104059864394773\"]},{\"@type\":\"Person\",\"@id\":\"https:\\\/\\\/lasentinelle.dz\\\/#\\\/schema\\\/person\\\/729ee0024f24e0b8c5ec17232f8e8b41\",\"name\":\"admin\",\"image\":{\"@type\":\"ImageObject\",\"inLanguage\":\"fr-FR\",\"@id\":\"https:\\\/\\\/secure.gravatar.com\\\/avatar\\\/4c81fed838786e9b53f540bf46533e750f5d292099ae3b66cfc6fb1982e29df7?s=96&d=mm&r=g\",\"url\":\"https:\\\/\\\/secure.gravatar.com\\\/avatar\\\/4c81fed838786e9b53f540bf46533e750f5d292099ae3b66cfc6fb1982e29df7?s=96&d=mm&r=g\",\"contentUrl\":\"https:\\\/\\\/secure.gravatar.com\\\/avatar\\\/4c81fed838786e9b53f540bf46533e750f5d292099ae3b66cfc6fb1982e29df7?s=96&d=mm&r=g\",\"caption\":\"admin\"},\"description\":\"admin\",\"url\":\"https:\\\/\\\/lasentinelle.dz\\\/author\\\/admin\\\/\"}]}<\/script>\n<!-- \/ Yoast SEO plugin. -->","yoast_head_json":{"title":"Apr\u00e8s la satisfaction des besoins du march\u00e9 local: L&rsquo;exportation des \u0153ufs de consommation autoris\u00e9e - La Sentinelle","robots":{"index":"index","follow":"follow","max-snippet":"max-snippet:-1","max-image-preview":"max-image-preview:large","max-video-preview":"max-video-preview:-1"},"canonical":"https:\/\/lasentinelle.dz\/index.php\/2025\/07\/13\/apres-la-satisfaction-des-besoins-du-marche-local-lexportation-des-oeufs-de-consommation-autorisee\/","og_locale":"fr_FR","og_type":"article","og_title":"Apr\u00e8s la satisfaction des besoins du march\u00e9 local: L&rsquo;exportation des \u0153ufs de consommation autoris\u00e9e - La Sentinelle","og_description":"La F\u00e9d\u00e9ration nationale des aviculteurs a annonc\u00e9 samedi, sur son compte Facebook, que le minist\u00e8re du Commerce ext\u00e9rieur a accord\u00e9","og_url":"https:\/\/lasentinelle.dz\/index.php\/2025\/07\/13\/apres-la-satisfaction-des-besoins-du-marche-local-lexportation-des-oeufs-de-consommation-autorisee\/","og_site_name":"La Sentinelle","article_publisher":"https:\/\/www.facebook.com\/La-Sentinelle-104059864394773","article_published_time":"2025-07-13T11:25:53+00:00","article_modified_time":"2025-07-13T11:25:54+00:00","og_image":[{"width":2560,"height":1337,"url":"https:\/\/lasentinelle.dz\/wp-content\/uploads\/2025\/07\/OEufs.webp","type":"image\/webp"}],"author":"admin","twitter_card":"summary_large_image","twitter_misc":{"\u00c9crit par":"admin","Dur\u00e9e de lecture estim\u00e9e":"2 minutes"},"schema":{"@context":"https:\/\/schema.org","@graph":[{"@type":"Article","@id":"https:\/\/lasentinelle.dz\/index.php\/2025\/07\/13\/apres-la-satisfaction-des-besoins-du-marche-local-lexportation-des-oeufs-de-consommation-autorisee\/#article","isPartOf":{"@id":"https:\/\/lasentinelle.dz\/index.php\/2025\/07\/13\/apres-la-satisfaction-des-besoins-du-marche-local-lexportation-des-oeufs-de-consommation-autorisee\/"},"author":{"name":"admin","@id":"https:\/\/lasentinelle.dz\/#\/schema\/person\/729ee0024f24e0b8c5ec17232f8e8b41"},"headline":"Apr\u00e8s la satisfaction des besoins du march\u00e9 local: L&rsquo;exportation des \u0153ufs de consommation autoris\u00e9e","datePublished":"2025-07-13T11:25:53+00:00","dateModified":"2025-07-13T11:25:54+00:00","mainEntityOfPage":{"@id":"https:\/\/lasentinelle.dz\/index.php\/2025\/07\/13\/apres-la-satisfaction-des-besoins-du-marche-local-lexportation-des-oeufs-de-consommation-autorisee\/"},"wordCount":259,"commentCount":0,"publisher":{"@id":"https:\/\/lasentinelle.dz\/#organization"},"image":{"@id":"https:\/\/lasentinelle.dz\/index.php\/2025\/07\/13\/apres-la-satisfaction-des-besoins-du-marche-local-lexportation-des-oeufs-de-consommation-autorisee\/#primaryimage"},"thumbnailUrl":"https:\/\/lasentinelle.dz\/wp-content\/uploads\/2025\/07\/OEufs.webp","articleSection":["\u00c0 la Une","\u00c9conomie"],"inLanguage":"fr-FR","potentialAction":[{"@type":"CommentAction","name":"Comment","target":["https:\/\/lasentinelle.dz\/index.php\/2025\/07\/13\/apres-la-satisfaction-des-besoins-du-marche-local-lexportation-des-oeufs-de-consommation-autorisee\/#respond"]}]},{"@type":"WebPage","@id":"https:\/\/lasentinelle.dz\/index.php\/2025\/07\/13\/apres-la-satisfaction-des-besoins-du-marche-local-lexportation-des-oeufs-de-consommation-autorisee\/","url":"https:\/\/lasentinelle.dz\/index.php\/2025\/07\/13\/apres-la-satisfaction-des-besoins-du-marche-local-lexportation-des-oeufs-de-consommation-autorisee\/","name":"Apr\u00e8s la satisfaction des besoins du march\u00e9 local: L&rsquo;exportation des \u0153ufs de consommation autoris\u00e9e - La Sentinelle","isPartOf":{"@id":"https:\/\/lasentinelle.dz\/#website"},"primaryImageOfPage":{"@id":"https:\/\/lasentinelle.dz\/index.php\/2025\/07\/13\/apres-la-satisfaction-des-besoins-du-marche-local-lexportation-des-oeufs-de-consommation-autorisee\/#primaryimage"},"image":{"@id":"https:\/\/lasentinelle.dz\/index.php\/2025\/07\/13\/apres-la-satisfaction-des-besoins-du-marche-local-lexportation-des-oeufs-de-consommation-autorisee\/#primaryimage"},"thumbnailUrl":"https:\/\/lasentinelle.dz\/wp-content\/uploads\/2025\/07\/OEufs.webp","datePublished":"2025-07-13T11:25:53+00:00","dateModified":"2025-07-13T11:25:54+00:00","breadcrumb":{"@id":"https:\/\/lasentinelle.dz\/index.php\/2025\/07\/13\/apres-la-satisfaction-des-besoins-du-marche-local-lexportation-des-oeufs-de-consommation-autorisee\/#breadcrumb"},"inLanguage":"fr-FR","potentialAction":[{"@type":"ReadAction","target":["https:\/\/lasentinelle.dz\/index.php\/2025\/07\/13\/apres-la-satisfaction-des-besoins-du-marche-local-lexportation-des-oeufs-de-consommation-autorisee\/"]}]},{"@type":"ImageObject","inLanguage":"fr-FR","@id":"https:\/\/lasentinelle.dz\/index.php\/2025\/07\/13\/apres-la-satisfaction-des-besoins-du-marche-local-lexportation-des-oeufs-de-consommation-autorisee\/#primaryimage","url":"https:\/\/lasentinelle.dz\/wp-content\/uploads\/2025\/07\/OEufs.webp","contentUrl":"https:\/\/lasentinelle.dz\/wp-content\/uploads\/2025\/07\/OEufs.webp","width":2560,"height":1337},{"@type":"BreadcrumbList","@id":"https:\/\/lasentinelle.dz\/index.php\/2025\/07\/13\/apres-la-satisfaction-des-besoins-du-marche-local-lexportation-des-oeufs-de-consommation-autorisee\/#breadcrumb","itemListElement":[{"@type":"ListItem","position":1,"name":"Accueil","item":"https:\/\/lasentinelle.dz\/"},{"@type":"ListItem","position":2,"name":"Apr\u00e8s la satisfaction des besoins du march\u00e9 local: L&rsquo;exportation des \u0153ufs de consommation autoris\u00e9e"}]},{"@type":"WebSite","@id":"https:\/\/lasentinelle.dz\/#website","url":"https:\/\/lasentinelle.dz\/","name":"La Sentinelle","description":"Quotidien national d&#039;information","publisher":{"@id":"https:\/\/lasentinelle.dz\/#organization"},"potentialAction":[{"@type":"SearchAction","target":{"@type":"EntryPoint","urlTemplate":"https:\/\/lasentinelle.dz\/?s={search_term_string}"},"query-input":{"@type":"PropertyValueSpecification","valueRequired":true,"valueName":"search_term_string"}}],"inLanguage":"fr-FR"},{"@type":"Organization","@id":"https:\/\/lasentinelle.dz\/#organization","name":"Quotidien La Sentinelle","url":"https:\/\/lasentinelle.dz\/","logo":{"@type":"ImageObject","inLanguage":"fr-FR","@id":"https:\/\/lasentinelle.dz\/#\/schema\/logo\/image\/","url":"https:\/\/lasentinelle.dz\/wp-content\/uploads\/2021\/09\/logo-sentinelleSLOGAN-1.png","contentUrl":"https:\/\/lasentinelle.dz\/wp-content\/uploads\/2021\/09\/logo-sentinelleSLOGAN-1.png","width":615,"height":142,"caption":"Quotidien La Sentinelle"},"image":{"@id":"https:\/\/lasentinelle.dz\/#\/schema\/logo\/image\/"},"sameAs":["https:\/\/www.facebook.com\/La-Sentinelle-104059864394773"]},{"@type":"Person","@id":"https:\/\/lasentinelle.dz\/#\/schema\/person\/729ee0024f24e0b8c5ec17232f8e8b41","name":"admin","image":{"@type":"ImageObject","inLanguage":"fr-FR","@id":"https:\/\/secure.gravatar.com\/avatar\/4c81fed838786e9b53f540bf46533e750f5d292099ae3b66cfc6fb1982e29df7?s=96&d=mm&r=g","url":"https:\/\/secure.gravatar.com\/avatar\/4c81fed838786e9b53f540bf46533e750f5d292099ae3b66cfc6fb1982e29df7?s=96&d=mm&r=g","contentUrl":"https:\/\/secure.gravatar.com\/avatar\/4c81fed838786e9b53f540bf46533e750f5d292099ae3b66cfc6fb1982e29df7?s=96&d=mm&r=g","caption":"admin"},"description":"admin","url":"https:\/\/lasentinelle.dz\/author\/admin\/"}]}},"_links":{"self":[{"href":"https:\/\/lasentinelle.dz\/index.php\/wp-json\/wp\/v2\/posts\/70247","targetHints":{"allow":["GET"]}}],"collection":[{"href":"https:\/\/lasentinelle.dz\/index.php\/wp-json\/wp\/v2\/posts"}],"about":[{"href":"https:\/\/lasentinelle.dz\/index.php\/wp-json\/wp\/v2\/types\/post"}],"author":[{"embeddable":true,"href":"https:\/\/lasentinelle.dz\/index.php\/wp-json\/wp\/v2\/users\/6"}],"replies":[{"embeddable":true,"href":"https:\/\/lasentinelle.dz\/index.php\/wp-json\/wp\/v2\/comments?post=70247"}],"version-history":[{"count":2,"href":"https:\/\/lasentinelle.dz\/index.php\/wp-json\/wp\/v2\/posts\/70247\/revisions"}],"predecessor-version":[{"id":70250,"href":"https:\/\/lasentinelle.dz\/index.php\/wp-json\/wp\/v2\/posts\/70247\/revisions\/70250"}],"wp:featuredmedia":[{"embeddable":true,"href":"https:\/\/lasentinelle.dz\/index.php\/wp-json\/wp\/v2\/media\/70248"}],"wp:attachment":[{"href":"https:\/\/lasentinelle.dz\/index.php\/wp-json\/wp\/v2\/media?parent=70247"}],"wp:term":[{"taxonomy":"category","embeddable":true,"href":"https:\/\/lasentinelle.dz\/index.php\/wp-json\/wp\/v2\/categories?post=70247"},{"taxonomy":"post_tag","embeddable":true,"href":"https:\/\/lasentinelle.dz\/index.php\/wp-json\/wp\/v2\/tags?post=70247"}],"curies":[{"name":"wp","href":"https:\/\/api.w.org\/{rel}","templated":true}]}}