{"id":70262,"date":"2025-07-14T11:19:52","date_gmt":"2025-07-14T10:19:52","guid":{"rendered":"https:\/\/lasentinelle.dz\/?p=70262"},"modified":"2025-07-14T11:19:52","modified_gmt":"2025-07-14T10:19:52","slug":"cite-romaine-de-timgad-trois-nouveaux-espaces-pour-laccueil-des-visiteurs","status":"publish","type":"post","link":"https:\/\/lasentinelle.dz\/index.php\/2025\/07\/14\/cite-romaine-de-timgad-trois-nouveaux-espaces-pour-laccueil-des-visiteurs\/","title":{"rendered":"Cit\u00e9 romaine de Timgad: Trois nouveaux espaces pour l&rsquo;accueil des visiteurs"},"content":{"rendered":"\n<p>L&rsquo;antique cit\u00e9 romaine de Timgad, joyau arch\u00e9ologique class\u00e9 au patrimoine mondial depuis 1982, connait de nouveaux am\u00e9nagements pour am\u00e9liorer l&rsquo;accueil des visiteurs. Samedi dernier, Chafik Bougherara, Directeur du mus\u00e9e et sites de Timgad, Zana, Tobna et Medghass\u00e8ne, a annonc\u00e9 l&rsquo;ouverture de trois espaces de d\u00e9tente. \u00ab\u00a0C&rsquo;est la premi\u00e8re fois que des espaces sont r\u00e9serv\u00e9s aux visiteurs sur ce site qui enregistre \u00e0 longueur d&rsquo;ann\u00e9e un grand engouement des visiteurs nationaux et \u00e9trangers, notamment durant les diverses occasions et les week-ends\u00a0\u00bb, souligne le responsable. Cette initiative s&rsquo;inscrit dans une d\u00e9marche globale de valorisation du patrimoine, r\u00e9pondant aux attentes d&rsquo;un public de plus en plus exigeant en mati\u00e8re de confort et de services.<\/p>\n\n\n\n<p>Install\u00e9s strat\u00e9giquement \u00e0 l&rsquo;entr\u00e9e du site, \u00e0 35 kilom\u00e8tres \u00e0 l&rsquo;est de Batna, ces nouveaux espaces \u00e9quip\u00e9s de chaises, tables et d&rsquo;une caf\u00e9t\u00e9ria transforment radicalement l&rsquo;exp\u00e9rience de visite. Con\u00e7us sp\u00e9cifiquement pour \u00ab\u00a0les familles, durant les p\u00e9riodes de fins d&rsquo;apr\u00e8s-midis et nocturnes lors de la saison estivale\u00a0\u00bb, ils r\u00e9pondent \u00e0 une demande croissante de lieux de repos et de convivialit\u00e9 au c\u0153ur de ce site exceptionnel de 83 hectares.<\/p>\n\n\n\n<p>L&rsquo;op\u00e9ration \u00ab\u00a0s&rsquo;inscrit dans le cadre de la valorisation du site et am\u00e9lioration des conditions d&rsquo;accueil des visiteurs\u00a0\u00bb, pr\u00e9cise Chafik Bougherara, r\u00e9v\u00e9lant une vision moderne de la gestion patrimoniale. Cette approche novatrice t\u00e9moigne de la volont\u00e9 des autorit\u00e9s culturelles de concilier pr\u00e9servation historique et confort contemporain, offrant aux visiteurs une exp\u00e9rience enrichie sans compromettre l&rsquo;authenticit\u00e9 du lieu.<\/p>\n\n\n\n<p>Mais les ambitions ne s&rsquo;arr\u00eatent pas l\u00e0. Le directeur annonce qu&rsquo;il est pr\u00e9vu \u00ab\u00a0prochainement\u00a0\u00bb de r\u00e9aliser un r\u00e9seau d&rsquo;\u00e9clairage de tous les monuments de la ville antique, un projet d&rsquo;envergure dont \u00ab\u00a0l&rsquo;\u00e9tude confi\u00e9e \u00e0 un bureau sp\u00e9cialis\u00e9 et financ\u00e9e par le Fonds national du patrimoine culturel du minist\u00e8re de la Culture et des Arts vient d&rsquo;\u00eatre termin\u00e9\u00a0\u00bb. Cette future illumination promet de r\u00e9v\u00e9ler sous un jour nouveau les tr\u00e9sors architecturaux de cette cit\u00e9 mill\u00e9naire, offrant aux visiteurs nocturnes un spectacle d&rsquo;une beaut\u00e9 saisissante.<\/p>\n\n\n\n<p>L&rsquo;ampleur de ce chantier de modernisation prend tout son sens lorsqu&rsquo;on consid\u00e8re la richesse exceptionnelle du site. Timgad, vestige remarquable de la p\u00e9riode romaine, abrite des monuments d&rsquo;une valeur inestimable : un th\u00e9\u00e2tre antique, l&rsquo;arc de Trajan, des thermes sophistiqu\u00e9s, une biblioth\u00e8que historique et un mus\u00e9e de mosa\u00efque renfermant 86 tableaux de diff\u00e9rentes tailles, \u00ab\u00a0dont certains tr\u00e8s rares et d&rsquo;autres uniques en leurs genre\u00a0\u00bb. L&rsquo;initiative refl\u00e8te une compr\u00e9hension fine des enjeux touristiques contemporains. En cr\u00e9ant des espaces d\u00e9di\u00e9s au repos et \u00e0 la restauration, les gestionnaires du site r\u00e9pondent aux besoins pratiques des familles et des groupes, prolongeant naturellement la dur\u00e9e des visites et enrichissant l&rsquo;exp\u00e9rience culturelle. Cette strat\u00e9gie s&rsquo;av\u00e8re particuli\u00e8rement pertinente durant la saison estivale, p\u00e9riode de forte affluence o\u00f9 les conditions climatiques exigent des pauses r\u00e9guli\u00e8res.<\/p>\n\n\n\n<p>L&rsquo;am\u00e9nagement de ces espaces marque \u00e9galement une \u00e9volution dans la perception du patrimoine arch\u00e9ologique. Loin d&rsquo;\u00eatre de simples vestiges fig\u00e9s dans le temps, ces sites deviennent des lieux de vie et d&rsquo;\u00e9change, o\u00f9 se rencontrent pass\u00e9 et pr\u00e9sent.<\/p>\n\n\n\n<p>M.S.<\/p>\n","protected":false},"excerpt":{"rendered":"<p>L&rsquo;antique cit\u00e9 romaine de Timgad, joyau arch\u00e9ologique class\u00e9 au patrimoine mondial depuis 1982, connait de nouveaux am\u00e9nagements pour am\u00e9liorer l&rsquo;accueil<\/p>\n","protected":false},"author":6,"featured_media":50356,"comment_status":"open","ping_status":"closed","sticky":false,"template":"","format":"standard","meta":{"colormag_page_container_layout":"default_layout","colormag_page_sidebar_layout":"default_layout","om_disable_all_campaigns":false,"_monsterinsights_skip_tracking":false,"_monsterinsights_sitenote_active":false,"_monsterinsights_sitenote_note":"","_monsterinsights_sitenote_category":0,"footnotes":"","_wpscppro_dont_share_socialmedia":false,"_wpscppro_custom_social_share_image":0,"_facebook_share_type":"default","_twitter_share_type":"default","_linkedin_share_type":"default","_pinterest_share_type":"default","_linkedin_share_type_page":"","_instagram_share_type":"default","_medium_share_type":"default","_threads_share_type":"","_google_business_share_type":"","_selected_social_profile":[],"_wpsp_enable_custom_social_template":false,"_wpsp_social_scheduling":{"enabled":false,"datetime":null,"platforms":[],"status":"template_only","dateOption":"today","timeOption":"now","customDays":"","customHours":"","customDate":"","customTime":"","schedulingType":"absolute"},"_wpsp_active_default_template":true},"categories":[36],"tags":[],"class_list":["post-70262","post","type-post","status-publish","format-standard","has-post-thumbnail","hentry","category-culture"],"aioseo_notices":[],"yoast_head":"<!-- This site is optimized with the Yoast SEO plugin v27.5 - https:\/\/yoast.com\/product\/yoast-seo-wordpress\/ -->\n<title>Cit\u00e9 romaine de Timgad: Trois nouveaux espaces pour l&rsquo;accueil des visiteurs - La Sentinelle<\/title>\n<meta name=\"robots\" content=\"index, follow, max-snippet:-1, max-image-preview:large, max-video-preview:-1\" \/>\n<link rel=\"canonical\" href=\"https:\/\/lasentinelle.dz\/index.php\/2025\/07\/14\/cite-romaine-de-timgad-trois-nouveaux-espaces-pour-laccueil-des-visiteurs\/\" \/>\n<meta property=\"og:locale\" content=\"fr_FR\" \/>\n<meta property=\"og:type\" content=\"article\" \/>\n<meta property=\"og:title\" content=\"Cit\u00e9 romaine de Timgad: Trois nouveaux espaces pour l&rsquo;accueil des visiteurs - La Sentinelle\" \/>\n<meta property=\"og:description\" content=\"L&rsquo;antique cit\u00e9 romaine de Timgad, joyau arch\u00e9ologique class\u00e9 au patrimoine mondial depuis 1982, connait de nouveaux am\u00e9nagements pour am\u00e9liorer l&rsquo;accueil\" \/>\n<meta property=\"og:url\" content=\"https:\/\/lasentinelle.dz\/index.php\/2025\/07\/14\/cite-romaine-de-timgad-trois-nouveaux-espaces-pour-laccueil-des-visiteurs\/\" \/>\n<meta property=\"og:site_name\" content=\"La Sentinelle\" \/>\n<meta property=\"article:publisher\" content=\"https:\/\/www.facebook.com\/La-Sentinelle-104059864394773\" \/>\n<meta property=\"article:published_time\" content=\"2025-07-14T10:19:52+00:00\" \/>\n<meta property=\"og:image\" content=\"https:\/\/lasentinelle.dz\/wp-content\/uploads\/2024\/03\/Timgad.jpeg\" \/>\n\t<meta property=\"og:image:width\" content=\"750\" \/>\n\t<meta property=\"og:image:height\" content=\"750\" \/>\n\t<meta property=\"og:image:type\" content=\"image\/jpeg\" \/>\n<meta name=\"author\" content=\"admin\" \/>\n<meta name=\"twitter:card\" content=\"summary_large_image\" \/>\n<meta name=\"twitter:label1\" content=\"\u00c9crit par\" \/>\n\t<meta name=\"twitter:data1\" content=\"admin\" \/>\n\t<meta name=\"twitter:label2\" content=\"Dur\u00e9e de lecture estim\u00e9e\" \/>\n\t<meta name=\"twitter:data2\" content=\"3 minutes\" \/>\n<script type=\"application\/ld+json\" class=\"yoast-schema-graph\">{\"@context\":\"https:\\\/\\\/schema.org\",\"@graph\":[{\"@type\":\"Article\",\"@id\":\"https:\\\/\\\/lasentinelle.dz\\\/index.php\\\/2025\\\/07\\\/14\\\/cite-romaine-de-timgad-trois-nouveaux-espaces-pour-laccueil-des-visiteurs\\\/#article\",\"isPartOf\":{\"@id\":\"https:\\\/\\\/lasentinelle.dz\\\/index.php\\\/2025\\\/07\\\/14\\\/cite-romaine-de-timgad-trois-nouveaux-espaces-pour-laccueil-des-visiteurs\\\/\"},\"author\":{\"name\":\"admin\",\"@id\":\"https:\\\/\\\/lasentinelle.dz\\\/#\\\/schema\\\/person\\\/729ee0024f24e0b8c5ec17232f8e8b41\"},\"headline\":\"Cit\u00e9 romaine de Timgad: Trois nouveaux espaces pour l&rsquo;accueil des visiteurs\",\"datePublished\":\"2025-07-14T10:19:52+00:00\",\"mainEntityOfPage\":{\"@id\":\"https:\\\/\\\/lasentinelle.dz\\\/index.php\\\/2025\\\/07\\\/14\\\/cite-romaine-de-timgad-trois-nouveaux-espaces-pour-laccueil-des-visiteurs\\\/\"},\"wordCount\":596,\"commentCount\":0,\"publisher\":{\"@id\":\"https:\\\/\\\/lasentinelle.dz\\\/#organization\"},\"image\":{\"@id\":\"https:\\\/\\\/lasentinelle.dz\\\/index.php\\\/2025\\\/07\\\/14\\\/cite-romaine-de-timgad-trois-nouveaux-espaces-pour-laccueil-des-visiteurs\\\/#primaryimage\"},\"thumbnailUrl\":\"https:\\\/\\\/lasentinelle.dz\\\/wp-content\\\/uploads\\\/2024\\\/03\\\/Timgad.jpeg\",\"articleSection\":[\"Culture\"],\"inLanguage\":\"fr-FR\",\"potentialAction\":[{\"@type\":\"CommentAction\",\"name\":\"Comment\",\"target\":[\"https:\\\/\\\/lasentinelle.dz\\\/index.php\\\/2025\\\/07\\\/14\\\/cite-romaine-de-timgad-trois-nouveaux-espaces-pour-laccueil-des-visiteurs\\\/#respond\"]}]},{\"@type\":\"WebPage\",\"@id\":\"https:\\\/\\\/lasentinelle.dz\\\/index.php\\\/2025\\\/07\\\/14\\\/cite-romaine-de-timgad-trois-nouveaux-espaces-pour-laccueil-des-visiteurs\\\/\",\"url\":\"https:\\\/\\\/lasentinelle.dz\\\/index.php\\\/2025\\\/07\\\/14\\\/cite-romaine-de-timgad-trois-nouveaux-espaces-pour-laccueil-des-visiteurs\\\/\",\"name\":\"Cit\u00e9 romaine de Timgad: Trois nouveaux espaces pour l&rsquo;accueil des visiteurs - La Sentinelle\",\"isPartOf\":{\"@id\":\"https:\\\/\\\/lasentinelle.dz\\\/#website\"},\"primaryImageOfPage\":{\"@id\":\"https:\\\/\\\/lasentinelle.dz\\\/index.php\\\/2025\\\/07\\\/14\\\/cite-romaine-de-timgad-trois-nouveaux-espaces-pour-laccueil-des-visiteurs\\\/#primaryimage\"},\"image\":{\"@id\":\"https:\\\/\\\/lasentinelle.dz\\\/index.php\\\/2025\\\/07\\\/14\\\/cite-romaine-de-timgad-trois-nouveaux-espaces-pour-laccueil-des-visiteurs\\\/#primaryimage\"},\"thumbnailUrl\":\"https:\\\/\\\/lasentinelle.dz\\\/wp-content\\\/uploads\\\/2024\\\/03\\\/Timgad.jpeg\",\"datePublished\":\"2025-07-14T10:19:52+00:00\",\"breadcrumb\":{\"@id\":\"https:\\\/\\\/lasentinelle.dz\\\/index.php\\\/2025\\\/07\\\/14\\\/cite-romaine-de-timgad-trois-nouveaux-espaces-pour-laccueil-des-visiteurs\\\/#breadcrumb\"},\"inLanguage\":\"fr-FR\",\"potentialAction\":[{\"@type\":\"ReadAction\",\"target\":[\"https:\\\/\\\/lasentinelle.dz\\\/index.php\\\/2025\\\/07\\\/14\\\/cite-romaine-de-timgad-trois-nouveaux-espaces-pour-laccueil-des-visiteurs\\\/\"]}]},{\"@type\":\"ImageObject\",\"inLanguage\":\"fr-FR\",\"@id\":\"https:\\\/\\\/lasentinelle.dz\\\/index.php\\\/2025\\\/07\\\/14\\\/cite-romaine-de-timgad-trois-nouveaux-espaces-pour-laccueil-des-visiteurs\\\/#primaryimage\",\"url\":\"https:\\\/\\\/lasentinelle.dz\\\/wp-content\\\/uploads\\\/2024\\\/03\\\/Timgad.jpeg\",\"contentUrl\":\"https:\\\/\\\/lasentinelle.dz\\\/wp-content\\\/uploads\\\/2024\\\/03\\\/Timgad.jpeg\",\"width\":750,\"height\":750},{\"@type\":\"BreadcrumbList\",\"@id\":\"https:\\\/\\\/lasentinelle.dz\\\/index.php\\\/2025\\\/07\\\/14\\\/cite-romaine-de-timgad-trois-nouveaux-espaces-pour-laccueil-des-visiteurs\\\/#breadcrumb\",\"itemListElement\":[{\"@type\":\"ListItem\",\"position\":1,\"name\":\"Accueil\",\"item\":\"https:\\\/\\\/lasentinelle.dz\\\/\"},{\"@type\":\"ListItem\",\"position\":2,\"name\":\"Cit\u00e9 romaine de Timgad: Trois nouveaux espaces pour l&rsquo;accueil des visiteurs\"}]},{\"@type\":\"WebSite\",\"@id\":\"https:\\\/\\\/lasentinelle.dz\\\/#website\",\"url\":\"https:\\\/\\\/lasentinelle.dz\\\/\",\"name\":\"La Sentinelle\",\"description\":\"Quotidien national d&#039;information\",\"publisher\":{\"@id\":\"https:\\\/\\\/lasentinelle.dz\\\/#organization\"},\"potentialAction\":[{\"@type\":\"SearchAction\",\"target\":{\"@type\":\"EntryPoint\",\"urlTemplate\":\"https:\\\/\\\/lasentinelle.dz\\\/?s={search_term_string}\"},\"query-input\":{\"@type\":\"PropertyValueSpecification\",\"valueRequired\":true,\"valueName\":\"search_term_string\"}}],\"inLanguage\":\"fr-FR\"},{\"@type\":\"Organization\",\"@id\":\"https:\\\/\\\/lasentinelle.dz\\\/#organization\",\"name\":\"Quotidien La Sentinelle\",\"url\":\"https:\\\/\\\/lasentinelle.dz\\\/\",\"logo\":{\"@type\":\"ImageObject\",\"inLanguage\":\"fr-FR\",\"@id\":\"https:\\\/\\\/lasentinelle.dz\\\/#\\\/schema\\\/logo\\\/image\\\/\",\"url\":\"https:\\\/\\\/lasentinelle.dz\\\/wp-content\\\/uploads\\\/2021\\\/09\\\/logo-sentinelleSLOGAN-1.png\",\"contentUrl\":\"https:\\\/\\\/lasentinelle.dz\\\/wp-content\\\/uploads\\\/2021\\\/09\\\/logo-sentinelleSLOGAN-1.png\",\"width\":615,\"height\":142,\"caption\":\"Quotidien La Sentinelle\"},\"image\":{\"@id\":\"https:\\\/\\\/lasentinelle.dz\\\/#\\\/schema\\\/logo\\\/image\\\/\"},\"sameAs\":[\"https:\\\/\\\/www.facebook.com\\\/La-Sentinelle-104059864394773\"]},{\"@type\":\"Person\",\"@id\":\"https:\\\/\\\/lasentinelle.dz\\\/#\\\/schema\\\/person\\\/729ee0024f24e0b8c5ec17232f8e8b41\",\"name\":\"admin\",\"image\":{\"@type\":\"ImageObject\",\"inLanguage\":\"fr-FR\",\"@id\":\"https:\\\/\\\/secure.gravatar.com\\\/avatar\\\/4c81fed838786e9b53f540bf46533e750f5d292099ae3b66cfc6fb1982e29df7?s=96&d=mm&r=g\",\"url\":\"https:\\\/\\\/secure.gravatar.com\\\/avatar\\\/4c81fed838786e9b53f540bf46533e750f5d292099ae3b66cfc6fb1982e29df7?s=96&d=mm&r=g\",\"contentUrl\":\"https:\\\/\\\/secure.gravatar.com\\\/avatar\\\/4c81fed838786e9b53f540bf46533e750f5d292099ae3b66cfc6fb1982e29df7?s=96&d=mm&r=g\",\"caption\":\"admin\"},\"description\":\"admin\",\"url\":\"https:\\\/\\\/lasentinelle.dz\\\/author\\\/admin\\\/\"}]}<\/script>\n<!-- \/ Yoast SEO plugin. -->","yoast_head_json":{"title":"Cit\u00e9 romaine de Timgad: Trois nouveaux espaces pour l&rsquo;accueil des visiteurs - La Sentinelle","robots":{"index":"index","follow":"follow","max-snippet":"max-snippet:-1","max-image-preview":"max-image-preview:large","max-video-preview":"max-video-preview:-1"},"canonical":"https:\/\/lasentinelle.dz\/index.php\/2025\/07\/14\/cite-romaine-de-timgad-trois-nouveaux-espaces-pour-laccueil-des-visiteurs\/","og_locale":"fr_FR","og_type":"article","og_title":"Cit\u00e9 romaine de Timgad: Trois nouveaux espaces pour l&rsquo;accueil des visiteurs - La Sentinelle","og_description":"L&rsquo;antique cit\u00e9 romaine de Timgad, joyau arch\u00e9ologique class\u00e9 au patrimoine mondial depuis 1982, connait de nouveaux am\u00e9nagements pour am\u00e9liorer l&rsquo;accueil","og_url":"https:\/\/lasentinelle.dz\/index.php\/2025\/07\/14\/cite-romaine-de-timgad-trois-nouveaux-espaces-pour-laccueil-des-visiteurs\/","og_site_name":"La Sentinelle","article_publisher":"https:\/\/www.facebook.com\/La-Sentinelle-104059864394773","article_published_time":"2025-07-14T10:19:52+00:00","og_image":[{"width":750,"height":750,"url":"https:\/\/lasentinelle.dz\/wp-content\/uploads\/2024\/03\/Timgad.jpeg","type":"image\/jpeg"}],"author":"admin","twitter_card":"summary_large_image","twitter_misc":{"\u00c9crit par":"admin","Dur\u00e9e de lecture estim\u00e9e":"3 minutes"},"schema":{"@context":"https:\/\/schema.org","@graph":[{"@type":"Article","@id":"https:\/\/lasentinelle.dz\/index.php\/2025\/07\/14\/cite-romaine-de-timgad-trois-nouveaux-espaces-pour-laccueil-des-visiteurs\/#article","isPartOf":{"@id":"https:\/\/lasentinelle.dz\/index.php\/2025\/07\/14\/cite-romaine-de-timgad-trois-nouveaux-espaces-pour-laccueil-des-visiteurs\/"},"author":{"name":"admin","@id":"https:\/\/lasentinelle.dz\/#\/schema\/person\/729ee0024f24e0b8c5ec17232f8e8b41"},"headline":"Cit\u00e9 romaine de Timgad: Trois nouveaux espaces pour l&rsquo;accueil des visiteurs","datePublished":"2025-07-14T10:19:52+00:00","mainEntityOfPage":{"@id":"https:\/\/lasentinelle.dz\/index.php\/2025\/07\/14\/cite-romaine-de-timgad-trois-nouveaux-espaces-pour-laccueil-des-visiteurs\/"},"wordCount":596,"commentCount":0,"publisher":{"@id":"https:\/\/lasentinelle.dz\/#organization"},"image":{"@id":"https:\/\/lasentinelle.dz\/index.php\/2025\/07\/14\/cite-romaine-de-timgad-trois-nouveaux-espaces-pour-laccueil-des-visiteurs\/#primaryimage"},"thumbnailUrl":"https:\/\/lasentinelle.dz\/wp-content\/uploads\/2024\/03\/Timgad.jpeg","articleSection":["Culture"],"inLanguage":"fr-FR","potentialAction":[{"@type":"CommentAction","name":"Comment","target":["https:\/\/lasentinelle.dz\/index.php\/2025\/07\/14\/cite-romaine-de-timgad-trois-nouveaux-espaces-pour-laccueil-des-visiteurs\/#respond"]}]},{"@type":"WebPage","@id":"https:\/\/lasentinelle.dz\/index.php\/2025\/07\/14\/cite-romaine-de-timgad-trois-nouveaux-espaces-pour-laccueil-des-visiteurs\/","url":"https:\/\/lasentinelle.dz\/index.php\/2025\/07\/14\/cite-romaine-de-timgad-trois-nouveaux-espaces-pour-laccueil-des-visiteurs\/","name":"Cit\u00e9 romaine de Timgad: Trois nouveaux espaces pour l&rsquo;accueil des visiteurs - La Sentinelle","isPartOf":{"@id":"https:\/\/lasentinelle.dz\/#website"},"primaryImageOfPage":{"@id":"https:\/\/lasentinelle.dz\/index.php\/2025\/07\/14\/cite-romaine-de-timgad-trois-nouveaux-espaces-pour-laccueil-des-visiteurs\/#primaryimage"},"image":{"@id":"https:\/\/lasentinelle.dz\/index.php\/2025\/07\/14\/cite-romaine-de-timgad-trois-nouveaux-espaces-pour-laccueil-des-visiteurs\/#primaryimage"},"thumbnailUrl":"https:\/\/lasentinelle.dz\/wp-content\/uploads\/2024\/03\/Timgad.jpeg","datePublished":"2025-07-14T10:19:52+00:00","breadcrumb":{"@id":"https:\/\/lasentinelle.dz\/index.php\/2025\/07\/14\/cite-romaine-de-timgad-trois-nouveaux-espaces-pour-laccueil-des-visiteurs\/#breadcrumb"},"inLanguage":"fr-FR","potentialAction":[{"@type":"ReadAction","target":["https:\/\/lasentinelle.dz\/index.php\/2025\/07\/14\/cite-romaine-de-timgad-trois-nouveaux-espaces-pour-laccueil-des-visiteurs\/"]}]},{"@type":"ImageObject","inLanguage":"fr-FR","@id":"https:\/\/lasentinelle.dz\/index.php\/2025\/07\/14\/cite-romaine-de-timgad-trois-nouveaux-espaces-pour-laccueil-des-visiteurs\/#primaryimage","url":"https:\/\/lasentinelle.dz\/wp-content\/uploads\/2024\/03\/Timgad.jpeg","contentUrl":"https:\/\/lasentinelle.dz\/wp-content\/uploads\/2024\/03\/Timgad.jpeg","width":750,"height":750},{"@type":"BreadcrumbList","@id":"https:\/\/lasentinelle.dz\/index.php\/2025\/07\/14\/cite-romaine-de-timgad-trois-nouveaux-espaces-pour-laccueil-des-visiteurs\/#breadcrumb","itemListElement":[{"@type":"ListItem","position":1,"name":"Accueil","item":"https:\/\/lasentinelle.dz\/"},{"@type":"ListItem","position":2,"name":"Cit\u00e9 romaine de Timgad: Trois nouveaux espaces pour l&rsquo;accueil des visiteurs"}]},{"@type":"WebSite","@id":"https:\/\/lasentinelle.dz\/#website","url":"https:\/\/lasentinelle.dz\/","name":"La Sentinelle","description":"Quotidien national d&#039;information","publisher":{"@id":"https:\/\/lasentinelle.dz\/#organization"},"potentialAction":[{"@type":"SearchAction","target":{"@type":"EntryPoint","urlTemplate":"https:\/\/lasentinelle.dz\/?s={search_term_string}"},"query-input":{"@type":"PropertyValueSpecification","valueRequired":true,"valueName":"search_term_string"}}],"inLanguage":"fr-FR"},{"@type":"Organization","@id":"https:\/\/lasentinelle.dz\/#organization","name":"Quotidien La Sentinelle","url":"https:\/\/lasentinelle.dz\/","logo":{"@type":"ImageObject","inLanguage":"fr-FR","@id":"https:\/\/lasentinelle.dz\/#\/schema\/logo\/image\/","url":"https:\/\/lasentinelle.dz\/wp-content\/uploads\/2021\/09\/logo-sentinelleSLOGAN-1.png","contentUrl":"https:\/\/lasentinelle.dz\/wp-content\/uploads\/2021\/09\/logo-sentinelleSLOGAN-1.png","width":615,"height":142,"caption":"Quotidien La Sentinelle"},"image":{"@id":"https:\/\/lasentinelle.dz\/#\/schema\/logo\/image\/"},"sameAs":["https:\/\/www.facebook.com\/La-Sentinelle-104059864394773"]},{"@type":"Person","@id":"https:\/\/lasentinelle.dz\/#\/schema\/person\/729ee0024f24e0b8c5ec17232f8e8b41","name":"admin","image":{"@type":"ImageObject","inLanguage":"fr-FR","@id":"https:\/\/secure.gravatar.com\/avatar\/4c81fed838786e9b53f540bf46533e750f5d292099ae3b66cfc6fb1982e29df7?s=96&d=mm&r=g","url":"https:\/\/secure.gravatar.com\/avatar\/4c81fed838786e9b53f540bf46533e750f5d292099ae3b66cfc6fb1982e29df7?s=96&d=mm&r=g","contentUrl":"https:\/\/secure.gravatar.com\/avatar\/4c81fed838786e9b53f540bf46533e750f5d292099ae3b66cfc6fb1982e29df7?s=96&d=mm&r=g","caption":"admin"},"description":"admin","url":"https:\/\/lasentinelle.dz\/author\/admin\/"}]}},"_links":{"self":[{"href":"https:\/\/lasentinelle.dz\/index.php\/wp-json\/wp\/v2\/posts\/70262","targetHints":{"allow":["GET"]}}],"collection":[{"href":"https:\/\/lasentinelle.dz\/index.php\/wp-json\/wp\/v2\/posts"}],"about":[{"href":"https:\/\/lasentinelle.dz\/index.php\/wp-json\/wp\/v2\/types\/post"}],"author":[{"embeddable":true,"href":"https:\/\/lasentinelle.dz\/index.php\/wp-json\/wp\/v2\/users\/6"}],"replies":[{"embeddable":true,"href":"https:\/\/lasentinelle.dz\/index.php\/wp-json\/wp\/v2\/comments?post=70262"}],"version-history":[{"count":2,"href":"https:\/\/lasentinelle.dz\/index.php\/wp-json\/wp\/v2\/posts\/70262\/revisions"}],"predecessor-version":[{"id":70264,"href":"https:\/\/lasentinelle.dz\/index.php\/wp-json\/wp\/v2\/posts\/70262\/revisions\/70264"}],"wp:featuredmedia":[{"embeddable":true,"href":"https:\/\/lasentinelle.dz\/index.php\/wp-json\/wp\/v2\/media\/50356"}],"wp:attachment":[{"href":"https:\/\/lasentinelle.dz\/index.php\/wp-json\/wp\/v2\/media?parent=70262"}],"wp:term":[{"taxonomy":"category","embeddable":true,"href":"https:\/\/lasentinelle.dz\/index.php\/wp-json\/wp\/v2\/categories?post=70262"},{"taxonomy":"post_tag","embeddable":true,"href":"https:\/\/lasentinelle.dz\/index.php\/wp-json\/wp\/v2\/tags?post=70262"}],"curies":[{"name":"wp","href":"https:\/\/api.w.org\/{rel}","templated":true}]}}