{"id":70265,"date":"2025-07-14T11:20:55","date_gmt":"2025-07-14T10:20:55","guid":{"rendered":"https:\/\/lasentinelle.dz\/?p=70265"},"modified":"2025-07-14T11:20:55","modified_gmt":"2025-07-14T10:20:55","slug":"projection-du-film-dounia-a-la-cinematheque-dalger-deux-generations-entre-deux-rives","status":"publish","type":"post","link":"https:\/\/lasentinelle.dz\/index.php\/2025\/07\/14\/projection-du-film-dounia-a-la-cinematheque-dalger-deux-generations-entre-deux-rives\/","title":{"rendered":"Projection du film \u00ab\u00a0Dounia\u00a0\u00bb \u00e0 la Cin\u00e9math\u00e8que d&rsquo;Alger : Deux g\u00e9n\u00e9rations entre deux rives"},"content":{"rendered":"\n<p>Dans cette fiction coproduite par Nissou Production et le Centre alg\u00e9rien de d\u00e9veloppement du cin\u00e9ma, la r\u00e9alisatrice explore avec finesse les fractures interg\u00e9n\u00e9rationnelles qui traversent la soci\u00e9t\u00e9 alg\u00e9rienne, transformant un simple retour au pays en v\u00e9ritable odyss\u00e9e identitaire.<\/p>\n\n\n\n<p>Samedi soir, la Cin\u00e9math\u00e8que d&rsquo;Alger r\u00e9sonnait des \u00e9chos du ra\u00ef et des silences pesants d&rsquo;un retour au pays. \u00ab\u00a0Dounia\u00a0\u00bb, le nouveau long m\u00e9trage de Rim Laredj, a d\u00e9ploy\u00e9 ses 90 minutes d&rsquo;\u00e9motions devant un public conquis, offrant un miroir troublant de l&rsquo;Alg\u00e9rie contemporaine.<\/p>\n\n\n\n<p>Dans cette fiction coproduite par Nissou Production et le Centre alg\u00e9rien de d\u00e9veloppement du cin\u00e9ma, la r\u00e9alisatrice explore avec finesse les fractures interg\u00e9n\u00e9rationnelles qui traversent la soci\u00e9t\u00e9 alg\u00e9rienne, transformant un simple retour au pays en v\u00e9ritable odyss\u00e9e identitaire. L&rsquo;histoire suit Rahim, incarn\u00e9 par Abderahmane Djalti, figure embl\u00e9matique du ra\u00ef qui revient en Alg\u00e9rie apr\u00e8s une longue absence, accompagn\u00e9 de son fils Rayan jou\u00e9 par Wassim Belarbi. Cette rencontre entre deux g\u00e9n\u00e9rations devient le pr\u00e9texte d&rsquo;un dialogue poignant o\u00f9 s&rsquo;affrontent les blessures du pass\u00e9 et les aspirations d&rsquo;un avenir diff\u00e9rent. Le p\u00e8re, hant\u00e9 par ses souvenirs, d\u00e9couvre un fils n\u00e9 et \u00e9lev\u00e9 ailleurs, porteur de visions qui bousculent ses certitudes. Rim Laredj orchestre cette confrontation avec une sensibilit\u00e9 remarquable, d\u00e9voilant les m\u00e9sententes familiales et les conflits de voisinage qui rythment le quotidien alg\u00e9rien.<\/p>\n\n\n\n<p>Sc\u00e9naris\u00e9 par Afifa Maalam, \u00ab\u00a0Dounia\u00a0\u00bb adopte d\u00e9lib\u00e9r\u00e9ment les codes du t\u00e9l\u00e9film, un choix assum\u00e9 par la r\u00e9alisatrice qui explique avoir \u00ab\u00a0calibr\u00e9 son film pour qu&rsquo;il puisse aller dans le petit \u00e9cran\u00a0\u00bb afin de lui garantir une \u00ab\u00a0grande visibilit\u00e9\u00a0\u00bb t\u00e9l\u00e9visuelle. Cette d\u00e9cision, motiv\u00e9e par des contraintes budg\u00e9taires, n&rsquo;entame en rien la qualit\u00e9 narrative du projet. La narration lin\u00e9aire maintient l&rsquo;attention du spectateur tandis que l&rsquo;esth\u00e9tique visuelle sublime la topographie alg\u00e9roise, transformant la capitale en personnage \u00e0 part enti\u00e8re.<\/p>\n\n\n\n<p>Le casting constitue l&rsquo;un des atouts majeurs du film, r\u00e9unissant avec brio anciens et nouveaux talents dans une alchimie interg\u00e9n\u00e9rationnelle parfaitement ma\u00eetris\u00e9e. Aux c\u00f4t\u00e9s des figures \u00e9tablies comme Bahia Rachedi, Farida Krim, Khadidja Mezini, Aziz Boukerouni et Abdelhamid Benmesbah, de jeunes com\u00e9diens comme Abdelkader Slimani, Kenza Moussous et Wassim Belarbi apportent une \u00e9nergie nouvelle qui illustre parfaitement le \u00ab\u00a0dialogue entre deux g\u00e9n\u00e9rations\u00a0\u00bb au c\u0153ur du r\u00e9cit. Cette distribution \u00e9clectique refl\u00e8te la diversit\u00e9 des histoires qui s&rsquo;entrecroisent, cr\u00e9ant une mosa\u00efque humaine repr\u00e9sentative de la complexit\u00e9 sociale alg\u00e9rienne.<\/p>\n\n\n\n<p>La musique ra\u00ef traverse le film comme un fil rouge \u00e9motionnel, transformant le genre musical en v\u00e9ritable personnage. \u00c0 travers l&rsquo;histoire de l&rsquo;artiste Djalti, Rim Laredj explore les rapports entre tradition et modernit\u00e9, questionnant la capacit\u00e9 de conciliation entre h\u00e9ritage culturel et \u00e9volution sociale. Le ra\u00ef devient ainsi le langage universel qui permet aux g\u00e9n\u00e9rations de se comprendre, malgr\u00e9 leurs divergences apparentes. Pour sa deuxi\u00e8me fiction, la r\u00e9alisatrice livre un portrait nuanc\u00e9 de l&rsquo;Alg\u00e9rie contemporaine, \u00e9vitant les clich\u00e9s pour privil\u00e9gier l&rsquo;authenticit\u00e9 des relations humaines. Les \u00ab\u00a0histoires connect\u00e9es les unes aux autres\u00a0\u00bb qu&rsquo;elle \u00e9voque r\u00e9v\u00e8lent une soci\u00e9t\u00e9 en perp\u00e9tuel questionnement, tiraill\u00e9e entre attachement aux racines et d\u00e9sir d&rsquo;ouverture. Cette approche narrative polyphonique permet d&#8217;embrasser la complexit\u00e9 des enjeux soci\u00e9taux sans tomber dans le manich\u00e9isme.<\/p>\n\n\n\n<p>\u00ab\u00a0Dounia\u00a0\u00bb s&rsquo;impose comme un film g\u00e9n\u00e9reux qui parvient \u00e0 transformer les contraintes de production en forces cr\u00e9atives.<\/p>\n\n\n\n<p>Mohand Seghir<\/p>\n\n\n\n<p><strong>Projection&nbsp;en avant premi\u00e8re du film \u00ab\u00a0I\u00e2dawen n Tudert\u00a0\u00bb de Mohamed Rahal<\/strong><\/p>\n\n\n\n<p>Le long m\u00e9trage \u00ab\u00a0I\u00e2dawen n Tudert\u00a0\u00bb (Les ennemis de la vie), du jeune r\u00e9alisateur Mohamed Rahal, qui aborde les fl\u00e9aux sociaux que sont le trafic de drogue et la sorcellerie au sein de la soci\u00e9t\u00e9, a \u00e9t\u00e9 projet\u00e9 en avant-premi\u00e8re samedi \u00e0 la maison de la culture Ali Za\u00e2moum de la ville de Bouira. Projet\u00e9 en pr\u00e9sence d&rsquo;un public compos\u00e9 de familles ainsi que de com\u00e9diens ayant particip\u00e9 \u00e0 ce long m\u00e9trage, \u00ab\u00a0ce film d&rsquo;expression amazighe, d&rsquo;une dur\u00e9e de deux heures et 43 minutes, aborde des fl\u00e9aux n\u00e9fastes qui ont un impact important sur la vie et la sant\u00e9 des personnes\u00a0\u00bb, a d\u00e9clar\u00e9 son r\u00e9alisateur, Mohamed Rahal. Les s\u00e9quences de ce long m\u00e9trage, dont la majeure partie a \u00e9t\u00e9 tourn\u00e9e \u00e0 Bouira, tournent autour de la sorcellerie et du trafic de drogue qui d\u00e9truisent l\u2019avenir et la famille de Smail, un homme riche et influent, r\u00f4le interpr\u00e9t\u00e9 par Fodil Hamla. D\u2019autres s\u00e9quences ont \u00e9t\u00e9 tourn\u00e9es \u00e0 B\u00e9ja\u00efa et \u00e0 Alger, selon le r\u00e9alisateur, qui souligne que son \u00e9quipe a voulu surtout \u00ab\u00a0d\u00e9noncer ces fl\u00e9aux qui ne cessent de prendre de l\u2019ampleur au sein de la soci\u00e9t\u00e9\u00a0\u00bb. Une conf\u00e9rence a ensuite permis au r\u00e9alisateur et au sc\u00e9nariste du film, Amrouche Khellal, de r\u00e9pondre aux diff\u00e9rentes questions pos\u00e9es par le public et les com\u00e9diens pr\u00e9sents dans la grande salle des spectacles de la maison de la culture Ali Za\u00e2moum.<\/p>\n\n\n\n<p>APS<\/p>\n","protected":false},"excerpt":{"rendered":"<p>Dans cette fiction coproduite par Nissou Production et le Centre alg\u00e9rien de d\u00e9veloppement du cin\u00e9ma, la r\u00e9alisatrice explore avec finesse<\/p>\n","protected":false},"author":6,"featured_media":70266,"comment_status":"open","ping_status":"closed","sticky":false,"template":"","format":"standard","meta":{"colormag_page_container_layout":"default_layout","colormag_page_sidebar_layout":"default_layout","om_disable_all_campaigns":false,"_monsterinsights_skip_tracking":false,"_monsterinsights_sitenote_active":false,"_monsterinsights_sitenote_note":"","_monsterinsights_sitenote_category":0,"footnotes":"","_wpscppro_dont_share_socialmedia":false,"_wpscppro_custom_social_share_image":0,"_facebook_share_type":"default","_twitter_share_type":"default","_linkedin_share_type":"default","_pinterest_share_type":"default","_linkedin_share_type_page":"","_instagram_share_type":"default","_medium_share_type":"default","_threads_share_type":"","_google_business_share_type":"","_selected_social_profile":[],"_wpsp_enable_custom_social_template":false,"_wpsp_social_scheduling":{"enabled":false,"datetime":null,"platforms":[],"status":"template_only","dateOption":"today","timeOption":"now","customDays":"","customHours":"","customDate":"","customTime":"","schedulingType":"absolute"},"_wpsp_active_default_template":true},"categories":[36],"tags":[],"class_list":["post-70265","post","type-post","status-publish","format-standard","has-post-thumbnail","hentry","category-culture"],"aioseo_notices":[],"yoast_head":"<!-- This site is optimized with the Yoast SEO plugin v27.5 - https:\/\/yoast.com\/product\/yoast-seo-wordpress\/ -->\n<title>Projection du film \u00ab\u00a0Dounia\u00a0\u00bb \u00e0 la Cin\u00e9math\u00e8que d&rsquo;Alger : Deux g\u00e9n\u00e9rations entre deux rives - La Sentinelle<\/title>\n<meta name=\"robots\" content=\"index, follow, max-snippet:-1, max-image-preview:large, max-video-preview:-1\" \/>\n<link rel=\"canonical\" href=\"https:\/\/lasentinelle.dz\/index.php\/2025\/07\/14\/projection-du-film-dounia-a-la-cinematheque-dalger-deux-generations-entre-deux-rives\/\" \/>\n<meta property=\"og:locale\" content=\"fr_FR\" \/>\n<meta property=\"og:type\" content=\"article\" \/>\n<meta property=\"og:title\" content=\"Projection du film \u00ab\u00a0Dounia\u00a0\u00bb \u00e0 la Cin\u00e9math\u00e8que d&rsquo;Alger : Deux g\u00e9n\u00e9rations entre deux rives - La Sentinelle\" \/>\n<meta property=\"og:description\" content=\"Dans cette fiction coproduite par Nissou Production et le Centre alg\u00e9rien de d\u00e9veloppement du cin\u00e9ma, la r\u00e9alisatrice explore avec finesse\" \/>\n<meta property=\"og:url\" content=\"https:\/\/lasentinelle.dz\/index.php\/2025\/07\/14\/projection-du-film-dounia-a-la-cinematheque-dalger-deux-generations-entre-deux-rives\/\" \/>\n<meta property=\"og:site_name\" content=\"La Sentinelle\" \/>\n<meta property=\"article:publisher\" content=\"https:\/\/www.facebook.com\/La-Sentinelle-104059864394773\" \/>\n<meta property=\"article:published_time\" content=\"2025-07-14T10:20:55+00:00\" \/>\n<meta property=\"og:image\" content=\"https:\/\/lasentinelle.dz\/wp-content\/uploads\/2025\/07\/affiche.jpeg\" \/>\n\t<meta property=\"og:image:width\" content=\"763\" \/>\n\t<meta property=\"og:image:height\" content=\"1080\" \/>\n\t<meta property=\"og:image:type\" content=\"image\/jpeg\" \/>\n<meta name=\"author\" content=\"admin\" \/>\n<meta name=\"twitter:card\" content=\"summary_large_image\" \/>\n<meta name=\"twitter:label1\" content=\"\u00c9crit par\" \/>\n\t<meta name=\"twitter:data1\" content=\"admin\" \/>\n\t<meta name=\"twitter:label2\" content=\"Dur\u00e9e de lecture estim\u00e9e\" \/>\n\t<meta name=\"twitter:data2\" content=\"5 minutes\" \/>\n<script type=\"application\/ld+json\" class=\"yoast-schema-graph\">{\"@context\":\"https:\\\/\\\/schema.org\",\"@graph\":[{\"@type\":\"Article\",\"@id\":\"https:\\\/\\\/lasentinelle.dz\\\/index.php\\\/2025\\\/07\\\/14\\\/projection-du-film-dounia-a-la-cinematheque-dalger-deux-generations-entre-deux-rives\\\/#article\",\"isPartOf\":{\"@id\":\"https:\\\/\\\/lasentinelle.dz\\\/index.php\\\/2025\\\/07\\\/14\\\/projection-du-film-dounia-a-la-cinematheque-dalger-deux-generations-entre-deux-rives\\\/\"},\"author\":{\"name\":\"admin\",\"@id\":\"https:\\\/\\\/lasentinelle.dz\\\/#\\\/schema\\\/person\\\/729ee0024f24e0b8c5ec17232f8e8b41\"},\"headline\":\"Projection du film \u00ab\u00a0Dounia\u00a0\u00bb \u00e0 la Cin\u00e9math\u00e8que d&rsquo;Alger : Deux g\u00e9n\u00e9rations entre deux rives\",\"datePublished\":\"2025-07-14T10:20:55+00:00\",\"mainEntityOfPage\":{\"@id\":\"https:\\\/\\\/lasentinelle.dz\\\/index.php\\\/2025\\\/07\\\/14\\\/projection-du-film-dounia-a-la-cinematheque-dalger-deux-generations-entre-deux-rives\\\/\"},\"wordCount\":927,\"commentCount\":0,\"publisher\":{\"@id\":\"https:\\\/\\\/lasentinelle.dz\\\/#organization\"},\"image\":{\"@id\":\"https:\\\/\\\/lasentinelle.dz\\\/index.php\\\/2025\\\/07\\\/14\\\/projection-du-film-dounia-a-la-cinematheque-dalger-deux-generations-entre-deux-rives\\\/#primaryimage\"},\"thumbnailUrl\":\"https:\\\/\\\/lasentinelle.dz\\\/wp-content\\\/uploads\\\/2025\\\/07\\\/affiche.jpeg\",\"articleSection\":[\"Culture\"],\"inLanguage\":\"fr-FR\",\"potentialAction\":[{\"@type\":\"CommentAction\",\"name\":\"Comment\",\"target\":[\"https:\\\/\\\/lasentinelle.dz\\\/index.php\\\/2025\\\/07\\\/14\\\/projection-du-film-dounia-a-la-cinematheque-dalger-deux-generations-entre-deux-rives\\\/#respond\"]}]},{\"@type\":\"WebPage\",\"@id\":\"https:\\\/\\\/lasentinelle.dz\\\/index.php\\\/2025\\\/07\\\/14\\\/projection-du-film-dounia-a-la-cinematheque-dalger-deux-generations-entre-deux-rives\\\/\",\"url\":\"https:\\\/\\\/lasentinelle.dz\\\/index.php\\\/2025\\\/07\\\/14\\\/projection-du-film-dounia-a-la-cinematheque-dalger-deux-generations-entre-deux-rives\\\/\",\"name\":\"Projection du film \u00ab\u00a0Dounia\u00a0\u00bb \u00e0 la Cin\u00e9math\u00e8que d&rsquo;Alger : Deux g\u00e9n\u00e9rations entre deux rives - La Sentinelle\",\"isPartOf\":{\"@id\":\"https:\\\/\\\/lasentinelle.dz\\\/#website\"},\"primaryImageOfPage\":{\"@id\":\"https:\\\/\\\/lasentinelle.dz\\\/index.php\\\/2025\\\/07\\\/14\\\/projection-du-film-dounia-a-la-cinematheque-dalger-deux-generations-entre-deux-rives\\\/#primaryimage\"},\"image\":{\"@id\":\"https:\\\/\\\/lasentinelle.dz\\\/index.php\\\/2025\\\/07\\\/14\\\/projection-du-film-dounia-a-la-cinematheque-dalger-deux-generations-entre-deux-rives\\\/#primaryimage\"},\"thumbnailUrl\":\"https:\\\/\\\/lasentinelle.dz\\\/wp-content\\\/uploads\\\/2025\\\/07\\\/affiche.jpeg\",\"datePublished\":\"2025-07-14T10:20:55+00:00\",\"breadcrumb\":{\"@id\":\"https:\\\/\\\/lasentinelle.dz\\\/index.php\\\/2025\\\/07\\\/14\\\/projection-du-film-dounia-a-la-cinematheque-dalger-deux-generations-entre-deux-rives\\\/#breadcrumb\"},\"inLanguage\":\"fr-FR\",\"potentialAction\":[{\"@type\":\"ReadAction\",\"target\":[\"https:\\\/\\\/lasentinelle.dz\\\/index.php\\\/2025\\\/07\\\/14\\\/projection-du-film-dounia-a-la-cinematheque-dalger-deux-generations-entre-deux-rives\\\/\"]}]},{\"@type\":\"ImageObject\",\"inLanguage\":\"fr-FR\",\"@id\":\"https:\\\/\\\/lasentinelle.dz\\\/index.php\\\/2025\\\/07\\\/14\\\/projection-du-film-dounia-a-la-cinematheque-dalger-deux-generations-entre-deux-rives\\\/#primaryimage\",\"url\":\"https:\\\/\\\/lasentinelle.dz\\\/wp-content\\\/uploads\\\/2025\\\/07\\\/affiche.jpeg\",\"contentUrl\":\"https:\\\/\\\/lasentinelle.dz\\\/wp-content\\\/uploads\\\/2025\\\/07\\\/affiche.jpeg\",\"width\":763,\"height\":1080},{\"@type\":\"BreadcrumbList\",\"@id\":\"https:\\\/\\\/lasentinelle.dz\\\/index.php\\\/2025\\\/07\\\/14\\\/projection-du-film-dounia-a-la-cinematheque-dalger-deux-generations-entre-deux-rives\\\/#breadcrumb\",\"itemListElement\":[{\"@type\":\"ListItem\",\"position\":1,\"name\":\"Accueil\",\"item\":\"https:\\\/\\\/lasentinelle.dz\\\/\"},{\"@type\":\"ListItem\",\"position\":2,\"name\":\"Projection du film \u00ab\u00a0Dounia\u00a0\u00bb \u00e0 la Cin\u00e9math\u00e8que d&rsquo;Alger : Deux g\u00e9n\u00e9rations entre deux rives\"}]},{\"@type\":\"WebSite\",\"@id\":\"https:\\\/\\\/lasentinelle.dz\\\/#website\",\"url\":\"https:\\\/\\\/lasentinelle.dz\\\/\",\"name\":\"La Sentinelle\",\"description\":\"Quotidien national d&#039;information\",\"publisher\":{\"@id\":\"https:\\\/\\\/lasentinelle.dz\\\/#organization\"},\"potentialAction\":[{\"@type\":\"SearchAction\",\"target\":{\"@type\":\"EntryPoint\",\"urlTemplate\":\"https:\\\/\\\/lasentinelle.dz\\\/?s={search_term_string}\"},\"query-input\":{\"@type\":\"PropertyValueSpecification\",\"valueRequired\":true,\"valueName\":\"search_term_string\"}}],\"inLanguage\":\"fr-FR\"},{\"@type\":\"Organization\",\"@id\":\"https:\\\/\\\/lasentinelle.dz\\\/#organization\",\"name\":\"Quotidien La Sentinelle\",\"url\":\"https:\\\/\\\/lasentinelle.dz\\\/\",\"logo\":{\"@type\":\"ImageObject\",\"inLanguage\":\"fr-FR\",\"@id\":\"https:\\\/\\\/lasentinelle.dz\\\/#\\\/schema\\\/logo\\\/image\\\/\",\"url\":\"https:\\\/\\\/lasentinelle.dz\\\/wp-content\\\/uploads\\\/2021\\\/09\\\/logo-sentinelleSLOGAN-1.png\",\"contentUrl\":\"https:\\\/\\\/lasentinelle.dz\\\/wp-content\\\/uploads\\\/2021\\\/09\\\/logo-sentinelleSLOGAN-1.png\",\"width\":615,\"height\":142,\"caption\":\"Quotidien La Sentinelle\"},\"image\":{\"@id\":\"https:\\\/\\\/lasentinelle.dz\\\/#\\\/schema\\\/logo\\\/image\\\/\"},\"sameAs\":[\"https:\\\/\\\/www.facebook.com\\\/La-Sentinelle-104059864394773\"]},{\"@type\":\"Person\",\"@id\":\"https:\\\/\\\/lasentinelle.dz\\\/#\\\/schema\\\/person\\\/729ee0024f24e0b8c5ec17232f8e8b41\",\"name\":\"admin\",\"image\":{\"@type\":\"ImageObject\",\"inLanguage\":\"fr-FR\",\"@id\":\"https:\\\/\\\/secure.gravatar.com\\\/avatar\\\/4c81fed838786e9b53f540bf46533e750f5d292099ae3b66cfc6fb1982e29df7?s=96&d=mm&r=g\",\"url\":\"https:\\\/\\\/secure.gravatar.com\\\/avatar\\\/4c81fed838786e9b53f540bf46533e750f5d292099ae3b66cfc6fb1982e29df7?s=96&d=mm&r=g\",\"contentUrl\":\"https:\\\/\\\/secure.gravatar.com\\\/avatar\\\/4c81fed838786e9b53f540bf46533e750f5d292099ae3b66cfc6fb1982e29df7?s=96&d=mm&r=g\",\"caption\":\"admin\"},\"description\":\"admin\",\"url\":\"https:\\\/\\\/lasentinelle.dz\\\/author\\\/admin\\\/\"}]}<\/script>\n<!-- \/ Yoast SEO plugin. -->","yoast_head_json":{"title":"Projection du film \u00ab\u00a0Dounia\u00a0\u00bb \u00e0 la Cin\u00e9math\u00e8que d&rsquo;Alger : Deux g\u00e9n\u00e9rations entre deux rives - La Sentinelle","robots":{"index":"index","follow":"follow","max-snippet":"max-snippet:-1","max-image-preview":"max-image-preview:large","max-video-preview":"max-video-preview:-1"},"canonical":"https:\/\/lasentinelle.dz\/index.php\/2025\/07\/14\/projection-du-film-dounia-a-la-cinematheque-dalger-deux-generations-entre-deux-rives\/","og_locale":"fr_FR","og_type":"article","og_title":"Projection du film \u00ab\u00a0Dounia\u00a0\u00bb \u00e0 la Cin\u00e9math\u00e8que d&rsquo;Alger : Deux g\u00e9n\u00e9rations entre deux rives - La Sentinelle","og_description":"Dans cette fiction coproduite par Nissou Production et le Centre alg\u00e9rien de d\u00e9veloppement du cin\u00e9ma, la r\u00e9alisatrice explore avec finesse","og_url":"https:\/\/lasentinelle.dz\/index.php\/2025\/07\/14\/projection-du-film-dounia-a-la-cinematheque-dalger-deux-generations-entre-deux-rives\/","og_site_name":"La Sentinelle","article_publisher":"https:\/\/www.facebook.com\/La-Sentinelle-104059864394773","article_published_time":"2025-07-14T10:20:55+00:00","og_image":[{"width":763,"height":1080,"url":"https:\/\/lasentinelle.dz\/wp-content\/uploads\/2025\/07\/affiche.jpeg","type":"image\/jpeg"}],"author":"admin","twitter_card":"summary_large_image","twitter_misc":{"\u00c9crit par":"admin","Dur\u00e9e de lecture estim\u00e9e":"5 minutes"},"schema":{"@context":"https:\/\/schema.org","@graph":[{"@type":"Article","@id":"https:\/\/lasentinelle.dz\/index.php\/2025\/07\/14\/projection-du-film-dounia-a-la-cinematheque-dalger-deux-generations-entre-deux-rives\/#article","isPartOf":{"@id":"https:\/\/lasentinelle.dz\/index.php\/2025\/07\/14\/projection-du-film-dounia-a-la-cinematheque-dalger-deux-generations-entre-deux-rives\/"},"author":{"name":"admin","@id":"https:\/\/lasentinelle.dz\/#\/schema\/person\/729ee0024f24e0b8c5ec17232f8e8b41"},"headline":"Projection du film \u00ab\u00a0Dounia\u00a0\u00bb \u00e0 la Cin\u00e9math\u00e8que d&rsquo;Alger : Deux g\u00e9n\u00e9rations entre deux rives","datePublished":"2025-07-14T10:20:55+00:00","mainEntityOfPage":{"@id":"https:\/\/lasentinelle.dz\/index.php\/2025\/07\/14\/projection-du-film-dounia-a-la-cinematheque-dalger-deux-generations-entre-deux-rives\/"},"wordCount":927,"commentCount":0,"publisher":{"@id":"https:\/\/lasentinelle.dz\/#organization"},"image":{"@id":"https:\/\/lasentinelle.dz\/index.php\/2025\/07\/14\/projection-du-film-dounia-a-la-cinematheque-dalger-deux-generations-entre-deux-rives\/#primaryimage"},"thumbnailUrl":"https:\/\/lasentinelle.dz\/wp-content\/uploads\/2025\/07\/affiche.jpeg","articleSection":["Culture"],"inLanguage":"fr-FR","potentialAction":[{"@type":"CommentAction","name":"Comment","target":["https:\/\/lasentinelle.dz\/index.php\/2025\/07\/14\/projection-du-film-dounia-a-la-cinematheque-dalger-deux-generations-entre-deux-rives\/#respond"]}]},{"@type":"WebPage","@id":"https:\/\/lasentinelle.dz\/index.php\/2025\/07\/14\/projection-du-film-dounia-a-la-cinematheque-dalger-deux-generations-entre-deux-rives\/","url":"https:\/\/lasentinelle.dz\/index.php\/2025\/07\/14\/projection-du-film-dounia-a-la-cinematheque-dalger-deux-generations-entre-deux-rives\/","name":"Projection du film \u00ab\u00a0Dounia\u00a0\u00bb \u00e0 la Cin\u00e9math\u00e8que d&rsquo;Alger : Deux g\u00e9n\u00e9rations entre deux rives - La Sentinelle","isPartOf":{"@id":"https:\/\/lasentinelle.dz\/#website"},"primaryImageOfPage":{"@id":"https:\/\/lasentinelle.dz\/index.php\/2025\/07\/14\/projection-du-film-dounia-a-la-cinematheque-dalger-deux-generations-entre-deux-rives\/#primaryimage"},"image":{"@id":"https:\/\/lasentinelle.dz\/index.php\/2025\/07\/14\/projection-du-film-dounia-a-la-cinematheque-dalger-deux-generations-entre-deux-rives\/#primaryimage"},"thumbnailUrl":"https:\/\/lasentinelle.dz\/wp-content\/uploads\/2025\/07\/affiche.jpeg","datePublished":"2025-07-14T10:20:55+00:00","breadcrumb":{"@id":"https:\/\/lasentinelle.dz\/index.php\/2025\/07\/14\/projection-du-film-dounia-a-la-cinematheque-dalger-deux-generations-entre-deux-rives\/#breadcrumb"},"inLanguage":"fr-FR","potentialAction":[{"@type":"ReadAction","target":["https:\/\/lasentinelle.dz\/index.php\/2025\/07\/14\/projection-du-film-dounia-a-la-cinematheque-dalger-deux-generations-entre-deux-rives\/"]}]},{"@type":"ImageObject","inLanguage":"fr-FR","@id":"https:\/\/lasentinelle.dz\/index.php\/2025\/07\/14\/projection-du-film-dounia-a-la-cinematheque-dalger-deux-generations-entre-deux-rives\/#primaryimage","url":"https:\/\/lasentinelle.dz\/wp-content\/uploads\/2025\/07\/affiche.jpeg","contentUrl":"https:\/\/lasentinelle.dz\/wp-content\/uploads\/2025\/07\/affiche.jpeg","width":763,"height":1080},{"@type":"BreadcrumbList","@id":"https:\/\/lasentinelle.dz\/index.php\/2025\/07\/14\/projection-du-film-dounia-a-la-cinematheque-dalger-deux-generations-entre-deux-rives\/#breadcrumb","itemListElement":[{"@type":"ListItem","position":1,"name":"Accueil","item":"https:\/\/lasentinelle.dz\/"},{"@type":"ListItem","position":2,"name":"Projection du film \u00ab\u00a0Dounia\u00a0\u00bb \u00e0 la Cin\u00e9math\u00e8que d&rsquo;Alger : Deux g\u00e9n\u00e9rations entre deux rives"}]},{"@type":"WebSite","@id":"https:\/\/lasentinelle.dz\/#website","url":"https:\/\/lasentinelle.dz\/","name":"La Sentinelle","description":"Quotidien national d&#039;information","publisher":{"@id":"https:\/\/lasentinelle.dz\/#organization"},"potentialAction":[{"@type":"SearchAction","target":{"@type":"EntryPoint","urlTemplate":"https:\/\/lasentinelle.dz\/?s={search_term_string}"},"query-input":{"@type":"PropertyValueSpecification","valueRequired":true,"valueName":"search_term_string"}}],"inLanguage":"fr-FR"},{"@type":"Organization","@id":"https:\/\/lasentinelle.dz\/#organization","name":"Quotidien La Sentinelle","url":"https:\/\/lasentinelle.dz\/","logo":{"@type":"ImageObject","inLanguage":"fr-FR","@id":"https:\/\/lasentinelle.dz\/#\/schema\/logo\/image\/","url":"https:\/\/lasentinelle.dz\/wp-content\/uploads\/2021\/09\/logo-sentinelleSLOGAN-1.png","contentUrl":"https:\/\/lasentinelle.dz\/wp-content\/uploads\/2021\/09\/logo-sentinelleSLOGAN-1.png","width":615,"height":142,"caption":"Quotidien La Sentinelle"},"image":{"@id":"https:\/\/lasentinelle.dz\/#\/schema\/logo\/image\/"},"sameAs":["https:\/\/www.facebook.com\/La-Sentinelle-104059864394773"]},{"@type":"Person","@id":"https:\/\/lasentinelle.dz\/#\/schema\/person\/729ee0024f24e0b8c5ec17232f8e8b41","name":"admin","image":{"@type":"ImageObject","inLanguage":"fr-FR","@id":"https:\/\/secure.gravatar.com\/avatar\/4c81fed838786e9b53f540bf46533e750f5d292099ae3b66cfc6fb1982e29df7?s=96&d=mm&r=g","url":"https:\/\/secure.gravatar.com\/avatar\/4c81fed838786e9b53f540bf46533e750f5d292099ae3b66cfc6fb1982e29df7?s=96&d=mm&r=g","contentUrl":"https:\/\/secure.gravatar.com\/avatar\/4c81fed838786e9b53f540bf46533e750f5d292099ae3b66cfc6fb1982e29df7?s=96&d=mm&r=g","caption":"admin"},"description":"admin","url":"https:\/\/lasentinelle.dz\/author\/admin\/"}]}},"_links":{"self":[{"href":"https:\/\/lasentinelle.dz\/index.php\/wp-json\/wp\/v2\/posts\/70265","targetHints":{"allow":["GET"]}}],"collection":[{"href":"https:\/\/lasentinelle.dz\/index.php\/wp-json\/wp\/v2\/posts"}],"about":[{"href":"https:\/\/lasentinelle.dz\/index.php\/wp-json\/wp\/v2\/types\/post"}],"author":[{"embeddable":true,"href":"https:\/\/lasentinelle.dz\/index.php\/wp-json\/wp\/v2\/users\/6"}],"replies":[{"embeddable":true,"href":"https:\/\/lasentinelle.dz\/index.php\/wp-json\/wp\/v2\/comments?post=70265"}],"version-history":[{"count":2,"href":"https:\/\/lasentinelle.dz\/index.php\/wp-json\/wp\/v2\/posts\/70265\/revisions"}],"predecessor-version":[{"id":70268,"href":"https:\/\/lasentinelle.dz\/index.php\/wp-json\/wp\/v2\/posts\/70265\/revisions\/70268"}],"wp:featuredmedia":[{"embeddable":true,"href":"https:\/\/lasentinelle.dz\/index.php\/wp-json\/wp\/v2\/media\/70266"}],"wp:attachment":[{"href":"https:\/\/lasentinelle.dz\/index.php\/wp-json\/wp\/v2\/media?parent=70265"}],"wp:term":[{"taxonomy":"category","embeddable":true,"href":"https:\/\/lasentinelle.dz\/index.php\/wp-json\/wp\/v2\/categories?post=70265"},{"taxonomy":"post_tag","embeddable":true,"href":"https:\/\/lasentinelle.dz\/index.php\/wp-json\/wp\/v2\/tags?post=70265"}],"curies":[{"name":"wp","href":"https:\/\/api.w.org\/{rel}","templated":true}]}}