{"id":70269,"date":"2025-07-14T11:40:11","date_gmt":"2025-07-14T10:40:11","guid":{"rendered":"https:\/\/lasentinelle.dz\/?p=70269"},"modified":"2025-07-14T11:40:12","modified_gmt":"2025-07-14T10:40:12","slug":"sahara-occidental-le-president-ghali-exhorte-lonu-a-concretiser-la-decolonisation-d","status":"publish","type":"post","link":"https:\/\/lasentinelle.dz\/index.php\/2025\/07\/14\/sahara-occidental-le-president-ghali-exhorte-lonu-a-concretiser-la-decolonisation-d\/","title":{"rendered":"Sahara occidental : Le Pr\u00e9sident Ghali exhorte l&rsquo;ONU \u00e0 concr\u00e9tiser la d\u00e9colonisation d"},"content":{"rendered":"\n<p>Le pr\u00e9sident de la R\u00e9publique sahraouie et secr\u00e9taire g\u00e9n\u00e9ral du Front Polisario, Brahim Ghali, a lanc\u00e9 samedi un appel solennel \u00e0 l&rsquo;Organisation des Nations Unies pour qu&rsquo;elle assume pleinement ses responsabilit\u00e9s historiques dans la d\u00e9colonisation du Sahara occidental. S&rsquo;exprimant lors de l&rsquo;ouverture de la 7e session ordinaire du Secr\u00e9tariat national du Front Polisario dans les camps de r\u00e9fugi\u00e9s de Chahid ElHafedh, le dirigeant sahraoui a insist\u00e9 sur l&rsquo;urgence pour l&rsquo;organisation internationale d&rsquo;honorer ses engagements envers le peuple sahraoui et de lui permettre d&rsquo;exercer son droit inali\u00e9nable \u00e0 l&rsquo;autod\u00e9termination et \u00e0 l&rsquo;ind\u00e9pendance. Dans son allocution, le pr\u00e9sident Ghali a particuli\u00e8rement soulign\u00e9 que l&rsquo;ONU devait assumer sa responsabilit\u00e9 dans la protection des citoyens sahraouis sans d\u00e9fense dans une r\u00e9gion plac\u00e9e sous son mandat direct depuis des d\u00e9cennies. Cette interpellation intervient dans un contexte o\u00f9 la mission onusienne de maintien de la paix au Sahara occidental, la MINURSO, peine \u00e0 remplir son mandat originel d&rsquo;organisation d&rsquo;un r\u00e9f\u00e9rendum d&rsquo;autod\u00e9termination, report\u00e9 ind\u00e9finiment depuis sa cr\u00e9ation en 1991.<\/p>\n\n\n\n<p>Le dirigeant sahraoui a d\u00e9nonc\u00e9 avec fermet\u00e9 les politiques r\u00e9pressives de l&rsquo;occupant marocain, qui selon lui se livre \u00e0 une r\u00e9pression syst\u00e9matique contre toutes les franges du peuple sahraoui. Il a particuli\u00e8rement mis l&rsquo;accent sur le blocus et les restrictions impos\u00e9es par les autorit\u00e9s marocaines, l&rsquo;accaparement des terres et des biens sahraouis, ainsi que le pillage des ressources naturelles du territoire. Cette d\u00e9nonciation fait \u00e9cho aux pr\u00e9occupations r\u00e9currentes exprim\u00e9es par les organisations internationales de d\u00e9fense des droits humains concernant les violations document\u00e9es dans les territoires occup\u00e9s.<\/p>\n\n\n\n<p>Le pr\u00e9sident Ghali a \u00e9galement condamn\u00e9 l&rsquo;expulsion des journalistes et des observateurs internationaux par les autorit\u00e9s marocaines, une pratique qui limite consid\u00e9rablement l&rsquo;acc\u00e8s \u00e0 l&rsquo;information sur la situation r\u00e9elle dans les territoires occup\u00e9s. Le dirigeant sahraoui a mis en lumi\u00e8re les tentatives d&rsquo;atteinte \u00e0 l&rsquo;unit\u00e9 nationale sahraouie par le biais de man\u0153uvres visant \u00e0 semer la discorde et \u00e0 ternir l&rsquo;image du Front Polisario, reconnu internationalement comme le seul repr\u00e9sentant l\u00e9gitime du peuple sahraoui dans sa lutte pour la lib\u00e9ration nationale. Ghali a d\u00e9nonc\u00e9 l&rsquo;utilisation par l&rsquo;\u00c9tat marocain de moyens particuli\u00e8rement pr\u00e9occupants pour parvenir \u00e0 ses fins, notamment l&rsquo;inondation du Sahara occidental par les stup\u00e9fiants. Il a \u00e9galement d\u00e9nonc\u00e9 le soutien apport\u00e9 par les autorit\u00e9s marocaines aux bandes criminelles organis\u00e9es transfrontali\u00e8res et aux groupes terroristes, transformant la r\u00e9gion en zone d&rsquo;instabilit\u00e9.<\/p>\n\n\n\n<p>Plus inqui\u00e9tant encore, selon le dirigeant sahraoui, l&rsquo;ex\u00e9cution dans la r\u00e9gion des agendas subversifs des puissances coloniales et sionistes constitue une menace pour l&rsquo;ensemble de la stabilit\u00e9 r\u00e9gionale.<\/p>\n\n\n\n<p>R.I.<\/p>\n","protected":false},"excerpt":{"rendered":"<p>Le pr\u00e9sident de la R\u00e9publique sahraouie et secr\u00e9taire g\u00e9n\u00e9ral du Front Polisario, Brahim Ghali, a lanc\u00e9 samedi un appel solennel<\/p>\n","protected":false},"author":6,"featured_media":61315,"comment_status":"open","ping_status":"closed","sticky":false,"template":"","format":"standard","meta":{"colormag_page_container_layout":"default_layout","colormag_page_sidebar_layout":"default_layout","om_disable_all_campaigns":false,"_monsterinsights_skip_tracking":false,"_monsterinsights_sitenote_active":false,"_monsterinsights_sitenote_note":"","_monsterinsights_sitenote_category":0,"footnotes":"","_wpscppro_dont_share_socialmedia":false,"_wpscppro_custom_social_share_image":0,"_facebook_share_type":"default","_twitter_share_type":"default","_linkedin_share_type":"default","_pinterest_share_type":"default","_linkedin_share_type_page":"","_instagram_share_type":"default","_medium_share_type":"default","_threads_share_type":"","_google_business_share_type":"","_selected_social_profile":[],"_wpsp_enable_custom_social_template":false,"_wpsp_social_scheduling":{"enabled":false,"datetime":null,"platforms":[],"status":"template_only","dateOption":"today","timeOption":"now","customDays":"","customHours":"","customDate":"","customTime":"","schedulingType":"absolute"},"_wpsp_active_default_template":true},"categories":[37],"tags":[],"class_list":["post-70269","post","type-post","status-publish","format-standard","has-post-thumbnail","hentry","category-monde"],"aioseo_notices":[],"yoast_head":"<!-- This site is optimized with the Yoast SEO plugin v27.4 - https:\/\/yoast.com\/product\/yoast-seo-wordpress\/ -->\n<title>Sahara occidental : Le Pr\u00e9sident Ghali exhorte l&rsquo;ONU \u00e0 concr\u00e9tiser la d\u00e9colonisation d - La Sentinelle<\/title>\n<meta name=\"robots\" content=\"index, follow, max-snippet:-1, max-image-preview:large, max-video-preview:-1\" \/>\n<link rel=\"canonical\" href=\"https:\/\/lasentinelle.dz\/index.php\/2025\/07\/14\/sahara-occidental-le-president-ghali-exhorte-lonu-a-concretiser-la-decolonisation-d\/\" \/>\n<meta property=\"og:locale\" content=\"fr_FR\" \/>\n<meta property=\"og:type\" content=\"article\" \/>\n<meta property=\"og:title\" content=\"Sahara occidental : Le Pr\u00e9sident Ghali exhorte l&rsquo;ONU \u00e0 concr\u00e9tiser la d\u00e9colonisation d - La Sentinelle\" \/>\n<meta property=\"og:description\" content=\"Le pr\u00e9sident de la R\u00e9publique sahraouie et secr\u00e9taire g\u00e9n\u00e9ral du Front Polisario, Brahim Ghali, a lanc\u00e9 samedi un appel solennel\" \/>\n<meta property=\"og:url\" content=\"https:\/\/lasentinelle.dz\/index.php\/2025\/07\/14\/sahara-occidental-le-president-ghali-exhorte-lonu-a-concretiser-la-decolonisation-d\/\" \/>\n<meta property=\"og:site_name\" content=\"La Sentinelle\" \/>\n<meta property=\"article:publisher\" content=\"https:\/\/www.facebook.com\/La-Sentinelle-104059864394773\" \/>\n<meta property=\"article:published_time\" content=\"2025-07-14T10:40:11+00:00\" \/>\n<meta property=\"article:modified_time\" content=\"2025-07-14T10:40:12+00:00\" \/>\n<meta property=\"og:image\" content=\"https:\/\/lasentinelle.dz\/wp-content\/uploads\/2025\/01\/Brahim-Ghali.jpeg\" \/>\n\t<meta property=\"og:image:width\" content=\"813\" \/>\n\t<meta property=\"og:image:height\" content=\"558\" \/>\n\t<meta property=\"og:image:type\" content=\"image\/jpeg\" \/>\n<meta name=\"author\" content=\"admin\" \/>\n<meta name=\"twitter:card\" content=\"summary_large_image\" \/>\n<meta name=\"twitter:label1\" content=\"\u00c9crit par\" \/>\n\t<meta name=\"twitter:data1\" content=\"admin\" \/>\n\t<meta name=\"twitter:label2\" content=\"Dur\u00e9e de lecture estim\u00e9e\" \/>\n\t<meta name=\"twitter:data2\" content=\"3 minutes\" \/>\n<script type=\"application\/ld+json\" class=\"yoast-schema-graph\">{\"@context\":\"https:\\\/\\\/schema.org\",\"@graph\":[{\"@type\":\"Article\",\"@id\":\"https:\\\/\\\/lasentinelle.dz\\\/index.php\\\/2025\\\/07\\\/14\\\/sahara-occidental-le-president-ghali-exhorte-lonu-a-concretiser-la-decolonisation-d\\\/#article\",\"isPartOf\":{\"@id\":\"https:\\\/\\\/lasentinelle.dz\\\/index.php\\\/2025\\\/07\\\/14\\\/sahara-occidental-le-president-ghali-exhorte-lonu-a-concretiser-la-decolonisation-d\\\/\"},\"author\":{\"name\":\"admin\",\"@id\":\"https:\\\/\\\/lasentinelle.dz\\\/#\\\/schema\\\/person\\\/729ee0024f24e0b8c5ec17232f8e8b41\"},\"headline\":\"Sahara occidental : Le Pr\u00e9sident Ghali exhorte l&rsquo;ONU \u00e0 concr\u00e9tiser la d\u00e9colonisation d\",\"datePublished\":\"2025-07-14T10:40:11+00:00\",\"dateModified\":\"2025-07-14T10:40:12+00:00\",\"mainEntityOfPage\":{\"@id\":\"https:\\\/\\\/lasentinelle.dz\\\/index.php\\\/2025\\\/07\\\/14\\\/sahara-occidental-le-president-ghali-exhorte-lonu-a-concretiser-la-decolonisation-d\\\/\"},\"wordCount\":505,\"commentCount\":0,\"publisher\":{\"@id\":\"https:\\\/\\\/lasentinelle.dz\\\/#organization\"},\"image\":{\"@id\":\"https:\\\/\\\/lasentinelle.dz\\\/index.php\\\/2025\\\/07\\\/14\\\/sahara-occidental-le-president-ghali-exhorte-lonu-a-concretiser-la-decolonisation-d\\\/#primaryimage\"},\"thumbnailUrl\":\"https:\\\/\\\/lasentinelle.dz\\\/wp-content\\\/uploads\\\/2025\\\/01\\\/Brahim-Ghali.jpeg\",\"articleSection\":[\"Monde\"],\"inLanguage\":\"fr-FR\",\"potentialAction\":[{\"@type\":\"CommentAction\",\"name\":\"Comment\",\"target\":[\"https:\\\/\\\/lasentinelle.dz\\\/index.php\\\/2025\\\/07\\\/14\\\/sahara-occidental-le-president-ghali-exhorte-lonu-a-concretiser-la-decolonisation-d\\\/#respond\"]}]},{\"@type\":\"WebPage\",\"@id\":\"https:\\\/\\\/lasentinelle.dz\\\/index.php\\\/2025\\\/07\\\/14\\\/sahara-occidental-le-president-ghali-exhorte-lonu-a-concretiser-la-decolonisation-d\\\/\",\"url\":\"https:\\\/\\\/lasentinelle.dz\\\/index.php\\\/2025\\\/07\\\/14\\\/sahara-occidental-le-president-ghali-exhorte-lonu-a-concretiser-la-decolonisation-d\\\/\",\"name\":\"Sahara occidental : Le Pr\u00e9sident Ghali exhorte l&rsquo;ONU \u00e0 concr\u00e9tiser la d\u00e9colonisation d - La Sentinelle\",\"isPartOf\":{\"@id\":\"https:\\\/\\\/lasentinelle.dz\\\/#website\"},\"primaryImageOfPage\":{\"@id\":\"https:\\\/\\\/lasentinelle.dz\\\/index.php\\\/2025\\\/07\\\/14\\\/sahara-occidental-le-president-ghali-exhorte-lonu-a-concretiser-la-decolonisation-d\\\/#primaryimage\"},\"image\":{\"@id\":\"https:\\\/\\\/lasentinelle.dz\\\/index.php\\\/2025\\\/07\\\/14\\\/sahara-occidental-le-president-ghali-exhorte-lonu-a-concretiser-la-decolonisation-d\\\/#primaryimage\"},\"thumbnailUrl\":\"https:\\\/\\\/lasentinelle.dz\\\/wp-content\\\/uploads\\\/2025\\\/01\\\/Brahim-Ghali.jpeg\",\"datePublished\":\"2025-07-14T10:40:11+00:00\",\"dateModified\":\"2025-07-14T10:40:12+00:00\",\"breadcrumb\":{\"@id\":\"https:\\\/\\\/lasentinelle.dz\\\/index.php\\\/2025\\\/07\\\/14\\\/sahara-occidental-le-president-ghali-exhorte-lonu-a-concretiser-la-decolonisation-d\\\/#breadcrumb\"},\"inLanguage\":\"fr-FR\",\"potentialAction\":[{\"@type\":\"ReadAction\",\"target\":[\"https:\\\/\\\/lasentinelle.dz\\\/index.php\\\/2025\\\/07\\\/14\\\/sahara-occidental-le-president-ghali-exhorte-lonu-a-concretiser-la-decolonisation-d\\\/\"]}]},{\"@type\":\"ImageObject\",\"inLanguage\":\"fr-FR\",\"@id\":\"https:\\\/\\\/lasentinelle.dz\\\/index.php\\\/2025\\\/07\\\/14\\\/sahara-occidental-le-president-ghali-exhorte-lonu-a-concretiser-la-decolonisation-d\\\/#primaryimage\",\"url\":\"https:\\\/\\\/lasentinelle.dz\\\/wp-content\\\/uploads\\\/2025\\\/01\\\/Brahim-Ghali.jpeg\",\"contentUrl\":\"https:\\\/\\\/lasentinelle.dz\\\/wp-content\\\/uploads\\\/2025\\\/01\\\/Brahim-Ghali.jpeg\",\"width\":813,\"height\":558},{\"@type\":\"BreadcrumbList\",\"@id\":\"https:\\\/\\\/lasentinelle.dz\\\/index.php\\\/2025\\\/07\\\/14\\\/sahara-occidental-le-president-ghali-exhorte-lonu-a-concretiser-la-decolonisation-d\\\/#breadcrumb\",\"itemListElement\":[{\"@type\":\"ListItem\",\"position\":1,\"name\":\"Accueil\",\"item\":\"https:\\\/\\\/lasentinelle.dz\\\/\"},{\"@type\":\"ListItem\",\"position\":2,\"name\":\"Sahara occidental : Le Pr\u00e9sident Ghali exhorte l&rsquo;ONU \u00e0 concr\u00e9tiser la d\u00e9colonisation d\"}]},{\"@type\":\"WebSite\",\"@id\":\"https:\\\/\\\/lasentinelle.dz\\\/#website\",\"url\":\"https:\\\/\\\/lasentinelle.dz\\\/\",\"name\":\"La Sentinelle\",\"description\":\"Quotidien national d&#039;information\",\"publisher\":{\"@id\":\"https:\\\/\\\/lasentinelle.dz\\\/#organization\"},\"potentialAction\":[{\"@type\":\"SearchAction\",\"target\":{\"@type\":\"EntryPoint\",\"urlTemplate\":\"https:\\\/\\\/lasentinelle.dz\\\/?s={search_term_string}\"},\"query-input\":{\"@type\":\"PropertyValueSpecification\",\"valueRequired\":true,\"valueName\":\"search_term_string\"}}],\"inLanguage\":\"fr-FR\"},{\"@type\":\"Organization\",\"@id\":\"https:\\\/\\\/lasentinelle.dz\\\/#organization\",\"name\":\"Quotidien La Sentinelle\",\"url\":\"https:\\\/\\\/lasentinelle.dz\\\/\",\"logo\":{\"@type\":\"ImageObject\",\"inLanguage\":\"fr-FR\",\"@id\":\"https:\\\/\\\/lasentinelle.dz\\\/#\\\/schema\\\/logo\\\/image\\\/\",\"url\":\"https:\\\/\\\/lasentinelle.dz\\\/wp-content\\\/uploads\\\/2021\\\/09\\\/logo-sentinelleSLOGAN-1.png\",\"contentUrl\":\"https:\\\/\\\/lasentinelle.dz\\\/wp-content\\\/uploads\\\/2021\\\/09\\\/logo-sentinelleSLOGAN-1.png\",\"width\":615,\"height\":142,\"caption\":\"Quotidien La Sentinelle\"},\"image\":{\"@id\":\"https:\\\/\\\/lasentinelle.dz\\\/#\\\/schema\\\/logo\\\/image\\\/\"},\"sameAs\":[\"https:\\\/\\\/www.facebook.com\\\/La-Sentinelle-104059864394773\"]},{\"@type\":\"Person\",\"@id\":\"https:\\\/\\\/lasentinelle.dz\\\/#\\\/schema\\\/person\\\/729ee0024f24e0b8c5ec17232f8e8b41\",\"name\":\"admin\",\"image\":{\"@type\":\"ImageObject\",\"inLanguage\":\"fr-FR\",\"@id\":\"https:\\\/\\\/secure.gravatar.com\\\/avatar\\\/4c81fed838786e9b53f540bf46533e750f5d292099ae3b66cfc6fb1982e29df7?s=96&d=mm&r=g\",\"url\":\"https:\\\/\\\/secure.gravatar.com\\\/avatar\\\/4c81fed838786e9b53f540bf46533e750f5d292099ae3b66cfc6fb1982e29df7?s=96&d=mm&r=g\",\"contentUrl\":\"https:\\\/\\\/secure.gravatar.com\\\/avatar\\\/4c81fed838786e9b53f540bf46533e750f5d292099ae3b66cfc6fb1982e29df7?s=96&d=mm&r=g\",\"caption\":\"admin\"},\"description\":\"admin\",\"url\":\"https:\\\/\\\/lasentinelle.dz\\\/author\\\/admin\\\/\"}]}<\/script>\n<!-- \/ Yoast SEO plugin. -->","yoast_head_json":{"title":"Sahara occidental : Le Pr\u00e9sident Ghali exhorte l&rsquo;ONU \u00e0 concr\u00e9tiser la d\u00e9colonisation d - La Sentinelle","robots":{"index":"index","follow":"follow","max-snippet":"max-snippet:-1","max-image-preview":"max-image-preview:large","max-video-preview":"max-video-preview:-1"},"canonical":"https:\/\/lasentinelle.dz\/index.php\/2025\/07\/14\/sahara-occidental-le-president-ghali-exhorte-lonu-a-concretiser-la-decolonisation-d\/","og_locale":"fr_FR","og_type":"article","og_title":"Sahara occidental : Le Pr\u00e9sident Ghali exhorte l&rsquo;ONU \u00e0 concr\u00e9tiser la d\u00e9colonisation d - La Sentinelle","og_description":"Le pr\u00e9sident de la R\u00e9publique sahraouie et secr\u00e9taire g\u00e9n\u00e9ral du Front Polisario, Brahim Ghali, a lanc\u00e9 samedi un appel solennel","og_url":"https:\/\/lasentinelle.dz\/index.php\/2025\/07\/14\/sahara-occidental-le-president-ghali-exhorte-lonu-a-concretiser-la-decolonisation-d\/","og_site_name":"La Sentinelle","article_publisher":"https:\/\/www.facebook.com\/La-Sentinelle-104059864394773","article_published_time":"2025-07-14T10:40:11+00:00","article_modified_time":"2025-07-14T10:40:12+00:00","og_image":[{"width":813,"height":558,"url":"https:\/\/lasentinelle.dz\/wp-content\/uploads\/2025\/01\/Brahim-Ghali.jpeg","type":"image\/jpeg"}],"author":"admin","twitter_card":"summary_large_image","twitter_misc":{"\u00c9crit par":"admin","Dur\u00e9e de lecture estim\u00e9e":"3 minutes"},"schema":{"@context":"https:\/\/schema.org","@graph":[{"@type":"Article","@id":"https:\/\/lasentinelle.dz\/index.php\/2025\/07\/14\/sahara-occidental-le-president-ghali-exhorte-lonu-a-concretiser-la-decolonisation-d\/#article","isPartOf":{"@id":"https:\/\/lasentinelle.dz\/index.php\/2025\/07\/14\/sahara-occidental-le-president-ghali-exhorte-lonu-a-concretiser-la-decolonisation-d\/"},"author":{"name":"admin","@id":"https:\/\/lasentinelle.dz\/#\/schema\/person\/729ee0024f24e0b8c5ec17232f8e8b41"},"headline":"Sahara occidental : Le Pr\u00e9sident Ghali exhorte l&rsquo;ONU \u00e0 concr\u00e9tiser la d\u00e9colonisation d","datePublished":"2025-07-14T10:40:11+00:00","dateModified":"2025-07-14T10:40:12+00:00","mainEntityOfPage":{"@id":"https:\/\/lasentinelle.dz\/index.php\/2025\/07\/14\/sahara-occidental-le-president-ghali-exhorte-lonu-a-concretiser-la-decolonisation-d\/"},"wordCount":505,"commentCount":0,"publisher":{"@id":"https:\/\/lasentinelle.dz\/#organization"},"image":{"@id":"https:\/\/lasentinelle.dz\/index.php\/2025\/07\/14\/sahara-occidental-le-president-ghali-exhorte-lonu-a-concretiser-la-decolonisation-d\/#primaryimage"},"thumbnailUrl":"https:\/\/lasentinelle.dz\/wp-content\/uploads\/2025\/01\/Brahim-Ghali.jpeg","articleSection":["Monde"],"inLanguage":"fr-FR","potentialAction":[{"@type":"CommentAction","name":"Comment","target":["https:\/\/lasentinelle.dz\/index.php\/2025\/07\/14\/sahara-occidental-le-president-ghali-exhorte-lonu-a-concretiser-la-decolonisation-d\/#respond"]}]},{"@type":"WebPage","@id":"https:\/\/lasentinelle.dz\/index.php\/2025\/07\/14\/sahara-occidental-le-president-ghali-exhorte-lonu-a-concretiser-la-decolonisation-d\/","url":"https:\/\/lasentinelle.dz\/index.php\/2025\/07\/14\/sahara-occidental-le-president-ghali-exhorte-lonu-a-concretiser-la-decolonisation-d\/","name":"Sahara occidental : Le Pr\u00e9sident Ghali exhorte l&rsquo;ONU \u00e0 concr\u00e9tiser la d\u00e9colonisation d - La Sentinelle","isPartOf":{"@id":"https:\/\/lasentinelle.dz\/#website"},"primaryImageOfPage":{"@id":"https:\/\/lasentinelle.dz\/index.php\/2025\/07\/14\/sahara-occidental-le-president-ghali-exhorte-lonu-a-concretiser-la-decolonisation-d\/#primaryimage"},"image":{"@id":"https:\/\/lasentinelle.dz\/index.php\/2025\/07\/14\/sahara-occidental-le-president-ghali-exhorte-lonu-a-concretiser-la-decolonisation-d\/#primaryimage"},"thumbnailUrl":"https:\/\/lasentinelle.dz\/wp-content\/uploads\/2025\/01\/Brahim-Ghali.jpeg","datePublished":"2025-07-14T10:40:11+00:00","dateModified":"2025-07-14T10:40:12+00:00","breadcrumb":{"@id":"https:\/\/lasentinelle.dz\/index.php\/2025\/07\/14\/sahara-occidental-le-president-ghali-exhorte-lonu-a-concretiser-la-decolonisation-d\/#breadcrumb"},"inLanguage":"fr-FR","potentialAction":[{"@type":"ReadAction","target":["https:\/\/lasentinelle.dz\/index.php\/2025\/07\/14\/sahara-occidental-le-president-ghali-exhorte-lonu-a-concretiser-la-decolonisation-d\/"]}]},{"@type":"ImageObject","inLanguage":"fr-FR","@id":"https:\/\/lasentinelle.dz\/index.php\/2025\/07\/14\/sahara-occidental-le-president-ghali-exhorte-lonu-a-concretiser-la-decolonisation-d\/#primaryimage","url":"https:\/\/lasentinelle.dz\/wp-content\/uploads\/2025\/01\/Brahim-Ghali.jpeg","contentUrl":"https:\/\/lasentinelle.dz\/wp-content\/uploads\/2025\/01\/Brahim-Ghali.jpeg","width":813,"height":558},{"@type":"BreadcrumbList","@id":"https:\/\/lasentinelle.dz\/index.php\/2025\/07\/14\/sahara-occidental-le-president-ghali-exhorte-lonu-a-concretiser-la-decolonisation-d\/#breadcrumb","itemListElement":[{"@type":"ListItem","position":1,"name":"Accueil","item":"https:\/\/lasentinelle.dz\/"},{"@type":"ListItem","position":2,"name":"Sahara occidental : Le Pr\u00e9sident Ghali exhorte l&rsquo;ONU \u00e0 concr\u00e9tiser la d\u00e9colonisation d"}]},{"@type":"WebSite","@id":"https:\/\/lasentinelle.dz\/#website","url":"https:\/\/lasentinelle.dz\/","name":"La Sentinelle","description":"Quotidien national d&#039;information","publisher":{"@id":"https:\/\/lasentinelle.dz\/#organization"},"potentialAction":[{"@type":"SearchAction","target":{"@type":"EntryPoint","urlTemplate":"https:\/\/lasentinelle.dz\/?s={search_term_string}"},"query-input":{"@type":"PropertyValueSpecification","valueRequired":true,"valueName":"search_term_string"}}],"inLanguage":"fr-FR"},{"@type":"Organization","@id":"https:\/\/lasentinelle.dz\/#organization","name":"Quotidien La Sentinelle","url":"https:\/\/lasentinelle.dz\/","logo":{"@type":"ImageObject","inLanguage":"fr-FR","@id":"https:\/\/lasentinelle.dz\/#\/schema\/logo\/image\/","url":"https:\/\/lasentinelle.dz\/wp-content\/uploads\/2021\/09\/logo-sentinelleSLOGAN-1.png","contentUrl":"https:\/\/lasentinelle.dz\/wp-content\/uploads\/2021\/09\/logo-sentinelleSLOGAN-1.png","width":615,"height":142,"caption":"Quotidien La Sentinelle"},"image":{"@id":"https:\/\/lasentinelle.dz\/#\/schema\/logo\/image\/"},"sameAs":["https:\/\/www.facebook.com\/La-Sentinelle-104059864394773"]},{"@type":"Person","@id":"https:\/\/lasentinelle.dz\/#\/schema\/person\/729ee0024f24e0b8c5ec17232f8e8b41","name":"admin","image":{"@type":"ImageObject","inLanguage":"fr-FR","@id":"https:\/\/secure.gravatar.com\/avatar\/4c81fed838786e9b53f540bf46533e750f5d292099ae3b66cfc6fb1982e29df7?s=96&d=mm&r=g","url":"https:\/\/secure.gravatar.com\/avatar\/4c81fed838786e9b53f540bf46533e750f5d292099ae3b66cfc6fb1982e29df7?s=96&d=mm&r=g","contentUrl":"https:\/\/secure.gravatar.com\/avatar\/4c81fed838786e9b53f540bf46533e750f5d292099ae3b66cfc6fb1982e29df7?s=96&d=mm&r=g","caption":"admin"},"description":"admin","url":"https:\/\/lasentinelle.dz\/author\/admin\/"}]}},"_links":{"self":[{"href":"https:\/\/lasentinelle.dz\/index.php\/wp-json\/wp\/v2\/posts\/70269","targetHints":{"allow":["GET"]}}],"collection":[{"href":"https:\/\/lasentinelle.dz\/index.php\/wp-json\/wp\/v2\/posts"}],"about":[{"href":"https:\/\/lasentinelle.dz\/index.php\/wp-json\/wp\/v2\/types\/post"}],"author":[{"embeddable":true,"href":"https:\/\/lasentinelle.dz\/index.php\/wp-json\/wp\/v2\/users\/6"}],"replies":[{"embeddable":true,"href":"https:\/\/lasentinelle.dz\/index.php\/wp-json\/wp\/v2\/comments?post=70269"}],"version-history":[{"count":2,"href":"https:\/\/lasentinelle.dz\/index.php\/wp-json\/wp\/v2\/posts\/70269\/revisions"}],"predecessor-version":[{"id":70271,"href":"https:\/\/lasentinelle.dz\/index.php\/wp-json\/wp\/v2\/posts\/70269\/revisions\/70271"}],"wp:featuredmedia":[{"embeddable":true,"href":"https:\/\/lasentinelle.dz\/index.php\/wp-json\/wp\/v2\/media\/61315"}],"wp:attachment":[{"href":"https:\/\/lasentinelle.dz\/index.php\/wp-json\/wp\/v2\/media?parent=70269"}],"wp:term":[{"taxonomy":"category","embeddable":true,"href":"https:\/\/lasentinelle.dz\/index.php\/wp-json\/wp\/v2\/categories?post=70269"},{"taxonomy":"post_tag","embeddable":true,"href":"https:\/\/lasentinelle.dz\/index.php\/wp-json\/wp\/v2\/tags?post=70269"}],"curies":[{"name":"wp","href":"https:\/\/api.w.org\/{rel}","templated":true}]}}