{"id":70272,"date":"2025-07-14T11:41:16","date_gmt":"2025-07-14T10:41:16","guid":{"rendered":"https:\/\/lasentinelle.dz\/?p=70272"},"modified":"2025-07-14T11:41:17","modified_gmt":"2025-07-14T10:41:17","slug":"nucleaire-liran-reaffirme-sa-disposition-aux-negociations","status":"publish","type":"post","link":"https:\/\/lasentinelle.dz\/index.php\/2025\/07\/14\/nucleaire-liran-reaffirme-sa-disposition-aux-negociations\/","title":{"rendered":"Nucl\u00e9aire: L&rsquo;Iran r\u00e9affirme sa disposition aux n\u00e9gociations"},"content":{"rendered":"\n<p>Le ministre iranien des Affaires \u00e9trang\u00e8res, Seyed Abbas Araghchi, a d\u00e9clar\u00e9 samedi \u00e0 T\u00e9h\u00e9ran que son pays demeurait ouvert aux n\u00e9gociations sur son programme nucl\u00e9aire, tout en pr\u00e9cisant les conditions de cette coop\u00e9ration future. S&rsquo;exprimant devant des diplomates \u00e9trangers, le chef de la diplomatie iranienne a indiqu\u00e9 que \u00ab l&rsquo;Iran a toujours \u00e9t\u00e9, et sera toujours, pr\u00eat \u00e0 des n\u00e9gociations \u00bb sur cette question sensible. Ces d\u00e9clarations interviennent dans un contexte particuli\u00e8rement tendu, marqu\u00e9 par les frappes isra\u00e9liennes et am\u00e9ricaines contre les installations nucl\u00e9aires iraniennes entre le 13 et le 24 juin dernier. Selon les autorit\u00e9s iraniennes, ces attaques ont caus\u00e9 des victimes parmi les commandants de haut rang, les scientifiques nucl\u00e9aires et les civils. Le ministre Araghchi a soulign\u00e9 que \u00ab l&rsquo;agression sioniste contre l&rsquo;Iran a prouv\u00e9 qu&rsquo;il n&rsquo;y a pas d&rsquo;autre option que de revenir \u00e0 la diplomatie et \u00e0 une solution n\u00e9goci\u00e9e et accept\u00e9e \u00bb. Concernant la coop\u00e9ration avec l&rsquo;Agence internationale de l&rsquo;\u00e9nergie atomique, le ministre iranien a pr\u00e9cis\u00e9 que \u00ab notre coop\u00e9ration avec l&rsquo;Agence internationale de l&rsquo;\u00e9nergie atomique ne s&rsquo;est pas interrompue mais elle prendra une nouvelle forme \u00bb. Cette r\u00e9organisation fait suite \u00e0 la promulgation d&rsquo;une loi le 1er juillet suspendant officiellement la coop\u00e9ration avec l&rsquo;AIEA et transf\u00e9rant la gestion de ces relations du ressort de l&rsquo;Organisation iranienne de l&rsquo;\u00e9nergie atomique vers le Conseil supr\u00eame de s\u00e9curit\u00e9 nationale.<\/p>\n\n\n\n<p>Le chef de la diplomatie iranienne a expliqu\u00e9 que \u00ab conform\u00e9ment \u00e0 cette loi, toute notre coop\u00e9ration avec l&rsquo;Agence sera d\u00e9sormais g\u00e9r\u00e9e par le Conseil supr\u00eame de s\u00e9curit\u00e9 nationale \u00bb iranien, qui \u00ab d\u00e9cidera de la coop\u00e9ration future avec l&rsquo;AIEA apr\u00e8s avoir pris en compte les questions de s\u00e9curit\u00e9 et de s\u00fbret\u00e9 \u00bb. Cette d\u00e9cision refl\u00e8te la position de T\u00e9h\u00e9ran selon laquelle l&rsquo;AIEA porte une part de responsabilit\u00e9 dans les frappes de juin contre ses installations nucl\u00e9aires. En ce qui concerne d&rsquo;\u00e9ventuelles n\u00e9gociations futures, Abbas Araghchi a pos\u00e9 des conditions claires. Il a affirm\u00e9 que \u00ab dans toute n\u00e9gociation, les droits nucl\u00e9aires du peuple iranien, y compris l&rsquo;enrichissement local de l&rsquo;uranium, devraient \u00eatre respect\u00e9s \u00bb. Le ministre a \u00e9galement pr\u00e9cis\u00e9 que \u00ab toute n\u00e9gociation potentielle devrait se concentrer uniquement sur le programme nucl\u00e9aire de l&rsquo;Iran \u00bb et que \u00ab ses capacit\u00e9s militaires ne seront pas n\u00e9gociables \u00bb.<\/p>\n\n\n\n<p>Le ministre iranien a par ailleurs insist\u00e9 sur la n\u00e9cessit\u00e9 d&rsquo;\u00e9tablir un climat de confiance pr\u00e9alable, d\u00e9clarant que l&rsquo;Iran \u00ab reste dispos\u00e9 \u00e0 instaurer une confiance par la diplomatie mais, avant cela, nos homologues doivent nous convaincre qu&rsquo;ils souhaitent la diplomatie et non que cette derni\u00e8re serve \u00e0 masquer d&rsquo;autres objectifs \u00bb. Les tensions r\u00e9centes ont \u00e9galement affect\u00e9 les n\u00e9gociations entre l&rsquo;Iran et les \u00c9tats-Unis, qui \u00e9taient en cours depuis avril pour encadrer le programme nucl\u00e9aire iranien en \u00e9change d&rsquo;une lev\u00e9e des sanctions \u00e9conomiques. Ces discussions ont \u00e9t\u00e9 suspendues apr\u00e8s l&rsquo;agression isra\u00e9lienne contre l&rsquo;Iran, bien que T\u00e9h\u00e9ran ait indiqu\u00e9 samedi qu&rsquo;il allait \u00e9tudier les d\u00e9tails en vue d&rsquo;une \u00e9ventuelle reprise de ces n\u00e9gociations.<\/p>\n\n\n\n<p>La question de l&rsquo;enrichissement de l&rsquo;uranium reste au c\u0153ur des divergences entre l&rsquo;Iran et les puissances occidentales. T\u00e9h\u00e9ran consid\u00e8re ce droit comme \u00ab non n\u00e9gociable \u00bb pour d\u00e9velopper un programme nucl\u00e9aire civil, tandis que Washington y voit une \u00ab ligne rouge \u00bb. Selon l&rsquo;AIEA, l&rsquo;Iran est actuellement l&rsquo;unique pays non dot\u00e9 de l&rsquo;arme nucl\u00e9aire \u00e0 enrichir de l&rsquo;uranium \u00e0 un niveau \u00e9lev\u00e9 de 60%, bien au-del\u00e0 de la limite de 3,67% fix\u00e9e par l&rsquo;accord international de 2015 rendu caduc en raison du retrait des \u00c9tats-Unis en 2018.<\/p>\n\n\n\n<p>R.I.<\/p>\n","protected":false},"excerpt":{"rendered":"<p>Le ministre iranien des Affaires \u00e9trang\u00e8res, Seyed Abbas Araghchi, a d\u00e9clar\u00e9 samedi \u00e0 T\u00e9h\u00e9ran que son pays demeurait ouvert aux<\/p>\n","protected":false},"author":6,"featured_media":65196,"comment_status":"open","ping_status":"closed","sticky":false,"template":"","format":"standard","meta":{"colormag_page_container_layout":"default_layout","colormag_page_sidebar_layout":"default_layout","om_disable_all_campaigns":false,"_monsterinsights_skip_tracking":false,"_monsterinsights_sitenote_active":false,"_monsterinsights_sitenote_note":"","_monsterinsights_sitenote_category":0,"footnotes":"","_wpscppro_dont_share_socialmedia":false,"_wpscppro_custom_social_share_image":0,"_facebook_share_type":"default","_twitter_share_type":"default","_linkedin_share_type":"default","_pinterest_share_type":"default","_linkedin_share_type_page":"","_instagram_share_type":"default","_medium_share_type":"default","_threads_share_type":"","_google_business_share_type":"","_selected_social_profile":[],"_wpsp_enable_custom_social_template":false,"_wpsp_social_scheduling":{"enabled":false,"datetime":null,"platforms":[],"status":"template_only","dateOption":"today","timeOption":"now","customDays":"","customHours":"","customDate":"","customTime":"","schedulingType":"absolute"},"_wpsp_active_default_template":true},"categories":[37],"tags":[],"class_list":["post-70272","post","type-post","status-publish","format-standard","has-post-thumbnail","hentry","category-monde"],"aioseo_notices":[],"yoast_head":"<!-- This site is optimized with the Yoast SEO plugin v27.5 - https:\/\/yoast.com\/product\/yoast-seo-wordpress\/ -->\n<title>Nucl\u00e9aire: L&rsquo;Iran r\u00e9affirme sa disposition aux n\u00e9gociations - La Sentinelle<\/title>\n<meta name=\"robots\" content=\"index, follow, max-snippet:-1, max-image-preview:large, max-video-preview:-1\" \/>\n<link rel=\"canonical\" href=\"https:\/\/lasentinelle.dz\/index.php\/2025\/07\/14\/nucleaire-liran-reaffirme-sa-disposition-aux-negociations\/\" \/>\n<meta property=\"og:locale\" content=\"fr_FR\" \/>\n<meta property=\"og:type\" content=\"article\" \/>\n<meta property=\"og:title\" content=\"Nucl\u00e9aire: L&rsquo;Iran r\u00e9affirme sa disposition aux n\u00e9gociations - La Sentinelle\" \/>\n<meta property=\"og:description\" content=\"Le ministre iranien des Affaires \u00e9trang\u00e8res, Seyed Abbas Araghchi, a d\u00e9clar\u00e9 samedi \u00e0 T\u00e9h\u00e9ran que son pays demeurait ouvert aux\" \/>\n<meta property=\"og:url\" content=\"https:\/\/lasentinelle.dz\/index.php\/2025\/07\/14\/nucleaire-liran-reaffirme-sa-disposition-aux-negociations\/\" \/>\n<meta property=\"og:site_name\" content=\"La Sentinelle\" \/>\n<meta property=\"article:publisher\" content=\"https:\/\/www.facebook.com\/La-Sentinelle-104059864394773\" \/>\n<meta property=\"article:published_time\" content=\"2025-07-14T10:41:16+00:00\" \/>\n<meta property=\"article:modified_time\" content=\"2025-07-14T10:41:17+00:00\" \/>\n<meta property=\"og:image\" content=\"https:\/\/lasentinelle.dz\/wp-content\/uploads\/2025\/04\/araghchi.webp\" \/>\n\t<meta property=\"og:image:width\" content=\"760\" \/>\n\t<meta property=\"og:image:height\" content=\"506\" \/>\n\t<meta property=\"og:image:type\" content=\"image\/webp\" \/>\n<meta name=\"author\" content=\"admin\" \/>\n<meta name=\"twitter:card\" content=\"summary_large_image\" \/>\n<meta name=\"twitter:label1\" content=\"\u00c9crit par\" \/>\n\t<meta name=\"twitter:data1\" content=\"admin\" \/>\n\t<meta name=\"twitter:label2\" content=\"Dur\u00e9e de lecture estim\u00e9e\" \/>\n\t<meta name=\"twitter:data2\" content=\"4 minutes\" \/>\n<script type=\"application\/ld+json\" class=\"yoast-schema-graph\">{\"@context\":\"https:\\\/\\\/schema.org\",\"@graph\":[{\"@type\":\"Article\",\"@id\":\"https:\\\/\\\/lasentinelle.dz\\\/index.php\\\/2025\\\/07\\\/14\\\/nucleaire-liran-reaffirme-sa-disposition-aux-negociations\\\/#article\",\"isPartOf\":{\"@id\":\"https:\\\/\\\/lasentinelle.dz\\\/index.php\\\/2025\\\/07\\\/14\\\/nucleaire-liran-reaffirme-sa-disposition-aux-negociations\\\/\"},\"author\":{\"name\":\"admin\",\"@id\":\"https:\\\/\\\/lasentinelle.dz\\\/#\\\/schema\\\/person\\\/729ee0024f24e0b8c5ec17232f8e8b41\"},\"headline\":\"Nucl\u00e9aire: L&rsquo;Iran r\u00e9affirme sa disposition aux n\u00e9gociations\",\"datePublished\":\"2025-07-14T10:41:16+00:00\",\"dateModified\":\"2025-07-14T10:41:17+00:00\",\"mainEntityOfPage\":{\"@id\":\"https:\\\/\\\/lasentinelle.dz\\\/index.php\\\/2025\\\/07\\\/14\\\/nucleaire-liran-reaffirme-sa-disposition-aux-negociations\\\/\"},\"wordCount\":665,\"commentCount\":0,\"publisher\":{\"@id\":\"https:\\\/\\\/lasentinelle.dz\\\/#organization\"},\"image\":{\"@id\":\"https:\\\/\\\/lasentinelle.dz\\\/index.php\\\/2025\\\/07\\\/14\\\/nucleaire-liran-reaffirme-sa-disposition-aux-negociations\\\/#primaryimage\"},\"thumbnailUrl\":\"https:\\\/\\\/lasentinelle.dz\\\/wp-content\\\/uploads\\\/2025\\\/04\\\/araghchi.webp\",\"articleSection\":[\"Monde\"],\"inLanguage\":\"fr-FR\",\"potentialAction\":[{\"@type\":\"CommentAction\",\"name\":\"Comment\",\"target\":[\"https:\\\/\\\/lasentinelle.dz\\\/index.php\\\/2025\\\/07\\\/14\\\/nucleaire-liran-reaffirme-sa-disposition-aux-negociations\\\/#respond\"]}]},{\"@type\":\"WebPage\",\"@id\":\"https:\\\/\\\/lasentinelle.dz\\\/index.php\\\/2025\\\/07\\\/14\\\/nucleaire-liran-reaffirme-sa-disposition-aux-negociations\\\/\",\"url\":\"https:\\\/\\\/lasentinelle.dz\\\/index.php\\\/2025\\\/07\\\/14\\\/nucleaire-liran-reaffirme-sa-disposition-aux-negociations\\\/\",\"name\":\"Nucl\u00e9aire: L&rsquo;Iran r\u00e9affirme sa disposition aux n\u00e9gociations - La Sentinelle\",\"isPartOf\":{\"@id\":\"https:\\\/\\\/lasentinelle.dz\\\/#website\"},\"primaryImageOfPage\":{\"@id\":\"https:\\\/\\\/lasentinelle.dz\\\/index.php\\\/2025\\\/07\\\/14\\\/nucleaire-liran-reaffirme-sa-disposition-aux-negociations\\\/#primaryimage\"},\"image\":{\"@id\":\"https:\\\/\\\/lasentinelle.dz\\\/index.php\\\/2025\\\/07\\\/14\\\/nucleaire-liran-reaffirme-sa-disposition-aux-negociations\\\/#primaryimage\"},\"thumbnailUrl\":\"https:\\\/\\\/lasentinelle.dz\\\/wp-content\\\/uploads\\\/2025\\\/04\\\/araghchi.webp\",\"datePublished\":\"2025-07-14T10:41:16+00:00\",\"dateModified\":\"2025-07-14T10:41:17+00:00\",\"breadcrumb\":{\"@id\":\"https:\\\/\\\/lasentinelle.dz\\\/index.php\\\/2025\\\/07\\\/14\\\/nucleaire-liran-reaffirme-sa-disposition-aux-negociations\\\/#breadcrumb\"},\"inLanguage\":\"fr-FR\",\"potentialAction\":[{\"@type\":\"ReadAction\",\"target\":[\"https:\\\/\\\/lasentinelle.dz\\\/index.php\\\/2025\\\/07\\\/14\\\/nucleaire-liran-reaffirme-sa-disposition-aux-negociations\\\/\"]}]},{\"@type\":\"ImageObject\",\"inLanguage\":\"fr-FR\",\"@id\":\"https:\\\/\\\/lasentinelle.dz\\\/index.php\\\/2025\\\/07\\\/14\\\/nucleaire-liran-reaffirme-sa-disposition-aux-negociations\\\/#primaryimage\",\"url\":\"https:\\\/\\\/lasentinelle.dz\\\/wp-content\\\/uploads\\\/2025\\\/04\\\/araghchi.webp\",\"contentUrl\":\"https:\\\/\\\/lasentinelle.dz\\\/wp-content\\\/uploads\\\/2025\\\/04\\\/araghchi.webp\",\"width\":760,\"height\":506},{\"@type\":\"BreadcrumbList\",\"@id\":\"https:\\\/\\\/lasentinelle.dz\\\/index.php\\\/2025\\\/07\\\/14\\\/nucleaire-liran-reaffirme-sa-disposition-aux-negociations\\\/#breadcrumb\",\"itemListElement\":[{\"@type\":\"ListItem\",\"position\":1,\"name\":\"Accueil\",\"item\":\"https:\\\/\\\/lasentinelle.dz\\\/\"},{\"@type\":\"ListItem\",\"position\":2,\"name\":\"Nucl\u00e9aire: L&rsquo;Iran r\u00e9affirme sa disposition aux n\u00e9gociations\"}]},{\"@type\":\"WebSite\",\"@id\":\"https:\\\/\\\/lasentinelle.dz\\\/#website\",\"url\":\"https:\\\/\\\/lasentinelle.dz\\\/\",\"name\":\"La Sentinelle\",\"description\":\"Quotidien national d&#039;information\",\"publisher\":{\"@id\":\"https:\\\/\\\/lasentinelle.dz\\\/#organization\"},\"potentialAction\":[{\"@type\":\"SearchAction\",\"target\":{\"@type\":\"EntryPoint\",\"urlTemplate\":\"https:\\\/\\\/lasentinelle.dz\\\/?s={search_term_string}\"},\"query-input\":{\"@type\":\"PropertyValueSpecification\",\"valueRequired\":true,\"valueName\":\"search_term_string\"}}],\"inLanguage\":\"fr-FR\"},{\"@type\":\"Organization\",\"@id\":\"https:\\\/\\\/lasentinelle.dz\\\/#organization\",\"name\":\"Quotidien La Sentinelle\",\"url\":\"https:\\\/\\\/lasentinelle.dz\\\/\",\"logo\":{\"@type\":\"ImageObject\",\"inLanguage\":\"fr-FR\",\"@id\":\"https:\\\/\\\/lasentinelle.dz\\\/#\\\/schema\\\/logo\\\/image\\\/\",\"url\":\"https:\\\/\\\/lasentinelle.dz\\\/wp-content\\\/uploads\\\/2021\\\/09\\\/logo-sentinelleSLOGAN-1.png\",\"contentUrl\":\"https:\\\/\\\/lasentinelle.dz\\\/wp-content\\\/uploads\\\/2021\\\/09\\\/logo-sentinelleSLOGAN-1.png\",\"width\":615,\"height\":142,\"caption\":\"Quotidien La Sentinelle\"},\"image\":{\"@id\":\"https:\\\/\\\/lasentinelle.dz\\\/#\\\/schema\\\/logo\\\/image\\\/\"},\"sameAs\":[\"https:\\\/\\\/www.facebook.com\\\/La-Sentinelle-104059864394773\"]},{\"@type\":\"Person\",\"@id\":\"https:\\\/\\\/lasentinelle.dz\\\/#\\\/schema\\\/person\\\/729ee0024f24e0b8c5ec17232f8e8b41\",\"name\":\"admin\",\"image\":{\"@type\":\"ImageObject\",\"inLanguage\":\"fr-FR\",\"@id\":\"https:\\\/\\\/secure.gravatar.com\\\/avatar\\\/4c81fed838786e9b53f540bf46533e750f5d292099ae3b66cfc6fb1982e29df7?s=96&d=mm&r=g\",\"url\":\"https:\\\/\\\/secure.gravatar.com\\\/avatar\\\/4c81fed838786e9b53f540bf46533e750f5d292099ae3b66cfc6fb1982e29df7?s=96&d=mm&r=g\",\"contentUrl\":\"https:\\\/\\\/secure.gravatar.com\\\/avatar\\\/4c81fed838786e9b53f540bf46533e750f5d292099ae3b66cfc6fb1982e29df7?s=96&d=mm&r=g\",\"caption\":\"admin\"},\"description\":\"admin\",\"url\":\"https:\\\/\\\/lasentinelle.dz\\\/author\\\/admin\\\/\"}]}<\/script>\n<!-- \/ Yoast SEO plugin. -->","yoast_head_json":{"title":"Nucl\u00e9aire: L&rsquo;Iran r\u00e9affirme sa disposition aux n\u00e9gociations - La Sentinelle","robots":{"index":"index","follow":"follow","max-snippet":"max-snippet:-1","max-image-preview":"max-image-preview:large","max-video-preview":"max-video-preview:-1"},"canonical":"https:\/\/lasentinelle.dz\/index.php\/2025\/07\/14\/nucleaire-liran-reaffirme-sa-disposition-aux-negociations\/","og_locale":"fr_FR","og_type":"article","og_title":"Nucl\u00e9aire: L&rsquo;Iran r\u00e9affirme sa disposition aux n\u00e9gociations - La Sentinelle","og_description":"Le ministre iranien des Affaires \u00e9trang\u00e8res, Seyed Abbas Araghchi, a d\u00e9clar\u00e9 samedi \u00e0 T\u00e9h\u00e9ran que son pays demeurait ouvert aux","og_url":"https:\/\/lasentinelle.dz\/index.php\/2025\/07\/14\/nucleaire-liran-reaffirme-sa-disposition-aux-negociations\/","og_site_name":"La Sentinelle","article_publisher":"https:\/\/www.facebook.com\/La-Sentinelle-104059864394773","article_published_time":"2025-07-14T10:41:16+00:00","article_modified_time":"2025-07-14T10:41:17+00:00","og_image":[{"width":760,"height":506,"url":"https:\/\/lasentinelle.dz\/wp-content\/uploads\/2025\/04\/araghchi.webp","type":"image\/webp"}],"author":"admin","twitter_card":"summary_large_image","twitter_misc":{"\u00c9crit par":"admin","Dur\u00e9e de lecture estim\u00e9e":"4 minutes"},"schema":{"@context":"https:\/\/schema.org","@graph":[{"@type":"Article","@id":"https:\/\/lasentinelle.dz\/index.php\/2025\/07\/14\/nucleaire-liran-reaffirme-sa-disposition-aux-negociations\/#article","isPartOf":{"@id":"https:\/\/lasentinelle.dz\/index.php\/2025\/07\/14\/nucleaire-liran-reaffirme-sa-disposition-aux-negociations\/"},"author":{"name":"admin","@id":"https:\/\/lasentinelle.dz\/#\/schema\/person\/729ee0024f24e0b8c5ec17232f8e8b41"},"headline":"Nucl\u00e9aire: L&rsquo;Iran r\u00e9affirme sa disposition aux n\u00e9gociations","datePublished":"2025-07-14T10:41:16+00:00","dateModified":"2025-07-14T10:41:17+00:00","mainEntityOfPage":{"@id":"https:\/\/lasentinelle.dz\/index.php\/2025\/07\/14\/nucleaire-liran-reaffirme-sa-disposition-aux-negociations\/"},"wordCount":665,"commentCount":0,"publisher":{"@id":"https:\/\/lasentinelle.dz\/#organization"},"image":{"@id":"https:\/\/lasentinelle.dz\/index.php\/2025\/07\/14\/nucleaire-liran-reaffirme-sa-disposition-aux-negociations\/#primaryimage"},"thumbnailUrl":"https:\/\/lasentinelle.dz\/wp-content\/uploads\/2025\/04\/araghchi.webp","articleSection":["Monde"],"inLanguage":"fr-FR","potentialAction":[{"@type":"CommentAction","name":"Comment","target":["https:\/\/lasentinelle.dz\/index.php\/2025\/07\/14\/nucleaire-liran-reaffirme-sa-disposition-aux-negociations\/#respond"]}]},{"@type":"WebPage","@id":"https:\/\/lasentinelle.dz\/index.php\/2025\/07\/14\/nucleaire-liran-reaffirme-sa-disposition-aux-negociations\/","url":"https:\/\/lasentinelle.dz\/index.php\/2025\/07\/14\/nucleaire-liran-reaffirme-sa-disposition-aux-negociations\/","name":"Nucl\u00e9aire: L&rsquo;Iran r\u00e9affirme sa disposition aux n\u00e9gociations - La Sentinelle","isPartOf":{"@id":"https:\/\/lasentinelle.dz\/#website"},"primaryImageOfPage":{"@id":"https:\/\/lasentinelle.dz\/index.php\/2025\/07\/14\/nucleaire-liran-reaffirme-sa-disposition-aux-negociations\/#primaryimage"},"image":{"@id":"https:\/\/lasentinelle.dz\/index.php\/2025\/07\/14\/nucleaire-liran-reaffirme-sa-disposition-aux-negociations\/#primaryimage"},"thumbnailUrl":"https:\/\/lasentinelle.dz\/wp-content\/uploads\/2025\/04\/araghchi.webp","datePublished":"2025-07-14T10:41:16+00:00","dateModified":"2025-07-14T10:41:17+00:00","breadcrumb":{"@id":"https:\/\/lasentinelle.dz\/index.php\/2025\/07\/14\/nucleaire-liran-reaffirme-sa-disposition-aux-negociations\/#breadcrumb"},"inLanguage":"fr-FR","potentialAction":[{"@type":"ReadAction","target":["https:\/\/lasentinelle.dz\/index.php\/2025\/07\/14\/nucleaire-liran-reaffirme-sa-disposition-aux-negociations\/"]}]},{"@type":"ImageObject","inLanguage":"fr-FR","@id":"https:\/\/lasentinelle.dz\/index.php\/2025\/07\/14\/nucleaire-liran-reaffirme-sa-disposition-aux-negociations\/#primaryimage","url":"https:\/\/lasentinelle.dz\/wp-content\/uploads\/2025\/04\/araghchi.webp","contentUrl":"https:\/\/lasentinelle.dz\/wp-content\/uploads\/2025\/04\/araghchi.webp","width":760,"height":506},{"@type":"BreadcrumbList","@id":"https:\/\/lasentinelle.dz\/index.php\/2025\/07\/14\/nucleaire-liran-reaffirme-sa-disposition-aux-negociations\/#breadcrumb","itemListElement":[{"@type":"ListItem","position":1,"name":"Accueil","item":"https:\/\/lasentinelle.dz\/"},{"@type":"ListItem","position":2,"name":"Nucl\u00e9aire: L&rsquo;Iran r\u00e9affirme sa disposition aux n\u00e9gociations"}]},{"@type":"WebSite","@id":"https:\/\/lasentinelle.dz\/#website","url":"https:\/\/lasentinelle.dz\/","name":"La Sentinelle","description":"Quotidien national d&#039;information","publisher":{"@id":"https:\/\/lasentinelle.dz\/#organization"},"potentialAction":[{"@type":"SearchAction","target":{"@type":"EntryPoint","urlTemplate":"https:\/\/lasentinelle.dz\/?s={search_term_string}"},"query-input":{"@type":"PropertyValueSpecification","valueRequired":true,"valueName":"search_term_string"}}],"inLanguage":"fr-FR"},{"@type":"Organization","@id":"https:\/\/lasentinelle.dz\/#organization","name":"Quotidien La Sentinelle","url":"https:\/\/lasentinelle.dz\/","logo":{"@type":"ImageObject","inLanguage":"fr-FR","@id":"https:\/\/lasentinelle.dz\/#\/schema\/logo\/image\/","url":"https:\/\/lasentinelle.dz\/wp-content\/uploads\/2021\/09\/logo-sentinelleSLOGAN-1.png","contentUrl":"https:\/\/lasentinelle.dz\/wp-content\/uploads\/2021\/09\/logo-sentinelleSLOGAN-1.png","width":615,"height":142,"caption":"Quotidien La Sentinelle"},"image":{"@id":"https:\/\/lasentinelle.dz\/#\/schema\/logo\/image\/"},"sameAs":["https:\/\/www.facebook.com\/La-Sentinelle-104059864394773"]},{"@type":"Person","@id":"https:\/\/lasentinelle.dz\/#\/schema\/person\/729ee0024f24e0b8c5ec17232f8e8b41","name":"admin","image":{"@type":"ImageObject","inLanguage":"fr-FR","@id":"https:\/\/secure.gravatar.com\/avatar\/4c81fed838786e9b53f540bf46533e750f5d292099ae3b66cfc6fb1982e29df7?s=96&d=mm&r=g","url":"https:\/\/secure.gravatar.com\/avatar\/4c81fed838786e9b53f540bf46533e750f5d292099ae3b66cfc6fb1982e29df7?s=96&d=mm&r=g","contentUrl":"https:\/\/secure.gravatar.com\/avatar\/4c81fed838786e9b53f540bf46533e750f5d292099ae3b66cfc6fb1982e29df7?s=96&d=mm&r=g","caption":"admin"},"description":"admin","url":"https:\/\/lasentinelle.dz\/author\/admin\/"}]}},"_links":{"self":[{"href":"https:\/\/lasentinelle.dz\/index.php\/wp-json\/wp\/v2\/posts\/70272","targetHints":{"allow":["GET"]}}],"collection":[{"href":"https:\/\/lasentinelle.dz\/index.php\/wp-json\/wp\/v2\/posts"}],"about":[{"href":"https:\/\/lasentinelle.dz\/index.php\/wp-json\/wp\/v2\/types\/post"}],"author":[{"embeddable":true,"href":"https:\/\/lasentinelle.dz\/index.php\/wp-json\/wp\/v2\/users\/6"}],"replies":[{"embeddable":true,"href":"https:\/\/lasentinelle.dz\/index.php\/wp-json\/wp\/v2\/comments?post=70272"}],"version-history":[{"count":2,"href":"https:\/\/lasentinelle.dz\/index.php\/wp-json\/wp\/v2\/posts\/70272\/revisions"}],"predecessor-version":[{"id":70274,"href":"https:\/\/lasentinelle.dz\/index.php\/wp-json\/wp\/v2\/posts\/70272\/revisions\/70274"}],"wp:featuredmedia":[{"embeddable":true,"href":"https:\/\/lasentinelle.dz\/index.php\/wp-json\/wp\/v2\/media\/65196"}],"wp:attachment":[{"href":"https:\/\/lasentinelle.dz\/index.php\/wp-json\/wp\/v2\/media?parent=70272"}],"wp:term":[{"taxonomy":"category","embeddable":true,"href":"https:\/\/lasentinelle.dz\/index.php\/wp-json\/wp\/v2\/categories?post=70272"},{"taxonomy":"post_tag","embeddable":true,"href":"https:\/\/lasentinelle.dz\/index.php\/wp-json\/wp\/v2\/tags?post=70272"}],"curies":[{"name":"wp","href":"https:\/\/api.w.org\/{rel}","templated":true}]}}