{"id":70282,"date":"2025-07-14T11:48:20","date_gmt":"2025-07-14T10:48:20","guid":{"rendered":"https:\/\/lasentinelle.dz\/?p=70282"},"modified":"2025-07-14T11:48:21","modified_gmt":"2025-07-14T10:48:21","slug":"athletisme-triki-valide-son-ticket-pour-le-mondial","status":"publish","type":"post","link":"https:\/\/lasentinelle.dz\/index.php\/2025\/07\/14\/athletisme-triki-valide-son-ticket-pour-le-mondial\/","title":{"rendered":"Athl\u00e9tisme : Triki valide son ticket pour le Mondial"},"content":{"rendered":"\n<p>Mohamed Yasser Triki a d\u00e9croch\u00e9 sa qualification pour les Championnats du monde d&rsquo;athl\u00e9tisme 2025 de Tokyo, pr\u00e9vus du 13 au 21 septembre prochain.<\/p>\n\n\n\n<p>Le triple sauteur alg\u00e9rien de 28 ans a r\u00e9alis\u00e9 cette performance lors de la dixi\u00e8me \u00e9tape de la Ligue de Diamant 2025 qui se d\u00e9roulait vendredi soir \u00e0 Monaco, en signant un bond remarquable de 17,23 m\u00e8tres. Cette marque constitue non seulement sa meilleure performance de l&rsquo;ann\u00e9e mais lui permet \u00e9galement de d\u00e9crocher la deuxi\u00e8me place du concours de triple saut mon\u00e9gasque, dans une comp\u00e9tition de tr\u00e8s haut niveau. La victoire est revenue au Jama\u00efcain Jordan Scott qui a domin\u00e9 la concurrence avec un saut \u00e0 17,52 m\u00e8tres, tandis que la troisi\u00e8me place a \u00e9t\u00e9 attribu\u00e9e \u00e0 l&rsquo;Italien Andy Diaz Hernandez avec une performance de 17,19 m\u00e8tres. Cette soir\u00e9e mon\u00e9gasque a \u00e9galement \u00e9t\u00e9 marqu\u00e9e par une excellente prestation de Djamel Sedjati sur 800 m\u00e8tres, l&rsquo;athl\u00e8te alg\u00e9rien terminant \u00e0 la troisi\u00e8me place avec un chrono de 1 minute 42 secondes et 20 centi\u00e8mes, sa meilleure performance de la saison. La course a \u00e9t\u00e9 remport\u00e9e par le ph\u00e9nom\u00e8ne kenyan Emmanuel Wanyonyi qui a \u00e9tabli un nouveau record du meeting avec un temps exceptionnel de 1 minute 41 secondes et 44 centi\u00e8mes, effa\u00e7ant ainsi l&rsquo;ancien record d\u00e9tenu par Sedjati lui-m\u00eame lors de l&rsquo;\u00e9dition pr\u00e9c\u00e9dente avec 1 minute 41 secondes et 46 centi\u00e8mes. Cette performance de Wanyonyi constitue \u00e9galement la meilleure performance mondiale de l&rsquo;ann\u00e9e sur la distance, t\u00e9moignant du niveau exceptionnel de cette course. La deuxi\u00e8me place est revenue \u00e0 l&rsquo;Am\u00e9ricain Josh Hoey avec un chrono de 1 minute 42 secondes et 1 centi\u00e8me. Le deuxi\u00e8me repr\u00e9sentant alg\u00e9rien engag\u00e9 dans cette course, Slimane Moula, a termin\u00e9 \u00e0 la sixi\u00e8me place avec un temps de 1 minute 42 secondes et 86 centi\u00e8mes, confirmant la bonne forme des sp\u00e9cialistes alg\u00e9riens du demi-fond. Avec la qualification de Triki, l&rsquo;Alg\u00e9rie compte d\u00e9sormais cinq athl\u00e8tes qualifi\u00e9s pour les Championnats du monde de Tokyo 2025. Les quatre autres repr\u00e9sentants sont tous des sp\u00e9cialistes du 800 m\u00e8tres, confirmant la richesse de l&rsquo;\u00e9cole alg\u00e9rienne sur cette distance. Djamel Sedjati avait d\u00e9croch\u00e9 son billet avec un chrono de 1 minute 41 secondes et 50 centi\u00e8mes r\u00e9alis\u00e9 en ao\u00fbt 2024, Slimane Moula s&rsquo;est qualifi\u00e9 avec 1 minute 42 secondes et 77 centi\u00e8mes \u00e0 Stockholm en 2025, Mohamed Ali Gouaned a valid\u00e9 son ticket avec 1 minute 44 secondes et 33 centi\u00e8mes en France cette ann\u00e9e, tandis que Heithem Chenitef a obtenu sa qualification avec 1 minute 44 secondes et 38 centi\u00e8mes \u00e9galement en France en 2025.<\/p>\n\n\n\n<p>M. Dahleb<\/p>\n","protected":false},"excerpt":{"rendered":"<p>Mohamed Yasser Triki a d\u00e9croch\u00e9 sa qualification pour les Championnats du monde d&rsquo;athl\u00e9tisme 2025 de Tokyo, pr\u00e9vus du 13 au<\/p>\n","protected":false},"author":6,"featured_media":3322,"comment_status":"open","ping_status":"closed","sticky":false,"template":"","format":"standard","meta":{"colormag_page_container_layout":"default_layout","colormag_page_sidebar_layout":"default_layout","om_disable_all_campaigns":false,"_monsterinsights_skip_tracking":false,"_monsterinsights_sitenote_active":false,"_monsterinsights_sitenote_note":"","_monsterinsights_sitenote_category":0,"footnotes":"","_wpscppro_dont_share_socialmedia":false,"_wpscppro_custom_social_share_image":0,"_facebook_share_type":"default","_twitter_share_type":"default","_linkedin_share_type":"default","_pinterest_share_type":"default","_linkedin_share_type_page":"","_instagram_share_type":"default","_medium_share_type":"default","_threads_share_type":"","_google_business_share_type":"","_selected_social_profile":[],"_wpsp_enable_custom_social_template":false,"_wpsp_social_scheduling":{"enabled":false,"datetime":null,"platforms":[],"status":"template_only","dateOption":"today","timeOption":"now","customDays":"","customHours":"","customDate":"","customTime":"","schedulingType":"absolute"},"_wpsp_active_default_template":true},"categories":[33],"tags":[],"class_list":["post-70282","post","type-post","status-publish","format-standard","has-post-thumbnail","hentry","category-sports"],"aioseo_notices":[],"yoast_head":"<!-- This site is optimized with the Yoast SEO plugin v27.4 - https:\/\/yoast.com\/product\/yoast-seo-wordpress\/ -->\n<title>Athl\u00e9tisme : Triki valide son ticket pour le Mondial - La Sentinelle<\/title>\n<meta name=\"robots\" content=\"index, follow, max-snippet:-1, max-image-preview:large, max-video-preview:-1\" \/>\n<link rel=\"canonical\" href=\"https:\/\/lasentinelle.dz\/index.php\/2025\/07\/14\/athletisme-triki-valide-son-ticket-pour-le-mondial\/\" \/>\n<meta property=\"og:locale\" content=\"fr_FR\" \/>\n<meta property=\"og:type\" content=\"article\" \/>\n<meta property=\"og:title\" content=\"Athl\u00e9tisme : Triki valide son ticket pour le Mondial - La Sentinelle\" \/>\n<meta property=\"og:description\" content=\"Mohamed Yasser Triki a d\u00e9croch\u00e9 sa qualification pour les Championnats du monde d&rsquo;athl\u00e9tisme 2025 de Tokyo, pr\u00e9vus du 13 au\" \/>\n<meta property=\"og:url\" content=\"https:\/\/lasentinelle.dz\/index.php\/2025\/07\/14\/athletisme-triki-valide-son-ticket-pour-le-mondial\/\" \/>\n<meta property=\"og:site_name\" content=\"La Sentinelle\" \/>\n<meta property=\"article:publisher\" content=\"https:\/\/www.facebook.com\/La-Sentinelle-104059864394773\" \/>\n<meta property=\"article:published_time\" content=\"2025-07-14T10:48:20+00:00\" \/>\n<meta property=\"article:modified_time\" content=\"2025-07-14T10:48:21+00:00\" \/>\n<meta property=\"og:image\" content=\"https:\/\/lasentinelle.dz\/wp-content\/uploads\/2021\/08\/triki.png\" \/>\n\t<meta property=\"og:image:width\" content=\"1491\" \/>\n\t<meta property=\"og:image:height\" content=\"900\" \/>\n\t<meta property=\"og:image:type\" content=\"image\/png\" \/>\n<meta name=\"author\" content=\"admin\" \/>\n<meta name=\"twitter:card\" content=\"summary_large_image\" \/>\n<meta name=\"twitter:label1\" content=\"\u00c9crit par\" \/>\n\t<meta name=\"twitter:data1\" content=\"admin\" \/>\n\t<meta name=\"twitter:label2\" content=\"Dur\u00e9e de lecture estim\u00e9e\" \/>\n\t<meta name=\"twitter:data2\" content=\"3 minutes\" \/>\n<script type=\"application\/ld+json\" class=\"yoast-schema-graph\">{\"@context\":\"https:\\\/\\\/schema.org\",\"@graph\":[{\"@type\":\"Article\",\"@id\":\"https:\\\/\\\/lasentinelle.dz\\\/index.php\\\/2025\\\/07\\\/14\\\/athletisme-triki-valide-son-ticket-pour-le-mondial\\\/#article\",\"isPartOf\":{\"@id\":\"https:\\\/\\\/lasentinelle.dz\\\/index.php\\\/2025\\\/07\\\/14\\\/athletisme-triki-valide-son-ticket-pour-le-mondial\\\/\"},\"author\":{\"name\":\"admin\",\"@id\":\"https:\\\/\\\/lasentinelle.dz\\\/#\\\/schema\\\/person\\\/729ee0024f24e0b8c5ec17232f8e8b41\"},\"headline\":\"Athl\u00e9tisme : Triki valide son ticket pour le Mondial\",\"datePublished\":\"2025-07-14T10:48:20+00:00\",\"dateModified\":\"2025-07-14T10:48:21+00:00\",\"mainEntityOfPage\":{\"@id\":\"https:\\\/\\\/lasentinelle.dz\\\/index.php\\\/2025\\\/07\\\/14\\\/athletisme-triki-valide-son-ticket-pour-le-mondial\\\/\"},\"wordCount\":455,\"commentCount\":0,\"publisher\":{\"@id\":\"https:\\\/\\\/lasentinelle.dz\\\/#organization\"},\"image\":{\"@id\":\"https:\\\/\\\/lasentinelle.dz\\\/index.php\\\/2025\\\/07\\\/14\\\/athletisme-triki-valide-son-ticket-pour-le-mondial\\\/#primaryimage\"},\"thumbnailUrl\":\"https:\\\/\\\/lasentinelle.dz\\\/wp-content\\\/uploads\\\/2021\\\/08\\\/triki.png\",\"articleSection\":[\"Sports\"],\"inLanguage\":\"fr-FR\",\"potentialAction\":[{\"@type\":\"CommentAction\",\"name\":\"Comment\",\"target\":[\"https:\\\/\\\/lasentinelle.dz\\\/index.php\\\/2025\\\/07\\\/14\\\/athletisme-triki-valide-son-ticket-pour-le-mondial\\\/#respond\"]}]},{\"@type\":\"WebPage\",\"@id\":\"https:\\\/\\\/lasentinelle.dz\\\/index.php\\\/2025\\\/07\\\/14\\\/athletisme-triki-valide-son-ticket-pour-le-mondial\\\/\",\"url\":\"https:\\\/\\\/lasentinelle.dz\\\/index.php\\\/2025\\\/07\\\/14\\\/athletisme-triki-valide-son-ticket-pour-le-mondial\\\/\",\"name\":\"Athl\u00e9tisme : Triki valide son ticket pour le Mondial - La Sentinelle\",\"isPartOf\":{\"@id\":\"https:\\\/\\\/lasentinelle.dz\\\/#website\"},\"primaryImageOfPage\":{\"@id\":\"https:\\\/\\\/lasentinelle.dz\\\/index.php\\\/2025\\\/07\\\/14\\\/athletisme-triki-valide-son-ticket-pour-le-mondial\\\/#primaryimage\"},\"image\":{\"@id\":\"https:\\\/\\\/lasentinelle.dz\\\/index.php\\\/2025\\\/07\\\/14\\\/athletisme-triki-valide-son-ticket-pour-le-mondial\\\/#primaryimage\"},\"thumbnailUrl\":\"https:\\\/\\\/lasentinelle.dz\\\/wp-content\\\/uploads\\\/2021\\\/08\\\/triki.png\",\"datePublished\":\"2025-07-14T10:48:20+00:00\",\"dateModified\":\"2025-07-14T10:48:21+00:00\",\"breadcrumb\":{\"@id\":\"https:\\\/\\\/lasentinelle.dz\\\/index.php\\\/2025\\\/07\\\/14\\\/athletisme-triki-valide-son-ticket-pour-le-mondial\\\/#breadcrumb\"},\"inLanguage\":\"fr-FR\",\"potentialAction\":[{\"@type\":\"ReadAction\",\"target\":[\"https:\\\/\\\/lasentinelle.dz\\\/index.php\\\/2025\\\/07\\\/14\\\/athletisme-triki-valide-son-ticket-pour-le-mondial\\\/\"]}]},{\"@type\":\"ImageObject\",\"inLanguage\":\"fr-FR\",\"@id\":\"https:\\\/\\\/lasentinelle.dz\\\/index.php\\\/2025\\\/07\\\/14\\\/athletisme-triki-valide-son-ticket-pour-le-mondial\\\/#primaryimage\",\"url\":\"https:\\\/\\\/lasentinelle.dz\\\/wp-content\\\/uploads\\\/2021\\\/08\\\/triki.png\",\"contentUrl\":\"https:\\\/\\\/lasentinelle.dz\\\/wp-content\\\/uploads\\\/2021\\\/08\\\/triki.png\",\"width\":1491,\"height\":900},{\"@type\":\"BreadcrumbList\",\"@id\":\"https:\\\/\\\/lasentinelle.dz\\\/index.php\\\/2025\\\/07\\\/14\\\/athletisme-triki-valide-son-ticket-pour-le-mondial\\\/#breadcrumb\",\"itemListElement\":[{\"@type\":\"ListItem\",\"position\":1,\"name\":\"Accueil\",\"item\":\"https:\\\/\\\/lasentinelle.dz\\\/\"},{\"@type\":\"ListItem\",\"position\":2,\"name\":\"Athl\u00e9tisme : Triki valide son ticket pour le Mondial\"}]},{\"@type\":\"WebSite\",\"@id\":\"https:\\\/\\\/lasentinelle.dz\\\/#website\",\"url\":\"https:\\\/\\\/lasentinelle.dz\\\/\",\"name\":\"La Sentinelle\",\"description\":\"Quotidien national d&#039;information\",\"publisher\":{\"@id\":\"https:\\\/\\\/lasentinelle.dz\\\/#organization\"},\"potentialAction\":[{\"@type\":\"SearchAction\",\"target\":{\"@type\":\"EntryPoint\",\"urlTemplate\":\"https:\\\/\\\/lasentinelle.dz\\\/?s={search_term_string}\"},\"query-input\":{\"@type\":\"PropertyValueSpecification\",\"valueRequired\":true,\"valueName\":\"search_term_string\"}}],\"inLanguage\":\"fr-FR\"},{\"@type\":\"Organization\",\"@id\":\"https:\\\/\\\/lasentinelle.dz\\\/#organization\",\"name\":\"Quotidien La Sentinelle\",\"url\":\"https:\\\/\\\/lasentinelle.dz\\\/\",\"logo\":{\"@type\":\"ImageObject\",\"inLanguage\":\"fr-FR\",\"@id\":\"https:\\\/\\\/lasentinelle.dz\\\/#\\\/schema\\\/logo\\\/image\\\/\",\"url\":\"https:\\\/\\\/lasentinelle.dz\\\/wp-content\\\/uploads\\\/2021\\\/09\\\/logo-sentinelleSLOGAN-1.png\",\"contentUrl\":\"https:\\\/\\\/lasentinelle.dz\\\/wp-content\\\/uploads\\\/2021\\\/09\\\/logo-sentinelleSLOGAN-1.png\",\"width\":615,\"height\":142,\"caption\":\"Quotidien La Sentinelle\"},\"image\":{\"@id\":\"https:\\\/\\\/lasentinelle.dz\\\/#\\\/schema\\\/logo\\\/image\\\/\"},\"sameAs\":[\"https:\\\/\\\/www.facebook.com\\\/La-Sentinelle-104059864394773\"]},{\"@type\":\"Person\",\"@id\":\"https:\\\/\\\/lasentinelle.dz\\\/#\\\/schema\\\/person\\\/729ee0024f24e0b8c5ec17232f8e8b41\",\"name\":\"admin\",\"image\":{\"@type\":\"ImageObject\",\"inLanguage\":\"fr-FR\",\"@id\":\"https:\\\/\\\/secure.gravatar.com\\\/avatar\\\/4c81fed838786e9b53f540bf46533e750f5d292099ae3b66cfc6fb1982e29df7?s=96&d=mm&r=g\",\"url\":\"https:\\\/\\\/secure.gravatar.com\\\/avatar\\\/4c81fed838786e9b53f540bf46533e750f5d292099ae3b66cfc6fb1982e29df7?s=96&d=mm&r=g\",\"contentUrl\":\"https:\\\/\\\/secure.gravatar.com\\\/avatar\\\/4c81fed838786e9b53f540bf46533e750f5d292099ae3b66cfc6fb1982e29df7?s=96&d=mm&r=g\",\"caption\":\"admin\"},\"description\":\"admin\",\"url\":\"https:\\\/\\\/lasentinelle.dz\\\/author\\\/admin\\\/\"}]}<\/script>\n<!-- \/ Yoast SEO plugin. -->","yoast_head_json":{"title":"Athl\u00e9tisme : Triki valide son ticket pour le Mondial - La Sentinelle","robots":{"index":"index","follow":"follow","max-snippet":"max-snippet:-1","max-image-preview":"max-image-preview:large","max-video-preview":"max-video-preview:-1"},"canonical":"https:\/\/lasentinelle.dz\/index.php\/2025\/07\/14\/athletisme-triki-valide-son-ticket-pour-le-mondial\/","og_locale":"fr_FR","og_type":"article","og_title":"Athl\u00e9tisme : Triki valide son ticket pour le Mondial - La Sentinelle","og_description":"Mohamed Yasser Triki a d\u00e9croch\u00e9 sa qualification pour les Championnats du monde d&rsquo;athl\u00e9tisme 2025 de Tokyo, pr\u00e9vus du 13 au","og_url":"https:\/\/lasentinelle.dz\/index.php\/2025\/07\/14\/athletisme-triki-valide-son-ticket-pour-le-mondial\/","og_site_name":"La Sentinelle","article_publisher":"https:\/\/www.facebook.com\/La-Sentinelle-104059864394773","article_published_time":"2025-07-14T10:48:20+00:00","article_modified_time":"2025-07-14T10:48:21+00:00","og_image":[{"width":1491,"height":900,"url":"https:\/\/lasentinelle.dz\/wp-content\/uploads\/2021\/08\/triki.png","type":"image\/png"}],"author":"admin","twitter_card":"summary_large_image","twitter_misc":{"\u00c9crit par":"admin","Dur\u00e9e de lecture estim\u00e9e":"3 minutes"},"schema":{"@context":"https:\/\/schema.org","@graph":[{"@type":"Article","@id":"https:\/\/lasentinelle.dz\/index.php\/2025\/07\/14\/athletisme-triki-valide-son-ticket-pour-le-mondial\/#article","isPartOf":{"@id":"https:\/\/lasentinelle.dz\/index.php\/2025\/07\/14\/athletisme-triki-valide-son-ticket-pour-le-mondial\/"},"author":{"name":"admin","@id":"https:\/\/lasentinelle.dz\/#\/schema\/person\/729ee0024f24e0b8c5ec17232f8e8b41"},"headline":"Athl\u00e9tisme : Triki valide son ticket pour le Mondial","datePublished":"2025-07-14T10:48:20+00:00","dateModified":"2025-07-14T10:48:21+00:00","mainEntityOfPage":{"@id":"https:\/\/lasentinelle.dz\/index.php\/2025\/07\/14\/athletisme-triki-valide-son-ticket-pour-le-mondial\/"},"wordCount":455,"commentCount":0,"publisher":{"@id":"https:\/\/lasentinelle.dz\/#organization"},"image":{"@id":"https:\/\/lasentinelle.dz\/index.php\/2025\/07\/14\/athletisme-triki-valide-son-ticket-pour-le-mondial\/#primaryimage"},"thumbnailUrl":"https:\/\/lasentinelle.dz\/wp-content\/uploads\/2021\/08\/triki.png","articleSection":["Sports"],"inLanguage":"fr-FR","potentialAction":[{"@type":"CommentAction","name":"Comment","target":["https:\/\/lasentinelle.dz\/index.php\/2025\/07\/14\/athletisme-triki-valide-son-ticket-pour-le-mondial\/#respond"]}]},{"@type":"WebPage","@id":"https:\/\/lasentinelle.dz\/index.php\/2025\/07\/14\/athletisme-triki-valide-son-ticket-pour-le-mondial\/","url":"https:\/\/lasentinelle.dz\/index.php\/2025\/07\/14\/athletisme-triki-valide-son-ticket-pour-le-mondial\/","name":"Athl\u00e9tisme : Triki valide son ticket pour le Mondial - La Sentinelle","isPartOf":{"@id":"https:\/\/lasentinelle.dz\/#website"},"primaryImageOfPage":{"@id":"https:\/\/lasentinelle.dz\/index.php\/2025\/07\/14\/athletisme-triki-valide-son-ticket-pour-le-mondial\/#primaryimage"},"image":{"@id":"https:\/\/lasentinelle.dz\/index.php\/2025\/07\/14\/athletisme-triki-valide-son-ticket-pour-le-mondial\/#primaryimage"},"thumbnailUrl":"https:\/\/lasentinelle.dz\/wp-content\/uploads\/2021\/08\/triki.png","datePublished":"2025-07-14T10:48:20+00:00","dateModified":"2025-07-14T10:48:21+00:00","breadcrumb":{"@id":"https:\/\/lasentinelle.dz\/index.php\/2025\/07\/14\/athletisme-triki-valide-son-ticket-pour-le-mondial\/#breadcrumb"},"inLanguage":"fr-FR","potentialAction":[{"@type":"ReadAction","target":["https:\/\/lasentinelle.dz\/index.php\/2025\/07\/14\/athletisme-triki-valide-son-ticket-pour-le-mondial\/"]}]},{"@type":"ImageObject","inLanguage":"fr-FR","@id":"https:\/\/lasentinelle.dz\/index.php\/2025\/07\/14\/athletisme-triki-valide-son-ticket-pour-le-mondial\/#primaryimage","url":"https:\/\/lasentinelle.dz\/wp-content\/uploads\/2021\/08\/triki.png","contentUrl":"https:\/\/lasentinelle.dz\/wp-content\/uploads\/2021\/08\/triki.png","width":1491,"height":900},{"@type":"BreadcrumbList","@id":"https:\/\/lasentinelle.dz\/index.php\/2025\/07\/14\/athletisme-triki-valide-son-ticket-pour-le-mondial\/#breadcrumb","itemListElement":[{"@type":"ListItem","position":1,"name":"Accueil","item":"https:\/\/lasentinelle.dz\/"},{"@type":"ListItem","position":2,"name":"Athl\u00e9tisme : Triki valide son ticket pour le Mondial"}]},{"@type":"WebSite","@id":"https:\/\/lasentinelle.dz\/#website","url":"https:\/\/lasentinelle.dz\/","name":"La Sentinelle","description":"Quotidien national d&#039;information","publisher":{"@id":"https:\/\/lasentinelle.dz\/#organization"},"potentialAction":[{"@type":"SearchAction","target":{"@type":"EntryPoint","urlTemplate":"https:\/\/lasentinelle.dz\/?s={search_term_string}"},"query-input":{"@type":"PropertyValueSpecification","valueRequired":true,"valueName":"search_term_string"}}],"inLanguage":"fr-FR"},{"@type":"Organization","@id":"https:\/\/lasentinelle.dz\/#organization","name":"Quotidien La Sentinelle","url":"https:\/\/lasentinelle.dz\/","logo":{"@type":"ImageObject","inLanguage":"fr-FR","@id":"https:\/\/lasentinelle.dz\/#\/schema\/logo\/image\/","url":"https:\/\/lasentinelle.dz\/wp-content\/uploads\/2021\/09\/logo-sentinelleSLOGAN-1.png","contentUrl":"https:\/\/lasentinelle.dz\/wp-content\/uploads\/2021\/09\/logo-sentinelleSLOGAN-1.png","width":615,"height":142,"caption":"Quotidien La Sentinelle"},"image":{"@id":"https:\/\/lasentinelle.dz\/#\/schema\/logo\/image\/"},"sameAs":["https:\/\/www.facebook.com\/La-Sentinelle-104059864394773"]},{"@type":"Person","@id":"https:\/\/lasentinelle.dz\/#\/schema\/person\/729ee0024f24e0b8c5ec17232f8e8b41","name":"admin","image":{"@type":"ImageObject","inLanguage":"fr-FR","@id":"https:\/\/secure.gravatar.com\/avatar\/4c81fed838786e9b53f540bf46533e750f5d292099ae3b66cfc6fb1982e29df7?s=96&d=mm&r=g","url":"https:\/\/secure.gravatar.com\/avatar\/4c81fed838786e9b53f540bf46533e750f5d292099ae3b66cfc6fb1982e29df7?s=96&d=mm&r=g","contentUrl":"https:\/\/secure.gravatar.com\/avatar\/4c81fed838786e9b53f540bf46533e750f5d292099ae3b66cfc6fb1982e29df7?s=96&d=mm&r=g","caption":"admin"},"description":"admin","url":"https:\/\/lasentinelle.dz\/author\/admin\/"}]}},"_links":{"self":[{"href":"https:\/\/lasentinelle.dz\/index.php\/wp-json\/wp\/v2\/posts\/70282","targetHints":{"allow":["GET"]}}],"collection":[{"href":"https:\/\/lasentinelle.dz\/index.php\/wp-json\/wp\/v2\/posts"}],"about":[{"href":"https:\/\/lasentinelle.dz\/index.php\/wp-json\/wp\/v2\/types\/post"}],"author":[{"embeddable":true,"href":"https:\/\/lasentinelle.dz\/index.php\/wp-json\/wp\/v2\/users\/6"}],"replies":[{"embeddable":true,"href":"https:\/\/lasentinelle.dz\/index.php\/wp-json\/wp\/v2\/comments?post=70282"}],"version-history":[{"count":1,"href":"https:\/\/lasentinelle.dz\/index.php\/wp-json\/wp\/v2\/posts\/70282\/revisions"}],"predecessor-version":[{"id":70283,"href":"https:\/\/lasentinelle.dz\/index.php\/wp-json\/wp\/v2\/posts\/70282\/revisions\/70283"}],"wp:featuredmedia":[{"embeddable":true,"href":"https:\/\/lasentinelle.dz\/index.php\/wp-json\/wp\/v2\/media\/3322"}],"wp:attachment":[{"href":"https:\/\/lasentinelle.dz\/index.php\/wp-json\/wp\/v2\/media?parent=70282"}],"wp:term":[{"taxonomy":"category","embeddable":true,"href":"https:\/\/lasentinelle.dz\/index.php\/wp-json\/wp\/v2\/categories?post=70282"},{"taxonomy":"post_tag","embeddable":true,"href":"https:\/\/lasentinelle.dz\/index.php\/wp-json\/wp\/v2\/tags?post=70282"}],"curies":[{"name":"wp","href":"https:\/\/api.w.org\/{rel}","templated":true}]}}