{"id":70288,"date":"2025-07-14T11:50:15","date_gmt":"2025-07-14T10:50:15","guid":{"rendered":"https:\/\/lasentinelle.dz\/?p=70288"},"modified":"2025-07-14T11:50:16","modified_gmt":"2025-07-14T10:50:16","slug":"can-2024-dames-les-vertes-decrochent-une-qualification-historique-pour-les-quarts","status":"publish","type":"post","link":"https:\/\/lasentinelle.dz\/index.php\/2025\/07\/14\/can-2024-dames-les-vertes-decrochent-une-qualification-historique-pour-les-quarts\/","title":{"rendered":"CAN 2024 Dames : Les Vertes d\u00e9crochent une qualification historique pour les quarts"},"content":{"rendered":"\n<p>L&rsquo;\u00e9quipe nationale f\u00e9minine a franchi un cap historique en se qualifiant pour les quarts de finale de la Coupe d&rsquo;Afrique des Nations 2024, report\u00e9e \u00e0 2025.<\/p>\n\n\n\n<p>Cette qualification repr\u00e9sente une premi\u00e8re absolue pour les Vertes, qui ont r\u00e9ussi \u00e0 passer le premier tour du tournoi continental avant m\u00eame d&rsquo;affronter le Nigeria dimanche soir \u00e0&nbsp; lors de la troisi\u00e8me et derni\u00e8re journ\u00e9e du groupe B. La confirmation de cette qualification historique est intervenue \u00e0 l&rsquo;issue de la rencontre entre la Zambie et la R\u00e9publique D\u00e9mocratique du Congo, remport\u00e9e par les Zambiennes sur le score de 1-0. Ce r\u00e9sultat, combin\u00e9 \u00e0 la d\u00e9faite du S\u00e9n\u00e9gal face au Maroc, pays organisateur, sur le score de 0-1, a math\u00e9matiquement assur\u00e9 aux Alg\u00e9riennes de figurer parmi les deux meilleures troisi\u00e8mes du tournoi, condition n\u00e9cessaire pour acc\u00e9der aux quarts de finale. Les prot\u00e9g\u00e9es de Farid Benstiti occupaient hier matin la deuxi\u00e8me position du groupe B avec quatre points au compteur, fruit de leur victoire contre le Botswana (1-0) et de leur match nul face \u00e0 la Tunisie (0-0). Lors des cinq pr\u00e9c\u00e9dentes participations, les \u00ab\u00a0Vertes\u00a0\u00bb n&rsquo;avaient jamais d\u00e9pass\u00e9 le cap du premier tour (2004, 2006, 2010, 2014, 2018). Cette performance remarquable t\u00e9moigne de la progression constante du football f\u00e9minin alg\u00e9rien et de la qualit\u00e9 du travail effectu\u00e9 par l&rsquo;encadrement technique. Les Alg\u00e9riennes ont d\u00e9sormais l&rsquo;opportunit\u00e9 de poursuivre leur aventure continentale et de continuer \u00e0 faire r\u00eaver leurs supporters en visant peut-\u00eatre une qualification pour les demi-finales, ce qui constituerait un nouvel exploit retentissant.<\/p>\n\n\n\n<p>Pour son retour parmi le gotha africain, apr\u00e8s une absences lors des deux pr\u00e9c\u00e9dentes \u00e9ditions, l&rsquo;Alg\u00e9rie s&rsquo;est pr\u00e9sent\u00e9e avec un effectif de 26 joueuses. Douze (12) pays prendront part \u00e0 ce tournoi continental, r\u00e9partis en trois groupes de quatre \u00e9quipes. Les deux premiers de chaque groupe, ainsi que les deux meilleurs troisi\u00e8mes, se qualifieront pour les quarts de finale, pr\u00e9vus les 18 et 19 juillet. Pour rappel, l&rsquo;Alg\u00e9rie a valid\u00e9 son ticket pour la phase finale de la CAN-2024 en d\u00e9cembre 2023, en battant en aller et retour le Burundi: 5-1 puis 1-0. Les deux manches se sont jou\u00e9es au stade du 5-Juillet \u00e0 Alger.<\/p>\n\n\n\n<p>Moncef Dahleb<\/p>\n","protected":false},"excerpt":{"rendered":"<p>L&rsquo;\u00e9quipe nationale f\u00e9minine a franchi un cap historique en se qualifiant pour les quarts de finale de la Coupe d&rsquo;Afrique<\/p>\n","protected":false},"author":6,"featured_media":70289,"comment_status":"open","ping_status":"closed","sticky":false,"template":"","format":"standard","meta":{"colormag_page_container_layout":"default_layout","colormag_page_sidebar_layout":"default_layout","om_disable_all_campaigns":false,"_monsterinsights_skip_tracking":false,"_monsterinsights_sitenote_active":false,"_monsterinsights_sitenote_note":"","_monsterinsights_sitenote_category":0,"footnotes":"","_wpscppro_dont_share_socialmedia":false,"_wpscppro_custom_social_share_image":0,"_facebook_share_type":"default","_twitter_share_type":"default","_linkedin_share_type":"default","_pinterest_share_type":"default","_linkedin_share_type_page":"","_instagram_share_type":"default","_medium_share_type":"default","_threads_share_type":"","_google_business_share_type":"","_selected_social_profile":[],"_wpsp_enable_custom_social_template":false,"_wpsp_social_scheduling":{"enabled":false,"datetime":null,"platforms":[],"status":"template_only","dateOption":"today","timeOption":"now","customDays":"","customHours":"","customDate":"","customTime":"","schedulingType":"absolute"},"_wpsp_active_default_template":true},"categories":[52,33],"tags":[],"class_list":["post-70288","post","type-post","status-publish","format-standard","has-post-thumbnail","hentry","category-a-la-une","category-sports"],"aioseo_notices":[],"yoast_head":"<!-- This site is optimized with the Yoast SEO plugin v27.5 - https:\/\/yoast.com\/product\/yoast-seo-wordpress\/ -->\n<title>CAN 2024 Dames : Les Vertes d\u00e9crochent une qualification historique pour les quarts - La Sentinelle<\/title>\n<meta name=\"robots\" content=\"index, follow, max-snippet:-1, max-image-preview:large, max-video-preview:-1\" \/>\n<link rel=\"canonical\" href=\"https:\/\/lasentinelle.dz\/index.php\/2025\/07\/14\/can-2024-dames-les-vertes-decrochent-une-qualification-historique-pour-les-quarts\/\" \/>\n<meta property=\"og:locale\" content=\"fr_FR\" \/>\n<meta property=\"og:type\" content=\"article\" \/>\n<meta property=\"og:title\" content=\"CAN 2024 Dames : Les Vertes d\u00e9crochent une qualification historique pour les quarts - La Sentinelle\" \/>\n<meta property=\"og:description\" content=\"L&rsquo;\u00e9quipe nationale f\u00e9minine a franchi un cap historique en se qualifiant pour les quarts de finale de la Coupe d&rsquo;Afrique\" \/>\n<meta property=\"og:url\" content=\"https:\/\/lasentinelle.dz\/index.php\/2025\/07\/14\/can-2024-dames-les-vertes-decrochent-une-qualification-historique-pour-les-quarts\/\" \/>\n<meta property=\"og:site_name\" content=\"La Sentinelle\" \/>\n<meta property=\"article:publisher\" content=\"https:\/\/www.facebook.com\/La-Sentinelle-104059864394773\" \/>\n<meta property=\"article:published_time\" content=\"2025-07-14T10:50:15+00:00\" \/>\n<meta property=\"article:modified_time\" content=\"2025-07-14T10:50:16+00:00\" \/>\n<meta property=\"og:image\" content=\"https:\/\/lasentinelle.dz\/wp-content\/uploads\/2025\/07\/Dames.jpeg\" \/>\n\t<meta property=\"og:image:width\" content=\"1170\" \/>\n\t<meta property=\"og:image:height\" content=\"762\" \/>\n\t<meta property=\"og:image:type\" content=\"image\/jpeg\" \/>\n<meta name=\"author\" content=\"admin\" \/>\n<meta name=\"twitter:card\" content=\"summary_large_image\" \/>\n<meta name=\"twitter:label1\" content=\"\u00c9crit par\" \/>\n\t<meta name=\"twitter:data1\" content=\"admin\" \/>\n\t<meta name=\"twitter:label2\" content=\"Dur\u00e9e de lecture estim\u00e9e\" \/>\n\t<meta name=\"twitter:data2\" content=\"3 minutes\" \/>\n<script type=\"application\/ld+json\" class=\"yoast-schema-graph\">{\"@context\":\"https:\\\/\\\/schema.org\",\"@graph\":[{\"@type\":\"Article\",\"@id\":\"https:\\\/\\\/lasentinelle.dz\\\/index.php\\\/2025\\\/07\\\/14\\\/can-2024-dames-les-vertes-decrochent-une-qualification-historique-pour-les-quarts\\\/#article\",\"isPartOf\":{\"@id\":\"https:\\\/\\\/lasentinelle.dz\\\/index.php\\\/2025\\\/07\\\/14\\\/can-2024-dames-les-vertes-decrochent-une-qualification-historique-pour-les-quarts\\\/\"},\"author\":{\"name\":\"admin\",\"@id\":\"https:\\\/\\\/lasentinelle.dz\\\/#\\\/schema\\\/person\\\/729ee0024f24e0b8c5ec17232f8e8b41\"},\"headline\":\"CAN 2024 Dames : Les Vertes d\u00e9crochent une qualification historique pour les quarts\",\"datePublished\":\"2025-07-14T10:50:15+00:00\",\"dateModified\":\"2025-07-14T10:50:16+00:00\",\"mainEntityOfPage\":{\"@id\":\"https:\\\/\\\/lasentinelle.dz\\\/index.php\\\/2025\\\/07\\\/14\\\/can-2024-dames-les-vertes-decrochent-une-qualification-historique-pour-les-quarts\\\/\"},\"wordCount\":402,\"commentCount\":0,\"publisher\":{\"@id\":\"https:\\\/\\\/lasentinelle.dz\\\/#organization\"},\"image\":{\"@id\":\"https:\\\/\\\/lasentinelle.dz\\\/index.php\\\/2025\\\/07\\\/14\\\/can-2024-dames-les-vertes-decrochent-une-qualification-historique-pour-les-quarts\\\/#primaryimage\"},\"thumbnailUrl\":\"https:\\\/\\\/lasentinelle.dz\\\/wp-content\\\/uploads\\\/2025\\\/07\\\/Dames.jpeg\",\"articleSection\":[\"\u00c0 la Une\",\"Sports\"],\"inLanguage\":\"fr-FR\",\"potentialAction\":[{\"@type\":\"CommentAction\",\"name\":\"Comment\",\"target\":[\"https:\\\/\\\/lasentinelle.dz\\\/index.php\\\/2025\\\/07\\\/14\\\/can-2024-dames-les-vertes-decrochent-une-qualification-historique-pour-les-quarts\\\/#respond\"]}]},{\"@type\":\"WebPage\",\"@id\":\"https:\\\/\\\/lasentinelle.dz\\\/index.php\\\/2025\\\/07\\\/14\\\/can-2024-dames-les-vertes-decrochent-une-qualification-historique-pour-les-quarts\\\/\",\"url\":\"https:\\\/\\\/lasentinelle.dz\\\/index.php\\\/2025\\\/07\\\/14\\\/can-2024-dames-les-vertes-decrochent-une-qualification-historique-pour-les-quarts\\\/\",\"name\":\"CAN 2024 Dames : Les Vertes d\u00e9crochent une qualification historique pour les quarts - La Sentinelle\",\"isPartOf\":{\"@id\":\"https:\\\/\\\/lasentinelle.dz\\\/#website\"},\"primaryImageOfPage\":{\"@id\":\"https:\\\/\\\/lasentinelle.dz\\\/index.php\\\/2025\\\/07\\\/14\\\/can-2024-dames-les-vertes-decrochent-une-qualification-historique-pour-les-quarts\\\/#primaryimage\"},\"image\":{\"@id\":\"https:\\\/\\\/lasentinelle.dz\\\/index.php\\\/2025\\\/07\\\/14\\\/can-2024-dames-les-vertes-decrochent-une-qualification-historique-pour-les-quarts\\\/#primaryimage\"},\"thumbnailUrl\":\"https:\\\/\\\/lasentinelle.dz\\\/wp-content\\\/uploads\\\/2025\\\/07\\\/Dames.jpeg\",\"datePublished\":\"2025-07-14T10:50:15+00:00\",\"dateModified\":\"2025-07-14T10:50:16+00:00\",\"breadcrumb\":{\"@id\":\"https:\\\/\\\/lasentinelle.dz\\\/index.php\\\/2025\\\/07\\\/14\\\/can-2024-dames-les-vertes-decrochent-une-qualification-historique-pour-les-quarts\\\/#breadcrumb\"},\"inLanguage\":\"fr-FR\",\"potentialAction\":[{\"@type\":\"ReadAction\",\"target\":[\"https:\\\/\\\/lasentinelle.dz\\\/index.php\\\/2025\\\/07\\\/14\\\/can-2024-dames-les-vertes-decrochent-une-qualification-historique-pour-les-quarts\\\/\"]}]},{\"@type\":\"ImageObject\",\"inLanguage\":\"fr-FR\",\"@id\":\"https:\\\/\\\/lasentinelle.dz\\\/index.php\\\/2025\\\/07\\\/14\\\/can-2024-dames-les-vertes-decrochent-une-qualification-historique-pour-les-quarts\\\/#primaryimage\",\"url\":\"https:\\\/\\\/lasentinelle.dz\\\/wp-content\\\/uploads\\\/2025\\\/07\\\/Dames.jpeg\",\"contentUrl\":\"https:\\\/\\\/lasentinelle.dz\\\/wp-content\\\/uploads\\\/2025\\\/07\\\/Dames.jpeg\",\"width\":1170,\"height\":762},{\"@type\":\"BreadcrumbList\",\"@id\":\"https:\\\/\\\/lasentinelle.dz\\\/index.php\\\/2025\\\/07\\\/14\\\/can-2024-dames-les-vertes-decrochent-une-qualification-historique-pour-les-quarts\\\/#breadcrumb\",\"itemListElement\":[{\"@type\":\"ListItem\",\"position\":1,\"name\":\"Accueil\",\"item\":\"https:\\\/\\\/lasentinelle.dz\\\/\"},{\"@type\":\"ListItem\",\"position\":2,\"name\":\"CAN 2024 Dames : Les Vertes d\u00e9crochent une qualification historique pour les quarts\"}]},{\"@type\":\"WebSite\",\"@id\":\"https:\\\/\\\/lasentinelle.dz\\\/#website\",\"url\":\"https:\\\/\\\/lasentinelle.dz\\\/\",\"name\":\"La Sentinelle\",\"description\":\"Quotidien national d&#039;information\",\"publisher\":{\"@id\":\"https:\\\/\\\/lasentinelle.dz\\\/#organization\"},\"potentialAction\":[{\"@type\":\"SearchAction\",\"target\":{\"@type\":\"EntryPoint\",\"urlTemplate\":\"https:\\\/\\\/lasentinelle.dz\\\/?s={search_term_string}\"},\"query-input\":{\"@type\":\"PropertyValueSpecification\",\"valueRequired\":true,\"valueName\":\"search_term_string\"}}],\"inLanguage\":\"fr-FR\"},{\"@type\":\"Organization\",\"@id\":\"https:\\\/\\\/lasentinelle.dz\\\/#organization\",\"name\":\"Quotidien La Sentinelle\",\"url\":\"https:\\\/\\\/lasentinelle.dz\\\/\",\"logo\":{\"@type\":\"ImageObject\",\"inLanguage\":\"fr-FR\",\"@id\":\"https:\\\/\\\/lasentinelle.dz\\\/#\\\/schema\\\/logo\\\/image\\\/\",\"url\":\"https:\\\/\\\/lasentinelle.dz\\\/wp-content\\\/uploads\\\/2021\\\/09\\\/logo-sentinelleSLOGAN-1.png\",\"contentUrl\":\"https:\\\/\\\/lasentinelle.dz\\\/wp-content\\\/uploads\\\/2021\\\/09\\\/logo-sentinelleSLOGAN-1.png\",\"width\":615,\"height\":142,\"caption\":\"Quotidien La Sentinelle\"},\"image\":{\"@id\":\"https:\\\/\\\/lasentinelle.dz\\\/#\\\/schema\\\/logo\\\/image\\\/\"},\"sameAs\":[\"https:\\\/\\\/www.facebook.com\\\/La-Sentinelle-104059864394773\"]},{\"@type\":\"Person\",\"@id\":\"https:\\\/\\\/lasentinelle.dz\\\/#\\\/schema\\\/person\\\/729ee0024f24e0b8c5ec17232f8e8b41\",\"name\":\"admin\",\"image\":{\"@type\":\"ImageObject\",\"inLanguage\":\"fr-FR\",\"@id\":\"https:\\\/\\\/secure.gravatar.com\\\/avatar\\\/4c81fed838786e9b53f540bf46533e750f5d292099ae3b66cfc6fb1982e29df7?s=96&d=mm&r=g\",\"url\":\"https:\\\/\\\/secure.gravatar.com\\\/avatar\\\/4c81fed838786e9b53f540bf46533e750f5d292099ae3b66cfc6fb1982e29df7?s=96&d=mm&r=g\",\"contentUrl\":\"https:\\\/\\\/secure.gravatar.com\\\/avatar\\\/4c81fed838786e9b53f540bf46533e750f5d292099ae3b66cfc6fb1982e29df7?s=96&d=mm&r=g\",\"caption\":\"admin\"},\"description\":\"admin\",\"url\":\"https:\\\/\\\/lasentinelle.dz\\\/author\\\/admin\\\/\"}]}<\/script>\n<!-- \/ Yoast SEO plugin. -->","yoast_head_json":{"title":"CAN 2024 Dames : Les Vertes d\u00e9crochent une qualification historique pour les quarts - La Sentinelle","robots":{"index":"index","follow":"follow","max-snippet":"max-snippet:-1","max-image-preview":"max-image-preview:large","max-video-preview":"max-video-preview:-1"},"canonical":"https:\/\/lasentinelle.dz\/index.php\/2025\/07\/14\/can-2024-dames-les-vertes-decrochent-une-qualification-historique-pour-les-quarts\/","og_locale":"fr_FR","og_type":"article","og_title":"CAN 2024 Dames : Les Vertes d\u00e9crochent une qualification historique pour les quarts - La Sentinelle","og_description":"L&rsquo;\u00e9quipe nationale f\u00e9minine a franchi un cap historique en se qualifiant pour les quarts de finale de la Coupe d&rsquo;Afrique","og_url":"https:\/\/lasentinelle.dz\/index.php\/2025\/07\/14\/can-2024-dames-les-vertes-decrochent-une-qualification-historique-pour-les-quarts\/","og_site_name":"La Sentinelle","article_publisher":"https:\/\/www.facebook.com\/La-Sentinelle-104059864394773","article_published_time":"2025-07-14T10:50:15+00:00","article_modified_time":"2025-07-14T10:50:16+00:00","og_image":[{"width":1170,"height":762,"url":"https:\/\/lasentinelle.dz\/wp-content\/uploads\/2025\/07\/Dames.jpeg","type":"image\/jpeg"}],"author":"admin","twitter_card":"summary_large_image","twitter_misc":{"\u00c9crit par":"admin","Dur\u00e9e de lecture estim\u00e9e":"3 minutes"},"schema":{"@context":"https:\/\/schema.org","@graph":[{"@type":"Article","@id":"https:\/\/lasentinelle.dz\/index.php\/2025\/07\/14\/can-2024-dames-les-vertes-decrochent-une-qualification-historique-pour-les-quarts\/#article","isPartOf":{"@id":"https:\/\/lasentinelle.dz\/index.php\/2025\/07\/14\/can-2024-dames-les-vertes-decrochent-une-qualification-historique-pour-les-quarts\/"},"author":{"name":"admin","@id":"https:\/\/lasentinelle.dz\/#\/schema\/person\/729ee0024f24e0b8c5ec17232f8e8b41"},"headline":"CAN 2024 Dames : Les Vertes d\u00e9crochent une qualification historique pour les quarts","datePublished":"2025-07-14T10:50:15+00:00","dateModified":"2025-07-14T10:50:16+00:00","mainEntityOfPage":{"@id":"https:\/\/lasentinelle.dz\/index.php\/2025\/07\/14\/can-2024-dames-les-vertes-decrochent-une-qualification-historique-pour-les-quarts\/"},"wordCount":402,"commentCount":0,"publisher":{"@id":"https:\/\/lasentinelle.dz\/#organization"},"image":{"@id":"https:\/\/lasentinelle.dz\/index.php\/2025\/07\/14\/can-2024-dames-les-vertes-decrochent-une-qualification-historique-pour-les-quarts\/#primaryimage"},"thumbnailUrl":"https:\/\/lasentinelle.dz\/wp-content\/uploads\/2025\/07\/Dames.jpeg","articleSection":["\u00c0 la Une","Sports"],"inLanguage":"fr-FR","potentialAction":[{"@type":"CommentAction","name":"Comment","target":["https:\/\/lasentinelle.dz\/index.php\/2025\/07\/14\/can-2024-dames-les-vertes-decrochent-une-qualification-historique-pour-les-quarts\/#respond"]}]},{"@type":"WebPage","@id":"https:\/\/lasentinelle.dz\/index.php\/2025\/07\/14\/can-2024-dames-les-vertes-decrochent-une-qualification-historique-pour-les-quarts\/","url":"https:\/\/lasentinelle.dz\/index.php\/2025\/07\/14\/can-2024-dames-les-vertes-decrochent-une-qualification-historique-pour-les-quarts\/","name":"CAN 2024 Dames : Les Vertes d\u00e9crochent une qualification historique pour les quarts - La Sentinelle","isPartOf":{"@id":"https:\/\/lasentinelle.dz\/#website"},"primaryImageOfPage":{"@id":"https:\/\/lasentinelle.dz\/index.php\/2025\/07\/14\/can-2024-dames-les-vertes-decrochent-une-qualification-historique-pour-les-quarts\/#primaryimage"},"image":{"@id":"https:\/\/lasentinelle.dz\/index.php\/2025\/07\/14\/can-2024-dames-les-vertes-decrochent-une-qualification-historique-pour-les-quarts\/#primaryimage"},"thumbnailUrl":"https:\/\/lasentinelle.dz\/wp-content\/uploads\/2025\/07\/Dames.jpeg","datePublished":"2025-07-14T10:50:15+00:00","dateModified":"2025-07-14T10:50:16+00:00","breadcrumb":{"@id":"https:\/\/lasentinelle.dz\/index.php\/2025\/07\/14\/can-2024-dames-les-vertes-decrochent-une-qualification-historique-pour-les-quarts\/#breadcrumb"},"inLanguage":"fr-FR","potentialAction":[{"@type":"ReadAction","target":["https:\/\/lasentinelle.dz\/index.php\/2025\/07\/14\/can-2024-dames-les-vertes-decrochent-une-qualification-historique-pour-les-quarts\/"]}]},{"@type":"ImageObject","inLanguage":"fr-FR","@id":"https:\/\/lasentinelle.dz\/index.php\/2025\/07\/14\/can-2024-dames-les-vertes-decrochent-une-qualification-historique-pour-les-quarts\/#primaryimage","url":"https:\/\/lasentinelle.dz\/wp-content\/uploads\/2025\/07\/Dames.jpeg","contentUrl":"https:\/\/lasentinelle.dz\/wp-content\/uploads\/2025\/07\/Dames.jpeg","width":1170,"height":762},{"@type":"BreadcrumbList","@id":"https:\/\/lasentinelle.dz\/index.php\/2025\/07\/14\/can-2024-dames-les-vertes-decrochent-une-qualification-historique-pour-les-quarts\/#breadcrumb","itemListElement":[{"@type":"ListItem","position":1,"name":"Accueil","item":"https:\/\/lasentinelle.dz\/"},{"@type":"ListItem","position":2,"name":"CAN 2024 Dames : Les Vertes d\u00e9crochent une qualification historique pour les quarts"}]},{"@type":"WebSite","@id":"https:\/\/lasentinelle.dz\/#website","url":"https:\/\/lasentinelle.dz\/","name":"La Sentinelle","description":"Quotidien national d&#039;information","publisher":{"@id":"https:\/\/lasentinelle.dz\/#organization"},"potentialAction":[{"@type":"SearchAction","target":{"@type":"EntryPoint","urlTemplate":"https:\/\/lasentinelle.dz\/?s={search_term_string}"},"query-input":{"@type":"PropertyValueSpecification","valueRequired":true,"valueName":"search_term_string"}}],"inLanguage":"fr-FR"},{"@type":"Organization","@id":"https:\/\/lasentinelle.dz\/#organization","name":"Quotidien La Sentinelle","url":"https:\/\/lasentinelle.dz\/","logo":{"@type":"ImageObject","inLanguage":"fr-FR","@id":"https:\/\/lasentinelle.dz\/#\/schema\/logo\/image\/","url":"https:\/\/lasentinelle.dz\/wp-content\/uploads\/2021\/09\/logo-sentinelleSLOGAN-1.png","contentUrl":"https:\/\/lasentinelle.dz\/wp-content\/uploads\/2021\/09\/logo-sentinelleSLOGAN-1.png","width":615,"height":142,"caption":"Quotidien La Sentinelle"},"image":{"@id":"https:\/\/lasentinelle.dz\/#\/schema\/logo\/image\/"},"sameAs":["https:\/\/www.facebook.com\/La-Sentinelle-104059864394773"]},{"@type":"Person","@id":"https:\/\/lasentinelle.dz\/#\/schema\/person\/729ee0024f24e0b8c5ec17232f8e8b41","name":"admin","image":{"@type":"ImageObject","inLanguage":"fr-FR","@id":"https:\/\/secure.gravatar.com\/avatar\/4c81fed838786e9b53f540bf46533e750f5d292099ae3b66cfc6fb1982e29df7?s=96&d=mm&r=g","url":"https:\/\/secure.gravatar.com\/avatar\/4c81fed838786e9b53f540bf46533e750f5d292099ae3b66cfc6fb1982e29df7?s=96&d=mm&r=g","contentUrl":"https:\/\/secure.gravatar.com\/avatar\/4c81fed838786e9b53f540bf46533e750f5d292099ae3b66cfc6fb1982e29df7?s=96&d=mm&r=g","caption":"admin"},"description":"admin","url":"https:\/\/lasentinelle.dz\/author\/admin\/"}]}},"_links":{"self":[{"href":"https:\/\/lasentinelle.dz\/index.php\/wp-json\/wp\/v2\/posts\/70288","targetHints":{"allow":["GET"]}}],"collection":[{"href":"https:\/\/lasentinelle.dz\/index.php\/wp-json\/wp\/v2\/posts"}],"about":[{"href":"https:\/\/lasentinelle.dz\/index.php\/wp-json\/wp\/v2\/types\/post"}],"author":[{"embeddable":true,"href":"https:\/\/lasentinelle.dz\/index.php\/wp-json\/wp\/v2\/users\/6"}],"replies":[{"embeddable":true,"href":"https:\/\/lasentinelle.dz\/index.php\/wp-json\/wp\/v2\/comments?post=70288"}],"version-history":[{"count":1,"href":"https:\/\/lasentinelle.dz\/index.php\/wp-json\/wp\/v2\/posts\/70288\/revisions"}],"predecessor-version":[{"id":70290,"href":"https:\/\/lasentinelle.dz\/index.php\/wp-json\/wp\/v2\/posts\/70288\/revisions\/70290"}],"wp:featuredmedia":[{"embeddable":true,"href":"https:\/\/lasentinelle.dz\/index.php\/wp-json\/wp\/v2\/media\/70289"}],"wp:attachment":[{"href":"https:\/\/lasentinelle.dz\/index.php\/wp-json\/wp\/v2\/media?parent=70288"}],"wp:term":[{"taxonomy":"category","embeddable":true,"href":"https:\/\/lasentinelle.dz\/index.php\/wp-json\/wp\/v2\/categories?post=70288"},{"taxonomy":"post_tag","embeddable":true,"href":"https:\/\/lasentinelle.dz\/index.php\/wp-json\/wp\/v2\/tags?post=70288"}],"curies":[{"name":"wp","href":"https:\/\/api.w.org\/{rel}","templated":true}]}}