{"id":70295,"date":"2025-07-14T11:52:38","date_gmt":"2025-07-14T10:52:38","guid":{"rendered":"https:\/\/lasentinelle.dz\/?p=70295"},"modified":"2025-07-14T11:52:38","modified_gmt":"2025-07-14T10:52:38","slug":"bordj-badji-mokhtar-livraison-imminente-du-chemin-de-wilaya-cw-3","status":"publish","type":"post","link":"https:\/\/lasentinelle.dz\/index.php\/2025\/07\/14\/bordj-badji-mokhtar-livraison-imminente-du-chemin-de-wilaya-cw-3\/","title":{"rendered":"Bordj Badji Mokhtar : Livraison imminente du chemin de wilaya CW-3"},"content":{"rendered":"\n<p>L&rsquo;engagement r\u00e9solu des pouvoirs publics envers le d\u00e9veloppement des r\u00e9gions du Grand Sud alg\u00e9rien se concr\u00e9tise par l&rsquo;avancement remarquable du projet d&rsquo;entretien du Chemin de wilaya CW-3 reliant Bordj Badji Mokhtar \u00e0 Tamanrasset, dont la livraison est programm\u00e9e avant la fin de l&rsquo;ann\u00e9e 2025. Cette r\u00e9alisation majeure illustre parfaitement la priorit\u00e9 accord\u00e9e par l&rsquo;\u00c9tat \u00e0 ces territoires strat\u00e9giques de l&rsquo;extr\u00eame Sud, t\u00e9moignant d&rsquo;une volont\u00e9 politique forte de d\u00e9senclaver ces r\u00e9gions essentielles au d\u00e9veloppement \u00e9conomique national. Mohamed Lamine Adjal, directeur de la Direction des Travaux publics de Bordj Badji Mokhtar, a confirm\u00e9 que cette premi\u00e8re phase repr\u00e9sente un investissement consid\u00e9rable de 900 millions de dinars pour l&rsquo;entretien de 80 kilom\u00e8tres de cet axe routier crucial, dont 40 kilom\u00e8tres seront livr\u00e9s dans les d\u00e9lais impartis de six mois. Cette approche m\u00e9thodique par phases d\u00e9montre la rigueur et l&rsquo;efficacit\u00e9 de la planification mise en \u0153uvre pour garantir la qualit\u00e9 des infrastructures dans ces r\u00e9gions prioritaires.<\/p>\n\n\n\n<p>L&rsquo;impact transformateur de ce projet sur le d\u00e9veloppement du Grand Sud ne peut \u00eatre sous-estim\u00e9. Le Chemin de wilaya CW-3 constitue un v\u00e9ritable catalyseur pour l&rsquo;activit\u00e9 \u00e9conomique r\u00e9gionale, facilitant consid\u00e9rablement la fluidit\u00e9 de la circulation et optimisant le transport des marchandises entre ces deux wilayas strat\u00e9giques. Cette infrastructure modernis\u00e9e permettra de stimuler significativement l&rsquo;activit\u00e9 commerciale et d&rsquo;am\u00e9liorer les conditions de transport des voyageurs dans cette r\u00e9gion frontali\u00e8re d&rsquo;importance capitale.<\/p>\n\n\n\n<p>La dimension strat\u00e9gique de ce projet r\u00e9side \u00e9galement dans son potentiel \u00e0 insuffler une dynamique nouvelle \u00e0 l&rsquo;action de d\u00e9veloppement local. En traversant des r\u00e9gions importantes comme Silet, qui connaissent une forte densit\u00e9 de circulation, le Chemin de wilaya CW-3 r\u00e9nov\u00e9 constituera un levier majeur pour l&rsquo;expansion \u00e9conomique et sociale de ces territoires. Cette r\u00e9alisation s&rsquo;inscrit dans une vision globale de d\u00e9veloppement \u00e9quilibr\u00e9 du territoire national, o\u00f9 les r\u00e9gions du Grand Sud b\u00e9n\u00e9ficient d&rsquo;une attention particuli\u00e8re et d&rsquo;investissements substantiels pour r\u00e9v\u00e9ler leur potentiel \u00e9conomique exceptionnel.<\/p>\n\n\n\n<p>R.R.<\/p>\n","protected":false},"excerpt":{"rendered":"<p>L&rsquo;engagement r\u00e9solu des pouvoirs publics envers le d\u00e9veloppement des r\u00e9gions du Grand Sud alg\u00e9rien se concr\u00e9tise par l&rsquo;avancement remarquable du<\/p>\n","protected":false},"author":6,"featured_media":70296,"comment_status":"open","ping_status":"closed","sticky":false,"template":"","format":"standard","meta":{"colormag_page_container_layout":"default_layout","colormag_page_sidebar_layout":"default_layout","om_disable_all_campaigns":false,"_monsterinsights_skip_tracking":false,"_monsterinsights_sitenote_active":false,"_monsterinsights_sitenote_note":"","_monsterinsights_sitenote_category":0,"footnotes":"","_wpscppro_dont_share_socialmedia":false,"_wpscppro_custom_social_share_image":0,"_facebook_share_type":"default","_twitter_share_type":"default","_linkedin_share_type":"default","_pinterest_share_type":"default","_linkedin_share_type_page":"","_instagram_share_type":"default","_medium_share_type":"default","_threads_share_type":"","_google_business_share_type":"","_selected_social_profile":[],"_wpsp_enable_custom_social_template":false,"_wpsp_social_scheduling":{"enabled":false,"datetime":null,"platforms":[],"status":"template_only","dateOption":"today","timeOption":"now","customDays":"","customHours":"","customDate":"","customTime":"","schedulingType":"absolute"},"_wpsp_active_default_template":true},"categories":[31],"tags":[],"class_list":["post-70295","post","type-post","status-publish","format-standard","has-post-thumbnail","hentry","category-regions"],"aioseo_notices":[],"yoast_head":"<!-- This site is optimized with the Yoast SEO plugin v27.5 - https:\/\/yoast.com\/product\/yoast-seo-wordpress\/ -->\n<title>Bordj Badji Mokhtar : Livraison imminente du chemin de wilaya CW-3 - La Sentinelle<\/title>\n<meta name=\"robots\" content=\"index, follow, max-snippet:-1, max-image-preview:large, max-video-preview:-1\" \/>\n<link rel=\"canonical\" href=\"https:\/\/lasentinelle.dz\/index.php\/2025\/07\/14\/bordj-badji-mokhtar-livraison-imminente-du-chemin-de-wilaya-cw-3\/\" \/>\n<meta property=\"og:locale\" content=\"fr_FR\" \/>\n<meta property=\"og:type\" content=\"article\" \/>\n<meta property=\"og:title\" content=\"Bordj Badji Mokhtar : Livraison imminente du chemin de wilaya CW-3 - La Sentinelle\" \/>\n<meta property=\"og:description\" content=\"L&rsquo;engagement r\u00e9solu des pouvoirs publics envers le d\u00e9veloppement des r\u00e9gions du Grand Sud alg\u00e9rien se concr\u00e9tise par l&rsquo;avancement remarquable du\" \/>\n<meta property=\"og:url\" content=\"https:\/\/lasentinelle.dz\/index.php\/2025\/07\/14\/bordj-badji-mokhtar-livraison-imminente-du-chemin-de-wilaya-cw-3\/\" \/>\n<meta property=\"og:site_name\" content=\"La Sentinelle\" \/>\n<meta property=\"article:publisher\" content=\"https:\/\/www.facebook.com\/La-Sentinelle-104059864394773\" \/>\n<meta property=\"article:published_time\" content=\"2025-07-14T10:52:38+00:00\" \/>\n<meta property=\"og:image\" content=\"https:\/\/lasentinelle.dz\/wp-content\/uploads\/2025\/07\/travaux-routiers.jpg\" \/>\n\t<meta property=\"og:image:width\" content=\"780\" \/>\n\t<meta property=\"og:image:height\" content=\"470\" \/>\n\t<meta property=\"og:image:type\" content=\"image\/jpeg\" \/>\n<meta name=\"author\" content=\"admin\" \/>\n<meta name=\"twitter:card\" content=\"summary_large_image\" \/>\n<meta name=\"twitter:label1\" content=\"\u00c9crit par\" \/>\n\t<meta name=\"twitter:data1\" content=\"admin\" \/>\n\t<meta name=\"twitter:label2\" content=\"Dur\u00e9e de lecture estim\u00e9e\" \/>\n\t<meta name=\"twitter:data2\" content=\"2 minutes\" \/>\n<script type=\"application\/ld+json\" class=\"yoast-schema-graph\">{\"@context\":\"https:\\\/\\\/schema.org\",\"@graph\":[{\"@type\":\"Article\",\"@id\":\"https:\\\/\\\/lasentinelle.dz\\\/index.php\\\/2025\\\/07\\\/14\\\/bordj-badji-mokhtar-livraison-imminente-du-chemin-de-wilaya-cw-3\\\/#article\",\"isPartOf\":{\"@id\":\"https:\\\/\\\/lasentinelle.dz\\\/index.php\\\/2025\\\/07\\\/14\\\/bordj-badji-mokhtar-livraison-imminente-du-chemin-de-wilaya-cw-3\\\/\"},\"author\":{\"name\":\"admin\",\"@id\":\"https:\\\/\\\/lasentinelle.dz\\\/#\\\/schema\\\/person\\\/729ee0024f24e0b8c5ec17232f8e8b41\"},\"headline\":\"Bordj Badji Mokhtar : Livraison imminente du chemin de wilaya CW-3\",\"datePublished\":\"2025-07-14T10:52:38+00:00\",\"mainEntityOfPage\":{\"@id\":\"https:\\\/\\\/lasentinelle.dz\\\/index.php\\\/2025\\\/07\\\/14\\\/bordj-badji-mokhtar-livraison-imminente-du-chemin-de-wilaya-cw-3\\\/\"},\"wordCount\":376,\"commentCount\":0,\"publisher\":{\"@id\":\"https:\\\/\\\/lasentinelle.dz\\\/#organization\"},\"image\":{\"@id\":\"https:\\\/\\\/lasentinelle.dz\\\/index.php\\\/2025\\\/07\\\/14\\\/bordj-badji-mokhtar-livraison-imminente-du-chemin-de-wilaya-cw-3\\\/#primaryimage\"},\"thumbnailUrl\":\"https:\\\/\\\/lasentinelle.dz\\\/wp-content\\\/uploads\\\/2025\\\/07\\\/travaux-routiers.jpg\",\"articleSection\":[\"R\u00e9gions\"],\"inLanguage\":\"fr-FR\",\"potentialAction\":[{\"@type\":\"CommentAction\",\"name\":\"Comment\",\"target\":[\"https:\\\/\\\/lasentinelle.dz\\\/index.php\\\/2025\\\/07\\\/14\\\/bordj-badji-mokhtar-livraison-imminente-du-chemin-de-wilaya-cw-3\\\/#respond\"]}]},{\"@type\":\"WebPage\",\"@id\":\"https:\\\/\\\/lasentinelle.dz\\\/index.php\\\/2025\\\/07\\\/14\\\/bordj-badji-mokhtar-livraison-imminente-du-chemin-de-wilaya-cw-3\\\/\",\"url\":\"https:\\\/\\\/lasentinelle.dz\\\/index.php\\\/2025\\\/07\\\/14\\\/bordj-badji-mokhtar-livraison-imminente-du-chemin-de-wilaya-cw-3\\\/\",\"name\":\"Bordj Badji Mokhtar : Livraison imminente du chemin de wilaya CW-3 - La Sentinelle\",\"isPartOf\":{\"@id\":\"https:\\\/\\\/lasentinelle.dz\\\/#website\"},\"primaryImageOfPage\":{\"@id\":\"https:\\\/\\\/lasentinelle.dz\\\/index.php\\\/2025\\\/07\\\/14\\\/bordj-badji-mokhtar-livraison-imminente-du-chemin-de-wilaya-cw-3\\\/#primaryimage\"},\"image\":{\"@id\":\"https:\\\/\\\/lasentinelle.dz\\\/index.php\\\/2025\\\/07\\\/14\\\/bordj-badji-mokhtar-livraison-imminente-du-chemin-de-wilaya-cw-3\\\/#primaryimage\"},\"thumbnailUrl\":\"https:\\\/\\\/lasentinelle.dz\\\/wp-content\\\/uploads\\\/2025\\\/07\\\/travaux-routiers.jpg\",\"datePublished\":\"2025-07-14T10:52:38+00:00\",\"breadcrumb\":{\"@id\":\"https:\\\/\\\/lasentinelle.dz\\\/index.php\\\/2025\\\/07\\\/14\\\/bordj-badji-mokhtar-livraison-imminente-du-chemin-de-wilaya-cw-3\\\/#breadcrumb\"},\"inLanguage\":\"fr-FR\",\"potentialAction\":[{\"@type\":\"ReadAction\",\"target\":[\"https:\\\/\\\/lasentinelle.dz\\\/index.php\\\/2025\\\/07\\\/14\\\/bordj-badji-mokhtar-livraison-imminente-du-chemin-de-wilaya-cw-3\\\/\"]}]},{\"@type\":\"ImageObject\",\"inLanguage\":\"fr-FR\",\"@id\":\"https:\\\/\\\/lasentinelle.dz\\\/index.php\\\/2025\\\/07\\\/14\\\/bordj-badji-mokhtar-livraison-imminente-du-chemin-de-wilaya-cw-3\\\/#primaryimage\",\"url\":\"https:\\\/\\\/lasentinelle.dz\\\/wp-content\\\/uploads\\\/2025\\\/07\\\/travaux-routiers.jpg\",\"contentUrl\":\"https:\\\/\\\/lasentinelle.dz\\\/wp-content\\\/uploads\\\/2025\\\/07\\\/travaux-routiers.jpg\",\"width\":780,\"height\":470},{\"@type\":\"BreadcrumbList\",\"@id\":\"https:\\\/\\\/lasentinelle.dz\\\/index.php\\\/2025\\\/07\\\/14\\\/bordj-badji-mokhtar-livraison-imminente-du-chemin-de-wilaya-cw-3\\\/#breadcrumb\",\"itemListElement\":[{\"@type\":\"ListItem\",\"position\":1,\"name\":\"Accueil\",\"item\":\"https:\\\/\\\/lasentinelle.dz\\\/\"},{\"@type\":\"ListItem\",\"position\":2,\"name\":\"Bordj Badji Mokhtar : Livraison imminente du chemin de wilaya CW-3\"}]},{\"@type\":\"WebSite\",\"@id\":\"https:\\\/\\\/lasentinelle.dz\\\/#website\",\"url\":\"https:\\\/\\\/lasentinelle.dz\\\/\",\"name\":\"La Sentinelle\",\"description\":\"Quotidien national d&#039;information\",\"publisher\":{\"@id\":\"https:\\\/\\\/lasentinelle.dz\\\/#organization\"},\"potentialAction\":[{\"@type\":\"SearchAction\",\"target\":{\"@type\":\"EntryPoint\",\"urlTemplate\":\"https:\\\/\\\/lasentinelle.dz\\\/?s={search_term_string}\"},\"query-input\":{\"@type\":\"PropertyValueSpecification\",\"valueRequired\":true,\"valueName\":\"search_term_string\"}}],\"inLanguage\":\"fr-FR\"},{\"@type\":\"Organization\",\"@id\":\"https:\\\/\\\/lasentinelle.dz\\\/#organization\",\"name\":\"Quotidien La Sentinelle\",\"url\":\"https:\\\/\\\/lasentinelle.dz\\\/\",\"logo\":{\"@type\":\"ImageObject\",\"inLanguage\":\"fr-FR\",\"@id\":\"https:\\\/\\\/lasentinelle.dz\\\/#\\\/schema\\\/logo\\\/image\\\/\",\"url\":\"https:\\\/\\\/lasentinelle.dz\\\/wp-content\\\/uploads\\\/2021\\\/09\\\/logo-sentinelleSLOGAN-1.png\",\"contentUrl\":\"https:\\\/\\\/lasentinelle.dz\\\/wp-content\\\/uploads\\\/2021\\\/09\\\/logo-sentinelleSLOGAN-1.png\",\"width\":615,\"height\":142,\"caption\":\"Quotidien La Sentinelle\"},\"image\":{\"@id\":\"https:\\\/\\\/lasentinelle.dz\\\/#\\\/schema\\\/logo\\\/image\\\/\"},\"sameAs\":[\"https:\\\/\\\/www.facebook.com\\\/La-Sentinelle-104059864394773\"]},{\"@type\":\"Person\",\"@id\":\"https:\\\/\\\/lasentinelle.dz\\\/#\\\/schema\\\/person\\\/729ee0024f24e0b8c5ec17232f8e8b41\",\"name\":\"admin\",\"image\":{\"@type\":\"ImageObject\",\"inLanguage\":\"fr-FR\",\"@id\":\"https:\\\/\\\/secure.gravatar.com\\\/avatar\\\/4c81fed838786e9b53f540bf46533e750f5d292099ae3b66cfc6fb1982e29df7?s=96&d=mm&r=g\",\"url\":\"https:\\\/\\\/secure.gravatar.com\\\/avatar\\\/4c81fed838786e9b53f540bf46533e750f5d292099ae3b66cfc6fb1982e29df7?s=96&d=mm&r=g\",\"contentUrl\":\"https:\\\/\\\/secure.gravatar.com\\\/avatar\\\/4c81fed838786e9b53f540bf46533e750f5d292099ae3b66cfc6fb1982e29df7?s=96&d=mm&r=g\",\"caption\":\"admin\"},\"description\":\"admin\",\"url\":\"https:\\\/\\\/lasentinelle.dz\\\/author\\\/admin\\\/\"}]}<\/script>\n<!-- \/ Yoast SEO plugin. -->","yoast_head_json":{"title":"Bordj Badji Mokhtar : Livraison imminente du chemin de wilaya CW-3 - La Sentinelle","robots":{"index":"index","follow":"follow","max-snippet":"max-snippet:-1","max-image-preview":"max-image-preview:large","max-video-preview":"max-video-preview:-1"},"canonical":"https:\/\/lasentinelle.dz\/index.php\/2025\/07\/14\/bordj-badji-mokhtar-livraison-imminente-du-chemin-de-wilaya-cw-3\/","og_locale":"fr_FR","og_type":"article","og_title":"Bordj Badji Mokhtar : Livraison imminente du chemin de wilaya CW-3 - La Sentinelle","og_description":"L&rsquo;engagement r\u00e9solu des pouvoirs publics envers le d\u00e9veloppement des r\u00e9gions du Grand Sud alg\u00e9rien se concr\u00e9tise par l&rsquo;avancement remarquable du","og_url":"https:\/\/lasentinelle.dz\/index.php\/2025\/07\/14\/bordj-badji-mokhtar-livraison-imminente-du-chemin-de-wilaya-cw-3\/","og_site_name":"La Sentinelle","article_publisher":"https:\/\/www.facebook.com\/La-Sentinelle-104059864394773","article_published_time":"2025-07-14T10:52:38+00:00","og_image":[{"width":780,"height":470,"url":"https:\/\/lasentinelle.dz\/wp-content\/uploads\/2025\/07\/travaux-routiers.jpg","type":"image\/jpeg"}],"author":"admin","twitter_card":"summary_large_image","twitter_misc":{"\u00c9crit par":"admin","Dur\u00e9e de lecture estim\u00e9e":"2 minutes"},"schema":{"@context":"https:\/\/schema.org","@graph":[{"@type":"Article","@id":"https:\/\/lasentinelle.dz\/index.php\/2025\/07\/14\/bordj-badji-mokhtar-livraison-imminente-du-chemin-de-wilaya-cw-3\/#article","isPartOf":{"@id":"https:\/\/lasentinelle.dz\/index.php\/2025\/07\/14\/bordj-badji-mokhtar-livraison-imminente-du-chemin-de-wilaya-cw-3\/"},"author":{"name":"admin","@id":"https:\/\/lasentinelle.dz\/#\/schema\/person\/729ee0024f24e0b8c5ec17232f8e8b41"},"headline":"Bordj Badji Mokhtar : Livraison imminente du chemin de wilaya CW-3","datePublished":"2025-07-14T10:52:38+00:00","mainEntityOfPage":{"@id":"https:\/\/lasentinelle.dz\/index.php\/2025\/07\/14\/bordj-badji-mokhtar-livraison-imminente-du-chemin-de-wilaya-cw-3\/"},"wordCount":376,"commentCount":0,"publisher":{"@id":"https:\/\/lasentinelle.dz\/#organization"},"image":{"@id":"https:\/\/lasentinelle.dz\/index.php\/2025\/07\/14\/bordj-badji-mokhtar-livraison-imminente-du-chemin-de-wilaya-cw-3\/#primaryimage"},"thumbnailUrl":"https:\/\/lasentinelle.dz\/wp-content\/uploads\/2025\/07\/travaux-routiers.jpg","articleSection":["R\u00e9gions"],"inLanguage":"fr-FR","potentialAction":[{"@type":"CommentAction","name":"Comment","target":["https:\/\/lasentinelle.dz\/index.php\/2025\/07\/14\/bordj-badji-mokhtar-livraison-imminente-du-chemin-de-wilaya-cw-3\/#respond"]}]},{"@type":"WebPage","@id":"https:\/\/lasentinelle.dz\/index.php\/2025\/07\/14\/bordj-badji-mokhtar-livraison-imminente-du-chemin-de-wilaya-cw-3\/","url":"https:\/\/lasentinelle.dz\/index.php\/2025\/07\/14\/bordj-badji-mokhtar-livraison-imminente-du-chemin-de-wilaya-cw-3\/","name":"Bordj Badji Mokhtar : Livraison imminente du chemin de wilaya CW-3 - La Sentinelle","isPartOf":{"@id":"https:\/\/lasentinelle.dz\/#website"},"primaryImageOfPage":{"@id":"https:\/\/lasentinelle.dz\/index.php\/2025\/07\/14\/bordj-badji-mokhtar-livraison-imminente-du-chemin-de-wilaya-cw-3\/#primaryimage"},"image":{"@id":"https:\/\/lasentinelle.dz\/index.php\/2025\/07\/14\/bordj-badji-mokhtar-livraison-imminente-du-chemin-de-wilaya-cw-3\/#primaryimage"},"thumbnailUrl":"https:\/\/lasentinelle.dz\/wp-content\/uploads\/2025\/07\/travaux-routiers.jpg","datePublished":"2025-07-14T10:52:38+00:00","breadcrumb":{"@id":"https:\/\/lasentinelle.dz\/index.php\/2025\/07\/14\/bordj-badji-mokhtar-livraison-imminente-du-chemin-de-wilaya-cw-3\/#breadcrumb"},"inLanguage":"fr-FR","potentialAction":[{"@type":"ReadAction","target":["https:\/\/lasentinelle.dz\/index.php\/2025\/07\/14\/bordj-badji-mokhtar-livraison-imminente-du-chemin-de-wilaya-cw-3\/"]}]},{"@type":"ImageObject","inLanguage":"fr-FR","@id":"https:\/\/lasentinelle.dz\/index.php\/2025\/07\/14\/bordj-badji-mokhtar-livraison-imminente-du-chemin-de-wilaya-cw-3\/#primaryimage","url":"https:\/\/lasentinelle.dz\/wp-content\/uploads\/2025\/07\/travaux-routiers.jpg","contentUrl":"https:\/\/lasentinelle.dz\/wp-content\/uploads\/2025\/07\/travaux-routiers.jpg","width":780,"height":470},{"@type":"BreadcrumbList","@id":"https:\/\/lasentinelle.dz\/index.php\/2025\/07\/14\/bordj-badji-mokhtar-livraison-imminente-du-chemin-de-wilaya-cw-3\/#breadcrumb","itemListElement":[{"@type":"ListItem","position":1,"name":"Accueil","item":"https:\/\/lasentinelle.dz\/"},{"@type":"ListItem","position":2,"name":"Bordj Badji Mokhtar : Livraison imminente du chemin de wilaya CW-3"}]},{"@type":"WebSite","@id":"https:\/\/lasentinelle.dz\/#website","url":"https:\/\/lasentinelle.dz\/","name":"La Sentinelle","description":"Quotidien national d&#039;information","publisher":{"@id":"https:\/\/lasentinelle.dz\/#organization"},"potentialAction":[{"@type":"SearchAction","target":{"@type":"EntryPoint","urlTemplate":"https:\/\/lasentinelle.dz\/?s={search_term_string}"},"query-input":{"@type":"PropertyValueSpecification","valueRequired":true,"valueName":"search_term_string"}}],"inLanguage":"fr-FR"},{"@type":"Organization","@id":"https:\/\/lasentinelle.dz\/#organization","name":"Quotidien La Sentinelle","url":"https:\/\/lasentinelle.dz\/","logo":{"@type":"ImageObject","inLanguage":"fr-FR","@id":"https:\/\/lasentinelle.dz\/#\/schema\/logo\/image\/","url":"https:\/\/lasentinelle.dz\/wp-content\/uploads\/2021\/09\/logo-sentinelleSLOGAN-1.png","contentUrl":"https:\/\/lasentinelle.dz\/wp-content\/uploads\/2021\/09\/logo-sentinelleSLOGAN-1.png","width":615,"height":142,"caption":"Quotidien La Sentinelle"},"image":{"@id":"https:\/\/lasentinelle.dz\/#\/schema\/logo\/image\/"},"sameAs":["https:\/\/www.facebook.com\/La-Sentinelle-104059864394773"]},{"@type":"Person","@id":"https:\/\/lasentinelle.dz\/#\/schema\/person\/729ee0024f24e0b8c5ec17232f8e8b41","name":"admin","image":{"@type":"ImageObject","inLanguage":"fr-FR","@id":"https:\/\/secure.gravatar.com\/avatar\/4c81fed838786e9b53f540bf46533e750f5d292099ae3b66cfc6fb1982e29df7?s=96&d=mm&r=g","url":"https:\/\/secure.gravatar.com\/avatar\/4c81fed838786e9b53f540bf46533e750f5d292099ae3b66cfc6fb1982e29df7?s=96&d=mm&r=g","contentUrl":"https:\/\/secure.gravatar.com\/avatar\/4c81fed838786e9b53f540bf46533e750f5d292099ae3b66cfc6fb1982e29df7?s=96&d=mm&r=g","caption":"admin"},"description":"admin","url":"https:\/\/lasentinelle.dz\/author\/admin\/"}]}},"_links":{"self":[{"href":"https:\/\/lasentinelle.dz\/index.php\/wp-json\/wp\/v2\/posts\/70295","targetHints":{"allow":["GET"]}}],"collection":[{"href":"https:\/\/lasentinelle.dz\/index.php\/wp-json\/wp\/v2\/posts"}],"about":[{"href":"https:\/\/lasentinelle.dz\/index.php\/wp-json\/wp\/v2\/types\/post"}],"author":[{"embeddable":true,"href":"https:\/\/lasentinelle.dz\/index.php\/wp-json\/wp\/v2\/users\/6"}],"replies":[{"embeddable":true,"href":"https:\/\/lasentinelle.dz\/index.php\/wp-json\/wp\/v2\/comments?post=70295"}],"version-history":[{"count":1,"href":"https:\/\/lasentinelle.dz\/index.php\/wp-json\/wp\/v2\/posts\/70295\/revisions"}],"predecessor-version":[{"id":70297,"href":"https:\/\/lasentinelle.dz\/index.php\/wp-json\/wp\/v2\/posts\/70295\/revisions\/70297"}],"wp:featuredmedia":[{"embeddable":true,"href":"https:\/\/lasentinelle.dz\/index.php\/wp-json\/wp\/v2\/media\/70296"}],"wp:attachment":[{"href":"https:\/\/lasentinelle.dz\/index.php\/wp-json\/wp\/v2\/media?parent=70295"}],"wp:term":[{"taxonomy":"category","embeddable":true,"href":"https:\/\/lasentinelle.dz\/index.php\/wp-json\/wp\/v2\/categories?post=70295"},{"taxonomy":"post_tag","embeddable":true,"href":"https:\/\/lasentinelle.dz\/index.php\/wp-json\/wp\/v2\/tags?post=70295"}],"curies":[{"name":"wp","href":"https:\/\/api.w.org\/{rel}","templated":true}]}}