{"id":70311,"date":"2025-07-14T11:38:00","date_gmt":"2025-07-14T10:38:00","guid":{"rendered":"https:\/\/lasentinelle.dz\/?p=70311"},"modified":"2025-07-14T12:00:06","modified_gmt":"2025-07-14T11:00:06","slug":"solidarite-des-instructions-pour-accelerer-le-versement-de-la-prime-de-scolarite","status":"publish","type":"post","link":"https:\/\/lasentinelle.dz\/index.php\/2025\/07\/14\/solidarite-des-instructions-pour-accelerer-le-versement-de-la-prime-de-scolarite\/","title":{"rendered":"Solidarit\u00e9: Des instructions pour acc\u00e9l\u00e9rer le versement de la prime de scolarit\u00e9"},"content":{"rendered":"\n<p>La ministre de la Solidarit\u00e9 nationale, de la Famille et de la Condition de la femme, Soraya Mouloudji, a pr\u00e9sid\u00e9 dimanche au si\u00e8ge du minist\u00e8re une r\u00e9union de coordination consacr\u00e9e au suivi et \u00e0 l&rsquo;\u00e9valuation de l&rsquo;op\u00e9ration d&rsquo;octroi de l&rsquo;allocation sp\u00e9ciale de scolarit\u00e9. Lors de cette r\u00e9union, Mme Mouloudji a soulign\u00e9 l&rsquo;importance de \u00ab\u00a0la coordination avec les secteurs partenaires de cette op\u00e9ration dans le cadre d&rsquo;une solidarit\u00e9 gouvernementale, pour acc\u00e9l\u00e9rer la finalisation des dispositions n\u00e9cessaires pour garantir le versement de l&rsquo;allocation sp\u00e9ciale de scolarit\u00e9 dans les d\u00e9lais impartis, et permettre aux \u00e9l\u00e8ves n\u00e9cessiteux de b\u00e9n\u00e9ficier de ce soutien avant la prochaine rentr\u00e9e scolaire\u00a0\u00bb. La ministre a donn\u00e9 des \u00ab\u00a0instructions fermes\u00a0\u00bb \u00e0 l&rsquo;effet de mobiliser tous les cadres locaux des directions de l&rsquo;action sociale et de la solidarit\u00e9, et de l&rsquo;Agence de d\u00e9veloppement social, pour accompagner et informer les cat\u00e9gories cibl\u00e9es de la proc\u00e9dure et des modalit\u00e9s d&rsquo;inscription.<\/p>\n\n\n\n<p>Cette initiative s&rsquo;inscrit \u00ab\u00a0dans le cadre de la poursuite de la mise en \u0153uvre du programme du pr\u00e9sident de la R\u00e9publique, M. Abdelmadjid Tebboune, dans le volet li\u00e9 au d\u00e9veloppement social et \u00e0 la solidarit\u00e9 nationale, \u00e0 travers une strat\u00e9gie visant \u00e0 pr\u00e9server les acquis sociaux et \u00e0 activer les m\u00e9canismes de soutien et d&rsquo;accompagnement des cat\u00e9gories vuln\u00e9rables, notamment les enfants scolaris\u00e9s issus de familles n\u00e9cessiteuses et les enfants aux besoins sp\u00e9cifiques\u00a0\u00bb.<\/p>\n\n\n\n<p>Les instructions minist\u00e9rielles portent sur plusieurs aspects op\u00e9rationnels cruciaux. La ministre a insist\u00e9 sur \u00ab\u00a0la simplification des proc\u00e9dures d&rsquo;actualisation des dossiers des b\u00e9n\u00e9ficiaires, d\u00e9pos\u00e9s au niveau des communes, le transfert r\u00e9gulier et en temps r\u00e9el, des dossiers, des \u00e9tablissements scolaires vers les bureaux de l&rsquo;action sociale charg\u00e9s de la saisie des donn\u00e9es, outre la mobilisation des agents en charge de cette op\u00e9ration pour travailler selon le syst\u00e8me de permanence, notamment les week-ends, en vue de garantir le versement de l&rsquo;allocation de scolarit\u00e9 dans les d\u00e9lais impartis\u00a0\u00bb.<\/p>\n\n\n\n<p>R.N.<\/p>\n","protected":false},"excerpt":{"rendered":"<p>La ministre de la Solidarit\u00e9 nationale, de la Famille et de la Condition de la femme, Soraya Mouloudji, a pr\u00e9sid\u00e9<\/p>\n","protected":false},"author":6,"featured_media":70312,"comment_status":"open","ping_status":"closed","sticky":false,"template":"","format":"standard","meta":{"colormag_page_container_layout":"default_layout","colormag_page_sidebar_layout":"default_layout","om_disable_all_campaigns":false,"_monsterinsights_skip_tracking":false,"_monsterinsights_sitenote_active":false,"_monsterinsights_sitenote_note":"","_monsterinsights_sitenote_category":0,"footnotes":"","_wpscppro_dont_share_socialmedia":false,"_wpscppro_custom_social_share_image":0,"_facebook_share_type":"default","_twitter_share_type":"default","_linkedin_share_type":"default","_pinterest_share_type":"default","_linkedin_share_type_page":"","_instagram_share_type":"default","_medium_share_type":"default","_threads_share_type":"","_google_business_share_type":"","_selected_social_profile":[],"_wpsp_enable_custom_social_template":false,"_wpsp_social_scheduling":{"enabled":false,"datetime":null,"platforms":[],"status":"template_only","dateOption":"today","timeOption":"now","customDays":"","customHours":"","customDate":"","customTime":"","schedulingType":"absolute"},"_wpsp_active_default_template":true},"categories":[27],"tags":[],"class_list":["post-70311","post","type-post","status-publish","format-standard","has-post-thumbnail","hentry","category-actualite"],"aioseo_notices":[],"yoast_head":"<!-- This site is optimized with the Yoast SEO plugin v27.5 - https:\/\/yoast.com\/product\/yoast-seo-wordpress\/ -->\n<title>Solidarit\u00e9: Des instructions pour acc\u00e9l\u00e9rer le versement de la prime de scolarit\u00e9 - La Sentinelle<\/title>\n<meta name=\"robots\" content=\"index, follow, max-snippet:-1, max-image-preview:large, max-video-preview:-1\" \/>\n<link rel=\"canonical\" href=\"https:\/\/lasentinelle.dz\/index.php\/2025\/07\/14\/solidarite-des-instructions-pour-accelerer-le-versement-de-la-prime-de-scolarite\/\" \/>\n<meta property=\"og:locale\" content=\"fr_FR\" \/>\n<meta property=\"og:type\" content=\"article\" \/>\n<meta property=\"og:title\" content=\"Solidarit\u00e9: Des instructions pour acc\u00e9l\u00e9rer le versement de la prime de scolarit\u00e9 - La Sentinelle\" \/>\n<meta property=\"og:description\" content=\"La ministre de la Solidarit\u00e9 nationale, de la Famille et de la Condition de la femme, Soraya Mouloudji, a pr\u00e9sid\u00e9\" \/>\n<meta property=\"og:url\" content=\"https:\/\/lasentinelle.dz\/index.php\/2025\/07\/14\/solidarite-des-instructions-pour-accelerer-le-versement-de-la-prime-de-scolarite\/\" \/>\n<meta property=\"og:site_name\" content=\"La Sentinelle\" \/>\n<meta property=\"article:publisher\" content=\"https:\/\/www.facebook.com\/La-Sentinelle-104059864394773\" \/>\n<meta property=\"article:published_time\" content=\"2025-07-14T10:38:00+00:00\" \/>\n<meta property=\"article:modified_time\" content=\"2025-07-14T11:00:06+00:00\" \/>\n<meta property=\"og:image\" content=\"https:\/\/lasentinelle.dz\/wp-content\/uploads\/2025\/07\/506499710_1037458515227907_8304174465196636216_n.jpg\" \/>\n\t<meta property=\"og:image:width\" content=\"2048\" \/>\n\t<meta property=\"og:image:height\" content=\"1152\" \/>\n\t<meta property=\"og:image:type\" content=\"image\/jpeg\" \/>\n<meta name=\"author\" content=\"admin\" \/>\n<meta name=\"twitter:card\" content=\"summary_large_image\" \/>\n<meta name=\"twitter:label1\" content=\"\u00c9crit par\" \/>\n\t<meta name=\"twitter:data1\" content=\"admin\" \/>\n\t<meta name=\"twitter:label2\" content=\"Dur\u00e9e de lecture estim\u00e9e\" \/>\n\t<meta name=\"twitter:data2\" content=\"2 minutes\" \/>\n<script type=\"application\/ld+json\" class=\"yoast-schema-graph\">{\"@context\":\"https:\\\/\\\/schema.org\",\"@graph\":[{\"@type\":\"Article\",\"@id\":\"https:\\\/\\\/lasentinelle.dz\\\/index.php\\\/2025\\\/07\\\/14\\\/solidarite-des-instructions-pour-accelerer-le-versement-de-la-prime-de-scolarite\\\/#article\",\"isPartOf\":{\"@id\":\"https:\\\/\\\/lasentinelle.dz\\\/index.php\\\/2025\\\/07\\\/14\\\/solidarite-des-instructions-pour-accelerer-le-versement-de-la-prime-de-scolarite\\\/\"},\"author\":{\"name\":\"admin\",\"@id\":\"https:\\\/\\\/lasentinelle.dz\\\/#\\\/schema\\\/person\\\/729ee0024f24e0b8c5ec17232f8e8b41\"},\"headline\":\"Solidarit\u00e9: Des instructions pour acc\u00e9l\u00e9rer le versement de la prime de scolarit\u00e9\",\"datePublished\":\"2025-07-14T10:38:00+00:00\",\"dateModified\":\"2025-07-14T11:00:06+00:00\",\"mainEntityOfPage\":{\"@id\":\"https:\\\/\\\/lasentinelle.dz\\\/index.php\\\/2025\\\/07\\\/14\\\/solidarite-des-instructions-pour-accelerer-le-versement-de-la-prime-de-scolarite\\\/\"},\"wordCount\":380,\"commentCount\":0,\"publisher\":{\"@id\":\"https:\\\/\\\/lasentinelle.dz\\\/#organization\"},\"image\":{\"@id\":\"https:\\\/\\\/lasentinelle.dz\\\/index.php\\\/2025\\\/07\\\/14\\\/solidarite-des-instructions-pour-accelerer-le-versement-de-la-prime-de-scolarite\\\/#primaryimage\"},\"thumbnailUrl\":\"https:\\\/\\\/lasentinelle.dz\\\/wp-content\\\/uploads\\\/2025\\\/07\\\/506499710_1037458515227907_8304174465196636216_n.jpg\",\"articleSection\":[\"Actualit\u00e9\"],\"inLanguage\":\"fr-FR\",\"potentialAction\":[{\"@type\":\"CommentAction\",\"name\":\"Comment\",\"target\":[\"https:\\\/\\\/lasentinelle.dz\\\/index.php\\\/2025\\\/07\\\/14\\\/solidarite-des-instructions-pour-accelerer-le-versement-de-la-prime-de-scolarite\\\/#respond\"]}]},{\"@type\":\"WebPage\",\"@id\":\"https:\\\/\\\/lasentinelle.dz\\\/index.php\\\/2025\\\/07\\\/14\\\/solidarite-des-instructions-pour-accelerer-le-versement-de-la-prime-de-scolarite\\\/\",\"url\":\"https:\\\/\\\/lasentinelle.dz\\\/index.php\\\/2025\\\/07\\\/14\\\/solidarite-des-instructions-pour-accelerer-le-versement-de-la-prime-de-scolarite\\\/\",\"name\":\"Solidarit\u00e9: Des instructions pour acc\u00e9l\u00e9rer le versement de la prime de scolarit\u00e9 - La Sentinelle\",\"isPartOf\":{\"@id\":\"https:\\\/\\\/lasentinelle.dz\\\/#website\"},\"primaryImageOfPage\":{\"@id\":\"https:\\\/\\\/lasentinelle.dz\\\/index.php\\\/2025\\\/07\\\/14\\\/solidarite-des-instructions-pour-accelerer-le-versement-de-la-prime-de-scolarite\\\/#primaryimage\"},\"image\":{\"@id\":\"https:\\\/\\\/lasentinelle.dz\\\/index.php\\\/2025\\\/07\\\/14\\\/solidarite-des-instructions-pour-accelerer-le-versement-de-la-prime-de-scolarite\\\/#primaryimage\"},\"thumbnailUrl\":\"https:\\\/\\\/lasentinelle.dz\\\/wp-content\\\/uploads\\\/2025\\\/07\\\/506499710_1037458515227907_8304174465196636216_n.jpg\",\"datePublished\":\"2025-07-14T10:38:00+00:00\",\"dateModified\":\"2025-07-14T11:00:06+00:00\",\"breadcrumb\":{\"@id\":\"https:\\\/\\\/lasentinelle.dz\\\/index.php\\\/2025\\\/07\\\/14\\\/solidarite-des-instructions-pour-accelerer-le-versement-de-la-prime-de-scolarite\\\/#breadcrumb\"},\"inLanguage\":\"fr-FR\",\"potentialAction\":[{\"@type\":\"ReadAction\",\"target\":[\"https:\\\/\\\/lasentinelle.dz\\\/index.php\\\/2025\\\/07\\\/14\\\/solidarite-des-instructions-pour-accelerer-le-versement-de-la-prime-de-scolarite\\\/\"]}]},{\"@type\":\"ImageObject\",\"inLanguage\":\"fr-FR\",\"@id\":\"https:\\\/\\\/lasentinelle.dz\\\/index.php\\\/2025\\\/07\\\/14\\\/solidarite-des-instructions-pour-accelerer-le-versement-de-la-prime-de-scolarite\\\/#primaryimage\",\"url\":\"https:\\\/\\\/lasentinelle.dz\\\/wp-content\\\/uploads\\\/2025\\\/07\\\/506499710_1037458515227907_8304174465196636216_n.jpg\",\"contentUrl\":\"https:\\\/\\\/lasentinelle.dz\\\/wp-content\\\/uploads\\\/2025\\\/07\\\/506499710_1037458515227907_8304174465196636216_n.jpg\",\"width\":2048,\"height\":1152},{\"@type\":\"BreadcrumbList\",\"@id\":\"https:\\\/\\\/lasentinelle.dz\\\/index.php\\\/2025\\\/07\\\/14\\\/solidarite-des-instructions-pour-accelerer-le-versement-de-la-prime-de-scolarite\\\/#breadcrumb\",\"itemListElement\":[{\"@type\":\"ListItem\",\"position\":1,\"name\":\"Accueil\",\"item\":\"https:\\\/\\\/lasentinelle.dz\\\/\"},{\"@type\":\"ListItem\",\"position\":2,\"name\":\"Solidarit\u00e9: Des instructions pour acc\u00e9l\u00e9rer le versement de la prime de scolarit\u00e9\"}]},{\"@type\":\"WebSite\",\"@id\":\"https:\\\/\\\/lasentinelle.dz\\\/#website\",\"url\":\"https:\\\/\\\/lasentinelle.dz\\\/\",\"name\":\"La Sentinelle\",\"description\":\"Quotidien national d&#039;information\",\"publisher\":{\"@id\":\"https:\\\/\\\/lasentinelle.dz\\\/#organization\"},\"potentialAction\":[{\"@type\":\"SearchAction\",\"target\":{\"@type\":\"EntryPoint\",\"urlTemplate\":\"https:\\\/\\\/lasentinelle.dz\\\/?s={search_term_string}\"},\"query-input\":{\"@type\":\"PropertyValueSpecification\",\"valueRequired\":true,\"valueName\":\"search_term_string\"}}],\"inLanguage\":\"fr-FR\"},{\"@type\":\"Organization\",\"@id\":\"https:\\\/\\\/lasentinelle.dz\\\/#organization\",\"name\":\"Quotidien La Sentinelle\",\"url\":\"https:\\\/\\\/lasentinelle.dz\\\/\",\"logo\":{\"@type\":\"ImageObject\",\"inLanguage\":\"fr-FR\",\"@id\":\"https:\\\/\\\/lasentinelle.dz\\\/#\\\/schema\\\/logo\\\/image\\\/\",\"url\":\"https:\\\/\\\/lasentinelle.dz\\\/wp-content\\\/uploads\\\/2021\\\/09\\\/logo-sentinelleSLOGAN-1.png\",\"contentUrl\":\"https:\\\/\\\/lasentinelle.dz\\\/wp-content\\\/uploads\\\/2021\\\/09\\\/logo-sentinelleSLOGAN-1.png\",\"width\":615,\"height\":142,\"caption\":\"Quotidien La Sentinelle\"},\"image\":{\"@id\":\"https:\\\/\\\/lasentinelle.dz\\\/#\\\/schema\\\/logo\\\/image\\\/\"},\"sameAs\":[\"https:\\\/\\\/www.facebook.com\\\/La-Sentinelle-104059864394773\"]},{\"@type\":\"Person\",\"@id\":\"https:\\\/\\\/lasentinelle.dz\\\/#\\\/schema\\\/person\\\/729ee0024f24e0b8c5ec17232f8e8b41\",\"name\":\"admin\",\"image\":{\"@type\":\"ImageObject\",\"inLanguage\":\"fr-FR\",\"@id\":\"https:\\\/\\\/secure.gravatar.com\\\/avatar\\\/4c81fed838786e9b53f540bf46533e750f5d292099ae3b66cfc6fb1982e29df7?s=96&d=mm&r=g\",\"url\":\"https:\\\/\\\/secure.gravatar.com\\\/avatar\\\/4c81fed838786e9b53f540bf46533e750f5d292099ae3b66cfc6fb1982e29df7?s=96&d=mm&r=g\",\"contentUrl\":\"https:\\\/\\\/secure.gravatar.com\\\/avatar\\\/4c81fed838786e9b53f540bf46533e750f5d292099ae3b66cfc6fb1982e29df7?s=96&d=mm&r=g\",\"caption\":\"admin\"},\"description\":\"admin\",\"url\":\"https:\\\/\\\/lasentinelle.dz\\\/author\\\/admin\\\/\"}]}<\/script>\n<!-- \/ Yoast SEO plugin. -->","yoast_head_json":{"title":"Solidarit\u00e9: Des instructions pour acc\u00e9l\u00e9rer le versement de la prime de scolarit\u00e9 - La Sentinelle","robots":{"index":"index","follow":"follow","max-snippet":"max-snippet:-1","max-image-preview":"max-image-preview:large","max-video-preview":"max-video-preview:-1"},"canonical":"https:\/\/lasentinelle.dz\/index.php\/2025\/07\/14\/solidarite-des-instructions-pour-accelerer-le-versement-de-la-prime-de-scolarite\/","og_locale":"fr_FR","og_type":"article","og_title":"Solidarit\u00e9: Des instructions pour acc\u00e9l\u00e9rer le versement de la prime de scolarit\u00e9 - La Sentinelle","og_description":"La ministre de la Solidarit\u00e9 nationale, de la Famille et de la Condition de la femme, Soraya Mouloudji, a pr\u00e9sid\u00e9","og_url":"https:\/\/lasentinelle.dz\/index.php\/2025\/07\/14\/solidarite-des-instructions-pour-accelerer-le-versement-de-la-prime-de-scolarite\/","og_site_name":"La Sentinelle","article_publisher":"https:\/\/www.facebook.com\/La-Sentinelle-104059864394773","article_published_time":"2025-07-14T10:38:00+00:00","article_modified_time":"2025-07-14T11:00:06+00:00","og_image":[{"width":2048,"height":1152,"url":"https:\/\/lasentinelle.dz\/wp-content\/uploads\/2025\/07\/506499710_1037458515227907_8304174465196636216_n.jpg","type":"image\/jpeg"}],"author":"admin","twitter_card":"summary_large_image","twitter_misc":{"\u00c9crit par":"admin","Dur\u00e9e de lecture estim\u00e9e":"2 minutes"},"schema":{"@context":"https:\/\/schema.org","@graph":[{"@type":"Article","@id":"https:\/\/lasentinelle.dz\/index.php\/2025\/07\/14\/solidarite-des-instructions-pour-accelerer-le-versement-de-la-prime-de-scolarite\/#article","isPartOf":{"@id":"https:\/\/lasentinelle.dz\/index.php\/2025\/07\/14\/solidarite-des-instructions-pour-accelerer-le-versement-de-la-prime-de-scolarite\/"},"author":{"name":"admin","@id":"https:\/\/lasentinelle.dz\/#\/schema\/person\/729ee0024f24e0b8c5ec17232f8e8b41"},"headline":"Solidarit\u00e9: Des instructions pour acc\u00e9l\u00e9rer le versement de la prime de scolarit\u00e9","datePublished":"2025-07-14T10:38:00+00:00","dateModified":"2025-07-14T11:00:06+00:00","mainEntityOfPage":{"@id":"https:\/\/lasentinelle.dz\/index.php\/2025\/07\/14\/solidarite-des-instructions-pour-accelerer-le-versement-de-la-prime-de-scolarite\/"},"wordCount":380,"commentCount":0,"publisher":{"@id":"https:\/\/lasentinelle.dz\/#organization"},"image":{"@id":"https:\/\/lasentinelle.dz\/index.php\/2025\/07\/14\/solidarite-des-instructions-pour-accelerer-le-versement-de-la-prime-de-scolarite\/#primaryimage"},"thumbnailUrl":"https:\/\/lasentinelle.dz\/wp-content\/uploads\/2025\/07\/506499710_1037458515227907_8304174465196636216_n.jpg","articleSection":["Actualit\u00e9"],"inLanguage":"fr-FR","potentialAction":[{"@type":"CommentAction","name":"Comment","target":["https:\/\/lasentinelle.dz\/index.php\/2025\/07\/14\/solidarite-des-instructions-pour-accelerer-le-versement-de-la-prime-de-scolarite\/#respond"]}]},{"@type":"WebPage","@id":"https:\/\/lasentinelle.dz\/index.php\/2025\/07\/14\/solidarite-des-instructions-pour-accelerer-le-versement-de-la-prime-de-scolarite\/","url":"https:\/\/lasentinelle.dz\/index.php\/2025\/07\/14\/solidarite-des-instructions-pour-accelerer-le-versement-de-la-prime-de-scolarite\/","name":"Solidarit\u00e9: Des instructions pour acc\u00e9l\u00e9rer le versement de la prime de scolarit\u00e9 - La Sentinelle","isPartOf":{"@id":"https:\/\/lasentinelle.dz\/#website"},"primaryImageOfPage":{"@id":"https:\/\/lasentinelle.dz\/index.php\/2025\/07\/14\/solidarite-des-instructions-pour-accelerer-le-versement-de-la-prime-de-scolarite\/#primaryimage"},"image":{"@id":"https:\/\/lasentinelle.dz\/index.php\/2025\/07\/14\/solidarite-des-instructions-pour-accelerer-le-versement-de-la-prime-de-scolarite\/#primaryimage"},"thumbnailUrl":"https:\/\/lasentinelle.dz\/wp-content\/uploads\/2025\/07\/506499710_1037458515227907_8304174465196636216_n.jpg","datePublished":"2025-07-14T10:38:00+00:00","dateModified":"2025-07-14T11:00:06+00:00","breadcrumb":{"@id":"https:\/\/lasentinelle.dz\/index.php\/2025\/07\/14\/solidarite-des-instructions-pour-accelerer-le-versement-de-la-prime-de-scolarite\/#breadcrumb"},"inLanguage":"fr-FR","potentialAction":[{"@type":"ReadAction","target":["https:\/\/lasentinelle.dz\/index.php\/2025\/07\/14\/solidarite-des-instructions-pour-accelerer-le-versement-de-la-prime-de-scolarite\/"]}]},{"@type":"ImageObject","inLanguage":"fr-FR","@id":"https:\/\/lasentinelle.dz\/index.php\/2025\/07\/14\/solidarite-des-instructions-pour-accelerer-le-versement-de-la-prime-de-scolarite\/#primaryimage","url":"https:\/\/lasentinelle.dz\/wp-content\/uploads\/2025\/07\/506499710_1037458515227907_8304174465196636216_n.jpg","contentUrl":"https:\/\/lasentinelle.dz\/wp-content\/uploads\/2025\/07\/506499710_1037458515227907_8304174465196636216_n.jpg","width":2048,"height":1152},{"@type":"BreadcrumbList","@id":"https:\/\/lasentinelle.dz\/index.php\/2025\/07\/14\/solidarite-des-instructions-pour-accelerer-le-versement-de-la-prime-de-scolarite\/#breadcrumb","itemListElement":[{"@type":"ListItem","position":1,"name":"Accueil","item":"https:\/\/lasentinelle.dz\/"},{"@type":"ListItem","position":2,"name":"Solidarit\u00e9: Des instructions pour acc\u00e9l\u00e9rer le versement de la prime de scolarit\u00e9"}]},{"@type":"WebSite","@id":"https:\/\/lasentinelle.dz\/#website","url":"https:\/\/lasentinelle.dz\/","name":"La Sentinelle","description":"Quotidien national d&#039;information","publisher":{"@id":"https:\/\/lasentinelle.dz\/#organization"},"potentialAction":[{"@type":"SearchAction","target":{"@type":"EntryPoint","urlTemplate":"https:\/\/lasentinelle.dz\/?s={search_term_string}"},"query-input":{"@type":"PropertyValueSpecification","valueRequired":true,"valueName":"search_term_string"}}],"inLanguage":"fr-FR"},{"@type":"Organization","@id":"https:\/\/lasentinelle.dz\/#organization","name":"Quotidien La Sentinelle","url":"https:\/\/lasentinelle.dz\/","logo":{"@type":"ImageObject","inLanguage":"fr-FR","@id":"https:\/\/lasentinelle.dz\/#\/schema\/logo\/image\/","url":"https:\/\/lasentinelle.dz\/wp-content\/uploads\/2021\/09\/logo-sentinelleSLOGAN-1.png","contentUrl":"https:\/\/lasentinelle.dz\/wp-content\/uploads\/2021\/09\/logo-sentinelleSLOGAN-1.png","width":615,"height":142,"caption":"Quotidien La Sentinelle"},"image":{"@id":"https:\/\/lasentinelle.dz\/#\/schema\/logo\/image\/"},"sameAs":["https:\/\/www.facebook.com\/La-Sentinelle-104059864394773"]},{"@type":"Person","@id":"https:\/\/lasentinelle.dz\/#\/schema\/person\/729ee0024f24e0b8c5ec17232f8e8b41","name":"admin","image":{"@type":"ImageObject","inLanguage":"fr-FR","@id":"https:\/\/secure.gravatar.com\/avatar\/4c81fed838786e9b53f540bf46533e750f5d292099ae3b66cfc6fb1982e29df7?s=96&d=mm&r=g","url":"https:\/\/secure.gravatar.com\/avatar\/4c81fed838786e9b53f540bf46533e750f5d292099ae3b66cfc6fb1982e29df7?s=96&d=mm&r=g","contentUrl":"https:\/\/secure.gravatar.com\/avatar\/4c81fed838786e9b53f540bf46533e750f5d292099ae3b66cfc6fb1982e29df7?s=96&d=mm&r=g","caption":"admin"},"description":"admin","url":"https:\/\/lasentinelle.dz\/author\/admin\/"}]}},"_links":{"self":[{"href":"https:\/\/lasentinelle.dz\/index.php\/wp-json\/wp\/v2\/posts\/70311","targetHints":{"allow":["GET"]}}],"collection":[{"href":"https:\/\/lasentinelle.dz\/index.php\/wp-json\/wp\/v2\/posts"}],"about":[{"href":"https:\/\/lasentinelle.dz\/index.php\/wp-json\/wp\/v2\/types\/post"}],"author":[{"embeddable":true,"href":"https:\/\/lasentinelle.dz\/index.php\/wp-json\/wp\/v2\/users\/6"}],"replies":[{"embeddable":true,"href":"https:\/\/lasentinelle.dz\/index.php\/wp-json\/wp\/v2\/comments?post=70311"}],"version-history":[{"count":1,"href":"https:\/\/lasentinelle.dz\/index.php\/wp-json\/wp\/v2\/posts\/70311\/revisions"}],"predecessor-version":[{"id":70313,"href":"https:\/\/lasentinelle.dz\/index.php\/wp-json\/wp\/v2\/posts\/70311\/revisions\/70313"}],"wp:featuredmedia":[{"embeddable":true,"href":"https:\/\/lasentinelle.dz\/index.php\/wp-json\/wp\/v2\/media\/70312"}],"wp:attachment":[{"href":"https:\/\/lasentinelle.dz\/index.php\/wp-json\/wp\/v2\/media?parent=70311"}],"wp:term":[{"taxonomy":"category","embeddable":true,"href":"https:\/\/lasentinelle.dz\/index.php\/wp-json\/wp\/v2\/categories?post=70311"},{"taxonomy":"post_tag","embeddable":true,"href":"https:\/\/lasentinelle.dz\/index.php\/wp-json\/wp\/v2\/tags?post=70311"}],"curies":[{"name":"wp","href":"https:\/\/api.w.org\/{rel}","templated":true}]}}