{"id":70363,"date":"2025-07-15T12:16:46","date_gmt":"2025-07-15T11:16:46","guid":{"rendered":"https:\/\/lasentinelle.dz\/?p=70363"},"modified":"2025-07-15T12:16:47","modified_gmt":"2025-07-15T11:16:47","slug":"les-vertes-ecrivent-lhistoire","status":"publish","type":"post","link":"https:\/\/lasentinelle.dz\/index.php\/2025\/07\/15\/les-vertes-ecrivent-lhistoire\/","title":{"rendered":"Les Vertes \u00e9crivent l&rsquo;histoire"},"content":{"rendered":"\n<p>Au stade Larbi Zaouli de Casablanca, la s\u00e9lection nationale f\u00e9minine a v\u00e9cu dimanche soir l&rsquo;une des soir\u00e9es les plus m\u00e9morables de son histoire footballistique.<\/p>\n\n\n\n<p>Face au Nigeria, redoutable g\u00e9ant du football f\u00e9minin africain, les prot\u00e9g\u00e9es de Farid Benstiti ont d\u00e9croch\u00e9 le point salvateur gr\u00e2ce \u00e0 un nul (0-0) qui leur ouvre pour la premi\u00e8re fois les portes des quarts de finale de la Coupe d&rsquo;Afrique des Nations. Un exploit retentissant qui brise enfin la mal\u00e9diction des cinq pr\u00e9c\u00e9dentes participations o\u00f9 les Vertes n&rsquo;avaient jamais franchi le cap du premier tour, s&rsquo;arr\u00eatant syst\u00e9matiquement aux portes de la qualification lors des \u00e9ditions 2004, 2006, 2010, 2014 et 2018.<\/p>\n\n\n\n<p>Cette qualification historique s&rsquo;est construite sur un match h\u00e9ro\u00efque o\u00f9 l&rsquo;Alg\u00e9rie, loin d&rsquo;\u00eatre favorite face aux Super Falcons d\u00e9j\u00e0 qualifi\u00e9es, a d\u00e9ploy\u00e9 des tr\u00e9sors de courage et de discipline tactique. Les Nig\u00e9rianes ont certes confisqu\u00e9 le ballon et multipli\u00e9 les occasions, mais c&rsquo;est bien l&rsquo;\u00e9quipe la plus valeureuse qui a dict\u00e9 le tempo de cette rencontre \u00e0 suspense. Malmen\u00e9es, parfois accul\u00e9es dans leur camp, les Fennecs ont tenu bon jusqu&rsquo;au coup de sifflet final lib\u00e9rateur, port\u00e9es par une d\u00e9fense de fer et une gardienne en \u00e9tat de gr\u00e2ce. Chlo\u00e9 N&rsquo;Gazi, la porti\u00e8re franco-alg\u00e9rienne, a \u00e9t\u00e9 l&rsquo;h\u00e9ro\u00efne de cette soir\u00e9e magique. Magistrale tout au long de la rencontre, elle a notamment r\u00e9alis\u00e9 un arr\u00eat d\u00e9cisif dans le temps additionnel, s&rsquo;envolant pour repousser une t\u00eate puissante d&rsquo;Esther Okoronkwo. Cette parade spectaculaire a scell\u00e9 le pr\u00e9cieux nul, anecdotique pour des Nig\u00e9rianes d\u00e9j\u00e0 assur\u00e9es de leur qualification mais inestimable pour une Alg\u00e9rie qui voyait enfin s&rsquo;ouvrir les portes des quarts de finale.<\/p>\n\n\n\n<p>Le sc\u00e9nario parfait s&rsquo;est compl\u00e9t\u00e9 avec la victoire surprise du Botswana face \u00e0 la Tunisie (2-1), un r\u00e9sultat qui validait d\u00e9finitivement la qualification alg\u00e9rienne. Avec cinq points au compteur, les Vertes terminent \u00e0 la deuxi\u00e8me place du groupe B, derri\u00e8re le Nigeria leader avec sept points, mais devant le Botswana (quatre points) et la Tunisie qui ferme la marche avec un seul point. Cette deuxi\u00e8me place repr\u00e9sente un v\u00e9ritable exploit pour une \u00e9quipe qui a su construire sa qualification sur la rigueur d\u00e9fensive et la solidarit\u00e9 collective.<\/p>\n\n\n\n<p>Du c\u00f4t\u00e9 nig\u00e9rian, le s\u00e9lectionneur Justin Madugu avait choisi de faire tourner son effectif sans pour autant rogner sur l&rsquo;ambition. Rasheedat Ajibade, Francisca Ordega ou encore Okoronkwo ont bien tent\u00e9 d&rsquo;ouvrir la marque, mais le verrou alg\u00e9rien n&rsquo;a jamais c\u00e9d\u00e9. \u00ab\u00a0Chaque match nous apporte une le\u00e7on\u00a0\u00bb, a reconnu Madugu apr\u00e8s la rencontre. \u00ab\u00a0On a fait tourner, on n&rsquo;a pas encaiss\u00e9, mais on a aussi vu qu&rsquo;il faut savoir forcer la d\u00e9cision quand le match se ferme.\u00a0\u00bb Une le\u00e7on de r\u00e9alisme pour les Super Falcons qui, malgr\u00e9 leur domination st\u00e9rile, n&rsquo;ont pas r\u00e9ussi \u00e0 percer la muraille verte. C\u00f4t\u00e9 alg\u00e9rien, la joie \u00e9tait immense et communicative. Farid Benstiti, qui n&rsquo;a jamais cess\u00e9 de croire en ce groupe rajeuni et largement remodel\u00e9, a salu\u00e9 la performance exceptionnelle de ses joueuses avec des mots empreints d&rsquo;\u00e9motion : \u00ab\u00a0On savait que pour tenir le Nigeria, il fallait un match parfait d\u00e9fensivement. Elles ont \u00e9t\u00e9 solidaires, intelligentes, pleines de c\u0153ur.\u00a0\u00bb Ces mots r\u00e9sument parfaitement l&rsquo;esprit qui a anim\u00e9 cette \u00e9quipe alg\u00e9rienne tout au long de ce tournoi continental organis\u00e9 au Maroc.<\/p>\n\n\n\n<p>\u00c0 l&rsquo;image de leur parcours remarquable dans ce groupe B, les Fennecs ont construit leur qualification historique sur des bases solides : la rigueur d\u00e9fensive, la solidarit\u00e9 collective et une progression tactique \u00e9vidente. Pas de feu d&rsquo;artifice offensif spectaculaire, mais une vraie mont\u00e9e en puissance, des vertus mentales affirm\u00e9es et une identit\u00e9 retrouv\u00e9e qui augure bien de la suite de l&rsquo;aventure. Apr\u00e8s avoir battu le Botswana (1-0) lors du match d&rsquo;ouverture et tenu en \u00e9chec la Tunisie (0-0) lors de la deuxi\u00e8me journ\u00e9e, les Vertes ont confirm\u00e9 leur progression constante face \u00e0 la r\u00e9f\u00e9rence continentale.<\/p>\n\n\n\n<p>Les joueuses de Benstiti conna\u00eetront leur adversaire en quarts de finale vendredi prochain \u00e0 17h00, au terme des matchs du groupe C qui r\u00e9unit l&rsquo;Afrique du Sud tenante du titre, le Mali, la Tanzanie et le Ghana. Une \u00e9ch\u00e9ance qui s&rsquo;annonce passionnante pour une \u00e9quipe alg\u00e9rienne qui a prouv\u00e9 qu&rsquo;elle n&rsquo;avait plus rien \u00e0 envier aux meilleures formations du continent. Dans ce tournoi continental qui r\u00e9unit douze pays r\u00e9partis en trois groupes de quatre \u00e9quipes, o\u00f9 les deux premiers de chaque groupe ainsi que les deux meilleurs troisi\u00e8mes se qualifient pour les quarts de finale pr\u00e9vus les 18 et 19 juillet, l&rsquo;Alg\u00e9rie a enfin trouv\u00e9 sa place parmi l&rsquo;\u00e9lite africaine. Une page d&rsquo;histoire qui s&rsquo;\u00e9crit en lettres d&rsquo;or dans les annales du football f\u00e9minin alg\u00e9rien.<\/p>\n\n\n\n<p>Moncef Dahleb<\/p>\n","protected":false},"excerpt":{"rendered":"<p>Au stade Larbi Zaouli de Casablanca, la s\u00e9lection nationale f\u00e9minine a v\u00e9cu dimanche soir l&rsquo;une des soir\u00e9es les plus m\u00e9morables<\/p>\n","protected":false},"author":6,"featured_media":70364,"comment_status":"open","ping_status":"closed","sticky":false,"template":"","format":"standard","meta":{"colormag_page_container_layout":"default_layout","colormag_page_sidebar_layout":"default_layout","om_disable_all_campaigns":false,"_monsterinsights_skip_tracking":false,"_monsterinsights_sitenote_active":false,"_monsterinsights_sitenote_note":"","_monsterinsights_sitenote_category":0,"footnotes":"","_wpscppro_dont_share_socialmedia":false,"_wpscppro_custom_social_share_image":0,"_facebook_share_type":"default","_twitter_share_type":"default","_linkedin_share_type":"default","_pinterest_share_type":"default","_linkedin_share_type_page":"","_instagram_share_type":"default","_medium_share_type":"default","_threads_share_type":"","_google_business_share_type":"","_selected_social_profile":[],"_wpsp_enable_custom_social_template":false,"_wpsp_social_scheduling":{"enabled":false,"datetime":null,"platforms":[],"status":"template_only","dateOption":"today","timeOption":"now","customDays":"","customHours":"","customDate":"","customTime":"","schedulingType":"absolute"},"_wpsp_active_default_template":true},"categories":[52,33],"tags":[],"class_list":["post-70363","post","type-post","status-publish","format-standard","has-post-thumbnail","hentry","category-a-la-une","category-sports"],"aioseo_notices":[],"yoast_head":"<!-- This site is optimized with the Yoast SEO plugin v27.5 - https:\/\/yoast.com\/product\/yoast-seo-wordpress\/ -->\n<title>Les Vertes \u00e9crivent l&rsquo;histoire - La Sentinelle<\/title>\n<meta name=\"robots\" content=\"index, follow, max-snippet:-1, max-image-preview:large, max-video-preview:-1\" \/>\n<link rel=\"canonical\" href=\"https:\/\/lasentinelle.dz\/index.php\/2025\/07\/15\/les-vertes-ecrivent-lhistoire\/\" \/>\n<meta property=\"og:locale\" content=\"fr_FR\" \/>\n<meta property=\"og:type\" content=\"article\" \/>\n<meta property=\"og:title\" content=\"Les Vertes \u00e9crivent l&rsquo;histoire - La Sentinelle\" \/>\n<meta property=\"og:description\" content=\"Au stade Larbi Zaouli de Casablanca, la s\u00e9lection nationale f\u00e9minine a v\u00e9cu dimanche soir l&rsquo;une des soir\u00e9es les plus m\u00e9morables\" \/>\n<meta property=\"og:url\" content=\"https:\/\/lasentinelle.dz\/index.php\/2025\/07\/15\/les-vertes-ecrivent-lhistoire\/\" \/>\n<meta property=\"og:site_name\" content=\"La Sentinelle\" \/>\n<meta property=\"article:publisher\" content=\"https:\/\/www.facebook.com\/La-Sentinelle-104059864394773\" \/>\n<meta property=\"article:published_time\" content=\"2025-07-15T11:16:46+00:00\" \/>\n<meta property=\"article:modified_time\" content=\"2025-07-15T11:16:47+00:00\" \/>\n<meta property=\"og:image\" content=\"https:\/\/lasentinelle.dz\/wp-content\/uploads\/2025\/07\/dames.webp\" \/>\n\t<meta property=\"og:image:width\" content=\"1320\" \/>\n\t<meta property=\"og:image:height\" content=\"1164\" \/>\n\t<meta property=\"og:image:type\" content=\"image\/webp\" \/>\n<meta name=\"author\" content=\"admin\" \/>\n<meta name=\"twitter:card\" content=\"summary_large_image\" \/>\n<meta name=\"twitter:label1\" content=\"\u00c9crit par\" \/>\n\t<meta name=\"twitter:data1\" content=\"admin\" \/>\n\t<meta name=\"twitter:label2\" content=\"Dur\u00e9e de lecture estim\u00e9e\" \/>\n\t<meta name=\"twitter:data2\" content=\"5 minutes\" \/>\n<script type=\"application\/ld+json\" class=\"yoast-schema-graph\">{\"@context\":\"https:\\\/\\\/schema.org\",\"@graph\":[{\"@type\":\"Article\",\"@id\":\"https:\\\/\\\/lasentinelle.dz\\\/index.php\\\/2025\\\/07\\\/15\\\/les-vertes-ecrivent-lhistoire\\\/#article\",\"isPartOf\":{\"@id\":\"https:\\\/\\\/lasentinelle.dz\\\/index.php\\\/2025\\\/07\\\/15\\\/les-vertes-ecrivent-lhistoire\\\/\"},\"author\":{\"name\":\"admin\",\"@id\":\"https:\\\/\\\/lasentinelle.dz\\\/#\\\/schema\\\/person\\\/729ee0024f24e0b8c5ec17232f8e8b41\"},\"headline\":\"Les Vertes \u00e9crivent l&rsquo;histoire\",\"datePublished\":\"2025-07-15T11:16:46+00:00\",\"dateModified\":\"2025-07-15T11:16:47+00:00\",\"mainEntityOfPage\":{\"@id\":\"https:\\\/\\\/lasentinelle.dz\\\/index.php\\\/2025\\\/07\\\/15\\\/les-vertes-ecrivent-lhistoire\\\/\"},\"wordCount\":869,\"commentCount\":0,\"publisher\":{\"@id\":\"https:\\\/\\\/lasentinelle.dz\\\/#organization\"},\"image\":{\"@id\":\"https:\\\/\\\/lasentinelle.dz\\\/index.php\\\/2025\\\/07\\\/15\\\/les-vertes-ecrivent-lhistoire\\\/#primaryimage\"},\"thumbnailUrl\":\"https:\\\/\\\/lasentinelle.dz\\\/wp-content\\\/uploads\\\/2025\\\/07\\\/dames.webp\",\"articleSection\":[\"\u00c0 la Une\",\"Sports\"],\"inLanguage\":\"fr-FR\",\"potentialAction\":[{\"@type\":\"CommentAction\",\"name\":\"Comment\",\"target\":[\"https:\\\/\\\/lasentinelle.dz\\\/index.php\\\/2025\\\/07\\\/15\\\/les-vertes-ecrivent-lhistoire\\\/#respond\"]}]},{\"@type\":\"WebPage\",\"@id\":\"https:\\\/\\\/lasentinelle.dz\\\/index.php\\\/2025\\\/07\\\/15\\\/les-vertes-ecrivent-lhistoire\\\/\",\"url\":\"https:\\\/\\\/lasentinelle.dz\\\/index.php\\\/2025\\\/07\\\/15\\\/les-vertes-ecrivent-lhistoire\\\/\",\"name\":\"Les Vertes \u00e9crivent l&rsquo;histoire - La Sentinelle\",\"isPartOf\":{\"@id\":\"https:\\\/\\\/lasentinelle.dz\\\/#website\"},\"primaryImageOfPage\":{\"@id\":\"https:\\\/\\\/lasentinelle.dz\\\/index.php\\\/2025\\\/07\\\/15\\\/les-vertes-ecrivent-lhistoire\\\/#primaryimage\"},\"image\":{\"@id\":\"https:\\\/\\\/lasentinelle.dz\\\/index.php\\\/2025\\\/07\\\/15\\\/les-vertes-ecrivent-lhistoire\\\/#primaryimage\"},\"thumbnailUrl\":\"https:\\\/\\\/lasentinelle.dz\\\/wp-content\\\/uploads\\\/2025\\\/07\\\/dames.webp\",\"datePublished\":\"2025-07-15T11:16:46+00:00\",\"dateModified\":\"2025-07-15T11:16:47+00:00\",\"breadcrumb\":{\"@id\":\"https:\\\/\\\/lasentinelle.dz\\\/index.php\\\/2025\\\/07\\\/15\\\/les-vertes-ecrivent-lhistoire\\\/#breadcrumb\"},\"inLanguage\":\"fr-FR\",\"potentialAction\":[{\"@type\":\"ReadAction\",\"target\":[\"https:\\\/\\\/lasentinelle.dz\\\/index.php\\\/2025\\\/07\\\/15\\\/les-vertes-ecrivent-lhistoire\\\/\"]}]},{\"@type\":\"ImageObject\",\"inLanguage\":\"fr-FR\",\"@id\":\"https:\\\/\\\/lasentinelle.dz\\\/index.php\\\/2025\\\/07\\\/15\\\/les-vertes-ecrivent-lhistoire\\\/#primaryimage\",\"url\":\"https:\\\/\\\/lasentinelle.dz\\\/wp-content\\\/uploads\\\/2025\\\/07\\\/dames.webp\",\"contentUrl\":\"https:\\\/\\\/lasentinelle.dz\\\/wp-content\\\/uploads\\\/2025\\\/07\\\/dames.webp\",\"width\":1320,\"height\":1164},{\"@type\":\"BreadcrumbList\",\"@id\":\"https:\\\/\\\/lasentinelle.dz\\\/index.php\\\/2025\\\/07\\\/15\\\/les-vertes-ecrivent-lhistoire\\\/#breadcrumb\",\"itemListElement\":[{\"@type\":\"ListItem\",\"position\":1,\"name\":\"Accueil\",\"item\":\"https:\\\/\\\/lasentinelle.dz\\\/\"},{\"@type\":\"ListItem\",\"position\":2,\"name\":\"Les Vertes \u00e9crivent l&rsquo;histoire\"}]},{\"@type\":\"WebSite\",\"@id\":\"https:\\\/\\\/lasentinelle.dz\\\/#website\",\"url\":\"https:\\\/\\\/lasentinelle.dz\\\/\",\"name\":\"La Sentinelle\",\"description\":\"Quotidien national d&#039;information\",\"publisher\":{\"@id\":\"https:\\\/\\\/lasentinelle.dz\\\/#organization\"},\"potentialAction\":[{\"@type\":\"SearchAction\",\"target\":{\"@type\":\"EntryPoint\",\"urlTemplate\":\"https:\\\/\\\/lasentinelle.dz\\\/?s={search_term_string}\"},\"query-input\":{\"@type\":\"PropertyValueSpecification\",\"valueRequired\":true,\"valueName\":\"search_term_string\"}}],\"inLanguage\":\"fr-FR\"},{\"@type\":\"Organization\",\"@id\":\"https:\\\/\\\/lasentinelle.dz\\\/#organization\",\"name\":\"Quotidien La Sentinelle\",\"url\":\"https:\\\/\\\/lasentinelle.dz\\\/\",\"logo\":{\"@type\":\"ImageObject\",\"inLanguage\":\"fr-FR\",\"@id\":\"https:\\\/\\\/lasentinelle.dz\\\/#\\\/schema\\\/logo\\\/image\\\/\",\"url\":\"https:\\\/\\\/lasentinelle.dz\\\/wp-content\\\/uploads\\\/2021\\\/09\\\/logo-sentinelleSLOGAN-1.png\",\"contentUrl\":\"https:\\\/\\\/lasentinelle.dz\\\/wp-content\\\/uploads\\\/2021\\\/09\\\/logo-sentinelleSLOGAN-1.png\",\"width\":615,\"height\":142,\"caption\":\"Quotidien La Sentinelle\"},\"image\":{\"@id\":\"https:\\\/\\\/lasentinelle.dz\\\/#\\\/schema\\\/logo\\\/image\\\/\"},\"sameAs\":[\"https:\\\/\\\/www.facebook.com\\\/La-Sentinelle-104059864394773\"]},{\"@type\":\"Person\",\"@id\":\"https:\\\/\\\/lasentinelle.dz\\\/#\\\/schema\\\/person\\\/729ee0024f24e0b8c5ec17232f8e8b41\",\"name\":\"admin\",\"image\":{\"@type\":\"ImageObject\",\"inLanguage\":\"fr-FR\",\"@id\":\"https:\\\/\\\/secure.gravatar.com\\\/avatar\\\/4c81fed838786e9b53f540bf46533e750f5d292099ae3b66cfc6fb1982e29df7?s=96&d=mm&r=g\",\"url\":\"https:\\\/\\\/secure.gravatar.com\\\/avatar\\\/4c81fed838786e9b53f540bf46533e750f5d292099ae3b66cfc6fb1982e29df7?s=96&d=mm&r=g\",\"contentUrl\":\"https:\\\/\\\/secure.gravatar.com\\\/avatar\\\/4c81fed838786e9b53f540bf46533e750f5d292099ae3b66cfc6fb1982e29df7?s=96&d=mm&r=g\",\"caption\":\"admin\"},\"description\":\"admin\",\"url\":\"https:\\\/\\\/lasentinelle.dz\\\/author\\\/admin\\\/\"}]}<\/script>\n<!-- \/ Yoast SEO plugin. -->","yoast_head_json":{"title":"Les Vertes \u00e9crivent l&rsquo;histoire - La Sentinelle","robots":{"index":"index","follow":"follow","max-snippet":"max-snippet:-1","max-image-preview":"max-image-preview:large","max-video-preview":"max-video-preview:-1"},"canonical":"https:\/\/lasentinelle.dz\/index.php\/2025\/07\/15\/les-vertes-ecrivent-lhistoire\/","og_locale":"fr_FR","og_type":"article","og_title":"Les Vertes \u00e9crivent l&rsquo;histoire - La Sentinelle","og_description":"Au stade Larbi Zaouli de Casablanca, la s\u00e9lection nationale f\u00e9minine a v\u00e9cu dimanche soir l&rsquo;une des soir\u00e9es les plus m\u00e9morables","og_url":"https:\/\/lasentinelle.dz\/index.php\/2025\/07\/15\/les-vertes-ecrivent-lhistoire\/","og_site_name":"La Sentinelle","article_publisher":"https:\/\/www.facebook.com\/La-Sentinelle-104059864394773","article_published_time":"2025-07-15T11:16:46+00:00","article_modified_time":"2025-07-15T11:16:47+00:00","og_image":[{"width":1320,"height":1164,"url":"https:\/\/lasentinelle.dz\/wp-content\/uploads\/2025\/07\/dames.webp","type":"image\/webp"}],"author":"admin","twitter_card":"summary_large_image","twitter_misc":{"\u00c9crit par":"admin","Dur\u00e9e de lecture estim\u00e9e":"5 minutes"},"schema":{"@context":"https:\/\/schema.org","@graph":[{"@type":"Article","@id":"https:\/\/lasentinelle.dz\/index.php\/2025\/07\/15\/les-vertes-ecrivent-lhistoire\/#article","isPartOf":{"@id":"https:\/\/lasentinelle.dz\/index.php\/2025\/07\/15\/les-vertes-ecrivent-lhistoire\/"},"author":{"name":"admin","@id":"https:\/\/lasentinelle.dz\/#\/schema\/person\/729ee0024f24e0b8c5ec17232f8e8b41"},"headline":"Les Vertes \u00e9crivent l&rsquo;histoire","datePublished":"2025-07-15T11:16:46+00:00","dateModified":"2025-07-15T11:16:47+00:00","mainEntityOfPage":{"@id":"https:\/\/lasentinelle.dz\/index.php\/2025\/07\/15\/les-vertes-ecrivent-lhistoire\/"},"wordCount":869,"commentCount":0,"publisher":{"@id":"https:\/\/lasentinelle.dz\/#organization"},"image":{"@id":"https:\/\/lasentinelle.dz\/index.php\/2025\/07\/15\/les-vertes-ecrivent-lhistoire\/#primaryimage"},"thumbnailUrl":"https:\/\/lasentinelle.dz\/wp-content\/uploads\/2025\/07\/dames.webp","articleSection":["\u00c0 la Une","Sports"],"inLanguage":"fr-FR","potentialAction":[{"@type":"CommentAction","name":"Comment","target":["https:\/\/lasentinelle.dz\/index.php\/2025\/07\/15\/les-vertes-ecrivent-lhistoire\/#respond"]}]},{"@type":"WebPage","@id":"https:\/\/lasentinelle.dz\/index.php\/2025\/07\/15\/les-vertes-ecrivent-lhistoire\/","url":"https:\/\/lasentinelle.dz\/index.php\/2025\/07\/15\/les-vertes-ecrivent-lhistoire\/","name":"Les Vertes \u00e9crivent l&rsquo;histoire - La Sentinelle","isPartOf":{"@id":"https:\/\/lasentinelle.dz\/#website"},"primaryImageOfPage":{"@id":"https:\/\/lasentinelle.dz\/index.php\/2025\/07\/15\/les-vertes-ecrivent-lhistoire\/#primaryimage"},"image":{"@id":"https:\/\/lasentinelle.dz\/index.php\/2025\/07\/15\/les-vertes-ecrivent-lhistoire\/#primaryimage"},"thumbnailUrl":"https:\/\/lasentinelle.dz\/wp-content\/uploads\/2025\/07\/dames.webp","datePublished":"2025-07-15T11:16:46+00:00","dateModified":"2025-07-15T11:16:47+00:00","breadcrumb":{"@id":"https:\/\/lasentinelle.dz\/index.php\/2025\/07\/15\/les-vertes-ecrivent-lhistoire\/#breadcrumb"},"inLanguage":"fr-FR","potentialAction":[{"@type":"ReadAction","target":["https:\/\/lasentinelle.dz\/index.php\/2025\/07\/15\/les-vertes-ecrivent-lhistoire\/"]}]},{"@type":"ImageObject","inLanguage":"fr-FR","@id":"https:\/\/lasentinelle.dz\/index.php\/2025\/07\/15\/les-vertes-ecrivent-lhistoire\/#primaryimage","url":"https:\/\/lasentinelle.dz\/wp-content\/uploads\/2025\/07\/dames.webp","contentUrl":"https:\/\/lasentinelle.dz\/wp-content\/uploads\/2025\/07\/dames.webp","width":1320,"height":1164},{"@type":"BreadcrumbList","@id":"https:\/\/lasentinelle.dz\/index.php\/2025\/07\/15\/les-vertes-ecrivent-lhistoire\/#breadcrumb","itemListElement":[{"@type":"ListItem","position":1,"name":"Accueil","item":"https:\/\/lasentinelle.dz\/"},{"@type":"ListItem","position":2,"name":"Les Vertes \u00e9crivent l&rsquo;histoire"}]},{"@type":"WebSite","@id":"https:\/\/lasentinelle.dz\/#website","url":"https:\/\/lasentinelle.dz\/","name":"La Sentinelle","description":"Quotidien national d&#039;information","publisher":{"@id":"https:\/\/lasentinelle.dz\/#organization"},"potentialAction":[{"@type":"SearchAction","target":{"@type":"EntryPoint","urlTemplate":"https:\/\/lasentinelle.dz\/?s={search_term_string}"},"query-input":{"@type":"PropertyValueSpecification","valueRequired":true,"valueName":"search_term_string"}}],"inLanguage":"fr-FR"},{"@type":"Organization","@id":"https:\/\/lasentinelle.dz\/#organization","name":"Quotidien La Sentinelle","url":"https:\/\/lasentinelle.dz\/","logo":{"@type":"ImageObject","inLanguage":"fr-FR","@id":"https:\/\/lasentinelle.dz\/#\/schema\/logo\/image\/","url":"https:\/\/lasentinelle.dz\/wp-content\/uploads\/2021\/09\/logo-sentinelleSLOGAN-1.png","contentUrl":"https:\/\/lasentinelle.dz\/wp-content\/uploads\/2021\/09\/logo-sentinelleSLOGAN-1.png","width":615,"height":142,"caption":"Quotidien La Sentinelle"},"image":{"@id":"https:\/\/lasentinelle.dz\/#\/schema\/logo\/image\/"},"sameAs":["https:\/\/www.facebook.com\/La-Sentinelle-104059864394773"]},{"@type":"Person","@id":"https:\/\/lasentinelle.dz\/#\/schema\/person\/729ee0024f24e0b8c5ec17232f8e8b41","name":"admin","image":{"@type":"ImageObject","inLanguage":"fr-FR","@id":"https:\/\/secure.gravatar.com\/avatar\/4c81fed838786e9b53f540bf46533e750f5d292099ae3b66cfc6fb1982e29df7?s=96&d=mm&r=g","url":"https:\/\/secure.gravatar.com\/avatar\/4c81fed838786e9b53f540bf46533e750f5d292099ae3b66cfc6fb1982e29df7?s=96&d=mm&r=g","contentUrl":"https:\/\/secure.gravatar.com\/avatar\/4c81fed838786e9b53f540bf46533e750f5d292099ae3b66cfc6fb1982e29df7?s=96&d=mm&r=g","caption":"admin"},"description":"admin","url":"https:\/\/lasentinelle.dz\/author\/admin\/"}]}},"_links":{"self":[{"href":"https:\/\/lasentinelle.dz\/index.php\/wp-json\/wp\/v2\/posts\/70363","targetHints":{"allow":["GET"]}}],"collection":[{"href":"https:\/\/lasentinelle.dz\/index.php\/wp-json\/wp\/v2\/posts"}],"about":[{"href":"https:\/\/lasentinelle.dz\/index.php\/wp-json\/wp\/v2\/types\/post"}],"author":[{"embeddable":true,"href":"https:\/\/lasentinelle.dz\/index.php\/wp-json\/wp\/v2\/users\/6"}],"replies":[{"embeddable":true,"href":"https:\/\/lasentinelle.dz\/index.php\/wp-json\/wp\/v2\/comments?post=70363"}],"version-history":[{"count":2,"href":"https:\/\/lasentinelle.dz\/index.php\/wp-json\/wp\/v2\/posts\/70363\/revisions"}],"predecessor-version":[{"id":70366,"href":"https:\/\/lasentinelle.dz\/index.php\/wp-json\/wp\/v2\/posts\/70363\/revisions\/70366"}],"wp:featuredmedia":[{"embeddable":true,"href":"https:\/\/lasentinelle.dz\/index.php\/wp-json\/wp\/v2\/media\/70364"}],"wp:attachment":[{"href":"https:\/\/lasentinelle.dz\/index.php\/wp-json\/wp\/v2\/media?parent=70363"}],"wp:term":[{"taxonomy":"category","embeddable":true,"href":"https:\/\/lasentinelle.dz\/index.php\/wp-json\/wp\/v2\/categories?post=70363"},{"taxonomy":"post_tag","embeddable":true,"href":"https:\/\/lasentinelle.dz\/index.php\/wp-json\/wp\/v2\/tags?post=70363"}],"curies":[{"name":"wp","href":"https:\/\/api.w.org\/{rel}","templated":true}]}}