{"id":70373,"date":"2025-07-15T12:31:33","date_gmt":"2025-07-15T11:31:33","guid":{"rendered":"https:\/\/lasentinelle.dz\/?p=70373"},"modified":"2025-07-15T12:31:34","modified_gmt":"2025-07-15T11:31:34","slug":"fao-lavenir-alimentaire-au-mains-des-jeunes","status":"publish","type":"post","link":"https:\/\/lasentinelle.dz\/index.php\/2025\/07\/15\/fao-lavenir-alimentaire-au-mains-des-jeunes\/","title":{"rendered":"FAO: L&rsquo;avenir alimentaire au mains des jeunes"},"content":{"rendered":"\n<p>Ce sont 1,3 milliard de jeunes qui d\u00e9tiennent les cl\u00e9s de l&rsquo;avenir alimentaire mondial : c&rsquo;est le constat saisissant d&rsquo;un rapport de la FAO sur la situation des jeunes dans les syst\u00e8mes agroalimentaires. Cette g\u00e9n\u00e9ration, confront\u00e9e \u00e0 des d\u00e9fis sans pr\u00e9c\u00e9dent, doit simultan\u00e9ment accro\u00eetre la production alimentaire, remplacer une main-d&rsquo;\u0153uvre vieillissante et s&rsquo;adapter aux ph\u00e9nom\u00e8nes climatiques extr\u00eames de plus en plus fr\u00e9quents. Le potentiel \u00e9conomique de cette jeunesse est colossal : am\u00e9liorer l&rsquo;inclusion des jeunes dans les syst\u00e8mes agroalimentaires pourrait enrichir l&rsquo;\u00e9conomie mondiale de 1 000 milliards de dollars, selon l&rsquo;Organisation des Nations Unies pour l&rsquo;alimentation et l&rsquo;agriculture. Cette estimation prend tout son sens quand on sait que pr\u00e8s de 85% des jeunes vivent dans des pays \u00e0 revenu faible ou interm\u00e9diaire o\u00f9 l&rsquo;agroalimentaire constitue un pilier \u00e9conomique vital. Au niveau mondial, 44% des jeunes travailleurs sont employ\u00e9s dans les syst\u00e8mes agroalimentaires, contre 38% des travailleurs adultes. Cependant, cette moyenne cache des disparit\u00e9s importantes : de 82% dans les syst\u00e8mes en crise prolong\u00e9e \u00e0 seulement 23% dans les syst\u00e8mes industrialis\u00e9s. Plus alarmant encore, l&rsquo;ins\u00e9curit\u00e9 alimentaire chez les jeunes a bondi de 16,7% en 2014-2016 \u00e0 24,4% en 2021-2023, l&rsquo;Afrique \u00e9tant particuli\u00e8rement touch\u00e9e. \u00ab\u00a0Le rapport sur La Situation des jeunes dans les syst\u00e8mes agroalimentaires fournit une analyse opportune fond\u00e9e sur des \u00e9l\u00e9ments factuels qui montre comment la transformation des syst\u00e8mes agroalimentaires peut permettre d&rsquo;offrir aux jeunes des emplois d\u00e9cents et la s\u00e9curit\u00e9 alimentaire\u00a0\u00bb, souligne le Directeur g\u00e9n\u00e9ral de la FAO, Qu Dongyu. Le d\u00e9fi de l&#8217;emploi des jeunes repr\u00e9sente un enjeu \u00e9conomique majeur. Plus de 20% des jeunes ne sont ni dans le syst\u00e8me \u00e9ducatif, ni dans le monde du travail, ni en formation, les jeunes femmes \u00e9tant deux fois plus expos\u00e9es \u00e0 cette situation. L&rsquo;\u00e9limination du ch\u00f4mage des jeunes de 20 \u00e0 24 ans actuellement exclus pourrait rehausser le PIB mondial de 1,4%, soit 1 500 milliards de dollars d&rsquo;activit\u00e9 suppl\u00e9mentaire, dont 45% proviendraient des syst\u00e8mes agroalimentaires. La g\u00e9ographie de cette jeunesse dessine les contours des d\u00e9fis futurs. Si 54% des jeunes vivent en zones urbaines, concentr\u00e9s principalement en Asie de l&rsquo;Est, les jeunes ruraux ne repr\u00e9sentent que 5% de la population dans les pays industrialis\u00e9s, cr\u00e9ant un risque de p\u00e9nurie de main-d&rsquo;\u0153uvre agricole. En Afrique subsaharienne, la population jeune devrait exploser de 65% d&rsquo;ici 2050, tandis que la part des jeunes travailleurs dans l&rsquo;agroalimentaire a chut\u00e9 de 54% en 2005 \u00e0 44% en 2021. Les menaces climatiques p\u00e8sent lourdement sur ces perspectives. Environ 395 millions de jeunes ruraux vivent dans des zones o\u00f9 la productivit\u00e9 agricole devrait d\u00e9cliner, particuli\u00e8rement dans les syst\u00e8mes traditionnels et en Afrique subsaharienne. Les migrations internationales traduisent d\u00e9j\u00e0 ces pressions : 16,2% des migrants d&rsquo;Afrique subsaharienne et 15,2% de ceux d&rsquo;Am\u00e9rique latine ont entre 15 et 24 ans. Pour inverser ces tendances, le rapport pr\u00e9conise des interventions cibl\u00e9es visant \u00e0 amplifier la voix des jeunes, am\u00e9liorer leur acc\u00e8s aux formations et ressources, et renforcer leur productivit\u00e9. L&rsquo;accent est mis sur la n\u00e9cessit\u00e9 de programmes de protection sociale renforc\u00e9e, compte tenu de l&rsquo;acc\u00e8s limit\u00e9 des jeunes aux m\u00e9canismes de financement traditionnels. L&rsquo;enjeu d\u00e9passe la simple cr\u00e9ation d&#8217;emplois : il s&rsquo;agit de transformer les syst\u00e8mes agroalimentaires pour qu&rsquo;ils deviennent attractifs pour cette g\u00e9n\u00e9ration qui d\u00e9tient les cl\u00e9s de la s\u00e9curit\u00e9 alimentaire mondiale.<\/p>\n\n\n\n<p>R.E.<\/p>\n","protected":false},"excerpt":{"rendered":"<p>Ce sont 1,3 milliard de jeunes qui d\u00e9tiennent les cl\u00e9s de l&rsquo;avenir alimentaire mondial : c&rsquo;est le constat saisissant d&rsquo;un<\/p>\n","protected":false},"author":6,"featured_media":70374,"comment_status":"open","ping_status":"closed","sticky":false,"template":"","format":"standard","meta":{"colormag_page_container_layout":"default_layout","colormag_page_sidebar_layout":"default_layout","om_disable_all_campaigns":false,"_monsterinsights_skip_tracking":false,"_monsterinsights_sitenote_active":false,"_monsterinsights_sitenote_note":"","_monsterinsights_sitenote_category":0,"footnotes":"","_wpscppro_dont_share_socialmedia":false,"_wpscppro_custom_social_share_image":0,"_facebook_share_type":"default","_twitter_share_type":"default","_linkedin_share_type":"default","_pinterest_share_type":"default","_linkedin_share_type_page":"","_instagram_share_type":"default","_medium_share_type":"default","_threads_share_type":"","_google_business_share_type":"","_selected_social_profile":[],"_wpsp_enable_custom_social_template":false,"_wpsp_social_scheduling":{"enabled":false,"datetime":null,"platforms":[],"status":"template_only","dateOption":"today","timeOption":"now","customDays":"","customHours":"","customDate":"","customTime":"","schedulingType":"absolute"},"_wpsp_active_default_template":true},"categories":[29],"tags":[],"class_list":["post-70373","post","type-post","status-publish","format-standard","has-post-thumbnail","hentry","category-economie"],"aioseo_notices":[],"yoast_head":"<!-- This site is optimized with the Yoast SEO plugin v27.5 - https:\/\/yoast.com\/product\/yoast-seo-wordpress\/ -->\n<title>FAO: L&rsquo;avenir alimentaire au mains des jeunes - La Sentinelle<\/title>\n<meta name=\"robots\" content=\"index, follow, max-snippet:-1, max-image-preview:large, max-video-preview:-1\" \/>\n<link rel=\"canonical\" href=\"https:\/\/lasentinelle.dz\/index.php\/2025\/07\/15\/fao-lavenir-alimentaire-au-mains-des-jeunes\/\" \/>\n<meta property=\"og:locale\" content=\"fr_FR\" \/>\n<meta property=\"og:type\" content=\"article\" \/>\n<meta property=\"og:title\" content=\"FAO: L&rsquo;avenir alimentaire au mains des jeunes - La Sentinelle\" \/>\n<meta property=\"og:description\" content=\"Ce sont 1,3 milliard de jeunes qui d\u00e9tiennent les cl\u00e9s de l&rsquo;avenir alimentaire mondial : c&rsquo;est le constat saisissant d&rsquo;un\" \/>\n<meta property=\"og:url\" content=\"https:\/\/lasentinelle.dz\/index.php\/2025\/07\/15\/fao-lavenir-alimentaire-au-mains-des-jeunes\/\" \/>\n<meta property=\"og:site_name\" content=\"La Sentinelle\" \/>\n<meta property=\"article:publisher\" content=\"https:\/\/www.facebook.com\/La-Sentinelle-104059864394773\" \/>\n<meta property=\"article:published_time\" content=\"2025-07-15T11:31:33+00:00\" \/>\n<meta property=\"article:modified_time\" content=\"2025-07-15T11:31:34+00:00\" \/>\n<meta property=\"og:image\" content=\"https:\/\/lasentinelle.dz\/wp-content\/uploads\/2025\/07\/jeunes-agri-scaled.jpg\" \/>\n\t<meta property=\"og:image:width\" content=\"2560\" \/>\n\t<meta property=\"og:image:height\" content=\"1602\" \/>\n\t<meta property=\"og:image:type\" content=\"image\/jpeg\" \/>\n<meta name=\"author\" content=\"admin\" \/>\n<meta name=\"twitter:card\" content=\"summary_large_image\" \/>\n<meta name=\"twitter:label1\" content=\"\u00c9crit par\" \/>\n\t<meta name=\"twitter:data1\" content=\"admin\" \/>\n\t<meta name=\"twitter:label2\" content=\"Dur\u00e9e de lecture estim\u00e9e\" \/>\n\t<meta name=\"twitter:data2\" content=\"3 minutes\" \/>\n<script type=\"application\/ld+json\" class=\"yoast-schema-graph\">{\"@context\":\"https:\\\/\\\/schema.org\",\"@graph\":[{\"@type\":\"Article\",\"@id\":\"https:\\\/\\\/lasentinelle.dz\\\/index.php\\\/2025\\\/07\\\/15\\\/fao-lavenir-alimentaire-au-mains-des-jeunes\\\/#article\",\"isPartOf\":{\"@id\":\"https:\\\/\\\/lasentinelle.dz\\\/index.php\\\/2025\\\/07\\\/15\\\/fao-lavenir-alimentaire-au-mains-des-jeunes\\\/\"},\"author\":{\"name\":\"admin\",\"@id\":\"https:\\\/\\\/lasentinelle.dz\\\/#\\\/schema\\\/person\\\/729ee0024f24e0b8c5ec17232f8e8b41\"},\"headline\":\"FAO: L&rsquo;avenir alimentaire au mains des jeunes\",\"datePublished\":\"2025-07-15T11:31:33+00:00\",\"dateModified\":\"2025-07-15T11:31:34+00:00\",\"mainEntityOfPage\":{\"@id\":\"https:\\\/\\\/lasentinelle.dz\\\/index.php\\\/2025\\\/07\\\/15\\\/fao-lavenir-alimentaire-au-mains-des-jeunes\\\/\"},\"wordCount\":605,\"commentCount\":0,\"publisher\":{\"@id\":\"https:\\\/\\\/lasentinelle.dz\\\/#organization\"},\"image\":{\"@id\":\"https:\\\/\\\/lasentinelle.dz\\\/index.php\\\/2025\\\/07\\\/15\\\/fao-lavenir-alimentaire-au-mains-des-jeunes\\\/#primaryimage\"},\"thumbnailUrl\":\"https:\\\/\\\/lasentinelle.dz\\\/wp-content\\\/uploads\\\/2025\\\/07\\\/jeunes-agri-scaled.jpg\",\"articleSection\":[\"\u00c9conomie\"],\"inLanguage\":\"fr-FR\",\"potentialAction\":[{\"@type\":\"CommentAction\",\"name\":\"Comment\",\"target\":[\"https:\\\/\\\/lasentinelle.dz\\\/index.php\\\/2025\\\/07\\\/15\\\/fao-lavenir-alimentaire-au-mains-des-jeunes\\\/#respond\"]}]},{\"@type\":\"WebPage\",\"@id\":\"https:\\\/\\\/lasentinelle.dz\\\/index.php\\\/2025\\\/07\\\/15\\\/fao-lavenir-alimentaire-au-mains-des-jeunes\\\/\",\"url\":\"https:\\\/\\\/lasentinelle.dz\\\/index.php\\\/2025\\\/07\\\/15\\\/fao-lavenir-alimentaire-au-mains-des-jeunes\\\/\",\"name\":\"FAO: L&rsquo;avenir alimentaire au mains des jeunes - La Sentinelle\",\"isPartOf\":{\"@id\":\"https:\\\/\\\/lasentinelle.dz\\\/#website\"},\"primaryImageOfPage\":{\"@id\":\"https:\\\/\\\/lasentinelle.dz\\\/index.php\\\/2025\\\/07\\\/15\\\/fao-lavenir-alimentaire-au-mains-des-jeunes\\\/#primaryimage\"},\"image\":{\"@id\":\"https:\\\/\\\/lasentinelle.dz\\\/index.php\\\/2025\\\/07\\\/15\\\/fao-lavenir-alimentaire-au-mains-des-jeunes\\\/#primaryimage\"},\"thumbnailUrl\":\"https:\\\/\\\/lasentinelle.dz\\\/wp-content\\\/uploads\\\/2025\\\/07\\\/jeunes-agri-scaled.jpg\",\"datePublished\":\"2025-07-15T11:31:33+00:00\",\"dateModified\":\"2025-07-15T11:31:34+00:00\",\"breadcrumb\":{\"@id\":\"https:\\\/\\\/lasentinelle.dz\\\/index.php\\\/2025\\\/07\\\/15\\\/fao-lavenir-alimentaire-au-mains-des-jeunes\\\/#breadcrumb\"},\"inLanguage\":\"fr-FR\",\"potentialAction\":[{\"@type\":\"ReadAction\",\"target\":[\"https:\\\/\\\/lasentinelle.dz\\\/index.php\\\/2025\\\/07\\\/15\\\/fao-lavenir-alimentaire-au-mains-des-jeunes\\\/\"]}]},{\"@type\":\"ImageObject\",\"inLanguage\":\"fr-FR\",\"@id\":\"https:\\\/\\\/lasentinelle.dz\\\/index.php\\\/2025\\\/07\\\/15\\\/fao-lavenir-alimentaire-au-mains-des-jeunes\\\/#primaryimage\",\"url\":\"https:\\\/\\\/lasentinelle.dz\\\/wp-content\\\/uploads\\\/2025\\\/07\\\/jeunes-agri-scaled.jpg\",\"contentUrl\":\"https:\\\/\\\/lasentinelle.dz\\\/wp-content\\\/uploads\\\/2025\\\/07\\\/jeunes-agri-scaled.jpg\",\"width\":2560,\"height\":1602,\"caption\":\"10 July 2018, Bangar el Sokor, Nubaria, Egypt. Labourers are loading tomatoes to the wholesalers trucks.\"},{\"@type\":\"BreadcrumbList\",\"@id\":\"https:\\\/\\\/lasentinelle.dz\\\/index.php\\\/2025\\\/07\\\/15\\\/fao-lavenir-alimentaire-au-mains-des-jeunes\\\/#breadcrumb\",\"itemListElement\":[{\"@type\":\"ListItem\",\"position\":1,\"name\":\"Accueil\",\"item\":\"https:\\\/\\\/lasentinelle.dz\\\/\"},{\"@type\":\"ListItem\",\"position\":2,\"name\":\"FAO: L&rsquo;avenir alimentaire au mains des jeunes\"}]},{\"@type\":\"WebSite\",\"@id\":\"https:\\\/\\\/lasentinelle.dz\\\/#website\",\"url\":\"https:\\\/\\\/lasentinelle.dz\\\/\",\"name\":\"La Sentinelle\",\"description\":\"Quotidien national d&#039;information\",\"publisher\":{\"@id\":\"https:\\\/\\\/lasentinelle.dz\\\/#organization\"},\"potentialAction\":[{\"@type\":\"SearchAction\",\"target\":{\"@type\":\"EntryPoint\",\"urlTemplate\":\"https:\\\/\\\/lasentinelle.dz\\\/?s={search_term_string}\"},\"query-input\":{\"@type\":\"PropertyValueSpecification\",\"valueRequired\":true,\"valueName\":\"search_term_string\"}}],\"inLanguage\":\"fr-FR\"},{\"@type\":\"Organization\",\"@id\":\"https:\\\/\\\/lasentinelle.dz\\\/#organization\",\"name\":\"Quotidien La Sentinelle\",\"url\":\"https:\\\/\\\/lasentinelle.dz\\\/\",\"logo\":{\"@type\":\"ImageObject\",\"inLanguage\":\"fr-FR\",\"@id\":\"https:\\\/\\\/lasentinelle.dz\\\/#\\\/schema\\\/logo\\\/image\\\/\",\"url\":\"https:\\\/\\\/lasentinelle.dz\\\/wp-content\\\/uploads\\\/2021\\\/09\\\/logo-sentinelleSLOGAN-1.png\",\"contentUrl\":\"https:\\\/\\\/lasentinelle.dz\\\/wp-content\\\/uploads\\\/2021\\\/09\\\/logo-sentinelleSLOGAN-1.png\",\"width\":615,\"height\":142,\"caption\":\"Quotidien La Sentinelle\"},\"image\":{\"@id\":\"https:\\\/\\\/lasentinelle.dz\\\/#\\\/schema\\\/logo\\\/image\\\/\"},\"sameAs\":[\"https:\\\/\\\/www.facebook.com\\\/La-Sentinelle-104059864394773\"]},{\"@type\":\"Person\",\"@id\":\"https:\\\/\\\/lasentinelle.dz\\\/#\\\/schema\\\/person\\\/729ee0024f24e0b8c5ec17232f8e8b41\",\"name\":\"admin\",\"image\":{\"@type\":\"ImageObject\",\"inLanguage\":\"fr-FR\",\"@id\":\"https:\\\/\\\/secure.gravatar.com\\\/avatar\\\/4c81fed838786e9b53f540bf46533e750f5d292099ae3b66cfc6fb1982e29df7?s=96&d=mm&r=g\",\"url\":\"https:\\\/\\\/secure.gravatar.com\\\/avatar\\\/4c81fed838786e9b53f540bf46533e750f5d292099ae3b66cfc6fb1982e29df7?s=96&d=mm&r=g\",\"contentUrl\":\"https:\\\/\\\/secure.gravatar.com\\\/avatar\\\/4c81fed838786e9b53f540bf46533e750f5d292099ae3b66cfc6fb1982e29df7?s=96&d=mm&r=g\",\"caption\":\"admin\"},\"description\":\"admin\",\"url\":\"https:\\\/\\\/lasentinelle.dz\\\/author\\\/admin\\\/\"}]}<\/script>\n<!-- \/ Yoast SEO plugin. -->","yoast_head_json":{"title":"FAO: L&rsquo;avenir alimentaire au mains des jeunes - La Sentinelle","robots":{"index":"index","follow":"follow","max-snippet":"max-snippet:-1","max-image-preview":"max-image-preview:large","max-video-preview":"max-video-preview:-1"},"canonical":"https:\/\/lasentinelle.dz\/index.php\/2025\/07\/15\/fao-lavenir-alimentaire-au-mains-des-jeunes\/","og_locale":"fr_FR","og_type":"article","og_title":"FAO: L&rsquo;avenir alimentaire au mains des jeunes - La Sentinelle","og_description":"Ce sont 1,3 milliard de jeunes qui d\u00e9tiennent les cl\u00e9s de l&rsquo;avenir alimentaire mondial : c&rsquo;est le constat saisissant d&rsquo;un","og_url":"https:\/\/lasentinelle.dz\/index.php\/2025\/07\/15\/fao-lavenir-alimentaire-au-mains-des-jeunes\/","og_site_name":"La Sentinelle","article_publisher":"https:\/\/www.facebook.com\/La-Sentinelle-104059864394773","article_published_time":"2025-07-15T11:31:33+00:00","article_modified_time":"2025-07-15T11:31:34+00:00","og_image":[{"width":2560,"height":1602,"url":"https:\/\/lasentinelle.dz\/wp-content\/uploads\/2025\/07\/jeunes-agri-scaled.jpg","type":"image\/jpeg"}],"author":"admin","twitter_card":"summary_large_image","twitter_misc":{"\u00c9crit par":"admin","Dur\u00e9e de lecture estim\u00e9e":"3 minutes"},"schema":{"@context":"https:\/\/schema.org","@graph":[{"@type":"Article","@id":"https:\/\/lasentinelle.dz\/index.php\/2025\/07\/15\/fao-lavenir-alimentaire-au-mains-des-jeunes\/#article","isPartOf":{"@id":"https:\/\/lasentinelle.dz\/index.php\/2025\/07\/15\/fao-lavenir-alimentaire-au-mains-des-jeunes\/"},"author":{"name":"admin","@id":"https:\/\/lasentinelle.dz\/#\/schema\/person\/729ee0024f24e0b8c5ec17232f8e8b41"},"headline":"FAO: L&rsquo;avenir alimentaire au mains des jeunes","datePublished":"2025-07-15T11:31:33+00:00","dateModified":"2025-07-15T11:31:34+00:00","mainEntityOfPage":{"@id":"https:\/\/lasentinelle.dz\/index.php\/2025\/07\/15\/fao-lavenir-alimentaire-au-mains-des-jeunes\/"},"wordCount":605,"commentCount":0,"publisher":{"@id":"https:\/\/lasentinelle.dz\/#organization"},"image":{"@id":"https:\/\/lasentinelle.dz\/index.php\/2025\/07\/15\/fao-lavenir-alimentaire-au-mains-des-jeunes\/#primaryimage"},"thumbnailUrl":"https:\/\/lasentinelle.dz\/wp-content\/uploads\/2025\/07\/jeunes-agri-scaled.jpg","articleSection":["\u00c9conomie"],"inLanguage":"fr-FR","potentialAction":[{"@type":"CommentAction","name":"Comment","target":["https:\/\/lasentinelle.dz\/index.php\/2025\/07\/15\/fao-lavenir-alimentaire-au-mains-des-jeunes\/#respond"]}]},{"@type":"WebPage","@id":"https:\/\/lasentinelle.dz\/index.php\/2025\/07\/15\/fao-lavenir-alimentaire-au-mains-des-jeunes\/","url":"https:\/\/lasentinelle.dz\/index.php\/2025\/07\/15\/fao-lavenir-alimentaire-au-mains-des-jeunes\/","name":"FAO: L&rsquo;avenir alimentaire au mains des jeunes - La Sentinelle","isPartOf":{"@id":"https:\/\/lasentinelle.dz\/#website"},"primaryImageOfPage":{"@id":"https:\/\/lasentinelle.dz\/index.php\/2025\/07\/15\/fao-lavenir-alimentaire-au-mains-des-jeunes\/#primaryimage"},"image":{"@id":"https:\/\/lasentinelle.dz\/index.php\/2025\/07\/15\/fao-lavenir-alimentaire-au-mains-des-jeunes\/#primaryimage"},"thumbnailUrl":"https:\/\/lasentinelle.dz\/wp-content\/uploads\/2025\/07\/jeunes-agri-scaled.jpg","datePublished":"2025-07-15T11:31:33+00:00","dateModified":"2025-07-15T11:31:34+00:00","breadcrumb":{"@id":"https:\/\/lasentinelle.dz\/index.php\/2025\/07\/15\/fao-lavenir-alimentaire-au-mains-des-jeunes\/#breadcrumb"},"inLanguage":"fr-FR","potentialAction":[{"@type":"ReadAction","target":["https:\/\/lasentinelle.dz\/index.php\/2025\/07\/15\/fao-lavenir-alimentaire-au-mains-des-jeunes\/"]}]},{"@type":"ImageObject","inLanguage":"fr-FR","@id":"https:\/\/lasentinelle.dz\/index.php\/2025\/07\/15\/fao-lavenir-alimentaire-au-mains-des-jeunes\/#primaryimage","url":"https:\/\/lasentinelle.dz\/wp-content\/uploads\/2025\/07\/jeunes-agri-scaled.jpg","contentUrl":"https:\/\/lasentinelle.dz\/wp-content\/uploads\/2025\/07\/jeunes-agri-scaled.jpg","width":2560,"height":1602,"caption":"10 July 2018, Bangar el Sokor, Nubaria, Egypt. Labourers are loading tomatoes to the wholesalers trucks."},{"@type":"BreadcrumbList","@id":"https:\/\/lasentinelle.dz\/index.php\/2025\/07\/15\/fao-lavenir-alimentaire-au-mains-des-jeunes\/#breadcrumb","itemListElement":[{"@type":"ListItem","position":1,"name":"Accueil","item":"https:\/\/lasentinelle.dz\/"},{"@type":"ListItem","position":2,"name":"FAO: L&rsquo;avenir alimentaire au mains des jeunes"}]},{"@type":"WebSite","@id":"https:\/\/lasentinelle.dz\/#website","url":"https:\/\/lasentinelle.dz\/","name":"La Sentinelle","description":"Quotidien national d&#039;information","publisher":{"@id":"https:\/\/lasentinelle.dz\/#organization"},"potentialAction":[{"@type":"SearchAction","target":{"@type":"EntryPoint","urlTemplate":"https:\/\/lasentinelle.dz\/?s={search_term_string}"},"query-input":{"@type":"PropertyValueSpecification","valueRequired":true,"valueName":"search_term_string"}}],"inLanguage":"fr-FR"},{"@type":"Organization","@id":"https:\/\/lasentinelle.dz\/#organization","name":"Quotidien La Sentinelle","url":"https:\/\/lasentinelle.dz\/","logo":{"@type":"ImageObject","inLanguage":"fr-FR","@id":"https:\/\/lasentinelle.dz\/#\/schema\/logo\/image\/","url":"https:\/\/lasentinelle.dz\/wp-content\/uploads\/2021\/09\/logo-sentinelleSLOGAN-1.png","contentUrl":"https:\/\/lasentinelle.dz\/wp-content\/uploads\/2021\/09\/logo-sentinelleSLOGAN-1.png","width":615,"height":142,"caption":"Quotidien La Sentinelle"},"image":{"@id":"https:\/\/lasentinelle.dz\/#\/schema\/logo\/image\/"},"sameAs":["https:\/\/www.facebook.com\/La-Sentinelle-104059864394773"]},{"@type":"Person","@id":"https:\/\/lasentinelle.dz\/#\/schema\/person\/729ee0024f24e0b8c5ec17232f8e8b41","name":"admin","image":{"@type":"ImageObject","inLanguage":"fr-FR","@id":"https:\/\/secure.gravatar.com\/avatar\/4c81fed838786e9b53f540bf46533e750f5d292099ae3b66cfc6fb1982e29df7?s=96&d=mm&r=g","url":"https:\/\/secure.gravatar.com\/avatar\/4c81fed838786e9b53f540bf46533e750f5d292099ae3b66cfc6fb1982e29df7?s=96&d=mm&r=g","contentUrl":"https:\/\/secure.gravatar.com\/avatar\/4c81fed838786e9b53f540bf46533e750f5d292099ae3b66cfc6fb1982e29df7?s=96&d=mm&r=g","caption":"admin"},"description":"admin","url":"https:\/\/lasentinelle.dz\/author\/admin\/"}]}},"_links":{"self":[{"href":"https:\/\/lasentinelle.dz\/index.php\/wp-json\/wp\/v2\/posts\/70373","targetHints":{"allow":["GET"]}}],"collection":[{"href":"https:\/\/lasentinelle.dz\/index.php\/wp-json\/wp\/v2\/posts"}],"about":[{"href":"https:\/\/lasentinelle.dz\/index.php\/wp-json\/wp\/v2\/types\/post"}],"author":[{"embeddable":true,"href":"https:\/\/lasentinelle.dz\/index.php\/wp-json\/wp\/v2\/users\/6"}],"replies":[{"embeddable":true,"href":"https:\/\/lasentinelle.dz\/index.php\/wp-json\/wp\/v2\/comments?post=70373"}],"version-history":[{"count":2,"href":"https:\/\/lasentinelle.dz\/index.php\/wp-json\/wp\/v2\/posts\/70373\/revisions"}],"predecessor-version":[{"id":70376,"href":"https:\/\/lasentinelle.dz\/index.php\/wp-json\/wp\/v2\/posts\/70373\/revisions\/70376"}],"wp:featuredmedia":[{"embeddable":true,"href":"https:\/\/lasentinelle.dz\/index.php\/wp-json\/wp\/v2\/media\/70374"}],"wp:attachment":[{"href":"https:\/\/lasentinelle.dz\/index.php\/wp-json\/wp\/v2\/media?parent=70373"}],"wp:term":[{"taxonomy":"category","embeddable":true,"href":"https:\/\/lasentinelle.dz\/index.php\/wp-json\/wp\/v2\/categories?post=70373"},{"taxonomy":"post_tag","embeddable":true,"href":"https:\/\/lasentinelle.dz\/index.php\/wp-json\/wp\/v2\/tags?post=70373"}],"curies":[{"name":"wp","href":"https:\/\/api.w.org\/{rel}","templated":true}]}}