{"id":70377,"date":"2025-07-15T12:32:16","date_gmt":"2025-07-15T11:32:16","guid":{"rendered":"https:\/\/lasentinelle.dz\/?p=70377"},"modified":"2025-07-15T12:32:17","modified_gmt":"2025-07-15T11:32:17","slug":"opep-vers-un-bond-de-la-demande-de-petrole-au-troisieme-trimestre-2025","status":"publish","type":"post","link":"https:\/\/lasentinelle.dz\/index.php\/2025\/07\/15\/opep-vers-un-bond-de-la-demande-de-petrole-au-troisieme-trimestre-2025\/","title":{"rendered":"Opep: Vers un bond de la demande de p\u00e9trole au troisi\u00e8me trimestre 2025"},"content":{"rendered":"\n<p>L&rsquo;OPEP anticipe une explosion de la demande p\u00e9troli\u00e8re au troisi\u00e8me trimestre, suivie d&rsquo;un \u00e9quilibre tendu entre l&rsquo;offre et la demande dans les mois suivants, selon les d\u00e9clarations de son secr\u00e9taire g\u00e9n\u00e9ral rapport\u00e9es par l&rsquo;agence russe RIA. Cette pr\u00e9vision optimiste intervient alors que l&rsquo;organisation et ses alli\u00e9s du groupe OPEP+ s&rsquo;appr\u00eatent \u00e0 augmenter massivement leur production apr\u00e8s des ann\u00e9es de restrictions destin\u00e9es \u00e0 soutenir les cours du brut. Haitham Al Ghais s&rsquo;est exprim\u00e9 lundi en marge du s\u00e9minaire de l&rsquo;OPEP qui s&rsquo;est tenu la semaine derni\u00e8re \u00e0 Vienne, livrant une analyse d\u00e9taill\u00e9e des perspectives du march\u00e9 p\u00e9trolier mondial. \u00ab\u00a0Nous pr\u00e9voyons une croissance de la demande de 1,3 million de barils par jour en rythme annuel pour 2025, soutenue par une \u00e9conomie mondiale robuste\u00a0\u00bb, a-t-il d\u00e9clar\u00e9 selon l&rsquo;agence RIA. Le responsable a particuli\u00e8rement insist\u00e9 sur la vigueur attendue de la demande dans les prochains mois : \u00ab\u00a0Cela signifie que nous observons, notamment au troisi\u00e8me trimestre, une croissance tr\u00e8s forte de la demande. Au quatri\u00e8me trimestre \u00e9galement, nous constatons une bonne croissance de la demande, et les \u00e9quilibres seront tendus. C&rsquo;est l&rsquo;un des facteurs fondamentaux principaux qui pousse le groupe des huit pays \u00e0 remettre des barils sur le march\u00e9.\u00a0\u00bb Cette d\u00e9claration intervient dans un contexte o\u00f9 cinq sources ont confirm\u00e9 \u00e0 Reuters que les producteurs OPEP+ s&rsquo;appr\u00eatent \u00e0 approuver une nouvelle augmentation importante de la production pour septembre. Huit membres de l&rsquo;alliance Opep+ abandonne progressivement les r\u00e9ductions de production maintenues pendant des ann\u00e9es pour stabiliser les prix. Les propos d&rsquo;Al Ghais contrastent avec les r\u00e9visions \u00e0 la baisse effectu\u00e9es par l&rsquo;OPEP la semaine derni\u00e8re concernant ses pr\u00e9visions de demande p\u00e9troli\u00e8re mondiale pour les quatre prochaines ann\u00e9es, ajustements motiv\u00e9s par le ralentissement de la croissance chinoise. N\u00e9anmoins, l&rsquo;organisation a relev\u00e9 ses perspectives \u00e0 plus long terme en s&rsquo;appuyant sur la hausse de la consommation dans les pays en d\u00e9veloppement. Dans son rapport \u00ab\u00a0World Oil Outlook 2025\u00a0\u00bb publi\u00e9 jeudi, l&rsquo;OPEP estime que la demande mondiale atteindra en moyenne 105 millions de barils par jour cette ann\u00e9e. L&rsquo;organisation pr\u00e9voit une progression vers 106,3 millions de barils par jour en 2026, puis une mont\u00e9e jusqu&rsquo;\u00e0 111,6 millions de barils par jour en 2029. Ces projections refl\u00e8tent les d\u00e9fis auxquels fait face le march\u00e9 p\u00e9trolier, tiraill\u00e9 entre les signaux contradictoires d&rsquo;une \u00e9conomie mondiale en transition \u00e9nerg\u00e9tique et les besoins croissants des \u00e9conomies \u00e9mergentes. La strat\u00e9gie de l&rsquo;OPEP+ consiste d\u00e9sormais \u00e0 calibrer finement ses niveaux de production pour maintenir un \u00e9quilibre d\u00e9licat entre soutien aux prix et satisfaction de la demande croissante. &nbsp;Sur les march\u00e9s, les cours du brut ont enregistr\u00e9 un l\u00e9ger recul sous la pression du regain de tensions entre Bruxelles et Washington sans le sillage de la guerre commerciale men\u00e9e par l&rsquo;administration Trump. Vers 14H45 GMT, le prix du baril de Brent de la mer du Nord, pour livraison en septembre, c\u00e9dait 0,20% \u00e0 70,22 dollars. Son \u00e9quivalent am\u00e9ricain, le baril de West Texas Intermediate, pour livraison en ao\u00fbt, perdait 0,38% \u00e0 68,19 dollars. Samira Ghrib<\/p>\n","protected":false},"excerpt":{"rendered":"<p>L&rsquo;OPEP anticipe une explosion de la demande p\u00e9troli\u00e8re au troisi\u00e8me trimestre, suivie d&rsquo;un \u00e9quilibre tendu entre l&rsquo;offre et la demande<\/p>\n","protected":false},"author":6,"featured_media":40250,"comment_status":"open","ping_status":"closed","sticky":false,"template":"","format":"standard","meta":{"colormag_page_container_layout":"default_layout","colormag_page_sidebar_layout":"default_layout","om_disable_all_campaigns":false,"_monsterinsights_skip_tracking":false,"_monsterinsights_sitenote_active":false,"_monsterinsights_sitenote_note":"","_monsterinsights_sitenote_category":0,"footnotes":"","_wpscppro_dont_share_socialmedia":false,"_wpscppro_custom_social_share_image":0,"_facebook_share_type":"default","_twitter_share_type":"default","_linkedin_share_type":"default","_pinterest_share_type":"default","_linkedin_share_type_page":"","_instagram_share_type":"default","_medium_share_type":"default","_threads_share_type":"","_google_business_share_type":"","_selected_social_profile":[],"_wpsp_enable_custom_social_template":false,"_wpsp_social_scheduling":{"enabled":false,"datetime":null,"platforms":[],"status":"template_only","dateOption":"today","timeOption":"now","customDays":"","customHours":"","customDate":"","customTime":"","schedulingType":"absolute"},"_wpsp_active_default_template":true},"categories":[29],"tags":[],"class_list":["post-70377","post","type-post","status-publish","format-standard","has-post-thumbnail","hentry","category-economie"],"aioseo_notices":[],"yoast_head":"<!-- This site is optimized with the Yoast SEO plugin v27.5 - https:\/\/yoast.com\/product\/yoast-seo-wordpress\/ -->\n<title>Opep: Vers un bond de la demande de p\u00e9trole au troisi\u00e8me trimestre 2025 - La Sentinelle<\/title>\n<meta name=\"robots\" content=\"index, follow, max-snippet:-1, max-image-preview:large, max-video-preview:-1\" \/>\n<link rel=\"canonical\" href=\"https:\/\/lasentinelle.dz\/index.php\/2025\/07\/15\/opep-vers-un-bond-de-la-demande-de-petrole-au-troisieme-trimestre-2025\/\" \/>\n<meta property=\"og:locale\" content=\"fr_FR\" \/>\n<meta property=\"og:type\" content=\"article\" \/>\n<meta property=\"og:title\" content=\"Opep: Vers un bond de la demande de p\u00e9trole au troisi\u00e8me trimestre 2025 - La Sentinelle\" \/>\n<meta property=\"og:description\" content=\"L&rsquo;OPEP anticipe une explosion de la demande p\u00e9troli\u00e8re au troisi\u00e8me trimestre, suivie d&rsquo;un \u00e9quilibre tendu entre l&rsquo;offre et la demande\" \/>\n<meta property=\"og:url\" content=\"https:\/\/lasentinelle.dz\/index.php\/2025\/07\/15\/opep-vers-un-bond-de-la-demande-de-petrole-au-troisieme-trimestre-2025\/\" \/>\n<meta property=\"og:site_name\" content=\"La Sentinelle\" \/>\n<meta property=\"article:publisher\" content=\"https:\/\/www.facebook.com\/La-Sentinelle-104059864394773\" \/>\n<meta property=\"article:published_time\" content=\"2025-07-15T11:32:16+00:00\" \/>\n<meta property=\"article:modified_time\" content=\"2025-07-15T11:32:17+00:00\" \/>\n<meta property=\"og:image\" content=\"https:\/\/lasentinelle.dz\/wp-content\/uploads\/2023\/04\/al-ghais.png\" \/>\n\t<meta property=\"og:image:width\" content=\"1351\" \/>\n\t<meta property=\"og:image:height\" content=\"900\" \/>\n\t<meta property=\"og:image:type\" content=\"image\/png\" \/>\n<meta name=\"author\" content=\"admin\" \/>\n<meta name=\"twitter:card\" content=\"summary_large_image\" \/>\n<meta name=\"twitter:label1\" content=\"\u00c9crit par\" \/>\n\t<meta name=\"twitter:data1\" content=\"admin\" \/>\n\t<meta name=\"twitter:label2\" content=\"Dur\u00e9e de lecture estim\u00e9e\" \/>\n\t<meta name=\"twitter:data2\" content=\"3 minutes\" \/>\n<script type=\"application\/ld+json\" class=\"yoast-schema-graph\">{\"@context\":\"https:\\\/\\\/schema.org\",\"@graph\":[{\"@type\":\"Article\",\"@id\":\"https:\\\/\\\/lasentinelle.dz\\\/index.php\\\/2025\\\/07\\\/15\\\/opep-vers-un-bond-de-la-demande-de-petrole-au-troisieme-trimestre-2025\\\/#article\",\"isPartOf\":{\"@id\":\"https:\\\/\\\/lasentinelle.dz\\\/index.php\\\/2025\\\/07\\\/15\\\/opep-vers-un-bond-de-la-demande-de-petrole-au-troisieme-trimestre-2025\\\/\"},\"author\":{\"name\":\"admin\",\"@id\":\"https:\\\/\\\/lasentinelle.dz\\\/#\\\/schema\\\/person\\\/729ee0024f24e0b8c5ec17232f8e8b41\"},\"headline\":\"Opep: Vers un bond de la demande de p\u00e9trole au troisi\u00e8me trimestre 2025\",\"datePublished\":\"2025-07-15T11:32:16+00:00\",\"dateModified\":\"2025-07-15T11:32:17+00:00\",\"mainEntityOfPage\":{\"@id\":\"https:\\\/\\\/lasentinelle.dz\\\/index.php\\\/2025\\\/07\\\/15\\\/opep-vers-un-bond-de-la-demande-de-petrole-au-troisieme-trimestre-2025\\\/\"},\"wordCount\":560,\"commentCount\":0,\"publisher\":{\"@id\":\"https:\\\/\\\/lasentinelle.dz\\\/#organization\"},\"image\":{\"@id\":\"https:\\\/\\\/lasentinelle.dz\\\/index.php\\\/2025\\\/07\\\/15\\\/opep-vers-un-bond-de-la-demande-de-petrole-au-troisieme-trimestre-2025\\\/#primaryimage\"},\"thumbnailUrl\":\"https:\\\/\\\/lasentinelle.dz\\\/wp-content\\\/uploads\\\/2023\\\/04\\\/al-ghais.png\",\"articleSection\":[\"\u00c9conomie\"],\"inLanguage\":\"fr-FR\",\"potentialAction\":[{\"@type\":\"CommentAction\",\"name\":\"Comment\",\"target\":[\"https:\\\/\\\/lasentinelle.dz\\\/index.php\\\/2025\\\/07\\\/15\\\/opep-vers-un-bond-de-la-demande-de-petrole-au-troisieme-trimestre-2025\\\/#respond\"]}]},{\"@type\":\"WebPage\",\"@id\":\"https:\\\/\\\/lasentinelle.dz\\\/index.php\\\/2025\\\/07\\\/15\\\/opep-vers-un-bond-de-la-demande-de-petrole-au-troisieme-trimestre-2025\\\/\",\"url\":\"https:\\\/\\\/lasentinelle.dz\\\/index.php\\\/2025\\\/07\\\/15\\\/opep-vers-un-bond-de-la-demande-de-petrole-au-troisieme-trimestre-2025\\\/\",\"name\":\"Opep: Vers un bond de la demande de p\u00e9trole au troisi\u00e8me trimestre 2025 - La Sentinelle\",\"isPartOf\":{\"@id\":\"https:\\\/\\\/lasentinelle.dz\\\/#website\"},\"primaryImageOfPage\":{\"@id\":\"https:\\\/\\\/lasentinelle.dz\\\/index.php\\\/2025\\\/07\\\/15\\\/opep-vers-un-bond-de-la-demande-de-petrole-au-troisieme-trimestre-2025\\\/#primaryimage\"},\"image\":{\"@id\":\"https:\\\/\\\/lasentinelle.dz\\\/index.php\\\/2025\\\/07\\\/15\\\/opep-vers-un-bond-de-la-demande-de-petrole-au-troisieme-trimestre-2025\\\/#primaryimage\"},\"thumbnailUrl\":\"https:\\\/\\\/lasentinelle.dz\\\/wp-content\\\/uploads\\\/2023\\\/04\\\/al-ghais.png\",\"datePublished\":\"2025-07-15T11:32:16+00:00\",\"dateModified\":\"2025-07-15T11:32:17+00:00\",\"breadcrumb\":{\"@id\":\"https:\\\/\\\/lasentinelle.dz\\\/index.php\\\/2025\\\/07\\\/15\\\/opep-vers-un-bond-de-la-demande-de-petrole-au-troisieme-trimestre-2025\\\/#breadcrumb\"},\"inLanguage\":\"fr-FR\",\"potentialAction\":[{\"@type\":\"ReadAction\",\"target\":[\"https:\\\/\\\/lasentinelle.dz\\\/index.php\\\/2025\\\/07\\\/15\\\/opep-vers-un-bond-de-la-demande-de-petrole-au-troisieme-trimestre-2025\\\/\"]}]},{\"@type\":\"ImageObject\",\"inLanguage\":\"fr-FR\",\"@id\":\"https:\\\/\\\/lasentinelle.dz\\\/index.php\\\/2025\\\/07\\\/15\\\/opep-vers-un-bond-de-la-demande-de-petrole-au-troisieme-trimestre-2025\\\/#primaryimage\",\"url\":\"https:\\\/\\\/lasentinelle.dz\\\/wp-content\\\/uploads\\\/2023\\\/04\\\/al-ghais.png\",\"contentUrl\":\"https:\\\/\\\/lasentinelle.dz\\\/wp-content\\\/uploads\\\/2023\\\/04\\\/al-ghais.png\",\"width\":1351,\"height\":900},{\"@type\":\"BreadcrumbList\",\"@id\":\"https:\\\/\\\/lasentinelle.dz\\\/index.php\\\/2025\\\/07\\\/15\\\/opep-vers-un-bond-de-la-demande-de-petrole-au-troisieme-trimestre-2025\\\/#breadcrumb\",\"itemListElement\":[{\"@type\":\"ListItem\",\"position\":1,\"name\":\"Accueil\",\"item\":\"https:\\\/\\\/lasentinelle.dz\\\/\"},{\"@type\":\"ListItem\",\"position\":2,\"name\":\"Opep: Vers un bond de la demande de p\u00e9trole au troisi\u00e8me trimestre 2025\"}]},{\"@type\":\"WebSite\",\"@id\":\"https:\\\/\\\/lasentinelle.dz\\\/#website\",\"url\":\"https:\\\/\\\/lasentinelle.dz\\\/\",\"name\":\"La Sentinelle\",\"description\":\"Quotidien national d&#039;information\",\"publisher\":{\"@id\":\"https:\\\/\\\/lasentinelle.dz\\\/#organization\"},\"potentialAction\":[{\"@type\":\"SearchAction\",\"target\":{\"@type\":\"EntryPoint\",\"urlTemplate\":\"https:\\\/\\\/lasentinelle.dz\\\/?s={search_term_string}\"},\"query-input\":{\"@type\":\"PropertyValueSpecification\",\"valueRequired\":true,\"valueName\":\"search_term_string\"}}],\"inLanguage\":\"fr-FR\"},{\"@type\":\"Organization\",\"@id\":\"https:\\\/\\\/lasentinelle.dz\\\/#organization\",\"name\":\"Quotidien La Sentinelle\",\"url\":\"https:\\\/\\\/lasentinelle.dz\\\/\",\"logo\":{\"@type\":\"ImageObject\",\"inLanguage\":\"fr-FR\",\"@id\":\"https:\\\/\\\/lasentinelle.dz\\\/#\\\/schema\\\/logo\\\/image\\\/\",\"url\":\"https:\\\/\\\/lasentinelle.dz\\\/wp-content\\\/uploads\\\/2021\\\/09\\\/logo-sentinelleSLOGAN-1.png\",\"contentUrl\":\"https:\\\/\\\/lasentinelle.dz\\\/wp-content\\\/uploads\\\/2021\\\/09\\\/logo-sentinelleSLOGAN-1.png\",\"width\":615,\"height\":142,\"caption\":\"Quotidien La Sentinelle\"},\"image\":{\"@id\":\"https:\\\/\\\/lasentinelle.dz\\\/#\\\/schema\\\/logo\\\/image\\\/\"},\"sameAs\":[\"https:\\\/\\\/www.facebook.com\\\/La-Sentinelle-104059864394773\"]},{\"@type\":\"Person\",\"@id\":\"https:\\\/\\\/lasentinelle.dz\\\/#\\\/schema\\\/person\\\/729ee0024f24e0b8c5ec17232f8e8b41\",\"name\":\"admin\",\"image\":{\"@type\":\"ImageObject\",\"inLanguage\":\"fr-FR\",\"@id\":\"https:\\\/\\\/secure.gravatar.com\\\/avatar\\\/4c81fed838786e9b53f540bf46533e750f5d292099ae3b66cfc6fb1982e29df7?s=96&d=mm&r=g\",\"url\":\"https:\\\/\\\/secure.gravatar.com\\\/avatar\\\/4c81fed838786e9b53f540bf46533e750f5d292099ae3b66cfc6fb1982e29df7?s=96&d=mm&r=g\",\"contentUrl\":\"https:\\\/\\\/secure.gravatar.com\\\/avatar\\\/4c81fed838786e9b53f540bf46533e750f5d292099ae3b66cfc6fb1982e29df7?s=96&d=mm&r=g\",\"caption\":\"admin\"},\"description\":\"admin\",\"url\":\"https:\\\/\\\/lasentinelle.dz\\\/author\\\/admin\\\/\"}]}<\/script>\n<!-- \/ Yoast SEO plugin. -->","yoast_head_json":{"title":"Opep: Vers un bond de la demande de p\u00e9trole au troisi\u00e8me trimestre 2025 - La Sentinelle","robots":{"index":"index","follow":"follow","max-snippet":"max-snippet:-1","max-image-preview":"max-image-preview:large","max-video-preview":"max-video-preview:-1"},"canonical":"https:\/\/lasentinelle.dz\/index.php\/2025\/07\/15\/opep-vers-un-bond-de-la-demande-de-petrole-au-troisieme-trimestre-2025\/","og_locale":"fr_FR","og_type":"article","og_title":"Opep: Vers un bond de la demande de p\u00e9trole au troisi\u00e8me trimestre 2025 - La Sentinelle","og_description":"L&rsquo;OPEP anticipe une explosion de la demande p\u00e9troli\u00e8re au troisi\u00e8me trimestre, suivie d&rsquo;un \u00e9quilibre tendu entre l&rsquo;offre et la demande","og_url":"https:\/\/lasentinelle.dz\/index.php\/2025\/07\/15\/opep-vers-un-bond-de-la-demande-de-petrole-au-troisieme-trimestre-2025\/","og_site_name":"La Sentinelle","article_publisher":"https:\/\/www.facebook.com\/La-Sentinelle-104059864394773","article_published_time":"2025-07-15T11:32:16+00:00","article_modified_time":"2025-07-15T11:32:17+00:00","og_image":[{"width":1351,"height":900,"url":"https:\/\/lasentinelle.dz\/wp-content\/uploads\/2023\/04\/al-ghais.png","type":"image\/png"}],"author":"admin","twitter_card":"summary_large_image","twitter_misc":{"\u00c9crit par":"admin","Dur\u00e9e de lecture estim\u00e9e":"3 minutes"},"schema":{"@context":"https:\/\/schema.org","@graph":[{"@type":"Article","@id":"https:\/\/lasentinelle.dz\/index.php\/2025\/07\/15\/opep-vers-un-bond-de-la-demande-de-petrole-au-troisieme-trimestre-2025\/#article","isPartOf":{"@id":"https:\/\/lasentinelle.dz\/index.php\/2025\/07\/15\/opep-vers-un-bond-de-la-demande-de-petrole-au-troisieme-trimestre-2025\/"},"author":{"name":"admin","@id":"https:\/\/lasentinelle.dz\/#\/schema\/person\/729ee0024f24e0b8c5ec17232f8e8b41"},"headline":"Opep: Vers un bond de la demande de p\u00e9trole au troisi\u00e8me trimestre 2025","datePublished":"2025-07-15T11:32:16+00:00","dateModified":"2025-07-15T11:32:17+00:00","mainEntityOfPage":{"@id":"https:\/\/lasentinelle.dz\/index.php\/2025\/07\/15\/opep-vers-un-bond-de-la-demande-de-petrole-au-troisieme-trimestre-2025\/"},"wordCount":560,"commentCount":0,"publisher":{"@id":"https:\/\/lasentinelle.dz\/#organization"},"image":{"@id":"https:\/\/lasentinelle.dz\/index.php\/2025\/07\/15\/opep-vers-un-bond-de-la-demande-de-petrole-au-troisieme-trimestre-2025\/#primaryimage"},"thumbnailUrl":"https:\/\/lasentinelle.dz\/wp-content\/uploads\/2023\/04\/al-ghais.png","articleSection":["\u00c9conomie"],"inLanguage":"fr-FR","potentialAction":[{"@type":"CommentAction","name":"Comment","target":["https:\/\/lasentinelle.dz\/index.php\/2025\/07\/15\/opep-vers-un-bond-de-la-demande-de-petrole-au-troisieme-trimestre-2025\/#respond"]}]},{"@type":"WebPage","@id":"https:\/\/lasentinelle.dz\/index.php\/2025\/07\/15\/opep-vers-un-bond-de-la-demande-de-petrole-au-troisieme-trimestre-2025\/","url":"https:\/\/lasentinelle.dz\/index.php\/2025\/07\/15\/opep-vers-un-bond-de-la-demande-de-petrole-au-troisieme-trimestre-2025\/","name":"Opep: Vers un bond de la demande de p\u00e9trole au troisi\u00e8me trimestre 2025 - La Sentinelle","isPartOf":{"@id":"https:\/\/lasentinelle.dz\/#website"},"primaryImageOfPage":{"@id":"https:\/\/lasentinelle.dz\/index.php\/2025\/07\/15\/opep-vers-un-bond-de-la-demande-de-petrole-au-troisieme-trimestre-2025\/#primaryimage"},"image":{"@id":"https:\/\/lasentinelle.dz\/index.php\/2025\/07\/15\/opep-vers-un-bond-de-la-demande-de-petrole-au-troisieme-trimestre-2025\/#primaryimage"},"thumbnailUrl":"https:\/\/lasentinelle.dz\/wp-content\/uploads\/2023\/04\/al-ghais.png","datePublished":"2025-07-15T11:32:16+00:00","dateModified":"2025-07-15T11:32:17+00:00","breadcrumb":{"@id":"https:\/\/lasentinelle.dz\/index.php\/2025\/07\/15\/opep-vers-un-bond-de-la-demande-de-petrole-au-troisieme-trimestre-2025\/#breadcrumb"},"inLanguage":"fr-FR","potentialAction":[{"@type":"ReadAction","target":["https:\/\/lasentinelle.dz\/index.php\/2025\/07\/15\/opep-vers-un-bond-de-la-demande-de-petrole-au-troisieme-trimestre-2025\/"]}]},{"@type":"ImageObject","inLanguage":"fr-FR","@id":"https:\/\/lasentinelle.dz\/index.php\/2025\/07\/15\/opep-vers-un-bond-de-la-demande-de-petrole-au-troisieme-trimestre-2025\/#primaryimage","url":"https:\/\/lasentinelle.dz\/wp-content\/uploads\/2023\/04\/al-ghais.png","contentUrl":"https:\/\/lasentinelle.dz\/wp-content\/uploads\/2023\/04\/al-ghais.png","width":1351,"height":900},{"@type":"BreadcrumbList","@id":"https:\/\/lasentinelle.dz\/index.php\/2025\/07\/15\/opep-vers-un-bond-de-la-demande-de-petrole-au-troisieme-trimestre-2025\/#breadcrumb","itemListElement":[{"@type":"ListItem","position":1,"name":"Accueil","item":"https:\/\/lasentinelle.dz\/"},{"@type":"ListItem","position":2,"name":"Opep: Vers un bond de la demande de p\u00e9trole au troisi\u00e8me trimestre 2025"}]},{"@type":"WebSite","@id":"https:\/\/lasentinelle.dz\/#website","url":"https:\/\/lasentinelle.dz\/","name":"La Sentinelle","description":"Quotidien national d&#039;information","publisher":{"@id":"https:\/\/lasentinelle.dz\/#organization"},"potentialAction":[{"@type":"SearchAction","target":{"@type":"EntryPoint","urlTemplate":"https:\/\/lasentinelle.dz\/?s={search_term_string}"},"query-input":{"@type":"PropertyValueSpecification","valueRequired":true,"valueName":"search_term_string"}}],"inLanguage":"fr-FR"},{"@type":"Organization","@id":"https:\/\/lasentinelle.dz\/#organization","name":"Quotidien La Sentinelle","url":"https:\/\/lasentinelle.dz\/","logo":{"@type":"ImageObject","inLanguage":"fr-FR","@id":"https:\/\/lasentinelle.dz\/#\/schema\/logo\/image\/","url":"https:\/\/lasentinelle.dz\/wp-content\/uploads\/2021\/09\/logo-sentinelleSLOGAN-1.png","contentUrl":"https:\/\/lasentinelle.dz\/wp-content\/uploads\/2021\/09\/logo-sentinelleSLOGAN-1.png","width":615,"height":142,"caption":"Quotidien La Sentinelle"},"image":{"@id":"https:\/\/lasentinelle.dz\/#\/schema\/logo\/image\/"},"sameAs":["https:\/\/www.facebook.com\/La-Sentinelle-104059864394773"]},{"@type":"Person","@id":"https:\/\/lasentinelle.dz\/#\/schema\/person\/729ee0024f24e0b8c5ec17232f8e8b41","name":"admin","image":{"@type":"ImageObject","inLanguage":"fr-FR","@id":"https:\/\/secure.gravatar.com\/avatar\/4c81fed838786e9b53f540bf46533e750f5d292099ae3b66cfc6fb1982e29df7?s=96&d=mm&r=g","url":"https:\/\/secure.gravatar.com\/avatar\/4c81fed838786e9b53f540bf46533e750f5d292099ae3b66cfc6fb1982e29df7?s=96&d=mm&r=g","contentUrl":"https:\/\/secure.gravatar.com\/avatar\/4c81fed838786e9b53f540bf46533e750f5d292099ae3b66cfc6fb1982e29df7?s=96&d=mm&r=g","caption":"admin"},"description":"admin","url":"https:\/\/lasentinelle.dz\/author\/admin\/"}]}},"_links":{"self":[{"href":"https:\/\/lasentinelle.dz\/index.php\/wp-json\/wp\/v2\/posts\/70377","targetHints":{"allow":["GET"]}}],"collection":[{"href":"https:\/\/lasentinelle.dz\/index.php\/wp-json\/wp\/v2\/posts"}],"about":[{"href":"https:\/\/lasentinelle.dz\/index.php\/wp-json\/wp\/v2\/types\/post"}],"author":[{"embeddable":true,"href":"https:\/\/lasentinelle.dz\/index.php\/wp-json\/wp\/v2\/users\/6"}],"replies":[{"embeddable":true,"href":"https:\/\/lasentinelle.dz\/index.php\/wp-json\/wp\/v2\/comments?post=70377"}],"version-history":[{"count":1,"href":"https:\/\/lasentinelle.dz\/index.php\/wp-json\/wp\/v2\/posts\/70377\/revisions"}],"predecessor-version":[{"id":70378,"href":"https:\/\/lasentinelle.dz\/index.php\/wp-json\/wp\/v2\/posts\/70377\/revisions\/70378"}],"wp:featuredmedia":[{"embeddable":true,"href":"https:\/\/lasentinelle.dz\/index.php\/wp-json\/wp\/v2\/media\/40250"}],"wp:attachment":[{"href":"https:\/\/lasentinelle.dz\/index.php\/wp-json\/wp\/v2\/media?parent=70377"}],"wp:term":[{"taxonomy":"category","embeddable":true,"href":"https:\/\/lasentinelle.dz\/index.php\/wp-json\/wp\/v2\/categories?post=70377"},{"taxonomy":"post_tag","embeddable":true,"href":"https:\/\/lasentinelle.dz\/index.php\/wp-json\/wp\/v2\/tags?post=70377"}],"curies":[{"name":"wp","href":"https:\/\/api.w.org\/{rel}","templated":true}]}}