{"id":70382,"date":"2025-07-15T12:43:23","date_gmt":"2025-07-15T11:43:23","guid":{"rendered":"https:\/\/lasentinelle.dz\/?p=70382"},"modified":"2025-07-15T12:43:24","modified_gmt":"2025-07-15T11:43:24","slug":"saison-estivale-36-000-policiers-pour-securiser-les-plages","status":"publish","type":"post","link":"https:\/\/lasentinelle.dz\/index.php\/2025\/07\/15\/saison-estivale-36-000-policiers-pour-securiser-les-plages\/","title":{"rendered":"Saison estivale: 36.000 policiers pour s\u00e9curiser les plages"},"content":{"rendered":"\n<p>Dans le cadre des pr\u00e9paratifs pour assurer la s\u00e9curit\u00e9 des estivants, le ministre de l&rsquo;Int\u00e9rieur, des Collectivit\u00e9s locales et de l&rsquo;Am\u00e9nagement du territoire, Brahim Merad, a annonc\u00e9 lundi soir depuis la wilaya de Tlemcen qu&rsquo;environ 36.000 policiers ont \u00e9t\u00e9 mobilis\u00e9s pour s\u00e9curiser les plages \u00e0 travers le territoire national durant la saison estivale en cours. Cette d\u00e9claration a \u00e9t\u00e9 faite lors d&rsquo;une conf\u00e9rence de presse organis\u00e9e \u00e0 l&rsquo;issue de l&rsquo;inauguration du nouveau si\u00e8ge de la S\u00fbret\u00e9 de da\u00efra et d&rsquo;un c\u00e9l\u00e9batorium pour les \u00e9l\u00e9ments de la police nationale \u00e0 Maghnia, dans le cadre de sa visite de travail et d&rsquo;inspection dans la wilaya de Tlemcen.<\/p>\n\n\n\n<p>Le ministre a soulign\u00e9 que \u00ab cette infrastructure vient renforcer les capacit\u00e9s s\u00e9curitaires dans cette zone frontali\u00e8re \u00bb, insistant sur l&rsquo;importance que la S\u00fbret\u00e9 nationale accorde \u00e0 la s\u00e9curit\u00e9 et \u00e0 la protection des citoyens. Cette mobilisation s&rsquo;inscrit dans une strat\u00e9gie globale visant \u00e0 garantir la tranquillit\u00e9 et la s\u00e9curit\u00e9 des vacanciers qui affluent vers les stations baln\u00e9aires alg\u00e9riennes durant la p\u00e9riode estivale, une p\u00e9riode traditionnellement marqu\u00e9e par une intensification des activit\u00e9s touristiques et r\u00e9cr\u00e9atives.<\/p>\n\n\n\n<p>Brahim Merad a \u00e9galement mis en avant le r\u00f4le essentiel de la police dans la lutte contre les fl\u00e9aux sociaux, notamment la drogue, citant \u00e0 cet \u00e9gard \u00ab les op\u00e9rations qualitatives men\u00e9es par la police contre ceux qui tentent de nuire \u00e0 la patrie, \u00e0 la soci\u00e9t\u00e9 et \u00e0 la jeunesse \u00bb. Au-del\u00e0 des questions s\u00e9curitaires, la visite du ministre \u00e0 Tlemcen a \u00e9t\u00e9 l&rsquo;occasion de mettre en lumi\u00e8re plusieurs projets de d\u00e9veloppement \u00e9conomique et social. Dans la zone industrielle de Bendamou, commune de Maghnia, Brahim Merad a remis un arr\u00eat\u00e9 de concession \u00e0 un investisseur priv\u00e9 op\u00e9rant dans la production de chocolat, un projet qui permettra la cr\u00e9ation de 360 postes d&#8217;emploi. Cette initiative s&rsquo;inscrit dans la politique gouvernementale de diversification \u00e9conomique et de cr\u00e9ation d&#8217;emplois, particuli\u00e8rement importante dans les r\u00e9gions frontali\u00e8res comme Tlemcen.<\/p>\n\n\n\n<p>Le ministre a \u00e9galement suivi un expos\u00e9 sur une unit\u00e9 de statut priv\u00e9 de production de fer et inaugur\u00e9 un projet de station d&rsquo;\u00e9puration et de relevage dans cette m\u00eame zone industrielle, t\u00e9moignant de l&rsquo;attention port\u00e9e aux infrastructures industrielles et environnementales. Sa visite s&rsquo;est poursuivie par l&rsquo;inspection de la zone industrielle de la commune d&rsquo;El-Aricha, qui s&rsquo;\u00e9tend sur 400 hectares, d\u00e9montrant le potentiel de d\u00e9veloppement industriel de la r\u00e9gion.<\/p>\n\n\n\n<p>Dans le cadre de la r\u00e9organisation administrative du territoire, le ministre a re\u00e7u des pr\u00e9sentations sur le programme de pr\u00e9paration inh\u00e9rent \u00e0 l&rsquo;installation des nouvelles circonscriptions administratives, ainsi que sur les projets des si\u00e8ges administratifs \u00e0 El-Aricha. Chokri Hafed<\/p>\n","protected":false},"excerpt":{"rendered":"<p>Dans le cadre des pr\u00e9paratifs pour assurer la s\u00e9curit\u00e9 des estivants, le ministre de l&rsquo;Int\u00e9rieur, des Collectivit\u00e9s locales et de<\/p>\n","protected":false},"author":6,"featured_media":70383,"comment_status":"open","ping_status":"closed","sticky":false,"template":"","format":"standard","meta":{"colormag_page_container_layout":"default_layout","colormag_page_sidebar_layout":"default_layout","om_disable_all_campaigns":false,"_monsterinsights_skip_tracking":false,"_monsterinsights_sitenote_active":false,"_monsterinsights_sitenote_note":"","_monsterinsights_sitenote_category":0,"footnotes":"","_wpscppro_dont_share_socialmedia":false,"_wpscppro_custom_social_share_image":0,"_facebook_share_type":"default","_twitter_share_type":"default","_linkedin_share_type":"default","_pinterest_share_type":"default","_linkedin_share_type_page":"","_instagram_share_type":"default","_medium_share_type":"default","_threads_share_type":"","_google_business_share_type":"","_selected_social_profile":[],"_wpsp_enable_custom_social_template":false,"_wpsp_social_scheduling":{"enabled":false,"datetime":null,"platforms":[],"status":"template_only","dateOption":"today","timeOption":"now","customDays":"","customHours":"","customDate":"","customTime":"","schedulingType":"absolute"},"_wpsp_active_default_template":true},"categories":[27],"tags":[],"class_list":["post-70382","post","type-post","status-publish","format-standard","has-post-thumbnail","hentry","category-actualite"],"aioseo_notices":[],"yoast_head":"<!-- This site is optimized with the Yoast SEO plugin v27.4 - https:\/\/yoast.com\/product\/yoast-seo-wordpress\/ -->\n<title>Saison estivale: 36.000 policiers pour s\u00e9curiser les plages - La Sentinelle<\/title>\n<meta name=\"robots\" content=\"index, follow, max-snippet:-1, max-image-preview:large, max-video-preview:-1\" \/>\n<link rel=\"canonical\" href=\"https:\/\/lasentinelle.dz\/index.php\/2025\/07\/15\/saison-estivale-36-000-policiers-pour-securiser-les-plages\/\" \/>\n<meta property=\"og:locale\" content=\"fr_FR\" \/>\n<meta property=\"og:type\" content=\"article\" \/>\n<meta property=\"og:title\" content=\"Saison estivale: 36.000 policiers pour s\u00e9curiser les plages - La Sentinelle\" \/>\n<meta property=\"og:description\" content=\"Dans le cadre des pr\u00e9paratifs pour assurer la s\u00e9curit\u00e9 des estivants, le ministre de l&rsquo;Int\u00e9rieur, des Collectivit\u00e9s locales et de\" \/>\n<meta property=\"og:url\" content=\"https:\/\/lasentinelle.dz\/index.php\/2025\/07\/15\/saison-estivale-36-000-policiers-pour-securiser-les-plages\/\" \/>\n<meta property=\"og:site_name\" content=\"La Sentinelle\" \/>\n<meta property=\"article:publisher\" content=\"https:\/\/www.facebook.com\/La-Sentinelle-104059864394773\" \/>\n<meta property=\"article:published_time\" content=\"2025-07-15T11:43:23+00:00\" \/>\n<meta property=\"article:modified_time\" content=\"2025-07-15T11:43:24+00:00\" \/>\n<meta property=\"og:image\" content=\"https:\/\/lasentinelle.dz\/wp-content\/uploads\/2025\/07\/police-plage.jpg\" \/>\n\t<meta property=\"og:image:width\" content=\"600\" \/>\n\t<meta property=\"og:image:height\" content=\"450\" \/>\n\t<meta property=\"og:image:type\" content=\"image\/jpeg\" \/>\n<meta name=\"author\" content=\"admin\" \/>\n<meta name=\"twitter:card\" content=\"summary_large_image\" \/>\n<meta name=\"twitter:label1\" content=\"\u00c9crit par\" \/>\n\t<meta name=\"twitter:data1\" content=\"admin\" \/>\n\t<meta name=\"twitter:label2\" content=\"Dur\u00e9e de lecture estim\u00e9e\" \/>\n\t<meta name=\"twitter:data2\" content=\"3 minutes\" \/>\n<script type=\"application\/ld+json\" class=\"yoast-schema-graph\">{\"@context\":\"https:\\\/\\\/schema.org\",\"@graph\":[{\"@type\":\"Article\",\"@id\":\"https:\\\/\\\/lasentinelle.dz\\\/index.php\\\/2025\\\/07\\\/15\\\/saison-estivale-36-000-policiers-pour-securiser-les-plages\\\/#article\",\"isPartOf\":{\"@id\":\"https:\\\/\\\/lasentinelle.dz\\\/index.php\\\/2025\\\/07\\\/15\\\/saison-estivale-36-000-policiers-pour-securiser-les-plages\\\/\"},\"author\":{\"name\":\"admin\",\"@id\":\"https:\\\/\\\/lasentinelle.dz\\\/#\\\/schema\\\/person\\\/729ee0024f24e0b8c5ec17232f8e8b41\"},\"headline\":\"Saison estivale: 36.000 policiers pour s\u00e9curiser les plages\",\"datePublished\":\"2025-07-15T11:43:23+00:00\",\"dateModified\":\"2025-07-15T11:43:24+00:00\",\"mainEntityOfPage\":{\"@id\":\"https:\\\/\\\/lasentinelle.dz\\\/index.php\\\/2025\\\/07\\\/15\\\/saison-estivale-36-000-policiers-pour-securiser-les-plages\\\/\"},\"wordCount\":489,\"commentCount\":0,\"publisher\":{\"@id\":\"https:\\\/\\\/lasentinelle.dz\\\/#organization\"},\"image\":{\"@id\":\"https:\\\/\\\/lasentinelle.dz\\\/index.php\\\/2025\\\/07\\\/15\\\/saison-estivale-36-000-policiers-pour-securiser-les-plages\\\/#primaryimage\"},\"thumbnailUrl\":\"https:\\\/\\\/lasentinelle.dz\\\/wp-content\\\/uploads\\\/2025\\\/07\\\/police-plage.jpg\",\"articleSection\":[\"Actualit\u00e9\"],\"inLanguage\":\"fr-FR\",\"potentialAction\":[{\"@type\":\"CommentAction\",\"name\":\"Comment\",\"target\":[\"https:\\\/\\\/lasentinelle.dz\\\/index.php\\\/2025\\\/07\\\/15\\\/saison-estivale-36-000-policiers-pour-securiser-les-plages\\\/#respond\"]}]},{\"@type\":\"WebPage\",\"@id\":\"https:\\\/\\\/lasentinelle.dz\\\/index.php\\\/2025\\\/07\\\/15\\\/saison-estivale-36-000-policiers-pour-securiser-les-plages\\\/\",\"url\":\"https:\\\/\\\/lasentinelle.dz\\\/index.php\\\/2025\\\/07\\\/15\\\/saison-estivale-36-000-policiers-pour-securiser-les-plages\\\/\",\"name\":\"Saison estivale: 36.000 policiers pour s\u00e9curiser les plages - La Sentinelle\",\"isPartOf\":{\"@id\":\"https:\\\/\\\/lasentinelle.dz\\\/#website\"},\"primaryImageOfPage\":{\"@id\":\"https:\\\/\\\/lasentinelle.dz\\\/index.php\\\/2025\\\/07\\\/15\\\/saison-estivale-36-000-policiers-pour-securiser-les-plages\\\/#primaryimage\"},\"image\":{\"@id\":\"https:\\\/\\\/lasentinelle.dz\\\/index.php\\\/2025\\\/07\\\/15\\\/saison-estivale-36-000-policiers-pour-securiser-les-plages\\\/#primaryimage\"},\"thumbnailUrl\":\"https:\\\/\\\/lasentinelle.dz\\\/wp-content\\\/uploads\\\/2025\\\/07\\\/police-plage.jpg\",\"datePublished\":\"2025-07-15T11:43:23+00:00\",\"dateModified\":\"2025-07-15T11:43:24+00:00\",\"breadcrumb\":{\"@id\":\"https:\\\/\\\/lasentinelle.dz\\\/index.php\\\/2025\\\/07\\\/15\\\/saison-estivale-36-000-policiers-pour-securiser-les-plages\\\/#breadcrumb\"},\"inLanguage\":\"fr-FR\",\"potentialAction\":[{\"@type\":\"ReadAction\",\"target\":[\"https:\\\/\\\/lasentinelle.dz\\\/index.php\\\/2025\\\/07\\\/15\\\/saison-estivale-36-000-policiers-pour-securiser-les-plages\\\/\"]}]},{\"@type\":\"ImageObject\",\"inLanguage\":\"fr-FR\",\"@id\":\"https:\\\/\\\/lasentinelle.dz\\\/index.php\\\/2025\\\/07\\\/15\\\/saison-estivale-36-000-policiers-pour-securiser-les-plages\\\/#primaryimage\",\"url\":\"https:\\\/\\\/lasentinelle.dz\\\/wp-content\\\/uploads\\\/2025\\\/07\\\/police-plage.jpg\",\"contentUrl\":\"https:\\\/\\\/lasentinelle.dz\\\/wp-content\\\/uploads\\\/2025\\\/07\\\/police-plage.jpg\",\"width\":600,\"height\":450},{\"@type\":\"BreadcrumbList\",\"@id\":\"https:\\\/\\\/lasentinelle.dz\\\/index.php\\\/2025\\\/07\\\/15\\\/saison-estivale-36-000-policiers-pour-securiser-les-plages\\\/#breadcrumb\",\"itemListElement\":[{\"@type\":\"ListItem\",\"position\":1,\"name\":\"Accueil\",\"item\":\"https:\\\/\\\/lasentinelle.dz\\\/\"},{\"@type\":\"ListItem\",\"position\":2,\"name\":\"Saison estivale: 36.000 policiers pour s\u00e9curiser les plages\"}]},{\"@type\":\"WebSite\",\"@id\":\"https:\\\/\\\/lasentinelle.dz\\\/#website\",\"url\":\"https:\\\/\\\/lasentinelle.dz\\\/\",\"name\":\"La Sentinelle\",\"description\":\"Quotidien national d&#039;information\",\"publisher\":{\"@id\":\"https:\\\/\\\/lasentinelle.dz\\\/#organization\"},\"potentialAction\":[{\"@type\":\"SearchAction\",\"target\":{\"@type\":\"EntryPoint\",\"urlTemplate\":\"https:\\\/\\\/lasentinelle.dz\\\/?s={search_term_string}\"},\"query-input\":{\"@type\":\"PropertyValueSpecification\",\"valueRequired\":true,\"valueName\":\"search_term_string\"}}],\"inLanguage\":\"fr-FR\"},{\"@type\":\"Organization\",\"@id\":\"https:\\\/\\\/lasentinelle.dz\\\/#organization\",\"name\":\"Quotidien La Sentinelle\",\"url\":\"https:\\\/\\\/lasentinelle.dz\\\/\",\"logo\":{\"@type\":\"ImageObject\",\"inLanguage\":\"fr-FR\",\"@id\":\"https:\\\/\\\/lasentinelle.dz\\\/#\\\/schema\\\/logo\\\/image\\\/\",\"url\":\"https:\\\/\\\/lasentinelle.dz\\\/wp-content\\\/uploads\\\/2021\\\/09\\\/logo-sentinelleSLOGAN-1.png\",\"contentUrl\":\"https:\\\/\\\/lasentinelle.dz\\\/wp-content\\\/uploads\\\/2021\\\/09\\\/logo-sentinelleSLOGAN-1.png\",\"width\":615,\"height\":142,\"caption\":\"Quotidien La Sentinelle\"},\"image\":{\"@id\":\"https:\\\/\\\/lasentinelle.dz\\\/#\\\/schema\\\/logo\\\/image\\\/\"},\"sameAs\":[\"https:\\\/\\\/www.facebook.com\\\/La-Sentinelle-104059864394773\"]},{\"@type\":\"Person\",\"@id\":\"https:\\\/\\\/lasentinelle.dz\\\/#\\\/schema\\\/person\\\/729ee0024f24e0b8c5ec17232f8e8b41\",\"name\":\"admin\",\"image\":{\"@type\":\"ImageObject\",\"inLanguage\":\"fr-FR\",\"@id\":\"https:\\\/\\\/secure.gravatar.com\\\/avatar\\\/4c81fed838786e9b53f540bf46533e750f5d292099ae3b66cfc6fb1982e29df7?s=96&d=mm&r=g\",\"url\":\"https:\\\/\\\/secure.gravatar.com\\\/avatar\\\/4c81fed838786e9b53f540bf46533e750f5d292099ae3b66cfc6fb1982e29df7?s=96&d=mm&r=g\",\"contentUrl\":\"https:\\\/\\\/secure.gravatar.com\\\/avatar\\\/4c81fed838786e9b53f540bf46533e750f5d292099ae3b66cfc6fb1982e29df7?s=96&d=mm&r=g\",\"caption\":\"admin\"},\"description\":\"admin\",\"url\":\"https:\\\/\\\/lasentinelle.dz\\\/author\\\/admin\\\/\"}]}<\/script>\n<!-- \/ Yoast SEO plugin. -->","yoast_head_json":{"title":"Saison estivale: 36.000 policiers pour s\u00e9curiser les plages - La Sentinelle","robots":{"index":"index","follow":"follow","max-snippet":"max-snippet:-1","max-image-preview":"max-image-preview:large","max-video-preview":"max-video-preview:-1"},"canonical":"https:\/\/lasentinelle.dz\/index.php\/2025\/07\/15\/saison-estivale-36-000-policiers-pour-securiser-les-plages\/","og_locale":"fr_FR","og_type":"article","og_title":"Saison estivale: 36.000 policiers pour s\u00e9curiser les plages - La Sentinelle","og_description":"Dans le cadre des pr\u00e9paratifs pour assurer la s\u00e9curit\u00e9 des estivants, le ministre de l&rsquo;Int\u00e9rieur, des Collectivit\u00e9s locales et de","og_url":"https:\/\/lasentinelle.dz\/index.php\/2025\/07\/15\/saison-estivale-36-000-policiers-pour-securiser-les-plages\/","og_site_name":"La Sentinelle","article_publisher":"https:\/\/www.facebook.com\/La-Sentinelle-104059864394773","article_published_time":"2025-07-15T11:43:23+00:00","article_modified_time":"2025-07-15T11:43:24+00:00","og_image":[{"width":600,"height":450,"url":"https:\/\/lasentinelle.dz\/wp-content\/uploads\/2025\/07\/police-plage.jpg","type":"image\/jpeg"}],"author":"admin","twitter_card":"summary_large_image","twitter_misc":{"\u00c9crit par":"admin","Dur\u00e9e de lecture estim\u00e9e":"3 minutes"},"schema":{"@context":"https:\/\/schema.org","@graph":[{"@type":"Article","@id":"https:\/\/lasentinelle.dz\/index.php\/2025\/07\/15\/saison-estivale-36-000-policiers-pour-securiser-les-plages\/#article","isPartOf":{"@id":"https:\/\/lasentinelle.dz\/index.php\/2025\/07\/15\/saison-estivale-36-000-policiers-pour-securiser-les-plages\/"},"author":{"name":"admin","@id":"https:\/\/lasentinelle.dz\/#\/schema\/person\/729ee0024f24e0b8c5ec17232f8e8b41"},"headline":"Saison estivale: 36.000 policiers pour s\u00e9curiser les plages","datePublished":"2025-07-15T11:43:23+00:00","dateModified":"2025-07-15T11:43:24+00:00","mainEntityOfPage":{"@id":"https:\/\/lasentinelle.dz\/index.php\/2025\/07\/15\/saison-estivale-36-000-policiers-pour-securiser-les-plages\/"},"wordCount":489,"commentCount":0,"publisher":{"@id":"https:\/\/lasentinelle.dz\/#organization"},"image":{"@id":"https:\/\/lasentinelle.dz\/index.php\/2025\/07\/15\/saison-estivale-36-000-policiers-pour-securiser-les-plages\/#primaryimage"},"thumbnailUrl":"https:\/\/lasentinelle.dz\/wp-content\/uploads\/2025\/07\/police-plage.jpg","articleSection":["Actualit\u00e9"],"inLanguage":"fr-FR","potentialAction":[{"@type":"CommentAction","name":"Comment","target":["https:\/\/lasentinelle.dz\/index.php\/2025\/07\/15\/saison-estivale-36-000-policiers-pour-securiser-les-plages\/#respond"]}]},{"@type":"WebPage","@id":"https:\/\/lasentinelle.dz\/index.php\/2025\/07\/15\/saison-estivale-36-000-policiers-pour-securiser-les-plages\/","url":"https:\/\/lasentinelle.dz\/index.php\/2025\/07\/15\/saison-estivale-36-000-policiers-pour-securiser-les-plages\/","name":"Saison estivale: 36.000 policiers pour s\u00e9curiser les plages - La Sentinelle","isPartOf":{"@id":"https:\/\/lasentinelle.dz\/#website"},"primaryImageOfPage":{"@id":"https:\/\/lasentinelle.dz\/index.php\/2025\/07\/15\/saison-estivale-36-000-policiers-pour-securiser-les-plages\/#primaryimage"},"image":{"@id":"https:\/\/lasentinelle.dz\/index.php\/2025\/07\/15\/saison-estivale-36-000-policiers-pour-securiser-les-plages\/#primaryimage"},"thumbnailUrl":"https:\/\/lasentinelle.dz\/wp-content\/uploads\/2025\/07\/police-plage.jpg","datePublished":"2025-07-15T11:43:23+00:00","dateModified":"2025-07-15T11:43:24+00:00","breadcrumb":{"@id":"https:\/\/lasentinelle.dz\/index.php\/2025\/07\/15\/saison-estivale-36-000-policiers-pour-securiser-les-plages\/#breadcrumb"},"inLanguage":"fr-FR","potentialAction":[{"@type":"ReadAction","target":["https:\/\/lasentinelle.dz\/index.php\/2025\/07\/15\/saison-estivale-36-000-policiers-pour-securiser-les-plages\/"]}]},{"@type":"ImageObject","inLanguage":"fr-FR","@id":"https:\/\/lasentinelle.dz\/index.php\/2025\/07\/15\/saison-estivale-36-000-policiers-pour-securiser-les-plages\/#primaryimage","url":"https:\/\/lasentinelle.dz\/wp-content\/uploads\/2025\/07\/police-plage.jpg","contentUrl":"https:\/\/lasentinelle.dz\/wp-content\/uploads\/2025\/07\/police-plage.jpg","width":600,"height":450},{"@type":"BreadcrumbList","@id":"https:\/\/lasentinelle.dz\/index.php\/2025\/07\/15\/saison-estivale-36-000-policiers-pour-securiser-les-plages\/#breadcrumb","itemListElement":[{"@type":"ListItem","position":1,"name":"Accueil","item":"https:\/\/lasentinelle.dz\/"},{"@type":"ListItem","position":2,"name":"Saison estivale: 36.000 policiers pour s\u00e9curiser les plages"}]},{"@type":"WebSite","@id":"https:\/\/lasentinelle.dz\/#website","url":"https:\/\/lasentinelle.dz\/","name":"La Sentinelle","description":"Quotidien national d&#039;information","publisher":{"@id":"https:\/\/lasentinelle.dz\/#organization"},"potentialAction":[{"@type":"SearchAction","target":{"@type":"EntryPoint","urlTemplate":"https:\/\/lasentinelle.dz\/?s={search_term_string}"},"query-input":{"@type":"PropertyValueSpecification","valueRequired":true,"valueName":"search_term_string"}}],"inLanguage":"fr-FR"},{"@type":"Organization","@id":"https:\/\/lasentinelle.dz\/#organization","name":"Quotidien La Sentinelle","url":"https:\/\/lasentinelle.dz\/","logo":{"@type":"ImageObject","inLanguage":"fr-FR","@id":"https:\/\/lasentinelle.dz\/#\/schema\/logo\/image\/","url":"https:\/\/lasentinelle.dz\/wp-content\/uploads\/2021\/09\/logo-sentinelleSLOGAN-1.png","contentUrl":"https:\/\/lasentinelle.dz\/wp-content\/uploads\/2021\/09\/logo-sentinelleSLOGAN-1.png","width":615,"height":142,"caption":"Quotidien La Sentinelle"},"image":{"@id":"https:\/\/lasentinelle.dz\/#\/schema\/logo\/image\/"},"sameAs":["https:\/\/www.facebook.com\/La-Sentinelle-104059864394773"]},{"@type":"Person","@id":"https:\/\/lasentinelle.dz\/#\/schema\/person\/729ee0024f24e0b8c5ec17232f8e8b41","name":"admin","image":{"@type":"ImageObject","inLanguage":"fr-FR","@id":"https:\/\/secure.gravatar.com\/avatar\/4c81fed838786e9b53f540bf46533e750f5d292099ae3b66cfc6fb1982e29df7?s=96&d=mm&r=g","url":"https:\/\/secure.gravatar.com\/avatar\/4c81fed838786e9b53f540bf46533e750f5d292099ae3b66cfc6fb1982e29df7?s=96&d=mm&r=g","contentUrl":"https:\/\/secure.gravatar.com\/avatar\/4c81fed838786e9b53f540bf46533e750f5d292099ae3b66cfc6fb1982e29df7?s=96&d=mm&r=g","caption":"admin"},"description":"admin","url":"https:\/\/lasentinelle.dz\/author\/admin\/"}]}},"_links":{"self":[{"href":"https:\/\/lasentinelle.dz\/index.php\/wp-json\/wp\/v2\/posts\/70382","targetHints":{"allow":["GET"]}}],"collection":[{"href":"https:\/\/lasentinelle.dz\/index.php\/wp-json\/wp\/v2\/posts"}],"about":[{"href":"https:\/\/lasentinelle.dz\/index.php\/wp-json\/wp\/v2\/types\/post"}],"author":[{"embeddable":true,"href":"https:\/\/lasentinelle.dz\/index.php\/wp-json\/wp\/v2\/users\/6"}],"replies":[{"embeddable":true,"href":"https:\/\/lasentinelle.dz\/index.php\/wp-json\/wp\/v2\/comments?post=70382"}],"version-history":[{"count":1,"href":"https:\/\/lasentinelle.dz\/index.php\/wp-json\/wp\/v2\/posts\/70382\/revisions"}],"predecessor-version":[{"id":70384,"href":"https:\/\/lasentinelle.dz\/index.php\/wp-json\/wp\/v2\/posts\/70382\/revisions\/70384"}],"wp:featuredmedia":[{"embeddable":true,"href":"https:\/\/lasentinelle.dz\/index.php\/wp-json\/wp\/v2\/media\/70383"}],"wp:attachment":[{"href":"https:\/\/lasentinelle.dz\/index.php\/wp-json\/wp\/v2\/media?parent=70382"}],"wp:term":[{"taxonomy":"category","embeddable":true,"href":"https:\/\/lasentinelle.dz\/index.php\/wp-json\/wp\/v2\/categories?post=70382"},{"taxonomy":"post_tag","embeddable":true,"href":"https:\/\/lasentinelle.dz\/index.php\/wp-json\/wp\/v2\/tags?post=70382"}],"curies":[{"name":"wp","href":"https:\/\/api.w.org\/{rel}","templated":true}]}}