{"id":70402,"date":"2025-07-16T11:54:52","date_gmt":"2025-07-16T10:54:52","guid":{"rendered":"https:\/\/lasentinelle.dz\/?p=70402"},"modified":"2025-07-16T11:54:54","modified_gmt":"2025-07-16T10:54:54","slug":"metro-dalger-les-travaux-dextension-lances","status":"publish","type":"post","link":"https:\/\/lasentinelle.dz\/index.php\/2025\/07\/16\/metro-dalger-les-travaux-dextension-lances\/","title":{"rendered":"M\u00e9tro d&rsquo;Alger : Les travaux d&rsquo;extension lanc\u00e9s"},"content":{"rendered":"\n<p>Le ministre des Travaux publics et des Infrastructures de base, Lakhdar Rekhroukh, a donn\u00e9 mardi le coup d&rsquo;envoi des travaux d&rsquo;am\u00e9nagement et de mise en place du syst\u00e8me global du projet d&rsquo;extension des deux lignes El Harrach-a\u00e9roport international Houari Boumediene et Ain Naadja-Baraki. Cette c\u00e9r\u00e9monie, organis\u00e9e au niveau du projet de la station du p\u00f4le universitaire d&rsquo;El Harrach, marque une \u00e9tape d\u00e9cisive dans le d\u00e9veloppement du r\u00e9seau de transport en commun de la capitale.<\/p>\n\n\n\n<p>La c\u00e9r\u00e9monie s&rsquo;est d\u00e9roul\u00e9e en pr\u00e9sence du ministre des Transports, Sa\u00efd Sayoud, du ministre de l&rsquo;Enseignement sup\u00e9rieur et de la Recherche scientifique, Kamel Baddari, et du secr\u00e9taire g\u00e9n\u00e9ral de la wilaya d&rsquo;Alger, Abderrahmane Rahmani, ainsi que de repr\u00e9sentants des autorit\u00e9s locales. Les travaux lanc\u00e9s concernent l&rsquo;am\u00e9nagement de 15 stations, l&rsquo;\u00e9quipement des tunnels et l&rsquo;installation des rails de la ligne El Harrach centre-a\u00e9roport international d&rsquo;Alger, longue de 9,5 kilom\u00e8tres, et de la ligne Ain Naadja-Baraki via Gu\u00e9 de Constantine, s&rsquo;\u00e9tendant sur 6 kilom\u00e8tres. Cette extension ambitieuse permettra de d\u00e9senclaver des zones strat\u00e9giques de la capitale tout en offrant une desserte moderne et efficace aux usagers. La ligne El Harrach centre-a\u00e9roport international d&rsquo;Alger comprendra 9 stations aux noms \u00e9vocateurs : Hac\u00e8ne Badi, le p\u00f4le universitaire, Beaulieu, Oued Smar, l&rsquo;universit\u00e9 Houari Boumediene, Rabia Tahar, Smail Yefsah, le quartier des affaires, et la station de l&rsquo;a\u00e9roport. Cette liaison directe entre le centre-ville et l&rsquo;a\u00e9roport international constitue un enjeu majeur pour am\u00e9liorer l&rsquo;accessibilit\u00e9 de la capitale et faciliter les d\u00e9placements des voyageurs.<\/p>\n\n\n\n<p>La ligne Ain Naadja-Baraki comportera quant \u00e0 elle 6 stations : Mohamed Boudiaf, Ain Naadja, le parc urbain, Mohamed Belarbi, le jardin et la station de la cit\u00e9 des 2004 logements \u00e0 Baraki. Cette desserte permettra de relier des quartiers populaires aux centres n\u00e9vralgiques de la capitale.<\/p>\n\n\n\n<p>Ces nouvelles stations relieront des agglom\u00e9rations \u00e0 d&rsquo;importants services publics au niveau de la capitale, notamment le p\u00f4le universitaire d&rsquo;El Harrach, l&rsquo;universit\u00e9 Houari Boumediene, le quartier d&rsquo;affaires \u00e0 Bab Ezzouar et l&rsquo;a\u00e9roport international Houari Boumediene. Cette connectivit\u00e9 renforc\u00e9e favorisera les \u00e9changes \u00e9conomiques et universitaires tout en d\u00e9congestionnat le trafic routier dans ces zones strat\u00e9giques.<\/p>\n\n\n\n<p>Le d\u00e9lai de r\u00e9alisation des deux nouvelles lignes et de leur mise en service est fix\u00e9 \u00e0 24 mois, avec la possibilit\u00e9 d&rsquo;exploitation progressive de certains tron\u00e7ons selon les explications fournies par les entreprises en charge du projet. Cette approche par phases permettra aux usagers de b\u00e9n\u00e9ficier plus rapidement des premiers tron\u00e7ons op\u00e9rationnels tout en maintenant la continuit\u00e9 du service.<\/p>\n\n\n\n<p>Cette extension s&rsquo;inscrit dans une dynamique de d\u00e9veloppement du transport public alg\u00e9rois. Le r\u00e9seau du m\u00e9tro d&rsquo;Alger, actuellement op\u00e9rationnel, s&rsquo;\u00e9tend sur une longueur de 19,5 kilom\u00e8tres et compte 19 stations. Avec ces deux nouvelles lignes, la capitale disposera d&rsquo;un r\u00e9seau de transport souterrain consid\u00e9rablement \u00e9largi, r\u00e9pondant aux besoins croissants de mobilit\u00e9 d&rsquo;une agglom\u00e9ration en constante \u00e9volution. Cette modernisation du transport public constitue un pas important vers une ville plus durable et mieux connect\u00e9e.<\/p>\n\n\n\n<p>Chokri Hafed<\/p>\n","protected":false},"excerpt":{"rendered":"<p>Le ministre des Travaux publics et des Infrastructures de base, Lakhdar Rekhroukh, a donn\u00e9 mardi le coup d&rsquo;envoi des travaux<\/p>\n","protected":false},"author":6,"featured_media":10167,"comment_status":"open","ping_status":"closed","sticky":false,"template":"","format":"standard","meta":{"colormag_page_container_layout":"default_layout","colormag_page_sidebar_layout":"default_layout","om_disable_all_campaigns":false,"_monsterinsights_skip_tracking":false,"_monsterinsights_sitenote_active":false,"_monsterinsights_sitenote_note":"","_monsterinsights_sitenote_category":0,"footnotes":"","_wpscppro_dont_share_socialmedia":false,"_wpscppro_custom_social_share_image":0,"_facebook_share_type":"default","_twitter_share_type":"default","_linkedin_share_type":"default","_pinterest_share_type":"default","_linkedin_share_type_page":"","_instagram_share_type":"default","_medium_share_type":"default","_threads_share_type":"","_google_business_share_type":"","_selected_social_profile":[],"_wpsp_enable_custom_social_template":false,"_wpsp_social_scheduling":{"enabled":false,"datetime":null,"platforms":[],"status":"template_only","dateOption":"today","timeOption":"now","customDays":"","customHours":"","customDate":"","customTime":"","schedulingType":"absolute"},"_wpsp_active_default_template":true},"categories":[52,27],"tags":[],"class_list":["post-70402","post","type-post","status-publish","format-standard","has-post-thumbnail","hentry","category-a-la-une","category-actualite"],"aioseo_notices":[],"yoast_head":"<!-- This site is optimized with the Yoast SEO plugin v27.4 - https:\/\/yoast.com\/product\/yoast-seo-wordpress\/ -->\n<title>M\u00e9tro d&rsquo;Alger : Les travaux d&rsquo;extension lanc\u00e9s - La Sentinelle<\/title>\n<meta name=\"robots\" content=\"index, follow, max-snippet:-1, max-image-preview:large, max-video-preview:-1\" \/>\n<link rel=\"canonical\" href=\"https:\/\/lasentinelle.dz\/index.php\/2025\/07\/16\/metro-dalger-les-travaux-dextension-lances\/\" \/>\n<meta property=\"og:locale\" content=\"fr_FR\" \/>\n<meta property=\"og:type\" content=\"article\" \/>\n<meta property=\"og:title\" content=\"M\u00e9tro d&rsquo;Alger : Les travaux d&rsquo;extension lanc\u00e9s - La Sentinelle\" \/>\n<meta property=\"og:description\" content=\"Le ministre des Travaux publics et des Infrastructures de base, Lakhdar Rekhroukh, a donn\u00e9 mardi le coup d&rsquo;envoi des travaux\" \/>\n<meta property=\"og:url\" content=\"https:\/\/lasentinelle.dz\/index.php\/2025\/07\/16\/metro-dalger-les-travaux-dextension-lances\/\" \/>\n<meta property=\"og:site_name\" content=\"La Sentinelle\" \/>\n<meta property=\"article:publisher\" content=\"https:\/\/www.facebook.com\/La-Sentinelle-104059864394773\" \/>\n<meta property=\"article:published_time\" content=\"2025-07-16T10:54:52+00:00\" \/>\n<meta property=\"article:modified_time\" content=\"2025-07-16T10:54:54+00:00\" \/>\n<meta property=\"og:image\" content=\"https:\/\/lasentinelle.dz\/wp-content\/uploads\/2021\/10\/metro-dalger.jpeg\" \/>\n\t<meta property=\"og:image:width\" content=\"630\" \/>\n\t<meta property=\"og:image:height\" content=\"330\" \/>\n\t<meta property=\"og:image:type\" content=\"image\/jpeg\" \/>\n<meta name=\"author\" content=\"admin\" \/>\n<meta name=\"twitter:card\" content=\"summary_large_image\" \/>\n<meta name=\"twitter:label1\" content=\"\u00c9crit par\" \/>\n\t<meta name=\"twitter:data1\" content=\"admin\" \/>\n\t<meta name=\"twitter:label2\" content=\"Dur\u00e9e de lecture estim\u00e9e\" \/>\n\t<meta name=\"twitter:data2\" content=\"3 minutes\" \/>\n<script type=\"application\/ld+json\" class=\"yoast-schema-graph\">{\"@context\":\"https:\\\/\\\/schema.org\",\"@graph\":[{\"@type\":\"Article\",\"@id\":\"https:\\\/\\\/lasentinelle.dz\\\/index.php\\\/2025\\\/07\\\/16\\\/metro-dalger-les-travaux-dextension-lances\\\/#article\",\"isPartOf\":{\"@id\":\"https:\\\/\\\/lasentinelle.dz\\\/index.php\\\/2025\\\/07\\\/16\\\/metro-dalger-les-travaux-dextension-lances\\\/\"},\"author\":{\"name\":\"admin\",\"@id\":\"https:\\\/\\\/lasentinelle.dz\\\/#\\\/schema\\\/person\\\/729ee0024f24e0b8c5ec17232f8e8b41\"},\"headline\":\"M\u00e9tro d&rsquo;Alger : Les travaux d&rsquo;extension lanc\u00e9s\",\"datePublished\":\"2025-07-16T10:54:52+00:00\",\"dateModified\":\"2025-07-16T10:54:54+00:00\",\"mainEntityOfPage\":{\"@id\":\"https:\\\/\\\/lasentinelle.dz\\\/index.php\\\/2025\\\/07\\\/16\\\/metro-dalger-les-travaux-dextension-lances\\\/\"},\"wordCount\":562,\"commentCount\":0,\"publisher\":{\"@id\":\"https:\\\/\\\/lasentinelle.dz\\\/#organization\"},\"image\":{\"@id\":\"https:\\\/\\\/lasentinelle.dz\\\/index.php\\\/2025\\\/07\\\/16\\\/metro-dalger-les-travaux-dextension-lances\\\/#primaryimage\"},\"thumbnailUrl\":\"https:\\\/\\\/lasentinelle.dz\\\/wp-content\\\/uploads\\\/2021\\\/10\\\/metro-dalger.jpeg\",\"articleSection\":[\"\u00c0 la Une\",\"Actualit\u00e9\"],\"inLanguage\":\"fr-FR\",\"potentialAction\":[{\"@type\":\"CommentAction\",\"name\":\"Comment\",\"target\":[\"https:\\\/\\\/lasentinelle.dz\\\/index.php\\\/2025\\\/07\\\/16\\\/metro-dalger-les-travaux-dextension-lances\\\/#respond\"]}]},{\"@type\":\"WebPage\",\"@id\":\"https:\\\/\\\/lasentinelle.dz\\\/index.php\\\/2025\\\/07\\\/16\\\/metro-dalger-les-travaux-dextension-lances\\\/\",\"url\":\"https:\\\/\\\/lasentinelle.dz\\\/index.php\\\/2025\\\/07\\\/16\\\/metro-dalger-les-travaux-dextension-lances\\\/\",\"name\":\"M\u00e9tro d&rsquo;Alger : Les travaux d&rsquo;extension lanc\u00e9s - La Sentinelle\",\"isPartOf\":{\"@id\":\"https:\\\/\\\/lasentinelle.dz\\\/#website\"},\"primaryImageOfPage\":{\"@id\":\"https:\\\/\\\/lasentinelle.dz\\\/index.php\\\/2025\\\/07\\\/16\\\/metro-dalger-les-travaux-dextension-lances\\\/#primaryimage\"},\"image\":{\"@id\":\"https:\\\/\\\/lasentinelle.dz\\\/index.php\\\/2025\\\/07\\\/16\\\/metro-dalger-les-travaux-dextension-lances\\\/#primaryimage\"},\"thumbnailUrl\":\"https:\\\/\\\/lasentinelle.dz\\\/wp-content\\\/uploads\\\/2021\\\/10\\\/metro-dalger.jpeg\",\"datePublished\":\"2025-07-16T10:54:52+00:00\",\"dateModified\":\"2025-07-16T10:54:54+00:00\",\"breadcrumb\":{\"@id\":\"https:\\\/\\\/lasentinelle.dz\\\/index.php\\\/2025\\\/07\\\/16\\\/metro-dalger-les-travaux-dextension-lances\\\/#breadcrumb\"},\"inLanguage\":\"fr-FR\",\"potentialAction\":[{\"@type\":\"ReadAction\",\"target\":[\"https:\\\/\\\/lasentinelle.dz\\\/index.php\\\/2025\\\/07\\\/16\\\/metro-dalger-les-travaux-dextension-lances\\\/\"]}]},{\"@type\":\"ImageObject\",\"inLanguage\":\"fr-FR\",\"@id\":\"https:\\\/\\\/lasentinelle.dz\\\/index.php\\\/2025\\\/07\\\/16\\\/metro-dalger-les-travaux-dextension-lances\\\/#primaryimage\",\"url\":\"https:\\\/\\\/lasentinelle.dz\\\/wp-content\\\/uploads\\\/2021\\\/10\\\/metro-dalger.jpeg\",\"contentUrl\":\"https:\\\/\\\/lasentinelle.dz\\\/wp-content\\\/uploads\\\/2021\\\/10\\\/metro-dalger.jpeg\",\"width\":630,\"height\":330},{\"@type\":\"BreadcrumbList\",\"@id\":\"https:\\\/\\\/lasentinelle.dz\\\/index.php\\\/2025\\\/07\\\/16\\\/metro-dalger-les-travaux-dextension-lances\\\/#breadcrumb\",\"itemListElement\":[{\"@type\":\"ListItem\",\"position\":1,\"name\":\"Accueil\",\"item\":\"https:\\\/\\\/lasentinelle.dz\\\/\"},{\"@type\":\"ListItem\",\"position\":2,\"name\":\"M\u00e9tro d&rsquo;Alger : Les travaux d&rsquo;extension lanc\u00e9s\"}]},{\"@type\":\"WebSite\",\"@id\":\"https:\\\/\\\/lasentinelle.dz\\\/#website\",\"url\":\"https:\\\/\\\/lasentinelle.dz\\\/\",\"name\":\"La Sentinelle\",\"description\":\"Quotidien national d&#039;information\",\"publisher\":{\"@id\":\"https:\\\/\\\/lasentinelle.dz\\\/#organization\"},\"potentialAction\":[{\"@type\":\"SearchAction\",\"target\":{\"@type\":\"EntryPoint\",\"urlTemplate\":\"https:\\\/\\\/lasentinelle.dz\\\/?s={search_term_string}\"},\"query-input\":{\"@type\":\"PropertyValueSpecification\",\"valueRequired\":true,\"valueName\":\"search_term_string\"}}],\"inLanguage\":\"fr-FR\"},{\"@type\":\"Organization\",\"@id\":\"https:\\\/\\\/lasentinelle.dz\\\/#organization\",\"name\":\"Quotidien La Sentinelle\",\"url\":\"https:\\\/\\\/lasentinelle.dz\\\/\",\"logo\":{\"@type\":\"ImageObject\",\"inLanguage\":\"fr-FR\",\"@id\":\"https:\\\/\\\/lasentinelle.dz\\\/#\\\/schema\\\/logo\\\/image\\\/\",\"url\":\"https:\\\/\\\/lasentinelle.dz\\\/wp-content\\\/uploads\\\/2021\\\/09\\\/logo-sentinelleSLOGAN-1.png\",\"contentUrl\":\"https:\\\/\\\/lasentinelle.dz\\\/wp-content\\\/uploads\\\/2021\\\/09\\\/logo-sentinelleSLOGAN-1.png\",\"width\":615,\"height\":142,\"caption\":\"Quotidien La Sentinelle\"},\"image\":{\"@id\":\"https:\\\/\\\/lasentinelle.dz\\\/#\\\/schema\\\/logo\\\/image\\\/\"},\"sameAs\":[\"https:\\\/\\\/www.facebook.com\\\/La-Sentinelle-104059864394773\"]},{\"@type\":\"Person\",\"@id\":\"https:\\\/\\\/lasentinelle.dz\\\/#\\\/schema\\\/person\\\/729ee0024f24e0b8c5ec17232f8e8b41\",\"name\":\"admin\",\"image\":{\"@type\":\"ImageObject\",\"inLanguage\":\"fr-FR\",\"@id\":\"https:\\\/\\\/secure.gravatar.com\\\/avatar\\\/4c81fed838786e9b53f540bf46533e750f5d292099ae3b66cfc6fb1982e29df7?s=96&d=mm&r=g\",\"url\":\"https:\\\/\\\/secure.gravatar.com\\\/avatar\\\/4c81fed838786e9b53f540bf46533e750f5d292099ae3b66cfc6fb1982e29df7?s=96&d=mm&r=g\",\"contentUrl\":\"https:\\\/\\\/secure.gravatar.com\\\/avatar\\\/4c81fed838786e9b53f540bf46533e750f5d292099ae3b66cfc6fb1982e29df7?s=96&d=mm&r=g\",\"caption\":\"admin\"},\"description\":\"admin\",\"url\":\"https:\\\/\\\/lasentinelle.dz\\\/author\\\/admin\\\/\"}]}<\/script>\n<!-- \/ Yoast SEO plugin. -->","yoast_head_json":{"title":"M\u00e9tro d&rsquo;Alger : Les travaux d&rsquo;extension lanc\u00e9s - La Sentinelle","robots":{"index":"index","follow":"follow","max-snippet":"max-snippet:-1","max-image-preview":"max-image-preview:large","max-video-preview":"max-video-preview:-1"},"canonical":"https:\/\/lasentinelle.dz\/index.php\/2025\/07\/16\/metro-dalger-les-travaux-dextension-lances\/","og_locale":"fr_FR","og_type":"article","og_title":"M\u00e9tro d&rsquo;Alger : Les travaux d&rsquo;extension lanc\u00e9s - La Sentinelle","og_description":"Le ministre des Travaux publics et des Infrastructures de base, Lakhdar Rekhroukh, a donn\u00e9 mardi le coup d&rsquo;envoi des travaux","og_url":"https:\/\/lasentinelle.dz\/index.php\/2025\/07\/16\/metro-dalger-les-travaux-dextension-lances\/","og_site_name":"La Sentinelle","article_publisher":"https:\/\/www.facebook.com\/La-Sentinelle-104059864394773","article_published_time":"2025-07-16T10:54:52+00:00","article_modified_time":"2025-07-16T10:54:54+00:00","og_image":[{"width":630,"height":330,"url":"https:\/\/lasentinelle.dz\/wp-content\/uploads\/2021\/10\/metro-dalger.jpeg","type":"image\/jpeg"}],"author":"admin","twitter_card":"summary_large_image","twitter_misc":{"\u00c9crit par":"admin","Dur\u00e9e de lecture estim\u00e9e":"3 minutes"},"schema":{"@context":"https:\/\/schema.org","@graph":[{"@type":"Article","@id":"https:\/\/lasentinelle.dz\/index.php\/2025\/07\/16\/metro-dalger-les-travaux-dextension-lances\/#article","isPartOf":{"@id":"https:\/\/lasentinelle.dz\/index.php\/2025\/07\/16\/metro-dalger-les-travaux-dextension-lances\/"},"author":{"name":"admin","@id":"https:\/\/lasentinelle.dz\/#\/schema\/person\/729ee0024f24e0b8c5ec17232f8e8b41"},"headline":"M\u00e9tro d&rsquo;Alger : Les travaux d&rsquo;extension lanc\u00e9s","datePublished":"2025-07-16T10:54:52+00:00","dateModified":"2025-07-16T10:54:54+00:00","mainEntityOfPage":{"@id":"https:\/\/lasentinelle.dz\/index.php\/2025\/07\/16\/metro-dalger-les-travaux-dextension-lances\/"},"wordCount":562,"commentCount":0,"publisher":{"@id":"https:\/\/lasentinelle.dz\/#organization"},"image":{"@id":"https:\/\/lasentinelle.dz\/index.php\/2025\/07\/16\/metro-dalger-les-travaux-dextension-lances\/#primaryimage"},"thumbnailUrl":"https:\/\/lasentinelle.dz\/wp-content\/uploads\/2021\/10\/metro-dalger.jpeg","articleSection":["\u00c0 la Une","Actualit\u00e9"],"inLanguage":"fr-FR","potentialAction":[{"@type":"CommentAction","name":"Comment","target":["https:\/\/lasentinelle.dz\/index.php\/2025\/07\/16\/metro-dalger-les-travaux-dextension-lances\/#respond"]}]},{"@type":"WebPage","@id":"https:\/\/lasentinelle.dz\/index.php\/2025\/07\/16\/metro-dalger-les-travaux-dextension-lances\/","url":"https:\/\/lasentinelle.dz\/index.php\/2025\/07\/16\/metro-dalger-les-travaux-dextension-lances\/","name":"M\u00e9tro d&rsquo;Alger : Les travaux d&rsquo;extension lanc\u00e9s - La Sentinelle","isPartOf":{"@id":"https:\/\/lasentinelle.dz\/#website"},"primaryImageOfPage":{"@id":"https:\/\/lasentinelle.dz\/index.php\/2025\/07\/16\/metro-dalger-les-travaux-dextension-lances\/#primaryimage"},"image":{"@id":"https:\/\/lasentinelle.dz\/index.php\/2025\/07\/16\/metro-dalger-les-travaux-dextension-lances\/#primaryimage"},"thumbnailUrl":"https:\/\/lasentinelle.dz\/wp-content\/uploads\/2021\/10\/metro-dalger.jpeg","datePublished":"2025-07-16T10:54:52+00:00","dateModified":"2025-07-16T10:54:54+00:00","breadcrumb":{"@id":"https:\/\/lasentinelle.dz\/index.php\/2025\/07\/16\/metro-dalger-les-travaux-dextension-lances\/#breadcrumb"},"inLanguage":"fr-FR","potentialAction":[{"@type":"ReadAction","target":["https:\/\/lasentinelle.dz\/index.php\/2025\/07\/16\/metro-dalger-les-travaux-dextension-lances\/"]}]},{"@type":"ImageObject","inLanguage":"fr-FR","@id":"https:\/\/lasentinelle.dz\/index.php\/2025\/07\/16\/metro-dalger-les-travaux-dextension-lances\/#primaryimage","url":"https:\/\/lasentinelle.dz\/wp-content\/uploads\/2021\/10\/metro-dalger.jpeg","contentUrl":"https:\/\/lasentinelle.dz\/wp-content\/uploads\/2021\/10\/metro-dalger.jpeg","width":630,"height":330},{"@type":"BreadcrumbList","@id":"https:\/\/lasentinelle.dz\/index.php\/2025\/07\/16\/metro-dalger-les-travaux-dextension-lances\/#breadcrumb","itemListElement":[{"@type":"ListItem","position":1,"name":"Accueil","item":"https:\/\/lasentinelle.dz\/"},{"@type":"ListItem","position":2,"name":"M\u00e9tro d&rsquo;Alger : Les travaux d&rsquo;extension lanc\u00e9s"}]},{"@type":"WebSite","@id":"https:\/\/lasentinelle.dz\/#website","url":"https:\/\/lasentinelle.dz\/","name":"La Sentinelle","description":"Quotidien national d&#039;information","publisher":{"@id":"https:\/\/lasentinelle.dz\/#organization"},"potentialAction":[{"@type":"SearchAction","target":{"@type":"EntryPoint","urlTemplate":"https:\/\/lasentinelle.dz\/?s={search_term_string}"},"query-input":{"@type":"PropertyValueSpecification","valueRequired":true,"valueName":"search_term_string"}}],"inLanguage":"fr-FR"},{"@type":"Organization","@id":"https:\/\/lasentinelle.dz\/#organization","name":"Quotidien La Sentinelle","url":"https:\/\/lasentinelle.dz\/","logo":{"@type":"ImageObject","inLanguage":"fr-FR","@id":"https:\/\/lasentinelle.dz\/#\/schema\/logo\/image\/","url":"https:\/\/lasentinelle.dz\/wp-content\/uploads\/2021\/09\/logo-sentinelleSLOGAN-1.png","contentUrl":"https:\/\/lasentinelle.dz\/wp-content\/uploads\/2021\/09\/logo-sentinelleSLOGAN-1.png","width":615,"height":142,"caption":"Quotidien La Sentinelle"},"image":{"@id":"https:\/\/lasentinelle.dz\/#\/schema\/logo\/image\/"},"sameAs":["https:\/\/www.facebook.com\/La-Sentinelle-104059864394773"]},{"@type":"Person","@id":"https:\/\/lasentinelle.dz\/#\/schema\/person\/729ee0024f24e0b8c5ec17232f8e8b41","name":"admin","image":{"@type":"ImageObject","inLanguage":"fr-FR","@id":"https:\/\/secure.gravatar.com\/avatar\/4c81fed838786e9b53f540bf46533e750f5d292099ae3b66cfc6fb1982e29df7?s=96&d=mm&r=g","url":"https:\/\/secure.gravatar.com\/avatar\/4c81fed838786e9b53f540bf46533e750f5d292099ae3b66cfc6fb1982e29df7?s=96&d=mm&r=g","contentUrl":"https:\/\/secure.gravatar.com\/avatar\/4c81fed838786e9b53f540bf46533e750f5d292099ae3b66cfc6fb1982e29df7?s=96&d=mm&r=g","caption":"admin"},"description":"admin","url":"https:\/\/lasentinelle.dz\/author\/admin\/"}]}},"_links":{"self":[{"href":"https:\/\/lasentinelle.dz\/index.php\/wp-json\/wp\/v2\/posts\/70402","targetHints":{"allow":["GET"]}}],"collection":[{"href":"https:\/\/lasentinelle.dz\/index.php\/wp-json\/wp\/v2\/posts"}],"about":[{"href":"https:\/\/lasentinelle.dz\/index.php\/wp-json\/wp\/v2\/types\/post"}],"author":[{"embeddable":true,"href":"https:\/\/lasentinelle.dz\/index.php\/wp-json\/wp\/v2\/users\/6"}],"replies":[{"embeddable":true,"href":"https:\/\/lasentinelle.dz\/index.php\/wp-json\/wp\/v2\/comments?post=70402"}],"version-history":[{"count":2,"href":"https:\/\/lasentinelle.dz\/index.php\/wp-json\/wp\/v2\/posts\/70402\/revisions"}],"predecessor-version":[{"id":70404,"href":"https:\/\/lasentinelle.dz\/index.php\/wp-json\/wp\/v2\/posts\/70402\/revisions\/70404"}],"wp:featuredmedia":[{"embeddable":true,"href":"https:\/\/lasentinelle.dz\/index.php\/wp-json\/wp\/v2\/media\/10167"}],"wp:attachment":[{"href":"https:\/\/lasentinelle.dz\/index.php\/wp-json\/wp\/v2\/media?parent=70402"}],"wp:term":[{"taxonomy":"category","embeddable":true,"href":"https:\/\/lasentinelle.dz\/index.php\/wp-json\/wp\/v2\/categories?post=70402"},{"taxonomy":"post_tag","embeddable":true,"href":"https:\/\/lasentinelle.dz\/index.php\/wp-json\/wp\/v2\/tags?post=70402"}],"curies":[{"name":"wp","href":"https:\/\/api.w.org\/{rel}","templated":true}]}}