{"id":70405,"date":"2025-07-16T11:55:45","date_gmt":"2025-07-16T10:55:45","guid":{"rendered":"https:\/\/lasentinelle.dz\/?p=70405"},"modified":"2025-07-16T11:55:46","modified_gmt":"2025-07-16T10:55:46","slug":"sahara-occidental-wsrw-denonce-le-choix-de-dakhla-occupee-pour-limplantation-dun-centre-marocain-de-donnees","status":"publish","type":"post","link":"https:\/\/lasentinelle.dz\/index.php\/2025\/07\/16\/sahara-occidental-wsrw-denonce-le-choix-de-dakhla-occupee-pour-limplantation-dun-centre-marocain-de-donnees\/","title":{"rendered":"Sahara occidental: WSRW d\u00e9nonce le choix de Dakhla occup\u00e9e pour l&rsquo;implantation d&rsquo;un centre marocain de donn\u00e9es"},"content":{"rendered":"\n<p>L&rsquo;Observatoire international de surveillance des ressources naturelles du Sahara occidental (Western Sahara Resource Watch -WSRW) a d\u00e9nonc\u00e9 le choix de la ville sahraouie occup\u00e9e de Dakhla comme site d&rsquo;implantation du nouveau centre marocain de donn\u00e9es, en violation du droit international et du droit du peuple sahraoui \u00e0 l&rsquo;autod\u00e9termination. \u00ab\u00a0Etablir un centre de donn\u00e9es de cette envergure en territoire occup\u00e9, sans consentement (du peuple sahraoui), \u00e9quivaut \u00e0 une usurpation du territoire sahraoui, d\u00e9guis\u00e9e en avanc\u00e9e technologique\u00a0\u00bb, a affirm\u00e9 Sara Eyckmans, membre de l&rsquo;Observatoire, cit\u00e9e dans un communiqu\u00e9. Alors que le Maroc parle de \u00ab\u00a0souverainet\u00e9 num\u00e9rique\u00a0\u00bb, il continue de \u00ab\u00a0violer le principe m\u00eame de souverainet\u00e9 lorsqu&rsquo;il s&rsquo;agit du peuple sahraoui\u00a0\u00bb, d\u00e9plore Sara Eyckmans. \u00ab\u00a0Aucun panneau solaire, ni aucune image de marque \u00e9cologique ne peuvent masquer la r\u00e9alit\u00e9 : ce projet est d\u00e9velopp\u00e9 sur un territoire sous occupation militaire\u00a0\u00bb, ajoute-t-elle. Selon WSRW, ce projet s&rsquo;inscrit dans la strat\u00e9gie globale du Maroc visant \u00e0 \u00ab\u00a0attirer les entreprises technologiques internationales gr\u00e2ce \u00e0 des mesures incitatives, telles que des r\u00e9ductions d&rsquo;imp\u00f4ts et des exon\u00e9rations\u00a0\u00bb. \u00ab\u00a0Mais derri\u00e8re la fa\u00e7ade \u00e9l\u00e9gante de l&rsquo;\u00e9nergie verte et des +avanc\u00e9es technologiques+ se cache une r\u00e9alit\u00e9 troublante : le centre de donn\u00e9es est pr\u00e9vu sur un territoire occup\u00e9, sans le consentement du peuple sahraoui dont le droit \u00e0 l&rsquo;autod\u00e9termination est inscrit dans le droit international\u00a0\u00bb, explique cette ONG. Elle rappelle, dans ce contexte, que les Nations unies classent le Sahara occidental comme territoire non autonome et que la pr\u00e9tendue \u00ab\u00a0souverainet\u00e9\u00a0\u00bb du Maroc sur ce territoire a \u00e9t\u00e9 rejet\u00e9e par les tribunaux internationaux et n&rsquo;est reconnue ni par l&rsquo;ONU, ni par la grande majorit\u00e9 de la communaut\u00e9 internationale. \u00ab\u00a0L&rsquo;ampleur du projet Dakhla accro\u00eet les inqui\u00e9tudes. Les centres de donn\u00e9es n\u00e9cessitent de vastes \u00e9tendues de terrain et des infrastructures importantes : routes, lignes \u00e9lectriques, fibre optique qui pourraient modifier irr\u00e9versiblement le paysage et renforcer l&rsquo;occupation marocaine\u00a0\u00bb, avertit l&rsquo;Observatoire. C&rsquo;est pourquoi, WSRW exhorte tous les investisseurs et les entreprises impliqu\u00e9s dans les infrastructures de donn\u00e9es au Maroc \u00e0 \u00ab\u00a0faire preuve de prudence et \u00e0 \u00e9viter toute complicit\u00e9 dans des projets situ\u00e9s en territoire occup\u00e9\u00a0\u00bb. \u00ab\u00a0La jurisprudence internationale a \u00e9tabli que le Sahara occidental est un territoire distinct et s\u00e9par\u00e9 du Maroc et que les activit\u00e9s \u00e9conomiques qui y sont men\u00e9es n\u00e9cessitent le consentement du peuple sahraoui\u00a0\u00bb, souligne cette ONG, citant notamment les dix arr\u00eats ult\u00e9rieurs de la Cour de justice de l&rsquo;UE. Alors que le monde \u00e9volue vers un avenir de plus en plus num\u00e9rique, WSRW appelle les gouvernements, investisseurs et entreprises \u00e0 \u00ab\u00a0veiller \u00e0 ce que l\u2019innovation ne devienne pas un vecteur d&rsquo;aggravation de l&rsquo;injustice au Sahara occidental\u00a0\u00bb.<\/p>\n\n\n\n<p>APS<\/p>\n","protected":false},"excerpt":{"rendered":"<p>L&rsquo;Observatoire international de surveillance des ressources naturelles du Sahara occidental (Western Sahara Resource Watch -WSRW) a d\u00e9nonc\u00e9 le choix de<\/p>\n","protected":false},"author":6,"featured_media":57408,"comment_status":"open","ping_status":"closed","sticky":false,"template":"","format":"standard","meta":{"colormag_page_container_layout":"default_layout","colormag_page_sidebar_layout":"default_layout","om_disable_all_campaigns":false,"_monsterinsights_skip_tracking":false,"_monsterinsights_sitenote_active":false,"_monsterinsights_sitenote_note":"","_monsterinsights_sitenote_category":0,"footnotes":"","_wpscppro_dont_share_socialmedia":false,"_wpscppro_custom_social_share_image":0,"_facebook_share_type":"default","_twitter_share_type":"default","_linkedin_share_type":"default","_pinterest_share_type":"default","_linkedin_share_type_page":"","_instagram_share_type":"default","_medium_share_type":"default","_threads_share_type":"","_google_business_share_type":"","_selected_social_profile":[],"_wpsp_enable_custom_social_template":false,"_wpsp_social_scheduling":{"enabled":false,"datetime":null,"platforms":[],"status":"template_only","dateOption":"today","timeOption":"now","customDays":"","customHours":"","customDate":"","customTime":"","schedulingType":"absolute"},"_wpsp_active_default_template":true},"categories":[37],"tags":[],"class_list":["post-70405","post","type-post","status-publish","format-standard","has-post-thumbnail","hentry","category-monde"],"aioseo_notices":[],"yoast_head":"<!-- This site is optimized with the Yoast SEO plugin v27.4 - https:\/\/yoast.com\/product\/yoast-seo-wordpress\/ -->\n<title>Sahara occidental: WSRW d\u00e9nonce le choix de Dakhla occup\u00e9e pour l&rsquo;implantation d&rsquo;un centre marocain de donn\u00e9es - La Sentinelle<\/title>\n<meta name=\"robots\" content=\"index, follow, max-snippet:-1, max-image-preview:large, max-video-preview:-1\" \/>\n<link rel=\"canonical\" href=\"https:\/\/lasentinelle.dz\/index.php\/2025\/07\/16\/sahara-occidental-wsrw-denonce-le-choix-de-dakhla-occupee-pour-limplantation-dun-centre-marocain-de-donnees\/\" \/>\n<meta property=\"og:locale\" content=\"fr_FR\" \/>\n<meta property=\"og:type\" content=\"article\" \/>\n<meta property=\"og:title\" content=\"Sahara occidental: WSRW d\u00e9nonce le choix de Dakhla occup\u00e9e pour l&rsquo;implantation d&rsquo;un centre marocain de donn\u00e9es - La Sentinelle\" \/>\n<meta property=\"og:description\" content=\"L&rsquo;Observatoire international de surveillance des ressources naturelles du Sahara occidental (Western Sahara Resource Watch -WSRW) a d\u00e9nonc\u00e9 le choix de\" \/>\n<meta property=\"og:url\" content=\"https:\/\/lasentinelle.dz\/index.php\/2025\/07\/16\/sahara-occidental-wsrw-denonce-le-choix-de-dakhla-occupee-pour-limplantation-dun-centre-marocain-de-donnees\/\" \/>\n<meta property=\"og:site_name\" content=\"La Sentinelle\" \/>\n<meta property=\"article:publisher\" content=\"https:\/\/www.facebook.com\/La-Sentinelle-104059864394773\" \/>\n<meta property=\"article:published_time\" content=\"2025-07-16T10:55:45+00:00\" \/>\n<meta property=\"article:modified_time\" content=\"2025-07-16T10:55:46+00:00\" \/>\n<meta property=\"og:image\" content=\"https:\/\/lasentinelle.dz\/wp-content\/uploads\/2024\/09\/sahara-occidental.jpg\" \/>\n\t<meta property=\"og:image:width\" content=\"580\" \/>\n\t<meta property=\"og:image:height\" content=\"350\" \/>\n\t<meta property=\"og:image:type\" content=\"image\/jpeg\" \/>\n<meta name=\"author\" content=\"admin\" \/>\n<meta name=\"twitter:card\" content=\"summary_large_image\" \/>\n<meta name=\"twitter:label1\" content=\"\u00c9crit par\" \/>\n\t<meta name=\"twitter:data1\" content=\"admin\" \/>\n\t<meta name=\"twitter:label2\" content=\"Dur\u00e9e de lecture estim\u00e9e\" \/>\n\t<meta name=\"twitter:data2\" content=\"3 minutes\" \/>\n<script type=\"application\/ld+json\" class=\"yoast-schema-graph\">{\"@context\":\"https:\\\/\\\/schema.org\",\"@graph\":[{\"@type\":\"Article\",\"@id\":\"https:\\\/\\\/lasentinelle.dz\\\/index.php\\\/2025\\\/07\\\/16\\\/sahara-occidental-wsrw-denonce-le-choix-de-dakhla-occupee-pour-limplantation-dun-centre-marocain-de-donnees\\\/#article\",\"isPartOf\":{\"@id\":\"https:\\\/\\\/lasentinelle.dz\\\/index.php\\\/2025\\\/07\\\/16\\\/sahara-occidental-wsrw-denonce-le-choix-de-dakhla-occupee-pour-limplantation-dun-centre-marocain-de-donnees\\\/\"},\"author\":{\"name\":\"admin\",\"@id\":\"https:\\\/\\\/lasentinelle.dz\\\/#\\\/schema\\\/person\\\/729ee0024f24e0b8c5ec17232f8e8b41\"},\"headline\":\"Sahara occidental: WSRW d\u00e9nonce le choix de Dakhla occup\u00e9e pour l&rsquo;implantation d&rsquo;un centre marocain de donn\u00e9es\",\"datePublished\":\"2025-07-16T10:55:45+00:00\",\"dateModified\":\"2025-07-16T10:55:46+00:00\",\"mainEntityOfPage\":{\"@id\":\"https:\\\/\\\/lasentinelle.dz\\\/index.php\\\/2025\\\/07\\\/16\\\/sahara-occidental-wsrw-denonce-le-choix-de-dakhla-occupee-pour-limplantation-dun-centre-marocain-de-donnees\\\/\"},\"wordCount\":500,\"commentCount\":0,\"publisher\":{\"@id\":\"https:\\\/\\\/lasentinelle.dz\\\/#organization\"},\"image\":{\"@id\":\"https:\\\/\\\/lasentinelle.dz\\\/index.php\\\/2025\\\/07\\\/16\\\/sahara-occidental-wsrw-denonce-le-choix-de-dakhla-occupee-pour-limplantation-dun-centre-marocain-de-donnees\\\/#primaryimage\"},\"thumbnailUrl\":\"https:\\\/\\\/lasentinelle.dz\\\/wp-content\\\/uploads\\\/2024\\\/09\\\/sahara-occidental.jpg\",\"articleSection\":[\"Monde\"],\"inLanguage\":\"fr-FR\",\"potentialAction\":[{\"@type\":\"CommentAction\",\"name\":\"Comment\",\"target\":[\"https:\\\/\\\/lasentinelle.dz\\\/index.php\\\/2025\\\/07\\\/16\\\/sahara-occidental-wsrw-denonce-le-choix-de-dakhla-occupee-pour-limplantation-dun-centre-marocain-de-donnees\\\/#respond\"]}]},{\"@type\":\"WebPage\",\"@id\":\"https:\\\/\\\/lasentinelle.dz\\\/index.php\\\/2025\\\/07\\\/16\\\/sahara-occidental-wsrw-denonce-le-choix-de-dakhla-occupee-pour-limplantation-dun-centre-marocain-de-donnees\\\/\",\"url\":\"https:\\\/\\\/lasentinelle.dz\\\/index.php\\\/2025\\\/07\\\/16\\\/sahara-occidental-wsrw-denonce-le-choix-de-dakhla-occupee-pour-limplantation-dun-centre-marocain-de-donnees\\\/\",\"name\":\"Sahara occidental: WSRW d\u00e9nonce le choix de Dakhla occup\u00e9e pour l&rsquo;implantation d&rsquo;un centre marocain de donn\u00e9es - La Sentinelle\",\"isPartOf\":{\"@id\":\"https:\\\/\\\/lasentinelle.dz\\\/#website\"},\"primaryImageOfPage\":{\"@id\":\"https:\\\/\\\/lasentinelle.dz\\\/index.php\\\/2025\\\/07\\\/16\\\/sahara-occidental-wsrw-denonce-le-choix-de-dakhla-occupee-pour-limplantation-dun-centre-marocain-de-donnees\\\/#primaryimage\"},\"image\":{\"@id\":\"https:\\\/\\\/lasentinelle.dz\\\/index.php\\\/2025\\\/07\\\/16\\\/sahara-occidental-wsrw-denonce-le-choix-de-dakhla-occupee-pour-limplantation-dun-centre-marocain-de-donnees\\\/#primaryimage\"},\"thumbnailUrl\":\"https:\\\/\\\/lasentinelle.dz\\\/wp-content\\\/uploads\\\/2024\\\/09\\\/sahara-occidental.jpg\",\"datePublished\":\"2025-07-16T10:55:45+00:00\",\"dateModified\":\"2025-07-16T10:55:46+00:00\",\"breadcrumb\":{\"@id\":\"https:\\\/\\\/lasentinelle.dz\\\/index.php\\\/2025\\\/07\\\/16\\\/sahara-occidental-wsrw-denonce-le-choix-de-dakhla-occupee-pour-limplantation-dun-centre-marocain-de-donnees\\\/#breadcrumb\"},\"inLanguage\":\"fr-FR\",\"potentialAction\":[{\"@type\":\"ReadAction\",\"target\":[\"https:\\\/\\\/lasentinelle.dz\\\/index.php\\\/2025\\\/07\\\/16\\\/sahara-occidental-wsrw-denonce-le-choix-de-dakhla-occupee-pour-limplantation-dun-centre-marocain-de-donnees\\\/\"]}]},{\"@type\":\"ImageObject\",\"inLanguage\":\"fr-FR\",\"@id\":\"https:\\\/\\\/lasentinelle.dz\\\/index.php\\\/2025\\\/07\\\/16\\\/sahara-occidental-wsrw-denonce-le-choix-de-dakhla-occupee-pour-limplantation-dun-centre-marocain-de-donnees\\\/#primaryimage\",\"url\":\"https:\\\/\\\/lasentinelle.dz\\\/wp-content\\\/uploads\\\/2024\\\/09\\\/sahara-occidental.jpg\",\"contentUrl\":\"https:\\\/\\\/lasentinelle.dz\\\/wp-content\\\/uploads\\\/2024\\\/09\\\/sahara-occidental.jpg\",\"width\":580,\"height\":350},{\"@type\":\"BreadcrumbList\",\"@id\":\"https:\\\/\\\/lasentinelle.dz\\\/index.php\\\/2025\\\/07\\\/16\\\/sahara-occidental-wsrw-denonce-le-choix-de-dakhla-occupee-pour-limplantation-dun-centre-marocain-de-donnees\\\/#breadcrumb\",\"itemListElement\":[{\"@type\":\"ListItem\",\"position\":1,\"name\":\"Accueil\",\"item\":\"https:\\\/\\\/lasentinelle.dz\\\/\"},{\"@type\":\"ListItem\",\"position\":2,\"name\":\"Sahara occidental: WSRW d\u00e9nonce le choix de Dakhla occup\u00e9e pour l&rsquo;implantation d&rsquo;un centre marocain de donn\u00e9es\"}]},{\"@type\":\"WebSite\",\"@id\":\"https:\\\/\\\/lasentinelle.dz\\\/#website\",\"url\":\"https:\\\/\\\/lasentinelle.dz\\\/\",\"name\":\"La Sentinelle\",\"description\":\"Quotidien national d&#039;information\",\"publisher\":{\"@id\":\"https:\\\/\\\/lasentinelle.dz\\\/#organization\"},\"potentialAction\":[{\"@type\":\"SearchAction\",\"target\":{\"@type\":\"EntryPoint\",\"urlTemplate\":\"https:\\\/\\\/lasentinelle.dz\\\/?s={search_term_string}\"},\"query-input\":{\"@type\":\"PropertyValueSpecification\",\"valueRequired\":true,\"valueName\":\"search_term_string\"}}],\"inLanguage\":\"fr-FR\"},{\"@type\":\"Organization\",\"@id\":\"https:\\\/\\\/lasentinelle.dz\\\/#organization\",\"name\":\"Quotidien La Sentinelle\",\"url\":\"https:\\\/\\\/lasentinelle.dz\\\/\",\"logo\":{\"@type\":\"ImageObject\",\"inLanguage\":\"fr-FR\",\"@id\":\"https:\\\/\\\/lasentinelle.dz\\\/#\\\/schema\\\/logo\\\/image\\\/\",\"url\":\"https:\\\/\\\/lasentinelle.dz\\\/wp-content\\\/uploads\\\/2021\\\/09\\\/logo-sentinelleSLOGAN-1.png\",\"contentUrl\":\"https:\\\/\\\/lasentinelle.dz\\\/wp-content\\\/uploads\\\/2021\\\/09\\\/logo-sentinelleSLOGAN-1.png\",\"width\":615,\"height\":142,\"caption\":\"Quotidien La Sentinelle\"},\"image\":{\"@id\":\"https:\\\/\\\/lasentinelle.dz\\\/#\\\/schema\\\/logo\\\/image\\\/\"},\"sameAs\":[\"https:\\\/\\\/www.facebook.com\\\/La-Sentinelle-104059864394773\"]},{\"@type\":\"Person\",\"@id\":\"https:\\\/\\\/lasentinelle.dz\\\/#\\\/schema\\\/person\\\/729ee0024f24e0b8c5ec17232f8e8b41\",\"name\":\"admin\",\"image\":{\"@type\":\"ImageObject\",\"inLanguage\":\"fr-FR\",\"@id\":\"https:\\\/\\\/secure.gravatar.com\\\/avatar\\\/4c81fed838786e9b53f540bf46533e750f5d292099ae3b66cfc6fb1982e29df7?s=96&d=mm&r=g\",\"url\":\"https:\\\/\\\/secure.gravatar.com\\\/avatar\\\/4c81fed838786e9b53f540bf46533e750f5d292099ae3b66cfc6fb1982e29df7?s=96&d=mm&r=g\",\"contentUrl\":\"https:\\\/\\\/secure.gravatar.com\\\/avatar\\\/4c81fed838786e9b53f540bf46533e750f5d292099ae3b66cfc6fb1982e29df7?s=96&d=mm&r=g\",\"caption\":\"admin\"},\"description\":\"admin\",\"url\":\"https:\\\/\\\/lasentinelle.dz\\\/author\\\/admin\\\/\"}]}<\/script>\n<!-- \/ Yoast SEO plugin. -->","yoast_head_json":{"title":"Sahara occidental: WSRW d\u00e9nonce le choix de Dakhla occup\u00e9e pour l&rsquo;implantation d&rsquo;un centre marocain de donn\u00e9es - La Sentinelle","robots":{"index":"index","follow":"follow","max-snippet":"max-snippet:-1","max-image-preview":"max-image-preview:large","max-video-preview":"max-video-preview:-1"},"canonical":"https:\/\/lasentinelle.dz\/index.php\/2025\/07\/16\/sahara-occidental-wsrw-denonce-le-choix-de-dakhla-occupee-pour-limplantation-dun-centre-marocain-de-donnees\/","og_locale":"fr_FR","og_type":"article","og_title":"Sahara occidental: WSRW d\u00e9nonce le choix de Dakhla occup\u00e9e pour l&rsquo;implantation d&rsquo;un centre marocain de donn\u00e9es - La Sentinelle","og_description":"L&rsquo;Observatoire international de surveillance des ressources naturelles du Sahara occidental (Western Sahara Resource Watch -WSRW) a d\u00e9nonc\u00e9 le choix de","og_url":"https:\/\/lasentinelle.dz\/index.php\/2025\/07\/16\/sahara-occidental-wsrw-denonce-le-choix-de-dakhla-occupee-pour-limplantation-dun-centre-marocain-de-donnees\/","og_site_name":"La Sentinelle","article_publisher":"https:\/\/www.facebook.com\/La-Sentinelle-104059864394773","article_published_time":"2025-07-16T10:55:45+00:00","article_modified_time":"2025-07-16T10:55:46+00:00","og_image":[{"width":580,"height":350,"url":"https:\/\/lasentinelle.dz\/wp-content\/uploads\/2024\/09\/sahara-occidental.jpg","type":"image\/jpeg"}],"author":"admin","twitter_card":"summary_large_image","twitter_misc":{"\u00c9crit par":"admin","Dur\u00e9e de lecture estim\u00e9e":"3 minutes"},"schema":{"@context":"https:\/\/schema.org","@graph":[{"@type":"Article","@id":"https:\/\/lasentinelle.dz\/index.php\/2025\/07\/16\/sahara-occidental-wsrw-denonce-le-choix-de-dakhla-occupee-pour-limplantation-dun-centre-marocain-de-donnees\/#article","isPartOf":{"@id":"https:\/\/lasentinelle.dz\/index.php\/2025\/07\/16\/sahara-occidental-wsrw-denonce-le-choix-de-dakhla-occupee-pour-limplantation-dun-centre-marocain-de-donnees\/"},"author":{"name":"admin","@id":"https:\/\/lasentinelle.dz\/#\/schema\/person\/729ee0024f24e0b8c5ec17232f8e8b41"},"headline":"Sahara occidental: WSRW d\u00e9nonce le choix de Dakhla occup\u00e9e pour l&rsquo;implantation d&rsquo;un centre marocain de donn\u00e9es","datePublished":"2025-07-16T10:55:45+00:00","dateModified":"2025-07-16T10:55:46+00:00","mainEntityOfPage":{"@id":"https:\/\/lasentinelle.dz\/index.php\/2025\/07\/16\/sahara-occidental-wsrw-denonce-le-choix-de-dakhla-occupee-pour-limplantation-dun-centre-marocain-de-donnees\/"},"wordCount":500,"commentCount":0,"publisher":{"@id":"https:\/\/lasentinelle.dz\/#organization"},"image":{"@id":"https:\/\/lasentinelle.dz\/index.php\/2025\/07\/16\/sahara-occidental-wsrw-denonce-le-choix-de-dakhla-occupee-pour-limplantation-dun-centre-marocain-de-donnees\/#primaryimage"},"thumbnailUrl":"https:\/\/lasentinelle.dz\/wp-content\/uploads\/2024\/09\/sahara-occidental.jpg","articleSection":["Monde"],"inLanguage":"fr-FR","potentialAction":[{"@type":"CommentAction","name":"Comment","target":["https:\/\/lasentinelle.dz\/index.php\/2025\/07\/16\/sahara-occidental-wsrw-denonce-le-choix-de-dakhla-occupee-pour-limplantation-dun-centre-marocain-de-donnees\/#respond"]}]},{"@type":"WebPage","@id":"https:\/\/lasentinelle.dz\/index.php\/2025\/07\/16\/sahara-occidental-wsrw-denonce-le-choix-de-dakhla-occupee-pour-limplantation-dun-centre-marocain-de-donnees\/","url":"https:\/\/lasentinelle.dz\/index.php\/2025\/07\/16\/sahara-occidental-wsrw-denonce-le-choix-de-dakhla-occupee-pour-limplantation-dun-centre-marocain-de-donnees\/","name":"Sahara occidental: WSRW d\u00e9nonce le choix de Dakhla occup\u00e9e pour l&rsquo;implantation d&rsquo;un centre marocain de donn\u00e9es - La Sentinelle","isPartOf":{"@id":"https:\/\/lasentinelle.dz\/#website"},"primaryImageOfPage":{"@id":"https:\/\/lasentinelle.dz\/index.php\/2025\/07\/16\/sahara-occidental-wsrw-denonce-le-choix-de-dakhla-occupee-pour-limplantation-dun-centre-marocain-de-donnees\/#primaryimage"},"image":{"@id":"https:\/\/lasentinelle.dz\/index.php\/2025\/07\/16\/sahara-occidental-wsrw-denonce-le-choix-de-dakhla-occupee-pour-limplantation-dun-centre-marocain-de-donnees\/#primaryimage"},"thumbnailUrl":"https:\/\/lasentinelle.dz\/wp-content\/uploads\/2024\/09\/sahara-occidental.jpg","datePublished":"2025-07-16T10:55:45+00:00","dateModified":"2025-07-16T10:55:46+00:00","breadcrumb":{"@id":"https:\/\/lasentinelle.dz\/index.php\/2025\/07\/16\/sahara-occidental-wsrw-denonce-le-choix-de-dakhla-occupee-pour-limplantation-dun-centre-marocain-de-donnees\/#breadcrumb"},"inLanguage":"fr-FR","potentialAction":[{"@type":"ReadAction","target":["https:\/\/lasentinelle.dz\/index.php\/2025\/07\/16\/sahara-occidental-wsrw-denonce-le-choix-de-dakhla-occupee-pour-limplantation-dun-centre-marocain-de-donnees\/"]}]},{"@type":"ImageObject","inLanguage":"fr-FR","@id":"https:\/\/lasentinelle.dz\/index.php\/2025\/07\/16\/sahara-occidental-wsrw-denonce-le-choix-de-dakhla-occupee-pour-limplantation-dun-centre-marocain-de-donnees\/#primaryimage","url":"https:\/\/lasentinelle.dz\/wp-content\/uploads\/2024\/09\/sahara-occidental.jpg","contentUrl":"https:\/\/lasentinelle.dz\/wp-content\/uploads\/2024\/09\/sahara-occidental.jpg","width":580,"height":350},{"@type":"BreadcrumbList","@id":"https:\/\/lasentinelle.dz\/index.php\/2025\/07\/16\/sahara-occidental-wsrw-denonce-le-choix-de-dakhla-occupee-pour-limplantation-dun-centre-marocain-de-donnees\/#breadcrumb","itemListElement":[{"@type":"ListItem","position":1,"name":"Accueil","item":"https:\/\/lasentinelle.dz\/"},{"@type":"ListItem","position":2,"name":"Sahara occidental: WSRW d\u00e9nonce le choix de Dakhla occup\u00e9e pour l&rsquo;implantation d&rsquo;un centre marocain de donn\u00e9es"}]},{"@type":"WebSite","@id":"https:\/\/lasentinelle.dz\/#website","url":"https:\/\/lasentinelle.dz\/","name":"La Sentinelle","description":"Quotidien national d&#039;information","publisher":{"@id":"https:\/\/lasentinelle.dz\/#organization"},"potentialAction":[{"@type":"SearchAction","target":{"@type":"EntryPoint","urlTemplate":"https:\/\/lasentinelle.dz\/?s={search_term_string}"},"query-input":{"@type":"PropertyValueSpecification","valueRequired":true,"valueName":"search_term_string"}}],"inLanguage":"fr-FR"},{"@type":"Organization","@id":"https:\/\/lasentinelle.dz\/#organization","name":"Quotidien La Sentinelle","url":"https:\/\/lasentinelle.dz\/","logo":{"@type":"ImageObject","inLanguage":"fr-FR","@id":"https:\/\/lasentinelle.dz\/#\/schema\/logo\/image\/","url":"https:\/\/lasentinelle.dz\/wp-content\/uploads\/2021\/09\/logo-sentinelleSLOGAN-1.png","contentUrl":"https:\/\/lasentinelle.dz\/wp-content\/uploads\/2021\/09\/logo-sentinelleSLOGAN-1.png","width":615,"height":142,"caption":"Quotidien La Sentinelle"},"image":{"@id":"https:\/\/lasentinelle.dz\/#\/schema\/logo\/image\/"},"sameAs":["https:\/\/www.facebook.com\/La-Sentinelle-104059864394773"]},{"@type":"Person","@id":"https:\/\/lasentinelle.dz\/#\/schema\/person\/729ee0024f24e0b8c5ec17232f8e8b41","name":"admin","image":{"@type":"ImageObject","inLanguage":"fr-FR","@id":"https:\/\/secure.gravatar.com\/avatar\/4c81fed838786e9b53f540bf46533e750f5d292099ae3b66cfc6fb1982e29df7?s=96&d=mm&r=g","url":"https:\/\/secure.gravatar.com\/avatar\/4c81fed838786e9b53f540bf46533e750f5d292099ae3b66cfc6fb1982e29df7?s=96&d=mm&r=g","contentUrl":"https:\/\/secure.gravatar.com\/avatar\/4c81fed838786e9b53f540bf46533e750f5d292099ae3b66cfc6fb1982e29df7?s=96&d=mm&r=g","caption":"admin"},"description":"admin","url":"https:\/\/lasentinelle.dz\/author\/admin\/"}]}},"_links":{"self":[{"href":"https:\/\/lasentinelle.dz\/index.php\/wp-json\/wp\/v2\/posts\/70405","targetHints":{"allow":["GET"]}}],"collection":[{"href":"https:\/\/lasentinelle.dz\/index.php\/wp-json\/wp\/v2\/posts"}],"about":[{"href":"https:\/\/lasentinelle.dz\/index.php\/wp-json\/wp\/v2\/types\/post"}],"author":[{"embeddable":true,"href":"https:\/\/lasentinelle.dz\/index.php\/wp-json\/wp\/v2\/users\/6"}],"replies":[{"embeddable":true,"href":"https:\/\/lasentinelle.dz\/index.php\/wp-json\/wp\/v2\/comments?post=70405"}],"version-history":[{"count":2,"href":"https:\/\/lasentinelle.dz\/index.php\/wp-json\/wp\/v2\/posts\/70405\/revisions"}],"predecessor-version":[{"id":70407,"href":"https:\/\/lasentinelle.dz\/index.php\/wp-json\/wp\/v2\/posts\/70405\/revisions\/70407"}],"wp:featuredmedia":[{"embeddable":true,"href":"https:\/\/lasentinelle.dz\/index.php\/wp-json\/wp\/v2\/media\/57408"}],"wp:attachment":[{"href":"https:\/\/lasentinelle.dz\/index.php\/wp-json\/wp\/v2\/media?parent=70405"}],"wp:term":[{"taxonomy":"category","embeddable":true,"href":"https:\/\/lasentinelle.dz\/index.php\/wp-json\/wp\/v2\/categories?post=70405"},{"taxonomy":"post_tag","embeddable":true,"href":"https:\/\/lasentinelle.dz\/index.php\/wp-json\/wp\/v2\/tags?post=70405"}],"curies":[{"name":"wp","href":"https:\/\/api.w.org\/{rel}","templated":true}]}}