{"id":70426,"date":"2025-07-16T12:14:44","date_gmt":"2025-07-16T11:14:44","guid":{"rendered":"https:\/\/lasentinelle.dz\/?p=70426"},"modified":"2025-07-16T12:14:45","modified_gmt":"2025-07-16T11:14:45","slug":"championnats-dafrique-dathletisme-u18-et-u20-une-quarantaine-dathletes-algeriens-au-rendez-vous","status":"publish","type":"post","link":"https:\/\/lasentinelle.dz\/index.php\/2025\/07\/16\/championnats-dafrique-dathletisme-u18-et-u20-une-quarantaine-dathletes-algeriens-au-rendez-vous\/","title":{"rendered":"Championnats d&rsquo;Afrique d&rsquo;athl\u00e9tisme U18 et U20 : Une quarantaine d&rsquo;athl\u00e8tes alg\u00e9riens au rendez-vous"},"content":{"rendered":"\n<p>Le premier contingent de la d\u00e9l\u00e9gation alg\u00e9rienne d&rsquo;athl\u00e9tisme a pris son envol lundi soir en direction d&rsquo;Abeokuta, situ\u00e9e dans l&rsquo;\u00c9tat d&rsquo;Ogun au sud-ouest du Nig\u00e9ria, pour participer aux 3\u00e8mes Championnats d&rsquo;Afrique d&rsquo;athl\u00e9tisme combin\u00e9s U18\/U20 qui se d\u00e9rouleront du 16 au 20 juillet. Cette information a \u00e9t\u00e9 confirm\u00e9e par la F\u00e9d\u00e9ration alg\u00e9rienne d&rsquo;athl\u00e9tisme dans un communiqu\u00e9 officiel publi\u00e9 mardi. L&rsquo;Alg\u00e9rie engagera une quarantaine d&rsquo;athl\u00e8tes, gar\u00e7ons et filles confondus, dans cette comp\u00e9tition continentale majeure qui rassemble la jeunesse athl\u00e9tique africaine. Ces jeunes talents alg\u00e9riens rejoindront plus de 500 athl\u00e8tes repr\u00e9sentant 43 nations africaines qui ont confirm\u00e9 leur participation \u00e0 cet \u00e9v\u00e9nement sportif d&rsquo;envergure. Cette comp\u00e9tition rev\u00eat une importance particuli\u00e8re puisqu&rsquo;elle constitue une plateforme id\u00e9ale pour d\u00e9couvrir de nouveaux talents et les pr\u00e9parer aux futures \u00e9ch\u00e9ances internationales majeures, notamment les prochains Jeux Olympiques et les Championnats du monde d&rsquo;athl\u00e9tisme. Le Nigeria, en tant que pays organisateur, pr\u00e9sentera la d\u00e9l\u00e9gation la plus importante avec 110 athl\u00e8tes engag\u00e9s, suivi par l&rsquo;Afrique du Sud qui alignera 82 repr\u00e9sentants. Cette forte participation t\u00e9moigne de l&rsquo;attrait et de l&rsquo;importance de cette comp\u00e9tition dans le d\u00e9veloppement de l&rsquo;athl\u00e9tisme africain chez les jeunes cat\u00e9gories. Les Championnats d&rsquo;Afrique U18\/U20 constituent en effet un tremplin essentiel pour les jeunes athl\u00e8tes du continent qui aspirent \u00e0 int\u00e9grer les s\u00e9lections nationales seniors et \u00e0 briller sur la sc\u00e8ne internationale.<\/p>\n\n\n\n<p>\u00c0 l&rsquo;occasion du d\u00e9part du premier groupe de la d\u00e9l\u00e9gation alg\u00e9rienne, Farid Boukais, pr\u00e9sident de la F\u00e9d\u00e9ration alg\u00e9rienne d&rsquo;athl\u00e9tisme, a tenu \u00e0 exprimer sa profonde reconnaissance envers le ministre des Sports et le pr\u00e9sident du Comit\u00e9 Olympique Alg\u00e9rien. Il a particuli\u00e8rement salu\u00e9 leur soutien ind\u00e9fectible, leur r\u00e9activit\u00e9 et leur accompagnement logistique qui ont permis la r\u00e9ussite de ce d\u00e9placement. Cette mobilisation institutionnelle illustre parfaitement l&rsquo;engagement de l&rsquo;\u00c9tat alg\u00e9rien dans la promotion du sport et son soutien constant \u00e0 la jeunesse alg\u00e9rienne dans ses ambitions continentales et internationales. Les pr\u00e9paratifs de la comp\u00e9tition ont \u00e9t\u00e9 marqu\u00e9s par plusieurs \u00e9v\u00e9nements institutionnels importants. Le Conseil de la Conf\u00e9d\u00e9ration africaine d&rsquo;athl\u00e9tisme s&rsquo;est r\u00e9uni dimanche, tandis que les travaux du Congr\u00e8s se sont d\u00e9roul\u00e9s lundi et mardi. Ces rencontres institutionnelles pr\u00e9c\u00e8dent la r\u00e9union technique pr\u00e9vue mardi soir, derni\u00e8re \u00e9tape avant le d\u00e9but effectif des comp\u00e9titions. Cette organisation s\u00e9quentielle permet d&rsquo;assurer le bon d\u00e9roulement de l&rsquo;\u00e9v\u00e9nement et de finaliser tous les aspects techniques et logistiques.<\/p>\n\n\n\n<p>M.D.<\/p>\n","protected":false},"excerpt":{"rendered":"<p>Le premier contingent de la d\u00e9l\u00e9gation alg\u00e9rienne d&rsquo;athl\u00e9tisme a pris son envol lundi soir en direction d&rsquo;Abeokuta, situ\u00e9e dans l&rsquo;\u00c9tat<\/p>\n","protected":false},"author":6,"featured_media":70427,"comment_status":"open","ping_status":"closed","sticky":false,"template":"","format":"standard","meta":{"colormag_page_container_layout":"default_layout","colormag_page_sidebar_layout":"default_layout","om_disable_all_campaigns":false,"_monsterinsights_skip_tracking":false,"_monsterinsights_sitenote_active":false,"_monsterinsights_sitenote_note":"","_monsterinsights_sitenote_category":0,"footnotes":"","_wpscppro_dont_share_socialmedia":false,"_wpscppro_custom_social_share_image":0,"_facebook_share_type":"default","_twitter_share_type":"default","_linkedin_share_type":"default","_pinterest_share_type":"default","_linkedin_share_type_page":"","_instagram_share_type":"default","_medium_share_type":"default","_threads_share_type":"","_google_business_share_type":"","_selected_social_profile":[],"_wpsp_enable_custom_social_template":false,"_wpsp_social_scheduling":{"enabled":false,"datetime":null,"platforms":[],"status":"template_only","dateOption":"today","timeOption":"now","customDays":"","customHours":"","customDate":"","customTime":"","schedulingType":"absolute"},"_wpsp_active_default_template":true},"categories":[33],"tags":[],"class_list":["post-70426","post","type-post","status-publish","format-standard","has-post-thumbnail","hentry","category-sports"],"aioseo_notices":[],"yoast_head":"<!-- This site is optimized with the Yoast SEO plugin v27.5 - https:\/\/yoast.com\/product\/yoast-seo-wordpress\/ -->\n<title>Championnats d&rsquo;Afrique d&rsquo;athl\u00e9tisme U18 et U20 : Une quarantaine d&rsquo;athl\u00e8tes alg\u00e9riens au rendez-vous - La Sentinelle<\/title>\n<meta name=\"robots\" content=\"index, follow, max-snippet:-1, max-image-preview:large, max-video-preview:-1\" \/>\n<link rel=\"canonical\" href=\"https:\/\/lasentinelle.dz\/index.php\/2025\/07\/16\/championnats-dafrique-dathletisme-u18-et-u20-une-quarantaine-dathletes-algeriens-au-rendez-vous\/\" \/>\n<meta property=\"og:locale\" content=\"fr_FR\" \/>\n<meta property=\"og:type\" content=\"article\" \/>\n<meta property=\"og:title\" content=\"Championnats d&rsquo;Afrique d&rsquo;athl\u00e9tisme U18 et U20 : Une quarantaine d&rsquo;athl\u00e8tes alg\u00e9riens au rendez-vous - La Sentinelle\" \/>\n<meta property=\"og:description\" content=\"Le premier contingent de la d\u00e9l\u00e9gation alg\u00e9rienne d&rsquo;athl\u00e9tisme a pris son envol lundi soir en direction d&rsquo;Abeokuta, situ\u00e9e dans l&rsquo;\u00c9tat\" \/>\n<meta property=\"og:url\" content=\"https:\/\/lasentinelle.dz\/index.php\/2025\/07\/16\/championnats-dafrique-dathletisme-u18-et-u20-une-quarantaine-dathletes-algeriens-au-rendez-vous\/\" \/>\n<meta property=\"og:site_name\" content=\"La Sentinelle\" \/>\n<meta property=\"article:publisher\" content=\"https:\/\/www.facebook.com\/La-Sentinelle-104059864394773\" \/>\n<meta property=\"article:published_time\" content=\"2025-07-16T11:14:44+00:00\" \/>\n<meta property=\"article:modified_time\" content=\"2025-07-16T11:14:45+00:00\" \/>\n<meta property=\"og:image\" content=\"https:\/\/lasentinelle.dz\/wp-content\/uploads\/2025\/07\/athletisme-jeunes.jpg\" \/>\n\t<meta property=\"og:image:width\" content=\"500\" \/>\n\t<meta property=\"og:image:height\" content=\"280\" \/>\n\t<meta property=\"og:image:type\" content=\"image\/jpeg\" \/>\n<meta name=\"author\" content=\"admin\" \/>\n<meta name=\"twitter:card\" content=\"summary_large_image\" \/>\n<meta name=\"twitter:label1\" content=\"\u00c9crit par\" \/>\n\t<meta name=\"twitter:data1\" content=\"admin\" \/>\n\t<meta name=\"twitter:label2\" content=\"Dur\u00e9e de lecture estim\u00e9e\" \/>\n\t<meta name=\"twitter:data2\" content=\"3 minutes\" \/>\n<script type=\"application\/ld+json\" class=\"yoast-schema-graph\">{\"@context\":\"https:\\\/\\\/schema.org\",\"@graph\":[{\"@type\":\"Article\",\"@id\":\"https:\\\/\\\/lasentinelle.dz\\\/index.php\\\/2025\\\/07\\\/16\\\/championnats-dafrique-dathletisme-u18-et-u20-une-quarantaine-dathletes-algeriens-au-rendez-vous\\\/#article\",\"isPartOf\":{\"@id\":\"https:\\\/\\\/lasentinelle.dz\\\/index.php\\\/2025\\\/07\\\/16\\\/championnats-dafrique-dathletisme-u18-et-u20-une-quarantaine-dathletes-algeriens-au-rendez-vous\\\/\"},\"author\":{\"name\":\"admin\",\"@id\":\"https:\\\/\\\/lasentinelle.dz\\\/#\\\/schema\\\/person\\\/729ee0024f24e0b8c5ec17232f8e8b41\"},\"headline\":\"Championnats d&rsquo;Afrique d&rsquo;athl\u00e9tisme U18 et U20 : Une quarantaine d&rsquo;athl\u00e8tes alg\u00e9riens au rendez-vous\",\"datePublished\":\"2025-07-16T11:14:44+00:00\",\"dateModified\":\"2025-07-16T11:14:45+00:00\",\"mainEntityOfPage\":{\"@id\":\"https:\\\/\\\/lasentinelle.dz\\\/index.php\\\/2025\\\/07\\\/16\\\/championnats-dafrique-dathletisme-u18-et-u20-une-quarantaine-dathletes-algeriens-au-rendez-vous\\\/\"},\"wordCount\":497,\"commentCount\":0,\"publisher\":{\"@id\":\"https:\\\/\\\/lasentinelle.dz\\\/#organization\"},\"image\":{\"@id\":\"https:\\\/\\\/lasentinelle.dz\\\/index.php\\\/2025\\\/07\\\/16\\\/championnats-dafrique-dathletisme-u18-et-u20-une-quarantaine-dathletes-algeriens-au-rendez-vous\\\/#primaryimage\"},\"thumbnailUrl\":\"https:\\\/\\\/lasentinelle.dz\\\/wp-content\\\/uploads\\\/2025\\\/07\\\/athletisme-jeunes.jpg\",\"articleSection\":[\"Sports\"],\"inLanguage\":\"fr-FR\",\"potentialAction\":[{\"@type\":\"CommentAction\",\"name\":\"Comment\",\"target\":[\"https:\\\/\\\/lasentinelle.dz\\\/index.php\\\/2025\\\/07\\\/16\\\/championnats-dafrique-dathletisme-u18-et-u20-une-quarantaine-dathletes-algeriens-au-rendez-vous\\\/#respond\"]}]},{\"@type\":\"WebPage\",\"@id\":\"https:\\\/\\\/lasentinelle.dz\\\/index.php\\\/2025\\\/07\\\/16\\\/championnats-dafrique-dathletisme-u18-et-u20-une-quarantaine-dathletes-algeriens-au-rendez-vous\\\/\",\"url\":\"https:\\\/\\\/lasentinelle.dz\\\/index.php\\\/2025\\\/07\\\/16\\\/championnats-dafrique-dathletisme-u18-et-u20-une-quarantaine-dathletes-algeriens-au-rendez-vous\\\/\",\"name\":\"Championnats d&rsquo;Afrique d&rsquo;athl\u00e9tisme U18 et U20 : Une quarantaine d&rsquo;athl\u00e8tes alg\u00e9riens au rendez-vous - La Sentinelle\",\"isPartOf\":{\"@id\":\"https:\\\/\\\/lasentinelle.dz\\\/#website\"},\"primaryImageOfPage\":{\"@id\":\"https:\\\/\\\/lasentinelle.dz\\\/index.php\\\/2025\\\/07\\\/16\\\/championnats-dafrique-dathletisme-u18-et-u20-une-quarantaine-dathletes-algeriens-au-rendez-vous\\\/#primaryimage\"},\"image\":{\"@id\":\"https:\\\/\\\/lasentinelle.dz\\\/index.php\\\/2025\\\/07\\\/16\\\/championnats-dafrique-dathletisme-u18-et-u20-une-quarantaine-dathletes-algeriens-au-rendez-vous\\\/#primaryimage\"},\"thumbnailUrl\":\"https:\\\/\\\/lasentinelle.dz\\\/wp-content\\\/uploads\\\/2025\\\/07\\\/athletisme-jeunes.jpg\",\"datePublished\":\"2025-07-16T11:14:44+00:00\",\"dateModified\":\"2025-07-16T11:14:45+00:00\",\"breadcrumb\":{\"@id\":\"https:\\\/\\\/lasentinelle.dz\\\/index.php\\\/2025\\\/07\\\/16\\\/championnats-dafrique-dathletisme-u18-et-u20-une-quarantaine-dathletes-algeriens-au-rendez-vous\\\/#breadcrumb\"},\"inLanguage\":\"fr-FR\",\"potentialAction\":[{\"@type\":\"ReadAction\",\"target\":[\"https:\\\/\\\/lasentinelle.dz\\\/index.php\\\/2025\\\/07\\\/16\\\/championnats-dafrique-dathletisme-u18-et-u20-une-quarantaine-dathletes-algeriens-au-rendez-vous\\\/\"]}]},{\"@type\":\"ImageObject\",\"inLanguage\":\"fr-FR\",\"@id\":\"https:\\\/\\\/lasentinelle.dz\\\/index.php\\\/2025\\\/07\\\/16\\\/championnats-dafrique-dathletisme-u18-et-u20-une-quarantaine-dathletes-algeriens-au-rendez-vous\\\/#primaryimage\",\"url\":\"https:\\\/\\\/lasentinelle.dz\\\/wp-content\\\/uploads\\\/2025\\\/07\\\/athletisme-jeunes.jpg\",\"contentUrl\":\"https:\\\/\\\/lasentinelle.dz\\\/wp-content\\\/uploads\\\/2025\\\/07\\\/athletisme-jeunes.jpg\",\"width\":500,\"height\":280},{\"@type\":\"BreadcrumbList\",\"@id\":\"https:\\\/\\\/lasentinelle.dz\\\/index.php\\\/2025\\\/07\\\/16\\\/championnats-dafrique-dathletisme-u18-et-u20-une-quarantaine-dathletes-algeriens-au-rendez-vous\\\/#breadcrumb\",\"itemListElement\":[{\"@type\":\"ListItem\",\"position\":1,\"name\":\"Accueil\",\"item\":\"https:\\\/\\\/lasentinelle.dz\\\/\"},{\"@type\":\"ListItem\",\"position\":2,\"name\":\"Championnats d&rsquo;Afrique d&rsquo;athl\u00e9tisme U18 et U20 : Une quarantaine d&rsquo;athl\u00e8tes alg\u00e9riens au rendez-vous\"}]},{\"@type\":\"WebSite\",\"@id\":\"https:\\\/\\\/lasentinelle.dz\\\/#website\",\"url\":\"https:\\\/\\\/lasentinelle.dz\\\/\",\"name\":\"La Sentinelle\",\"description\":\"Quotidien national d&#039;information\",\"publisher\":{\"@id\":\"https:\\\/\\\/lasentinelle.dz\\\/#organization\"},\"potentialAction\":[{\"@type\":\"SearchAction\",\"target\":{\"@type\":\"EntryPoint\",\"urlTemplate\":\"https:\\\/\\\/lasentinelle.dz\\\/?s={search_term_string}\"},\"query-input\":{\"@type\":\"PropertyValueSpecification\",\"valueRequired\":true,\"valueName\":\"search_term_string\"}}],\"inLanguage\":\"fr-FR\"},{\"@type\":\"Organization\",\"@id\":\"https:\\\/\\\/lasentinelle.dz\\\/#organization\",\"name\":\"Quotidien La Sentinelle\",\"url\":\"https:\\\/\\\/lasentinelle.dz\\\/\",\"logo\":{\"@type\":\"ImageObject\",\"inLanguage\":\"fr-FR\",\"@id\":\"https:\\\/\\\/lasentinelle.dz\\\/#\\\/schema\\\/logo\\\/image\\\/\",\"url\":\"https:\\\/\\\/lasentinelle.dz\\\/wp-content\\\/uploads\\\/2021\\\/09\\\/logo-sentinelleSLOGAN-1.png\",\"contentUrl\":\"https:\\\/\\\/lasentinelle.dz\\\/wp-content\\\/uploads\\\/2021\\\/09\\\/logo-sentinelleSLOGAN-1.png\",\"width\":615,\"height\":142,\"caption\":\"Quotidien La Sentinelle\"},\"image\":{\"@id\":\"https:\\\/\\\/lasentinelle.dz\\\/#\\\/schema\\\/logo\\\/image\\\/\"},\"sameAs\":[\"https:\\\/\\\/www.facebook.com\\\/La-Sentinelle-104059864394773\"]},{\"@type\":\"Person\",\"@id\":\"https:\\\/\\\/lasentinelle.dz\\\/#\\\/schema\\\/person\\\/729ee0024f24e0b8c5ec17232f8e8b41\",\"name\":\"admin\",\"image\":{\"@type\":\"ImageObject\",\"inLanguage\":\"fr-FR\",\"@id\":\"https:\\\/\\\/secure.gravatar.com\\\/avatar\\\/4c81fed838786e9b53f540bf46533e750f5d292099ae3b66cfc6fb1982e29df7?s=96&d=mm&r=g\",\"url\":\"https:\\\/\\\/secure.gravatar.com\\\/avatar\\\/4c81fed838786e9b53f540bf46533e750f5d292099ae3b66cfc6fb1982e29df7?s=96&d=mm&r=g\",\"contentUrl\":\"https:\\\/\\\/secure.gravatar.com\\\/avatar\\\/4c81fed838786e9b53f540bf46533e750f5d292099ae3b66cfc6fb1982e29df7?s=96&d=mm&r=g\",\"caption\":\"admin\"},\"description\":\"admin\",\"url\":\"https:\\\/\\\/lasentinelle.dz\\\/author\\\/admin\\\/\"}]}<\/script>\n<!-- \/ Yoast SEO plugin. -->","yoast_head_json":{"title":"Championnats d&rsquo;Afrique d&rsquo;athl\u00e9tisme U18 et U20 : Une quarantaine d&rsquo;athl\u00e8tes alg\u00e9riens au rendez-vous - La Sentinelle","robots":{"index":"index","follow":"follow","max-snippet":"max-snippet:-1","max-image-preview":"max-image-preview:large","max-video-preview":"max-video-preview:-1"},"canonical":"https:\/\/lasentinelle.dz\/index.php\/2025\/07\/16\/championnats-dafrique-dathletisme-u18-et-u20-une-quarantaine-dathletes-algeriens-au-rendez-vous\/","og_locale":"fr_FR","og_type":"article","og_title":"Championnats d&rsquo;Afrique d&rsquo;athl\u00e9tisme U18 et U20 : Une quarantaine d&rsquo;athl\u00e8tes alg\u00e9riens au rendez-vous - La Sentinelle","og_description":"Le premier contingent de la d\u00e9l\u00e9gation alg\u00e9rienne d&rsquo;athl\u00e9tisme a pris son envol lundi soir en direction d&rsquo;Abeokuta, situ\u00e9e dans l&rsquo;\u00c9tat","og_url":"https:\/\/lasentinelle.dz\/index.php\/2025\/07\/16\/championnats-dafrique-dathletisme-u18-et-u20-une-quarantaine-dathletes-algeriens-au-rendez-vous\/","og_site_name":"La Sentinelle","article_publisher":"https:\/\/www.facebook.com\/La-Sentinelle-104059864394773","article_published_time":"2025-07-16T11:14:44+00:00","article_modified_time":"2025-07-16T11:14:45+00:00","og_image":[{"width":500,"height":280,"url":"https:\/\/lasentinelle.dz\/wp-content\/uploads\/2025\/07\/athletisme-jeunes.jpg","type":"image\/jpeg"}],"author":"admin","twitter_card":"summary_large_image","twitter_misc":{"\u00c9crit par":"admin","Dur\u00e9e de lecture estim\u00e9e":"3 minutes"},"schema":{"@context":"https:\/\/schema.org","@graph":[{"@type":"Article","@id":"https:\/\/lasentinelle.dz\/index.php\/2025\/07\/16\/championnats-dafrique-dathletisme-u18-et-u20-une-quarantaine-dathletes-algeriens-au-rendez-vous\/#article","isPartOf":{"@id":"https:\/\/lasentinelle.dz\/index.php\/2025\/07\/16\/championnats-dafrique-dathletisme-u18-et-u20-une-quarantaine-dathletes-algeriens-au-rendez-vous\/"},"author":{"name":"admin","@id":"https:\/\/lasentinelle.dz\/#\/schema\/person\/729ee0024f24e0b8c5ec17232f8e8b41"},"headline":"Championnats d&rsquo;Afrique d&rsquo;athl\u00e9tisme U18 et U20 : Une quarantaine d&rsquo;athl\u00e8tes alg\u00e9riens au rendez-vous","datePublished":"2025-07-16T11:14:44+00:00","dateModified":"2025-07-16T11:14:45+00:00","mainEntityOfPage":{"@id":"https:\/\/lasentinelle.dz\/index.php\/2025\/07\/16\/championnats-dafrique-dathletisme-u18-et-u20-une-quarantaine-dathletes-algeriens-au-rendez-vous\/"},"wordCount":497,"commentCount":0,"publisher":{"@id":"https:\/\/lasentinelle.dz\/#organization"},"image":{"@id":"https:\/\/lasentinelle.dz\/index.php\/2025\/07\/16\/championnats-dafrique-dathletisme-u18-et-u20-une-quarantaine-dathletes-algeriens-au-rendez-vous\/#primaryimage"},"thumbnailUrl":"https:\/\/lasentinelle.dz\/wp-content\/uploads\/2025\/07\/athletisme-jeunes.jpg","articleSection":["Sports"],"inLanguage":"fr-FR","potentialAction":[{"@type":"CommentAction","name":"Comment","target":["https:\/\/lasentinelle.dz\/index.php\/2025\/07\/16\/championnats-dafrique-dathletisme-u18-et-u20-une-quarantaine-dathletes-algeriens-au-rendez-vous\/#respond"]}]},{"@type":"WebPage","@id":"https:\/\/lasentinelle.dz\/index.php\/2025\/07\/16\/championnats-dafrique-dathletisme-u18-et-u20-une-quarantaine-dathletes-algeriens-au-rendez-vous\/","url":"https:\/\/lasentinelle.dz\/index.php\/2025\/07\/16\/championnats-dafrique-dathletisme-u18-et-u20-une-quarantaine-dathletes-algeriens-au-rendez-vous\/","name":"Championnats d&rsquo;Afrique d&rsquo;athl\u00e9tisme U18 et U20 : Une quarantaine d&rsquo;athl\u00e8tes alg\u00e9riens au rendez-vous - La Sentinelle","isPartOf":{"@id":"https:\/\/lasentinelle.dz\/#website"},"primaryImageOfPage":{"@id":"https:\/\/lasentinelle.dz\/index.php\/2025\/07\/16\/championnats-dafrique-dathletisme-u18-et-u20-une-quarantaine-dathletes-algeriens-au-rendez-vous\/#primaryimage"},"image":{"@id":"https:\/\/lasentinelle.dz\/index.php\/2025\/07\/16\/championnats-dafrique-dathletisme-u18-et-u20-une-quarantaine-dathletes-algeriens-au-rendez-vous\/#primaryimage"},"thumbnailUrl":"https:\/\/lasentinelle.dz\/wp-content\/uploads\/2025\/07\/athletisme-jeunes.jpg","datePublished":"2025-07-16T11:14:44+00:00","dateModified":"2025-07-16T11:14:45+00:00","breadcrumb":{"@id":"https:\/\/lasentinelle.dz\/index.php\/2025\/07\/16\/championnats-dafrique-dathletisme-u18-et-u20-une-quarantaine-dathletes-algeriens-au-rendez-vous\/#breadcrumb"},"inLanguage":"fr-FR","potentialAction":[{"@type":"ReadAction","target":["https:\/\/lasentinelle.dz\/index.php\/2025\/07\/16\/championnats-dafrique-dathletisme-u18-et-u20-une-quarantaine-dathletes-algeriens-au-rendez-vous\/"]}]},{"@type":"ImageObject","inLanguage":"fr-FR","@id":"https:\/\/lasentinelle.dz\/index.php\/2025\/07\/16\/championnats-dafrique-dathletisme-u18-et-u20-une-quarantaine-dathletes-algeriens-au-rendez-vous\/#primaryimage","url":"https:\/\/lasentinelle.dz\/wp-content\/uploads\/2025\/07\/athletisme-jeunes.jpg","contentUrl":"https:\/\/lasentinelle.dz\/wp-content\/uploads\/2025\/07\/athletisme-jeunes.jpg","width":500,"height":280},{"@type":"BreadcrumbList","@id":"https:\/\/lasentinelle.dz\/index.php\/2025\/07\/16\/championnats-dafrique-dathletisme-u18-et-u20-une-quarantaine-dathletes-algeriens-au-rendez-vous\/#breadcrumb","itemListElement":[{"@type":"ListItem","position":1,"name":"Accueil","item":"https:\/\/lasentinelle.dz\/"},{"@type":"ListItem","position":2,"name":"Championnats d&rsquo;Afrique d&rsquo;athl\u00e9tisme U18 et U20 : Une quarantaine d&rsquo;athl\u00e8tes alg\u00e9riens au rendez-vous"}]},{"@type":"WebSite","@id":"https:\/\/lasentinelle.dz\/#website","url":"https:\/\/lasentinelle.dz\/","name":"La Sentinelle","description":"Quotidien national d&#039;information","publisher":{"@id":"https:\/\/lasentinelle.dz\/#organization"},"potentialAction":[{"@type":"SearchAction","target":{"@type":"EntryPoint","urlTemplate":"https:\/\/lasentinelle.dz\/?s={search_term_string}"},"query-input":{"@type":"PropertyValueSpecification","valueRequired":true,"valueName":"search_term_string"}}],"inLanguage":"fr-FR"},{"@type":"Organization","@id":"https:\/\/lasentinelle.dz\/#organization","name":"Quotidien La Sentinelle","url":"https:\/\/lasentinelle.dz\/","logo":{"@type":"ImageObject","inLanguage":"fr-FR","@id":"https:\/\/lasentinelle.dz\/#\/schema\/logo\/image\/","url":"https:\/\/lasentinelle.dz\/wp-content\/uploads\/2021\/09\/logo-sentinelleSLOGAN-1.png","contentUrl":"https:\/\/lasentinelle.dz\/wp-content\/uploads\/2021\/09\/logo-sentinelleSLOGAN-1.png","width":615,"height":142,"caption":"Quotidien La Sentinelle"},"image":{"@id":"https:\/\/lasentinelle.dz\/#\/schema\/logo\/image\/"},"sameAs":["https:\/\/www.facebook.com\/La-Sentinelle-104059864394773"]},{"@type":"Person","@id":"https:\/\/lasentinelle.dz\/#\/schema\/person\/729ee0024f24e0b8c5ec17232f8e8b41","name":"admin","image":{"@type":"ImageObject","inLanguage":"fr-FR","@id":"https:\/\/secure.gravatar.com\/avatar\/4c81fed838786e9b53f540bf46533e750f5d292099ae3b66cfc6fb1982e29df7?s=96&d=mm&r=g","url":"https:\/\/secure.gravatar.com\/avatar\/4c81fed838786e9b53f540bf46533e750f5d292099ae3b66cfc6fb1982e29df7?s=96&d=mm&r=g","contentUrl":"https:\/\/secure.gravatar.com\/avatar\/4c81fed838786e9b53f540bf46533e750f5d292099ae3b66cfc6fb1982e29df7?s=96&d=mm&r=g","caption":"admin"},"description":"admin","url":"https:\/\/lasentinelle.dz\/author\/admin\/"}]}},"_links":{"self":[{"href":"https:\/\/lasentinelle.dz\/index.php\/wp-json\/wp\/v2\/posts\/70426","targetHints":{"allow":["GET"]}}],"collection":[{"href":"https:\/\/lasentinelle.dz\/index.php\/wp-json\/wp\/v2\/posts"}],"about":[{"href":"https:\/\/lasentinelle.dz\/index.php\/wp-json\/wp\/v2\/types\/post"}],"author":[{"embeddable":true,"href":"https:\/\/lasentinelle.dz\/index.php\/wp-json\/wp\/v2\/users\/6"}],"replies":[{"embeddable":true,"href":"https:\/\/lasentinelle.dz\/index.php\/wp-json\/wp\/v2\/comments?post=70426"}],"version-history":[{"count":2,"href":"https:\/\/lasentinelle.dz\/index.php\/wp-json\/wp\/v2\/posts\/70426\/revisions"}],"predecessor-version":[{"id":70429,"href":"https:\/\/lasentinelle.dz\/index.php\/wp-json\/wp\/v2\/posts\/70426\/revisions\/70429"}],"wp:featuredmedia":[{"embeddable":true,"href":"https:\/\/lasentinelle.dz\/index.php\/wp-json\/wp\/v2\/media\/70427"}],"wp:attachment":[{"href":"https:\/\/lasentinelle.dz\/index.php\/wp-json\/wp\/v2\/media?parent=70426"}],"wp:term":[{"taxonomy":"category","embeddable":true,"href":"https:\/\/lasentinelle.dz\/index.php\/wp-json\/wp\/v2\/categories?post=70426"},{"taxonomy":"post_tag","embeddable":true,"href":"https:\/\/lasentinelle.dz\/index.php\/wp-json\/wp\/v2\/tags?post=70426"}],"curies":[{"name":"wp","href":"https:\/\/api.w.org\/{rel}","templated":true}]}}