{"id":70430,"date":"2025-07-16T12:15:34","date_gmt":"2025-07-16T11:15:34","guid":{"rendered":"https:\/\/lasentinelle.dz\/?p=70430"},"modified":"2025-07-16T12:15:35","modified_gmt":"2025-07-16T11:15:35","slug":"mondiaux-de-natation-melih-syoud-et-sahnoune-a-singapour","status":"publish","type":"post","link":"https:\/\/lasentinelle.dz\/index.php\/2025\/07\/16\/mondiaux-de-natation-melih-syoud-et-sahnoune-a-singapour\/","title":{"rendered":"Mondiaux de natation: Melih, Syoud et Sahnoune \u00e0 Singapour"},"content":{"rendered":"\n<p>L&rsquo;Alg\u00e9rie sera repr\u00e9sent\u00e9e par trois nageurs aux 22\u00e8mes Championnats du monde de natation qui se d\u00e9rouleront du 27 juillet au 3 ao\u00fbt prochains au World Aquatics Championships Arena de Singapour.<\/p>\n\n\n\n<p>Amel Melih, Jaouad Syoud et Oussama Sahnoune ont \u00e9t\u00e9 s\u00e9lectionn\u00e9s pour porter les couleurs nationales lors de cette comp\u00e9tition internationale majeure, selon le programme officiel publi\u00e9 mardi par la World Aquatics. Amel Melih, la nageuse alg\u00e9rienne de 31 ans, disputera trois \u00e9preuves lors de ces Mondiaux singapouriens. Elle d\u00e9butera sa comp\u00e9tition le mercredi 30 juillet avec le 50 m\u00e8tres dos, avant de poursuivre le vendredi 1er ao\u00fbt avec les s\u00e9ries du 50 m\u00e8tres papillon. La native d&rsquo;Alger terminera son programme le samedi 2 ao\u00fbt avec l&rsquo;\u00e9preuve du 50 m\u00e8tres nage libre, une sp\u00e9cialit\u00e9 qu&rsquo;elle ma\u00eetrise particuli\u00e8rement bien puisqu&rsquo;elle d\u00e9tient le record national dans cette discipline. Cette participation aux trois \u00e9preuves t\u00e9moigne de la polyvalence de la nageuse alg\u00e9rienne qui esp\u00e8re r\u00e9aliser de belles performances dans le bassin singapourien. Jaouad Syoud, quant \u00e0 lui, affrontera un programme particuli\u00e8rement charg\u00e9 avec cinq \u00e9preuves au total. Le nageur alg\u00e9rien entamera sa comp\u00e9tition d\u00e8s le mardi 29 juillet avec une double participation au 200 m\u00e8tres papillon et au 50 m\u00e8tres brasse. Il encha\u00eenera le lendemain, mercredi 30 juillet, avec le 200 m\u00e8tres quatre nages, une \u00e9preuve technique qui requiert une ma\u00eetrise parfaite des quatre nages. Le jeudi 31 juillet, Syoud se lancera dans le 200 m\u00e8tres brasse avant de conclure son programme le dimanche 3 ao\u00fbt avec les s\u00e9ries du 400 m\u00e8tres quatre nages, l&rsquo;\u00e9preuve la plus longue et la plus exigeante de son programme. Cette participation multiple souligne l&rsquo;ambition du nageur alg\u00e9rien de se mesurer aux meilleurs mondiaux dans diff\u00e9rentes sp\u00e9cialit\u00e9s.<\/p>\n\n\n\n<p>Oussama Sahnoune compl\u00e8te la d\u00e9l\u00e9gation alg\u00e9rienne avec une participation plus cibl\u00e9e. Le nageur se concentrera uniquement sur le 50 m\u00e8tres nage libre, \u00e9preuve qu&rsquo;il disputera le vendredi 1er ao\u00fbt. Cette sp\u00e9cialisation lui permettra de se focaliser enti\u00e8rement sur cette distance courte o\u00f9 chaque centi\u00e8me de seconde compte et o\u00f9 l&rsquo;explosivit\u00e9 fait la diff\u00e9rence.<\/p>\n\n\n\n<p>Ces 22es Championnats du monde de natation s&rsquo;annoncent particuli\u00e8rement relev\u00e9s avec la pr\u00e9sence des plus grandes stars mondiales de la natation. Les spectateurs pourront notamment suivre les performances de L\u00e9on Marchand, le prodige fran\u00e7ais qui a brill\u00e9 aux derniers Jeux olympiques, ainsi que de la l\u00e9gende am\u00e9ricaine Katie Ledecky, sp\u00e9cialiste incontournable des distances longues. L&rsquo;Italien Thomas Ceccon, champion olympique du 100 m\u00e8tres dos, sera \u00e9galement pr\u00e9sent, tout comme la Canadienne Summer McIntosh, nouvelle \u00e9toile montante de la natation mondiale, et l&rsquo;Australienne Kaylee McKeown, d\u00e9tentrice de plusieurs records mondiaux en dos. Pour l&rsquo;Alg\u00e9rie, cette participation aux Mondiaux de Singapour repr\u00e9sente une opportunit\u00e9 importante de confronter ses nageurs au plus haut niveau international. Melih, Syoud et Sahnoune auront l&rsquo;occasion de mesurer leurs progr\u00e8s face aux meilleures nageuses et nageurs de la plan\u00e8te, dans un contexte de comp\u00e9tition mondiale qui pourra leur servir de r\u00e9f\u00e9rence pour la suite de leur carri\u00e8re. Ces Championnats du monde constituent \u00e9galement une \u00e9tape importante dans la pr\u00e9paration des futurs \u00e9ch\u00e9ances internationales pour la natation alg\u00e9rienne, qui continue de d\u00e9velopper ses structures et d&rsquo;accompagner ses athl\u00e8tes vers l&rsquo;excellence sportive. M. Dahleb<\/p>\n","protected":false},"excerpt":{"rendered":"<p>L&rsquo;Alg\u00e9rie sera repr\u00e9sent\u00e9e par trois nageurs aux 22\u00e8mes Championnats du monde de natation qui se d\u00e9rouleront du 27 juillet au<\/p>\n","protected":false},"author":6,"featured_media":70431,"comment_status":"open","ping_status":"closed","sticky":false,"template":"","format":"standard","meta":{"colormag_page_container_layout":"default_layout","colormag_page_sidebar_layout":"default_layout","om_disable_all_campaigns":false,"_monsterinsights_skip_tracking":false,"_monsterinsights_sitenote_active":false,"_monsterinsights_sitenote_note":"","_monsterinsights_sitenote_category":0,"footnotes":"","_wpscppro_dont_share_socialmedia":false,"_wpscppro_custom_social_share_image":0,"_facebook_share_type":"default","_twitter_share_type":"default","_linkedin_share_type":"default","_pinterest_share_type":"default","_linkedin_share_type_page":"","_instagram_share_type":"default","_medium_share_type":"default","_threads_share_type":"","_google_business_share_type":"","_selected_social_profile":[],"_wpsp_enable_custom_social_template":false,"_wpsp_social_scheduling":{"enabled":false,"datetime":null,"platforms":[],"status":"template_only","dateOption":"today","timeOption":"now","customDays":"","customHours":"","customDate":"","customTime":"","schedulingType":"absolute"},"_wpsp_active_default_template":true},"categories":[33],"tags":[],"class_list":["post-70430","post","type-post","status-publish","format-standard","has-post-thumbnail","hentry","category-sports"],"aioseo_notices":[],"yoast_head":"<!-- This site is optimized with the Yoast SEO plugin v27.5 - https:\/\/yoast.com\/product\/yoast-seo-wordpress\/ -->\n<title>Mondiaux de natation: Melih, Syoud et Sahnoune \u00e0 Singapour - La Sentinelle<\/title>\n<meta name=\"robots\" content=\"index, follow, max-snippet:-1, max-image-preview:large, max-video-preview:-1\" \/>\n<link rel=\"canonical\" href=\"https:\/\/lasentinelle.dz\/index.php\/2025\/07\/16\/mondiaux-de-natation-melih-syoud-et-sahnoune-a-singapour\/\" \/>\n<meta property=\"og:locale\" content=\"fr_FR\" \/>\n<meta property=\"og:type\" content=\"article\" \/>\n<meta property=\"og:title\" content=\"Mondiaux de natation: Melih, Syoud et Sahnoune \u00e0 Singapour - La Sentinelle\" \/>\n<meta property=\"og:description\" content=\"L&rsquo;Alg\u00e9rie sera repr\u00e9sent\u00e9e par trois nageurs aux 22\u00e8mes Championnats du monde de natation qui se d\u00e9rouleront du 27 juillet au\" \/>\n<meta property=\"og:url\" content=\"https:\/\/lasentinelle.dz\/index.php\/2025\/07\/16\/mondiaux-de-natation-melih-syoud-et-sahnoune-a-singapour\/\" \/>\n<meta property=\"og:site_name\" content=\"La Sentinelle\" \/>\n<meta property=\"article:publisher\" content=\"https:\/\/www.facebook.com\/La-Sentinelle-104059864394773\" \/>\n<meta property=\"article:published_time\" content=\"2025-07-16T11:15:34+00:00\" \/>\n<meta property=\"article:modified_time\" content=\"2025-07-16T11:15:35+00:00\" \/>\n<meta property=\"og:image\" content=\"https:\/\/lasentinelle.dz\/wp-content\/uploads\/2025\/07\/natation.jpg\" \/>\n\t<meta property=\"og:image:width\" content=\"580\" \/>\n\t<meta property=\"og:image:height\" content=\"350\" \/>\n\t<meta property=\"og:image:type\" content=\"image\/jpeg\" \/>\n<meta name=\"author\" content=\"admin\" \/>\n<meta name=\"twitter:card\" content=\"summary_large_image\" \/>\n<meta name=\"twitter:label1\" content=\"\u00c9crit par\" \/>\n\t<meta name=\"twitter:data1\" content=\"admin\" \/>\n\t<meta name=\"twitter:label2\" content=\"Dur\u00e9e de lecture estim\u00e9e\" \/>\n\t<meta name=\"twitter:data2\" content=\"3 minutes\" \/>\n<script type=\"application\/ld+json\" class=\"yoast-schema-graph\">{\"@context\":\"https:\\\/\\\/schema.org\",\"@graph\":[{\"@type\":\"Article\",\"@id\":\"https:\\\/\\\/lasentinelle.dz\\\/index.php\\\/2025\\\/07\\\/16\\\/mondiaux-de-natation-melih-syoud-et-sahnoune-a-singapour\\\/#article\",\"isPartOf\":{\"@id\":\"https:\\\/\\\/lasentinelle.dz\\\/index.php\\\/2025\\\/07\\\/16\\\/mondiaux-de-natation-melih-syoud-et-sahnoune-a-singapour\\\/\"},\"author\":{\"name\":\"admin\",\"@id\":\"https:\\\/\\\/lasentinelle.dz\\\/#\\\/schema\\\/person\\\/729ee0024f24e0b8c5ec17232f8e8b41\"},\"headline\":\"Mondiaux de natation: Melih, Syoud et Sahnoune \u00e0 Singapour\",\"datePublished\":\"2025-07-16T11:15:34+00:00\",\"dateModified\":\"2025-07-16T11:15:35+00:00\",\"mainEntityOfPage\":{\"@id\":\"https:\\\/\\\/lasentinelle.dz\\\/index.php\\\/2025\\\/07\\\/16\\\/mondiaux-de-natation-melih-syoud-et-sahnoune-a-singapour\\\/\"},\"wordCount\":595,\"commentCount\":0,\"publisher\":{\"@id\":\"https:\\\/\\\/lasentinelle.dz\\\/#organization\"},\"image\":{\"@id\":\"https:\\\/\\\/lasentinelle.dz\\\/index.php\\\/2025\\\/07\\\/16\\\/mondiaux-de-natation-melih-syoud-et-sahnoune-a-singapour\\\/#primaryimage\"},\"thumbnailUrl\":\"https:\\\/\\\/lasentinelle.dz\\\/wp-content\\\/uploads\\\/2025\\\/07\\\/natation.jpg\",\"articleSection\":[\"Sports\"],\"inLanguage\":\"fr-FR\",\"potentialAction\":[{\"@type\":\"CommentAction\",\"name\":\"Comment\",\"target\":[\"https:\\\/\\\/lasentinelle.dz\\\/index.php\\\/2025\\\/07\\\/16\\\/mondiaux-de-natation-melih-syoud-et-sahnoune-a-singapour\\\/#respond\"]}]},{\"@type\":\"WebPage\",\"@id\":\"https:\\\/\\\/lasentinelle.dz\\\/index.php\\\/2025\\\/07\\\/16\\\/mondiaux-de-natation-melih-syoud-et-sahnoune-a-singapour\\\/\",\"url\":\"https:\\\/\\\/lasentinelle.dz\\\/index.php\\\/2025\\\/07\\\/16\\\/mondiaux-de-natation-melih-syoud-et-sahnoune-a-singapour\\\/\",\"name\":\"Mondiaux de natation: Melih, Syoud et Sahnoune \u00e0 Singapour - La Sentinelle\",\"isPartOf\":{\"@id\":\"https:\\\/\\\/lasentinelle.dz\\\/#website\"},\"primaryImageOfPage\":{\"@id\":\"https:\\\/\\\/lasentinelle.dz\\\/index.php\\\/2025\\\/07\\\/16\\\/mondiaux-de-natation-melih-syoud-et-sahnoune-a-singapour\\\/#primaryimage\"},\"image\":{\"@id\":\"https:\\\/\\\/lasentinelle.dz\\\/index.php\\\/2025\\\/07\\\/16\\\/mondiaux-de-natation-melih-syoud-et-sahnoune-a-singapour\\\/#primaryimage\"},\"thumbnailUrl\":\"https:\\\/\\\/lasentinelle.dz\\\/wp-content\\\/uploads\\\/2025\\\/07\\\/natation.jpg\",\"datePublished\":\"2025-07-16T11:15:34+00:00\",\"dateModified\":\"2025-07-16T11:15:35+00:00\",\"breadcrumb\":{\"@id\":\"https:\\\/\\\/lasentinelle.dz\\\/index.php\\\/2025\\\/07\\\/16\\\/mondiaux-de-natation-melih-syoud-et-sahnoune-a-singapour\\\/#breadcrumb\"},\"inLanguage\":\"fr-FR\",\"potentialAction\":[{\"@type\":\"ReadAction\",\"target\":[\"https:\\\/\\\/lasentinelle.dz\\\/index.php\\\/2025\\\/07\\\/16\\\/mondiaux-de-natation-melih-syoud-et-sahnoune-a-singapour\\\/\"]}]},{\"@type\":\"ImageObject\",\"inLanguage\":\"fr-FR\",\"@id\":\"https:\\\/\\\/lasentinelle.dz\\\/index.php\\\/2025\\\/07\\\/16\\\/mondiaux-de-natation-melih-syoud-et-sahnoune-a-singapour\\\/#primaryimage\",\"url\":\"https:\\\/\\\/lasentinelle.dz\\\/wp-content\\\/uploads\\\/2025\\\/07\\\/natation.jpg\",\"contentUrl\":\"https:\\\/\\\/lasentinelle.dz\\\/wp-content\\\/uploads\\\/2025\\\/07\\\/natation.jpg\",\"width\":580,\"height\":350},{\"@type\":\"BreadcrumbList\",\"@id\":\"https:\\\/\\\/lasentinelle.dz\\\/index.php\\\/2025\\\/07\\\/16\\\/mondiaux-de-natation-melih-syoud-et-sahnoune-a-singapour\\\/#breadcrumb\",\"itemListElement\":[{\"@type\":\"ListItem\",\"position\":1,\"name\":\"Accueil\",\"item\":\"https:\\\/\\\/lasentinelle.dz\\\/\"},{\"@type\":\"ListItem\",\"position\":2,\"name\":\"Mondiaux de natation: Melih, Syoud et Sahnoune \u00e0 Singapour\"}]},{\"@type\":\"WebSite\",\"@id\":\"https:\\\/\\\/lasentinelle.dz\\\/#website\",\"url\":\"https:\\\/\\\/lasentinelle.dz\\\/\",\"name\":\"La Sentinelle\",\"description\":\"Quotidien national d&#039;information\",\"publisher\":{\"@id\":\"https:\\\/\\\/lasentinelle.dz\\\/#organization\"},\"potentialAction\":[{\"@type\":\"SearchAction\",\"target\":{\"@type\":\"EntryPoint\",\"urlTemplate\":\"https:\\\/\\\/lasentinelle.dz\\\/?s={search_term_string}\"},\"query-input\":{\"@type\":\"PropertyValueSpecification\",\"valueRequired\":true,\"valueName\":\"search_term_string\"}}],\"inLanguage\":\"fr-FR\"},{\"@type\":\"Organization\",\"@id\":\"https:\\\/\\\/lasentinelle.dz\\\/#organization\",\"name\":\"Quotidien La Sentinelle\",\"url\":\"https:\\\/\\\/lasentinelle.dz\\\/\",\"logo\":{\"@type\":\"ImageObject\",\"inLanguage\":\"fr-FR\",\"@id\":\"https:\\\/\\\/lasentinelle.dz\\\/#\\\/schema\\\/logo\\\/image\\\/\",\"url\":\"https:\\\/\\\/lasentinelle.dz\\\/wp-content\\\/uploads\\\/2021\\\/09\\\/logo-sentinelleSLOGAN-1.png\",\"contentUrl\":\"https:\\\/\\\/lasentinelle.dz\\\/wp-content\\\/uploads\\\/2021\\\/09\\\/logo-sentinelleSLOGAN-1.png\",\"width\":615,\"height\":142,\"caption\":\"Quotidien La Sentinelle\"},\"image\":{\"@id\":\"https:\\\/\\\/lasentinelle.dz\\\/#\\\/schema\\\/logo\\\/image\\\/\"},\"sameAs\":[\"https:\\\/\\\/www.facebook.com\\\/La-Sentinelle-104059864394773\"]},{\"@type\":\"Person\",\"@id\":\"https:\\\/\\\/lasentinelle.dz\\\/#\\\/schema\\\/person\\\/729ee0024f24e0b8c5ec17232f8e8b41\",\"name\":\"admin\",\"image\":{\"@type\":\"ImageObject\",\"inLanguage\":\"fr-FR\",\"@id\":\"https:\\\/\\\/secure.gravatar.com\\\/avatar\\\/4c81fed838786e9b53f540bf46533e750f5d292099ae3b66cfc6fb1982e29df7?s=96&d=mm&r=g\",\"url\":\"https:\\\/\\\/secure.gravatar.com\\\/avatar\\\/4c81fed838786e9b53f540bf46533e750f5d292099ae3b66cfc6fb1982e29df7?s=96&d=mm&r=g\",\"contentUrl\":\"https:\\\/\\\/secure.gravatar.com\\\/avatar\\\/4c81fed838786e9b53f540bf46533e750f5d292099ae3b66cfc6fb1982e29df7?s=96&d=mm&r=g\",\"caption\":\"admin\"},\"description\":\"admin\",\"url\":\"https:\\\/\\\/lasentinelle.dz\\\/author\\\/admin\\\/\"}]}<\/script>\n<!-- \/ Yoast SEO plugin. -->","yoast_head_json":{"title":"Mondiaux de natation: Melih, Syoud et Sahnoune \u00e0 Singapour - La Sentinelle","robots":{"index":"index","follow":"follow","max-snippet":"max-snippet:-1","max-image-preview":"max-image-preview:large","max-video-preview":"max-video-preview:-1"},"canonical":"https:\/\/lasentinelle.dz\/index.php\/2025\/07\/16\/mondiaux-de-natation-melih-syoud-et-sahnoune-a-singapour\/","og_locale":"fr_FR","og_type":"article","og_title":"Mondiaux de natation: Melih, Syoud et Sahnoune \u00e0 Singapour - La Sentinelle","og_description":"L&rsquo;Alg\u00e9rie sera repr\u00e9sent\u00e9e par trois nageurs aux 22\u00e8mes Championnats du monde de natation qui se d\u00e9rouleront du 27 juillet au","og_url":"https:\/\/lasentinelle.dz\/index.php\/2025\/07\/16\/mondiaux-de-natation-melih-syoud-et-sahnoune-a-singapour\/","og_site_name":"La Sentinelle","article_publisher":"https:\/\/www.facebook.com\/La-Sentinelle-104059864394773","article_published_time":"2025-07-16T11:15:34+00:00","article_modified_time":"2025-07-16T11:15:35+00:00","og_image":[{"width":580,"height":350,"url":"https:\/\/lasentinelle.dz\/wp-content\/uploads\/2025\/07\/natation.jpg","type":"image\/jpeg"}],"author":"admin","twitter_card":"summary_large_image","twitter_misc":{"\u00c9crit par":"admin","Dur\u00e9e de lecture estim\u00e9e":"3 minutes"},"schema":{"@context":"https:\/\/schema.org","@graph":[{"@type":"Article","@id":"https:\/\/lasentinelle.dz\/index.php\/2025\/07\/16\/mondiaux-de-natation-melih-syoud-et-sahnoune-a-singapour\/#article","isPartOf":{"@id":"https:\/\/lasentinelle.dz\/index.php\/2025\/07\/16\/mondiaux-de-natation-melih-syoud-et-sahnoune-a-singapour\/"},"author":{"name":"admin","@id":"https:\/\/lasentinelle.dz\/#\/schema\/person\/729ee0024f24e0b8c5ec17232f8e8b41"},"headline":"Mondiaux de natation: Melih, Syoud et Sahnoune \u00e0 Singapour","datePublished":"2025-07-16T11:15:34+00:00","dateModified":"2025-07-16T11:15:35+00:00","mainEntityOfPage":{"@id":"https:\/\/lasentinelle.dz\/index.php\/2025\/07\/16\/mondiaux-de-natation-melih-syoud-et-sahnoune-a-singapour\/"},"wordCount":595,"commentCount":0,"publisher":{"@id":"https:\/\/lasentinelle.dz\/#organization"},"image":{"@id":"https:\/\/lasentinelle.dz\/index.php\/2025\/07\/16\/mondiaux-de-natation-melih-syoud-et-sahnoune-a-singapour\/#primaryimage"},"thumbnailUrl":"https:\/\/lasentinelle.dz\/wp-content\/uploads\/2025\/07\/natation.jpg","articleSection":["Sports"],"inLanguage":"fr-FR","potentialAction":[{"@type":"CommentAction","name":"Comment","target":["https:\/\/lasentinelle.dz\/index.php\/2025\/07\/16\/mondiaux-de-natation-melih-syoud-et-sahnoune-a-singapour\/#respond"]}]},{"@type":"WebPage","@id":"https:\/\/lasentinelle.dz\/index.php\/2025\/07\/16\/mondiaux-de-natation-melih-syoud-et-sahnoune-a-singapour\/","url":"https:\/\/lasentinelle.dz\/index.php\/2025\/07\/16\/mondiaux-de-natation-melih-syoud-et-sahnoune-a-singapour\/","name":"Mondiaux de natation: Melih, Syoud et Sahnoune \u00e0 Singapour - La Sentinelle","isPartOf":{"@id":"https:\/\/lasentinelle.dz\/#website"},"primaryImageOfPage":{"@id":"https:\/\/lasentinelle.dz\/index.php\/2025\/07\/16\/mondiaux-de-natation-melih-syoud-et-sahnoune-a-singapour\/#primaryimage"},"image":{"@id":"https:\/\/lasentinelle.dz\/index.php\/2025\/07\/16\/mondiaux-de-natation-melih-syoud-et-sahnoune-a-singapour\/#primaryimage"},"thumbnailUrl":"https:\/\/lasentinelle.dz\/wp-content\/uploads\/2025\/07\/natation.jpg","datePublished":"2025-07-16T11:15:34+00:00","dateModified":"2025-07-16T11:15:35+00:00","breadcrumb":{"@id":"https:\/\/lasentinelle.dz\/index.php\/2025\/07\/16\/mondiaux-de-natation-melih-syoud-et-sahnoune-a-singapour\/#breadcrumb"},"inLanguage":"fr-FR","potentialAction":[{"@type":"ReadAction","target":["https:\/\/lasentinelle.dz\/index.php\/2025\/07\/16\/mondiaux-de-natation-melih-syoud-et-sahnoune-a-singapour\/"]}]},{"@type":"ImageObject","inLanguage":"fr-FR","@id":"https:\/\/lasentinelle.dz\/index.php\/2025\/07\/16\/mondiaux-de-natation-melih-syoud-et-sahnoune-a-singapour\/#primaryimage","url":"https:\/\/lasentinelle.dz\/wp-content\/uploads\/2025\/07\/natation.jpg","contentUrl":"https:\/\/lasentinelle.dz\/wp-content\/uploads\/2025\/07\/natation.jpg","width":580,"height":350},{"@type":"BreadcrumbList","@id":"https:\/\/lasentinelle.dz\/index.php\/2025\/07\/16\/mondiaux-de-natation-melih-syoud-et-sahnoune-a-singapour\/#breadcrumb","itemListElement":[{"@type":"ListItem","position":1,"name":"Accueil","item":"https:\/\/lasentinelle.dz\/"},{"@type":"ListItem","position":2,"name":"Mondiaux de natation: Melih, Syoud et Sahnoune \u00e0 Singapour"}]},{"@type":"WebSite","@id":"https:\/\/lasentinelle.dz\/#website","url":"https:\/\/lasentinelle.dz\/","name":"La Sentinelle","description":"Quotidien national d&#039;information","publisher":{"@id":"https:\/\/lasentinelle.dz\/#organization"},"potentialAction":[{"@type":"SearchAction","target":{"@type":"EntryPoint","urlTemplate":"https:\/\/lasentinelle.dz\/?s={search_term_string}"},"query-input":{"@type":"PropertyValueSpecification","valueRequired":true,"valueName":"search_term_string"}}],"inLanguage":"fr-FR"},{"@type":"Organization","@id":"https:\/\/lasentinelle.dz\/#organization","name":"Quotidien La Sentinelle","url":"https:\/\/lasentinelle.dz\/","logo":{"@type":"ImageObject","inLanguage":"fr-FR","@id":"https:\/\/lasentinelle.dz\/#\/schema\/logo\/image\/","url":"https:\/\/lasentinelle.dz\/wp-content\/uploads\/2021\/09\/logo-sentinelleSLOGAN-1.png","contentUrl":"https:\/\/lasentinelle.dz\/wp-content\/uploads\/2021\/09\/logo-sentinelleSLOGAN-1.png","width":615,"height":142,"caption":"Quotidien La Sentinelle"},"image":{"@id":"https:\/\/lasentinelle.dz\/#\/schema\/logo\/image\/"},"sameAs":["https:\/\/www.facebook.com\/La-Sentinelle-104059864394773"]},{"@type":"Person","@id":"https:\/\/lasentinelle.dz\/#\/schema\/person\/729ee0024f24e0b8c5ec17232f8e8b41","name":"admin","image":{"@type":"ImageObject","inLanguage":"fr-FR","@id":"https:\/\/secure.gravatar.com\/avatar\/4c81fed838786e9b53f540bf46533e750f5d292099ae3b66cfc6fb1982e29df7?s=96&d=mm&r=g","url":"https:\/\/secure.gravatar.com\/avatar\/4c81fed838786e9b53f540bf46533e750f5d292099ae3b66cfc6fb1982e29df7?s=96&d=mm&r=g","contentUrl":"https:\/\/secure.gravatar.com\/avatar\/4c81fed838786e9b53f540bf46533e750f5d292099ae3b66cfc6fb1982e29df7?s=96&d=mm&r=g","caption":"admin"},"description":"admin","url":"https:\/\/lasentinelle.dz\/author\/admin\/"}]}},"_links":{"self":[{"href":"https:\/\/lasentinelle.dz\/index.php\/wp-json\/wp\/v2\/posts\/70430","targetHints":{"allow":["GET"]}}],"collection":[{"href":"https:\/\/lasentinelle.dz\/index.php\/wp-json\/wp\/v2\/posts"}],"about":[{"href":"https:\/\/lasentinelle.dz\/index.php\/wp-json\/wp\/v2\/types\/post"}],"author":[{"embeddable":true,"href":"https:\/\/lasentinelle.dz\/index.php\/wp-json\/wp\/v2\/users\/6"}],"replies":[{"embeddable":true,"href":"https:\/\/lasentinelle.dz\/index.php\/wp-json\/wp\/v2\/comments?post=70430"}],"version-history":[{"count":1,"href":"https:\/\/lasentinelle.dz\/index.php\/wp-json\/wp\/v2\/posts\/70430\/revisions"}],"predecessor-version":[{"id":70432,"href":"https:\/\/lasentinelle.dz\/index.php\/wp-json\/wp\/v2\/posts\/70430\/revisions\/70432"}],"wp:featuredmedia":[{"embeddable":true,"href":"https:\/\/lasentinelle.dz\/index.php\/wp-json\/wp\/v2\/media\/70431"}],"wp:attachment":[{"href":"https:\/\/lasentinelle.dz\/index.php\/wp-json\/wp\/v2\/media?parent=70430"}],"wp:term":[{"taxonomy":"category","embeddable":true,"href":"https:\/\/lasentinelle.dz\/index.php\/wp-json\/wp\/v2\/categories?post=70430"},{"taxonomy":"post_tag","embeddable":true,"href":"https:\/\/lasentinelle.dz\/index.php\/wp-json\/wp\/v2\/tags?post=70430"}],"curies":[{"name":"wp","href":"https:\/\/api.w.org\/{rel}","templated":true}]}}