{"id":70433,"date":"2025-07-16T12:16:21","date_gmt":"2025-07-16T11:16:21","guid":{"rendered":"https:\/\/lasentinelle.dz\/?p=70433"},"modified":"2025-07-16T12:16:22","modified_gmt":"2025-07-16T11:16:22","slug":"can-2025-dames-les-vertes-face-au-ghana-en-quarts","status":"publish","type":"post","link":"https:\/\/lasentinelle.dz\/index.php\/2025\/07\/16\/can-2025-dames-les-vertes-face-au-ghana-en-quarts\/","title":{"rendered":"CAN 2025 (Dames): Les Vertes face au Ghana en quarts"},"content":{"rendered":"\n<p>La s\u00e9lection nationale f\u00e9minine de football a franchi un cap historique en se qualifiant pour les quarts de finale de la 15e Coupe d&rsquo;Afrique des nations CAN-2024, d\u00e9cal\u00e9e \u00e0 2025, o\u00f9 elle affrontera le Ghana samedi 19 juillet \u00e0 17h00 (heure alg\u00e9rienne). Les co\u00e9quipi\u00e8res de Rosel\u00e8ne Khezami ont termin\u00e9 la phase de groupes \u00e0 la deuxi\u00e8me place du groupe B avec cinq points, derri\u00e8re le Nigeria qui a domin\u00e9 la poule avec sept unit\u00e9s. Cette position leur garantissait un affrontement contre le deuxi\u00e8me class\u00e9 du groupe C, un suspense qui s&rsquo;est maintenu jusqu&rsquo;aux derniers matches de la phase de groupes disput\u00e9s lundi soir. Dans ce groupe particuli\u00e8rement relev\u00e9, l&rsquo;Afrique du Sud tenante du titre, le Mali et le Ghana se disputaient les deux places qualificatives. Le d\u00e9nouement a \u00e9t\u00e9 spectaculaire avec la large victoire du Ghana face \u00e0 la Tanzanie sur le score de 4-1, permettant aux Black Queens de s&#8217;emparer de cette pr\u00e9cieuse deuxi\u00e8me place qualificative. Cette performance ghan\u00e9enne a rel\u00e9gu\u00e9 le Mali, pourtant co-leader avec l&rsquo;Afrique du Sud avant cette ultime journ\u00e9e, \u00e0 la troisi\u00e8me position du groupe. Les Aigles du Mali ont subi une lourde d\u00e9faite face aux Sud-Africaines (4-0), mais ont n\u00e9anmoins r\u00e9ussi \u00e0 se qualifier pour les quarts de finale en tant que l&rsquo;une des deux meilleures troisi\u00e8mes de la comp\u00e9tition. La Tanzanie, quant \u00e0 elle, a vu ses espoirs s&rsquo;envoler d\u00e9finitivement. La qualification des Vertes marque un tournant majeur pour le football f\u00e9minin alg\u00e9rien, qui n&rsquo;avait jamais d\u00e9pass\u00e9 le premier tour lors de ses cinq pr\u00e9c\u00e9dentes participations continentales en 2004, 2006, 2010, 2014 et 2018. Cette qualification historique repr\u00e9sente un aboutissement du travail de d\u00e9veloppement du football f\u00e9minin alg\u00e9rien. L&rsquo;\u00e9quipe dirig\u00e9e par son staff technique a su montrer une progression constante tout au long de la phase de groupes, alternant entre moments de bravoure et p\u00e9riodes d&rsquo;apprentissage face \u00e0 des adversaires de calibre continental. La performance face au Nigeria, \u00e9quipe habitu\u00e9e aux phases finales des comp\u00e9titions africaines, a notamment d\u00e9montr\u00e9 la capacit\u00e9 des Alg\u00e9riennes \u00e0 rivaliser avec les meilleures formations du continent.<\/p>\n\n\n\n<p>Le tirage au sort a donc d\u00e9sign\u00e9 le Ghana comme prochain adversaire des Alg\u00e9riennes. Les Black Queens, formation respect\u00e9e du football africain, poss\u00e8dent une exp\u00e9rience certaine des phases finales continentales et repr\u00e9senteront un d\u00e9fi de taille pour les prot\u00e9g\u00e9es de Rosel\u00e8ne Khezami. Cette confrontation, programm\u00e9e samedi 19 juillet \u00e0 17h00, s&rsquo;annonce comme un match d&rsquo;une intensit\u00e9 particuli\u00e8re o\u00f9 l&rsquo;exp\u00e9rience ghan\u00e9enne se heurtera \u00e0 la d\u00e9termination alg\u00e9rienne.<\/p>\n\n\n\n<p>M.D.<\/p>\n","protected":false},"excerpt":{"rendered":"<p>La s\u00e9lection nationale f\u00e9minine de football a franchi un cap historique en se qualifiant pour les quarts de finale de<\/p>\n","protected":false},"author":6,"featured_media":70212,"comment_status":"open","ping_status":"closed","sticky":false,"template":"","format":"standard","meta":{"colormag_page_container_layout":"default_layout","colormag_page_sidebar_layout":"default_layout","om_disable_all_campaigns":false,"_monsterinsights_skip_tracking":false,"_monsterinsights_sitenote_active":false,"_monsterinsights_sitenote_note":"","_monsterinsights_sitenote_category":0,"footnotes":"","_wpscppro_dont_share_socialmedia":false,"_wpscppro_custom_social_share_image":0,"_facebook_share_type":"default","_twitter_share_type":"default","_linkedin_share_type":"default","_pinterest_share_type":"default","_linkedin_share_type_page":"","_instagram_share_type":"default","_medium_share_type":"default","_threads_share_type":"","_google_business_share_type":"","_selected_social_profile":[],"_wpsp_enable_custom_social_template":false,"_wpsp_social_scheduling":{"enabled":false,"datetime":null,"platforms":[],"status":"template_only","dateOption":"today","timeOption":"now","customDays":"","customHours":"","customDate":"","customTime":"","schedulingType":"absolute"},"_wpsp_active_default_template":true},"categories":[33],"tags":[],"class_list":["post-70433","post","type-post","status-publish","format-standard","has-post-thumbnail","hentry","category-sports"],"aioseo_notices":[],"yoast_head":"<!-- This site is optimized with the Yoast SEO plugin v27.5 - https:\/\/yoast.com\/product\/yoast-seo-wordpress\/ -->\n<title>CAN 2025 (Dames): Les Vertes face au Ghana en quarts - La Sentinelle<\/title>\n<meta name=\"robots\" content=\"index, follow, max-snippet:-1, max-image-preview:large, max-video-preview:-1\" \/>\n<link rel=\"canonical\" href=\"https:\/\/lasentinelle.dz\/index.php\/2025\/07\/16\/can-2025-dames-les-vertes-face-au-ghana-en-quarts\/\" \/>\n<meta property=\"og:locale\" content=\"fr_FR\" \/>\n<meta property=\"og:type\" content=\"article\" \/>\n<meta property=\"og:title\" content=\"CAN 2025 (Dames): Les Vertes face au Ghana en quarts - La Sentinelle\" \/>\n<meta property=\"og:description\" content=\"La s\u00e9lection nationale f\u00e9minine de football a franchi un cap historique en se qualifiant pour les quarts de finale de\" \/>\n<meta property=\"og:url\" content=\"https:\/\/lasentinelle.dz\/index.php\/2025\/07\/16\/can-2025-dames-les-vertes-face-au-ghana-en-quarts\/\" \/>\n<meta property=\"og:site_name\" content=\"La Sentinelle\" \/>\n<meta property=\"article:publisher\" content=\"https:\/\/www.facebook.com\/La-Sentinelle-104059864394773\" \/>\n<meta property=\"article:published_time\" content=\"2025-07-16T11:16:21+00:00\" \/>\n<meta property=\"article:modified_time\" content=\"2025-07-16T11:16:22+00:00\" \/>\n<meta property=\"og:image\" content=\"https:\/\/lasentinelle.dz\/wp-content\/uploads\/2025\/07\/Dames-3.jpg\" \/>\n\t<meta property=\"og:image:width\" content=\"1831\" \/>\n\t<meta property=\"og:image:height\" content=\"1220\" \/>\n\t<meta property=\"og:image:type\" content=\"image\/jpeg\" \/>\n<meta name=\"author\" content=\"admin\" \/>\n<meta name=\"twitter:card\" content=\"summary_large_image\" \/>\n<meta name=\"twitter:label1\" content=\"\u00c9crit par\" \/>\n\t<meta name=\"twitter:data1\" content=\"admin\" \/>\n\t<meta name=\"twitter:label2\" content=\"Dur\u00e9e de lecture estim\u00e9e\" \/>\n\t<meta name=\"twitter:data2\" content=\"3 minutes\" \/>\n<script type=\"application\/ld+json\" class=\"yoast-schema-graph\">{\"@context\":\"https:\\\/\\\/schema.org\",\"@graph\":[{\"@type\":\"Article\",\"@id\":\"https:\\\/\\\/lasentinelle.dz\\\/index.php\\\/2025\\\/07\\\/16\\\/can-2025-dames-les-vertes-face-au-ghana-en-quarts\\\/#article\",\"isPartOf\":{\"@id\":\"https:\\\/\\\/lasentinelle.dz\\\/index.php\\\/2025\\\/07\\\/16\\\/can-2025-dames-les-vertes-face-au-ghana-en-quarts\\\/\"},\"author\":{\"name\":\"admin\",\"@id\":\"https:\\\/\\\/lasentinelle.dz\\\/#\\\/schema\\\/person\\\/729ee0024f24e0b8c5ec17232f8e8b41\"},\"headline\":\"CAN 2025 (Dames): Les Vertes face au Ghana en quarts\",\"datePublished\":\"2025-07-16T11:16:21+00:00\",\"dateModified\":\"2025-07-16T11:16:22+00:00\",\"mainEntityOfPage\":{\"@id\":\"https:\\\/\\\/lasentinelle.dz\\\/index.php\\\/2025\\\/07\\\/16\\\/can-2025-dames-les-vertes-face-au-ghana-en-quarts\\\/\"},\"wordCount\":468,\"commentCount\":0,\"publisher\":{\"@id\":\"https:\\\/\\\/lasentinelle.dz\\\/#organization\"},\"image\":{\"@id\":\"https:\\\/\\\/lasentinelle.dz\\\/index.php\\\/2025\\\/07\\\/16\\\/can-2025-dames-les-vertes-face-au-ghana-en-quarts\\\/#primaryimage\"},\"thumbnailUrl\":\"https:\\\/\\\/lasentinelle.dz\\\/wp-content\\\/uploads\\\/2025\\\/07\\\/Dames-3.jpg\",\"articleSection\":[\"Sports\"],\"inLanguage\":\"fr-FR\",\"potentialAction\":[{\"@type\":\"CommentAction\",\"name\":\"Comment\",\"target\":[\"https:\\\/\\\/lasentinelle.dz\\\/index.php\\\/2025\\\/07\\\/16\\\/can-2025-dames-les-vertes-face-au-ghana-en-quarts\\\/#respond\"]}]},{\"@type\":\"WebPage\",\"@id\":\"https:\\\/\\\/lasentinelle.dz\\\/index.php\\\/2025\\\/07\\\/16\\\/can-2025-dames-les-vertes-face-au-ghana-en-quarts\\\/\",\"url\":\"https:\\\/\\\/lasentinelle.dz\\\/index.php\\\/2025\\\/07\\\/16\\\/can-2025-dames-les-vertes-face-au-ghana-en-quarts\\\/\",\"name\":\"CAN 2025 (Dames): Les Vertes face au Ghana en quarts - La Sentinelle\",\"isPartOf\":{\"@id\":\"https:\\\/\\\/lasentinelle.dz\\\/#website\"},\"primaryImageOfPage\":{\"@id\":\"https:\\\/\\\/lasentinelle.dz\\\/index.php\\\/2025\\\/07\\\/16\\\/can-2025-dames-les-vertes-face-au-ghana-en-quarts\\\/#primaryimage\"},\"image\":{\"@id\":\"https:\\\/\\\/lasentinelle.dz\\\/index.php\\\/2025\\\/07\\\/16\\\/can-2025-dames-les-vertes-face-au-ghana-en-quarts\\\/#primaryimage\"},\"thumbnailUrl\":\"https:\\\/\\\/lasentinelle.dz\\\/wp-content\\\/uploads\\\/2025\\\/07\\\/Dames-3.jpg\",\"datePublished\":\"2025-07-16T11:16:21+00:00\",\"dateModified\":\"2025-07-16T11:16:22+00:00\",\"breadcrumb\":{\"@id\":\"https:\\\/\\\/lasentinelle.dz\\\/index.php\\\/2025\\\/07\\\/16\\\/can-2025-dames-les-vertes-face-au-ghana-en-quarts\\\/#breadcrumb\"},\"inLanguage\":\"fr-FR\",\"potentialAction\":[{\"@type\":\"ReadAction\",\"target\":[\"https:\\\/\\\/lasentinelle.dz\\\/index.php\\\/2025\\\/07\\\/16\\\/can-2025-dames-les-vertes-face-au-ghana-en-quarts\\\/\"]}]},{\"@type\":\"ImageObject\",\"inLanguage\":\"fr-FR\",\"@id\":\"https:\\\/\\\/lasentinelle.dz\\\/index.php\\\/2025\\\/07\\\/16\\\/can-2025-dames-les-vertes-face-au-ghana-en-quarts\\\/#primaryimage\",\"url\":\"https:\\\/\\\/lasentinelle.dz\\\/wp-content\\\/uploads\\\/2025\\\/07\\\/Dames-3.jpg\",\"contentUrl\":\"https:\\\/\\\/lasentinelle.dz\\\/wp-content\\\/uploads\\\/2025\\\/07\\\/Dames-3.jpg\",\"width\":1831,\"height\":1220},{\"@type\":\"BreadcrumbList\",\"@id\":\"https:\\\/\\\/lasentinelle.dz\\\/index.php\\\/2025\\\/07\\\/16\\\/can-2025-dames-les-vertes-face-au-ghana-en-quarts\\\/#breadcrumb\",\"itemListElement\":[{\"@type\":\"ListItem\",\"position\":1,\"name\":\"Accueil\",\"item\":\"https:\\\/\\\/lasentinelle.dz\\\/\"},{\"@type\":\"ListItem\",\"position\":2,\"name\":\"CAN 2025 (Dames): Les Vertes face au Ghana en quarts\"}]},{\"@type\":\"WebSite\",\"@id\":\"https:\\\/\\\/lasentinelle.dz\\\/#website\",\"url\":\"https:\\\/\\\/lasentinelle.dz\\\/\",\"name\":\"La Sentinelle\",\"description\":\"Quotidien national d&#039;information\",\"publisher\":{\"@id\":\"https:\\\/\\\/lasentinelle.dz\\\/#organization\"},\"potentialAction\":[{\"@type\":\"SearchAction\",\"target\":{\"@type\":\"EntryPoint\",\"urlTemplate\":\"https:\\\/\\\/lasentinelle.dz\\\/?s={search_term_string}\"},\"query-input\":{\"@type\":\"PropertyValueSpecification\",\"valueRequired\":true,\"valueName\":\"search_term_string\"}}],\"inLanguage\":\"fr-FR\"},{\"@type\":\"Organization\",\"@id\":\"https:\\\/\\\/lasentinelle.dz\\\/#organization\",\"name\":\"Quotidien La Sentinelle\",\"url\":\"https:\\\/\\\/lasentinelle.dz\\\/\",\"logo\":{\"@type\":\"ImageObject\",\"inLanguage\":\"fr-FR\",\"@id\":\"https:\\\/\\\/lasentinelle.dz\\\/#\\\/schema\\\/logo\\\/image\\\/\",\"url\":\"https:\\\/\\\/lasentinelle.dz\\\/wp-content\\\/uploads\\\/2021\\\/09\\\/logo-sentinelleSLOGAN-1.png\",\"contentUrl\":\"https:\\\/\\\/lasentinelle.dz\\\/wp-content\\\/uploads\\\/2021\\\/09\\\/logo-sentinelleSLOGAN-1.png\",\"width\":615,\"height\":142,\"caption\":\"Quotidien La Sentinelle\"},\"image\":{\"@id\":\"https:\\\/\\\/lasentinelle.dz\\\/#\\\/schema\\\/logo\\\/image\\\/\"},\"sameAs\":[\"https:\\\/\\\/www.facebook.com\\\/La-Sentinelle-104059864394773\"]},{\"@type\":\"Person\",\"@id\":\"https:\\\/\\\/lasentinelle.dz\\\/#\\\/schema\\\/person\\\/729ee0024f24e0b8c5ec17232f8e8b41\",\"name\":\"admin\",\"image\":{\"@type\":\"ImageObject\",\"inLanguage\":\"fr-FR\",\"@id\":\"https:\\\/\\\/secure.gravatar.com\\\/avatar\\\/4c81fed838786e9b53f540bf46533e750f5d292099ae3b66cfc6fb1982e29df7?s=96&d=mm&r=g\",\"url\":\"https:\\\/\\\/secure.gravatar.com\\\/avatar\\\/4c81fed838786e9b53f540bf46533e750f5d292099ae3b66cfc6fb1982e29df7?s=96&d=mm&r=g\",\"contentUrl\":\"https:\\\/\\\/secure.gravatar.com\\\/avatar\\\/4c81fed838786e9b53f540bf46533e750f5d292099ae3b66cfc6fb1982e29df7?s=96&d=mm&r=g\",\"caption\":\"admin\"},\"description\":\"admin\",\"url\":\"https:\\\/\\\/lasentinelle.dz\\\/author\\\/admin\\\/\"}]}<\/script>\n<!-- \/ Yoast SEO plugin. -->","yoast_head_json":{"title":"CAN 2025 (Dames): Les Vertes face au Ghana en quarts - La Sentinelle","robots":{"index":"index","follow":"follow","max-snippet":"max-snippet:-1","max-image-preview":"max-image-preview:large","max-video-preview":"max-video-preview:-1"},"canonical":"https:\/\/lasentinelle.dz\/index.php\/2025\/07\/16\/can-2025-dames-les-vertes-face-au-ghana-en-quarts\/","og_locale":"fr_FR","og_type":"article","og_title":"CAN 2025 (Dames): Les Vertes face au Ghana en quarts - La Sentinelle","og_description":"La s\u00e9lection nationale f\u00e9minine de football a franchi un cap historique en se qualifiant pour les quarts de finale de","og_url":"https:\/\/lasentinelle.dz\/index.php\/2025\/07\/16\/can-2025-dames-les-vertes-face-au-ghana-en-quarts\/","og_site_name":"La Sentinelle","article_publisher":"https:\/\/www.facebook.com\/La-Sentinelle-104059864394773","article_published_time":"2025-07-16T11:16:21+00:00","article_modified_time":"2025-07-16T11:16:22+00:00","og_image":[{"width":1831,"height":1220,"url":"https:\/\/lasentinelle.dz\/wp-content\/uploads\/2025\/07\/Dames-3.jpg","type":"image\/jpeg"}],"author":"admin","twitter_card":"summary_large_image","twitter_misc":{"\u00c9crit par":"admin","Dur\u00e9e de lecture estim\u00e9e":"3 minutes"},"schema":{"@context":"https:\/\/schema.org","@graph":[{"@type":"Article","@id":"https:\/\/lasentinelle.dz\/index.php\/2025\/07\/16\/can-2025-dames-les-vertes-face-au-ghana-en-quarts\/#article","isPartOf":{"@id":"https:\/\/lasentinelle.dz\/index.php\/2025\/07\/16\/can-2025-dames-les-vertes-face-au-ghana-en-quarts\/"},"author":{"name":"admin","@id":"https:\/\/lasentinelle.dz\/#\/schema\/person\/729ee0024f24e0b8c5ec17232f8e8b41"},"headline":"CAN 2025 (Dames): Les Vertes face au Ghana en quarts","datePublished":"2025-07-16T11:16:21+00:00","dateModified":"2025-07-16T11:16:22+00:00","mainEntityOfPage":{"@id":"https:\/\/lasentinelle.dz\/index.php\/2025\/07\/16\/can-2025-dames-les-vertes-face-au-ghana-en-quarts\/"},"wordCount":468,"commentCount":0,"publisher":{"@id":"https:\/\/lasentinelle.dz\/#organization"},"image":{"@id":"https:\/\/lasentinelle.dz\/index.php\/2025\/07\/16\/can-2025-dames-les-vertes-face-au-ghana-en-quarts\/#primaryimage"},"thumbnailUrl":"https:\/\/lasentinelle.dz\/wp-content\/uploads\/2025\/07\/Dames-3.jpg","articleSection":["Sports"],"inLanguage":"fr-FR","potentialAction":[{"@type":"CommentAction","name":"Comment","target":["https:\/\/lasentinelle.dz\/index.php\/2025\/07\/16\/can-2025-dames-les-vertes-face-au-ghana-en-quarts\/#respond"]}]},{"@type":"WebPage","@id":"https:\/\/lasentinelle.dz\/index.php\/2025\/07\/16\/can-2025-dames-les-vertes-face-au-ghana-en-quarts\/","url":"https:\/\/lasentinelle.dz\/index.php\/2025\/07\/16\/can-2025-dames-les-vertes-face-au-ghana-en-quarts\/","name":"CAN 2025 (Dames): Les Vertes face au Ghana en quarts - La Sentinelle","isPartOf":{"@id":"https:\/\/lasentinelle.dz\/#website"},"primaryImageOfPage":{"@id":"https:\/\/lasentinelle.dz\/index.php\/2025\/07\/16\/can-2025-dames-les-vertes-face-au-ghana-en-quarts\/#primaryimage"},"image":{"@id":"https:\/\/lasentinelle.dz\/index.php\/2025\/07\/16\/can-2025-dames-les-vertes-face-au-ghana-en-quarts\/#primaryimage"},"thumbnailUrl":"https:\/\/lasentinelle.dz\/wp-content\/uploads\/2025\/07\/Dames-3.jpg","datePublished":"2025-07-16T11:16:21+00:00","dateModified":"2025-07-16T11:16:22+00:00","breadcrumb":{"@id":"https:\/\/lasentinelle.dz\/index.php\/2025\/07\/16\/can-2025-dames-les-vertes-face-au-ghana-en-quarts\/#breadcrumb"},"inLanguage":"fr-FR","potentialAction":[{"@type":"ReadAction","target":["https:\/\/lasentinelle.dz\/index.php\/2025\/07\/16\/can-2025-dames-les-vertes-face-au-ghana-en-quarts\/"]}]},{"@type":"ImageObject","inLanguage":"fr-FR","@id":"https:\/\/lasentinelle.dz\/index.php\/2025\/07\/16\/can-2025-dames-les-vertes-face-au-ghana-en-quarts\/#primaryimage","url":"https:\/\/lasentinelle.dz\/wp-content\/uploads\/2025\/07\/Dames-3.jpg","contentUrl":"https:\/\/lasentinelle.dz\/wp-content\/uploads\/2025\/07\/Dames-3.jpg","width":1831,"height":1220},{"@type":"BreadcrumbList","@id":"https:\/\/lasentinelle.dz\/index.php\/2025\/07\/16\/can-2025-dames-les-vertes-face-au-ghana-en-quarts\/#breadcrumb","itemListElement":[{"@type":"ListItem","position":1,"name":"Accueil","item":"https:\/\/lasentinelle.dz\/"},{"@type":"ListItem","position":2,"name":"CAN 2025 (Dames): Les Vertes face au Ghana en quarts"}]},{"@type":"WebSite","@id":"https:\/\/lasentinelle.dz\/#website","url":"https:\/\/lasentinelle.dz\/","name":"La Sentinelle","description":"Quotidien national d&#039;information","publisher":{"@id":"https:\/\/lasentinelle.dz\/#organization"},"potentialAction":[{"@type":"SearchAction","target":{"@type":"EntryPoint","urlTemplate":"https:\/\/lasentinelle.dz\/?s={search_term_string}"},"query-input":{"@type":"PropertyValueSpecification","valueRequired":true,"valueName":"search_term_string"}}],"inLanguage":"fr-FR"},{"@type":"Organization","@id":"https:\/\/lasentinelle.dz\/#organization","name":"Quotidien La Sentinelle","url":"https:\/\/lasentinelle.dz\/","logo":{"@type":"ImageObject","inLanguage":"fr-FR","@id":"https:\/\/lasentinelle.dz\/#\/schema\/logo\/image\/","url":"https:\/\/lasentinelle.dz\/wp-content\/uploads\/2021\/09\/logo-sentinelleSLOGAN-1.png","contentUrl":"https:\/\/lasentinelle.dz\/wp-content\/uploads\/2021\/09\/logo-sentinelleSLOGAN-1.png","width":615,"height":142,"caption":"Quotidien La Sentinelle"},"image":{"@id":"https:\/\/lasentinelle.dz\/#\/schema\/logo\/image\/"},"sameAs":["https:\/\/www.facebook.com\/La-Sentinelle-104059864394773"]},{"@type":"Person","@id":"https:\/\/lasentinelle.dz\/#\/schema\/person\/729ee0024f24e0b8c5ec17232f8e8b41","name":"admin","image":{"@type":"ImageObject","inLanguage":"fr-FR","@id":"https:\/\/secure.gravatar.com\/avatar\/4c81fed838786e9b53f540bf46533e750f5d292099ae3b66cfc6fb1982e29df7?s=96&d=mm&r=g","url":"https:\/\/secure.gravatar.com\/avatar\/4c81fed838786e9b53f540bf46533e750f5d292099ae3b66cfc6fb1982e29df7?s=96&d=mm&r=g","contentUrl":"https:\/\/secure.gravatar.com\/avatar\/4c81fed838786e9b53f540bf46533e750f5d292099ae3b66cfc6fb1982e29df7?s=96&d=mm&r=g","caption":"admin"},"description":"admin","url":"https:\/\/lasentinelle.dz\/author\/admin\/"}]}},"_links":{"self":[{"href":"https:\/\/lasentinelle.dz\/index.php\/wp-json\/wp\/v2\/posts\/70433","targetHints":{"allow":["GET"]}}],"collection":[{"href":"https:\/\/lasentinelle.dz\/index.php\/wp-json\/wp\/v2\/posts"}],"about":[{"href":"https:\/\/lasentinelle.dz\/index.php\/wp-json\/wp\/v2\/types\/post"}],"author":[{"embeddable":true,"href":"https:\/\/lasentinelle.dz\/index.php\/wp-json\/wp\/v2\/users\/6"}],"replies":[{"embeddable":true,"href":"https:\/\/lasentinelle.dz\/index.php\/wp-json\/wp\/v2\/comments?post=70433"}],"version-history":[{"count":1,"href":"https:\/\/lasentinelle.dz\/index.php\/wp-json\/wp\/v2\/posts\/70433\/revisions"}],"predecessor-version":[{"id":70434,"href":"https:\/\/lasentinelle.dz\/index.php\/wp-json\/wp\/v2\/posts\/70433\/revisions\/70434"}],"wp:featuredmedia":[{"embeddable":true,"href":"https:\/\/lasentinelle.dz\/index.php\/wp-json\/wp\/v2\/media\/70212"}],"wp:attachment":[{"href":"https:\/\/lasentinelle.dz\/index.php\/wp-json\/wp\/v2\/media?parent=70433"}],"wp:term":[{"taxonomy":"category","embeddable":true,"href":"https:\/\/lasentinelle.dz\/index.php\/wp-json\/wp\/v2\/categories?post=70433"},{"taxonomy":"post_tag","embeddable":true,"href":"https:\/\/lasentinelle.dz\/index.php\/wp-json\/wp\/v2\/tags?post=70433"}],"curies":[{"name":"wp","href":"https:\/\/api.w.org\/{rel}","templated":true}]}}