{"id":70449,"date":"2025-07-16T12:23:39","date_gmt":"2025-07-16T11:23:39","guid":{"rendered":"https:\/\/lasentinelle.dz\/?p=70449"},"modified":"2025-07-16T12:23:40","modified_gmt":"2025-07-16T11:23:40","slug":"projet-dusine-de-fabrication-de-transformateurs-electriques-sonelgaz-met-la-pression","status":"publish","type":"post","link":"https:\/\/lasentinelle.dz\/index.php\/2025\/07\/16\/projet-dusine-de-fabrication-de-transformateurs-electriques-sonelgaz-met-la-pression\/","title":{"rendered":"Projet d&rsquo;usine de fabrication de transformateurs \u00e9lectriques : Sonelgaz met la pression"},"content":{"rendered":"\n<p>Le groupe public Sonelgaz acc\u00e9l\u00e8re la cadence de ses projets strat\u00e9giques en mati\u00e8re d&rsquo;\u00e9quipements \u00e9lectriques. Le PDG Mourad Adjal a re\u00e7u lundi \u00e0 Alger le dirigeant de la compagnie indienne Vijai Electricals Limited, Jai Ramesh Dasari, dans le cadre de l&rsquo;\u00e9valuation du projet de partenariat relatif \u00e0 la r\u00e9alisation de l&rsquo;usine de fabrication de transformateurs \u00e9lectriques. Cette rencontre cruciale, qui s&rsquo;est tenue au si\u00e8ge de la Direction g\u00e9n\u00e9rale en pr\u00e9sence de cadres du groupe et du PDG de la compagnie Electro Industries, t\u00e9moigne de la d\u00e9termination \u00e0 finaliser rapidement ce projet industriel d&rsquo;envergure. L&rsquo;objectif affich\u00e9 lors de cette r\u00e9union \u00e9tait d&rsquo;examiner les voies et moyens d&rsquo;acc\u00e9l\u00e9rer la cadence de r\u00e9alisation du projet commun et d&rsquo;assurer sa livraison dans les meilleurs d\u00e9lais et avec les meilleures sp\u00e9cifications. La partie alg\u00e9rienne a mis l&rsquo;accent sur la n\u00e9cessit\u00e9 de respecter les engagements contenus dans les accords de partenariat et d&rsquo;\u0153uvrer \u00e0 leur mise en \u0153uvre, conform\u00e9ment au calendrier convenu, signalant une volont\u00e9 ferme de ne pas tol\u00e9rer les retards dans l&rsquo;ex\u00e9cution. Ce projet concerne la r\u00e9alisation d&rsquo;une usine de production de transformateurs \u00e9lectriques dans la r\u00e9gion d&rsquo;Azazga, wilaya de Tizi Ouzou, dans le cadre d&rsquo;un partenariat technologique avec les compagnies Vijay et Electro Industries \u00e0 travers la joint-venture Electrical Algeria Vijay.<\/p>\n\n\n\n<p>L&rsquo;usine projet\u00e9e vise la fabrication d&rsquo;une gamme vari\u00e9e de transformateurs de haute tension afin de satisfaire les besoins de transport et de distribution de l&rsquo;\u00e9lectricit\u00e9 produite depuis les centrales \u00e9lectriques nationales. Cette initiative s&rsquo;inscrit dans la strat\u00e9gie de localisation industrielle privil\u00e9gi\u00e9e par l&rsquo;Alg\u00e9rie pour r\u00e9duire sa d\u00e9pendance aux importations d&rsquo;\u00e9quipements \u00e9lectriques strat\u00e9giques. Le choix de la r\u00e9gion d&rsquo;Azazga comme site d&rsquo;implantation r\u00e9pond \u00e0 des consid\u00e9rations logistiques et de d\u00e9veloppement r\u00e9gional, permettant de dynamiser l&rsquo;\u00e9conomie locale tout en rapprochant la production des centres de consommation.<\/p>\n\n\n\n<p>Sur un autre volet et le m\u00eame jour, Mourad Adjal a re\u00e7u le pr\u00e9sident de la soci\u00e9t\u00e9 omanaise United Business, Said Al-Hajri, avec lequel il a \u00e9voqu\u00e9 les voies et moyens de renforcer la coop\u00e9ration et le partenariat entre les deux entit\u00e9s. Cette rencontre s&rsquo;inscrit dans le cadre de la mise en \u0153uvre des orientations des hautes autorit\u00e9s du pays visant \u00e0 encourager l&rsquo;investissement direct \u00e9tranger et \u00e0 soutenir le d\u00e9veloppement \u00e9conomique, refl\u00e9tant l&rsquo;engagement de Sonelgaz \u00e0 appliquer les directives du pr\u00e9sident Abdelmadjid Tebboune relatives au renforcement des relations alg\u00e9ro-omanaises. Lors de cette r\u00e9union, qui s&rsquo;est tenue au si\u00e8ge de la Direction g\u00e9n\u00e9rale de Sonelgaz en pr\u00e9sence de cadres du groupe, Al-Hajri a pr\u00e9sent\u00e9 un expos\u00e9 sur le projet de fabrication d&rsquo;aluminium pr\u00e9vu dans la r\u00e9gion de Bellara \u00e0 Jijel, \u00e9voquant les besoins du projet en \u00e9lectricit\u00e9 et en gaz. Mourad Adjal a affirm\u00e9 que Sonelgaz s&rsquo;engage \u00e0 appliquer les recommandations des hautes autorit\u00e9s qui accordent un grand int\u00e9r\u00eat \u00e0 l&rsquo;attraction des investissements \u00e9trangers, notamment omanais, soulignant l&rsquo;engagement du groupe \u00e0 assurer la fourniture de l&rsquo;\u00e9nergie n\u00e9cessaire au projet dans les meilleurs d\u00e9lais.Le &nbsp;premier responsable de Sonelgaz a \u00e9galement r\u00e9affirm\u00e9 l&rsquo;ouverture du groupe \u00e0 tous les investisseurs omanais et \u00e9trangers, en veillant \u00e0 assurer toutes les facilit\u00e9s n\u00e9cessaires \u00e0 la r\u00e9ussite des projets \u00e9conomiques qui contribuent \u00e0 la promotion du d\u00e9veloppement du pays.<\/p>\n\n\n\n<p>Amar Malki<\/p>\n","protected":false},"excerpt":{"rendered":"<p>Le groupe public Sonelgaz acc\u00e9l\u00e8re la cadence de ses projets strat\u00e9giques en mati\u00e8re d&rsquo;\u00e9quipements \u00e9lectriques. Le PDG Mourad Adjal a<\/p>\n","protected":false},"author":6,"featured_media":70450,"comment_status":"open","ping_status":"closed","sticky":false,"template":"","format":"standard","meta":{"colormag_page_container_layout":"default_layout","colormag_page_sidebar_layout":"default_layout","om_disable_all_campaigns":false,"_monsterinsights_skip_tracking":false,"_monsterinsights_sitenote_active":false,"_monsterinsights_sitenote_note":"","_monsterinsights_sitenote_category":0,"footnotes":"","_wpscppro_dont_share_socialmedia":false,"_wpscppro_custom_social_share_image":0,"_facebook_share_type":"default","_twitter_share_type":"default","_linkedin_share_type":"default","_pinterest_share_type":"default","_linkedin_share_type_page":"","_instagram_share_type":"default","_medium_share_type":"default","_threads_share_type":"","_google_business_share_type":"","_selected_social_profile":[],"_wpsp_enable_custom_social_template":false,"_wpsp_social_scheduling":{"enabled":false,"datetime":null,"platforms":[],"status":"template_only","dateOption":"today","timeOption":"now","customDays":"","customHours":"","customDate":"","customTime":"","schedulingType":"absolute"},"_wpsp_active_default_template":true},"categories":[29],"tags":[],"class_list":["post-70449","post","type-post","status-publish","format-standard","has-post-thumbnail","hentry","category-economie"],"aioseo_notices":[],"yoast_head":"<!-- This site is optimized with the Yoast SEO plugin v27.5 - https:\/\/yoast.com\/product\/yoast-seo-wordpress\/ -->\n<title>Projet d&rsquo;usine de fabrication de transformateurs \u00e9lectriques : Sonelgaz met la pression - La Sentinelle<\/title>\n<meta name=\"robots\" content=\"index, follow, max-snippet:-1, max-image-preview:large, max-video-preview:-1\" \/>\n<link rel=\"canonical\" href=\"https:\/\/lasentinelle.dz\/index.php\/2025\/07\/16\/projet-dusine-de-fabrication-de-transformateurs-electriques-sonelgaz-met-la-pression\/\" \/>\n<meta property=\"og:locale\" content=\"fr_FR\" \/>\n<meta property=\"og:type\" content=\"article\" \/>\n<meta property=\"og:title\" content=\"Projet d&rsquo;usine de fabrication de transformateurs \u00e9lectriques : Sonelgaz met la pression - La Sentinelle\" \/>\n<meta property=\"og:description\" content=\"Le groupe public Sonelgaz acc\u00e9l\u00e8re la cadence de ses projets strat\u00e9giques en mati\u00e8re d&rsquo;\u00e9quipements \u00e9lectriques. Le PDG Mourad Adjal a\" \/>\n<meta property=\"og:url\" content=\"https:\/\/lasentinelle.dz\/index.php\/2025\/07\/16\/projet-dusine-de-fabrication-de-transformateurs-electriques-sonelgaz-met-la-pression\/\" \/>\n<meta property=\"og:site_name\" content=\"La Sentinelle\" \/>\n<meta property=\"article:publisher\" content=\"https:\/\/www.facebook.com\/La-Sentinelle-104059864394773\" \/>\n<meta property=\"article:published_time\" content=\"2025-07-16T11:23:39+00:00\" \/>\n<meta property=\"article:modified_time\" content=\"2025-07-16T11:23:40+00:00\" \/>\n<meta property=\"og:image\" content=\"https:\/\/lasentinelle.dz\/wp-content\/uploads\/2025\/07\/518290286_1215897543885111_5997885916560016749_n.jpg\" \/>\n\t<meta property=\"og:image:width\" content=\"1032\" \/>\n\t<meta property=\"og:image:height\" content=\"774\" \/>\n\t<meta property=\"og:image:type\" content=\"image\/jpeg\" \/>\n<meta name=\"author\" content=\"admin\" \/>\n<meta name=\"twitter:card\" content=\"summary_large_image\" \/>\n<meta name=\"twitter:label1\" content=\"\u00c9crit par\" \/>\n\t<meta name=\"twitter:data1\" content=\"admin\" \/>\n\t<meta name=\"twitter:label2\" content=\"Dur\u00e9e de lecture estim\u00e9e\" \/>\n\t<meta name=\"twitter:data2\" content=\"3 minutes\" \/>\n<script type=\"application\/ld+json\" class=\"yoast-schema-graph\">{\"@context\":\"https:\\\/\\\/schema.org\",\"@graph\":[{\"@type\":\"Article\",\"@id\":\"https:\\\/\\\/lasentinelle.dz\\\/index.php\\\/2025\\\/07\\\/16\\\/projet-dusine-de-fabrication-de-transformateurs-electriques-sonelgaz-met-la-pression\\\/#article\",\"isPartOf\":{\"@id\":\"https:\\\/\\\/lasentinelle.dz\\\/index.php\\\/2025\\\/07\\\/16\\\/projet-dusine-de-fabrication-de-transformateurs-electriques-sonelgaz-met-la-pression\\\/\"},\"author\":{\"name\":\"admin\",\"@id\":\"https:\\\/\\\/lasentinelle.dz\\\/#\\\/schema\\\/person\\\/729ee0024f24e0b8c5ec17232f8e8b41\"},\"headline\":\"Projet d&rsquo;usine de fabrication de transformateurs \u00e9lectriques : Sonelgaz met la pression\",\"datePublished\":\"2025-07-16T11:23:39+00:00\",\"dateModified\":\"2025-07-16T11:23:40+00:00\",\"mainEntityOfPage\":{\"@id\":\"https:\\\/\\\/lasentinelle.dz\\\/index.php\\\/2025\\\/07\\\/16\\\/projet-dusine-de-fabrication-de-transformateurs-electriques-sonelgaz-met-la-pression\\\/\"},\"wordCount\":617,\"commentCount\":0,\"publisher\":{\"@id\":\"https:\\\/\\\/lasentinelle.dz\\\/#organization\"},\"image\":{\"@id\":\"https:\\\/\\\/lasentinelle.dz\\\/index.php\\\/2025\\\/07\\\/16\\\/projet-dusine-de-fabrication-de-transformateurs-electriques-sonelgaz-met-la-pression\\\/#primaryimage\"},\"thumbnailUrl\":\"https:\\\/\\\/lasentinelle.dz\\\/wp-content\\\/uploads\\\/2025\\\/07\\\/518290286_1215897543885111_5997885916560016749_n.jpg\",\"articleSection\":[\"\u00c9conomie\"],\"inLanguage\":\"fr-FR\",\"potentialAction\":[{\"@type\":\"CommentAction\",\"name\":\"Comment\",\"target\":[\"https:\\\/\\\/lasentinelle.dz\\\/index.php\\\/2025\\\/07\\\/16\\\/projet-dusine-de-fabrication-de-transformateurs-electriques-sonelgaz-met-la-pression\\\/#respond\"]}]},{\"@type\":\"WebPage\",\"@id\":\"https:\\\/\\\/lasentinelle.dz\\\/index.php\\\/2025\\\/07\\\/16\\\/projet-dusine-de-fabrication-de-transformateurs-electriques-sonelgaz-met-la-pression\\\/\",\"url\":\"https:\\\/\\\/lasentinelle.dz\\\/index.php\\\/2025\\\/07\\\/16\\\/projet-dusine-de-fabrication-de-transformateurs-electriques-sonelgaz-met-la-pression\\\/\",\"name\":\"Projet d&rsquo;usine de fabrication de transformateurs \u00e9lectriques : Sonelgaz met la pression - La Sentinelle\",\"isPartOf\":{\"@id\":\"https:\\\/\\\/lasentinelle.dz\\\/#website\"},\"primaryImageOfPage\":{\"@id\":\"https:\\\/\\\/lasentinelle.dz\\\/index.php\\\/2025\\\/07\\\/16\\\/projet-dusine-de-fabrication-de-transformateurs-electriques-sonelgaz-met-la-pression\\\/#primaryimage\"},\"image\":{\"@id\":\"https:\\\/\\\/lasentinelle.dz\\\/index.php\\\/2025\\\/07\\\/16\\\/projet-dusine-de-fabrication-de-transformateurs-electriques-sonelgaz-met-la-pression\\\/#primaryimage\"},\"thumbnailUrl\":\"https:\\\/\\\/lasentinelle.dz\\\/wp-content\\\/uploads\\\/2025\\\/07\\\/518290286_1215897543885111_5997885916560016749_n.jpg\",\"datePublished\":\"2025-07-16T11:23:39+00:00\",\"dateModified\":\"2025-07-16T11:23:40+00:00\",\"breadcrumb\":{\"@id\":\"https:\\\/\\\/lasentinelle.dz\\\/index.php\\\/2025\\\/07\\\/16\\\/projet-dusine-de-fabrication-de-transformateurs-electriques-sonelgaz-met-la-pression\\\/#breadcrumb\"},\"inLanguage\":\"fr-FR\",\"potentialAction\":[{\"@type\":\"ReadAction\",\"target\":[\"https:\\\/\\\/lasentinelle.dz\\\/index.php\\\/2025\\\/07\\\/16\\\/projet-dusine-de-fabrication-de-transformateurs-electriques-sonelgaz-met-la-pression\\\/\"]}]},{\"@type\":\"ImageObject\",\"inLanguage\":\"fr-FR\",\"@id\":\"https:\\\/\\\/lasentinelle.dz\\\/index.php\\\/2025\\\/07\\\/16\\\/projet-dusine-de-fabrication-de-transformateurs-electriques-sonelgaz-met-la-pression\\\/#primaryimage\",\"url\":\"https:\\\/\\\/lasentinelle.dz\\\/wp-content\\\/uploads\\\/2025\\\/07\\\/518290286_1215897543885111_5997885916560016749_n.jpg\",\"contentUrl\":\"https:\\\/\\\/lasentinelle.dz\\\/wp-content\\\/uploads\\\/2025\\\/07\\\/518290286_1215897543885111_5997885916560016749_n.jpg\",\"width\":1032,\"height\":774},{\"@type\":\"BreadcrumbList\",\"@id\":\"https:\\\/\\\/lasentinelle.dz\\\/index.php\\\/2025\\\/07\\\/16\\\/projet-dusine-de-fabrication-de-transformateurs-electriques-sonelgaz-met-la-pression\\\/#breadcrumb\",\"itemListElement\":[{\"@type\":\"ListItem\",\"position\":1,\"name\":\"Accueil\",\"item\":\"https:\\\/\\\/lasentinelle.dz\\\/\"},{\"@type\":\"ListItem\",\"position\":2,\"name\":\"Projet d&rsquo;usine de fabrication de transformateurs \u00e9lectriques : Sonelgaz met la pression\"}]},{\"@type\":\"WebSite\",\"@id\":\"https:\\\/\\\/lasentinelle.dz\\\/#website\",\"url\":\"https:\\\/\\\/lasentinelle.dz\\\/\",\"name\":\"La Sentinelle\",\"description\":\"Quotidien national d&#039;information\",\"publisher\":{\"@id\":\"https:\\\/\\\/lasentinelle.dz\\\/#organization\"},\"potentialAction\":[{\"@type\":\"SearchAction\",\"target\":{\"@type\":\"EntryPoint\",\"urlTemplate\":\"https:\\\/\\\/lasentinelle.dz\\\/?s={search_term_string}\"},\"query-input\":{\"@type\":\"PropertyValueSpecification\",\"valueRequired\":true,\"valueName\":\"search_term_string\"}}],\"inLanguage\":\"fr-FR\"},{\"@type\":\"Organization\",\"@id\":\"https:\\\/\\\/lasentinelle.dz\\\/#organization\",\"name\":\"Quotidien La Sentinelle\",\"url\":\"https:\\\/\\\/lasentinelle.dz\\\/\",\"logo\":{\"@type\":\"ImageObject\",\"inLanguage\":\"fr-FR\",\"@id\":\"https:\\\/\\\/lasentinelle.dz\\\/#\\\/schema\\\/logo\\\/image\\\/\",\"url\":\"https:\\\/\\\/lasentinelle.dz\\\/wp-content\\\/uploads\\\/2021\\\/09\\\/logo-sentinelleSLOGAN-1.png\",\"contentUrl\":\"https:\\\/\\\/lasentinelle.dz\\\/wp-content\\\/uploads\\\/2021\\\/09\\\/logo-sentinelleSLOGAN-1.png\",\"width\":615,\"height\":142,\"caption\":\"Quotidien La Sentinelle\"},\"image\":{\"@id\":\"https:\\\/\\\/lasentinelle.dz\\\/#\\\/schema\\\/logo\\\/image\\\/\"},\"sameAs\":[\"https:\\\/\\\/www.facebook.com\\\/La-Sentinelle-104059864394773\"]},{\"@type\":\"Person\",\"@id\":\"https:\\\/\\\/lasentinelle.dz\\\/#\\\/schema\\\/person\\\/729ee0024f24e0b8c5ec17232f8e8b41\",\"name\":\"admin\",\"image\":{\"@type\":\"ImageObject\",\"inLanguage\":\"fr-FR\",\"@id\":\"https:\\\/\\\/secure.gravatar.com\\\/avatar\\\/4c81fed838786e9b53f540bf46533e750f5d292099ae3b66cfc6fb1982e29df7?s=96&d=mm&r=g\",\"url\":\"https:\\\/\\\/secure.gravatar.com\\\/avatar\\\/4c81fed838786e9b53f540bf46533e750f5d292099ae3b66cfc6fb1982e29df7?s=96&d=mm&r=g\",\"contentUrl\":\"https:\\\/\\\/secure.gravatar.com\\\/avatar\\\/4c81fed838786e9b53f540bf46533e750f5d292099ae3b66cfc6fb1982e29df7?s=96&d=mm&r=g\",\"caption\":\"admin\"},\"description\":\"admin\",\"url\":\"https:\\\/\\\/lasentinelle.dz\\\/author\\\/admin\\\/\"}]}<\/script>\n<!-- \/ Yoast SEO plugin. -->","yoast_head_json":{"title":"Projet d&rsquo;usine de fabrication de transformateurs \u00e9lectriques : Sonelgaz met la pression - La Sentinelle","robots":{"index":"index","follow":"follow","max-snippet":"max-snippet:-1","max-image-preview":"max-image-preview:large","max-video-preview":"max-video-preview:-1"},"canonical":"https:\/\/lasentinelle.dz\/index.php\/2025\/07\/16\/projet-dusine-de-fabrication-de-transformateurs-electriques-sonelgaz-met-la-pression\/","og_locale":"fr_FR","og_type":"article","og_title":"Projet d&rsquo;usine de fabrication de transformateurs \u00e9lectriques : Sonelgaz met la pression - La Sentinelle","og_description":"Le groupe public Sonelgaz acc\u00e9l\u00e8re la cadence de ses projets strat\u00e9giques en mati\u00e8re d&rsquo;\u00e9quipements \u00e9lectriques. Le PDG Mourad Adjal a","og_url":"https:\/\/lasentinelle.dz\/index.php\/2025\/07\/16\/projet-dusine-de-fabrication-de-transformateurs-electriques-sonelgaz-met-la-pression\/","og_site_name":"La Sentinelle","article_publisher":"https:\/\/www.facebook.com\/La-Sentinelle-104059864394773","article_published_time":"2025-07-16T11:23:39+00:00","article_modified_time":"2025-07-16T11:23:40+00:00","og_image":[{"width":1032,"height":774,"url":"https:\/\/lasentinelle.dz\/wp-content\/uploads\/2025\/07\/518290286_1215897543885111_5997885916560016749_n.jpg","type":"image\/jpeg"}],"author":"admin","twitter_card":"summary_large_image","twitter_misc":{"\u00c9crit par":"admin","Dur\u00e9e de lecture estim\u00e9e":"3 minutes"},"schema":{"@context":"https:\/\/schema.org","@graph":[{"@type":"Article","@id":"https:\/\/lasentinelle.dz\/index.php\/2025\/07\/16\/projet-dusine-de-fabrication-de-transformateurs-electriques-sonelgaz-met-la-pression\/#article","isPartOf":{"@id":"https:\/\/lasentinelle.dz\/index.php\/2025\/07\/16\/projet-dusine-de-fabrication-de-transformateurs-electriques-sonelgaz-met-la-pression\/"},"author":{"name":"admin","@id":"https:\/\/lasentinelle.dz\/#\/schema\/person\/729ee0024f24e0b8c5ec17232f8e8b41"},"headline":"Projet d&rsquo;usine de fabrication de transformateurs \u00e9lectriques : Sonelgaz met la pression","datePublished":"2025-07-16T11:23:39+00:00","dateModified":"2025-07-16T11:23:40+00:00","mainEntityOfPage":{"@id":"https:\/\/lasentinelle.dz\/index.php\/2025\/07\/16\/projet-dusine-de-fabrication-de-transformateurs-electriques-sonelgaz-met-la-pression\/"},"wordCount":617,"commentCount":0,"publisher":{"@id":"https:\/\/lasentinelle.dz\/#organization"},"image":{"@id":"https:\/\/lasentinelle.dz\/index.php\/2025\/07\/16\/projet-dusine-de-fabrication-de-transformateurs-electriques-sonelgaz-met-la-pression\/#primaryimage"},"thumbnailUrl":"https:\/\/lasentinelle.dz\/wp-content\/uploads\/2025\/07\/518290286_1215897543885111_5997885916560016749_n.jpg","articleSection":["\u00c9conomie"],"inLanguage":"fr-FR","potentialAction":[{"@type":"CommentAction","name":"Comment","target":["https:\/\/lasentinelle.dz\/index.php\/2025\/07\/16\/projet-dusine-de-fabrication-de-transformateurs-electriques-sonelgaz-met-la-pression\/#respond"]}]},{"@type":"WebPage","@id":"https:\/\/lasentinelle.dz\/index.php\/2025\/07\/16\/projet-dusine-de-fabrication-de-transformateurs-electriques-sonelgaz-met-la-pression\/","url":"https:\/\/lasentinelle.dz\/index.php\/2025\/07\/16\/projet-dusine-de-fabrication-de-transformateurs-electriques-sonelgaz-met-la-pression\/","name":"Projet d&rsquo;usine de fabrication de transformateurs \u00e9lectriques : Sonelgaz met la pression - La Sentinelle","isPartOf":{"@id":"https:\/\/lasentinelle.dz\/#website"},"primaryImageOfPage":{"@id":"https:\/\/lasentinelle.dz\/index.php\/2025\/07\/16\/projet-dusine-de-fabrication-de-transformateurs-electriques-sonelgaz-met-la-pression\/#primaryimage"},"image":{"@id":"https:\/\/lasentinelle.dz\/index.php\/2025\/07\/16\/projet-dusine-de-fabrication-de-transformateurs-electriques-sonelgaz-met-la-pression\/#primaryimage"},"thumbnailUrl":"https:\/\/lasentinelle.dz\/wp-content\/uploads\/2025\/07\/518290286_1215897543885111_5997885916560016749_n.jpg","datePublished":"2025-07-16T11:23:39+00:00","dateModified":"2025-07-16T11:23:40+00:00","breadcrumb":{"@id":"https:\/\/lasentinelle.dz\/index.php\/2025\/07\/16\/projet-dusine-de-fabrication-de-transformateurs-electriques-sonelgaz-met-la-pression\/#breadcrumb"},"inLanguage":"fr-FR","potentialAction":[{"@type":"ReadAction","target":["https:\/\/lasentinelle.dz\/index.php\/2025\/07\/16\/projet-dusine-de-fabrication-de-transformateurs-electriques-sonelgaz-met-la-pression\/"]}]},{"@type":"ImageObject","inLanguage":"fr-FR","@id":"https:\/\/lasentinelle.dz\/index.php\/2025\/07\/16\/projet-dusine-de-fabrication-de-transformateurs-electriques-sonelgaz-met-la-pression\/#primaryimage","url":"https:\/\/lasentinelle.dz\/wp-content\/uploads\/2025\/07\/518290286_1215897543885111_5997885916560016749_n.jpg","contentUrl":"https:\/\/lasentinelle.dz\/wp-content\/uploads\/2025\/07\/518290286_1215897543885111_5997885916560016749_n.jpg","width":1032,"height":774},{"@type":"BreadcrumbList","@id":"https:\/\/lasentinelle.dz\/index.php\/2025\/07\/16\/projet-dusine-de-fabrication-de-transformateurs-electriques-sonelgaz-met-la-pression\/#breadcrumb","itemListElement":[{"@type":"ListItem","position":1,"name":"Accueil","item":"https:\/\/lasentinelle.dz\/"},{"@type":"ListItem","position":2,"name":"Projet d&rsquo;usine de fabrication de transformateurs \u00e9lectriques : Sonelgaz met la pression"}]},{"@type":"WebSite","@id":"https:\/\/lasentinelle.dz\/#website","url":"https:\/\/lasentinelle.dz\/","name":"La Sentinelle","description":"Quotidien national d&#039;information","publisher":{"@id":"https:\/\/lasentinelle.dz\/#organization"},"potentialAction":[{"@type":"SearchAction","target":{"@type":"EntryPoint","urlTemplate":"https:\/\/lasentinelle.dz\/?s={search_term_string}"},"query-input":{"@type":"PropertyValueSpecification","valueRequired":true,"valueName":"search_term_string"}}],"inLanguage":"fr-FR"},{"@type":"Organization","@id":"https:\/\/lasentinelle.dz\/#organization","name":"Quotidien La Sentinelle","url":"https:\/\/lasentinelle.dz\/","logo":{"@type":"ImageObject","inLanguage":"fr-FR","@id":"https:\/\/lasentinelle.dz\/#\/schema\/logo\/image\/","url":"https:\/\/lasentinelle.dz\/wp-content\/uploads\/2021\/09\/logo-sentinelleSLOGAN-1.png","contentUrl":"https:\/\/lasentinelle.dz\/wp-content\/uploads\/2021\/09\/logo-sentinelleSLOGAN-1.png","width":615,"height":142,"caption":"Quotidien La Sentinelle"},"image":{"@id":"https:\/\/lasentinelle.dz\/#\/schema\/logo\/image\/"},"sameAs":["https:\/\/www.facebook.com\/La-Sentinelle-104059864394773"]},{"@type":"Person","@id":"https:\/\/lasentinelle.dz\/#\/schema\/person\/729ee0024f24e0b8c5ec17232f8e8b41","name":"admin","image":{"@type":"ImageObject","inLanguage":"fr-FR","@id":"https:\/\/secure.gravatar.com\/avatar\/4c81fed838786e9b53f540bf46533e750f5d292099ae3b66cfc6fb1982e29df7?s=96&d=mm&r=g","url":"https:\/\/secure.gravatar.com\/avatar\/4c81fed838786e9b53f540bf46533e750f5d292099ae3b66cfc6fb1982e29df7?s=96&d=mm&r=g","contentUrl":"https:\/\/secure.gravatar.com\/avatar\/4c81fed838786e9b53f540bf46533e750f5d292099ae3b66cfc6fb1982e29df7?s=96&d=mm&r=g","caption":"admin"},"description":"admin","url":"https:\/\/lasentinelle.dz\/author\/admin\/"}]}},"_links":{"self":[{"href":"https:\/\/lasentinelle.dz\/index.php\/wp-json\/wp\/v2\/posts\/70449","targetHints":{"allow":["GET"]}}],"collection":[{"href":"https:\/\/lasentinelle.dz\/index.php\/wp-json\/wp\/v2\/posts"}],"about":[{"href":"https:\/\/lasentinelle.dz\/index.php\/wp-json\/wp\/v2\/types\/post"}],"author":[{"embeddable":true,"href":"https:\/\/lasentinelle.dz\/index.php\/wp-json\/wp\/v2\/users\/6"}],"replies":[{"embeddable":true,"href":"https:\/\/lasentinelle.dz\/index.php\/wp-json\/wp\/v2\/comments?post=70449"}],"version-history":[{"count":2,"href":"https:\/\/lasentinelle.dz\/index.php\/wp-json\/wp\/v2\/posts\/70449\/revisions"}],"predecessor-version":[{"id":70452,"href":"https:\/\/lasentinelle.dz\/index.php\/wp-json\/wp\/v2\/posts\/70449\/revisions\/70452"}],"wp:featuredmedia":[{"embeddable":true,"href":"https:\/\/lasentinelle.dz\/index.php\/wp-json\/wp\/v2\/media\/70450"}],"wp:attachment":[{"href":"https:\/\/lasentinelle.dz\/index.php\/wp-json\/wp\/v2\/media?parent=70449"}],"wp:term":[{"taxonomy":"category","embeddable":true,"href":"https:\/\/lasentinelle.dz\/index.php\/wp-json\/wp\/v2\/categories?post=70449"},{"taxonomy":"post_tag","embeddable":true,"href":"https:\/\/lasentinelle.dz\/index.php\/wp-json\/wp\/v2\/tags?post=70449"}],"curies":[{"name":"wp","href":"https:\/\/api.w.org\/{rel}","templated":true}]}}