{"id":70453,"date":"2025-07-16T12:24:20","date_gmt":"2025-07-16T11:24:20","guid":{"rendered":"https:\/\/lasentinelle.dz\/?p=70453"},"modified":"2025-07-16T12:24:20","modified_gmt":"2025-07-16T11:24:20","slug":"complexe-de-traitement-du-gaz-associe-de-rhourde-el-baguel-le-projet-livre-en-2026","status":"publish","type":"post","link":"https:\/\/lasentinelle.dz\/index.php\/2025\/07\/16\/complexe-de-traitement-du-gaz-associe-de-rhourde-el-baguel-le-projet-livre-en-2026\/","title":{"rendered":"Complexe de traitement du gaz associ\u00e9 de Rhourde El Baguel: Le projet livr\u00e9 en 2026"},"content":{"rendered":"\n<p>L&rsquo;Alg\u00e9rie poursuit sa strat\u00e9gie de mont\u00e9e en puissance dans le secteur gazier avec des projets industriels d&rsquo;envergure.<\/p>\n\n\n\n<p>Le PDG de Sonatrach, Rachid Hachichi, accompagn\u00e9 de son homologue italien Alessandro Bernini de Tecnimont, a effectu\u00e9 hier une visite d&rsquo;inspection au complexe de traitement du gaz associ\u00e9 de Rhourde El Baguel dans la wilaya d&rsquo;Ouargla, r\u00e9v\u00e9lant des avanc\u00e9es significatives dans ce projet strat\u00e9gique. Cette visite s&rsquo;inscrit dans le cadre de \u00ab\u00a0la concr\u00e9tisation de sa strat\u00e9gie visant \u00e0 d\u00e9velopper l&rsquo;infrastructure industrielle et renforcer ses capacit\u00e9s productives\u00a0\u00bb, selon un communiqu\u00e9 de la Sonatrach. Le projet pr\u00e9sente des performances encourageantes avec \u00ab\u00a0un taux d&rsquo;avancement global de 84%\u00a0\u00bb et \u00ab\u00a0un taux d&rsquo;avancement des travaux de construction de 58%\u00a0\u00bb, laissant entrevoir une r\u00e9ception pr\u00e9vue courant 2026 conform\u00e9ment au calendrier \u00e9tabli, pr\u00e9cise la m\u00eame source. L&rsquo;installation affiche une \u00ab\u00a0capacit\u00e9 de traitement de 10 millions de m\u00e8tres cubes par jour\u00a0\u00bb, positionnant l&rsquo;Alg\u00e9rie sur un segment \u00e0 forte valeur ajout\u00e9e. La dimension \u00e9conomique du projet s&rsquo;av\u00e8re particuli\u00e8rement prometteuse avec une production quotidienne estim\u00e9e \u00e0 \u00ab\u00a01000 tonnes de gaz de p\u00e9trole liqu\u00e9fi\u00e9, 300 tonnes de condensats et 8,7 millions de m\u00e8tres cubes de gaz sec\u00a0\u00bb. Au cours de cette inspection, le wali et les cadres dirigeants des deux entreprises ont assist\u00e9 \u00e0 une pr\u00e9sentation technique d\u00e9taill\u00e9e des responsables du projet, confirmant le respect du calendrier d&rsquo;ex\u00e9cution malgr\u00e9 les d\u00e9fis techniques inh\u00e9rents \u00e0 ce type d&rsquo;installation. Cette visite s&rsquo;inscrit dans \u00ab\u00a0le suivi p\u00e9riodique adopt\u00e9 par le groupe Sonatrach pour assurer l&rsquo;avancement des projets selon les objectifs trac\u00e9s\u00a0\u00bb, ajoute le communiqu\u00e9.<\/p>\n\n\n\n<p>Pour rappel, ce complexe est le fruit d&rsquo;un contrat de 56 milliards de dinars sign\u00e9 avec l&rsquo;entreprise italienne Tecnimont en octobre 2022 dans le cadre du d\u00e9veloppement du champ d&rsquo;hydrocarbures de Rhourde El Baguel \u00e0 Hassi Messaoued. Le projet initial pr\u00e9voyait une r\u00e9alisation en 36 mois avec une r\u00e9ception programm\u00e9e au premier semestre 2025, calendrier qui a \u00e9t\u00e9 r\u00e9vis\u00e9 pour 2026. Cette collaboration avec Tecnimont s&rsquo;\u00e9tend \u00e9galement \u00e0 d&rsquo;autres projets strat\u00e9giques, notamment la deuxi\u00e8me phase du projet d&rsquo;installations Boosting du gisement Hassi R&rsquo;Mel &#8211; \u00ab\u00a0Boosting III\u00a0\u00bb, dont les travaux de construction ont \u00e9t\u00e9 officiellement lanc\u00e9s le 1er d\u00e9cembre dernier. L&rsquo;expertise italienne apport\u00e9e par Tecnimont, leader europ\u00e9en dans l&rsquo;ing\u00e9nierie p\u00e9trochimique, garantit le respect des standards internationaux et l&rsquo;int\u00e9gration de technologies avanc\u00e9es. Cette collaboration illustre la strat\u00e9gie de partenariat technologique privil\u00e9gi\u00e9e par Sonatrach pour moderniser son appareil industriel. Le groupe italien a \u00e9galement \u00e9t\u00e9 mandat\u00e9 pour r\u00e9aliser un complexe de production de 100 000 tonnes par an de LAB (alkylbenz\u00e8ne lin\u00e9aire), qui devrait contribuer \u00e0 couvrir le march\u00e9 national et exporter l&rsquo;exc\u00e9dent \u00e0 partir de fin 2027.<\/p>\n\n\n\n<p>Au-del\u00e0 des aspects techniques, ce projet rev\u00eat une dimension strat\u00e9gique majeure pour l&rsquo;\u00e9conomie alg\u00e9rienne en p\u00e9riode de transition \u00e9nerg\u00e9tique mondiale. Il s&rsquo;agit d&rsquo;un \u00ab\u00a0projet vital dans le syst\u00e8me de production de Sonatrach\u00a0\u00bb qui contribuera \u00e0 diversifier le mix \u00e9nerg\u00e9tique national tout en optimisant la valorisation des gisements existants.<\/p>\n\n\n\n<p>Samira Ghrib<\/p>\n","protected":false},"excerpt":{"rendered":"<p>L&rsquo;Alg\u00e9rie poursuit sa strat\u00e9gie de mont\u00e9e en puissance dans le secteur gazier avec des projets industriels d&rsquo;envergure. Le PDG de<\/p>\n","protected":false},"author":6,"featured_media":70454,"comment_status":"open","ping_status":"closed","sticky":false,"template":"","format":"standard","meta":{"colormag_page_container_layout":"default_layout","colormag_page_sidebar_layout":"default_layout","om_disable_all_campaigns":false,"_monsterinsights_skip_tracking":false,"_monsterinsights_sitenote_active":false,"_monsterinsights_sitenote_note":"","_monsterinsights_sitenote_category":0,"footnotes":"","_wpscppro_dont_share_socialmedia":false,"_wpscppro_custom_social_share_image":0,"_facebook_share_type":"default","_twitter_share_type":"default","_linkedin_share_type":"default","_pinterest_share_type":"default","_linkedin_share_type_page":"","_instagram_share_type":"default","_medium_share_type":"default","_threads_share_type":"","_google_business_share_type":"","_selected_social_profile":[],"_wpsp_enable_custom_social_template":false,"_wpsp_social_scheduling":{"enabled":false,"datetime":null,"platforms":[],"status":"template_only","dateOption":"today","timeOption":"now","customDays":"","customHours":"","customDate":"","customTime":"","schedulingType":"absolute"},"_wpsp_active_default_template":true},"categories":[29],"tags":[],"class_list":["post-70453","post","type-post","status-publish","format-standard","has-post-thumbnail","hentry","category-economie"],"aioseo_notices":[],"yoast_head":"<!-- This site is optimized with the Yoast SEO plugin v27.4 - https:\/\/yoast.com\/product\/yoast-seo-wordpress\/ -->\n<title>Complexe de traitement du gaz associ\u00e9 de Rhourde El Baguel: Le projet livr\u00e9 en 2026 - La Sentinelle<\/title>\n<meta name=\"robots\" content=\"index, follow, max-snippet:-1, max-image-preview:large, max-video-preview:-1\" \/>\n<link rel=\"canonical\" href=\"https:\/\/lasentinelle.dz\/index.php\/2025\/07\/16\/complexe-de-traitement-du-gaz-associe-de-rhourde-el-baguel-le-projet-livre-en-2026\/\" \/>\n<meta property=\"og:locale\" content=\"fr_FR\" \/>\n<meta property=\"og:type\" content=\"article\" \/>\n<meta property=\"og:title\" content=\"Complexe de traitement du gaz associ\u00e9 de Rhourde El Baguel: Le projet livr\u00e9 en 2026 - La Sentinelle\" \/>\n<meta property=\"og:description\" content=\"L&rsquo;Alg\u00e9rie poursuit sa strat\u00e9gie de mont\u00e9e en puissance dans le secteur gazier avec des projets industriels d&rsquo;envergure. Le PDG de\" \/>\n<meta property=\"og:url\" content=\"https:\/\/lasentinelle.dz\/index.php\/2025\/07\/16\/complexe-de-traitement-du-gaz-associe-de-rhourde-el-baguel-le-projet-livre-en-2026\/\" \/>\n<meta property=\"og:site_name\" content=\"La Sentinelle\" \/>\n<meta property=\"article:publisher\" content=\"https:\/\/www.facebook.com\/La-Sentinelle-104059864394773\" \/>\n<meta property=\"article:published_time\" content=\"2025-07-16T11:24:20+00:00\" \/>\n<meta property=\"og:image\" content=\"https:\/\/lasentinelle.dz\/wp-content\/uploads\/2025\/07\/complexe.jpg\" \/>\n\t<meta property=\"og:image:width\" content=\"2048\" \/>\n\t<meta property=\"og:image:height\" content=\"1354\" \/>\n\t<meta property=\"og:image:type\" content=\"image\/jpeg\" \/>\n<meta name=\"author\" content=\"admin\" \/>\n<meta name=\"twitter:card\" content=\"summary_large_image\" \/>\n<meta name=\"twitter:label1\" content=\"\u00c9crit par\" \/>\n\t<meta name=\"twitter:data1\" content=\"admin\" \/>\n\t<meta name=\"twitter:label2\" content=\"Dur\u00e9e de lecture estim\u00e9e\" \/>\n\t<meta name=\"twitter:data2\" content=\"3 minutes\" \/>\n<script type=\"application\/ld+json\" class=\"yoast-schema-graph\">{\"@context\":\"https:\\\/\\\/schema.org\",\"@graph\":[{\"@type\":\"Article\",\"@id\":\"https:\\\/\\\/lasentinelle.dz\\\/index.php\\\/2025\\\/07\\\/16\\\/complexe-de-traitement-du-gaz-associe-de-rhourde-el-baguel-le-projet-livre-en-2026\\\/#article\",\"isPartOf\":{\"@id\":\"https:\\\/\\\/lasentinelle.dz\\\/index.php\\\/2025\\\/07\\\/16\\\/complexe-de-traitement-du-gaz-associe-de-rhourde-el-baguel-le-projet-livre-en-2026\\\/\"},\"author\":{\"name\":\"admin\",\"@id\":\"https:\\\/\\\/lasentinelle.dz\\\/#\\\/schema\\\/person\\\/729ee0024f24e0b8c5ec17232f8e8b41\"},\"headline\":\"Complexe de traitement du gaz associ\u00e9 de Rhourde El Baguel: Le projet livr\u00e9 en 2026\",\"datePublished\":\"2025-07-16T11:24:20+00:00\",\"mainEntityOfPage\":{\"@id\":\"https:\\\/\\\/lasentinelle.dz\\\/index.php\\\/2025\\\/07\\\/16\\\/complexe-de-traitement-du-gaz-associe-de-rhourde-el-baguel-le-projet-livre-en-2026\\\/\"},\"wordCount\":555,\"commentCount\":0,\"publisher\":{\"@id\":\"https:\\\/\\\/lasentinelle.dz\\\/#organization\"},\"image\":{\"@id\":\"https:\\\/\\\/lasentinelle.dz\\\/index.php\\\/2025\\\/07\\\/16\\\/complexe-de-traitement-du-gaz-associe-de-rhourde-el-baguel-le-projet-livre-en-2026\\\/#primaryimage\"},\"thumbnailUrl\":\"https:\\\/\\\/lasentinelle.dz\\\/wp-content\\\/uploads\\\/2025\\\/07\\\/complexe.jpg\",\"articleSection\":[\"\u00c9conomie\"],\"inLanguage\":\"fr-FR\",\"potentialAction\":[{\"@type\":\"CommentAction\",\"name\":\"Comment\",\"target\":[\"https:\\\/\\\/lasentinelle.dz\\\/index.php\\\/2025\\\/07\\\/16\\\/complexe-de-traitement-du-gaz-associe-de-rhourde-el-baguel-le-projet-livre-en-2026\\\/#respond\"]}]},{\"@type\":\"WebPage\",\"@id\":\"https:\\\/\\\/lasentinelle.dz\\\/index.php\\\/2025\\\/07\\\/16\\\/complexe-de-traitement-du-gaz-associe-de-rhourde-el-baguel-le-projet-livre-en-2026\\\/\",\"url\":\"https:\\\/\\\/lasentinelle.dz\\\/index.php\\\/2025\\\/07\\\/16\\\/complexe-de-traitement-du-gaz-associe-de-rhourde-el-baguel-le-projet-livre-en-2026\\\/\",\"name\":\"Complexe de traitement du gaz associ\u00e9 de Rhourde El Baguel: Le projet livr\u00e9 en 2026 - La Sentinelle\",\"isPartOf\":{\"@id\":\"https:\\\/\\\/lasentinelle.dz\\\/#website\"},\"primaryImageOfPage\":{\"@id\":\"https:\\\/\\\/lasentinelle.dz\\\/index.php\\\/2025\\\/07\\\/16\\\/complexe-de-traitement-du-gaz-associe-de-rhourde-el-baguel-le-projet-livre-en-2026\\\/#primaryimage\"},\"image\":{\"@id\":\"https:\\\/\\\/lasentinelle.dz\\\/index.php\\\/2025\\\/07\\\/16\\\/complexe-de-traitement-du-gaz-associe-de-rhourde-el-baguel-le-projet-livre-en-2026\\\/#primaryimage\"},\"thumbnailUrl\":\"https:\\\/\\\/lasentinelle.dz\\\/wp-content\\\/uploads\\\/2025\\\/07\\\/complexe.jpg\",\"datePublished\":\"2025-07-16T11:24:20+00:00\",\"breadcrumb\":{\"@id\":\"https:\\\/\\\/lasentinelle.dz\\\/index.php\\\/2025\\\/07\\\/16\\\/complexe-de-traitement-du-gaz-associe-de-rhourde-el-baguel-le-projet-livre-en-2026\\\/#breadcrumb\"},\"inLanguage\":\"fr-FR\",\"potentialAction\":[{\"@type\":\"ReadAction\",\"target\":[\"https:\\\/\\\/lasentinelle.dz\\\/index.php\\\/2025\\\/07\\\/16\\\/complexe-de-traitement-du-gaz-associe-de-rhourde-el-baguel-le-projet-livre-en-2026\\\/\"]}]},{\"@type\":\"ImageObject\",\"inLanguage\":\"fr-FR\",\"@id\":\"https:\\\/\\\/lasentinelle.dz\\\/index.php\\\/2025\\\/07\\\/16\\\/complexe-de-traitement-du-gaz-associe-de-rhourde-el-baguel-le-projet-livre-en-2026\\\/#primaryimage\",\"url\":\"https:\\\/\\\/lasentinelle.dz\\\/wp-content\\\/uploads\\\/2025\\\/07\\\/complexe.jpg\",\"contentUrl\":\"https:\\\/\\\/lasentinelle.dz\\\/wp-content\\\/uploads\\\/2025\\\/07\\\/complexe.jpg\",\"width\":2048,\"height\":1354},{\"@type\":\"BreadcrumbList\",\"@id\":\"https:\\\/\\\/lasentinelle.dz\\\/index.php\\\/2025\\\/07\\\/16\\\/complexe-de-traitement-du-gaz-associe-de-rhourde-el-baguel-le-projet-livre-en-2026\\\/#breadcrumb\",\"itemListElement\":[{\"@type\":\"ListItem\",\"position\":1,\"name\":\"Accueil\",\"item\":\"https:\\\/\\\/lasentinelle.dz\\\/\"},{\"@type\":\"ListItem\",\"position\":2,\"name\":\"Complexe de traitement du gaz associ\u00e9 de Rhourde El Baguel: Le projet livr\u00e9 en 2026\"}]},{\"@type\":\"WebSite\",\"@id\":\"https:\\\/\\\/lasentinelle.dz\\\/#website\",\"url\":\"https:\\\/\\\/lasentinelle.dz\\\/\",\"name\":\"La Sentinelle\",\"description\":\"Quotidien national d&#039;information\",\"publisher\":{\"@id\":\"https:\\\/\\\/lasentinelle.dz\\\/#organization\"},\"potentialAction\":[{\"@type\":\"SearchAction\",\"target\":{\"@type\":\"EntryPoint\",\"urlTemplate\":\"https:\\\/\\\/lasentinelle.dz\\\/?s={search_term_string}\"},\"query-input\":{\"@type\":\"PropertyValueSpecification\",\"valueRequired\":true,\"valueName\":\"search_term_string\"}}],\"inLanguage\":\"fr-FR\"},{\"@type\":\"Organization\",\"@id\":\"https:\\\/\\\/lasentinelle.dz\\\/#organization\",\"name\":\"Quotidien La Sentinelle\",\"url\":\"https:\\\/\\\/lasentinelle.dz\\\/\",\"logo\":{\"@type\":\"ImageObject\",\"inLanguage\":\"fr-FR\",\"@id\":\"https:\\\/\\\/lasentinelle.dz\\\/#\\\/schema\\\/logo\\\/image\\\/\",\"url\":\"https:\\\/\\\/lasentinelle.dz\\\/wp-content\\\/uploads\\\/2021\\\/09\\\/logo-sentinelleSLOGAN-1.png\",\"contentUrl\":\"https:\\\/\\\/lasentinelle.dz\\\/wp-content\\\/uploads\\\/2021\\\/09\\\/logo-sentinelleSLOGAN-1.png\",\"width\":615,\"height\":142,\"caption\":\"Quotidien La Sentinelle\"},\"image\":{\"@id\":\"https:\\\/\\\/lasentinelle.dz\\\/#\\\/schema\\\/logo\\\/image\\\/\"},\"sameAs\":[\"https:\\\/\\\/www.facebook.com\\\/La-Sentinelle-104059864394773\"]},{\"@type\":\"Person\",\"@id\":\"https:\\\/\\\/lasentinelle.dz\\\/#\\\/schema\\\/person\\\/729ee0024f24e0b8c5ec17232f8e8b41\",\"name\":\"admin\",\"image\":{\"@type\":\"ImageObject\",\"inLanguage\":\"fr-FR\",\"@id\":\"https:\\\/\\\/secure.gravatar.com\\\/avatar\\\/4c81fed838786e9b53f540bf46533e750f5d292099ae3b66cfc6fb1982e29df7?s=96&d=mm&r=g\",\"url\":\"https:\\\/\\\/secure.gravatar.com\\\/avatar\\\/4c81fed838786e9b53f540bf46533e750f5d292099ae3b66cfc6fb1982e29df7?s=96&d=mm&r=g\",\"contentUrl\":\"https:\\\/\\\/secure.gravatar.com\\\/avatar\\\/4c81fed838786e9b53f540bf46533e750f5d292099ae3b66cfc6fb1982e29df7?s=96&d=mm&r=g\",\"caption\":\"admin\"},\"description\":\"admin\",\"url\":\"https:\\\/\\\/lasentinelle.dz\\\/author\\\/admin\\\/\"}]}<\/script>\n<!-- \/ Yoast SEO plugin. -->","yoast_head_json":{"title":"Complexe de traitement du gaz associ\u00e9 de Rhourde El Baguel: Le projet livr\u00e9 en 2026 - La Sentinelle","robots":{"index":"index","follow":"follow","max-snippet":"max-snippet:-1","max-image-preview":"max-image-preview:large","max-video-preview":"max-video-preview:-1"},"canonical":"https:\/\/lasentinelle.dz\/index.php\/2025\/07\/16\/complexe-de-traitement-du-gaz-associe-de-rhourde-el-baguel-le-projet-livre-en-2026\/","og_locale":"fr_FR","og_type":"article","og_title":"Complexe de traitement du gaz associ\u00e9 de Rhourde El Baguel: Le projet livr\u00e9 en 2026 - La Sentinelle","og_description":"L&rsquo;Alg\u00e9rie poursuit sa strat\u00e9gie de mont\u00e9e en puissance dans le secteur gazier avec des projets industriels d&rsquo;envergure. Le PDG de","og_url":"https:\/\/lasentinelle.dz\/index.php\/2025\/07\/16\/complexe-de-traitement-du-gaz-associe-de-rhourde-el-baguel-le-projet-livre-en-2026\/","og_site_name":"La Sentinelle","article_publisher":"https:\/\/www.facebook.com\/La-Sentinelle-104059864394773","article_published_time":"2025-07-16T11:24:20+00:00","og_image":[{"width":2048,"height":1354,"url":"https:\/\/lasentinelle.dz\/wp-content\/uploads\/2025\/07\/complexe.jpg","type":"image\/jpeg"}],"author":"admin","twitter_card":"summary_large_image","twitter_misc":{"\u00c9crit par":"admin","Dur\u00e9e de lecture estim\u00e9e":"3 minutes"},"schema":{"@context":"https:\/\/schema.org","@graph":[{"@type":"Article","@id":"https:\/\/lasentinelle.dz\/index.php\/2025\/07\/16\/complexe-de-traitement-du-gaz-associe-de-rhourde-el-baguel-le-projet-livre-en-2026\/#article","isPartOf":{"@id":"https:\/\/lasentinelle.dz\/index.php\/2025\/07\/16\/complexe-de-traitement-du-gaz-associe-de-rhourde-el-baguel-le-projet-livre-en-2026\/"},"author":{"name":"admin","@id":"https:\/\/lasentinelle.dz\/#\/schema\/person\/729ee0024f24e0b8c5ec17232f8e8b41"},"headline":"Complexe de traitement du gaz associ\u00e9 de Rhourde El Baguel: Le projet livr\u00e9 en 2026","datePublished":"2025-07-16T11:24:20+00:00","mainEntityOfPage":{"@id":"https:\/\/lasentinelle.dz\/index.php\/2025\/07\/16\/complexe-de-traitement-du-gaz-associe-de-rhourde-el-baguel-le-projet-livre-en-2026\/"},"wordCount":555,"commentCount":0,"publisher":{"@id":"https:\/\/lasentinelle.dz\/#organization"},"image":{"@id":"https:\/\/lasentinelle.dz\/index.php\/2025\/07\/16\/complexe-de-traitement-du-gaz-associe-de-rhourde-el-baguel-le-projet-livre-en-2026\/#primaryimage"},"thumbnailUrl":"https:\/\/lasentinelle.dz\/wp-content\/uploads\/2025\/07\/complexe.jpg","articleSection":["\u00c9conomie"],"inLanguage":"fr-FR","potentialAction":[{"@type":"CommentAction","name":"Comment","target":["https:\/\/lasentinelle.dz\/index.php\/2025\/07\/16\/complexe-de-traitement-du-gaz-associe-de-rhourde-el-baguel-le-projet-livre-en-2026\/#respond"]}]},{"@type":"WebPage","@id":"https:\/\/lasentinelle.dz\/index.php\/2025\/07\/16\/complexe-de-traitement-du-gaz-associe-de-rhourde-el-baguel-le-projet-livre-en-2026\/","url":"https:\/\/lasentinelle.dz\/index.php\/2025\/07\/16\/complexe-de-traitement-du-gaz-associe-de-rhourde-el-baguel-le-projet-livre-en-2026\/","name":"Complexe de traitement du gaz associ\u00e9 de Rhourde El Baguel: Le projet livr\u00e9 en 2026 - La Sentinelle","isPartOf":{"@id":"https:\/\/lasentinelle.dz\/#website"},"primaryImageOfPage":{"@id":"https:\/\/lasentinelle.dz\/index.php\/2025\/07\/16\/complexe-de-traitement-du-gaz-associe-de-rhourde-el-baguel-le-projet-livre-en-2026\/#primaryimage"},"image":{"@id":"https:\/\/lasentinelle.dz\/index.php\/2025\/07\/16\/complexe-de-traitement-du-gaz-associe-de-rhourde-el-baguel-le-projet-livre-en-2026\/#primaryimage"},"thumbnailUrl":"https:\/\/lasentinelle.dz\/wp-content\/uploads\/2025\/07\/complexe.jpg","datePublished":"2025-07-16T11:24:20+00:00","breadcrumb":{"@id":"https:\/\/lasentinelle.dz\/index.php\/2025\/07\/16\/complexe-de-traitement-du-gaz-associe-de-rhourde-el-baguel-le-projet-livre-en-2026\/#breadcrumb"},"inLanguage":"fr-FR","potentialAction":[{"@type":"ReadAction","target":["https:\/\/lasentinelle.dz\/index.php\/2025\/07\/16\/complexe-de-traitement-du-gaz-associe-de-rhourde-el-baguel-le-projet-livre-en-2026\/"]}]},{"@type":"ImageObject","inLanguage":"fr-FR","@id":"https:\/\/lasentinelle.dz\/index.php\/2025\/07\/16\/complexe-de-traitement-du-gaz-associe-de-rhourde-el-baguel-le-projet-livre-en-2026\/#primaryimage","url":"https:\/\/lasentinelle.dz\/wp-content\/uploads\/2025\/07\/complexe.jpg","contentUrl":"https:\/\/lasentinelle.dz\/wp-content\/uploads\/2025\/07\/complexe.jpg","width":2048,"height":1354},{"@type":"BreadcrumbList","@id":"https:\/\/lasentinelle.dz\/index.php\/2025\/07\/16\/complexe-de-traitement-du-gaz-associe-de-rhourde-el-baguel-le-projet-livre-en-2026\/#breadcrumb","itemListElement":[{"@type":"ListItem","position":1,"name":"Accueil","item":"https:\/\/lasentinelle.dz\/"},{"@type":"ListItem","position":2,"name":"Complexe de traitement du gaz associ\u00e9 de Rhourde El Baguel: Le projet livr\u00e9 en 2026"}]},{"@type":"WebSite","@id":"https:\/\/lasentinelle.dz\/#website","url":"https:\/\/lasentinelle.dz\/","name":"La Sentinelle","description":"Quotidien national d&#039;information","publisher":{"@id":"https:\/\/lasentinelle.dz\/#organization"},"potentialAction":[{"@type":"SearchAction","target":{"@type":"EntryPoint","urlTemplate":"https:\/\/lasentinelle.dz\/?s={search_term_string}"},"query-input":{"@type":"PropertyValueSpecification","valueRequired":true,"valueName":"search_term_string"}}],"inLanguage":"fr-FR"},{"@type":"Organization","@id":"https:\/\/lasentinelle.dz\/#organization","name":"Quotidien La Sentinelle","url":"https:\/\/lasentinelle.dz\/","logo":{"@type":"ImageObject","inLanguage":"fr-FR","@id":"https:\/\/lasentinelle.dz\/#\/schema\/logo\/image\/","url":"https:\/\/lasentinelle.dz\/wp-content\/uploads\/2021\/09\/logo-sentinelleSLOGAN-1.png","contentUrl":"https:\/\/lasentinelle.dz\/wp-content\/uploads\/2021\/09\/logo-sentinelleSLOGAN-1.png","width":615,"height":142,"caption":"Quotidien La Sentinelle"},"image":{"@id":"https:\/\/lasentinelle.dz\/#\/schema\/logo\/image\/"},"sameAs":["https:\/\/www.facebook.com\/La-Sentinelle-104059864394773"]},{"@type":"Person","@id":"https:\/\/lasentinelle.dz\/#\/schema\/person\/729ee0024f24e0b8c5ec17232f8e8b41","name":"admin","image":{"@type":"ImageObject","inLanguage":"fr-FR","@id":"https:\/\/secure.gravatar.com\/avatar\/4c81fed838786e9b53f540bf46533e750f5d292099ae3b66cfc6fb1982e29df7?s=96&d=mm&r=g","url":"https:\/\/secure.gravatar.com\/avatar\/4c81fed838786e9b53f540bf46533e750f5d292099ae3b66cfc6fb1982e29df7?s=96&d=mm&r=g","contentUrl":"https:\/\/secure.gravatar.com\/avatar\/4c81fed838786e9b53f540bf46533e750f5d292099ae3b66cfc6fb1982e29df7?s=96&d=mm&r=g","caption":"admin"},"description":"admin","url":"https:\/\/lasentinelle.dz\/author\/admin\/"}]}},"_links":{"self":[{"href":"https:\/\/lasentinelle.dz\/index.php\/wp-json\/wp\/v2\/posts\/70453","targetHints":{"allow":["GET"]}}],"collection":[{"href":"https:\/\/lasentinelle.dz\/index.php\/wp-json\/wp\/v2\/posts"}],"about":[{"href":"https:\/\/lasentinelle.dz\/index.php\/wp-json\/wp\/v2\/types\/post"}],"author":[{"embeddable":true,"href":"https:\/\/lasentinelle.dz\/index.php\/wp-json\/wp\/v2\/users\/6"}],"replies":[{"embeddable":true,"href":"https:\/\/lasentinelle.dz\/index.php\/wp-json\/wp\/v2\/comments?post=70453"}],"version-history":[{"count":1,"href":"https:\/\/lasentinelle.dz\/index.php\/wp-json\/wp\/v2\/posts\/70453\/revisions"}],"predecessor-version":[{"id":70455,"href":"https:\/\/lasentinelle.dz\/index.php\/wp-json\/wp\/v2\/posts\/70453\/revisions\/70455"}],"wp:featuredmedia":[{"embeddable":true,"href":"https:\/\/lasentinelle.dz\/index.php\/wp-json\/wp\/v2\/media\/70454"}],"wp:attachment":[{"href":"https:\/\/lasentinelle.dz\/index.php\/wp-json\/wp\/v2\/media?parent=70453"}],"wp:term":[{"taxonomy":"category","embeddable":true,"href":"https:\/\/lasentinelle.dz\/index.php\/wp-json\/wp\/v2\/categories?post=70453"},{"taxonomy":"post_tag","embeddable":true,"href":"https:\/\/lasentinelle.dz\/index.php\/wp-json\/wp\/v2\/tags?post=70453"}],"curies":[{"name":"wp","href":"https:\/\/api.w.org\/{rel}","templated":true}]}}