{"id":70456,"date":"2025-07-16T12:25:15","date_gmt":"2025-07-16T11:25:15","guid":{"rendered":"https:\/\/lasentinelle.dz\/?p=70456"},"modified":"2025-07-16T12:25:16","modified_gmt":"2025-07-16T11:25:16","slug":"mohamed-arkab-recoit-une-delegation-dexxonmobil-un-partenariat-strategique-avec-sonatrach","status":"publish","type":"post","link":"https:\/\/lasentinelle.dz\/index.php\/2025\/07\/16\/mohamed-arkab-recoit-une-delegation-dexxonmobil-un-partenariat-strategique-avec-sonatrach\/","title":{"rendered":"Mohamed Arkab re\u00e7oit une d\u00e9l\u00e9gation d&rsquo;ExxonMobil : Un partenariat strat\u00e9gique avec Sonatrach"},"content":{"rendered":"\n<p>Les relations \u00e9nerg\u00e9tiques entre l&rsquo;Alg\u00e9rie et les \u00c9tats-Unis prennent une nouvelle dimension. Le ministre d&rsquo;\u00c9tat, ministre de l&rsquo;\u00c9nergie, des Mines et des \u00c9nergies renouvelables, Mohamed Arkab, a re\u00e7u mardi une d\u00e9l\u00e9gation de la major am\u00e9ricaine Exxon Mobil dirig\u00e9e par M. Harker, vice-pr\u00e9sident de la compagnie. Cette rencontre s&rsquo;inscrit dans le cadre des consultations en cours entre ExxonMobil, le complexe Sonatrach et l&rsquo;Agence nationale de valorisation des ressources en hydrocarbures (ALNAFT), marquant une \u00e9tape importante dans le d\u00e9veloppement des relations \u00e9nerg\u00e9tiques bilat\u00e9rales. La r\u00e9ception de cette d\u00e9l\u00e9gation am\u00e9ricaine s&rsquo;int\u00e8gre dans \u00ab\u00a0la mise en \u0153uvre de la strat\u00e9gie nationale de valorisation du domaine minier des hydrocarbures, \u00e0 travers le renforcement des capacit\u00e9s d&rsquo;exploration et l&rsquo;augmentation des r\u00e9serves et de la production de p\u00e9trole et de gaz\u00a0\u00bb, selon le communiqu\u00e9 du minist\u00e8re. Cette approche vise \u00e0 \u00ab\u00a0renforcer la s\u00e9curit\u00e9 \u00e9nerg\u00e9tique nationale et soutenir l&rsquo;orientation vers les march\u00e9s d&rsquo;exportation\u00a0\u00bb. Le ministre d&rsquo;\u00c9tat a saisi cette occasion pour pr\u00e9senter \u00ab\u00a0les opportunit\u00e9s d&rsquo;investissement prometteuses qu&rsquo;offre le secteur de l&rsquo;\u00e9nergie en Alg\u00e9rie, notamment dans les domaines de la prospection, du d\u00e9veloppement et de l&rsquo;exploitation\u00a0\u00bb. Il a \u00e9galement r\u00e9affirm\u00e9 \u00ab\u00a0la strat\u00e9gie du secteur bas\u00e9e sur l&rsquo;encouragement des investissements productifs, \u00e0 travers des projets qui contribuent au d\u00e9veloppement des capacit\u00e9s de production et de transformation, et \u00e0 l&rsquo;expansion des exportations d&rsquo;hydrocarbures, tout en garantissant la satisfaction des besoins nationaux\u00a0\u00bb.<\/p>\n\n\n\n<p><strong>Des n\u00e9gociations en phase avanc\u00e9e<\/strong><\/p>\n\n\n\n<p>Cette rencontre a constitu\u00e9 \u00ab\u00a0une opportunit\u00e9 d&rsquo;\u00e9change de vues sur la r\u00e9alit\u00e9 et les perspectives de coop\u00e9ration existante entre ExxonMobil, le complexe Sonatrach et l&rsquo;Agence nationale de valorisation des ressources en hydrocarbures, notamment dans le domaine de l&rsquo;amont p\u00e9trolier et gazier\u00a0\u00bb. Les discussions ont particuli\u00e8rement port\u00e9 sur \u00ab\u00a0l&rsquo;importance des consultations techniques en cours, qui visent \u00e0 parvenir \u00e0 un accord d\u00e9finitif sur les contrats d&rsquo;hydrocarbures, permettant d&rsquo;\u00e9tablir une coop\u00e9ration \u00e9nerg\u00e9tique solide et durable entre les deux parties\u00a0\u00bb. <strong>&nbsp;<\/strong>Le ministre a r\u00e9affirm\u00e9 \u00ab\u00a0l&rsquo;engagement de l&rsquo;Alg\u00e9rie \u00e0 fournir un climat de partenariat favorable, qui garantit le succ\u00e8s des investissements et renforce la confiance mutuelle avec les partenaires internationaux\u00a0\u00bb. Cette approche se concr\u00e9tise par \u00ab\u00a0la fourniture de toutes les facilit\u00e9s n\u00e9cessaires, et la cons\u00e9cration de la coop\u00e9ration bas\u00e9e sur l&rsquo;\u00e9change d&rsquo;exp\u00e9riences et le transfert de technologie, et l&rsquo;adoption de l&rsquo;innovation dans les domaines de l&rsquo;exploration, de la production et de la durabilit\u00e9\u00a0\u00bb.<\/p>\n\n\n\n<p>De son c\u00f4t\u00e9, M. Harker a exprim\u00e9 \u00ab\u00a0l&rsquo;int\u00e9r\u00eat d&rsquo;ExxonMobil \u00e0 \u00e9tendre ses activit\u00e9s sur le march\u00e9 alg\u00e9rien, louant le climat d&rsquo;affaires positif et la confiance qui caract\u00e9risent les relations de coop\u00e9ration avec Sonatrach\u00a0\u00bb. Le repr\u00e9sentant de la compagnie am\u00e9ricaine a \u00e9galement exprim\u00e9 \u00ab\u00a0le souhait de la compagnie de poursuivre les consultations en cours dans le but de finaliser la pr\u00e9paration du projet de contrats attendus avec Sonatrach et l&rsquo;agence p\u00e9troli\u00e8re\u00a0\u00bb. L&rsquo;objectif est de \u00ab\u00a0permettre le lancement de projets d&rsquo;investissement strat\u00e9giques \u00e0 long terme, susceptibles de renforcer les capacit\u00e9s productives de l&rsquo;Alg\u00e9rie en hydrocarbures, et de consolider sa s\u00e9curit\u00e9 \u00e9nerg\u00e9tique, et d&rsquo;augmenter ses exportations\u00a0\u00bb.<\/p>\n\n\n\n<p>Un aspect particuli\u00e8rement significatif de ces discussions concerne la volont\u00e9 de \u00ab\u00a0promouvoir le contenu local \u00e0 travers l&rsquo;int\u00e9gration des comp\u00e9tences nationales\u00a0\u00bb. Cette orientation s&rsquo;inscrit dans la politique gouvernementale de d\u00e9veloppement des capacit\u00e9s nationales et de transfert de technologie, \u00e9l\u00e9ments cl\u00e9s de la strat\u00e9gie de d\u00e9veloppement durable du secteur \u00e9nerg\u00e9tique. Cette approche devrait permettre non seulement d&rsquo;accro\u00eetre les capacit\u00e9s productives nationales, mais aussi de d\u00e9velopper l&rsquo;expertise alg\u00e9rienne dans les technologies de pointe de l&rsquo;industrie p\u00e9troli\u00e8re et gazi\u00e8re.<\/p>\n\n\n\n<p>Cette visite s&rsquo;inscrit dans une dynamique plus large de relance des investissements \u00e9trangers dans le secteur \u00e9nerg\u00e9tique alg\u00e9rien, secteur vital pour l&rsquo;\u00e9conomie nationale et les \u00e9quilibres macro\u00e9conomiques du pays.<\/p>\n\n\n\n<p>S.G.<\/p>\n","protected":false},"excerpt":{"rendered":"<p>Les relations \u00e9nerg\u00e9tiques entre l&rsquo;Alg\u00e9rie et les \u00c9tats-Unis prennent une nouvelle dimension. Le ministre d&rsquo;\u00c9tat, ministre de l&rsquo;\u00c9nergie, des Mines<\/p>\n","protected":false},"author":6,"featured_media":52805,"comment_status":"open","ping_status":"closed","sticky":false,"template":"","format":"standard","meta":{"colormag_page_container_layout":"default_layout","colormag_page_sidebar_layout":"default_layout","om_disable_all_campaigns":false,"_monsterinsights_skip_tracking":false,"_monsterinsights_sitenote_active":false,"_monsterinsights_sitenote_note":"","_monsterinsights_sitenote_category":0,"footnotes":"","_wpscppro_dont_share_socialmedia":false,"_wpscppro_custom_social_share_image":0,"_facebook_share_type":"default","_twitter_share_type":"default","_linkedin_share_type":"default","_pinterest_share_type":"default","_linkedin_share_type_page":"","_instagram_share_type":"default","_medium_share_type":"default","_threads_share_type":"","_google_business_share_type":"","_selected_social_profile":[],"_wpsp_enable_custom_social_template":false,"_wpsp_social_scheduling":{"enabled":false,"datetime":null,"platforms":[],"status":"template_only","dateOption":"today","timeOption":"now","customDays":"","customHours":"","customDate":"","customTime":"","schedulingType":"absolute"},"_wpsp_active_default_template":true},"categories":[52,29],"tags":[],"class_list":["post-70456","post","type-post","status-publish","format-standard","has-post-thumbnail","hentry","category-a-la-une","category-economie"],"aioseo_notices":[],"yoast_head":"<!-- This site is optimized with the Yoast SEO plugin v27.5 - https:\/\/yoast.com\/product\/yoast-seo-wordpress\/ -->\n<title>Mohamed Arkab re\u00e7oit une d\u00e9l\u00e9gation d&rsquo;ExxonMobil : Un partenariat strat\u00e9gique avec Sonatrach - La Sentinelle<\/title>\n<meta name=\"robots\" content=\"index, follow, max-snippet:-1, max-image-preview:large, max-video-preview:-1\" \/>\n<link rel=\"canonical\" href=\"https:\/\/lasentinelle.dz\/index.php\/2025\/07\/16\/mohamed-arkab-recoit-une-delegation-dexxonmobil-un-partenariat-strategique-avec-sonatrach\/\" \/>\n<meta property=\"og:locale\" content=\"fr_FR\" \/>\n<meta property=\"og:type\" content=\"article\" \/>\n<meta property=\"og:title\" content=\"Mohamed Arkab re\u00e7oit une d\u00e9l\u00e9gation d&rsquo;ExxonMobil : Un partenariat strat\u00e9gique avec Sonatrach - La Sentinelle\" \/>\n<meta property=\"og:description\" content=\"Les relations \u00e9nerg\u00e9tiques entre l&rsquo;Alg\u00e9rie et les \u00c9tats-Unis prennent une nouvelle dimension. Le ministre d&rsquo;\u00c9tat, ministre de l&rsquo;\u00c9nergie, des Mines\" \/>\n<meta property=\"og:url\" content=\"https:\/\/lasentinelle.dz\/index.php\/2025\/07\/16\/mohamed-arkab-recoit-une-delegation-dexxonmobil-un-partenariat-strategique-avec-sonatrach\/\" \/>\n<meta property=\"og:site_name\" content=\"La Sentinelle\" \/>\n<meta property=\"article:publisher\" content=\"https:\/\/www.facebook.com\/La-Sentinelle-104059864394773\" \/>\n<meta property=\"article:published_time\" content=\"2025-07-16T11:25:15+00:00\" \/>\n<meta property=\"article:modified_time\" content=\"2025-07-16T11:25:16+00:00\" \/>\n<meta property=\"og:image\" content=\"https:\/\/lasentinelle.dz\/wp-content\/uploads\/2024\/05\/sonatrach-exxon.jpeg\" \/>\n\t<meta property=\"og:image:width\" content=\"2048\" \/>\n\t<meta property=\"og:image:height\" content=\"1434\" \/>\n\t<meta property=\"og:image:type\" content=\"image\/jpeg\" \/>\n<meta name=\"author\" content=\"admin\" \/>\n<meta name=\"twitter:card\" content=\"summary_large_image\" \/>\n<meta name=\"twitter:label1\" content=\"\u00c9crit par\" \/>\n\t<meta name=\"twitter:data1\" content=\"admin\" \/>\n\t<meta name=\"twitter:label2\" content=\"Dur\u00e9e de lecture estim\u00e9e\" \/>\n\t<meta name=\"twitter:data2\" content=\"4 minutes\" \/>\n<script type=\"application\/ld+json\" class=\"yoast-schema-graph\">{\"@context\":\"https:\\\/\\\/schema.org\",\"@graph\":[{\"@type\":\"Article\",\"@id\":\"https:\\\/\\\/lasentinelle.dz\\\/index.php\\\/2025\\\/07\\\/16\\\/mohamed-arkab-recoit-une-delegation-dexxonmobil-un-partenariat-strategique-avec-sonatrach\\\/#article\",\"isPartOf\":{\"@id\":\"https:\\\/\\\/lasentinelle.dz\\\/index.php\\\/2025\\\/07\\\/16\\\/mohamed-arkab-recoit-une-delegation-dexxonmobil-un-partenariat-strategique-avec-sonatrach\\\/\"},\"author\":{\"name\":\"admin\",\"@id\":\"https:\\\/\\\/lasentinelle.dz\\\/#\\\/schema\\\/person\\\/729ee0024f24e0b8c5ec17232f8e8b41\"},\"headline\":\"Mohamed Arkab re\u00e7oit une d\u00e9l\u00e9gation d&rsquo;ExxonMobil : Un partenariat strat\u00e9gique avec Sonatrach\",\"datePublished\":\"2025-07-16T11:25:15+00:00\",\"dateModified\":\"2025-07-16T11:25:16+00:00\",\"mainEntityOfPage\":{\"@id\":\"https:\\\/\\\/lasentinelle.dz\\\/index.php\\\/2025\\\/07\\\/16\\\/mohamed-arkab-recoit-une-delegation-dexxonmobil-un-partenariat-strategique-avec-sonatrach\\\/\"},\"wordCount\":727,\"commentCount\":0,\"publisher\":{\"@id\":\"https:\\\/\\\/lasentinelle.dz\\\/#organization\"},\"image\":{\"@id\":\"https:\\\/\\\/lasentinelle.dz\\\/index.php\\\/2025\\\/07\\\/16\\\/mohamed-arkab-recoit-une-delegation-dexxonmobil-un-partenariat-strategique-avec-sonatrach\\\/#primaryimage\"},\"thumbnailUrl\":\"https:\\\/\\\/lasentinelle.dz\\\/wp-content\\\/uploads\\\/2024\\\/05\\\/sonatrach-exxon.jpeg\",\"articleSection\":[\"\u00c0 la Une\",\"\u00c9conomie\"],\"inLanguage\":\"fr-FR\",\"potentialAction\":[{\"@type\":\"CommentAction\",\"name\":\"Comment\",\"target\":[\"https:\\\/\\\/lasentinelle.dz\\\/index.php\\\/2025\\\/07\\\/16\\\/mohamed-arkab-recoit-une-delegation-dexxonmobil-un-partenariat-strategique-avec-sonatrach\\\/#respond\"]}]},{\"@type\":\"WebPage\",\"@id\":\"https:\\\/\\\/lasentinelle.dz\\\/index.php\\\/2025\\\/07\\\/16\\\/mohamed-arkab-recoit-une-delegation-dexxonmobil-un-partenariat-strategique-avec-sonatrach\\\/\",\"url\":\"https:\\\/\\\/lasentinelle.dz\\\/index.php\\\/2025\\\/07\\\/16\\\/mohamed-arkab-recoit-une-delegation-dexxonmobil-un-partenariat-strategique-avec-sonatrach\\\/\",\"name\":\"Mohamed Arkab re\u00e7oit une d\u00e9l\u00e9gation d&rsquo;ExxonMobil : Un partenariat strat\u00e9gique avec Sonatrach - La Sentinelle\",\"isPartOf\":{\"@id\":\"https:\\\/\\\/lasentinelle.dz\\\/#website\"},\"primaryImageOfPage\":{\"@id\":\"https:\\\/\\\/lasentinelle.dz\\\/index.php\\\/2025\\\/07\\\/16\\\/mohamed-arkab-recoit-une-delegation-dexxonmobil-un-partenariat-strategique-avec-sonatrach\\\/#primaryimage\"},\"image\":{\"@id\":\"https:\\\/\\\/lasentinelle.dz\\\/index.php\\\/2025\\\/07\\\/16\\\/mohamed-arkab-recoit-une-delegation-dexxonmobil-un-partenariat-strategique-avec-sonatrach\\\/#primaryimage\"},\"thumbnailUrl\":\"https:\\\/\\\/lasentinelle.dz\\\/wp-content\\\/uploads\\\/2024\\\/05\\\/sonatrach-exxon.jpeg\",\"datePublished\":\"2025-07-16T11:25:15+00:00\",\"dateModified\":\"2025-07-16T11:25:16+00:00\",\"breadcrumb\":{\"@id\":\"https:\\\/\\\/lasentinelle.dz\\\/index.php\\\/2025\\\/07\\\/16\\\/mohamed-arkab-recoit-une-delegation-dexxonmobil-un-partenariat-strategique-avec-sonatrach\\\/#breadcrumb\"},\"inLanguage\":\"fr-FR\",\"potentialAction\":[{\"@type\":\"ReadAction\",\"target\":[\"https:\\\/\\\/lasentinelle.dz\\\/index.php\\\/2025\\\/07\\\/16\\\/mohamed-arkab-recoit-une-delegation-dexxonmobil-un-partenariat-strategique-avec-sonatrach\\\/\"]}]},{\"@type\":\"ImageObject\",\"inLanguage\":\"fr-FR\",\"@id\":\"https:\\\/\\\/lasentinelle.dz\\\/index.php\\\/2025\\\/07\\\/16\\\/mohamed-arkab-recoit-une-delegation-dexxonmobil-un-partenariat-strategique-avec-sonatrach\\\/#primaryimage\",\"url\":\"https:\\\/\\\/lasentinelle.dz\\\/wp-content\\\/uploads\\\/2024\\\/05\\\/sonatrach-exxon.jpeg\",\"contentUrl\":\"https:\\\/\\\/lasentinelle.dz\\\/wp-content\\\/uploads\\\/2024\\\/05\\\/sonatrach-exxon.jpeg\",\"width\":2048,\"height\":1434},{\"@type\":\"BreadcrumbList\",\"@id\":\"https:\\\/\\\/lasentinelle.dz\\\/index.php\\\/2025\\\/07\\\/16\\\/mohamed-arkab-recoit-une-delegation-dexxonmobil-un-partenariat-strategique-avec-sonatrach\\\/#breadcrumb\",\"itemListElement\":[{\"@type\":\"ListItem\",\"position\":1,\"name\":\"Accueil\",\"item\":\"https:\\\/\\\/lasentinelle.dz\\\/\"},{\"@type\":\"ListItem\",\"position\":2,\"name\":\"Mohamed Arkab re\u00e7oit une d\u00e9l\u00e9gation d&rsquo;ExxonMobil : Un partenariat strat\u00e9gique avec Sonatrach\"}]},{\"@type\":\"WebSite\",\"@id\":\"https:\\\/\\\/lasentinelle.dz\\\/#website\",\"url\":\"https:\\\/\\\/lasentinelle.dz\\\/\",\"name\":\"La Sentinelle\",\"description\":\"Quotidien national d&#039;information\",\"publisher\":{\"@id\":\"https:\\\/\\\/lasentinelle.dz\\\/#organization\"},\"potentialAction\":[{\"@type\":\"SearchAction\",\"target\":{\"@type\":\"EntryPoint\",\"urlTemplate\":\"https:\\\/\\\/lasentinelle.dz\\\/?s={search_term_string}\"},\"query-input\":{\"@type\":\"PropertyValueSpecification\",\"valueRequired\":true,\"valueName\":\"search_term_string\"}}],\"inLanguage\":\"fr-FR\"},{\"@type\":\"Organization\",\"@id\":\"https:\\\/\\\/lasentinelle.dz\\\/#organization\",\"name\":\"Quotidien La Sentinelle\",\"url\":\"https:\\\/\\\/lasentinelle.dz\\\/\",\"logo\":{\"@type\":\"ImageObject\",\"inLanguage\":\"fr-FR\",\"@id\":\"https:\\\/\\\/lasentinelle.dz\\\/#\\\/schema\\\/logo\\\/image\\\/\",\"url\":\"https:\\\/\\\/lasentinelle.dz\\\/wp-content\\\/uploads\\\/2021\\\/09\\\/logo-sentinelleSLOGAN-1.png\",\"contentUrl\":\"https:\\\/\\\/lasentinelle.dz\\\/wp-content\\\/uploads\\\/2021\\\/09\\\/logo-sentinelleSLOGAN-1.png\",\"width\":615,\"height\":142,\"caption\":\"Quotidien La Sentinelle\"},\"image\":{\"@id\":\"https:\\\/\\\/lasentinelle.dz\\\/#\\\/schema\\\/logo\\\/image\\\/\"},\"sameAs\":[\"https:\\\/\\\/www.facebook.com\\\/La-Sentinelle-104059864394773\"]},{\"@type\":\"Person\",\"@id\":\"https:\\\/\\\/lasentinelle.dz\\\/#\\\/schema\\\/person\\\/729ee0024f24e0b8c5ec17232f8e8b41\",\"name\":\"admin\",\"image\":{\"@type\":\"ImageObject\",\"inLanguage\":\"fr-FR\",\"@id\":\"https:\\\/\\\/secure.gravatar.com\\\/avatar\\\/4c81fed838786e9b53f540bf46533e750f5d292099ae3b66cfc6fb1982e29df7?s=96&d=mm&r=g\",\"url\":\"https:\\\/\\\/secure.gravatar.com\\\/avatar\\\/4c81fed838786e9b53f540bf46533e750f5d292099ae3b66cfc6fb1982e29df7?s=96&d=mm&r=g\",\"contentUrl\":\"https:\\\/\\\/secure.gravatar.com\\\/avatar\\\/4c81fed838786e9b53f540bf46533e750f5d292099ae3b66cfc6fb1982e29df7?s=96&d=mm&r=g\",\"caption\":\"admin\"},\"description\":\"admin\",\"url\":\"https:\\\/\\\/lasentinelle.dz\\\/author\\\/admin\\\/\"}]}<\/script>\n<!-- \/ Yoast SEO plugin. -->","yoast_head_json":{"title":"Mohamed Arkab re\u00e7oit une d\u00e9l\u00e9gation d&rsquo;ExxonMobil : Un partenariat strat\u00e9gique avec Sonatrach - La Sentinelle","robots":{"index":"index","follow":"follow","max-snippet":"max-snippet:-1","max-image-preview":"max-image-preview:large","max-video-preview":"max-video-preview:-1"},"canonical":"https:\/\/lasentinelle.dz\/index.php\/2025\/07\/16\/mohamed-arkab-recoit-une-delegation-dexxonmobil-un-partenariat-strategique-avec-sonatrach\/","og_locale":"fr_FR","og_type":"article","og_title":"Mohamed Arkab re\u00e7oit une d\u00e9l\u00e9gation d&rsquo;ExxonMobil : Un partenariat strat\u00e9gique avec Sonatrach - La Sentinelle","og_description":"Les relations \u00e9nerg\u00e9tiques entre l&rsquo;Alg\u00e9rie et les \u00c9tats-Unis prennent une nouvelle dimension. Le ministre d&rsquo;\u00c9tat, ministre de l&rsquo;\u00c9nergie, des Mines","og_url":"https:\/\/lasentinelle.dz\/index.php\/2025\/07\/16\/mohamed-arkab-recoit-une-delegation-dexxonmobil-un-partenariat-strategique-avec-sonatrach\/","og_site_name":"La Sentinelle","article_publisher":"https:\/\/www.facebook.com\/La-Sentinelle-104059864394773","article_published_time":"2025-07-16T11:25:15+00:00","article_modified_time":"2025-07-16T11:25:16+00:00","og_image":[{"width":2048,"height":1434,"url":"https:\/\/lasentinelle.dz\/wp-content\/uploads\/2024\/05\/sonatrach-exxon.jpeg","type":"image\/jpeg"}],"author":"admin","twitter_card":"summary_large_image","twitter_misc":{"\u00c9crit par":"admin","Dur\u00e9e de lecture estim\u00e9e":"4 minutes"},"schema":{"@context":"https:\/\/schema.org","@graph":[{"@type":"Article","@id":"https:\/\/lasentinelle.dz\/index.php\/2025\/07\/16\/mohamed-arkab-recoit-une-delegation-dexxonmobil-un-partenariat-strategique-avec-sonatrach\/#article","isPartOf":{"@id":"https:\/\/lasentinelle.dz\/index.php\/2025\/07\/16\/mohamed-arkab-recoit-une-delegation-dexxonmobil-un-partenariat-strategique-avec-sonatrach\/"},"author":{"name":"admin","@id":"https:\/\/lasentinelle.dz\/#\/schema\/person\/729ee0024f24e0b8c5ec17232f8e8b41"},"headline":"Mohamed Arkab re\u00e7oit une d\u00e9l\u00e9gation d&rsquo;ExxonMobil : Un partenariat strat\u00e9gique avec Sonatrach","datePublished":"2025-07-16T11:25:15+00:00","dateModified":"2025-07-16T11:25:16+00:00","mainEntityOfPage":{"@id":"https:\/\/lasentinelle.dz\/index.php\/2025\/07\/16\/mohamed-arkab-recoit-une-delegation-dexxonmobil-un-partenariat-strategique-avec-sonatrach\/"},"wordCount":727,"commentCount":0,"publisher":{"@id":"https:\/\/lasentinelle.dz\/#organization"},"image":{"@id":"https:\/\/lasentinelle.dz\/index.php\/2025\/07\/16\/mohamed-arkab-recoit-une-delegation-dexxonmobil-un-partenariat-strategique-avec-sonatrach\/#primaryimage"},"thumbnailUrl":"https:\/\/lasentinelle.dz\/wp-content\/uploads\/2024\/05\/sonatrach-exxon.jpeg","articleSection":["\u00c0 la Une","\u00c9conomie"],"inLanguage":"fr-FR","potentialAction":[{"@type":"CommentAction","name":"Comment","target":["https:\/\/lasentinelle.dz\/index.php\/2025\/07\/16\/mohamed-arkab-recoit-une-delegation-dexxonmobil-un-partenariat-strategique-avec-sonatrach\/#respond"]}]},{"@type":"WebPage","@id":"https:\/\/lasentinelle.dz\/index.php\/2025\/07\/16\/mohamed-arkab-recoit-une-delegation-dexxonmobil-un-partenariat-strategique-avec-sonatrach\/","url":"https:\/\/lasentinelle.dz\/index.php\/2025\/07\/16\/mohamed-arkab-recoit-une-delegation-dexxonmobil-un-partenariat-strategique-avec-sonatrach\/","name":"Mohamed Arkab re\u00e7oit une d\u00e9l\u00e9gation d&rsquo;ExxonMobil : Un partenariat strat\u00e9gique avec Sonatrach - La Sentinelle","isPartOf":{"@id":"https:\/\/lasentinelle.dz\/#website"},"primaryImageOfPage":{"@id":"https:\/\/lasentinelle.dz\/index.php\/2025\/07\/16\/mohamed-arkab-recoit-une-delegation-dexxonmobil-un-partenariat-strategique-avec-sonatrach\/#primaryimage"},"image":{"@id":"https:\/\/lasentinelle.dz\/index.php\/2025\/07\/16\/mohamed-arkab-recoit-une-delegation-dexxonmobil-un-partenariat-strategique-avec-sonatrach\/#primaryimage"},"thumbnailUrl":"https:\/\/lasentinelle.dz\/wp-content\/uploads\/2024\/05\/sonatrach-exxon.jpeg","datePublished":"2025-07-16T11:25:15+00:00","dateModified":"2025-07-16T11:25:16+00:00","breadcrumb":{"@id":"https:\/\/lasentinelle.dz\/index.php\/2025\/07\/16\/mohamed-arkab-recoit-une-delegation-dexxonmobil-un-partenariat-strategique-avec-sonatrach\/#breadcrumb"},"inLanguage":"fr-FR","potentialAction":[{"@type":"ReadAction","target":["https:\/\/lasentinelle.dz\/index.php\/2025\/07\/16\/mohamed-arkab-recoit-une-delegation-dexxonmobil-un-partenariat-strategique-avec-sonatrach\/"]}]},{"@type":"ImageObject","inLanguage":"fr-FR","@id":"https:\/\/lasentinelle.dz\/index.php\/2025\/07\/16\/mohamed-arkab-recoit-une-delegation-dexxonmobil-un-partenariat-strategique-avec-sonatrach\/#primaryimage","url":"https:\/\/lasentinelle.dz\/wp-content\/uploads\/2024\/05\/sonatrach-exxon.jpeg","contentUrl":"https:\/\/lasentinelle.dz\/wp-content\/uploads\/2024\/05\/sonatrach-exxon.jpeg","width":2048,"height":1434},{"@type":"BreadcrumbList","@id":"https:\/\/lasentinelle.dz\/index.php\/2025\/07\/16\/mohamed-arkab-recoit-une-delegation-dexxonmobil-un-partenariat-strategique-avec-sonatrach\/#breadcrumb","itemListElement":[{"@type":"ListItem","position":1,"name":"Accueil","item":"https:\/\/lasentinelle.dz\/"},{"@type":"ListItem","position":2,"name":"Mohamed Arkab re\u00e7oit une d\u00e9l\u00e9gation d&rsquo;ExxonMobil : Un partenariat strat\u00e9gique avec Sonatrach"}]},{"@type":"WebSite","@id":"https:\/\/lasentinelle.dz\/#website","url":"https:\/\/lasentinelle.dz\/","name":"La Sentinelle","description":"Quotidien national d&#039;information","publisher":{"@id":"https:\/\/lasentinelle.dz\/#organization"},"potentialAction":[{"@type":"SearchAction","target":{"@type":"EntryPoint","urlTemplate":"https:\/\/lasentinelle.dz\/?s={search_term_string}"},"query-input":{"@type":"PropertyValueSpecification","valueRequired":true,"valueName":"search_term_string"}}],"inLanguage":"fr-FR"},{"@type":"Organization","@id":"https:\/\/lasentinelle.dz\/#organization","name":"Quotidien La Sentinelle","url":"https:\/\/lasentinelle.dz\/","logo":{"@type":"ImageObject","inLanguage":"fr-FR","@id":"https:\/\/lasentinelle.dz\/#\/schema\/logo\/image\/","url":"https:\/\/lasentinelle.dz\/wp-content\/uploads\/2021\/09\/logo-sentinelleSLOGAN-1.png","contentUrl":"https:\/\/lasentinelle.dz\/wp-content\/uploads\/2021\/09\/logo-sentinelleSLOGAN-1.png","width":615,"height":142,"caption":"Quotidien La Sentinelle"},"image":{"@id":"https:\/\/lasentinelle.dz\/#\/schema\/logo\/image\/"},"sameAs":["https:\/\/www.facebook.com\/La-Sentinelle-104059864394773"]},{"@type":"Person","@id":"https:\/\/lasentinelle.dz\/#\/schema\/person\/729ee0024f24e0b8c5ec17232f8e8b41","name":"admin","image":{"@type":"ImageObject","inLanguage":"fr-FR","@id":"https:\/\/secure.gravatar.com\/avatar\/4c81fed838786e9b53f540bf46533e750f5d292099ae3b66cfc6fb1982e29df7?s=96&d=mm&r=g","url":"https:\/\/secure.gravatar.com\/avatar\/4c81fed838786e9b53f540bf46533e750f5d292099ae3b66cfc6fb1982e29df7?s=96&d=mm&r=g","contentUrl":"https:\/\/secure.gravatar.com\/avatar\/4c81fed838786e9b53f540bf46533e750f5d292099ae3b66cfc6fb1982e29df7?s=96&d=mm&r=g","caption":"admin"},"description":"admin","url":"https:\/\/lasentinelle.dz\/author\/admin\/"}]}},"_links":{"self":[{"href":"https:\/\/lasentinelle.dz\/index.php\/wp-json\/wp\/v2\/posts\/70456","targetHints":{"allow":["GET"]}}],"collection":[{"href":"https:\/\/lasentinelle.dz\/index.php\/wp-json\/wp\/v2\/posts"}],"about":[{"href":"https:\/\/lasentinelle.dz\/index.php\/wp-json\/wp\/v2\/types\/post"}],"author":[{"embeddable":true,"href":"https:\/\/lasentinelle.dz\/index.php\/wp-json\/wp\/v2\/users\/6"}],"replies":[{"embeddable":true,"href":"https:\/\/lasentinelle.dz\/index.php\/wp-json\/wp\/v2\/comments?post=70456"}],"version-history":[{"count":2,"href":"https:\/\/lasentinelle.dz\/index.php\/wp-json\/wp\/v2\/posts\/70456\/revisions"}],"predecessor-version":[{"id":70458,"href":"https:\/\/lasentinelle.dz\/index.php\/wp-json\/wp\/v2\/posts\/70456\/revisions\/70458"}],"wp:featuredmedia":[{"embeddable":true,"href":"https:\/\/lasentinelle.dz\/index.php\/wp-json\/wp\/v2\/media\/52805"}],"wp:attachment":[{"href":"https:\/\/lasentinelle.dz\/index.php\/wp-json\/wp\/v2\/media?parent=70456"}],"wp:term":[{"taxonomy":"category","embeddable":true,"href":"https:\/\/lasentinelle.dz\/index.php\/wp-json\/wp\/v2\/categories?post=70456"},{"taxonomy":"post_tag","embeddable":true,"href":"https:\/\/lasentinelle.dz\/index.php\/wp-json\/wp\/v2\/tags?post=70456"}],"curies":[{"name":"wp","href":"https:\/\/api.w.org\/{rel}","templated":true}]}}