{"id":70459,"date":"2025-07-16T12:26:03","date_gmt":"2025-07-16T11:26:03","guid":{"rendered":"https:\/\/lasentinelle.dz\/?p=70459"},"modified":"2025-07-16T12:26:03","modified_gmt":"2025-07-16T11:26:03","slug":"aadl-3-les-souscripteurs-auront-une-reponse-avant-fin-juillet","status":"publish","type":"post","link":"https:\/\/lasentinelle.dz\/index.php\/2025\/07\/16\/aadl-3-les-souscripteurs-auront-une-reponse-avant-fin-juillet\/","title":{"rendered":"AADL 3 : Les souscripteurs auront une r\u00e9ponse avant fin juillet"},"content":{"rendered":"\n<p>Le ministre de l&rsquo;Habitat, de l&rsquo;Urbanisme et de la Ville, Tarek Belaribi annonce une \u00e9ch\u00e9ance imminente pour plus de 900 000 dossiers en attente.<\/p>\n\n\n\n<p>Apr\u00e8s des mois d&rsquo;attente, les souscripteurs au programme AADL 3 vont enfin \u00eatre fix\u00e9s sur leur sort. Le ministre de l&rsquo;Habitat, de l&rsquo;Urbanisme et de la Ville, Mohamed Tarek Belaribi, a annonc\u00e9 mardi, en marge de la 44e Assembl\u00e9e g\u00e9n\u00e9rale de la Banque de d\u00e9veloppement Shelter Afrique (ShafDB), qui se tient \u00e0 Alger du 15 au 17 juillet, que l&rsquo;Agence nationale de l&rsquo;am\u00e9lioration et du d\u00e9veloppement du logement (AADL) r\u00e9pondrait aux demandes des souscripteurs au programme location-vente avant la fin du mois de juillet. \u00ab\u00a0Les souscripteurs attendent une r\u00e9ponse \u00e0 leurs dossiers\u00a0\u00bb, a indiqu\u00e9 le ministre \u00e0 la presse, estimant qu&rsquo;ils recevraient \u00ab\u00a0avant la fin du mois de juillet courant, une r\u00e9ponse de l&rsquo;Agence AADL qui se penchera sur cette question\u00a0\u00bb.<\/p>\n\n\n\n<p>Lanc\u00e9es en juillet 2024, les inscriptions au programme AADL 3 ont enregistr\u00e9 un succ\u00e8s consid\u00e9rable avec plus de 1,4 million d&rsquo;inscrits. Parmi eux, plus de 900 000 souscripteurs remplissant les conditions requises ont \u00e9t\u00e9 recens\u00e9s jusqu&rsquo;\u00e0 mai dernier, selon les donn\u00e9es officielles. Le ministre a soulign\u00e9 l&rsquo;importance de r\u00e9aliser les logements du programme \u00ab\u00a0AADL 3\u00a0\u00bb selon les attentes des futurs b\u00e9n\u00e9ficiaires, mettant l&rsquo;accent sur la qualit\u00e9 et l&rsquo;ad\u00e9quation des projets aux besoins des familles alg\u00e9riennes.<\/p>\n\n\n\n<p>Cette annonce s&rsquo;inscrit dans le cadre des engagements du pr\u00e9sident de la R\u00e9publique, Abdelmadjid Tebboune, qui a inscrit le logement parmi ses priorit\u00e9s majeures. Le chef de l&rsquo;\u00c9tat s&rsquo;est engag\u00e9 \u00e0 r\u00e9aliser deux millions de nouvelles unit\u00e9s de logement \u00e0 travers le territoire national durant la p\u00e9riode 2025-2029, un d\u00e9fi de taille qui t\u00e9moigne de la place centrale accord\u00e9e \u00e0 cette question sociale.<\/p>\n\n\n\n<p>\u00ab\u00a0L&rsquo;Alg\u00e9rie a fait de l&rsquo;acc\u00e8s au logement une priorit\u00e9 absolue, en \u00e9tant consciente que la mise \u00e0 disposition d&rsquo;un cadre de vie d\u00e9cent et digne constitue la pierre angulaire de la stabilit\u00e9 sociale, de la consolidation de la dignit\u00e9 humaine et du renforcement du sentiment d&rsquo;appartenance chez le citoyen\u00a0\u00bb, a d\u00e9clar\u00e9 Mohamed Tarek Belaribi.<\/p>\n\n\n\n<p>Le bilan des r\u00e9alisations r\u00e9centes est \u00e9loquent : pr\u00e8s de 1,7 million d&rsquo;unit\u00e9s de logement, toutes formules confondues, ont \u00e9t\u00e9 distribu\u00e9es durant la p\u00e9riode allant de 2020 \u00e0 2024. Ce qui constitue, selon le ministre, \u00ab\u00a0une premi\u00e8re en termes d&rsquo;ampleur et d&rsquo;impact, d&rsquo;autant plus que ces unit\u00e9s ont \u00e9t\u00e9 enti\u00e8rement financ\u00e9es par les ressources du Tr\u00e9sor public, ce qui refl\u00e8te l&rsquo;importance des investissements mobilis\u00e9s\u00a0\u00bb.<\/p>\n\n\n\n<p>Notons que la 44e Assembl\u00e9e g\u00e9n\u00e9rale de la Banque de d\u00e9veloppement Shelter Afrique (ShafDB), plac\u00e9e sous le th\u00e8me \u00ab\u00a0L&rsquo;autonomie et la souverainet\u00e9 dans l&rsquo;industrie du logement en Afrique : opportunit\u00e9s et d\u00e9fis\u00a0\u00bb, r\u00e9unit les ministres de l&rsquo;Habitat et des Finances des \u00c9tats membres, les actionnaires de la banque, des repr\u00e9sentants des banques centrales, des promoteurs immobiliers, des investisseurs et des partenaires du financement du d\u00e9veloppement. L&rsquo;organisation de cette assembl\u00e9e g\u00e9n\u00e9rale en Alg\u00e9rie n&rsquo;est pas fortuite. Elle illustre la position strat\u00e9gique que le pays entend occuper dans la coop\u00e9ration africaine. \u00ab\u00a0L&rsquo;Alg\u00e9rie a fait de la coop\u00e9ration africaine l&rsquo;une des constantes de sa politique ext\u00e9rieure et de d\u00e9veloppement, et un choix strat\u00e9gique port\u00e9 par le pr\u00e9sident de la R\u00e9publique\u00a0\u00bb, a affirm\u00e9 le ministre Belaribi lors de son allocution. Cette vision se traduit par des projets concrets d&rsquo;envergure continentale. L&rsquo;Alg\u00e9rie s&rsquo;est engag\u00e9e dans la r\u00e9alisation de grands projets strat\u00e9giques qui consacrent l&rsquo;int\u00e9gration africaine, notamment la Route de l&rsquo;unit\u00e9 africaine reliant six pays, la dorsale transsaharienne \u00e0 fibre optique connectant \u00e9galement six pays, ainsi que le projet de la route Tindouf-Zouerate en Mauritanie.<\/p>\n\n\n\n<p><strong>Une transformation \u00e9conomique remarquable<\/strong><\/p>\n\n\n\n<p>Au-del\u00e0 des projets d&rsquo;infrastructure, l&rsquo;Alg\u00e9rie a \u00e9galement r\u00e9ussi une transformation remarquable dans le secteur des mat\u00e9riaux de construction. Le pays est parvenu, \u00ab\u00a0en un temps record, \u00e0 passer du statut de pays importateur \u00e0 celui de producteur et exportateur de ces mat\u00e9riaux, gr\u00e2ce \u00e0 une vision strat\u00e9gique claire et une volont\u00e9 forte\u00a0\u00bb, selon le ministre. Cette mutation a permis de porter la contribution du secteur \u00e0 pr\u00e8s de 12,9% du produit int\u00e9rieur brut (PIB), t\u00e9moignant de l&rsquo;impact \u00e9conomique significatif de cette politique de substitution aux importations. L&rsquo;engagement de l&rsquo;Alg\u00e9rie en faveur du d\u00e9veloppement continental se concr\u00e9tisera \u00e9galement par l&rsquo;organisation de la Foire commerciale intra-africaine (IATF 2025), pr\u00e9vue en septembre prochain. Le ministre a qualifi\u00e9 cet \u00e9v\u00e9nement de \u00ab\u00a0rendez-vous important refl\u00e9tant l&rsquo;engagement du pays \u00e0 renforcer les \u00e9changes commerciaux dans le cadre de la Zone de libre-\u00e9change continentale africaine (ZLECAf)\u00a0\u00bb. Les travaux de l&rsquo;Assembl\u00e9e g\u00e9n\u00e9rale de Shelter Afrique permettront d&rsquo;examiner les performances de la banque, d&rsquo;\u00e9valuer les progr\u00e8s r\u00e9alis\u00e9s dans le cadre de ses initiatives strat\u00e9giques et de formuler des politiques qui fa\u00e7onneront le r\u00f4le de l&rsquo;institution dans la r\u00e9solution des probl\u00e8mes de logement et d&rsquo;infrastructure en Afrique.<\/p>\n\n\n\n<p>L&rsquo;ordre du jour comprend des discussions sur la mobilisation des capitaux, les m\u00e9canismes de financement innovants et les partenariats public-priv\u00e9 pour acc\u00e9l\u00e9rer la fourniture de logements. L&rsquo;\u00e9v\u00e9nement pr\u00e9voit \u00e9galement des tables rondes minist\u00e9rielles, des dialogues politiques de haut niveau, des sessions pl\u00e9ni\u00e8res, des forums techniques et des expositions.<\/p>\n\n\n\n<p>Shelter Afrique, banque multilat\u00e9rale de d\u00e9veloppement panafricaine bas\u00e9e \u00e0 Nairobi, se consacre \u00e0 la promotion et au financement de logements \u00e9cologiques durables, au d\u00e9veloppement urbain et aux infrastructures connexes. Transform\u00e9e en banque de d\u00e9veloppement lors de l&rsquo;Assembl\u00e9e g\u00e9n\u00e9rale extraordinaire tenue \u00e0 Alger en 2023, elle fonctionne gr\u00e2ce \u00e0 un actionnariat compos\u00e9 de 44 pays africains et de deux actionnaires institutionnels : la Banque africaine de d\u00e9veloppement (BAD) et la Soci\u00e9t\u00e9 africaine de r\u00e9assurance (Africa Re).<\/p>\n\n\n\n<p>Lyna Larbi<\/p>\n","protected":false},"excerpt":{"rendered":"<p>Le ministre de l&rsquo;Habitat, de l&rsquo;Urbanisme et de la Ville, Tarek Belaribi annonce une \u00e9ch\u00e9ance imminente pour plus de 900<\/p>\n","protected":false},"author":6,"featured_media":70460,"comment_status":"open","ping_status":"closed","sticky":false,"template":"","format":"standard","meta":{"colormag_page_container_layout":"default_layout","colormag_page_sidebar_layout":"default_layout","om_disable_all_campaigns":false,"_monsterinsights_skip_tracking":false,"_monsterinsights_sitenote_active":false,"_monsterinsights_sitenote_note":"","_monsterinsights_sitenote_category":0,"footnotes":"","_wpscppro_dont_share_socialmedia":false,"_wpscppro_custom_social_share_image":0,"_facebook_share_type":"default","_twitter_share_type":"default","_linkedin_share_type":"default","_pinterest_share_type":"default","_linkedin_share_type_page":"","_instagram_share_type":"default","_medium_share_type":"default","_threads_share_type":"","_google_business_share_type":"","_selected_social_profile":[],"_wpsp_enable_custom_social_template":false,"_wpsp_social_scheduling":{"enabled":false,"datetime":null,"platforms":[],"status":"template_only","dateOption":"today","timeOption":"now","customDays":"","customHours":"","customDate":"","customTime":"","schedulingType":"absolute"},"_wpsp_active_default_template":true},"categories":[52,27],"tags":[],"class_list":["post-70459","post","type-post","status-publish","format-standard","has-post-thumbnail","hentry","category-a-la-une","category-actualite"],"aioseo_notices":[],"yoast_head":"<!-- This site is optimized with the Yoast SEO plugin v27.5 - https:\/\/yoast.com\/product\/yoast-seo-wordpress\/ -->\n<title>AADL 3 : Les souscripteurs auront une r\u00e9ponse avant fin juillet - La Sentinelle<\/title>\n<meta name=\"robots\" content=\"index, follow, max-snippet:-1, max-image-preview:large, max-video-preview:-1\" \/>\n<link rel=\"canonical\" href=\"https:\/\/lasentinelle.dz\/index.php\/2025\/07\/16\/aadl-3-les-souscripteurs-auront-une-reponse-avant-fin-juillet\/\" \/>\n<meta property=\"og:locale\" content=\"fr_FR\" \/>\n<meta property=\"og:type\" content=\"article\" \/>\n<meta property=\"og:title\" content=\"AADL 3 : Les souscripteurs auront une r\u00e9ponse avant fin juillet - La Sentinelle\" \/>\n<meta property=\"og:description\" content=\"Le ministre de l&rsquo;Habitat, de l&rsquo;Urbanisme et de la Ville, Tarek Belaribi annonce une \u00e9ch\u00e9ance imminente pour plus de 900\" \/>\n<meta property=\"og:url\" content=\"https:\/\/lasentinelle.dz\/index.php\/2025\/07\/16\/aadl-3-les-souscripteurs-auront-une-reponse-avant-fin-juillet\/\" \/>\n<meta property=\"og:site_name\" content=\"La Sentinelle\" \/>\n<meta property=\"article:publisher\" content=\"https:\/\/www.facebook.com\/La-Sentinelle-104059864394773\" \/>\n<meta property=\"article:published_time\" content=\"2025-07-16T11:26:03+00:00\" \/>\n<meta property=\"og:image\" content=\"https:\/\/lasentinelle.dz\/wp-content\/uploads\/2025\/07\/Belaribi.png\" \/>\n\t<meta property=\"og:image:width\" content=\"1622\" \/>\n\t<meta property=\"og:image:height\" content=\"932\" \/>\n\t<meta property=\"og:image:type\" content=\"image\/png\" \/>\n<meta name=\"author\" content=\"admin\" \/>\n<meta name=\"twitter:card\" content=\"summary_large_image\" \/>\n<meta name=\"twitter:label1\" content=\"\u00c9crit par\" \/>\n\t<meta name=\"twitter:data1\" content=\"admin\" \/>\n\t<meta name=\"twitter:label2\" content=\"Dur\u00e9e de lecture estim\u00e9e\" \/>\n\t<meta name=\"twitter:data2\" content=\"5 minutes\" \/>\n<script type=\"application\/ld+json\" class=\"yoast-schema-graph\">{\"@context\":\"https:\\\/\\\/schema.org\",\"@graph\":[{\"@type\":\"Article\",\"@id\":\"https:\\\/\\\/lasentinelle.dz\\\/index.php\\\/2025\\\/07\\\/16\\\/aadl-3-les-souscripteurs-auront-une-reponse-avant-fin-juillet\\\/#article\",\"isPartOf\":{\"@id\":\"https:\\\/\\\/lasentinelle.dz\\\/index.php\\\/2025\\\/07\\\/16\\\/aadl-3-les-souscripteurs-auront-une-reponse-avant-fin-juillet\\\/\"},\"author\":{\"name\":\"admin\",\"@id\":\"https:\\\/\\\/lasentinelle.dz\\\/#\\\/schema\\\/person\\\/729ee0024f24e0b8c5ec17232f8e8b41\"},\"headline\":\"AADL 3 : Les souscripteurs auront une r\u00e9ponse avant fin juillet\",\"datePublished\":\"2025-07-16T11:26:03+00:00\",\"mainEntityOfPage\":{\"@id\":\"https:\\\/\\\/lasentinelle.dz\\\/index.php\\\/2025\\\/07\\\/16\\\/aadl-3-les-souscripteurs-auront-une-reponse-avant-fin-juillet\\\/\"},\"wordCount\":1044,\"commentCount\":0,\"publisher\":{\"@id\":\"https:\\\/\\\/lasentinelle.dz\\\/#organization\"},\"image\":{\"@id\":\"https:\\\/\\\/lasentinelle.dz\\\/index.php\\\/2025\\\/07\\\/16\\\/aadl-3-les-souscripteurs-auront-une-reponse-avant-fin-juillet\\\/#primaryimage\"},\"thumbnailUrl\":\"https:\\\/\\\/lasentinelle.dz\\\/wp-content\\\/uploads\\\/2025\\\/07\\\/Belaribi.png\",\"articleSection\":[\"\u00c0 la Une\",\"Actualit\u00e9\"],\"inLanguage\":\"fr-FR\",\"potentialAction\":[{\"@type\":\"CommentAction\",\"name\":\"Comment\",\"target\":[\"https:\\\/\\\/lasentinelle.dz\\\/index.php\\\/2025\\\/07\\\/16\\\/aadl-3-les-souscripteurs-auront-une-reponse-avant-fin-juillet\\\/#respond\"]}]},{\"@type\":\"WebPage\",\"@id\":\"https:\\\/\\\/lasentinelle.dz\\\/index.php\\\/2025\\\/07\\\/16\\\/aadl-3-les-souscripteurs-auront-une-reponse-avant-fin-juillet\\\/\",\"url\":\"https:\\\/\\\/lasentinelle.dz\\\/index.php\\\/2025\\\/07\\\/16\\\/aadl-3-les-souscripteurs-auront-une-reponse-avant-fin-juillet\\\/\",\"name\":\"AADL 3 : Les souscripteurs auront une r\u00e9ponse avant fin juillet - La Sentinelle\",\"isPartOf\":{\"@id\":\"https:\\\/\\\/lasentinelle.dz\\\/#website\"},\"primaryImageOfPage\":{\"@id\":\"https:\\\/\\\/lasentinelle.dz\\\/index.php\\\/2025\\\/07\\\/16\\\/aadl-3-les-souscripteurs-auront-une-reponse-avant-fin-juillet\\\/#primaryimage\"},\"image\":{\"@id\":\"https:\\\/\\\/lasentinelle.dz\\\/index.php\\\/2025\\\/07\\\/16\\\/aadl-3-les-souscripteurs-auront-une-reponse-avant-fin-juillet\\\/#primaryimage\"},\"thumbnailUrl\":\"https:\\\/\\\/lasentinelle.dz\\\/wp-content\\\/uploads\\\/2025\\\/07\\\/Belaribi.png\",\"datePublished\":\"2025-07-16T11:26:03+00:00\",\"breadcrumb\":{\"@id\":\"https:\\\/\\\/lasentinelle.dz\\\/index.php\\\/2025\\\/07\\\/16\\\/aadl-3-les-souscripteurs-auront-une-reponse-avant-fin-juillet\\\/#breadcrumb\"},\"inLanguage\":\"fr-FR\",\"potentialAction\":[{\"@type\":\"ReadAction\",\"target\":[\"https:\\\/\\\/lasentinelle.dz\\\/index.php\\\/2025\\\/07\\\/16\\\/aadl-3-les-souscripteurs-auront-une-reponse-avant-fin-juillet\\\/\"]}]},{\"@type\":\"ImageObject\",\"inLanguage\":\"fr-FR\",\"@id\":\"https:\\\/\\\/lasentinelle.dz\\\/index.php\\\/2025\\\/07\\\/16\\\/aadl-3-les-souscripteurs-auront-une-reponse-avant-fin-juillet\\\/#primaryimage\",\"url\":\"https:\\\/\\\/lasentinelle.dz\\\/wp-content\\\/uploads\\\/2025\\\/07\\\/Belaribi.png\",\"contentUrl\":\"https:\\\/\\\/lasentinelle.dz\\\/wp-content\\\/uploads\\\/2025\\\/07\\\/Belaribi.png\",\"width\":1622,\"height\":932},{\"@type\":\"BreadcrumbList\",\"@id\":\"https:\\\/\\\/lasentinelle.dz\\\/index.php\\\/2025\\\/07\\\/16\\\/aadl-3-les-souscripteurs-auront-une-reponse-avant-fin-juillet\\\/#breadcrumb\",\"itemListElement\":[{\"@type\":\"ListItem\",\"position\":1,\"name\":\"Accueil\",\"item\":\"https:\\\/\\\/lasentinelle.dz\\\/\"},{\"@type\":\"ListItem\",\"position\":2,\"name\":\"AADL 3 : Les souscripteurs auront une r\u00e9ponse avant fin juillet\"}]},{\"@type\":\"WebSite\",\"@id\":\"https:\\\/\\\/lasentinelle.dz\\\/#website\",\"url\":\"https:\\\/\\\/lasentinelle.dz\\\/\",\"name\":\"La Sentinelle\",\"description\":\"Quotidien national d&#039;information\",\"publisher\":{\"@id\":\"https:\\\/\\\/lasentinelle.dz\\\/#organization\"},\"potentialAction\":[{\"@type\":\"SearchAction\",\"target\":{\"@type\":\"EntryPoint\",\"urlTemplate\":\"https:\\\/\\\/lasentinelle.dz\\\/?s={search_term_string}\"},\"query-input\":{\"@type\":\"PropertyValueSpecification\",\"valueRequired\":true,\"valueName\":\"search_term_string\"}}],\"inLanguage\":\"fr-FR\"},{\"@type\":\"Organization\",\"@id\":\"https:\\\/\\\/lasentinelle.dz\\\/#organization\",\"name\":\"Quotidien La Sentinelle\",\"url\":\"https:\\\/\\\/lasentinelle.dz\\\/\",\"logo\":{\"@type\":\"ImageObject\",\"inLanguage\":\"fr-FR\",\"@id\":\"https:\\\/\\\/lasentinelle.dz\\\/#\\\/schema\\\/logo\\\/image\\\/\",\"url\":\"https:\\\/\\\/lasentinelle.dz\\\/wp-content\\\/uploads\\\/2021\\\/09\\\/logo-sentinelleSLOGAN-1.png\",\"contentUrl\":\"https:\\\/\\\/lasentinelle.dz\\\/wp-content\\\/uploads\\\/2021\\\/09\\\/logo-sentinelleSLOGAN-1.png\",\"width\":615,\"height\":142,\"caption\":\"Quotidien La Sentinelle\"},\"image\":{\"@id\":\"https:\\\/\\\/lasentinelle.dz\\\/#\\\/schema\\\/logo\\\/image\\\/\"},\"sameAs\":[\"https:\\\/\\\/www.facebook.com\\\/La-Sentinelle-104059864394773\"]},{\"@type\":\"Person\",\"@id\":\"https:\\\/\\\/lasentinelle.dz\\\/#\\\/schema\\\/person\\\/729ee0024f24e0b8c5ec17232f8e8b41\",\"name\":\"admin\",\"image\":{\"@type\":\"ImageObject\",\"inLanguage\":\"fr-FR\",\"@id\":\"https:\\\/\\\/secure.gravatar.com\\\/avatar\\\/4c81fed838786e9b53f540bf46533e750f5d292099ae3b66cfc6fb1982e29df7?s=96&d=mm&r=g\",\"url\":\"https:\\\/\\\/secure.gravatar.com\\\/avatar\\\/4c81fed838786e9b53f540bf46533e750f5d292099ae3b66cfc6fb1982e29df7?s=96&d=mm&r=g\",\"contentUrl\":\"https:\\\/\\\/secure.gravatar.com\\\/avatar\\\/4c81fed838786e9b53f540bf46533e750f5d292099ae3b66cfc6fb1982e29df7?s=96&d=mm&r=g\",\"caption\":\"admin\"},\"description\":\"admin\",\"url\":\"https:\\\/\\\/lasentinelle.dz\\\/author\\\/admin\\\/\"}]}<\/script>\n<!-- \/ Yoast SEO plugin. -->","yoast_head_json":{"title":"AADL 3 : Les souscripteurs auront une r\u00e9ponse avant fin juillet - La Sentinelle","robots":{"index":"index","follow":"follow","max-snippet":"max-snippet:-1","max-image-preview":"max-image-preview:large","max-video-preview":"max-video-preview:-1"},"canonical":"https:\/\/lasentinelle.dz\/index.php\/2025\/07\/16\/aadl-3-les-souscripteurs-auront-une-reponse-avant-fin-juillet\/","og_locale":"fr_FR","og_type":"article","og_title":"AADL 3 : Les souscripteurs auront une r\u00e9ponse avant fin juillet - La Sentinelle","og_description":"Le ministre de l&rsquo;Habitat, de l&rsquo;Urbanisme et de la Ville, Tarek Belaribi annonce une \u00e9ch\u00e9ance imminente pour plus de 900","og_url":"https:\/\/lasentinelle.dz\/index.php\/2025\/07\/16\/aadl-3-les-souscripteurs-auront-une-reponse-avant-fin-juillet\/","og_site_name":"La Sentinelle","article_publisher":"https:\/\/www.facebook.com\/La-Sentinelle-104059864394773","article_published_time":"2025-07-16T11:26:03+00:00","og_image":[{"width":1622,"height":932,"url":"https:\/\/lasentinelle.dz\/wp-content\/uploads\/2025\/07\/Belaribi.png","type":"image\/png"}],"author":"admin","twitter_card":"summary_large_image","twitter_misc":{"\u00c9crit par":"admin","Dur\u00e9e de lecture estim\u00e9e":"5 minutes"},"schema":{"@context":"https:\/\/schema.org","@graph":[{"@type":"Article","@id":"https:\/\/lasentinelle.dz\/index.php\/2025\/07\/16\/aadl-3-les-souscripteurs-auront-une-reponse-avant-fin-juillet\/#article","isPartOf":{"@id":"https:\/\/lasentinelle.dz\/index.php\/2025\/07\/16\/aadl-3-les-souscripteurs-auront-une-reponse-avant-fin-juillet\/"},"author":{"name":"admin","@id":"https:\/\/lasentinelle.dz\/#\/schema\/person\/729ee0024f24e0b8c5ec17232f8e8b41"},"headline":"AADL 3 : Les souscripteurs auront une r\u00e9ponse avant fin juillet","datePublished":"2025-07-16T11:26:03+00:00","mainEntityOfPage":{"@id":"https:\/\/lasentinelle.dz\/index.php\/2025\/07\/16\/aadl-3-les-souscripteurs-auront-une-reponse-avant-fin-juillet\/"},"wordCount":1044,"commentCount":0,"publisher":{"@id":"https:\/\/lasentinelle.dz\/#organization"},"image":{"@id":"https:\/\/lasentinelle.dz\/index.php\/2025\/07\/16\/aadl-3-les-souscripteurs-auront-une-reponse-avant-fin-juillet\/#primaryimage"},"thumbnailUrl":"https:\/\/lasentinelle.dz\/wp-content\/uploads\/2025\/07\/Belaribi.png","articleSection":["\u00c0 la Une","Actualit\u00e9"],"inLanguage":"fr-FR","potentialAction":[{"@type":"CommentAction","name":"Comment","target":["https:\/\/lasentinelle.dz\/index.php\/2025\/07\/16\/aadl-3-les-souscripteurs-auront-une-reponse-avant-fin-juillet\/#respond"]}]},{"@type":"WebPage","@id":"https:\/\/lasentinelle.dz\/index.php\/2025\/07\/16\/aadl-3-les-souscripteurs-auront-une-reponse-avant-fin-juillet\/","url":"https:\/\/lasentinelle.dz\/index.php\/2025\/07\/16\/aadl-3-les-souscripteurs-auront-une-reponse-avant-fin-juillet\/","name":"AADL 3 : Les souscripteurs auront une r\u00e9ponse avant fin juillet - La Sentinelle","isPartOf":{"@id":"https:\/\/lasentinelle.dz\/#website"},"primaryImageOfPage":{"@id":"https:\/\/lasentinelle.dz\/index.php\/2025\/07\/16\/aadl-3-les-souscripteurs-auront-une-reponse-avant-fin-juillet\/#primaryimage"},"image":{"@id":"https:\/\/lasentinelle.dz\/index.php\/2025\/07\/16\/aadl-3-les-souscripteurs-auront-une-reponse-avant-fin-juillet\/#primaryimage"},"thumbnailUrl":"https:\/\/lasentinelle.dz\/wp-content\/uploads\/2025\/07\/Belaribi.png","datePublished":"2025-07-16T11:26:03+00:00","breadcrumb":{"@id":"https:\/\/lasentinelle.dz\/index.php\/2025\/07\/16\/aadl-3-les-souscripteurs-auront-une-reponse-avant-fin-juillet\/#breadcrumb"},"inLanguage":"fr-FR","potentialAction":[{"@type":"ReadAction","target":["https:\/\/lasentinelle.dz\/index.php\/2025\/07\/16\/aadl-3-les-souscripteurs-auront-une-reponse-avant-fin-juillet\/"]}]},{"@type":"ImageObject","inLanguage":"fr-FR","@id":"https:\/\/lasentinelle.dz\/index.php\/2025\/07\/16\/aadl-3-les-souscripteurs-auront-une-reponse-avant-fin-juillet\/#primaryimage","url":"https:\/\/lasentinelle.dz\/wp-content\/uploads\/2025\/07\/Belaribi.png","contentUrl":"https:\/\/lasentinelle.dz\/wp-content\/uploads\/2025\/07\/Belaribi.png","width":1622,"height":932},{"@type":"BreadcrumbList","@id":"https:\/\/lasentinelle.dz\/index.php\/2025\/07\/16\/aadl-3-les-souscripteurs-auront-une-reponse-avant-fin-juillet\/#breadcrumb","itemListElement":[{"@type":"ListItem","position":1,"name":"Accueil","item":"https:\/\/lasentinelle.dz\/"},{"@type":"ListItem","position":2,"name":"AADL 3 : Les souscripteurs auront une r\u00e9ponse avant fin juillet"}]},{"@type":"WebSite","@id":"https:\/\/lasentinelle.dz\/#website","url":"https:\/\/lasentinelle.dz\/","name":"La Sentinelle","description":"Quotidien national d&#039;information","publisher":{"@id":"https:\/\/lasentinelle.dz\/#organization"},"potentialAction":[{"@type":"SearchAction","target":{"@type":"EntryPoint","urlTemplate":"https:\/\/lasentinelle.dz\/?s={search_term_string}"},"query-input":{"@type":"PropertyValueSpecification","valueRequired":true,"valueName":"search_term_string"}}],"inLanguage":"fr-FR"},{"@type":"Organization","@id":"https:\/\/lasentinelle.dz\/#organization","name":"Quotidien La Sentinelle","url":"https:\/\/lasentinelle.dz\/","logo":{"@type":"ImageObject","inLanguage":"fr-FR","@id":"https:\/\/lasentinelle.dz\/#\/schema\/logo\/image\/","url":"https:\/\/lasentinelle.dz\/wp-content\/uploads\/2021\/09\/logo-sentinelleSLOGAN-1.png","contentUrl":"https:\/\/lasentinelle.dz\/wp-content\/uploads\/2021\/09\/logo-sentinelleSLOGAN-1.png","width":615,"height":142,"caption":"Quotidien La Sentinelle"},"image":{"@id":"https:\/\/lasentinelle.dz\/#\/schema\/logo\/image\/"},"sameAs":["https:\/\/www.facebook.com\/La-Sentinelle-104059864394773"]},{"@type":"Person","@id":"https:\/\/lasentinelle.dz\/#\/schema\/person\/729ee0024f24e0b8c5ec17232f8e8b41","name":"admin","image":{"@type":"ImageObject","inLanguage":"fr-FR","@id":"https:\/\/secure.gravatar.com\/avatar\/4c81fed838786e9b53f540bf46533e750f5d292099ae3b66cfc6fb1982e29df7?s=96&d=mm&r=g","url":"https:\/\/secure.gravatar.com\/avatar\/4c81fed838786e9b53f540bf46533e750f5d292099ae3b66cfc6fb1982e29df7?s=96&d=mm&r=g","contentUrl":"https:\/\/secure.gravatar.com\/avatar\/4c81fed838786e9b53f540bf46533e750f5d292099ae3b66cfc6fb1982e29df7?s=96&d=mm&r=g","caption":"admin"},"description":"admin","url":"https:\/\/lasentinelle.dz\/author\/admin\/"}]}},"_links":{"self":[{"href":"https:\/\/lasentinelle.dz\/index.php\/wp-json\/wp\/v2\/posts\/70459","targetHints":{"allow":["GET"]}}],"collection":[{"href":"https:\/\/lasentinelle.dz\/index.php\/wp-json\/wp\/v2\/posts"}],"about":[{"href":"https:\/\/lasentinelle.dz\/index.php\/wp-json\/wp\/v2\/types\/post"}],"author":[{"embeddable":true,"href":"https:\/\/lasentinelle.dz\/index.php\/wp-json\/wp\/v2\/users\/6"}],"replies":[{"embeddable":true,"href":"https:\/\/lasentinelle.dz\/index.php\/wp-json\/wp\/v2\/comments?post=70459"}],"version-history":[{"count":1,"href":"https:\/\/lasentinelle.dz\/index.php\/wp-json\/wp\/v2\/posts\/70459\/revisions"}],"predecessor-version":[{"id":70461,"href":"https:\/\/lasentinelle.dz\/index.php\/wp-json\/wp\/v2\/posts\/70459\/revisions\/70461"}],"wp:featuredmedia":[{"embeddable":true,"href":"https:\/\/lasentinelle.dz\/index.php\/wp-json\/wp\/v2\/media\/70460"}],"wp:attachment":[{"href":"https:\/\/lasentinelle.dz\/index.php\/wp-json\/wp\/v2\/media?parent=70459"}],"wp:term":[{"taxonomy":"category","embeddable":true,"href":"https:\/\/lasentinelle.dz\/index.php\/wp-json\/wp\/v2\/categories?post=70459"},{"taxonomy":"post_tag","embeddable":true,"href":"https:\/\/lasentinelle.dz\/index.php\/wp-json\/wp\/v2\/tags?post=70459"}],"curies":[{"name":"wp","href":"https:\/\/api.w.org\/{rel}","templated":true}]}}