{"id":70467,"date":"2025-07-16T12:31:19","date_gmt":"2025-07-16T11:31:19","guid":{"rendered":"https:\/\/lasentinelle.dz\/?p=70467"},"modified":"2025-07-16T12:31:20","modified_gmt":"2025-07-16T11:31:20","slug":"affaire-imetal-une-enquete-complementaire-ordonnee-par-la-justice","status":"publish","type":"post","link":"https:\/\/lasentinelle.dz\/index.php\/2025\/07\/16\/affaire-imetal-une-enquete-complementaire-ordonnee-par-la-justice\/","title":{"rendered":"Affaire Imetal : Une enqu\u00eate compl\u00e9mentaire ordonn\u00e9e par la justice"},"content":{"rendered":"\n<p>Le juge d&rsquo;instruction de la troisi\u00e8me chambre du P\u00f4le p\u00e9nal \u00e9conomique et financier du tribunal de Sidi M&rsquo;Hamed a ordonn\u00e9 une nouvelle enqu\u00eate compl\u00e9mentaire dans l&rsquo;affaire de corruption impliquant le groupe Imettal, apprend-on de source judiciaire. Cette d\u00e9cision fait suite \u00e0 l&rsquo;audition de tous les pr\u00e9venus et \u00e0 l&rsquo;apparition de nouveaux \u00e9l\u00e9ments lors de l&rsquo;instruction.<\/p>\n\n\n\n<p>Sont concern\u00e9s par cette enqu\u00eate plusieurs personnalit\u00e9s de premier plan, notamment l&rsquo;homme d&rsquo;affaires r\u00e9pondant au surnom de \u00ab\u00a0Nounou Manita\u00a0\u00bb, originaire d&rsquo;Oran, le fils d&rsquo;un ancien ministre, ainsi que S. Noureddine, ex-directeur g\u00e9n\u00e9ral de la soci\u00e9t\u00e9 Fondal, et B. Karim, ancien PDG du complexe sid\u00e9rurgique d&rsquo;El Hadjar. D&rsquo;autres dirigeants d&rsquo;Imettal figurent \u00e9galement parmi les mis en cause. Le juge d&rsquo;instruction a pr\u00e9f\u00e9r\u00e9 approfondir l&rsquo;enqu\u00eate plut\u00f4t que de renvoyer imm\u00e9diatement l&rsquo;affaire devant le tribunal correctionnel, estimant que de nouveaux \u00e9l\u00e9ments n\u00e9cessitaient des investigations compl\u00e9mentaires. Cette d\u00e9cision intervient apr\u00e8s que la chambre d&rsquo;accusation de la cour d&rsquo;Alger a maintenu en d\u00e9tention, le 19 novembre 2024, les principaux accus\u00e9s, refusant leur demande de mise en libert\u00e9. L&rsquo;affaire porte sur des soup\u00e7ons de corruption li\u00e9s \u00e0 la conclusion de march\u00e9s suspects et \u00e0 des voyages controvers\u00e9s \u00e0 l&rsquo;\u00e9tranger. Les services de s\u00e9curit\u00e9 conjoints avaient enqu\u00eat\u00e9 sur des transactions douteuses conclues entre plusieurs filiales d&rsquo;Imettal et l&rsquo;homme d&rsquo;affaires oranais Nounou Manita. Ce dernier s&rsquo;\u00e9tait rendu en Mauritanie sans justification officielle, accompagn\u00e9 des dirigeants de Sider El Hadjar, de Fondal et de l&rsquo;Entreprise nationale de r\u00e9cup\u00e9ration, officiellement pour assister aux activit\u00e9s de l&rsquo;Union Arabe des Mines et de l&rsquo;Acier.<\/p>\n\n\n\n<p>D&rsquo;autres pr\u00e9venus ont b\u00e9n\u00e9fici\u00e9 de mesures moins strictes. L&rsquo;ancien pr\u00e9sident de la F\u00e9d\u00e9ration alg\u00e9rienne de football et l&rsquo;ancien directeur de l&rsquo;h\u00f4tel Aurassi ont \u00e9t\u00e9 plac\u00e9s sous contr\u00f4le judiciaire, avec interdiction de quitter le territoire national et confiscation de leur passeport. Le directeur g\u00e9n\u00e9ral d&rsquo;un concessionnaire automobile chinois, identifi\u00e9 par les initiales A. Sh., fait \u00e9galement l&rsquo;objet d&rsquo;un contr\u00f4le judiciaire.<\/p>\n\n\n\n<p>L&rsquo;enqu\u00eate se poursuit donc sous la supervision de la troisi\u00e8me chambre du P\u00f4le p\u00e9nal \u00e9conomique et financier de Sidi M&rsquo;Hamed, qui examine minutieusement les ramifications de cette affaire aux multiples facettes. Les investigations portent notamment sur les accords conclus lors du d\u00e9placement en Mauritanie et sur la nature des relations d&rsquo;affaires entre les diff\u00e9rents protagonistes.<\/p>\n\n\n\n<p>Cette affaire illustre les efforts de la justice alg\u00e9rienne pour lutter contre la corruption dans le secteur \u00e9conomique, particuli\u00e8rement au sein des entreprises publiques es. L&rsquo;enqu\u00eate compl\u00e9mentaire devrait permettre de clarifier les zones d&rsquo;ombre qui subsistent dans ce dossier complexe impliquant des personnalit\u00e9s influentes du monde des affaires et de l&rsquo;administration.<\/p>\n\n\n\n<p>Sofia Chahine<\/p>\n","protected":false},"excerpt":{"rendered":"<p>Le juge d&rsquo;instruction de la troisi\u00e8me chambre du P\u00f4le p\u00e9nal \u00e9conomique et financier du tribunal de Sidi M&rsquo;Hamed a ordonn\u00e9<\/p>\n","protected":false},"author":2,"featured_media":40122,"comment_status":"open","ping_status":"closed","sticky":false,"template":"","format":"standard","meta":{"colormag_page_container_layout":"default_layout","colormag_page_sidebar_layout":"default_layout","om_disable_all_campaigns":false,"_monsterinsights_skip_tracking":false,"_monsterinsights_sitenote_active":false,"_monsterinsights_sitenote_note":"","_monsterinsights_sitenote_category":0,"footnotes":"","_wpscppro_dont_share_socialmedia":false,"_wpscppro_custom_social_share_image":0,"_facebook_share_type":"default","_twitter_share_type":"default","_linkedin_share_type":"default","_pinterest_share_type":"default","_linkedin_share_type_page":"","_instagram_share_type":"default","_medium_share_type":"default","_threads_share_type":"","_google_business_share_type":"","_selected_social_profile":[],"_wpsp_enable_custom_social_template":false,"_wpsp_social_scheduling":{"enabled":false,"datetime":null,"platforms":[],"status":"template_only","dateOption":"today","timeOption":"now","customDays":"","customHours":"","customDate":"","customTime":"","schedulingType":"absolute"},"_wpsp_active_default_template":true},"categories":[27],"tags":[],"class_list":["post-70467","post","type-post","status-publish","format-standard","has-post-thumbnail","hentry","category-actualite"],"aioseo_notices":[],"yoast_head":"<!-- This site is optimized with the Yoast SEO plugin v27.5 - https:\/\/yoast.com\/product\/yoast-seo-wordpress\/ -->\n<title>Affaire Imetal : Une enqu\u00eate compl\u00e9mentaire ordonn\u00e9e par la justice - La Sentinelle<\/title>\n<meta name=\"robots\" content=\"index, follow, max-snippet:-1, max-image-preview:large, max-video-preview:-1\" \/>\n<link rel=\"canonical\" href=\"https:\/\/lasentinelle.dz\/index.php\/2025\/07\/16\/affaire-imetal-une-enquete-complementaire-ordonnee-par-la-justice\/\" \/>\n<meta property=\"og:locale\" content=\"fr_FR\" \/>\n<meta property=\"og:type\" content=\"article\" \/>\n<meta property=\"og:title\" content=\"Affaire Imetal : Une enqu\u00eate compl\u00e9mentaire ordonn\u00e9e par la justice - La Sentinelle\" \/>\n<meta property=\"og:description\" content=\"Le juge d&rsquo;instruction de la troisi\u00e8me chambre du P\u00f4le p\u00e9nal \u00e9conomique et financier du tribunal de Sidi M&rsquo;Hamed a ordonn\u00e9\" \/>\n<meta property=\"og:url\" content=\"https:\/\/lasentinelle.dz\/index.php\/2025\/07\/16\/affaire-imetal-une-enquete-complementaire-ordonnee-par-la-justice\/\" \/>\n<meta property=\"og:site_name\" content=\"La Sentinelle\" \/>\n<meta property=\"article:publisher\" content=\"https:\/\/www.facebook.com\/La-Sentinelle-104059864394773\" \/>\n<meta property=\"article:published_time\" content=\"2025-07-16T11:31:19+00:00\" \/>\n<meta property=\"article:modified_time\" content=\"2025-07-16T11:31:20+00:00\" \/>\n<meta property=\"og:image\" content=\"https:\/\/lasentinelle.dz\/wp-content\/uploads\/2023\/04\/Justice-2.png\" \/>\n\t<meta property=\"og:image:width\" content=\"1349\" \/>\n\t<meta property=\"og:image:height\" content=\"900\" \/>\n\t<meta property=\"og:image:type\" content=\"image\/png\" \/>\n<meta name=\"author\" content=\"Azzedine Belferag\" \/>\n<meta name=\"twitter:card\" content=\"summary_large_image\" \/>\n<meta name=\"twitter:label1\" content=\"\u00c9crit par\" \/>\n\t<meta name=\"twitter:data1\" content=\"Azzedine Belferag\" \/>\n\t<meta name=\"twitter:label2\" content=\"Dur\u00e9e de lecture estim\u00e9e\" \/>\n\t<meta name=\"twitter:data2\" content=\"3 minutes\" \/>\n<script type=\"application\/ld+json\" class=\"yoast-schema-graph\">{\"@context\":\"https:\\\/\\\/schema.org\",\"@graph\":[{\"@type\":\"Article\",\"@id\":\"https:\\\/\\\/lasentinelle.dz\\\/index.php\\\/2025\\\/07\\\/16\\\/affaire-imetal-une-enquete-complementaire-ordonnee-par-la-justice\\\/#article\",\"isPartOf\":{\"@id\":\"https:\\\/\\\/lasentinelle.dz\\\/index.php\\\/2025\\\/07\\\/16\\\/affaire-imetal-une-enquete-complementaire-ordonnee-par-la-justice\\\/\"},\"author\":{\"name\":\"Azzedine Belferag\",\"@id\":\"https:\\\/\\\/lasentinelle.dz\\\/#\\\/schema\\\/person\\\/e22c868643946ece5f328ac9d185b29f\"},\"headline\":\"Affaire Imetal : Une enqu\u00eate compl\u00e9mentaire ordonn\u00e9e par la justice\",\"datePublished\":\"2025-07-16T11:31:19+00:00\",\"dateModified\":\"2025-07-16T11:31:20+00:00\",\"mainEntityOfPage\":{\"@id\":\"https:\\\/\\\/lasentinelle.dz\\\/index.php\\\/2025\\\/07\\\/16\\\/affaire-imetal-une-enquete-complementaire-ordonnee-par-la-justice\\\/\"},\"wordCount\":520,\"commentCount\":0,\"publisher\":{\"@id\":\"https:\\\/\\\/lasentinelle.dz\\\/#organization\"},\"image\":{\"@id\":\"https:\\\/\\\/lasentinelle.dz\\\/index.php\\\/2025\\\/07\\\/16\\\/affaire-imetal-une-enquete-complementaire-ordonnee-par-la-justice\\\/#primaryimage\"},\"thumbnailUrl\":\"https:\\\/\\\/lasentinelle.dz\\\/wp-content\\\/uploads\\\/2023\\\/04\\\/Justice-2.png\",\"articleSection\":[\"Actualit\u00e9\"],\"inLanguage\":\"fr-FR\",\"potentialAction\":[{\"@type\":\"CommentAction\",\"name\":\"Comment\",\"target\":[\"https:\\\/\\\/lasentinelle.dz\\\/index.php\\\/2025\\\/07\\\/16\\\/affaire-imetal-une-enquete-complementaire-ordonnee-par-la-justice\\\/#respond\"]}]},{\"@type\":\"WebPage\",\"@id\":\"https:\\\/\\\/lasentinelle.dz\\\/index.php\\\/2025\\\/07\\\/16\\\/affaire-imetal-une-enquete-complementaire-ordonnee-par-la-justice\\\/\",\"url\":\"https:\\\/\\\/lasentinelle.dz\\\/index.php\\\/2025\\\/07\\\/16\\\/affaire-imetal-une-enquete-complementaire-ordonnee-par-la-justice\\\/\",\"name\":\"Affaire Imetal : Une enqu\u00eate compl\u00e9mentaire ordonn\u00e9e par la justice - La Sentinelle\",\"isPartOf\":{\"@id\":\"https:\\\/\\\/lasentinelle.dz\\\/#website\"},\"primaryImageOfPage\":{\"@id\":\"https:\\\/\\\/lasentinelle.dz\\\/index.php\\\/2025\\\/07\\\/16\\\/affaire-imetal-une-enquete-complementaire-ordonnee-par-la-justice\\\/#primaryimage\"},\"image\":{\"@id\":\"https:\\\/\\\/lasentinelle.dz\\\/index.php\\\/2025\\\/07\\\/16\\\/affaire-imetal-une-enquete-complementaire-ordonnee-par-la-justice\\\/#primaryimage\"},\"thumbnailUrl\":\"https:\\\/\\\/lasentinelle.dz\\\/wp-content\\\/uploads\\\/2023\\\/04\\\/Justice-2.png\",\"datePublished\":\"2025-07-16T11:31:19+00:00\",\"dateModified\":\"2025-07-16T11:31:20+00:00\",\"breadcrumb\":{\"@id\":\"https:\\\/\\\/lasentinelle.dz\\\/index.php\\\/2025\\\/07\\\/16\\\/affaire-imetal-une-enquete-complementaire-ordonnee-par-la-justice\\\/#breadcrumb\"},\"inLanguage\":\"fr-FR\",\"potentialAction\":[{\"@type\":\"ReadAction\",\"target\":[\"https:\\\/\\\/lasentinelle.dz\\\/index.php\\\/2025\\\/07\\\/16\\\/affaire-imetal-une-enquete-complementaire-ordonnee-par-la-justice\\\/\"]}]},{\"@type\":\"ImageObject\",\"inLanguage\":\"fr-FR\",\"@id\":\"https:\\\/\\\/lasentinelle.dz\\\/index.php\\\/2025\\\/07\\\/16\\\/affaire-imetal-une-enquete-complementaire-ordonnee-par-la-justice\\\/#primaryimage\",\"url\":\"https:\\\/\\\/lasentinelle.dz\\\/wp-content\\\/uploads\\\/2023\\\/04\\\/Justice-2.png\",\"contentUrl\":\"https:\\\/\\\/lasentinelle.dz\\\/wp-content\\\/uploads\\\/2023\\\/04\\\/Justice-2.png\",\"width\":1349,\"height\":900},{\"@type\":\"BreadcrumbList\",\"@id\":\"https:\\\/\\\/lasentinelle.dz\\\/index.php\\\/2025\\\/07\\\/16\\\/affaire-imetal-une-enquete-complementaire-ordonnee-par-la-justice\\\/#breadcrumb\",\"itemListElement\":[{\"@type\":\"ListItem\",\"position\":1,\"name\":\"Accueil\",\"item\":\"https:\\\/\\\/lasentinelle.dz\\\/\"},{\"@type\":\"ListItem\",\"position\":2,\"name\":\"Affaire Imetal : Une enqu\u00eate compl\u00e9mentaire ordonn\u00e9e par la justice\"}]},{\"@type\":\"WebSite\",\"@id\":\"https:\\\/\\\/lasentinelle.dz\\\/#website\",\"url\":\"https:\\\/\\\/lasentinelle.dz\\\/\",\"name\":\"La Sentinelle\",\"description\":\"Quotidien national d&#039;information\",\"publisher\":{\"@id\":\"https:\\\/\\\/lasentinelle.dz\\\/#organization\"},\"potentialAction\":[{\"@type\":\"SearchAction\",\"target\":{\"@type\":\"EntryPoint\",\"urlTemplate\":\"https:\\\/\\\/lasentinelle.dz\\\/?s={search_term_string}\"},\"query-input\":{\"@type\":\"PropertyValueSpecification\",\"valueRequired\":true,\"valueName\":\"search_term_string\"}}],\"inLanguage\":\"fr-FR\"},{\"@type\":\"Organization\",\"@id\":\"https:\\\/\\\/lasentinelle.dz\\\/#organization\",\"name\":\"Quotidien La Sentinelle\",\"url\":\"https:\\\/\\\/lasentinelle.dz\\\/\",\"logo\":{\"@type\":\"ImageObject\",\"inLanguage\":\"fr-FR\",\"@id\":\"https:\\\/\\\/lasentinelle.dz\\\/#\\\/schema\\\/logo\\\/image\\\/\",\"url\":\"https:\\\/\\\/lasentinelle.dz\\\/wp-content\\\/uploads\\\/2021\\\/09\\\/logo-sentinelleSLOGAN-1.png\",\"contentUrl\":\"https:\\\/\\\/lasentinelle.dz\\\/wp-content\\\/uploads\\\/2021\\\/09\\\/logo-sentinelleSLOGAN-1.png\",\"width\":615,\"height\":142,\"caption\":\"Quotidien La Sentinelle\"},\"image\":{\"@id\":\"https:\\\/\\\/lasentinelle.dz\\\/#\\\/schema\\\/logo\\\/image\\\/\"},\"sameAs\":[\"https:\\\/\\\/www.facebook.com\\\/La-Sentinelle-104059864394773\"]},{\"@type\":\"Person\",\"@id\":\"https:\\\/\\\/lasentinelle.dz\\\/#\\\/schema\\\/person\\\/e22c868643946ece5f328ac9d185b29f\",\"name\":\"Azzedine Belferag\",\"image\":{\"@type\":\"ImageObject\",\"inLanguage\":\"fr-FR\",\"@id\":\"https:\\\/\\\/secure.gravatar.com\\\/avatar\\\/767ecc3bfcf23cd6d0dae1705f124feb13a88fded1daa56498e4fb3aa3fc36a1?s=96&d=mm&r=g\",\"url\":\"https:\\\/\\\/secure.gravatar.com\\\/avatar\\\/767ecc3bfcf23cd6d0dae1705f124feb13a88fded1daa56498e4fb3aa3fc36a1?s=96&d=mm&r=g\",\"contentUrl\":\"https:\\\/\\\/secure.gravatar.com\\\/avatar\\\/767ecc3bfcf23cd6d0dae1705f124feb13a88fded1daa56498e4fb3aa3fc36a1?s=96&d=mm&r=g\",\"caption\":\"Azzedine Belferag\"},\"sameAs\":[\"http:\\\/\\\/www.lasentinelle.dz\"],\"url\":\"https:\\\/\\\/lasentinelle.dz\\\/author\\\/belferag\\\/\"}]}<\/script>\n<!-- \/ Yoast SEO plugin. -->","yoast_head_json":{"title":"Affaire Imetal : Une enqu\u00eate compl\u00e9mentaire ordonn\u00e9e par la justice - La Sentinelle","robots":{"index":"index","follow":"follow","max-snippet":"max-snippet:-1","max-image-preview":"max-image-preview:large","max-video-preview":"max-video-preview:-1"},"canonical":"https:\/\/lasentinelle.dz\/index.php\/2025\/07\/16\/affaire-imetal-une-enquete-complementaire-ordonnee-par-la-justice\/","og_locale":"fr_FR","og_type":"article","og_title":"Affaire Imetal : Une enqu\u00eate compl\u00e9mentaire ordonn\u00e9e par la justice - La Sentinelle","og_description":"Le juge d&rsquo;instruction de la troisi\u00e8me chambre du P\u00f4le p\u00e9nal \u00e9conomique et financier du tribunal de Sidi M&rsquo;Hamed a ordonn\u00e9","og_url":"https:\/\/lasentinelle.dz\/index.php\/2025\/07\/16\/affaire-imetal-une-enquete-complementaire-ordonnee-par-la-justice\/","og_site_name":"La Sentinelle","article_publisher":"https:\/\/www.facebook.com\/La-Sentinelle-104059864394773","article_published_time":"2025-07-16T11:31:19+00:00","article_modified_time":"2025-07-16T11:31:20+00:00","og_image":[{"width":1349,"height":900,"url":"https:\/\/lasentinelle.dz\/wp-content\/uploads\/2023\/04\/Justice-2.png","type":"image\/png"}],"author":"Azzedine Belferag","twitter_card":"summary_large_image","twitter_misc":{"\u00c9crit par":"Azzedine Belferag","Dur\u00e9e de lecture estim\u00e9e":"3 minutes"},"schema":{"@context":"https:\/\/schema.org","@graph":[{"@type":"Article","@id":"https:\/\/lasentinelle.dz\/index.php\/2025\/07\/16\/affaire-imetal-une-enquete-complementaire-ordonnee-par-la-justice\/#article","isPartOf":{"@id":"https:\/\/lasentinelle.dz\/index.php\/2025\/07\/16\/affaire-imetal-une-enquete-complementaire-ordonnee-par-la-justice\/"},"author":{"name":"Azzedine Belferag","@id":"https:\/\/lasentinelle.dz\/#\/schema\/person\/e22c868643946ece5f328ac9d185b29f"},"headline":"Affaire Imetal : Une enqu\u00eate compl\u00e9mentaire ordonn\u00e9e par la justice","datePublished":"2025-07-16T11:31:19+00:00","dateModified":"2025-07-16T11:31:20+00:00","mainEntityOfPage":{"@id":"https:\/\/lasentinelle.dz\/index.php\/2025\/07\/16\/affaire-imetal-une-enquete-complementaire-ordonnee-par-la-justice\/"},"wordCount":520,"commentCount":0,"publisher":{"@id":"https:\/\/lasentinelle.dz\/#organization"},"image":{"@id":"https:\/\/lasentinelle.dz\/index.php\/2025\/07\/16\/affaire-imetal-une-enquete-complementaire-ordonnee-par-la-justice\/#primaryimage"},"thumbnailUrl":"https:\/\/lasentinelle.dz\/wp-content\/uploads\/2023\/04\/Justice-2.png","articleSection":["Actualit\u00e9"],"inLanguage":"fr-FR","potentialAction":[{"@type":"CommentAction","name":"Comment","target":["https:\/\/lasentinelle.dz\/index.php\/2025\/07\/16\/affaire-imetal-une-enquete-complementaire-ordonnee-par-la-justice\/#respond"]}]},{"@type":"WebPage","@id":"https:\/\/lasentinelle.dz\/index.php\/2025\/07\/16\/affaire-imetal-une-enquete-complementaire-ordonnee-par-la-justice\/","url":"https:\/\/lasentinelle.dz\/index.php\/2025\/07\/16\/affaire-imetal-une-enquete-complementaire-ordonnee-par-la-justice\/","name":"Affaire Imetal : Une enqu\u00eate compl\u00e9mentaire ordonn\u00e9e par la justice - La Sentinelle","isPartOf":{"@id":"https:\/\/lasentinelle.dz\/#website"},"primaryImageOfPage":{"@id":"https:\/\/lasentinelle.dz\/index.php\/2025\/07\/16\/affaire-imetal-une-enquete-complementaire-ordonnee-par-la-justice\/#primaryimage"},"image":{"@id":"https:\/\/lasentinelle.dz\/index.php\/2025\/07\/16\/affaire-imetal-une-enquete-complementaire-ordonnee-par-la-justice\/#primaryimage"},"thumbnailUrl":"https:\/\/lasentinelle.dz\/wp-content\/uploads\/2023\/04\/Justice-2.png","datePublished":"2025-07-16T11:31:19+00:00","dateModified":"2025-07-16T11:31:20+00:00","breadcrumb":{"@id":"https:\/\/lasentinelle.dz\/index.php\/2025\/07\/16\/affaire-imetal-une-enquete-complementaire-ordonnee-par-la-justice\/#breadcrumb"},"inLanguage":"fr-FR","potentialAction":[{"@type":"ReadAction","target":["https:\/\/lasentinelle.dz\/index.php\/2025\/07\/16\/affaire-imetal-une-enquete-complementaire-ordonnee-par-la-justice\/"]}]},{"@type":"ImageObject","inLanguage":"fr-FR","@id":"https:\/\/lasentinelle.dz\/index.php\/2025\/07\/16\/affaire-imetal-une-enquete-complementaire-ordonnee-par-la-justice\/#primaryimage","url":"https:\/\/lasentinelle.dz\/wp-content\/uploads\/2023\/04\/Justice-2.png","contentUrl":"https:\/\/lasentinelle.dz\/wp-content\/uploads\/2023\/04\/Justice-2.png","width":1349,"height":900},{"@type":"BreadcrumbList","@id":"https:\/\/lasentinelle.dz\/index.php\/2025\/07\/16\/affaire-imetal-une-enquete-complementaire-ordonnee-par-la-justice\/#breadcrumb","itemListElement":[{"@type":"ListItem","position":1,"name":"Accueil","item":"https:\/\/lasentinelle.dz\/"},{"@type":"ListItem","position":2,"name":"Affaire Imetal : Une enqu\u00eate compl\u00e9mentaire ordonn\u00e9e par la justice"}]},{"@type":"WebSite","@id":"https:\/\/lasentinelle.dz\/#website","url":"https:\/\/lasentinelle.dz\/","name":"La Sentinelle","description":"Quotidien national d&#039;information","publisher":{"@id":"https:\/\/lasentinelle.dz\/#organization"},"potentialAction":[{"@type":"SearchAction","target":{"@type":"EntryPoint","urlTemplate":"https:\/\/lasentinelle.dz\/?s={search_term_string}"},"query-input":{"@type":"PropertyValueSpecification","valueRequired":true,"valueName":"search_term_string"}}],"inLanguage":"fr-FR"},{"@type":"Organization","@id":"https:\/\/lasentinelle.dz\/#organization","name":"Quotidien La Sentinelle","url":"https:\/\/lasentinelle.dz\/","logo":{"@type":"ImageObject","inLanguage":"fr-FR","@id":"https:\/\/lasentinelle.dz\/#\/schema\/logo\/image\/","url":"https:\/\/lasentinelle.dz\/wp-content\/uploads\/2021\/09\/logo-sentinelleSLOGAN-1.png","contentUrl":"https:\/\/lasentinelle.dz\/wp-content\/uploads\/2021\/09\/logo-sentinelleSLOGAN-1.png","width":615,"height":142,"caption":"Quotidien La Sentinelle"},"image":{"@id":"https:\/\/lasentinelle.dz\/#\/schema\/logo\/image\/"},"sameAs":["https:\/\/www.facebook.com\/La-Sentinelle-104059864394773"]},{"@type":"Person","@id":"https:\/\/lasentinelle.dz\/#\/schema\/person\/e22c868643946ece5f328ac9d185b29f","name":"Azzedine Belferag","image":{"@type":"ImageObject","inLanguage":"fr-FR","@id":"https:\/\/secure.gravatar.com\/avatar\/767ecc3bfcf23cd6d0dae1705f124feb13a88fded1daa56498e4fb3aa3fc36a1?s=96&d=mm&r=g","url":"https:\/\/secure.gravatar.com\/avatar\/767ecc3bfcf23cd6d0dae1705f124feb13a88fded1daa56498e4fb3aa3fc36a1?s=96&d=mm&r=g","contentUrl":"https:\/\/secure.gravatar.com\/avatar\/767ecc3bfcf23cd6d0dae1705f124feb13a88fded1daa56498e4fb3aa3fc36a1?s=96&d=mm&r=g","caption":"Azzedine Belferag"},"sameAs":["http:\/\/www.lasentinelle.dz"],"url":"https:\/\/lasentinelle.dz\/author\/belferag\/"}]}},"_links":{"self":[{"href":"https:\/\/lasentinelle.dz\/index.php\/wp-json\/wp\/v2\/posts\/70467","targetHints":{"allow":["GET"]}}],"collection":[{"href":"https:\/\/lasentinelle.dz\/index.php\/wp-json\/wp\/v2\/posts"}],"about":[{"href":"https:\/\/lasentinelle.dz\/index.php\/wp-json\/wp\/v2\/types\/post"}],"author":[{"embeddable":true,"href":"https:\/\/lasentinelle.dz\/index.php\/wp-json\/wp\/v2\/users\/2"}],"replies":[{"embeddable":true,"href":"https:\/\/lasentinelle.dz\/index.php\/wp-json\/wp\/v2\/comments?post=70467"}],"version-history":[{"count":1,"href":"https:\/\/lasentinelle.dz\/index.php\/wp-json\/wp\/v2\/posts\/70467\/revisions"}],"predecessor-version":[{"id":70468,"href":"https:\/\/lasentinelle.dz\/index.php\/wp-json\/wp\/v2\/posts\/70467\/revisions\/70468"}],"wp:featuredmedia":[{"embeddable":true,"href":"https:\/\/lasentinelle.dz\/index.php\/wp-json\/wp\/v2\/media\/40122"}],"wp:attachment":[{"href":"https:\/\/lasentinelle.dz\/index.php\/wp-json\/wp\/v2\/media?parent=70467"}],"wp:term":[{"taxonomy":"category","embeddable":true,"href":"https:\/\/lasentinelle.dz\/index.php\/wp-json\/wp\/v2\/categories?post=70467"},{"taxonomy":"post_tag","embeddable":true,"href":"https:\/\/lasentinelle.dz\/index.php\/wp-json\/wp\/v2\/tags?post=70467"}],"curies":[{"name":"wp","href":"https:\/\/api.w.org\/{rel}","templated":true}]}}