{"id":70472,"date":"2025-07-16T12:33:13","date_gmt":"2025-07-16T11:33:13","guid":{"rendered":"https:\/\/lasentinelle.dz\/?p=70472"},"modified":"2025-07-16T12:33:14","modified_gmt":"2025-07-16T11:33:14","slug":"de-nouvelles-mesures-pour-encadrer-le-marche-des-vehicules-doccasion-letat-serre-la-vis","status":"publish","type":"post","link":"https:\/\/lasentinelle.dz\/index.php\/2025\/07\/16\/de-nouvelles-mesures-pour-encadrer-le-marche-des-vehicules-doccasion-letat-serre-la-vis\/","title":{"rendered":"De nouvelles mesures pour encadrer le march\u00e9 des v\u00e9hicules d&rsquo;occasion : L&rsquo;\u00c9tat serre la vis !"},"content":{"rendered":"\n<p><strong>De nouvelles mesures pour encadrer le march\u00e9 des v\u00e9hicules d&rsquo;occasion<\/strong><strong>.<\/strong><\/p>\n\n\n\n<p>Fini le temps des ventes de voitures d&rsquo;occasion dans la zone grise administrative. Un nouveau d\u00e9cret ex\u00e9cutif sign\u00e9 par le Premier ministre Nadir Larbaoui bouleverse les r\u00e8gles du jeu en imposant un cadre strict qui met fin aux pratiques douteuses qui gangrenaient le march\u00e9 automobile. &nbsp;Entre obligations renforc\u00e9es pour les vendeurs, contr\u00f4les accrus et nouvelles proc\u00e9dures d&rsquo;immatriculation, les mesures introduites par le d\u00e9cret ex\u00e9cutif n\u00b025-169 du 22 juin 2025 modifiant et compl\u00e9tant le d\u00e9cret ex\u00e9cutif n\u00b0 04-381 du 28 novembre 2004 fixant les r\u00e8gles de la circulation routi\u00e8re s&rsquo;attaquent frontalement au march\u00e9 parall\u00e8le des v\u00e9hicules d&rsquo;occasion qui \u00e9chappait largement au contr\u00f4le des autorit\u00e9s. D\u00e9sormais, tout propri\u00e9taire souhaitant vendre son v\u00e9hicule devra respecter une proc\u00e9dure rigoureuse d\u00e8s la conclusion de la transaction. L&rsquo;ancien propri\u00e9taire sera tenu d&rsquo;adresser imm\u00e9diatement une d\u00e9claration au wali de sa wilaya de r\u00e9sidence, pr\u00e9cisant l&rsquo;identit\u00e9 compl\u00e8te de l&rsquo;acqu\u00e9reur ainsi que son adresse de domicile. Cette mesure permet aux autorit\u00e9s de maintenir une tra\u00e7abilit\u00e9 compl\u00e8te des changements de propri\u00e9taire et d&rsquo;\u00e9viter les transactions non d\u00e9clar\u00e9es qui \u00e9chappent souvent au contr\u00f4le administratif. Le d\u00e9cret impose \u00e9galement une modification physique de la carte d&rsquo;immatriculation avant sa remise au nouveau propri\u00e9taire. L&rsquo;ancien propri\u00e9taire doit imp\u00e9rativement inscrire de mani\u00e8re claire et ind\u00e9l\u00e9bile la mention \u00ab\u00a0vendu le&#8230;\u00a0\u00bb avec la date exacte de la transaction. Cette carte modifi\u00e9e ne sera valable pour la circulation que durant une p\u00e9riode limit\u00e9e d&rsquo;un mois, cr\u00e9ant ainsi une urgence administrative qui pousse les acqu\u00e9reurs \u00e0 r\u00e9gulariser rapidement leur situation. Pour les professionnels du secteur, les contraintes se durcissent encore davantage. Lorsqu&rsquo;un v\u00e9hicule est vendu \u00e0 un professionnel agissant comme interm\u00e9diaire, ce dernier dispose de seulement quinze jours pour remettre la carte d&rsquo;immatriculation au wali de sa wilaya, accompagn\u00e9e d&rsquo;une d\u00e9claration d&rsquo;achat \u00e9tablie selon les conditions fix\u00e9es par le minist\u00e8re de l&rsquo;Int\u00e9rieur. Cette d\u00e9claration, apr\u00e8s visa de la wilaya, lui est retourn\u00e9e avec la carte d&rsquo;immatriculation, cr\u00e9ant ainsi un circuit administratif strict qui emp\u00eache les pratiques frauduleuses.<\/p>\n\n\n\n<p>Le nouveau texte r\u00e9glementaire pr\u00e9voit \u00e9galement des dispositions sp\u00e9cifiques pour les reventes successives entre n\u00e9gociants. Le dernier n\u00e9gociant propri\u00e9taire du v\u00e9hicule doit remettre \u00e0 l&rsquo;acqu\u00e9reur final une carte d&rsquo;immatriculation portant la mention \u00ab\u00a0revendu le&#8230; \u00e0 M&#8230;\u00a0\u00bb, accompagn\u00e9e de la d\u00e9claration d&rsquo;achat en sa possession. Cette mesure vise \u00e0 tracer l&rsquo;historique complet des transactions commerciales et \u00e0 responsabiliser chaque maillon de la cha\u00eene de vente. Les acqu\u00e9reurs ne sont pas en reste dans cette nouvelle r\u00e9glementation. Ils doivent adresser au wali de leur wilaya de r\u00e9sidence une demande de transfert accompagn\u00e9e de la carte d&rsquo;immatriculation remise par l&rsquo;ancien propri\u00e9taire et d&rsquo;une attestation certifiant la transaction. Cette attestation doit pr\u00e9ciser que le v\u00e9hicule n&rsquo;a subi aucune transformation susceptible de modifier les indications de la pr\u00e9c\u00e9dente carte d&rsquo;immatriculation depuis la derni\u00e8re immatriculation.<\/p>\n\n\n\n<p>Le d\u00e9cret introduit par ailleurs l&rsquo;obligation de contr\u00f4le de conformit\u00e9 pour tout v\u00e9hicule \u00e0 moteur, remorque de plus de 500 kilogrammes ou semi-remorque avant sa premi\u00e8re mise en circulation. Ce contr\u00f4le, effectu\u00e9 par l&rsquo;administration charg\u00e9e des mines, vise \u00e0 s&rsquo;assurer que ces v\u00e9hicules satisfont aux prescriptions techniques conform\u00e9ment \u00e0 la r\u00e9glementation en vigueur. Une attention particuli\u00e8re est accord\u00e9e aux modifications techniques apport\u00e9es aux v\u00e9hicules. Toute transformation notable remettant en cause l&rsquo;\u00e9tat ou les composants initiaux d&rsquo;un v\u00e9hicule n\u00e9cessite d\u00e9sormais un nouveau contr\u00f4le de conformit\u00e9 aupr\u00e8s des services des mines territorialement comp\u00e9tents. Cette mesure vise \u00e0 lutter contre les modifications sauvages qui compromettent la s\u00e9curit\u00e9 routi\u00e8re et \u00e9chappent aux contr\u00f4les techniques habituels.<\/p>\n\n\n\n<p>Ces nouvelles dispositions s&rsquo;inscrivent dans une d\u00e9marche globale de modernisation du secteur automobile alg\u00e9rien et de lutte contre l&rsquo;\u00e9conomie parall\u00e8le qui caract\u00e9rise encore largement le march\u00e9 des v\u00e9hicules d&rsquo;occasion. En renfor\u00e7ant les obligations administratives et en cr\u00e9ant des m\u00e9canismes de tra\u00e7abilit\u00e9, les autorit\u00e9s esp\u00e8rent assainir un march\u00e9 o\u00f9 les pratiques douteuses \u00e9taient monnaie courante, tout en garantissant une meilleure protection des consommateurs et une plus grande transparence dans les transactions automobiles. Ces mesures interviennent dans un contexte marqu\u00e9 par la mont\u00e9e de la sp\u00e9culation sur la revente de v\u00e9hicules neufs import\u00e9s sur le march\u00e9 de l&rsquo;occasion et par l&rsquo;arriv\u00e9e de v\u00e9hicules de moins de trois import\u00e9s sur le march\u00e9.<\/p>\n\n\n\n<p><strong>Samir Benisid<\/strong><\/p>\n","protected":false},"excerpt":{"rendered":"<p>De nouvelles mesures pour encadrer le march\u00e9 des v\u00e9hicules d&rsquo;occasion. Fini le temps des ventes de voitures d&rsquo;occasion dans la<\/p>\n","protected":false},"author":6,"featured_media":70473,"comment_status":"open","ping_status":"closed","sticky":false,"template":"","format":"standard","meta":{"colormag_page_container_layout":"default_layout","colormag_page_sidebar_layout":"default_layout","om_disable_all_campaigns":false,"_monsterinsights_skip_tracking":false,"_monsterinsights_sitenote_active":false,"_monsterinsights_sitenote_note":"","_monsterinsights_sitenote_category":0,"footnotes":"","_wpscppro_dont_share_socialmedia":false,"_wpscppro_custom_social_share_image":0,"_facebook_share_type":"default","_twitter_share_type":"default","_linkedin_share_type":"default","_pinterest_share_type":"default","_linkedin_share_type_page":"","_instagram_share_type":"default","_medium_share_type":"default","_threads_share_type":"","_google_business_share_type":"","_selected_social_profile":[],"_wpsp_enable_custom_social_template":false,"_wpsp_social_scheduling":{"enabled":false,"datetime":null,"platforms":[],"status":"template_only","dateOption":"today","timeOption":"now","customDays":"","customHours":"","customDate":"","customTime":"","schedulingType":"absolute"},"_wpsp_active_default_template":true},"categories":[52,27],"tags":[],"class_list":["post-70472","post","type-post","status-publish","format-standard","has-post-thumbnail","hentry","category-a-la-une","category-actualite"],"aioseo_notices":[],"yoast_head":"<!-- This site is optimized with the Yoast SEO plugin v27.5 - https:\/\/yoast.com\/product\/yoast-seo-wordpress\/ -->\n<title>De nouvelles mesures pour encadrer le march\u00e9 des v\u00e9hicules d&rsquo;occasion : L&rsquo;\u00c9tat serre la vis ! - La Sentinelle<\/title>\n<meta name=\"robots\" content=\"index, follow, max-snippet:-1, max-image-preview:large, max-video-preview:-1\" \/>\n<link rel=\"canonical\" href=\"https:\/\/lasentinelle.dz\/index.php\/2025\/07\/16\/de-nouvelles-mesures-pour-encadrer-le-marche-des-vehicules-doccasion-letat-serre-la-vis\/\" \/>\n<meta property=\"og:locale\" content=\"fr_FR\" \/>\n<meta property=\"og:type\" content=\"article\" \/>\n<meta property=\"og:title\" content=\"De nouvelles mesures pour encadrer le march\u00e9 des v\u00e9hicules d&rsquo;occasion : L&rsquo;\u00c9tat serre la vis ! - La Sentinelle\" \/>\n<meta property=\"og:description\" content=\"De nouvelles mesures pour encadrer le march\u00e9 des v\u00e9hicules d&rsquo;occasion. Fini le temps des ventes de voitures d&rsquo;occasion dans la\" \/>\n<meta property=\"og:url\" content=\"https:\/\/lasentinelle.dz\/index.php\/2025\/07\/16\/de-nouvelles-mesures-pour-encadrer-le-marche-des-vehicules-doccasion-letat-serre-la-vis\/\" \/>\n<meta property=\"og:site_name\" content=\"La Sentinelle\" \/>\n<meta property=\"article:publisher\" content=\"https:\/\/www.facebook.com\/La-Sentinelle-104059864394773\" \/>\n<meta property=\"article:published_time\" content=\"2025-07-16T11:33:13+00:00\" \/>\n<meta property=\"article:modified_time\" content=\"2025-07-16T11:33:14+00:00\" \/>\n<meta property=\"og:image\" content=\"https:\/\/lasentinelle.dz\/wp-content\/uploads\/2025\/07\/marche-voitures.jpg\" \/>\n\t<meta property=\"og:image:width\" content=\"2560\" \/>\n\t<meta property=\"og:image:height\" content=\"1606\" \/>\n\t<meta property=\"og:image:type\" content=\"image\/jpeg\" \/>\n<meta name=\"author\" content=\"admin\" \/>\n<meta name=\"twitter:card\" content=\"summary_large_image\" \/>\n<meta name=\"twitter:label1\" content=\"\u00c9crit par\" \/>\n\t<meta name=\"twitter:data1\" content=\"admin\" \/>\n\t<meta name=\"twitter:label2\" content=\"Dur\u00e9e de lecture estim\u00e9e\" \/>\n\t<meta name=\"twitter:data2\" content=\"4 minutes\" \/>\n<script type=\"application\/ld+json\" class=\"yoast-schema-graph\">{\"@context\":\"https:\\\/\\\/schema.org\",\"@graph\":[{\"@type\":\"Article\",\"@id\":\"https:\\\/\\\/lasentinelle.dz\\\/index.php\\\/2025\\\/07\\\/16\\\/de-nouvelles-mesures-pour-encadrer-le-marche-des-vehicules-doccasion-letat-serre-la-vis\\\/#article\",\"isPartOf\":{\"@id\":\"https:\\\/\\\/lasentinelle.dz\\\/index.php\\\/2025\\\/07\\\/16\\\/de-nouvelles-mesures-pour-encadrer-le-marche-des-vehicules-doccasion-letat-serre-la-vis\\\/\"},\"author\":{\"name\":\"admin\",\"@id\":\"https:\\\/\\\/lasentinelle.dz\\\/#\\\/schema\\\/person\\\/729ee0024f24e0b8c5ec17232f8e8b41\"},\"headline\":\"De nouvelles mesures pour encadrer le march\u00e9 des v\u00e9hicules d&rsquo;occasion : L&rsquo;\u00c9tat serre la vis !\",\"datePublished\":\"2025-07-16T11:33:13+00:00\",\"dateModified\":\"2025-07-16T11:33:14+00:00\",\"mainEntityOfPage\":{\"@id\":\"https:\\\/\\\/lasentinelle.dz\\\/index.php\\\/2025\\\/07\\\/16\\\/de-nouvelles-mesures-pour-encadrer-le-marche-des-vehicules-doccasion-letat-serre-la-vis\\\/\"},\"wordCount\":846,\"commentCount\":0,\"publisher\":{\"@id\":\"https:\\\/\\\/lasentinelle.dz\\\/#organization\"},\"image\":{\"@id\":\"https:\\\/\\\/lasentinelle.dz\\\/index.php\\\/2025\\\/07\\\/16\\\/de-nouvelles-mesures-pour-encadrer-le-marche-des-vehicules-doccasion-letat-serre-la-vis\\\/#primaryimage\"},\"thumbnailUrl\":\"https:\\\/\\\/lasentinelle.dz\\\/wp-content\\\/uploads\\\/2025\\\/07\\\/marche-voitures.jpg\",\"articleSection\":[\"\u00c0 la Une\",\"Actualit\u00e9\"],\"inLanguage\":\"fr-FR\",\"potentialAction\":[{\"@type\":\"CommentAction\",\"name\":\"Comment\",\"target\":[\"https:\\\/\\\/lasentinelle.dz\\\/index.php\\\/2025\\\/07\\\/16\\\/de-nouvelles-mesures-pour-encadrer-le-marche-des-vehicules-doccasion-letat-serre-la-vis\\\/#respond\"]}]},{\"@type\":\"WebPage\",\"@id\":\"https:\\\/\\\/lasentinelle.dz\\\/index.php\\\/2025\\\/07\\\/16\\\/de-nouvelles-mesures-pour-encadrer-le-marche-des-vehicules-doccasion-letat-serre-la-vis\\\/\",\"url\":\"https:\\\/\\\/lasentinelle.dz\\\/index.php\\\/2025\\\/07\\\/16\\\/de-nouvelles-mesures-pour-encadrer-le-marche-des-vehicules-doccasion-letat-serre-la-vis\\\/\",\"name\":\"De nouvelles mesures pour encadrer le march\u00e9 des v\u00e9hicules d&rsquo;occasion : L&rsquo;\u00c9tat serre la vis ! - La Sentinelle\",\"isPartOf\":{\"@id\":\"https:\\\/\\\/lasentinelle.dz\\\/#website\"},\"primaryImageOfPage\":{\"@id\":\"https:\\\/\\\/lasentinelle.dz\\\/index.php\\\/2025\\\/07\\\/16\\\/de-nouvelles-mesures-pour-encadrer-le-marche-des-vehicules-doccasion-letat-serre-la-vis\\\/#primaryimage\"},\"image\":{\"@id\":\"https:\\\/\\\/lasentinelle.dz\\\/index.php\\\/2025\\\/07\\\/16\\\/de-nouvelles-mesures-pour-encadrer-le-marche-des-vehicules-doccasion-letat-serre-la-vis\\\/#primaryimage\"},\"thumbnailUrl\":\"https:\\\/\\\/lasentinelle.dz\\\/wp-content\\\/uploads\\\/2025\\\/07\\\/marche-voitures.jpg\",\"datePublished\":\"2025-07-16T11:33:13+00:00\",\"dateModified\":\"2025-07-16T11:33:14+00:00\",\"breadcrumb\":{\"@id\":\"https:\\\/\\\/lasentinelle.dz\\\/index.php\\\/2025\\\/07\\\/16\\\/de-nouvelles-mesures-pour-encadrer-le-marche-des-vehicules-doccasion-letat-serre-la-vis\\\/#breadcrumb\"},\"inLanguage\":\"fr-FR\",\"potentialAction\":[{\"@type\":\"ReadAction\",\"target\":[\"https:\\\/\\\/lasentinelle.dz\\\/index.php\\\/2025\\\/07\\\/16\\\/de-nouvelles-mesures-pour-encadrer-le-marche-des-vehicules-doccasion-letat-serre-la-vis\\\/\"]}]},{\"@type\":\"ImageObject\",\"inLanguage\":\"fr-FR\",\"@id\":\"https:\\\/\\\/lasentinelle.dz\\\/index.php\\\/2025\\\/07\\\/16\\\/de-nouvelles-mesures-pour-encadrer-le-marche-des-vehicules-doccasion-letat-serre-la-vis\\\/#primaryimage\",\"url\":\"https:\\\/\\\/lasentinelle.dz\\\/wp-content\\\/uploads\\\/2025\\\/07\\\/marche-voitures.jpg\",\"contentUrl\":\"https:\\\/\\\/lasentinelle.dz\\\/wp-content\\\/uploads\\\/2025\\\/07\\\/marche-voitures.jpg\",\"width\":2560,\"height\":1606},{\"@type\":\"BreadcrumbList\",\"@id\":\"https:\\\/\\\/lasentinelle.dz\\\/index.php\\\/2025\\\/07\\\/16\\\/de-nouvelles-mesures-pour-encadrer-le-marche-des-vehicules-doccasion-letat-serre-la-vis\\\/#breadcrumb\",\"itemListElement\":[{\"@type\":\"ListItem\",\"position\":1,\"name\":\"Accueil\",\"item\":\"https:\\\/\\\/lasentinelle.dz\\\/\"},{\"@type\":\"ListItem\",\"position\":2,\"name\":\"De nouvelles mesures pour encadrer le march\u00e9 des v\u00e9hicules d&rsquo;occasion : L&rsquo;\u00c9tat serre la vis !\"}]},{\"@type\":\"WebSite\",\"@id\":\"https:\\\/\\\/lasentinelle.dz\\\/#website\",\"url\":\"https:\\\/\\\/lasentinelle.dz\\\/\",\"name\":\"La Sentinelle\",\"description\":\"Quotidien national d&#039;information\",\"publisher\":{\"@id\":\"https:\\\/\\\/lasentinelle.dz\\\/#organization\"},\"potentialAction\":[{\"@type\":\"SearchAction\",\"target\":{\"@type\":\"EntryPoint\",\"urlTemplate\":\"https:\\\/\\\/lasentinelle.dz\\\/?s={search_term_string}\"},\"query-input\":{\"@type\":\"PropertyValueSpecification\",\"valueRequired\":true,\"valueName\":\"search_term_string\"}}],\"inLanguage\":\"fr-FR\"},{\"@type\":\"Organization\",\"@id\":\"https:\\\/\\\/lasentinelle.dz\\\/#organization\",\"name\":\"Quotidien La Sentinelle\",\"url\":\"https:\\\/\\\/lasentinelle.dz\\\/\",\"logo\":{\"@type\":\"ImageObject\",\"inLanguage\":\"fr-FR\",\"@id\":\"https:\\\/\\\/lasentinelle.dz\\\/#\\\/schema\\\/logo\\\/image\\\/\",\"url\":\"https:\\\/\\\/lasentinelle.dz\\\/wp-content\\\/uploads\\\/2021\\\/09\\\/logo-sentinelleSLOGAN-1.png\",\"contentUrl\":\"https:\\\/\\\/lasentinelle.dz\\\/wp-content\\\/uploads\\\/2021\\\/09\\\/logo-sentinelleSLOGAN-1.png\",\"width\":615,\"height\":142,\"caption\":\"Quotidien La Sentinelle\"},\"image\":{\"@id\":\"https:\\\/\\\/lasentinelle.dz\\\/#\\\/schema\\\/logo\\\/image\\\/\"},\"sameAs\":[\"https:\\\/\\\/www.facebook.com\\\/La-Sentinelle-104059864394773\"]},{\"@type\":\"Person\",\"@id\":\"https:\\\/\\\/lasentinelle.dz\\\/#\\\/schema\\\/person\\\/729ee0024f24e0b8c5ec17232f8e8b41\",\"name\":\"admin\",\"image\":{\"@type\":\"ImageObject\",\"inLanguage\":\"fr-FR\",\"@id\":\"https:\\\/\\\/secure.gravatar.com\\\/avatar\\\/4c81fed838786e9b53f540bf46533e750f5d292099ae3b66cfc6fb1982e29df7?s=96&d=mm&r=g\",\"url\":\"https:\\\/\\\/secure.gravatar.com\\\/avatar\\\/4c81fed838786e9b53f540bf46533e750f5d292099ae3b66cfc6fb1982e29df7?s=96&d=mm&r=g\",\"contentUrl\":\"https:\\\/\\\/secure.gravatar.com\\\/avatar\\\/4c81fed838786e9b53f540bf46533e750f5d292099ae3b66cfc6fb1982e29df7?s=96&d=mm&r=g\",\"caption\":\"admin\"},\"description\":\"admin\",\"url\":\"https:\\\/\\\/lasentinelle.dz\\\/author\\\/admin\\\/\"}]}<\/script>\n<!-- \/ Yoast SEO plugin. -->","yoast_head_json":{"title":"De nouvelles mesures pour encadrer le march\u00e9 des v\u00e9hicules d&rsquo;occasion : L&rsquo;\u00c9tat serre la vis ! - La Sentinelle","robots":{"index":"index","follow":"follow","max-snippet":"max-snippet:-1","max-image-preview":"max-image-preview:large","max-video-preview":"max-video-preview:-1"},"canonical":"https:\/\/lasentinelle.dz\/index.php\/2025\/07\/16\/de-nouvelles-mesures-pour-encadrer-le-marche-des-vehicules-doccasion-letat-serre-la-vis\/","og_locale":"fr_FR","og_type":"article","og_title":"De nouvelles mesures pour encadrer le march\u00e9 des v\u00e9hicules d&rsquo;occasion : L&rsquo;\u00c9tat serre la vis ! - La Sentinelle","og_description":"De nouvelles mesures pour encadrer le march\u00e9 des v\u00e9hicules d&rsquo;occasion. Fini le temps des ventes de voitures d&rsquo;occasion dans la","og_url":"https:\/\/lasentinelle.dz\/index.php\/2025\/07\/16\/de-nouvelles-mesures-pour-encadrer-le-marche-des-vehicules-doccasion-letat-serre-la-vis\/","og_site_name":"La Sentinelle","article_publisher":"https:\/\/www.facebook.com\/La-Sentinelle-104059864394773","article_published_time":"2025-07-16T11:33:13+00:00","article_modified_time":"2025-07-16T11:33:14+00:00","og_image":[{"width":2560,"height":1606,"url":"https:\/\/lasentinelle.dz\/wp-content\/uploads\/2025\/07\/marche-voitures.jpg","type":"image\/jpeg"}],"author":"admin","twitter_card":"summary_large_image","twitter_misc":{"\u00c9crit par":"admin","Dur\u00e9e de lecture estim\u00e9e":"4 minutes"},"schema":{"@context":"https:\/\/schema.org","@graph":[{"@type":"Article","@id":"https:\/\/lasentinelle.dz\/index.php\/2025\/07\/16\/de-nouvelles-mesures-pour-encadrer-le-marche-des-vehicules-doccasion-letat-serre-la-vis\/#article","isPartOf":{"@id":"https:\/\/lasentinelle.dz\/index.php\/2025\/07\/16\/de-nouvelles-mesures-pour-encadrer-le-marche-des-vehicules-doccasion-letat-serre-la-vis\/"},"author":{"name":"admin","@id":"https:\/\/lasentinelle.dz\/#\/schema\/person\/729ee0024f24e0b8c5ec17232f8e8b41"},"headline":"De nouvelles mesures pour encadrer le march\u00e9 des v\u00e9hicules d&rsquo;occasion : L&rsquo;\u00c9tat serre la vis !","datePublished":"2025-07-16T11:33:13+00:00","dateModified":"2025-07-16T11:33:14+00:00","mainEntityOfPage":{"@id":"https:\/\/lasentinelle.dz\/index.php\/2025\/07\/16\/de-nouvelles-mesures-pour-encadrer-le-marche-des-vehicules-doccasion-letat-serre-la-vis\/"},"wordCount":846,"commentCount":0,"publisher":{"@id":"https:\/\/lasentinelle.dz\/#organization"},"image":{"@id":"https:\/\/lasentinelle.dz\/index.php\/2025\/07\/16\/de-nouvelles-mesures-pour-encadrer-le-marche-des-vehicules-doccasion-letat-serre-la-vis\/#primaryimage"},"thumbnailUrl":"https:\/\/lasentinelle.dz\/wp-content\/uploads\/2025\/07\/marche-voitures.jpg","articleSection":["\u00c0 la Une","Actualit\u00e9"],"inLanguage":"fr-FR","potentialAction":[{"@type":"CommentAction","name":"Comment","target":["https:\/\/lasentinelle.dz\/index.php\/2025\/07\/16\/de-nouvelles-mesures-pour-encadrer-le-marche-des-vehicules-doccasion-letat-serre-la-vis\/#respond"]}]},{"@type":"WebPage","@id":"https:\/\/lasentinelle.dz\/index.php\/2025\/07\/16\/de-nouvelles-mesures-pour-encadrer-le-marche-des-vehicules-doccasion-letat-serre-la-vis\/","url":"https:\/\/lasentinelle.dz\/index.php\/2025\/07\/16\/de-nouvelles-mesures-pour-encadrer-le-marche-des-vehicules-doccasion-letat-serre-la-vis\/","name":"De nouvelles mesures pour encadrer le march\u00e9 des v\u00e9hicules d&rsquo;occasion : L&rsquo;\u00c9tat serre la vis ! - La Sentinelle","isPartOf":{"@id":"https:\/\/lasentinelle.dz\/#website"},"primaryImageOfPage":{"@id":"https:\/\/lasentinelle.dz\/index.php\/2025\/07\/16\/de-nouvelles-mesures-pour-encadrer-le-marche-des-vehicules-doccasion-letat-serre-la-vis\/#primaryimage"},"image":{"@id":"https:\/\/lasentinelle.dz\/index.php\/2025\/07\/16\/de-nouvelles-mesures-pour-encadrer-le-marche-des-vehicules-doccasion-letat-serre-la-vis\/#primaryimage"},"thumbnailUrl":"https:\/\/lasentinelle.dz\/wp-content\/uploads\/2025\/07\/marche-voitures.jpg","datePublished":"2025-07-16T11:33:13+00:00","dateModified":"2025-07-16T11:33:14+00:00","breadcrumb":{"@id":"https:\/\/lasentinelle.dz\/index.php\/2025\/07\/16\/de-nouvelles-mesures-pour-encadrer-le-marche-des-vehicules-doccasion-letat-serre-la-vis\/#breadcrumb"},"inLanguage":"fr-FR","potentialAction":[{"@type":"ReadAction","target":["https:\/\/lasentinelle.dz\/index.php\/2025\/07\/16\/de-nouvelles-mesures-pour-encadrer-le-marche-des-vehicules-doccasion-letat-serre-la-vis\/"]}]},{"@type":"ImageObject","inLanguage":"fr-FR","@id":"https:\/\/lasentinelle.dz\/index.php\/2025\/07\/16\/de-nouvelles-mesures-pour-encadrer-le-marche-des-vehicules-doccasion-letat-serre-la-vis\/#primaryimage","url":"https:\/\/lasentinelle.dz\/wp-content\/uploads\/2025\/07\/marche-voitures.jpg","contentUrl":"https:\/\/lasentinelle.dz\/wp-content\/uploads\/2025\/07\/marche-voitures.jpg","width":2560,"height":1606},{"@type":"BreadcrumbList","@id":"https:\/\/lasentinelle.dz\/index.php\/2025\/07\/16\/de-nouvelles-mesures-pour-encadrer-le-marche-des-vehicules-doccasion-letat-serre-la-vis\/#breadcrumb","itemListElement":[{"@type":"ListItem","position":1,"name":"Accueil","item":"https:\/\/lasentinelle.dz\/"},{"@type":"ListItem","position":2,"name":"De nouvelles mesures pour encadrer le march\u00e9 des v\u00e9hicules d&rsquo;occasion : L&rsquo;\u00c9tat serre la vis !"}]},{"@type":"WebSite","@id":"https:\/\/lasentinelle.dz\/#website","url":"https:\/\/lasentinelle.dz\/","name":"La Sentinelle","description":"Quotidien national d&#039;information","publisher":{"@id":"https:\/\/lasentinelle.dz\/#organization"},"potentialAction":[{"@type":"SearchAction","target":{"@type":"EntryPoint","urlTemplate":"https:\/\/lasentinelle.dz\/?s={search_term_string}"},"query-input":{"@type":"PropertyValueSpecification","valueRequired":true,"valueName":"search_term_string"}}],"inLanguage":"fr-FR"},{"@type":"Organization","@id":"https:\/\/lasentinelle.dz\/#organization","name":"Quotidien La Sentinelle","url":"https:\/\/lasentinelle.dz\/","logo":{"@type":"ImageObject","inLanguage":"fr-FR","@id":"https:\/\/lasentinelle.dz\/#\/schema\/logo\/image\/","url":"https:\/\/lasentinelle.dz\/wp-content\/uploads\/2021\/09\/logo-sentinelleSLOGAN-1.png","contentUrl":"https:\/\/lasentinelle.dz\/wp-content\/uploads\/2021\/09\/logo-sentinelleSLOGAN-1.png","width":615,"height":142,"caption":"Quotidien La Sentinelle"},"image":{"@id":"https:\/\/lasentinelle.dz\/#\/schema\/logo\/image\/"},"sameAs":["https:\/\/www.facebook.com\/La-Sentinelle-104059864394773"]},{"@type":"Person","@id":"https:\/\/lasentinelle.dz\/#\/schema\/person\/729ee0024f24e0b8c5ec17232f8e8b41","name":"admin","image":{"@type":"ImageObject","inLanguage":"fr-FR","@id":"https:\/\/secure.gravatar.com\/avatar\/4c81fed838786e9b53f540bf46533e750f5d292099ae3b66cfc6fb1982e29df7?s=96&d=mm&r=g","url":"https:\/\/secure.gravatar.com\/avatar\/4c81fed838786e9b53f540bf46533e750f5d292099ae3b66cfc6fb1982e29df7?s=96&d=mm&r=g","contentUrl":"https:\/\/secure.gravatar.com\/avatar\/4c81fed838786e9b53f540bf46533e750f5d292099ae3b66cfc6fb1982e29df7?s=96&d=mm&r=g","caption":"admin"},"description":"admin","url":"https:\/\/lasentinelle.dz\/author\/admin\/"}]}},"_links":{"self":[{"href":"https:\/\/lasentinelle.dz\/index.php\/wp-json\/wp\/v2\/posts\/70472","targetHints":{"allow":["GET"]}}],"collection":[{"href":"https:\/\/lasentinelle.dz\/index.php\/wp-json\/wp\/v2\/posts"}],"about":[{"href":"https:\/\/lasentinelle.dz\/index.php\/wp-json\/wp\/v2\/types\/post"}],"author":[{"embeddable":true,"href":"https:\/\/lasentinelle.dz\/index.php\/wp-json\/wp\/v2\/users\/6"}],"replies":[{"embeddable":true,"href":"https:\/\/lasentinelle.dz\/index.php\/wp-json\/wp\/v2\/comments?post=70472"}],"version-history":[{"count":2,"href":"https:\/\/lasentinelle.dz\/index.php\/wp-json\/wp\/v2\/posts\/70472\/revisions"}],"predecessor-version":[{"id":70475,"href":"https:\/\/lasentinelle.dz\/index.php\/wp-json\/wp\/v2\/posts\/70472\/revisions\/70475"}],"wp:featuredmedia":[{"embeddable":true,"href":"https:\/\/lasentinelle.dz\/index.php\/wp-json\/wp\/v2\/media\/70473"}],"wp:attachment":[{"href":"https:\/\/lasentinelle.dz\/index.php\/wp-json\/wp\/v2\/media?parent=70472"}],"wp:term":[{"taxonomy":"category","embeddable":true,"href":"https:\/\/lasentinelle.dz\/index.php\/wp-json\/wp\/v2\/categories?post=70472"},{"taxonomy":"post_tag","embeddable":true,"href":"https:\/\/lasentinelle.dz\/index.php\/wp-json\/wp\/v2\/tags?post=70472"}],"curies":[{"name":"wp","href":"https:\/\/api.w.org\/{rel}","templated":true}]}}