{"id":70476,"date":"2025-07-17T10:18:36","date_gmt":"2025-07-17T09:18:36","guid":{"rendered":"https:\/\/lasentinelle.dz\/?p=70476"},"modified":"2025-07-18T20:21:27","modified_gmt":"2025-07-18T19:21:27","slug":"feux-de-forets-le-ministere-de-linterieur-appelle-a-la-responsabilite","status":"publish","type":"post","link":"https:\/\/lasentinelle.dz\/index.php\/2025\/07\/17\/feux-de-forets-le-ministere-de-linterieur-appelle-a-la-responsabilite\/","title":{"rendered":"Feux de for\u00eats : Le minist\u00e8re de l&rsquo;Int\u00e9rieur appelle \u00e0 la responsabilit\u00e9"},"content":{"rendered":"\n<p>Face \u00e0 la recrudescence des incendies de for\u00eats et de r\u00e9coltes qui menacent le patrimoine naturel et agricole national, le minist\u00e8re de l&rsquo;Int\u00e9rieur, des Collectivit\u00e9s locales et de l&rsquo;Am\u00e9nagement du territoire a lanc\u00e9 mercredi un appel solennel \u00e0 la responsabilit\u00e9 collective. Dans un communiqu\u00e9 diffus\u00e9 en cette p\u00e9riode estivale particuli\u00e8rement critique, le d\u00e9partement de Brahim Merad met l&rsquo;accent sur l&rsquo;urgence d&rsquo;une mobilisation citoyenne face \u00e0 un ph\u00e9nom\u00e8ne qui prend chaque ann\u00e9e des proportions alarmantes. Cette communication intervient dans un contexte de hausse significative des temp\u00e9ratures qui accro\u00eet m\u00e9caniquement les risques d&#8217;embrasement des espaces forestiers et agricoles, n\u00e9cessitant une vigilance accrue de l&rsquo;ensemble des acteurs de la soci\u00e9t\u00e9.<\/p>\n\n\n\n<p>Le minist\u00e8re souligne que \u00ab\u00a0suite \u00e0 la hausse des temp\u00e9ratures qui accro\u00eet le risque de d\u00e9part de feux mena\u00e7ant les personnes, les biens et les ressources naturelles et agricoles, le minist\u00e8re de l&rsquo;Int\u00e9rieur, des Collectivit\u00e9s locales et de l&rsquo;Am\u00e9nagement du territoire appelle \u00e0 une prise de conscience des citoyens, les invitant \u00e0 suivre les consignes de pr\u00e9vention et \u00e0 coop\u00e9rer avec les services comp\u00e9tents en signalant imm\u00e9diatement toute urgence via les num\u00e9ros verts 10-21 et 10-70\u00a0\u00bb. Cette d\u00e9marche s&rsquo;inscrit dans une logique pr\u00e9ventive qui place le citoyen au c\u0153ur du dispositif de protection, reconnaissant que la lutte contre les incendies ne peut \u00eatre efficace sans une participation active de la population dans la d\u00e9tection pr\u00e9coce des foyers.<\/p>\n\n\n\n<p>L&rsquo;accent mis sur la sensibilisation citoyenne r\u00e9v\u00e8le une approche globale de la probl\u00e9matique des feux de for\u00eats, qui d\u00e9passe le seul cadre r\u00e9pressif pour privil\u00e9gier l&rsquo;\u00e9ducation et la responsabilisation collective. Le minist\u00e8re a d&rsquo;ailleurs renforc\u00e9 cette dimension p\u00e9dagogique en publiant une affiche publicitaire portant le slogan percutant \u00ab\u00a0Ne sois pas la cause des feux de for\u00eat et de r\u00e9coltes\u00a0\u00bb, ciblant sp\u00e9cifiquement les comportements \u00e0 risque. Cette campagne met particuli\u00e8rement en garde contre le jet anarchique des m\u00e9gots de cigarettes, identifi\u00e9 comme \u00e9tant \u00e0 l&rsquo;origine de la plupart des d\u00e9parts de feux de for\u00eat qui entra\u00eenent des pertes humaines et mettent en p\u00e9ril les ressources foresti\u00e8res et agricoles.<\/p>\n\n\n\n<p>Le dispositif op\u00e9rationnel mis en place par les autorit\u00e9s t\u00e9moigne de l&rsquo;ampleur des moyens d\u00e9ploy\u00e9s pour faire face \u00e0 cette menace r\u00e9currente. Les services de lutte contre les incendies ont ainsi proc\u00e9d\u00e9 \u00e0 l&rsquo;extinction de 126 incendies \u00e0 travers plusieurs wilayas du pays durant la semaine derni\u00e8re, d\u00e9montrant \u00e0 la fois l&rsquo;intensit\u00e9 du ph\u00e9nom\u00e8ne et l&rsquo;efficacit\u00e9 relative des moyens d&rsquo;intervention. Plus r\u00e9cemment, entre mardi et mercredi, ce sont 28 incendies suppl\u00e9mentaires qui ont \u00e9t\u00e9 ma\u00eetris\u00e9s dans plusieurs wilayas, soulignant la permanence de la menace et la n\u00e9cessit\u00e9 d&rsquo;une vigilance constante de la part des services de secours.<\/p>\n\n\n\n<p>Chokri Hafed<\/p>\n\n\n\n<p><\/p>\n","protected":false},"excerpt":{"rendered":"<p>Face \u00e0 la recrudescence des incendies de for\u00eats et de r\u00e9coltes qui menacent le patrimoine naturel et agricole national, le<\/p>\n","protected":false},"author":6,"featured_media":69479,"comment_status":"open","ping_status":"closed","sticky":false,"template":"","format":"standard","meta":{"colormag_page_container_layout":"default_layout","colormag_page_sidebar_layout":"default_layout","om_disable_all_campaigns":false,"_monsterinsights_skip_tracking":false,"_monsterinsights_sitenote_active":false,"_monsterinsights_sitenote_note":"","_monsterinsights_sitenote_category":0,"footnotes":"","_wpscppro_dont_share_socialmedia":false,"_wpscppro_custom_social_share_image":0,"_facebook_share_type":"default","_twitter_share_type":"default","_linkedin_share_type":"default","_pinterest_share_type":"default","_linkedin_share_type_page":"","_instagram_share_type":"default","_medium_share_type":"default","_threads_share_type":"","_google_business_share_type":"","_selected_social_profile":[],"_wpsp_enable_custom_social_template":false,"_wpsp_social_scheduling":{"enabled":false,"datetime":null,"platforms":[],"status":"template_only","dateOption":"today","timeOption":"now","customDays":"","customHours":"","customDate":"","customTime":"","schedulingType":"absolute"},"_wpsp_active_default_template":true},"categories":[27],"tags":[],"class_list":["post-70476","post","type-post","status-publish","format-standard","has-post-thumbnail","hentry","category-actualite"],"aioseo_notices":[],"yoast_head":"<!-- This site is optimized with the Yoast SEO plugin v27.5 - https:\/\/yoast.com\/product\/yoast-seo-wordpress\/ -->\n<title>Feux de for\u00eats : Le minist\u00e8re de l&rsquo;Int\u00e9rieur appelle \u00e0 la responsabilit\u00e9 - La Sentinelle<\/title>\n<meta name=\"robots\" content=\"index, follow, max-snippet:-1, max-image-preview:large, max-video-preview:-1\" \/>\n<link rel=\"canonical\" href=\"https:\/\/lasentinelle.dz\/index.php\/2025\/07\/17\/feux-de-forets-le-ministere-de-linterieur-appelle-a-la-responsabilite\/\" \/>\n<meta property=\"og:locale\" content=\"fr_FR\" \/>\n<meta property=\"og:type\" content=\"article\" \/>\n<meta property=\"og:title\" content=\"Feux de for\u00eats : Le minist\u00e8re de l&rsquo;Int\u00e9rieur appelle \u00e0 la responsabilit\u00e9 - La Sentinelle\" \/>\n<meta property=\"og:description\" content=\"Face \u00e0 la recrudescence des incendies de for\u00eats et de r\u00e9coltes qui menacent le patrimoine naturel et agricole national, le\" \/>\n<meta property=\"og:url\" content=\"https:\/\/lasentinelle.dz\/index.php\/2025\/07\/17\/feux-de-forets-le-ministere-de-linterieur-appelle-a-la-responsabilite\/\" \/>\n<meta property=\"og:site_name\" content=\"La Sentinelle\" \/>\n<meta property=\"article:publisher\" content=\"https:\/\/www.facebook.com\/La-Sentinelle-104059864394773\" \/>\n<meta property=\"article:published_time\" content=\"2025-07-17T09:18:36+00:00\" \/>\n<meta property=\"article:modified_time\" content=\"2025-07-18T19:21:27+00:00\" \/>\n<meta property=\"og:image\" content=\"https:\/\/lasentinelle.dz\/wp-content\/uploads\/2025\/06\/incendie.png\" \/>\n\t<meta property=\"og:image:width\" content=\"803\" \/>\n\t<meta property=\"og:image:height\" content=\"565\" \/>\n\t<meta property=\"og:image:type\" content=\"image\/png\" \/>\n<meta name=\"author\" content=\"admin\" \/>\n<meta name=\"twitter:card\" content=\"summary_large_image\" \/>\n<meta name=\"twitter:label1\" content=\"\u00c9crit par\" \/>\n\t<meta name=\"twitter:data1\" content=\"admin\" \/>\n\t<meta name=\"twitter:label2\" content=\"Dur\u00e9e de lecture estim\u00e9e\" \/>\n\t<meta name=\"twitter:data2\" content=\"3 minutes\" \/>\n<script type=\"application\/ld+json\" class=\"yoast-schema-graph\">{\"@context\":\"https:\\\/\\\/schema.org\",\"@graph\":[{\"@type\":\"Article\",\"@id\":\"https:\\\/\\\/lasentinelle.dz\\\/index.php\\\/2025\\\/07\\\/17\\\/feux-de-forets-le-ministere-de-linterieur-appelle-a-la-responsabilite\\\/#article\",\"isPartOf\":{\"@id\":\"https:\\\/\\\/lasentinelle.dz\\\/index.php\\\/2025\\\/07\\\/17\\\/feux-de-forets-le-ministere-de-linterieur-appelle-a-la-responsabilite\\\/\"},\"author\":{\"name\":\"admin\",\"@id\":\"https:\\\/\\\/lasentinelle.dz\\\/#\\\/schema\\\/person\\\/729ee0024f24e0b8c5ec17232f8e8b41\"},\"headline\":\"Feux de for\u00eats : Le minist\u00e8re de l&rsquo;Int\u00e9rieur appelle \u00e0 la responsabilit\u00e9\",\"datePublished\":\"2025-07-17T09:18:36+00:00\",\"dateModified\":\"2025-07-18T19:21:27+00:00\",\"mainEntityOfPage\":{\"@id\":\"https:\\\/\\\/lasentinelle.dz\\\/index.php\\\/2025\\\/07\\\/17\\\/feux-de-forets-le-ministere-de-linterieur-appelle-a-la-responsabilite\\\/\"},\"wordCount\":521,\"commentCount\":0,\"publisher\":{\"@id\":\"https:\\\/\\\/lasentinelle.dz\\\/#organization\"},\"image\":{\"@id\":\"https:\\\/\\\/lasentinelle.dz\\\/index.php\\\/2025\\\/07\\\/17\\\/feux-de-forets-le-ministere-de-linterieur-appelle-a-la-responsabilite\\\/#primaryimage\"},\"thumbnailUrl\":\"https:\\\/\\\/lasentinelle.dz\\\/wp-content\\\/uploads\\\/2025\\\/06\\\/incendie.png\",\"articleSection\":[\"Actualit\u00e9\"],\"inLanguage\":\"fr-FR\",\"potentialAction\":[{\"@type\":\"CommentAction\",\"name\":\"Comment\",\"target\":[\"https:\\\/\\\/lasentinelle.dz\\\/index.php\\\/2025\\\/07\\\/17\\\/feux-de-forets-le-ministere-de-linterieur-appelle-a-la-responsabilite\\\/#respond\"]}]},{\"@type\":\"WebPage\",\"@id\":\"https:\\\/\\\/lasentinelle.dz\\\/index.php\\\/2025\\\/07\\\/17\\\/feux-de-forets-le-ministere-de-linterieur-appelle-a-la-responsabilite\\\/\",\"url\":\"https:\\\/\\\/lasentinelle.dz\\\/index.php\\\/2025\\\/07\\\/17\\\/feux-de-forets-le-ministere-de-linterieur-appelle-a-la-responsabilite\\\/\",\"name\":\"Feux de for\u00eats : Le minist\u00e8re de l&rsquo;Int\u00e9rieur appelle \u00e0 la responsabilit\u00e9 - La Sentinelle\",\"isPartOf\":{\"@id\":\"https:\\\/\\\/lasentinelle.dz\\\/#website\"},\"primaryImageOfPage\":{\"@id\":\"https:\\\/\\\/lasentinelle.dz\\\/index.php\\\/2025\\\/07\\\/17\\\/feux-de-forets-le-ministere-de-linterieur-appelle-a-la-responsabilite\\\/#primaryimage\"},\"image\":{\"@id\":\"https:\\\/\\\/lasentinelle.dz\\\/index.php\\\/2025\\\/07\\\/17\\\/feux-de-forets-le-ministere-de-linterieur-appelle-a-la-responsabilite\\\/#primaryimage\"},\"thumbnailUrl\":\"https:\\\/\\\/lasentinelle.dz\\\/wp-content\\\/uploads\\\/2025\\\/06\\\/incendie.png\",\"datePublished\":\"2025-07-17T09:18:36+00:00\",\"dateModified\":\"2025-07-18T19:21:27+00:00\",\"breadcrumb\":{\"@id\":\"https:\\\/\\\/lasentinelle.dz\\\/index.php\\\/2025\\\/07\\\/17\\\/feux-de-forets-le-ministere-de-linterieur-appelle-a-la-responsabilite\\\/#breadcrumb\"},\"inLanguage\":\"fr-FR\",\"potentialAction\":[{\"@type\":\"ReadAction\",\"target\":[\"https:\\\/\\\/lasentinelle.dz\\\/index.php\\\/2025\\\/07\\\/17\\\/feux-de-forets-le-ministere-de-linterieur-appelle-a-la-responsabilite\\\/\"]}]},{\"@type\":\"ImageObject\",\"inLanguage\":\"fr-FR\",\"@id\":\"https:\\\/\\\/lasentinelle.dz\\\/index.php\\\/2025\\\/07\\\/17\\\/feux-de-forets-le-ministere-de-linterieur-appelle-a-la-responsabilite\\\/#primaryimage\",\"url\":\"https:\\\/\\\/lasentinelle.dz\\\/wp-content\\\/uploads\\\/2025\\\/06\\\/incendie.png\",\"contentUrl\":\"https:\\\/\\\/lasentinelle.dz\\\/wp-content\\\/uploads\\\/2025\\\/06\\\/incendie.png\",\"width\":803,\"height\":565},{\"@type\":\"BreadcrumbList\",\"@id\":\"https:\\\/\\\/lasentinelle.dz\\\/index.php\\\/2025\\\/07\\\/17\\\/feux-de-forets-le-ministere-de-linterieur-appelle-a-la-responsabilite\\\/#breadcrumb\",\"itemListElement\":[{\"@type\":\"ListItem\",\"position\":1,\"name\":\"Accueil\",\"item\":\"https:\\\/\\\/lasentinelle.dz\\\/\"},{\"@type\":\"ListItem\",\"position\":2,\"name\":\"Feux de for\u00eats : Le minist\u00e8re de l&rsquo;Int\u00e9rieur appelle \u00e0 la responsabilit\u00e9\"}]},{\"@type\":\"WebSite\",\"@id\":\"https:\\\/\\\/lasentinelle.dz\\\/#website\",\"url\":\"https:\\\/\\\/lasentinelle.dz\\\/\",\"name\":\"La Sentinelle\",\"description\":\"Quotidien national d&#039;information\",\"publisher\":{\"@id\":\"https:\\\/\\\/lasentinelle.dz\\\/#organization\"},\"potentialAction\":[{\"@type\":\"SearchAction\",\"target\":{\"@type\":\"EntryPoint\",\"urlTemplate\":\"https:\\\/\\\/lasentinelle.dz\\\/?s={search_term_string}\"},\"query-input\":{\"@type\":\"PropertyValueSpecification\",\"valueRequired\":true,\"valueName\":\"search_term_string\"}}],\"inLanguage\":\"fr-FR\"},{\"@type\":\"Organization\",\"@id\":\"https:\\\/\\\/lasentinelle.dz\\\/#organization\",\"name\":\"Quotidien La Sentinelle\",\"url\":\"https:\\\/\\\/lasentinelle.dz\\\/\",\"logo\":{\"@type\":\"ImageObject\",\"inLanguage\":\"fr-FR\",\"@id\":\"https:\\\/\\\/lasentinelle.dz\\\/#\\\/schema\\\/logo\\\/image\\\/\",\"url\":\"https:\\\/\\\/lasentinelle.dz\\\/wp-content\\\/uploads\\\/2021\\\/09\\\/logo-sentinelleSLOGAN-1.png\",\"contentUrl\":\"https:\\\/\\\/lasentinelle.dz\\\/wp-content\\\/uploads\\\/2021\\\/09\\\/logo-sentinelleSLOGAN-1.png\",\"width\":615,\"height\":142,\"caption\":\"Quotidien La Sentinelle\"},\"image\":{\"@id\":\"https:\\\/\\\/lasentinelle.dz\\\/#\\\/schema\\\/logo\\\/image\\\/\"},\"sameAs\":[\"https:\\\/\\\/www.facebook.com\\\/La-Sentinelle-104059864394773\"]},{\"@type\":\"Person\",\"@id\":\"https:\\\/\\\/lasentinelle.dz\\\/#\\\/schema\\\/person\\\/729ee0024f24e0b8c5ec17232f8e8b41\",\"name\":\"admin\",\"image\":{\"@type\":\"ImageObject\",\"inLanguage\":\"fr-FR\",\"@id\":\"https:\\\/\\\/secure.gravatar.com\\\/avatar\\\/4c81fed838786e9b53f540bf46533e750f5d292099ae3b66cfc6fb1982e29df7?s=96&d=mm&r=g\",\"url\":\"https:\\\/\\\/secure.gravatar.com\\\/avatar\\\/4c81fed838786e9b53f540bf46533e750f5d292099ae3b66cfc6fb1982e29df7?s=96&d=mm&r=g\",\"contentUrl\":\"https:\\\/\\\/secure.gravatar.com\\\/avatar\\\/4c81fed838786e9b53f540bf46533e750f5d292099ae3b66cfc6fb1982e29df7?s=96&d=mm&r=g\",\"caption\":\"admin\"},\"description\":\"admin\",\"url\":\"https:\\\/\\\/lasentinelle.dz\\\/author\\\/admin\\\/\"}]}<\/script>\n<!-- \/ Yoast SEO plugin. -->","yoast_head_json":{"title":"Feux de for\u00eats : Le minist\u00e8re de l&rsquo;Int\u00e9rieur appelle \u00e0 la responsabilit\u00e9 - La Sentinelle","robots":{"index":"index","follow":"follow","max-snippet":"max-snippet:-1","max-image-preview":"max-image-preview:large","max-video-preview":"max-video-preview:-1"},"canonical":"https:\/\/lasentinelle.dz\/index.php\/2025\/07\/17\/feux-de-forets-le-ministere-de-linterieur-appelle-a-la-responsabilite\/","og_locale":"fr_FR","og_type":"article","og_title":"Feux de for\u00eats : Le minist\u00e8re de l&rsquo;Int\u00e9rieur appelle \u00e0 la responsabilit\u00e9 - La Sentinelle","og_description":"Face \u00e0 la recrudescence des incendies de for\u00eats et de r\u00e9coltes qui menacent le patrimoine naturel et agricole national, le","og_url":"https:\/\/lasentinelle.dz\/index.php\/2025\/07\/17\/feux-de-forets-le-ministere-de-linterieur-appelle-a-la-responsabilite\/","og_site_name":"La Sentinelle","article_publisher":"https:\/\/www.facebook.com\/La-Sentinelle-104059864394773","article_published_time":"2025-07-17T09:18:36+00:00","article_modified_time":"2025-07-18T19:21:27+00:00","og_image":[{"width":803,"height":565,"url":"https:\/\/lasentinelle.dz\/wp-content\/uploads\/2025\/06\/incendie.png","type":"image\/png"}],"author":"admin","twitter_card":"summary_large_image","twitter_misc":{"\u00c9crit par":"admin","Dur\u00e9e de lecture estim\u00e9e":"3 minutes"},"schema":{"@context":"https:\/\/schema.org","@graph":[{"@type":"Article","@id":"https:\/\/lasentinelle.dz\/index.php\/2025\/07\/17\/feux-de-forets-le-ministere-de-linterieur-appelle-a-la-responsabilite\/#article","isPartOf":{"@id":"https:\/\/lasentinelle.dz\/index.php\/2025\/07\/17\/feux-de-forets-le-ministere-de-linterieur-appelle-a-la-responsabilite\/"},"author":{"name":"admin","@id":"https:\/\/lasentinelle.dz\/#\/schema\/person\/729ee0024f24e0b8c5ec17232f8e8b41"},"headline":"Feux de for\u00eats : Le minist\u00e8re de l&rsquo;Int\u00e9rieur appelle \u00e0 la responsabilit\u00e9","datePublished":"2025-07-17T09:18:36+00:00","dateModified":"2025-07-18T19:21:27+00:00","mainEntityOfPage":{"@id":"https:\/\/lasentinelle.dz\/index.php\/2025\/07\/17\/feux-de-forets-le-ministere-de-linterieur-appelle-a-la-responsabilite\/"},"wordCount":521,"commentCount":0,"publisher":{"@id":"https:\/\/lasentinelle.dz\/#organization"},"image":{"@id":"https:\/\/lasentinelle.dz\/index.php\/2025\/07\/17\/feux-de-forets-le-ministere-de-linterieur-appelle-a-la-responsabilite\/#primaryimage"},"thumbnailUrl":"https:\/\/lasentinelle.dz\/wp-content\/uploads\/2025\/06\/incendie.png","articleSection":["Actualit\u00e9"],"inLanguage":"fr-FR","potentialAction":[{"@type":"CommentAction","name":"Comment","target":["https:\/\/lasentinelle.dz\/index.php\/2025\/07\/17\/feux-de-forets-le-ministere-de-linterieur-appelle-a-la-responsabilite\/#respond"]}]},{"@type":"WebPage","@id":"https:\/\/lasentinelle.dz\/index.php\/2025\/07\/17\/feux-de-forets-le-ministere-de-linterieur-appelle-a-la-responsabilite\/","url":"https:\/\/lasentinelle.dz\/index.php\/2025\/07\/17\/feux-de-forets-le-ministere-de-linterieur-appelle-a-la-responsabilite\/","name":"Feux de for\u00eats : Le minist\u00e8re de l&rsquo;Int\u00e9rieur appelle \u00e0 la responsabilit\u00e9 - La Sentinelle","isPartOf":{"@id":"https:\/\/lasentinelle.dz\/#website"},"primaryImageOfPage":{"@id":"https:\/\/lasentinelle.dz\/index.php\/2025\/07\/17\/feux-de-forets-le-ministere-de-linterieur-appelle-a-la-responsabilite\/#primaryimage"},"image":{"@id":"https:\/\/lasentinelle.dz\/index.php\/2025\/07\/17\/feux-de-forets-le-ministere-de-linterieur-appelle-a-la-responsabilite\/#primaryimage"},"thumbnailUrl":"https:\/\/lasentinelle.dz\/wp-content\/uploads\/2025\/06\/incendie.png","datePublished":"2025-07-17T09:18:36+00:00","dateModified":"2025-07-18T19:21:27+00:00","breadcrumb":{"@id":"https:\/\/lasentinelle.dz\/index.php\/2025\/07\/17\/feux-de-forets-le-ministere-de-linterieur-appelle-a-la-responsabilite\/#breadcrumb"},"inLanguage":"fr-FR","potentialAction":[{"@type":"ReadAction","target":["https:\/\/lasentinelle.dz\/index.php\/2025\/07\/17\/feux-de-forets-le-ministere-de-linterieur-appelle-a-la-responsabilite\/"]}]},{"@type":"ImageObject","inLanguage":"fr-FR","@id":"https:\/\/lasentinelle.dz\/index.php\/2025\/07\/17\/feux-de-forets-le-ministere-de-linterieur-appelle-a-la-responsabilite\/#primaryimage","url":"https:\/\/lasentinelle.dz\/wp-content\/uploads\/2025\/06\/incendie.png","contentUrl":"https:\/\/lasentinelle.dz\/wp-content\/uploads\/2025\/06\/incendie.png","width":803,"height":565},{"@type":"BreadcrumbList","@id":"https:\/\/lasentinelle.dz\/index.php\/2025\/07\/17\/feux-de-forets-le-ministere-de-linterieur-appelle-a-la-responsabilite\/#breadcrumb","itemListElement":[{"@type":"ListItem","position":1,"name":"Accueil","item":"https:\/\/lasentinelle.dz\/"},{"@type":"ListItem","position":2,"name":"Feux de for\u00eats : Le minist\u00e8re de l&rsquo;Int\u00e9rieur appelle \u00e0 la responsabilit\u00e9"}]},{"@type":"WebSite","@id":"https:\/\/lasentinelle.dz\/#website","url":"https:\/\/lasentinelle.dz\/","name":"La Sentinelle","description":"Quotidien national d&#039;information","publisher":{"@id":"https:\/\/lasentinelle.dz\/#organization"},"potentialAction":[{"@type":"SearchAction","target":{"@type":"EntryPoint","urlTemplate":"https:\/\/lasentinelle.dz\/?s={search_term_string}"},"query-input":{"@type":"PropertyValueSpecification","valueRequired":true,"valueName":"search_term_string"}}],"inLanguage":"fr-FR"},{"@type":"Organization","@id":"https:\/\/lasentinelle.dz\/#organization","name":"Quotidien La Sentinelle","url":"https:\/\/lasentinelle.dz\/","logo":{"@type":"ImageObject","inLanguage":"fr-FR","@id":"https:\/\/lasentinelle.dz\/#\/schema\/logo\/image\/","url":"https:\/\/lasentinelle.dz\/wp-content\/uploads\/2021\/09\/logo-sentinelleSLOGAN-1.png","contentUrl":"https:\/\/lasentinelle.dz\/wp-content\/uploads\/2021\/09\/logo-sentinelleSLOGAN-1.png","width":615,"height":142,"caption":"Quotidien La Sentinelle"},"image":{"@id":"https:\/\/lasentinelle.dz\/#\/schema\/logo\/image\/"},"sameAs":["https:\/\/www.facebook.com\/La-Sentinelle-104059864394773"]},{"@type":"Person","@id":"https:\/\/lasentinelle.dz\/#\/schema\/person\/729ee0024f24e0b8c5ec17232f8e8b41","name":"admin","image":{"@type":"ImageObject","inLanguage":"fr-FR","@id":"https:\/\/secure.gravatar.com\/avatar\/4c81fed838786e9b53f540bf46533e750f5d292099ae3b66cfc6fb1982e29df7?s=96&d=mm&r=g","url":"https:\/\/secure.gravatar.com\/avatar\/4c81fed838786e9b53f540bf46533e750f5d292099ae3b66cfc6fb1982e29df7?s=96&d=mm&r=g","contentUrl":"https:\/\/secure.gravatar.com\/avatar\/4c81fed838786e9b53f540bf46533e750f5d292099ae3b66cfc6fb1982e29df7?s=96&d=mm&r=g","caption":"admin"},"description":"admin","url":"https:\/\/lasentinelle.dz\/author\/admin\/"}]}},"_links":{"self":[{"href":"https:\/\/lasentinelle.dz\/index.php\/wp-json\/wp\/v2\/posts\/70476","targetHints":{"allow":["GET"]}}],"collection":[{"href":"https:\/\/lasentinelle.dz\/index.php\/wp-json\/wp\/v2\/posts"}],"about":[{"href":"https:\/\/lasentinelle.dz\/index.php\/wp-json\/wp\/v2\/types\/post"}],"author":[{"embeddable":true,"href":"https:\/\/lasentinelle.dz\/index.php\/wp-json\/wp\/v2\/users\/6"}],"replies":[{"embeddable":true,"href":"https:\/\/lasentinelle.dz\/index.php\/wp-json\/wp\/v2\/comments?post=70476"}],"version-history":[{"count":2,"href":"https:\/\/lasentinelle.dz\/index.php\/wp-json\/wp\/v2\/posts\/70476\/revisions"}],"predecessor-version":[{"id":70478,"href":"https:\/\/lasentinelle.dz\/index.php\/wp-json\/wp\/v2\/posts\/70476\/revisions\/70478"}],"wp:featuredmedia":[{"embeddable":true,"href":"https:\/\/lasentinelle.dz\/index.php\/wp-json\/wp\/v2\/media\/69479"}],"wp:attachment":[{"href":"https:\/\/lasentinelle.dz\/index.php\/wp-json\/wp\/v2\/media?parent=70476"}],"wp:term":[{"taxonomy":"category","embeddable":true,"href":"https:\/\/lasentinelle.dz\/index.php\/wp-json\/wp\/v2\/categories?post=70476"},{"taxonomy":"post_tag","embeddable":true,"href":"https:\/\/lasentinelle.dz\/index.php\/wp-json\/wp\/v2\/tags?post=70476"}],"curies":[{"name":"wp","href":"https:\/\/api.w.org\/{rel}","templated":true}]}}