{"id":70479,"date":"2025-07-17T10:19:52","date_gmt":"2025-07-17T09:19:52","guid":{"rendered":"https:\/\/lasentinelle.dz\/?p=70479"},"modified":"2025-07-18T20:21:44","modified_gmt":"2025-07-18T19:21:44","slug":"soudan-lonu-exprime-son-inquietude-face-a-lescalade-de-la-violence","status":"publish","type":"post","link":"https:\/\/lasentinelle.dz\/index.php\/2025\/07\/17\/soudan-lonu-exprime-son-inquietude-face-a-lescalade-de-la-violence\/","title":{"rendered":"Soudan : L&rsquo;ONU exprime son inqui\u00e9tude face \u00e0 l&rsquo;escalade de la violence"},"content":{"rendered":"\n<p>Les responsables humanitaires de l&rsquo;Organisation des Nations Unies ont exprim\u00e9 mardi leurs graves inqui\u00e9tudes concernant l&rsquo;escalade des affrontements au Soudan, particuli\u00e8rement les attaques dans l&rsquo;\u00c9tat du Kordofan-Nord. Le Bureau de la coordination des affaires humanitaires des Nations Unies (OCHA) a rapport\u00e9 que les attaques perp\u00e9tr\u00e9es entre jeudi et dimanche contre des villages pr\u00e8s de Bara, dans le Kordofan-Nord, auraient fait au moins 300 morts, incluant des enfants et des femmes enceintes. De nombreuses autres personnes ont \u00e9t\u00e9 bless\u00e9es, des maisons ont \u00e9t\u00e9 pill\u00e9es et incendi\u00e9es, et des populations ont \u00e9t\u00e9 d\u00e9plac\u00e9es. L&rsquo;OCHA a pr\u00e9cis\u00e9 que la perturbation des communications emp\u00eachait de confirmer le nombre exact de victimes. Le bureau s&rsquo;est \u00e9galement dit alarm\u00e9 par les informations faisant \u00e9tat de nouveaux bombardements \u00e0 El-Obeid, la capitale de l&rsquo;\u00c9tat, renfor\u00e7ant les craintes et l&rsquo;ins\u00e9curit\u00e9. Dans l&rsquo;\u00c9tat du Kordofan-Ouest, les attaques contre les villages d&rsquo;Al-Foulah et d&rsquo;Abou Zabad auraient fait plus de 20 morts, notamment \u00e0 travers un raid a\u00e9rien contre une \u00e9cole abritant des familles d\u00e9plac\u00e9es. Les paramilitaires des Forces de soutien rapide (FSR) ont pris d&rsquo;assaut plusieurs villages dans la province de Kordofan, au centre du pays. Un groupe d&rsquo;avocats les accuse d&rsquo;avoir men\u00e9 des raids meurtriers faisant pr\u00e8s de 300 morts, dont des enfants et des femmes enceintes. Ces attaques surviennent alors que les combats entre paramilitaires et l&rsquo;arm\u00e9e se poursuivent \u00e9galement dans l&rsquo;ouest du pays. Pr\u00e8s de 27 mois se sont \u00e9coul\u00e9s depuis le d\u00e9but des combats entre les Forces arm\u00e9es soudanaises (FAS) et les paramilitaires des Forces de soutien rapide (FSR), cr\u00e9ant une crise humanitaire sans pr\u00e9c\u00e9dent. L&rsquo;ONU est gravement pr\u00e9occup\u00e9e par l&rsquo;escalade des hostilit\u00e9s \u00e0 El Fasher, la capitale assi\u00e9g\u00e9e de l&rsquo;\u00c9tat du Darfour du Nord. Un grand nombre de combattants des FSR auraient p\u00e9n\u00e9tr\u00e9 dans la ville vendredi pour la premi\u00e8re fois depuis le d\u00e9but du si\u00e8ge il y a plus d&rsquo;un an. Des sources locales rapportent que les violents combats r\u00e9cents, en particulier dans le sud-ouest et l&rsquo;est d&rsquo;El Fasher, ont fait des victimes parmi les civils. La situation reste tr\u00e8s instable et impr\u00e9visible, avec un risque s\u00e9rieux de reprise des violences, ainsi que de nouveaux d\u00e9placements et perturbations des op\u00e9rations humanitaires, qui sont d\u00e9j\u00e0 soumises \u00e0 de fortes pressions, selon l&rsquo;OCHA. Dans l&rsquo;\u00c9tat du Kordofan du Nord, l&rsquo;ins\u00e9curit\u00e9 croissante a contraint 3.400 personnes \u00e0 fuir leurs foyers au cours du week-end, a indiqu\u00e9 l&rsquo;Organisation internationale pour les migrations (OIM) des Nations Unies. Selon des informations locales, au moins 18 civils ont \u00e9t\u00e9 tu\u00e9s et des maisons ont \u00e9t\u00e9 incendi\u00e9es dans plusieurs villages. De fortes pluies ont \u00e9t\u00e9 signal\u00e9es dans les \u00c9tats du Darfour de l&rsquo;Ouest et du Centre, ce qui pourrait affecter l&rsquo;\u00e9tat des routes dans certaines localit\u00e9s et aggraver les difficult\u00e9s auxquelles sont d\u00e9j\u00e0 confront\u00e9s les travailleurs humanitaires pour acc\u00e9der aux personnes dans le besoin. La saison des pluies, qui se poursuit jusqu&rsquo;en octobre, accentue les risques d&rsquo;inondations, de difficult\u00e9s d&rsquo;acc\u00e8s et d&rsquo;\u00e9pid\u00e9mies. Ces dangers sont particuli\u00e8rement \u00e9lev\u00e9s pendant cette p\u00e9riode critique de transition entre les r\u00e9coltes, lorsque les stocks alimentaires sont traditionnellement faibles, a averti l&rsquo;OCHA. Malgr\u00e9 la crise, des signes de retours \u00e0 petite \u00e9chelle sont visibles dans l&rsquo;\u00c9tat du Darfour de l&rsquo;Ouest, o\u00f9 des familles d\u00e9plac\u00e9es sont revenues du Tchad vers trois localit\u00e9s &#8211; Sirba, Jebel Moon et Kulbus &#8211; pour cultiver leurs terres. Les autorit\u00e9s locales signalent qu&rsquo;environ 40 personnes reviennent chaque jour \u00e0 Kulbus, et que 300 sont arriv\u00e9es au cours de la semaine derni\u00e8re. L&rsquo;OCHA a rappel\u00e9 \u00e0 toutes les parties que les attaques contre les civils et les infrastructures civiles sont interdites par le droit international humanitaire et que les civils doivent \u00eatre prot\u00e9g\u00e9s en tout temps. Le bureau a d\u00e9plor\u00e9 que ces incidents constituent un nouveau rappel tragique du lourd tribut que le conflit fait payer aux civils \u00e0 travers le Soudan. L&rsquo;OCHA a soulign\u00e9 que les civils et les infrastructures civiles, notamment les \u00e9coles, les habitations, les abris et les biens humanitaires, ne doivent jamais \u00eatre pris pour cible, et a appel\u00e9 toutes les parties au conflit \u00e0 respecter pleinement leurs obligations en vertu du droit international humanitaire. L&rsquo;organisation a exhort\u00e9 toutes les parties \u00e0 permettre un acc\u00e8s s\u00fbr et sans entrave \u00e0 toutes les personnes dans le besoin \u00e0 travers le Soudan, et a appel\u00e9 les donateurs \u00e0 renforcer leur soutien. Quelque 30 millions de personnes dans tout le pays, soit plus de la moiti\u00e9 de la population, ont besoin d&rsquo;une aide et d&rsquo;une protection vitales cette ann\u00e9e.<\/p>\n\n\n\n<p>L.S.<\/p>\n","protected":false},"excerpt":{"rendered":"<p>Les responsables humanitaires de l&rsquo;Organisation des Nations Unies ont exprim\u00e9 mardi leurs graves inqui\u00e9tudes concernant l&rsquo;escalade des affrontements au Soudan,<\/p>\n","protected":false},"author":6,"featured_media":52835,"comment_status":"open","ping_status":"closed","sticky":false,"template":"","format":"standard","meta":{"colormag_page_container_layout":"default_layout","colormag_page_sidebar_layout":"default_layout","om_disable_all_campaigns":false,"_monsterinsights_skip_tracking":false,"_monsterinsights_sitenote_active":false,"_monsterinsights_sitenote_note":"","_monsterinsights_sitenote_category":0,"footnotes":"","_wpscppro_dont_share_socialmedia":false,"_wpscppro_custom_social_share_image":0,"_facebook_share_type":"default","_twitter_share_type":"default","_linkedin_share_type":"default","_pinterest_share_type":"default","_linkedin_share_type_page":"","_instagram_share_type":"default","_medium_share_type":"default","_threads_share_type":"","_google_business_share_type":"","_selected_social_profile":[],"_wpsp_enable_custom_social_template":false,"_wpsp_social_scheduling":{"enabled":false,"datetime":null,"platforms":[],"status":"template_only","dateOption":"today","timeOption":"now","customDays":"","customHours":"","customDate":"","customTime":"","schedulingType":"absolute"},"_wpsp_active_default_template":true},"categories":[37],"tags":[],"class_list":["post-70479","post","type-post","status-publish","format-standard","has-post-thumbnail","hentry","category-monde"],"aioseo_notices":[],"yoast_head":"<!-- This site is optimized with the Yoast SEO plugin v27.5 - https:\/\/yoast.com\/product\/yoast-seo-wordpress\/ -->\n<title>Soudan : L&rsquo;ONU exprime son inqui\u00e9tude face \u00e0 l&rsquo;escalade de la violence - La Sentinelle<\/title>\n<meta name=\"robots\" content=\"index, follow, max-snippet:-1, max-image-preview:large, max-video-preview:-1\" \/>\n<link rel=\"canonical\" href=\"https:\/\/lasentinelle.dz\/index.php\/2025\/07\/17\/soudan-lonu-exprime-son-inquietude-face-a-lescalade-de-la-violence\/\" \/>\n<meta property=\"og:locale\" content=\"fr_FR\" \/>\n<meta property=\"og:type\" content=\"article\" \/>\n<meta property=\"og:title\" content=\"Soudan : L&rsquo;ONU exprime son inqui\u00e9tude face \u00e0 l&rsquo;escalade de la violence - La Sentinelle\" \/>\n<meta property=\"og:description\" content=\"Les responsables humanitaires de l&rsquo;Organisation des Nations Unies ont exprim\u00e9 mardi leurs graves inqui\u00e9tudes concernant l&rsquo;escalade des affrontements au Soudan,\" \/>\n<meta property=\"og:url\" content=\"https:\/\/lasentinelle.dz\/index.php\/2025\/07\/17\/soudan-lonu-exprime-son-inquietude-face-a-lescalade-de-la-violence\/\" \/>\n<meta property=\"og:site_name\" content=\"La Sentinelle\" \/>\n<meta property=\"article:publisher\" content=\"https:\/\/www.facebook.com\/La-Sentinelle-104059864394773\" \/>\n<meta property=\"article:published_time\" content=\"2025-07-17T09:19:52+00:00\" \/>\n<meta property=\"article:modified_time\" content=\"2025-07-18T19:21:44+00:00\" \/>\n<meta property=\"og:image\" content=\"https:\/\/lasentinelle.dz\/wp-content\/uploads\/2024\/05\/soudan.jpeg\" \/>\n\t<meta property=\"og:image:width\" content=\"664\" \/>\n\t<meta property=\"og:image:height\" content=\"443\" \/>\n\t<meta property=\"og:image:type\" content=\"image\/jpeg\" \/>\n<meta name=\"author\" content=\"admin\" \/>\n<meta name=\"twitter:card\" content=\"summary_large_image\" \/>\n<meta name=\"twitter:label1\" content=\"\u00c9crit par\" \/>\n\t<meta name=\"twitter:data1\" content=\"admin\" \/>\n\t<meta name=\"twitter:label2\" content=\"Dur\u00e9e de lecture estim\u00e9e\" \/>\n\t<meta name=\"twitter:data2\" content=\"4 minutes\" \/>\n<script type=\"application\/ld+json\" class=\"yoast-schema-graph\">{\"@context\":\"https:\\\/\\\/schema.org\",\"@graph\":[{\"@type\":\"Article\",\"@id\":\"https:\\\/\\\/lasentinelle.dz\\\/index.php\\\/2025\\\/07\\\/17\\\/soudan-lonu-exprime-son-inquietude-face-a-lescalade-de-la-violence\\\/#article\",\"isPartOf\":{\"@id\":\"https:\\\/\\\/lasentinelle.dz\\\/index.php\\\/2025\\\/07\\\/17\\\/soudan-lonu-exprime-son-inquietude-face-a-lescalade-de-la-violence\\\/\"},\"author\":{\"name\":\"admin\",\"@id\":\"https:\\\/\\\/lasentinelle.dz\\\/#\\\/schema\\\/person\\\/729ee0024f24e0b8c5ec17232f8e8b41\"},\"headline\":\"Soudan : L&rsquo;ONU exprime son inqui\u00e9tude face \u00e0 l&rsquo;escalade de la violence\",\"datePublished\":\"2025-07-17T09:19:52+00:00\",\"dateModified\":\"2025-07-18T19:21:44+00:00\",\"mainEntityOfPage\":{\"@id\":\"https:\\\/\\\/lasentinelle.dz\\\/index.php\\\/2025\\\/07\\\/17\\\/soudan-lonu-exprime-son-inquietude-face-a-lescalade-de-la-violence\\\/\"},\"wordCount\":840,\"commentCount\":0,\"publisher\":{\"@id\":\"https:\\\/\\\/lasentinelle.dz\\\/#organization\"},\"image\":{\"@id\":\"https:\\\/\\\/lasentinelle.dz\\\/index.php\\\/2025\\\/07\\\/17\\\/soudan-lonu-exprime-son-inquietude-face-a-lescalade-de-la-violence\\\/#primaryimage\"},\"thumbnailUrl\":\"https:\\\/\\\/lasentinelle.dz\\\/wp-content\\\/uploads\\\/2024\\\/05\\\/soudan.jpeg\",\"articleSection\":[\"Monde\"],\"inLanguage\":\"fr-FR\",\"potentialAction\":[{\"@type\":\"CommentAction\",\"name\":\"Comment\",\"target\":[\"https:\\\/\\\/lasentinelle.dz\\\/index.php\\\/2025\\\/07\\\/17\\\/soudan-lonu-exprime-son-inquietude-face-a-lescalade-de-la-violence\\\/#respond\"]}]},{\"@type\":\"WebPage\",\"@id\":\"https:\\\/\\\/lasentinelle.dz\\\/index.php\\\/2025\\\/07\\\/17\\\/soudan-lonu-exprime-son-inquietude-face-a-lescalade-de-la-violence\\\/\",\"url\":\"https:\\\/\\\/lasentinelle.dz\\\/index.php\\\/2025\\\/07\\\/17\\\/soudan-lonu-exprime-son-inquietude-face-a-lescalade-de-la-violence\\\/\",\"name\":\"Soudan : L&rsquo;ONU exprime son inqui\u00e9tude face \u00e0 l&rsquo;escalade de la violence - La Sentinelle\",\"isPartOf\":{\"@id\":\"https:\\\/\\\/lasentinelle.dz\\\/#website\"},\"primaryImageOfPage\":{\"@id\":\"https:\\\/\\\/lasentinelle.dz\\\/index.php\\\/2025\\\/07\\\/17\\\/soudan-lonu-exprime-son-inquietude-face-a-lescalade-de-la-violence\\\/#primaryimage\"},\"image\":{\"@id\":\"https:\\\/\\\/lasentinelle.dz\\\/index.php\\\/2025\\\/07\\\/17\\\/soudan-lonu-exprime-son-inquietude-face-a-lescalade-de-la-violence\\\/#primaryimage\"},\"thumbnailUrl\":\"https:\\\/\\\/lasentinelle.dz\\\/wp-content\\\/uploads\\\/2024\\\/05\\\/soudan.jpeg\",\"datePublished\":\"2025-07-17T09:19:52+00:00\",\"dateModified\":\"2025-07-18T19:21:44+00:00\",\"breadcrumb\":{\"@id\":\"https:\\\/\\\/lasentinelle.dz\\\/index.php\\\/2025\\\/07\\\/17\\\/soudan-lonu-exprime-son-inquietude-face-a-lescalade-de-la-violence\\\/#breadcrumb\"},\"inLanguage\":\"fr-FR\",\"potentialAction\":[{\"@type\":\"ReadAction\",\"target\":[\"https:\\\/\\\/lasentinelle.dz\\\/index.php\\\/2025\\\/07\\\/17\\\/soudan-lonu-exprime-son-inquietude-face-a-lescalade-de-la-violence\\\/\"]}]},{\"@type\":\"ImageObject\",\"inLanguage\":\"fr-FR\",\"@id\":\"https:\\\/\\\/lasentinelle.dz\\\/index.php\\\/2025\\\/07\\\/17\\\/soudan-lonu-exprime-son-inquietude-face-a-lescalade-de-la-violence\\\/#primaryimage\",\"url\":\"https:\\\/\\\/lasentinelle.dz\\\/wp-content\\\/uploads\\\/2024\\\/05\\\/soudan.jpeg\",\"contentUrl\":\"https:\\\/\\\/lasentinelle.dz\\\/wp-content\\\/uploads\\\/2024\\\/05\\\/soudan.jpeg\",\"width\":664,\"height\":443,\"caption\":\"A man stands by as a fire rages in a livestock market area in al-Fasher, the capital of Sudan's North Darfur state, on September 1, 2023, in the aftermath of bombardment by the paramilitary Rapid Support Forces (RSF). The conflict between Sudan's army under General Abdel Fattah al-Burhan and the RSF commanded by Mohamed Hamdan Daglo spread in late August 2023 to North Darfur state, with at least 27 localities burned down by the RSF and allied Arab militias, according to the Humanitarian Research Lab at the Yale School of Public Health. (Photo by AFP)\"},{\"@type\":\"BreadcrumbList\",\"@id\":\"https:\\\/\\\/lasentinelle.dz\\\/index.php\\\/2025\\\/07\\\/17\\\/soudan-lonu-exprime-son-inquietude-face-a-lescalade-de-la-violence\\\/#breadcrumb\",\"itemListElement\":[{\"@type\":\"ListItem\",\"position\":1,\"name\":\"Accueil\",\"item\":\"https:\\\/\\\/lasentinelle.dz\\\/\"},{\"@type\":\"ListItem\",\"position\":2,\"name\":\"Soudan : L&rsquo;ONU exprime son inqui\u00e9tude face \u00e0 l&rsquo;escalade de la violence\"}]},{\"@type\":\"WebSite\",\"@id\":\"https:\\\/\\\/lasentinelle.dz\\\/#website\",\"url\":\"https:\\\/\\\/lasentinelle.dz\\\/\",\"name\":\"La Sentinelle\",\"description\":\"Quotidien national d&#039;information\",\"publisher\":{\"@id\":\"https:\\\/\\\/lasentinelle.dz\\\/#organization\"},\"potentialAction\":[{\"@type\":\"SearchAction\",\"target\":{\"@type\":\"EntryPoint\",\"urlTemplate\":\"https:\\\/\\\/lasentinelle.dz\\\/?s={search_term_string}\"},\"query-input\":{\"@type\":\"PropertyValueSpecification\",\"valueRequired\":true,\"valueName\":\"search_term_string\"}}],\"inLanguage\":\"fr-FR\"},{\"@type\":\"Organization\",\"@id\":\"https:\\\/\\\/lasentinelle.dz\\\/#organization\",\"name\":\"Quotidien La Sentinelle\",\"url\":\"https:\\\/\\\/lasentinelle.dz\\\/\",\"logo\":{\"@type\":\"ImageObject\",\"inLanguage\":\"fr-FR\",\"@id\":\"https:\\\/\\\/lasentinelle.dz\\\/#\\\/schema\\\/logo\\\/image\\\/\",\"url\":\"https:\\\/\\\/lasentinelle.dz\\\/wp-content\\\/uploads\\\/2021\\\/09\\\/logo-sentinelleSLOGAN-1.png\",\"contentUrl\":\"https:\\\/\\\/lasentinelle.dz\\\/wp-content\\\/uploads\\\/2021\\\/09\\\/logo-sentinelleSLOGAN-1.png\",\"width\":615,\"height\":142,\"caption\":\"Quotidien La Sentinelle\"},\"image\":{\"@id\":\"https:\\\/\\\/lasentinelle.dz\\\/#\\\/schema\\\/logo\\\/image\\\/\"},\"sameAs\":[\"https:\\\/\\\/www.facebook.com\\\/La-Sentinelle-104059864394773\"]},{\"@type\":\"Person\",\"@id\":\"https:\\\/\\\/lasentinelle.dz\\\/#\\\/schema\\\/person\\\/729ee0024f24e0b8c5ec17232f8e8b41\",\"name\":\"admin\",\"image\":{\"@type\":\"ImageObject\",\"inLanguage\":\"fr-FR\",\"@id\":\"https:\\\/\\\/secure.gravatar.com\\\/avatar\\\/4c81fed838786e9b53f540bf46533e750f5d292099ae3b66cfc6fb1982e29df7?s=96&d=mm&r=g\",\"url\":\"https:\\\/\\\/secure.gravatar.com\\\/avatar\\\/4c81fed838786e9b53f540bf46533e750f5d292099ae3b66cfc6fb1982e29df7?s=96&d=mm&r=g\",\"contentUrl\":\"https:\\\/\\\/secure.gravatar.com\\\/avatar\\\/4c81fed838786e9b53f540bf46533e750f5d292099ae3b66cfc6fb1982e29df7?s=96&d=mm&r=g\",\"caption\":\"admin\"},\"description\":\"admin\",\"url\":\"https:\\\/\\\/lasentinelle.dz\\\/author\\\/admin\\\/\"}]}<\/script>\n<!-- \/ Yoast SEO plugin. -->","yoast_head_json":{"title":"Soudan : L&rsquo;ONU exprime son inqui\u00e9tude face \u00e0 l&rsquo;escalade de la violence - La Sentinelle","robots":{"index":"index","follow":"follow","max-snippet":"max-snippet:-1","max-image-preview":"max-image-preview:large","max-video-preview":"max-video-preview:-1"},"canonical":"https:\/\/lasentinelle.dz\/index.php\/2025\/07\/17\/soudan-lonu-exprime-son-inquietude-face-a-lescalade-de-la-violence\/","og_locale":"fr_FR","og_type":"article","og_title":"Soudan : L&rsquo;ONU exprime son inqui\u00e9tude face \u00e0 l&rsquo;escalade de la violence - La Sentinelle","og_description":"Les responsables humanitaires de l&rsquo;Organisation des Nations Unies ont exprim\u00e9 mardi leurs graves inqui\u00e9tudes concernant l&rsquo;escalade des affrontements au Soudan,","og_url":"https:\/\/lasentinelle.dz\/index.php\/2025\/07\/17\/soudan-lonu-exprime-son-inquietude-face-a-lescalade-de-la-violence\/","og_site_name":"La Sentinelle","article_publisher":"https:\/\/www.facebook.com\/La-Sentinelle-104059864394773","article_published_time":"2025-07-17T09:19:52+00:00","article_modified_time":"2025-07-18T19:21:44+00:00","og_image":[{"width":664,"height":443,"url":"https:\/\/lasentinelle.dz\/wp-content\/uploads\/2024\/05\/soudan.jpeg","type":"image\/jpeg"}],"author":"admin","twitter_card":"summary_large_image","twitter_misc":{"\u00c9crit par":"admin","Dur\u00e9e de lecture estim\u00e9e":"4 minutes"},"schema":{"@context":"https:\/\/schema.org","@graph":[{"@type":"Article","@id":"https:\/\/lasentinelle.dz\/index.php\/2025\/07\/17\/soudan-lonu-exprime-son-inquietude-face-a-lescalade-de-la-violence\/#article","isPartOf":{"@id":"https:\/\/lasentinelle.dz\/index.php\/2025\/07\/17\/soudan-lonu-exprime-son-inquietude-face-a-lescalade-de-la-violence\/"},"author":{"name":"admin","@id":"https:\/\/lasentinelle.dz\/#\/schema\/person\/729ee0024f24e0b8c5ec17232f8e8b41"},"headline":"Soudan : L&rsquo;ONU exprime son inqui\u00e9tude face \u00e0 l&rsquo;escalade de la violence","datePublished":"2025-07-17T09:19:52+00:00","dateModified":"2025-07-18T19:21:44+00:00","mainEntityOfPage":{"@id":"https:\/\/lasentinelle.dz\/index.php\/2025\/07\/17\/soudan-lonu-exprime-son-inquietude-face-a-lescalade-de-la-violence\/"},"wordCount":840,"commentCount":0,"publisher":{"@id":"https:\/\/lasentinelle.dz\/#organization"},"image":{"@id":"https:\/\/lasentinelle.dz\/index.php\/2025\/07\/17\/soudan-lonu-exprime-son-inquietude-face-a-lescalade-de-la-violence\/#primaryimage"},"thumbnailUrl":"https:\/\/lasentinelle.dz\/wp-content\/uploads\/2024\/05\/soudan.jpeg","articleSection":["Monde"],"inLanguage":"fr-FR","potentialAction":[{"@type":"CommentAction","name":"Comment","target":["https:\/\/lasentinelle.dz\/index.php\/2025\/07\/17\/soudan-lonu-exprime-son-inquietude-face-a-lescalade-de-la-violence\/#respond"]}]},{"@type":"WebPage","@id":"https:\/\/lasentinelle.dz\/index.php\/2025\/07\/17\/soudan-lonu-exprime-son-inquietude-face-a-lescalade-de-la-violence\/","url":"https:\/\/lasentinelle.dz\/index.php\/2025\/07\/17\/soudan-lonu-exprime-son-inquietude-face-a-lescalade-de-la-violence\/","name":"Soudan : L&rsquo;ONU exprime son inqui\u00e9tude face \u00e0 l&rsquo;escalade de la violence - La Sentinelle","isPartOf":{"@id":"https:\/\/lasentinelle.dz\/#website"},"primaryImageOfPage":{"@id":"https:\/\/lasentinelle.dz\/index.php\/2025\/07\/17\/soudan-lonu-exprime-son-inquietude-face-a-lescalade-de-la-violence\/#primaryimage"},"image":{"@id":"https:\/\/lasentinelle.dz\/index.php\/2025\/07\/17\/soudan-lonu-exprime-son-inquietude-face-a-lescalade-de-la-violence\/#primaryimage"},"thumbnailUrl":"https:\/\/lasentinelle.dz\/wp-content\/uploads\/2024\/05\/soudan.jpeg","datePublished":"2025-07-17T09:19:52+00:00","dateModified":"2025-07-18T19:21:44+00:00","breadcrumb":{"@id":"https:\/\/lasentinelle.dz\/index.php\/2025\/07\/17\/soudan-lonu-exprime-son-inquietude-face-a-lescalade-de-la-violence\/#breadcrumb"},"inLanguage":"fr-FR","potentialAction":[{"@type":"ReadAction","target":["https:\/\/lasentinelle.dz\/index.php\/2025\/07\/17\/soudan-lonu-exprime-son-inquietude-face-a-lescalade-de-la-violence\/"]}]},{"@type":"ImageObject","inLanguage":"fr-FR","@id":"https:\/\/lasentinelle.dz\/index.php\/2025\/07\/17\/soudan-lonu-exprime-son-inquietude-face-a-lescalade-de-la-violence\/#primaryimage","url":"https:\/\/lasentinelle.dz\/wp-content\/uploads\/2024\/05\/soudan.jpeg","contentUrl":"https:\/\/lasentinelle.dz\/wp-content\/uploads\/2024\/05\/soudan.jpeg","width":664,"height":443,"caption":"A man stands by as a fire rages in a livestock market area in al-Fasher, the capital of Sudan's North Darfur state, on September 1, 2023, in the aftermath of bombardment by the paramilitary Rapid Support Forces (RSF). The conflict between Sudan's army under General Abdel Fattah al-Burhan and the RSF commanded by Mohamed Hamdan Daglo spread in late August 2023 to North Darfur state, with at least 27 localities burned down by the RSF and allied Arab militias, according to the Humanitarian Research Lab at the Yale School of Public Health. (Photo by AFP)"},{"@type":"BreadcrumbList","@id":"https:\/\/lasentinelle.dz\/index.php\/2025\/07\/17\/soudan-lonu-exprime-son-inquietude-face-a-lescalade-de-la-violence\/#breadcrumb","itemListElement":[{"@type":"ListItem","position":1,"name":"Accueil","item":"https:\/\/lasentinelle.dz\/"},{"@type":"ListItem","position":2,"name":"Soudan : L&rsquo;ONU exprime son inqui\u00e9tude face \u00e0 l&rsquo;escalade de la violence"}]},{"@type":"WebSite","@id":"https:\/\/lasentinelle.dz\/#website","url":"https:\/\/lasentinelle.dz\/","name":"La Sentinelle","description":"Quotidien national d&#039;information","publisher":{"@id":"https:\/\/lasentinelle.dz\/#organization"},"potentialAction":[{"@type":"SearchAction","target":{"@type":"EntryPoint","urlTemplate":"https:\/\/lasentinelle.dz\/?s={search_term_string}"},"query-input":{"@type":"PropertyValueSpecification","valueRequired":true,"valueName":"search_term_string"}}],"inLanguage":"fr-FR"},{"@type":"Organization","@id":"https:\/\/lasentinelle.dz\/#organization","name":"Quotidien La Sentinelle","url":"https:\/\/lasentinelle.dz\/","logo":{"@type":"ImageObject","inLanguage":"fr-FR","@id":"https:\/\/lasentinelle.dz\/#\/schema\/logo\/image\/","url":"https:\/\/lasentinelle.dz\/wp-content\/uploads\/2021\/09\/logo-sentinelleSLOGAN-1.png","contentUrl":"https:\/\/lasentinelle.dz\/wp-content\/uploads\/2021\/09\/logo-sentinelleSLOGAN-1.png","width":615,"height":142,"caption":"Quotidien La Sentinelle"},"image":{"@id":"https:\/\/lasentinelle.dz\/#\/schema\/logo\/image\/"},"sameAs":["https:\/\/www.facebook.com\/La-Sentinelle-104059864394773"]},{"@type":"Person","@id":"https:\/\/lasentinelle.dz\/#\/schema\/person\/729ee0024f24e0b8c5ec17232f8e8b41","name":"admin","image":{"@type":"ImageObject","inLanguage":"fr-FR","@id":"https:\/\/secure.gravatar.com\/avatar\/4c81fed838786e9b53f540bf46533e750f5d292099ae3b66cfc6fb1982e29df7?s=96&d=mm&r=g","url":"https:\/\/secure.gravatar.com\/avatar\/4c81fed838786e9b53f540bf46533e750f5d292099ae3b66cfc6fb1982e29df7?s=96&d=mm&r=g","contentUrl":"https:\/\/secure.gravatar.com\/avatar\/4c81fed838786e9b53f540bf46533e750f5d292099ae3b66cfc6fb1982e29df7?s=96&d=mm&r=g","caption":"admin"},"description":"admin","url":"https:\/\/lasentinelle.dz\/author\/admin\/"}]}},"_links":{"self":[{"href":"https:\/\/lasentinelle.dz\/index.php\/wp-json\/wp\/v2\/posts\/70479","targetHints":{"allow":["GET"]}}],"collection":[{"href":"https:\/\/lasentinelle.dz\/index.php\/wp-json\/wp\/v2\/posts"}],"about":[{"href":"https:\/\/lasentinelle.dz\/index.php\/wp-json\/wp\/v2\/types\/post"}],"author":[{"embeddable":true,"href":"https:\/\/lasentinelle.dz\/index.php\/wp-json\/wp\/v2\/users\/6"}],"replies":[{"embeddable":true,"href":"https:\/\/lasentinelle.dz\/index.php\/wp-json\/wp\/v2\/comments?post=70479"}],"version-history":[{"count":2,"href":"https:\/\/lasentinelle.dz\/index.php\/wp-json\/wp\/v2\/posts\/70479\/revisions"}],"predecessor-version":[{"id":70481,"href":"https:\/\/lasentinelle.dz\/index.php\/wp-json\/wp\/v2\/posts\/70479\/revisions\/70481"}],"wp:featuredmedia":[{"embeddable":true,"href":"https:\/\/lasentinelle.dz\/index.php\/wp-json\/wp\/v2\/media\/52835"}],"wp:attachment":[{"href":"https:\/\/lasentinelle.dz\/index.php\/wp-json\/wp\/v2\/media?parent=70479"}],"wp:term":[{"taxonomy":"category","embeddable":true,"href":"https:\/\/lasentinelle.dz\/index.php\/wp-json\/wp\/v2\/categories?post=70479"},{"taxonomy":"post_tag","embeddable":true,"href":"https:\/\/lasentinelle.dz\/index.php\/wp-json\/wp\/v2\/tags?post=70479"}],"curies":[{"name":"wp","href":"https:\/\/api.w.org\/{rel}","templated":true}]}}