{"id":70482,"date":"2025-07-17T10:19:00","date_gmt":"2025-07-17T09:19:00","guid":{"rendered":"https:\/\/lasentinelle.dz\/?p=70482"},"modified":"2025-07-18T20:20:49","modified_gmt":"2025-07-18T19:20:49","slug":"genocide-a-ghaza-francesca-albanese-appelle-a-une-action-mondiale","status":"publish","type":"post","link":"https:\/\/lasentinelle.dz\/index.php\/2025\/07\/17\/genocide-a-ghaza-francesca-albanese-appelle-a-une-action-mondiale\/","title":{"rendered":"G\u00e9nocide \u00e0 Ghaza: Francesca Albanese appelle \u00e0 une action mondiale"},"content":{"rendered":"\n<p>La rapporteuse sp\u00e9ciale des Nations Unies pour Ghaza et la Cisjordanie occup\u00e9e, Francesca Albanese, a lanc\u00e9 un appel pressant aux nations du monde entier pour qu&rsquo;elles prennent des mesures concr\u00e8tes afin de mettre fin au g\u00e9nocide perp\u00e9tr\u00e9 par l&rsquo;entit\u00e9 sioniste dans l&rsquo;enclave assi\u00e9g\u00e9e.<\/p>\n\n\n\n<p>S&rsquo;adressant mardi aux d\u00e9l\u00e9gu\u00e9s de 30 pays r\u00e9unis dans la capitale colombienne, Albanese a d\u00e9clar\u00e9 sans d\u00e9tour que chaque \u00c9tat doit imm\u00e9diatement revoir et suspendre tous ses liens avec l&rsquo;entit\u00e9 sioniste et veiller \u00e0 ce que son secteur priv\u00e9 fasse de m\u00eame. La rapporteuse a soulign\u00e9 que l&rsquo;\u00e9conomie isra\u00e9lienne est structur\u00e9e pour soutenir une occupation qui a d\u00e9sormais pris des allures de g\u00e9nocide. Cette conf\u00e9rence historique, co-pr\u00e9sid\u00e9e par les gouvernements d&rsquo;Afrique du Sud et de Colombie, comprend la participation de d\u00e9l\u00e9gu\u00e9s d&rsquo;Espagne, d&rsquo;Irlande, de Chine, du Qatar et de la Turquie, ainsi que des membres du Groupe de La Haye, une coalition de huit nations qui s&rsquo;est engag\u00e9e \u00e0 rompre les liens militaires avec l&rsquo;entit\u00e9 sioniste et \u00e0 se conformer au mandat d&rsquo;arr\u00eat de la Cour p\u00e9nale internationale contre Netanyahu. Le vice-ministre colombien des Affaires \u00e9trang\u00e8res, Mauricio Jaramillo, a d\u00e9crit la conduite de l&rsquo;entit\u00e9 sioniste \u00e0 Ghaza et en Cisjordanie occup\u00e9e comme un affront \u00e0 l&rsquo;ordre international, pr\u00e9cisant qu&rsquo;il ne s&rsquo;agit pas seulement de la Palestine mais de d\u00e9fendre le droit international et le droit \u00e0 l&rsquo;autod\u00e9termination. Parall\u00e8lement, Albanese a exhort\u00e9 l&rsquo;Union europ\u00e9enne \u00e0 suspendre l&rsquo;accord d&rsquo;association avec l&rsquo;entit\u00e9 sioniste, affirmant que cette d\u00e9marche est dict\u00e9e d&rsquo;abord par les obligations de l&rsquo;Union vis-\u00e0-vis du droit international. Elle a soulign\u00e9 que l&rsquo;UE est l\u00e9galement tenue de suspendre cet accord sign\u00e9 en 1995 et entr\u00e9 en vigueur en 2000, qui repose explicitement sur le respect des droits humains. La rapporteuse a averti que maintenir les \u00e9changes commerciaux avec une \u00e9conomie inextricablement li\u00e9e \u00e0 l&rsquo;occupation, \u00e0 l&rsquo;apartheid et au g\u00e9nocide, c&rsquo;est \u00eatre complice, rappelant que l&rsquo;UE est actuellement le principal partenaire de l&rsquo;entit\u00e9 sioniste en termes d&rsquo;investissement, loin devant m\u00eame les \u00c9tats-Unis. Des centaines de personnes solidaires de la cause palestinienne ont manifest\u00e9 devant le si\u00e8ge du Conseil de l&rsquo;Union europ\u00e9enne \u00e0 Bruxelles pour exiger la suspension imm\u00e9diate de l&rsquo;accord de partenariat et l&rsquo;arr\u00eat total des livraisons d&rsquo;armes \u00e0 l&rsquo;occupant. L&rsquo;urgence de ces appels se justifie par l&rsquo;ampleur du carnage en cours. L&rsquo;entit\u00e9 sioniste a tu\u00e9 plus de 58 573 Palestiniens depuis le 7 octobre 2023, avec 139 607 bless\u00e9s, principalement des femmes et des enfants. Selon les autorit\u00e9s sanitaires palestiniennes, 94 martyrs et 252 bless\u00e9s sont arriv\u00e9s dans les h\u00f4pitaux de Ghaza au cours des derni\u00e8res 24 heures seulement. Les attaques se poursuivent quotidiennement avec une violence inou\u00efe. Mercredi, au moins 20 Palestiniens sont tomb\u00e9s en martyrs dans des bombardements sionistes, notamment neuf personnes qui attendaient de l&rsquo;aide humanitaire dans la rue Al-Tina au sud-ouest de Khan Younes. Trois citoyens, dont un enfant, ont \u00e9galement \u00e9t\u00e9 tu\u00e9s \u00e0 Khan Younes suite au bombardement des tentes de personnes d\u00e9plac\u00e9es dans le quartier d&rsquo;Al-Mawasi. Au centre de Ghaza, quatre Palestiniens, dont trois enfants, sont tomb\u00e9s en martyrs suite \u00e0 un bombardement d&rsquo;une tente pour personnes d\u00e9plac\u00e9es pr\u00e8s du camp de Nuseirat. Mardi, les forces d&rsquo;occupation avaient d\u00e9j\u00e0 caus\u00e9 la mort de 18 Palestiniens dans des frappes a\u00e9riennes, la plupart dans le nord de la bande de Ghaza, avec notamment six personnes tu\u00e9es dans un raid sur une tente \u00e0 Rimal. Deux femmes sont \u00e9galement tomb\u00e9es en martyres par des tirs de l&rsquo;arm\u00e9e sioniste pr\u00e8s d&rsquo;un point de distribution d&rsquo;aide am\u00e9ricaine au nord-ouest de Rafah. Selon un nouveau rapport de l&rsquo;ONU, 875 personnes sont tomb\u00e9es en martyres depuis fin mai en essayant d&rsquo;obtenir de l&rsquo;aide humanitaire, contre 800 dans le pr\u00e9c\u00e9dent bilan. Au total, 851 martyrs et 5634 bless\u00e9s ont \u00e9t\u00e9 recens\u00e9s parmi les Palestiniens qui attendaient l&rsquo;aide humanitaire. Quelque 11 000 Palestiniens seraient ensevelis sous les d\u00e9combres de maisons d\u00e9truites, et les experts estiment que le nombre r\u00e9el de morts pourrait atteindre 200 000La violence s&rsquo;\u00e9tend \u00e9galement en Cisjordanie occup\u00e9e, o\u00f9 les \u00c9tats-Unis ont exig\u00e9 de l&rsquo;entit\u00e9 sioniste une enqu\u00eate approfondie apr\u00e8s la mort en martyr de Saif al-Din Musalat, un Am\u00e9ricano-Palestinien de 20 ans battu \u00e0 mort par des colons sionistes dans le village de Sinjil. Un deuxi\u00e8me Palestinien de 23 ans, Mohammed Rizq Hussein al-Shalabi, est \u00e9galement tomb\u00e9 en martyr au cours de ces m\u00eames affrontements des suites d&rsquo;une blessure par balle \u00e0 la poitrine.<\/p>\n\n\n\n<p>Lyes Sa\u00efdi<\/p>\n\n\n\n<p><strong>Syrie<\/strong><\/p>\n\n\n\n<p><strong>Deux bless\u00e9s dans un bombardement sioniste contre le quartier g\u00e9n\u00e9ral de l&rsquo;\u00e9tat-major \u00e0 Damas<\/strong><\/p>\n\n\n\n<p>Deux personnes ont \u00e9t\u00e9 bless\u00e9es mercredi \u00e0 la suite d&rsquo;un bombardement des forces d&rsquo;occupation sionistes contre le quartier g\u00e9n\u00e9ral de l&rsquo;\u00e9tat-major syrien \u00e0 Damas, ont rapport\u00e9 des sources m\u00e9diatiques syriennes. Selon les m\u00eames sources, l&rsquo;arm\u00e9e sioniste a \u00e9galement tir\u00e9 de nouveaux missiles contre des sites militaires et des rassemblements des forces de s\u00e9curit\u00e9 dans le sud de la Syrie. La t\u00e9l\u00e9vision d&rsquo;Etat syrienne a indiqu\u00e9 que deux civils avaient \u00e9t\u00e9 bless\u00e9s dans un bombardement qui a vis\u00e9 le quartier g\u00e9n\u00e9ral de l&rsquo;\u00e9tat-major syrien dans la capitale Damas. De son c\u00f4t\u00e9, l&rsquo;agence de presse syrienne (SANA) a dit qu&rsquo;une explosion avait retenti \u00e0 Damas, pr\u00e9cisant que des investigations \u00e9taient en cours pour en confirmer la nature de cette d\u00e9tonation. Par ailleurs, les d\u00e9veloppements sur le terrain en Syrie font \u00e9tat de deux missiles lanc\u00e9s par l&rsquo;arm\u00e9e sioniste \u00e0 Soue\u00efda.<\/p>\n\n\n\n<p>APS<\/p>\n","protected":false},"excerpt":{"rendered":"<p>La rapporteuse sp\u00e9ciale des Nations Unies pour Ghaza et la Cisjordanie occup\u00e9e, Francesca Albanese, a lanc\u00e9 un appel pressant aux<\/p>\n","protected":false},"author":6,"featured_media":50709,"comment_status":"open","ping_status":"closed","sticky":false,"template":"","format":"standard","meta":{"colormag_page_container_layout":"default_layout","colormag_page_sidebar_layout":"default_layout","om_disable_all_campaigns":false,"_monsterinsights_skip_tracking":false,"_monsterinsights_sitenote_active":false,"_monsterinsights_sitenote_note":"","_monsterinsights_sitenote_category":0,"footnotes":"","_wpscppro_dont_share_socialmedia":false,"_wpscppro_custom_social_share_image":0,"_facebook_share_type":"default","_twitter_share_type":"default","_linkedin_share_type":"default","_pinterest_share_type":"default","_linkedin_share_type_page":"","_instagram_share_type":"default","_medium_share_type":"default","_threads_share_type":"","_google_business_share_type":"","_selected_social_profile":[],"_wpsp_enable_custom_social_template":false,"_wpsp_social_scheduling":{"enabled":false,"datetime":null,"platforms":[],"status":"template_only","dateOption":"today","timeOption":"now","customDays":"","customHours":"","customDate":"","customTime":"","schedulingType":"absolute"},"_wpsp_active_default_template":true},"categories":[52,37],"tags":[],"class_list":["post-70482","post","type-post","status-publish","format-standard","has-post-thumbnail","hentry","category-a-la-une","category-monde"],"aioseo_notices":[],"yoast_head":"<!-- This site is optimized with the Yoast SEO plugin v27.5 - https:\/\/yoast.com\/product\/yoast-seo-wordpress\/ -->\n<title>G\u00e9nocide \u00e0 Ghaza: Francesca Albanese appelle \u00e0 une action mondiale - La Sentinelle<\/title>\n<meta name=\"robots\" content=\"index, follow, max-snippet:-1, max-image-preview:large, max-video-preview:-1\" \/>\n<link rel=\"canonical\" href=\"https:\/\/lasentinelle.dz\/index.php\/2025\/07\/17\/genocide-a-ghaza-francesca-albanese-appelle-a-une-action-mondiale\/\" \/>\n<meta property=\"og:locale\" content=\"fr_FR\" \/>\n<meta property=\"og:type\" content=\"article\" \/>\n<meta property=\"og:title\" content=\"G\u00e9nocide \u00e0 Ghaza: Francesca Albanese appelle \u00e0 une action mondiale - La Sentinelle\" \/>\n<meta property=\"og:description\" content=\"La rapporteuse sp\u00e9ciale des Nations Unies pour Ghaza et la Cisjordanie occup\u00e9e, Francesca Albanese, a lanc\u00e9 un appel pressant aux\" \/>\n<meta property=\"og:url\" content=\"https:\/\/lasentinelle.dz\/index.php\/2025\/07\/17\/genocide-a-ghaza-francesca-albanese-appelle-a-une-action-mondiale\/\" \/>\n<meta property=\"og:site_name\" content=\"La Sentinelle\" \/>\n<meta property=\"article:publisher\" content=\"https:\/\/www.facebook.com\/La-Sentinelle-104059864394773\" \/>\n<meta property=\"article:published_time\" content=\"2025-07-17T09:19:00+00:00\" \/>\n<meta property=\"article:modified_time\" content=\"2025-07-18T19:20:49+00:00\" \/>\n<meta property=\"og:image\" content=\"https:\/\/lasentinelle.dz\/wp-content\/uploads\/2024\/03\/francesca-albanese-anzeichen-voelkermord-gaza.webp\" \/>\n\t<meta property=\"og:image:width\" content=\"980\" \/>\n\t<meta property=\"og:image:height\" content=\"551\" \/>\n\t<meta property=\"og:image:type\" content=\"image\/webp\" \/>\n<meta name=\"author\" content=\"admin\" \/>\n<meta name=\"twitter:card\" content=\"summary_large_image\" \/>\n<meta name=\"twitter:label1\" content=\"\u00c9crit par\" \/>\n\t<meta name=\"twitter:data1\" content=\"admin\" \/>\n\t<meta name=\"twitter:label2\" content=\"Dur\u00e9e de lecture estim\u00e9e\" \/>\n\t<meta name=\"twitter:data2\" content=\"5 minutes\" \/>\n<script type=\"application\/ld+json\" class=\"yoast-schema-graph\">{\"@context\":\"https:\\\/\\\/schema.org\",\"@graph\":[{\"@type\":\"Article\",\"@id\":\"https:\\\/\\\/lasentinelle.dz\\\/index.php\\\/2025\\\/07\\\/17\\\/genocide-a-ghaza-francesca-albanese-appelle-a-une-action-mondiale\\\/#article\",\"isPartOf\":{\"@id\":\"https:\\\/\\\/lasentinelle.dz\\\/index.php\\\/2025\\\/07\\\/17\\\/genocide-a-ghaza-francesca-albanese-appelle-a-une-action-mondiale\\\/\"},\"author\":{\"name\":\"admin\",\"@id\":\"https:\\\/\\\/lasentinelle.dz\\\/#\\\/schema\\\/person\\\/729ee0024f24e0b8c5ec17232f8e8b41\"},\"headline\":\"G\u00e9nocide \u00e0 Ghaza: Francesca Albanese appelle \u00e0 une action mondiale\",\"datePublished\":\"2025-07-17T09:19:00+00:00\",\"dateModified\":\"2025-07-18T19:20:49+00:00\",\"mainEntityOfPage\":{\"@id\":\"https:\\\/\\\/lasentinelle.dz\\\/index.php\\\/2025\\\/07\\\/17\\\/genocide-a-ghaza-francesca-albanese-appelle-a-une-action-mondiale\\\/\"},\"wordCount\":1005,\"commentCount\":0,\"publisher\":{\"@id\":\"https:\\\/\\\/lasentinelle.dz\\\/#organization\"},\"image\":{\"@id\":\"https:\\\/\\\/lasentinelle.dz\\\/index.php\\\/2025\\\/07\\\/17\\\/genocide-a-ghaza-francesca-albanese-appelle-a-une-action-mondiale\\\/#primaryimage\"},\"thumbnailUrl\":\"https:\\\/\\\/lasentinelle.dz\\\/wp-content\\\/uploads\\\/2024\\\/03\\\/francesca-albanese-anzeichen-voelkermord-gaza.webp\",\"articleSection\":[\"\u00c0 la Une\",\"Monde\"],\"inLanguage\":\"fr-FR\",\"potentialAction\":[{\"@type\":\"CommentAction\",\"name\":\"Comment\",\"target\":[\"https:\\\/\\\/lasentinelle.dz\\\/index.php\\\/2025\\\/07\\\/17\\\/genocide-a-ghaza-francesca-albanese-appelle-a-une-action-mondiale\\\/#respond\"]}]},{\"@type\":\"WebPage\",\"@id\":\"https:\\\/\\\/lasentinelle.dz\\\/index.php\\\/2025\\\/07\\\/17\\\/genocide-a-ghaza-francesca-albanese-appelle-a-une-action-mondiale\\\/\",\"url\":\"https:\\\/\\\/lasentinelle.dz\\\/index.php\\\/2025\\\/07\\\/17\\\/genocide-a-ghaza-francesca-albanese-appelle-a-une-action-mondiale\\\/\",\"name\":\"G\u00e9nocide \u00e0 Ghaza: Francesca Albanese appelle \u00e0 une action mondiale - La Sentinelle\",\"isPartOf\":{\"@id\":\"https:\\\/\\\/lasentinelle.dz\\\/#website\"},\"primaryImageOfPage\":{\"@id\":\"https:\\\/\\\/lasentinelle.dz\\\/index.php\\\/2025\\\/07\\\/17\\\/genocide-a-ghaza-francesca-albanese-appelle-a-une-action-mondiale\\\/#primaryimage\"},\"image\":{\"@id\":\"https:\\\/\\\/lasentinelle.dz\\\/index.php\\\/2025\\\/07\\\/17\\\/genocide-a-ghaza-francesca-albanese-appelle-a-une-action-mondiale\\\/#primaryimage\"},\"thumbnailUrl\":\"https:\\\/\\\/lasentinelle.dz\\\/wp-content\\\/uploads\\\/2024\\\/03\\\/francesca-albanese-anzeichen-voelkermord-gaza.webp\",\"datePublished\":\"2025-07-17T09:19:00+00:00\",\"dateModified\":\"2025-07-18T19:20:49+00:00\",\"breadcrumb\":{\"@id\":\"https:\\\/\\\/lasentinelle.dz\\\/index.php\\\/2025\\\/07\\\/17\\\/genocide-a-ghaza-francesca-albanese-appelle-a-une-action-mondiale\\\/#breadcrumb\"},\"inLanguage\":\"fr-FR\",\"potentialAction\":[{\"@type\":\"ReadAction\",\"target\":[\"https:\\\/\\\/lasentinelle.dz\\\/index.php\\\/2025\\\/07\\\/17\\\/genocide-a-ghaza-francesca-albanese-appelle-a-une-action-mondiale\\\/\"]}]},{\"@type\":\"ImageObject\",\"inLanguage\":\"fr-FR\",\"@id\":\"https:\\\/\\\/lasentinelle.dz\\\/index.php\\\/2025\\\/07\\\/17\\\/genocide-a-ghaza-francesca-albanese-appelle-a-une-action-mondiale\\\/#primaryimage\",\"url\":\"https:\\\/\\\/lasentinelle.dz\\\/wp-content\\\/uploads\\\/2024\\\/03\\\/francesca-albanese-anzeichen-voelkermord-gaza.webp\",\"contentUrl\":\"https:\\\/\\\/lasentinelle.dz\\\/wp-content\\\/uploads\\\/2024\\\/03\\\/francesca-albanese-anzeichen-voelkermord-gaza.webp\",\"width\":980,\"height\":551},{\"@type\":\"BreadcrumbList\",\"@id\":\"https:\\\/\\\/lasentinelle.dz\\\/index.php\\\/2025\\\/07\\\/17\\\/genocide-a-ghaza-francesca-albanese-appelle-a-une-action-mondiale\\\/#breadcrumb\",\"itemListElement\":[{\"@type\":\"ListItem\",\"position\":1,\"name\":\"Accueil\",\"item\":\"https:\\\/\\\/lasentinelle.dz\\\/\"},{\"@type\":\"ListItem\",\"position\":2,\"name\":\"G\u00e9nocide \u00e0 Ghaza: Francesca Albanese appelle \u00e0 une action mondiale\"}]},{\"@type\":\"WebSite\",\"@id\":\"https:\\\/\\\/lasentinelle.dz\\\/#website\",\"url\":\"https:\\\/\\\/lasentinelle.dz\\\/\",\"name\":\"La Sentinelle\",\"description\":\"Quotidien national d&#039;information\",\"publisher\":{\"@id\":\"https:\\\/\\\/lasentinelle.dz\\\/#organization\"},\"potentialAction\":[{\"@type\":\"SearchAction\",\"target\":{\"@type\":\"EntryPoint\",\"urlTemplate\":\"https:\\\/\\\/lasentinelle.dz\\\/?s={search_term_string}\"},\"query-input\":{\"@type\":\"PropertyValueSpecification\",\"valueRequired\":true,\"valueName\":\"search_term_string\"}}],\"inLanguage\":\"fr-FR\"},{\"@type\":\"Organization\",\"@id\":\"https:\\\/\\\/lasentinelle.dz\\\/#organization\",\"name\":\"Quotidien La Sentinelle\",\"url\":\"https:\\\/\\\/lasentinelle.dz\\\/\",\"logo\":{\"@type\":\"ImageObject\",\"inLanguage\":\"fr-FR\",\"@id\":\"https:\\\/\\\/lasentinelle.dz\\\/#\\\/schema\\\/logo\\\/image\\\/\",\"url\":\"https:\\\/\\\/lasentinelle.dz\\\/wp-content\\\/uploads\\\/2021\\\/09\\\/logo-sentinelleSLOGAN-1.png\",\"contentUrl\":\"https:\\\/\\\/lasentinelle.dz\\\/wp-content\\\/uploads\\\/2021\\\/09\\\/logo-sentinelleSLOGAN-1.png\",\"width\":615,\"height\":142,\"caption\":\"Quotidien La Sentinelle\"},\"image\":{\"@id\":\"https:\\\/\\\/lasentinelle.dz\\\/#\\\/schema\\\/logo\\\/image\\\/\"},\"sameAs\":[\"https:\\\/\\\/www.facebook.com\\\/La-Sentinelle-104059864394773\"]},{\"@type\":\"Person\",\"@id\":\"https:\\\/\\\/lasentinelle.dz\\\/#\\\/schema\\\/person\\\/729ee0024f24e0b8c5ec17232f8e8b41\",\"name\":\"admin\",\"image\":{\"@type\":\"ImageObject\",\"inLanguage\":\"fr-FR\",\"@id\":\"https:\\\/\\\/secure.gravatar.com\\\/avatar\\\/4c81fed838786e9b53f540bf46533e750f5d292099ae3b66cfc6fb1982e29df7?s=96&d=mm&r=g\",\"url\":\"https:\\\/\\\/secure.gravatar.com\\\/avatar\\\/4c81fed838786e9b53f540bf46533e750f5d292099ae3b66cfc6fb1982e29df7?s=96&d=mm&r=g\",\"contentUrl\":\"https:\\\/\\\/secure.gravatar.com\\\/avatar\\\/4c81fed838786e9b53f540bf46533e750f5d292099ae3b66cfc6fb1982e29df7?s=96&d=mm&r=g\",\"caption\":\"admin\"},\"description\":\"admin\",\"url\":\"https:\\\/\\\/lasentinelle.dz\\\/author\\\/admin\\\/\"}]}<\/script>\n<!-- \/ Yoast SEO plugin. -->","yoast_head_json":{"title":"G\u00e9nocide \u00e0 Ghaza: Francesca Albanese appelle \u00e0 une action mondiale - La Sentinelle","robots":{"index":"index","follow":"follow","max-snippet":"max-snippet:-1","max-image-preview":"max-image-preview:large","max-video-preview":"max-video-preview:-1"},"canonical":"https:\/\/lasentinelle.dz\/index.php\/2025\/07\/17\/genocide-a-ghaza-francesca-albanese-appelle-a-une-action-mondiale\/","og_locale":"fr_FR","og_type":"article","og_title":"G\u00e9nocide \u00e0 Ghaza: Francesca Albanese appelle \u00e0 une action mondiale - La Sentinelle","og_description":"La rapporteuse sp\u00e9ciale des Nations Unies pour Ghaza et la Cisjordanie occup\u00e9e, Francesca Albanese, a lanc\u00e9 un appel pressant aux","og_url":"https:\/\/lasentinelle.dz\/index.php\/2025\/07\/17\/genocide-a-ghaza-francesca-albanese-appelle-a-une-action-mondiale\/","og_site_name":"La Sentinelle","article_publisher":"https:\/\/www.facebook.com\/La-Sentinelle-104059864394773","article_published_time":"2025-07-17T09:19:00+00:00","article_modified_time":"2025-07-18T19:20:49+00:00","og_image":[{"width":980,"height":551,"url":"https:\/\/lasentinelle.dz\/wp-content\/uploads\/2024\/03\/francesca-albanese-anzeichen-voelkermord-gaza.webp","type":"image\/webp"}],"author":"admin","twitter_card":"summary_large_image","twitter_misc":{"\u00c9crit par":"admin","Dur\u00e9e de lecture estim\u00e9e":"5 minutes"},"schema":{"@context":"https:\/\/schema.org","@graph":[{"@type":"Article","@id":"https:\/\/lasentinelle.dz\/index.php\/2025\/07\/17\/genocide-a-ghaza-francesca-albanese-appelle-a-une-action-mondiale\/#article","isPartOf":{"@id":"https:\/\/lasentinelle.dz\/index.php\/2025\/07\/17\/genocide-a-ghaza-francesca-albanese-appelle-a-une-action-mondiale\/"},"author":{"name":"admin","@id":"https:\/\/lasentinelle.dz\/#\/schema\/person\/729ee0024f24e0b8c5ec17232f8e8b41"},"headline":"G\u00e9nocide \u00e0 Ghaza: Francesca Albanese appelle \u00e0 une action mondiale","datePublished":"2025-07-17T09:19:00+00:00","dateModified":"2025-07-18T19:20:49+00:00","mainEntityOfPage":{"@id":"https:\/\/lasentinelle.dz\/index.php\/2025\/07\/17\/genocide-a-ghaza-francesca-albanese-appelle-a-une-action-mondiale\/"},"wordCount":1005,"commentCount":0,"publisher":{"@id":"https:\/\/lasentinelle.dz\/#organization"},"image":{"@id":"https:\/\/lasentinelle.dz\/index.php\/2025\/07\/17\/genocide-a-ghaza-francesca-albanese-appelle-a-une-action-mondiale\/#primaryimage"},"thumbnailUrl":"https:\/\/lasentinelle.dz\/wp-content\/uploads\/2024\/03\/francesca-albanese-anzeichen-voelkermord-gaza.webp","articleSection":["\u00c0 la Une","Monde"],"inLanguage":"fr-FR","potentialAction":[{"@type":"CommentAction","name":"Comment","target":["https:\/\/lasentinelle.dz\/index.php\/2025\/07\/17\/genocide-a-ghaza-francesca-albanese-appelle-a-une-action-mondiale\/#respond"]}]},{"@type":"WebPage","@id":"https:\/\/lasentinelle.dz\/index.php\/2025\/07\/17\/genocide-a-ghaza-francesca-albanese-appelle-a-une-action-mondiale\/","url":"https:\/\/lasentinelle.dz\/index.php\/2025\/07\/17\/genocide-a-ghaza-francesca-albanese-appelle-a-une-action-mondiale\/","name":"G\u00e9nocide \u00e0 Ghaza: Francesca Albanese appelle \u00e0 une action mondiale - La Sentinelle","isPartOf":{"@id":"https:\/\/lasentinelle.dz\/#website"},"primaryImageOfPage":{"@id":"https:\/\/lasentinelle.dz\/index.php\/2025\/07\/17\/genocide-a-ghaza-francesca-albanese-appelle-a-une-action-mondiale\/#primaryimage"},"image":{"@id":"https:\/\/lasentinelle.dz\/index.php\/2025\/07\/17\/genocide-a-ghaza-francesca-albanese-appelle-a-une-action-mondiale\/#primaryimage"},"thumbnailUrl":"https:\/\/lasentinelle.dz\/wp-content\/uploads\/2024\/03\/francesca-albanese-anzeichen-voelkermord-gaza.webp","datePublished":"2025-07-17T09:19:00+00:00","dateModified":"2025-07-18T19:20:49+00:00","breadcrumb":{"@id":"https:\/\/lasentinelle.dz\/index.php\/2025\/07\/17\/genocide-a-ghaza-francesca-albanese-appelle-a-une-action-mondiale\/#breadcrumb"},"inLanguage":"fr-FR","potentialAction":[{"@type":"ReadAction","target":["https:\/\/lasentinelle.dz\/index.php\/2025\/07\/17\/genocide-a-ghaza-francesca-albanese-appelle-a-une-action-mondiale\/"]}]},{"@type":"ImageObject","inLanguage":"fr-FR","@id":"https:\/\/lasentinelle.dz\/index.php\/2025\/07\/17\/genocide-a-ghaza-francesca-albanese-appelle-a-une-action-mondiale\/#primaryimage","url":"https:\/\/lasentinelle.dz\/wp-content\/uploads\/2024\/03\/francesca-albanese-anzeichen-voelkermord-gaza.webp","contentUrl":"https:\/\/lasentinelle.dz\/wp-content\/uploads\/2024\/03\/francesca-albanese-anzeichen-voelkermord-gaza.webp","width":980,"height":551},{"@type":"BreadcrumbList","@id":"https:\/\/lasentinelle.dz\/index.php\/2025\/07\/17\/genocide-a-ghaza-francesca-albanese-appelle-a-une-action-mondiale\/#breadcrumb","itemListElement":[{"@type":"ListItem","position":1,"name":"Accueil","item":"https:\/\/lasentinelle.dz\/"},{"@type":"ListItem","position":2,"name":"G\u00e9nocide \u00e0 Ghaza: Francesca Albanese appelle \u00e0 une action mondiale"}]},{"@type":"WebSite","@id":"https:\/\/lasentinelle.dz\/#website","url":"https:\/\/lasentinelle.dz\/","name":"La Sentinelle","description":"Quotidien national d&#039;information","publisher":{"@id":"https:\/\/lasentinelle.dz\/#organization"},"potentialAction":[{"@type":"SearchAction","target":{"@type":"EntryPoint","urlTemplate":"https:\/\/lasentinelle.dz\/?s={search_term_string}"},"query-input":{"@type":"PropertyValueSpecification","valueRequired":true,"valueName":"search_term_string"}}],"inLanguage":"fr-FR"},{"@type":"Organization","@id":"https:\/\/lasentinelle.dz\/#organization","name":"Quotidien La Sentinelle","url":"https:\/\/lasentinelle.dz\/","logo":{"@type":"ImageObject","inLanguage":"fr-FR","@id":"https:\/\/lasentinelle.dz\/#\/schema\/logo\/image\/","url":"https:\/\/lasentinelle.dz\/wp-content\/uploads\/2021\/09\/logo-sentinelleSLOGAN-1.png","contentUrl":"https:\/\/lasentinelle.dz\/wp-content\/uploads\/2021\/09\/logo-sentinelleSLOGAN-1.png","width":615,"height":142,"caption":"Quotidien La Sentinelle"},"image":{"@id":"https:\/\/lasentinelle.dz\/#\/schema\/logo\/image\/"},"sameAs":["https:\/\/www.facebook.com\/La-Sentinelle-104059864394773"]},{"@type":"Person","@id":"https:\/\/lasentinelle.dz\/#\/schema\/person\/729ee0024f24e0b8c5ec17232f8e8b41","name":"admin","image":{"@type":"ImageObject","inLanguage":"fr-FR","@id":"https:\/\/secure.gravatar.com\/avatar\/4c81fed838786e9b53f540bf46533e750f5d292099ae3b66cfc6fb1982e29df7?s=96&d=mm&r=g","url":"https:\/\/secure.gravatar.com\/avatar\/4c81fed838786e9b53f540bf46533e750f5d292099ae3b66cfc6fb1982e29df7?s=96&d=mm&r=g","contentUrl":"https:\/\/secure.gravatar.com\/avatar\/4c81fed838786e9b53f540bf46533e750f5d292099ae3b66cfc6fb1982e29df7?s=96&d=mm&r=g","caption":"admin"},"description":"admin","url":"https:\/\/lasentinelle.dz\/author\/admin\/"}]}},"_links":{"self":[{"href":"https:\/\/lasentinelle.dz\/index.php\/wp-json\/wp\/v2\/posts\/70482","targetHints":{"allow":["GET"]}}],"collection":[{"href":"https:\/\/lasentinelle.dz\/index.php\/wp-json\/wp\/v2\/posts"}],"about":[{"href":"https:\/\/lasentinelle.dz\/index.php\/wp-json\/wp\/v2\/types\/post"}],"author":[{"embeddable":true,"href":"https:\/\/lasentinelle.dz\/index.php\/wp-json\/wp\/v2\/users\/6"}],"replies":[{"embeddable":true,"href":"https:\/\/lasentinelle.dz\/index.php\/wp-json\/wp\/v2\/comments?post=70482"}],"version-history":[{"count":1,"href":"https:\/\/lasentinelle.dz\/index.php\/wp-json\/wp\/v2\/posts\/70482\/revisions"}],"predecessor-version":[{"id":70483,"href":"https:\/\/lasentinelle.dz\/index.php\/wp-json\/wp\/v2\/posts\/70482\/revisions\/70483"}],"wp:featuredmedia":[{"embeddable":true,"href":"https:\/\/lasentinelle.dz\/index.php\/wp-json\/wp\/v2\/media\/50709"}],"wp:attachment":[{"href":"https:\/\/lasentinelle.dz\/index.php\/wp-json\/wp\/v2\/media?parent=70482"}],"wp:term":[{"taxonomy":"category","embeddable":true,"href":"https:\/\/lasentinelle.dz\/index.php\/wp-json\/wp\/v2\/categories?post=70482"},{"taxonomy":"post_tag","embeddable":true,"href":"https:\/\/lasentinelle.dz\/index.php\/wp-json\/wp\/v2\/tags?post=70482"}],"curies":[{"name":"wp","href":"https:\/\/api.w.org\/{rel}","templated":true}]}}