{"id":70484,"date":"2025-07-17T10:21:00","date_gmt":"2025-07-17T09:21:00","guid":{"rendered":"https:\/\/lasentinelle.dz\/?p=70484"},"modified":"2025-07-18T20:23:22","modified_gmt":"2025-07-18T19:23:22","slug":"theatre-national-algerien-un-spectacle-de-danse-celebre-la-diversite-culturelle","status":"publish","type":"post","link":"https:\/\/lasentinelle.dz\/index.php\/2025\/07\/17\/theatre-national-algerien-un-spectacle-de-danse-celebre-la-diversite-culturelle\/","title":{"rendered":"Th\u00e9\u00e2tre National Alg\u00e9rien : Un spectacle de danse c\u00e9l\u00e8bre la diversit\u00e9 culturelle\u00a0"},"content":{"rendered":"\n<p>Le Th\u00e9\u00e2tre National Alg\u00e9rien \u00ab\u00a0Mahieddine Bachtarzi\u00a0\u00bb d&rsquo;Alger a accueilli mardi un spectacle de danse exceptionnel, organis\u00e9 dans le cadre de la quinzi\u00e8me \u00e9dition du Festival Culturel International de Danse Populaire qui s&rsquo;est tenu \u00e0 Sidi Bel Abb\u00e8s du 10 au 15 juillet 2025.Cette soir\u00e9e artistique s&rsquo;inscrit dans la volont\u00e9 du minist\u00e8re de la Culture et des Arts de d\u00e9centraliser les manifestations culturelles et de les \u00e9tendre \u00e0 l&rsquo;ensemble du territoire national, garantissant ainsi un acc\u00e8s \u00e9quitable \u00e0 la culture pour tous les citoyens et contribuant \u00e0 l&rsquo;\u00e9tablissement d&rsquo;une justice culturelle v\u00e9ritable.<\/p>\n\n\n\n<p>Quatre troupes artistiques ont particip\u00e9 \u00e0 cette repr\u00e9sentation, dont deux formations internationales. La troupe espagnole et celle de Slovaquie ont pr\u00e9sent\u00e9 des tableaux puisant dans le patrimoine populaire de leurs pays respectifs, offrant au public alg\u00e9rois un voyage artistique authentique \u00e0 travers les traditions europ\u00e9ennes. Les deux formations nationales, repr\u00e9sentant les wilayas de Tamanrasset et de Constantine, ont quant \u00e0 elles d\u00e9voil\u00e9 des danses traditionnelles qui illustrent la profondeur et la diversit\u00e9 r\u00e9gionale du patrimoine national alg\u00e9rien. L&rsquo;\u00e9v\u00e9nement a connu un succ\u00e8s populaire remarquable, avec une affluence consid\u00e9rable qui a r\u00e9agi avec enthousiasme aux diff\u00e9rentes performances. Cette r\u00e9action t\u00e9moigne de la passion du public alg\u00e9rien pour les arts populaires et confirme l&rsquo;importance des festivals comme ponts de communication culturelle entre les peuples. L&rsquo;interaction chaleureuse entre les artistes et les spectateurs a cr\u00e9\u00e9 une atmosph\u00e8re de communion artistique qui transcende les fronti\u00e8res g\u00e9ographiques et linguistiques.<\/p>\n\n\n\n<p>Cette initiative refl\u00e8te l&rsquo;orientation strat\u00e9gique du minist\u00e8re de la Culture et des Arts visant \u00e0 valoriser l&rsquo;identit\u00e9 culturelle nationale tout en encourageant les \u00e9changes culturels internationaux. L&rsquo;objectif est de pr\u00e9server la sp\u00e9cificit\u00e9 du patrimoine alg\u00e9rien tout en mettant en lumi\u00e8re sa richesse et sa diversit\u00e9 sur la sc\u00e8ne internationale.<\/p>\n\n\n\n<p>M.S.<\/p>\n","protected":false},"excerpt":{"rendered":"<p>Le Th\u00e9\u00e2tre National Alg\u00e9rien \u00ab\u00a0Mahieddine Bachtarzi\u00a0\u00bb d&rsquo;Alger a accueilli mardi un spectacle de danse exceptionnel, organis\u00e9 dans le cadre de<\/p>\n","protected":false},"author":6,"featured_media":33330,"comment_status":"open","ping_status":"closed","sticky":false,"template":"","format":"standard","meta":{"colormag_page_container_layout":"default_layout","colormag_page_sidebar_layout":"default_layout","om_disable_all_campaigns":false,"_monsterinsights_skip_tracking":false,"_monsterinsights_sitenote_active":false,"_monsterinsights_sitenote_note":"","_monsterinsights_sitenote_category":0,"footnotes":"","_wpscppro_dont_share_socialmedia":false,"_wpscppro_custom_social_share_image":0,"_facebook_share_type":"default","_twitter_share_type":"default","_linkedin_share_type":"default","_pinterest_share_type":"default","_linkedin_share_type_page":"","_instagram_share_type":"default","_medium_share_type":"default","_threads_share_type":"","_google_business_share_type":"","_selected_social_profile":[],"_wpsp_enable_custom_social_template":false,"_wpsp_social_scheduling":{"enabled":false,"datetime":null,"platforms":[],"status":"template_only","dateOption":"today","timeOption":"now","customDays":"","customHours":"","customDate":"","customTime":"","schedulingType":"absolute"},"_wpsp_active_default_template":true},"categories":[36],"tags":[],"class_list":["post-70484","post","type-post","status-publish","format-standard","has-post-thumbnail","hentry","category-culture"],"aioseo_notices":[],"yoast_head":"<!-- This site is optimized with the Yoast SEO plugin v27.5 - https:\/\/yoast.com\/product\/yoast-seo-wordpress\/ -->\n<title>Th\u00e9\u00e2tre National Alg\u00e9rien : Un spectacle de danse c\u00e9l\u00e8bre la diversit\u00e9 culturelle\u00a0 - La Sentinelle<\/title>\n<meta name=\"robots\" content=\"index, follow, max-snippet:-1, max-image-preview:large, max-video-preview:-1\" \/>\n<link rel=\"canonical\" href=\"https:\/\/lasentinelle.dz\/index.php\/2025\/07\/17\/theatre-national-algerien-un-spectacle-de-danse-celebre-la-diversite-culturelle\/\" \/>\n<meta property=\"og:locale\" content=\"fr_FR\" \/>\n<meta property=\"og:type\" content=\"article\" \/>\n<meta property=\"og:title\" content=\"Th\u00e9\u00e2tre National Alg\u00e9rien : Un spectacle de danse c\u00e9l\u00e8bre la diversit\u00e9 culturelle\u00a0 - La Sentinelle\" \/>\n<meta property=\"og:description\" content=\"Le Th\u00e9\u00e2tre National Alg\u00e9rien \u00ab\u00a0Mahieddine Bachtarzi\u00a0\u00bb d&rsquo;Alger a accueilli mardi un spectacle de danse exceptionnel, organis\u00e9 dans le cadre de\" \/>\n<meta property=\"og:url\" content=\"https:\/\/lasentinelle.dz\/index.php\/2025\/07\/17\/theatre-national-algerien-un-spectacle-de-danse-celebre-la-diversite-culturelle\/\" \/>\n<meta property=\"og:site_name\" content=\"La Sentinelle\" \/>\n<meta property=\"article:publisher\" content=\"https:\/\/www.facebook.com\/La-Sentinelle-104059864394773\" \/>\n<meta property=\"article:published_time\" content=\"2025-07-17T09:21:00+00:00\" \/>\n<meta property=\"article:modified_time\" content=\"2025-07-18T19:23:22+00:00\" \/>\n<meta property=\"og:image\" content=\"https:\/\/lasentinelle.dz\/wp-content\/uploads\/2022\/12\/TNA.jpeg\" \/>\n\t<meta property=\"og:image:width\" content=\"580\" \/>\n\t<meta property=\"og:image:height\" content=\"350\" \/>\n\t<meta property=\"og:image:type\" content=\"image\/jpeg\" \/>\n<meta name=\"author\" content=\"admin\" \/>\n<meta name=\"twitter:card\" content=\"summary_large_image\" \/>\n<meta name=\"twitter:label1\" content=\"\u00c9crit par\" \/>\n\t<meta name=\"twitter:data1\" content=\"admin\" \/>\n\t<meta name=\"twitter:label2\" content=\"Dur\u00e9e de lecture estim\u00e9e\" \/>\n\t<meta name=\"twitter:data2\" content=\"2 minutes\" \/>\n<script type=\"application\/ld+json\" class=\"yoast-schema-graph\">{\"@context\":\"https:\\\/\\\/schema.org\",\"@graph\":[{\"@type\":\"Article\",\"@id\":\"https:\\\/\\\/lasentinelle.dz\\\/index.php\\\/2025\\\/07\\\/17\\\/theatre-national-algerien-un-spectacle-de-danse-celebre-la-diversite-culturelle\\\/#article\",\"isPartOf\":{\"@id\":\"https:\\\/\\\/lasentinelle.dz\\\/index.php\\\/2025\\\/07\\\/17\\\/theatre-national-algerien-un-spectacle-de-danse-celebre-la-diversite-culturelle\\\/\"},\"author\":{\"name\":\"admin\",\"@id\":\"https:\\\/\\\/lasentinelle.dz\\\/#\\\/schema\\\/person\\\/729ee0024f24e0b8c5ec17232f8e8b41\"},\"headline\":\"Th\u00e9\u00e2tre National Alg\u00e9rien : Un spectacle de danse c\u00e9l\u00e8bre la diversit\u00e9 culturelle\u00a0\",\"datePublished\":\"2025-07-17T09:21:00+00:00\",\"dateModified\":\"2025-07-18T19:23:22+00:00\",\"mainEntityOfPage\":{\"@id\":\"https:\\\/\\\/lasentinelle.dz\\\/index.php\\\/2025\\\/07\\\/17\\\/theatre-national-algerien-un-spectacle-de-danse-celebre-la-diversite-culturelle\\\/\"},\"wordCount\":339,\"commentCount\":0,\"publisher\":{\"@id\":\"https:\\\/\\\/lasentinelle.dz\\\/#organization\"},\"image\":{\"@id\":\"https:\\\/\\\/lasentinelle.dz\\\/index.php\\\/2025\\\/07\\\/17\\\/theatre-national-algerien-un-spectacle-de-danse-celebre-la-diversite-culturelle\\\/#primaryimage\"},\"thumbnailUrl\":\"https:\\\/\\\/lasentinelle.dz\\\/wp-content\\\/uploads\\\/2022\\\/12\\\/TNA.jpeg\",\"articleSection\":[\"Culture\"],\"inLanguage\":\"fr-FR\",\"potentialAction\":[{\"@type\":\"CommentAction\",\"name\":\"Comment\",\"target\":[\"https:\\\/\\\/lasentinelle.dz\\\/index.php\\\/2025\\\/07\\\/17\\\/theatre-national-algerien-un-spectacle-de-danse-celebre-la-diversite-culturelle\\\/#respond\"]}]},{\"@type\":\"WebPage\",\"@id\":\"https:\\\/\\\/lasentinelle.dz\\\/index.php\\\/2025\\\/07\\\/17\\\/theatre-national-algerien-un-spectacle-de-danse-celebre-la-diversite-culturelle\\\/\",\"url\":\"https:\\\/\\\/lasentinelle.dz\\\/index.php\\\/2025\\\/07\\\/17\\\/theatre-national-algerien-un-spectacle-de-danse-celebre-la-diversite-culturelle\\\/\",\"name\":\"Th\u00e9\u00e2tre National Alg\u00e9rien : Un spectacle de danse c\u00e9l\u00e8bre la diversit\u00e9 culturelle\u00a0 - La Sentinelle\",\"isPartOf\":{\"@id\":\"https:\\\/\\\/lasentinelle.dz\\\/#website\"},\"primaryImageOfPage\":{\"@id\":\"https:\\\/\\\/lasentinelle.dz\\\/index.php\\\/2025\\\/07\\\/17\\\/theatre-national-algerien-un-spectacle-de-danse-celebre-la-diversite-culturelle\\\/#primaryimage\"},\"image\":{\"@id\":\"https:\\\/\\\/lasentinelle.dz\\\/index.php\\\/2025\\\/07\\\/17\\\/theatre-national-algerien-un-spectacle-de-danse-celebre-la-diversite-culturelle\\\/#primaryimage\"},\"thumbnailUrl\":\"https:\\\/\\\/lasentinelle.dz\\\/wp-content\\\/uploads\\\/2022\\\/12\\\/TNA.jpeg\",\"datePublished\":\"2025-07-17T09:21:00+00:00\",\"dateModified\":\"2025-07-18T19:23:22+00:00\",\"breadcrumb\":{\"@id\":\"https:\\\/\\\/lasentinelle.dz\\\/index.php\\\/2025\\\/07\\\/17\\\/theatre-national-algerien-un-spectacle-de-danse-celebre-la-diversite-culturelle\\\/#breadcrumb\"},\"inLanguage\":\"fr-FR\",\"potentialAction\":[{\"@type\":\"ReadAction\",\"target\":[\"https:\\\/\\\/lasentinelle.dz\\\/index.php\\\/2025\\\/07\\\/17\\\/theatre-national-algerien-un-spectacle-de-danse-celebre-la-diversite-culturelle\\\/\"]}]},{\"@type\":\"ImageObject\",\"inLanguage\":\"fr-FR\",\"@id\":\"https:\\\/\\\/lasentinelle.dz\\\/index.php\\\/2025\\\/07\\\/17\\\/theatre-national-algerien-un-spectacle-de-danse-celebre-la-diversite-culturelle\\\/#primaryimage\",\"url\":\"https:\\\/\\\/lasentinelle.dz\\\/wp-content\\\/uploads\\\/2022\\\/12\\\/TNA.jpeg\",\"contentUrl\":\"https:\\\/\\\/lasentinelle.dz\\\/wp-content\\\/uploads\\\/2022\\\/12\\\/TNA.jpeg\",\"width\":580,\"height\":350},{\"@type\":\"BreadcrumbList\",\"@id\":\"https:\\\/\\\/lasentinelle.dz\\\/index.php\\\/2025\\\/07\\\/17\\\/theatre-national-algerien-un-spectacle-de-danse-celebre-la-diversite-culturelle\\\/#breadcrumb\",\"itemListElement\":[{\"@type\":\"ListItem\",\"position\":1,\"name\":\"Accueil\",\"item\":\"https:\\\/\\\/lasentinelle.dz\\\/\"},{\"@type\":\"ListItem\",\"position\":2,\"name\":\"Th\u00e9\u00e2tre National Alg\u00e9rien : Un spectacle de danse c\u00e9l\u00e8bre la diversit\u00e9 culturelle\u00a0\"}]},{\"@type\":\"WebSite\",\"@id\":\"https:\\\/\\\/lasentinelle.dz\\\/#website\",\"url\":\"https:\\\/\\\/lasentinelle.dz\\\/\",\"name\":\"La Sentinelle\",\"description\":\"Quotidien national d&#039;information\",\"publisher\":{\"@id\":\"https:\\\/\\\/lasentinelle.dz\\\/#organization\"},\"potentialAction\":[{\"@type\":\"SearchAction\",\"target\":{\"@type\":\"EntryPoint\",\"urlTemplate\":\"https:\\\/\\\/lasentinelle.dz\\\/?s={search_term_string}\"},\"query-input\":{\"@type\":\"PropertyValueSpecification\",\"valueRequired\":true,\"valueName\":\"search_term_string\"}}],\"inLanguage\":\"fr-FR\"},{\"@type\":\"Organization\",\"@id\":\"https:\\\/\\\/lasentinelle.dz\\\/#organization\",\"name\":\"Quotidien La Sentinelle\",\"url\":\"https:\\\/\\\/lasentinelle.dz\\\/\",\"logo\":{\"@type\":\"ImageObject\",\"inLanguage\":\"fr-FR\",\"@id\":\"https:\\\/\\\/lasentinelle.dz\\\/#\\\/schema\\\/logo\\\/image\\\/\",\"url\":\"https:\\\/\\\/lasentinelle.dz\\\/wp-content\\\/uploads\\\/2021\\\/09\\\/logo-sentinelleSLOGAN-1.png\",\"contentUrl\":\"https:\\\/\\\/lasentinelle.dz\\\/wp-content\\\/uploads\\\/2021\\\/09\\\/logo-sentinelleSLOGAN-1.png\",\"width\":615,\"height\":142,\"caption\":\"Quotidien La Sentinelle\"},\"image\":{\"@id\":\"https:\\\/\\\/lasentinelle.dz\\\/#\\\/schema\\\/logo\\\/image\\\/\"},\"sameAs\":[\"https:\\\/\\\/www.facebook.com\\\/La-Sentinelle-104059864394773\"]},{\"@type\":\"Person\",\"@id\":\"https:\\\/\\\/lasentinelle.dz\\\/#\\\/schema\\\/person\\\/729ee0024f24e0b8c5ec17232f8e8b41\",\"name\":\"admin\",\"image\":{\"@type\":\"ImageObject\",\"inLanguage\":\"fr-FR\",\"@id\":\"https:\\\/\\\/secure.gravatar.com\\\/avatar\\\/4c81fed838786e9b53f540bf46533e750f5d292099ae3b66cfc6fb1982e29df7?s=96&d=mm&r=g\",\"url\":\"https:\\\/\\\/secure.gravatar.com\\\/avatar\\\/4c81fed838786e9b53f540bf46533e750f5d292099ae3b66cfc6fb1982e29df7?s=96&d=mm&r=g\",\"contentUrl\":\"https:\\\/\\\/secure.gravatar.com\\\/avatar\\\/4c81fed838786e9b53f540bf46533e750f5d292099ae3b66cfc6fb1982e29df7?s=96&d=mm&r=g\",\"caption\":\"admin\"},\"description\":\"admin\",\"url\":\"https:\\\/\\\/lasentinelle.dz\\\/author\\\/admin\\\/\"}]}<\/script>\n<!-- \/ Yoast SEO plugin. -->","yoast_head_json":{"title":"Th\u00e9\u00e2tre National Alg\u00e9rien : Un spectacle de danse c\u00e9l\u00e8bre la diversit\u00e9 culturelle\u00a0 - La Sentinelle","robots":{"index":"index","follow":"follow","max-snippet":"max-snippet:-1","max-image-preview":"max-image-preview:large","max-video-preview":"max-video-preview:-1"},"canonical":"https:\/\/lasentinelle.dz\/index.php\/2025\/07\/17\/theatre-national-algerien-un-spectacle-de-danse-celebre-la-diversite-culturelle\/","og_locale":"fr_FR","og_type":"article","og_title":"Th\u00e9\u00e2tre National Alg\u00e9rien : Un spectacle de danse c\u00e9l\u00e8bre la diversit\u00e9 culturelle\u00a0 - La Sentinelle","og_description":"Le Th\u00e9\u00e2tre National Alg\u00e9rien \u00ab\u00a0Mahieddine Bachtarzi\u00a0\u00bb d&rsquo;Alger a accueilli mardi un spectacle de danse exceptionnel, organis\u00e9 dans le cadre de","og_url":"https:\/\/lasentinelle.dz\/index.php\/2025\/07\/17\/theatre-national-algerien-un-spectacle-de-danse-celebre-la-diversite-culturelle\/","og_site_name":"La Sentinelle","article_publisher":"https:\/\/www.facebook.com\/La-Sentinelle-104059864394773","article_published_time":"2025-07-17T09:21:00+00:00","article_modified_time":"2025-07-18T19:23:22+00:00","og_image":[{"width":580,"height":350,"url":"https:\/\/lasentinelle.dz\/wp-content\/uploads\/2022\/12\/TNA.jpeg","type":"image\/jpeg"}],"author":"admin","twitter_card":"summary_large_image","twitter_misc":{"\u00c9crit par":"admin","Dur\u00e9e de lecture estim\u00e9e":"2 minutes"},"schema":{"@context":"https:\/\/schema.org","@graph":[{"@type":"Article","@id":"https:\/\/lasentinelle.dz\/index.php\/2025\/07\/17\/theatre-national-algerien-un-spectacle-de-danse-celebre-la-diversite-culturelle\/#article","isPartOf":{"@id":"https:\/\/lasentinelle.dz\/index.php\/2025\/07\/17\/theatre-national-algerien-un-spectacle-de-danse-celebre-la-diversite-culturelle\/"},"author":{"name":"admin","@id":"https:\/\/lasentinelle.dz\/#\/schema\/person\/729ee0024f24e0b8c5ec17232f8e8b41"},"headline":"Th\u00e9\u00e2tre National Alg\u00e9rien : Un spectacle de danse c\u00e9l\u00e8bre la diversit\u00e9 culturelle\u00a0","datePublished":"2025-07-17T09:21:00+00:00","dateModified":"2025-07-18T19:23:22+00:00","mainEntityOfPage":{"@id":"https:\/\/lasentinelle.dz\/index.php\/2025\/07\/17\/theatre-national-algerien-un-spectacle-de-danse-celebre-la-diversite-culturelle\/"},"wordCount":339,"commentCount":0,"publisher":{"@id":"https:\/\/lasentinelle.dz\/#organization"},"image":{"@id":"https:\/\/lasentinelle.dz\/index.php\/2025\/07\/17\/theatre-national-algerien-un-spectacle-de-danse-celebre-la-diversite-culturelle\/#primaryimage"},"thumbnailUrl":"https:\/\/lasentinelle.dz\/wp-content\/uploads\/2022\/12\/TNA.jpeg","articleSection":["Culture"],"inLanguage":"fr-FR","potentialAction":[{"@type":"CommentAction","name":"Comment","target":["https:\/\/lasentinelle.dz\/index.php\/2025\/07\/17\/theatre-national-algerien-un-spectacle-de-danse-celebre-la-diversite-culturelle\/#respond"]}]},{"@type":"WebPage","@id":"https:\/\/lasentinelle.dz\/index.php\/2025\/07\/17\/theatre-national-algerien-un-spectacle-de-danse-celebre-la-diversite-culturelle\/","url":"https:\/\/lasentinelle.dz\/index.php\/2025\/07\/17\/theatre-national-algerien-un-spectacle-de-danse-celebre-la-diversite-culturelle\/","name":"Th\u00e9\u00e2tre National Alg\u00e9rien : Un spectacle de danse c\u00e9l\u00e8bre la diversit\u00e9 culturelle\u00a0 - La Sentinelle","isPartOf":{"@id":"https:\/\/lasentinelle.dz\/#website"},"primaryImageOfPage":{"@id":"https:\/\/lasentinelle.dz\/index.php\/2025\/07\/17\/theatre-national-algerien-un-spectacle-de-danse-celebre-la-diversite-culturelle\/#primaryimage"},"image":{"@id":"https:\/\/lasentinelle.dz\/index.php\/2025\/07\/17\/theatre-national-algerien-un-spectacle-de-danse-celebre-la-diversite-culturelle\/#primaryimage"},"thumbnailUrl":"https:\/\/lasentinelle.dz\/wp-content\/uploads\/2022\/12\/TNA.jpeg","datePublished":"2025-07-17T09:21:00+00:00","dateModified":"2025-07-18T19:23:22+00:00","breadcrumb":{"@id":"https:\/\/lasentinelle.dz\/index.php\/2025\/07\/17\/theatre-national-algerien-un-spectacle-de-danse-celebre-la-diversite-culturelle\/#breadcrumb"},"inLanguage":"fr-FR","potentialAction":[{"@type":"ReadAction","target":["https:\/\/lasentinelle.dz\/index.php\/2025\/07\/17\/theatre-national-algerien-un-spectacle-de-danse-celebre-la-diversite-culturelle\/"]}]},{"@type":"ImageObject","inLanguage":"fr-FR","@id":"https:\/\/lasentinelle.dz\/index.php\/2025\/07\/17\/theatre-national-algerien-un-spectacle-de-danse-celebre-la-diversite-culturelle\/#primaryimage","url":"https:\/\/lasentinelle.dz\/wp-content\/uploads\/2022\/12\/TNA.jpeg","contentUrl":"https:\/\/lasentinelle.dz\/wp-content\/uploads\/2022\/12\/TNA.jpeg","width":580,"height":350},{"@type":"BreadcrumbList","@id":"https:\/\/lasentinelle.dz\/index.php\/2025\/07\/17\/theatre-national-algerien-un-spectacle-de-danse-celebre-la-diversite-culturelle\/#breadcrumb","itemListElement":[{"@type":"ListItem","position":1,"name":"Accueil","item":"https:\/\/lasentinelle.dz\/"},{"@type":"ListItem","position":2,"name":"Th\u00e9\u00e2tre National Alg\u00e9rien : Un spectacle de danse c\u00e9l\u00e8bre la diversit\u00e9 culturelle\u00a0"}]},{"@type":"WebSite","@id":"https:\/\/lasentinelle.dz\/#website","url":"https:\/\/lasentinelle.dz\/","name":"La Sentinelle","description":"Quotidien national d&#039;information","publisher":{"@id":"https:\/\/lasentinelle.dz\/#organization"},"potentialAction":[{"@type":"SearchAction","target":{"@type":"EntryPoint","urlTemplate":"https:\/\/lasentinelle.dz\/?s={search_term_string}"},"query-input":{"@type":"PropertyValueSpecification","valueRequired":true,"valueName":"search_term_string"}}],"inLanguage":"fr-FR"},{"@type":"Organization","@id":"https:\/\/lasentinelle.dz\/#organization","name":"Quotidien La Sentinelle","url":"https:\/\/lasentinelle.dz\/","logo":{"@type":"ImageObject","inLanguage":"fr-FR","@id":"https:\/\/lasentinelle.dz\/#\/schema\/logo\/image\/","url":"https:\/\/lasentinelle.dz\/wp-content\/uploads\/2021\/09\/logo-sentinelleSLOGAN-1.png","contentUrl":"https:\/\/lasentinelle.dz\/wp-content\/uploads\/2021\/09\/logo-sentinelleSLOGAN-1.png","width":615,"height":142,"caption":"Quotidien La Sentinelle"},"image":{"@id":"https:\/\/lasentinelle.dz\/#\/schema\/logo\/image\/"},"sameAs":["https:\/\/www.facebook.com\/La-Sentinelle-104059864394773"]},{"@type":"Person","@id":"https:\/\/lasentinelle.dz\/#\/schema\/person\/729ee0024f24e0b8c5ec17232f8e8b41","name":"admin","image":{"@type":"ImageObject","inLanguage":"fr-FR","@id":"https:\/\/secure.gravatar.com\/avatar\/4c81fed838786e9b53f540bf46533e750f5d292099ae3b66cfc6fb1982e29df7?s=96&d=mm&r=g","url":"https:\/\/secure.gravatar.com\/avatar\/4c81fed838786e9b53f540bf46533e750f5d292099ae3b66cfc6fb1982e29df7?s=96&d=mm&r=g","contentUrl":"https:\/\/secure.gravatar.com\/avatar\/4c81fed838786e9b53f540bf46533e750f5d292099ae3b66cfc6fb1982e29df7?s=96&d=mm&r=g","caption":"admin"},"description":"admin","url":"https:\/\/lasentinelle.dz\/author\/admin\/"}]}},"_links":{"self":[{"href":"https:\/\/lasentinelle.dz\/index.php\/wp-json\/wp\/v2\/posts\/70484","targetHints":{"allow":["GET"]}}],"collection":[{"href":"https:\/\/lasentinelle.dz\/index.php\/wp-json\/wp\/v2\/posts"}],"about":[{"href":"https:\/\/lasentinelle.dz\/index.php\/wp-json\/wp\/v2\/types\/post"}],"author":[{"embeddable":true,"href":"https:\/\/lasentinelle.dz\/index.php\/wp-json\/wp\/v2\/users\/6"}],"replies":[{"embeddable":true,"href":"https:\/\/lasentinelle.dz\/index.php\/wp-json\/wp\/v2\/comments?post=70484"}],"version-history":[{"count":1,"href":"https:\/\/lasentinelle.dz\/index.php\/wp-json\/wp\/v2\/posts\/70484\/revisions"}],"predecessor-version":[{"id":70485,"href":"https:\/\/lasentinelle.dz\/index.php\/wp-json\/wp\/v2\/posts\/70484\/revisions\/70485"}],"wp:featuredmedia":[{"embeddable":true,"href":"https:\/\/lasentinelle.dz\/index.php\/wp-json\/wp\/v2\/media\/33330"}],"wp:attachment":[{"href":"https:\/\/lasentinelle.dz\/index.php\/wp-json\/wp\/v2\/media?parent=70484"}],"wp:term":[{"taxonomy":"category","embeddable":true,"href":"https:\/\/lasentinelle.dz\/index.php\/wp-json\/wp\/v2\/categories?post=70484"},{"taxonomy":"post_tag","embeddable":true,"href":"https:\/\/lasentinelle.dz\/index.php\/wp-json\/wp\/v2\/tags?post=70484"}],"curies":[{"name":"wp","href":"https:\/\/api.w.org\/{rel}","templated":true}]}}