{"id":70486,"date":"2025-07-17T10:23:00","date_gmt":"2025-07-17T09:23:00","guid":{"rendered":"https:\/\/lasentinelle.dz\/?p=70486"},"modified":"2025-07-18T20:25:08","modified_gmt":"2025-07-18T19:25:08","slug":"madani-namoun-seteint-a-lage-de-81-ans-une-figure-emblematique-nous-quitte","status":"publish","type":"post","link":"https:\/\/lasentinelle.dz\/index.php\/2025\/07\/17\/madani-namoun-seteint-a-lage-de-81-ans-une-figure-emblematique-nous-quitte\/","title":{"rendered":"Madani Namoun s&rsquo;\u00e9teint \u00e0 l&rsquo;\u00e2ge de 81 ans: Une figure embl\u00e9matique nous quitte"},"content":{"rendered":"\n<p>La sc\u00e8ne culturelle est en deuil. Madani Namoun, l&rsquo;une des figures les plus marquantes du th\u00e9\u00e2tre, du cin\u00e9ma et de la t\u00e9l\u00e9vision alg\u00e9rienne, s&rsquo;est \u00e9teint mardi&nbsp; \u00e0 Alger, \u00e0 l&rsquo;\u00e2ge de 81 ans, des suites d&rsquo;une longue maladie.<\/p>\n\n\n\n<p>N\u00e9 le 7 mars 1944 dans les ruelles pittoresques de la Casbah d&rsquo;Alger, Madani Namoun \u00e9tait pr\u00e9destin\u00e9 \u00e0 embrasser l&rsquo;art sous toutes ses formes. D\u00e8s l&rsquo;\u00e2ge de dix ans, sa voix r\u00e9sonnait d\u00e9j\u00e0 sur les ondes radiophoniques, animant des \u00e9missions enfantines qui pr\u00e9figuraient une carri\u00e8re artistique d&rsquo;une richesse extraordinaire. Cette pr\u00e9cocit\u00e9 artistique, nourrie par l&rsquo;effervescence culturelle de l&rsquo;\u00e9poque, allait fa\u00e7onner l&rsquo;une des personnalit\u00e9s les plus attachantes du paysage culturel alg\u00e9rien. Son parcours, d\u00e9but\u00e9 sous l&rsquo;\u00e9gide de l&rsquo;ORTF, s&rsquo;est enrichi gr\u00e2ce \u00e0 des mentors de renom comme R\u00e9da Falaki et Allal El Mouhib, qui ont su d\u00e9celer et cultiver son talent naturel pour la sc\u00e8ne.<\/p>\n\n\n\n<p>L&rsquo;engagement patriotique du jeune homme l&rsquo;am\u00e8ne \u00e0 rejoindre la R\u00e9volution \u00e0 l&rsquo;\u00e2ge de dix-sept ans, mais cette parenth\u00e8se h\u00e9ro\u00efque ne fait que renforcer sa d\u00e9termination \u00e0 servir son pays par l&rsquo;art. Apr\u00e8s l&rsquo;ind\u00e9pendance, son retour aux planches se concr\u00e9tise de mani\u00e8re spectaculaire avec son interpr\u00e9tation dans \u00ab\u00a0Montserrat\u00a0\u00bb d&rsquo;Emanuel Robles au Th\u00e9\u00e2tre National Alg\u00e9rien, repr\u00e9sentation donn\u00e9e en pr\u00e9sence du pr\u00e9sident Ahmed Ben Bella. Cette performance marque son entr\u00e9e officielle dans le monde professionnel du th\u00e9\u00e2tre et consacre un talent qui ne cessera de s&rsquo;\u00e9panouir au fil des d\u00e9cennies.<\/p>\n\n\n\n<p>Artiste d&rsquo;une polyvalence remarquable, Madani Namoun a explor\u00e9 tous les registres de l&rsquo;expression artistique. Son incursion dans le chant, sous la direction d&rsquo;Abderrahmane Aziz, t\u00e9moigne de cette soif d&rsquo;exploration cr\u00e9ative qui le caract\u00e9risait. Sa participation \u00e0 des \u00e9missions t\u00e9l\u00e9visuelles novatrices comme \u00ab\u00a0La bo\u00eete magique\u00a0\u00bb r\u00e9v\u00e8le un artiste en phase avec son \u00e9poque, capable de s&rsquo;adapter aux nouveaux m\u00e9dias tout en pr\u00e9servant l&rsquo;authenticit\u00e9 de son jeu. Son palmar\u00e8s radiophonique impressionnant, comptant pr\u00e8s de huit mille pi\u00e8ces, illustre un engagement sans faille pour son art et une productivit\u00e9 cr\u00e9ative exceptionnelle qui force l&rsquo;admiration.<\/p>\n\n\n\n<p>Au cin\u00e9ma, Madani Namoun a marqu\u00e9 l&rsquo;histoire du septi\u00e8me art alg\u00e9rien par des interpr\u00e9tations m\u00e9morables dans des \u0153uvres devenues cultes. Ses r\u00f4les dans \u00ab\u00a0Leila wa Akhawatouha\u00a0\u00bb en 1977 et \u00ab\u00a0Abwab Essamt\u00a0\u00bb en 1987 ont contribu\u00e9 \u00e0 d\u00e9finir l&rsquo;identit\u00e9 du cin\u00e9ma national naissant, apportant une dimension humaine et authentique \u00e0 des personnages qui r\u00e9sonnent encore aujourd&rsquo;hui dans la m\u00e9moire collective. Sa pr\u00e9sence \u00e0 l&rsquo;\u00e9cran, empreinte d&rsquo;une sinc\u00e9rit\u00e9 d\u00e9sarmante, transformait chaque apparition en moment de gr\u00e2ce cin\u00e9matographique. La t\u00e9l\u00e9vision a \u00e9galement b\u00e9n\u00e9fici\u00e9 de son talent exceptionnel \u00e0 travers des s\u00e9ries qui ont marqu\u00e9 plusieurs g\u00e9n\u00e9rations d&rsquo;Alg\u00e9riens. De \u00ab\u00a0Chafika&#8230; Baad Lika&rsquo;a\u00a0\u00bb en 2004 \u00e0 \u00ab\u00a0El Imtihen Ess&rsquo;aab\u00a0\u00bb en 2006, en passant par \u00ab\u00a0Djouha El Aouda\u00a0\u00bb en 2008, chaque production t\u00e9l\u00e9visuelle enrichissait son r\u00e9pertoire et renfor\u00e7ait son statut d&rsquo;artiste populaire. Mais c&rsquo;est avec \u00ab\u00a0Soultane Achour el Acher\u00a0\u00bb entre 2016 et 2017 que sa popularit\u00e9 atteint des sommets in\u00e9gal\u00e9s. Son interpr\u00e9tation magistrale du personnage d&rsquo;Ammi Borhane a conquis un public interg\u00e9n\u00e9rationnel, d\u00e9montrant que le talent authentique transcende les \u00e9poques et les modes. Le ministre de la Culture et des Arts, Zouhir Ballalou, a rendu un hommage \u00e9mouvant \u00e0 l&rsquo;artiste disparu, soulignant que \u00ab\u00a0l&rsquo;Alg\u00e9rie a perdu une figure embl\u00e9matique, qui a excell\u00e9 sur les planches du th\u00e9\u00e2tre, \u00e0 la t\u00e9l\u00e9vision et dans le cin\u00e9ma, une figure ayant marqu\u00e9 la m\u00e9moire des g\u00e9n\u00e9rations par des personnages immortels qu&rsquo;il a incarn\u00e9s avec un talent et une performance exceptionnels\u00a0\u00bb. Ces mots officiels refl\u00e8tent l&rsquo;unanimit\u00e9 qui entoure la reconnaissance de son g\u00e9nie artistique et de sa contribution inestimable au patrimoine culturel national.<\/p>\n\n\n\n<p>P\u00e8re de deux gar\u00e7ons, Madani Namoun portait un regard lucide sur l&rsquo;\u00e9volution de la culture dans le pays, tout en restant fid\u00e8le \u00e0 ses racines de la Casbah. Son parcours illustre parfaitement le bouillonnement culturel de l&rsquo;Alg\u00e9rie post-ind\u00e9pendance, p\u00e9riode faste qui a profond\u00e9ment marqu\u00e9 sa carri\u00e8re artistique.<\/p>\n\n\n\n<p>Mohand Seghir<\/p>\n","protected":false},"excerpt":{"rendered":"<p>La sc\u00e8ne culturelle est en deuil. Madani Namoun, l&rsquo;une des figures les plus marquantes du th\u00e9\u00e2tre, du cin\u00e9ma et de<\/p>\n","protected":false},"author":6,"featured_media":70487,"comment_status":"open","ping_status":"closed","sticky":false,"template":"","format":"standard","meta":{"colormag_page_container_layout":"default_layout","colormag_page_sidebar_layout":"default_layout","om_disable_all_campaigns":false,"_monsterinsights_skip_tracking":false,"_monsterinsights_sitenote_active":false,"_monsterinsights_sitenote_note":"","_monsterinsights_sitenote_category":0,"footnotes":"","_wpscppro_dont_share_socialmedia":false,"_wpscppro_custom_social_share_image":0,"_facebook_share_type":"default","_twitter_share_type":"default","_linkedin_share_type":"default","_pinterest_share_type":"default","_linkedin_share_type_page":"","_instagram_share_type":"default","_medium_share_type":"default","_threads_share_type":"","_google_business_share_type":"","_selected_social_profile":[],"_wpsp_enable_custom_social_template":false,"_wpsp_social_scheduling":{"enabled":false,"datetime":null,"platforms":[],"status":"template_only","dateOption":"today","timeOption":"now","customDays":"","customHours":"","customDate":"","customTime":"","schedulingType":"absolute"},"_wpsp_active_default_template":true},"categories":[36],"tags":[],"class_list":["post-70486","post","type-post","status-publish","format-standard","has-post-thumbnail","hentry","category-culture"],"aioseo_notices":[],"yoast_head":"<!-- This site is optimized with the Yoast SEO plugin v27.5 - https:\/\/yoast.com\/product\/yoast-seo-wordpress\/ -->\n<title>Madani Namoun s&rsquo;\u00e9teint \u00e0 l&rsquo;\u00e2ge de 81 ans: Une figure embl\u00e9matique nous quitte - La Sentinelle<\/title>\n<meta name=\"robots\" content=\"index, follow, max-snippet:-1, max-image-preview:large, max-video-preview:-1\" \/>\n<link rel=\"canonical\" href=\"https:\/\/lasentinelle.dz\/index.php\/2025\/07\/17\/madani-namoun-seteint-a-lage-de-81-ans-une-figure-emblematique-nous-quitte\/\" \/>\n<meta property=\"og:locale\" content=\"fr_FR\" \/>\n<meta property=\"og:type\" content=\"article\" \/>\n<meta property=\"og:title\" content=\"Madani Namoun s&rsquo;\u00e9teint \u00e0 l&rsquo;\u00e2ge de 81 ans: Une figure embl\u00e9matique nous quitte - La Sentinelle\" \/>\n<meta property=\"og:description\" content=\"La sc\u00e8ne culturelle est en deuil. Madani Namoun, l&rsquo;une des figures les plus marquantes du th\u00e9\u00e2tre, du cin\u00e9ma et de\" \/>\n<meta property=\"og:url\" content=\"https:\/\/lasentinelle.dz\/index.php\/2025\/07\/17\/madani-namoun-seteint-a-lage-de-81-ans-une-figure-emblematique-nous-quitte\/\" \/>\n<meta property=\"og:site_name\" content=\"La Sentinelle\" \/>\n<meta property=\"article:publisher\" content=\"https:\/\/www.facebook.com\/La-Sentinelle-104059864394773\" \/>\n<meta property=\"article:published_time\" content=\"2025-07-17T09:23:00+00:00\" \/>\n<meta property=\"article:modified_time\" content=\"2025-07-18T19:25:08+00:00\" \/>\n<meta property=\"og:image\" content=\"https:\/\/lasentinelle.dz\/wp-content\/uploads\/2025\/07\/Madani-Namoun.jpg\" \/>\n\t<meta property=\"og:image:width\" content=\"900\" \/>\n\t<meta property=\"og:image:height\" content=\"500\" \/>\n\t<meta property=\"og:image:type\" content=\"image\/jpeg\" \/>\n<meta name=\"author\" content=\"admin\" \/>\n<meta name=\"twitter:card\" content=\"summary_large_image\" \/>\n<meta name=\"twitter:label1\" content=\"\u00c9crit par\" \/>\n\t<meta name=\"twitter:data1\" content=\"admin\" \/>\n\t<meta name=\"twitter:label2\" content=\"Dur\u00e9e de lecture estim\u00e9e\" \/>\n\t<meta name=\"twitter:data2\" content=\"4 minutes\" \/>\n<script type=\"application\/ld+json\" class=\"yoast-schema-graph\">{\"@context\":\"https:\\\/\\\/schema.org\",\"@graph\":[{\"@type\":\"Article\",\"@id\":\"https:\\\/\\\/lasentinelle.dz\\\/index.php\\\/2025\\\/07\\\/17\\\/madani-namoun-seteint-a-lage-de-81-ans-une-figure-emblematique-nous-quitte\\\/#article\",\"isPartOf\":{\"@id\":\"https:\\\/\\\/lasentinelle.dz\\\/index.php\\\/2025\\\/07\\\/17\\\/madani-namoun-seteint-a-lage-de-81-ans-une-figure-emblematique-nous-quitte\\\/\"},\"author\":{\"name\":\"admin\",\"@id\":\"https:\\\/\\\/lasentinelle.dz\\\/#\\\/schema\\\/person\\\/729ee0024f24e0b8c5ec17232f8e8b41\"},\"headline\":\"Madani Namoun s&rsquo;\u00e9teint \u00e0 l&rsquo;\u00e2ge de 81 ans: Une figure embl\u00e9matique nous quitte\",\"datePublished\":\"2025-07-17T09:23:00+00:00\",\"dateModified\":\"2025-07-18T19:25:08+00:00\",\"mainEntityOfPage\":{\"@id\":\"https:\\\/\\\/lasentinelle.dz\\\/index.php\\\/2025\\\/07\\\/17\\\/madani-namoun-seteint-a-lage-de-81-ans-une-figure-emblematique-nous-quitte\\\/\"},\"wordCount\":765,\"commentCount\":0,\"publisher\":{\"@id\":\"https:\\\/\\\/lasentinelle.dz\\\/#organization\"},\"image\":{\"@id\":\"https:\\\/\\\/lasentinelle.dz\\\/index.php\\\/2025\\\/07\\\/17\\\/madani-namoun-seteint-a-lage-de-81-ans-une-figure-emblematique-nous-quitte\\\/#primaryimage\"},\"thumbnailUrl\":\"https:\\\/\\\/lasentinelle.dz\\\/wp-content\\\/uploads\\\/2025\\\/07\\\/Madani-Namoun.jpg\",\"articleSection\":[\"Culture\"],\"inLanguage\":\"fr-FR\",\"potentialAction\":[{\"@type\":\"CommentAction\",\"name\":\"Comment\",\"target\":[\"https:\\\/\\\/lasentinelle.dz\\\/index.php\\\/2025\\\/07\\\/17\\\/madani-namoun-seteint-a-lage-de-81-ans-une-figure-emblematique-nous-quitte\\\/#respond\"]}]},{\"@type\":\"WebPage\",\"@id\":\"https:\\\/\\\/lasentinelle.dz\\\/index.php\\\/2025\\\/07\\\/17\\\/madani-namoun-seteint-a-lage-de-81-ans-une-figure-emblematique-nous-quitte\\\/\",\"url\":\"https:\\\/\\\/lasentinelle.dz\\\/index.php\\\/2025\\\/07\\\/17\\\/madani-namoun-seteint-a-lage-de-81-ans-une-figure-emblematique-nous-quitte\\\/\",\"name\":\"Madani Namoun s&rsquo;\u00e9teint \u00e0 l&rsquo;\u00e2ge de 81 ans: Une figure embl\u00e9matique nous quitte - La Sentinelle\",\"isPartOf\":{\"@id\":\"https:\\\/\\\/lasentinelle.dz\\\/#website\"},\"primaryImageOfPage\":{\"@id\":\"https:\\\/\\\/lasentinelle.dz\\\/index.php\\\/2025\\\/07\\\/17\\\/madani-namoun-seteint-a-lage-de-81-ans-une-figure-emblematique-nous-quitte\\\/#primaryimage\"},\"image\":{\"@id\":\"https:\\\/\\\/lasentinelle.dz\\\/index.php\\\/2025\\\/07\\\/17\\\/madani-namoun-seteint-a-lage-de-81-ans-une-figure-emblematique-nous-quitte\\\/#primaryimage\"},\"thumbnailUrl\":\"https:\\\/\\\/lasentinelle.dz\\\/wp-content\\\/uploads\\\/2025\\\/07\\\/Madani-Namoun.jpg\",\"datePublished\":\"2025-07-17T09:23:00+00:00\",\"dateModified\":\"2025-07-18T19:25:08+00:00\",\"breadcrumb\":{\"@id\":\"https:\\\/\\\/lasentinelle.dz\\\/index.php\\\/2025\\\/07\\\/17\\\/madani-namoun-seteint-a-lage-de-81-ans-une-figure-emblematique-nous-quitte\\\/#breadcrumb\"},\"inLanguage\":\"fr-FR\",\"potentialAction\":[{\"@type\":\"ReadAction\",\"target\":[\"https:\\\/\\\/lasentinelle.dz\\\/index.php\\\/2025\\\/07\\\/17\\\/madani-namoun-seteint-a-lage-de-81-ans-une-figure-emblematique-nous-quitte\\\/\"]}]},{\"@type\":\"ImageObject\",\"inLanguage\":\"fr-FR\",\"@id\":\"https:\\\/\\\/lasentinelle.dz\\\/index.php\\\/2025\\\/07\\\/17\\\/madani-namoun-seteint-a-lage-de-81-ans-une-figure-emblematique-nous-quitte\\\/#primaryimage\",\"url\":\"https:\\\/\\\/lasentinelle.dz\\\/wp-content\\\/uploads\\\/2025\\\/07\\\/Madani-Namoun.jpg\",\"contentUrl\":\"https:\\\/\\\/lasentinelle.dz\\\/wp-content\\\/uploads\\\/2025\\\/07\\\/Madani-Namoun.jpg\",\"width\":900,\"height\":500},{\"@type\":\"BreadcrumbList\",\"@id\":\"https:\\\/\\\/lasentinelle.dz\\\/index.php\\\/2025\\\/07\\\/17\\\/madani-namoun-seteint-a-lage-de-81-ans-une-figure-emblematique-nous-quitte\\\/#breadcrumb\",\"itemListElement\":[{\"@type\":\"ListItem\",\"position\":1,\"name\":\"Accueil\",\"item\":\"https:\\\/\\\/lasentinelle.dz\\\/\"},{\"@type\":\"ListItem\",\"position\":2,\"name\":\"Madani Namoun s&rsquo;\u00e9teint \u00e0 l&rsquo;\u00e2ge de 81 ans: Une figure embl\u00e9matique nous quitte\"}]},{\"@type\":\"WebSite\",\"@id\":\"https:\\\/\\\/lasentinelle.dz\\\/#website\",\"url\":\"https:\\\/\\\/lasentinelle.dz\\\/\",\"name\":\"La Sentinelle\",\"description\":\"Quotidien national d&#039;information\",\"publisher\":{\"@id\":\"https:\\\/\\\/lasentinelle.dz\\\/#organization\"},\"potentialAction\":[{\"@type\":\"SearchAction\",\"target\":{\"@type\":\"EntryPoint\",\"urlTemplate\":\"https:\\\/\\\/lasentinelle.dz\\\/?s={search_term_string}\"},\"query-input\":{\"@type\":\"PropertyValueSpecification\",\"valueRequired\":true,\"valueName\":\"search_term_string\"}}],\"inLanguage\":\"fr-FR\"},{\"@type\":\"Organization\",\"@id\":\"https:\\\/\\\/lasentinelle.dz\\\/#organization\",\"name\":\"Quotidien La Sentinelle\",\"url\":\"https:\\\/\\\/lasentinelle.dz\\\/\",\"logo\":{\"@type\":\"ImageObject\",\"inLanguage\":\"fr-FR\",\"@id\":\"https:\\\/\\\/lasentinelle.dz\\\/#\\\/schema\\\/logo\\\/image\\\/\",\"url\":\"https:\\\/\\\/lasentinelle.dz\\\/wp-content\\\/uploads\\\/2021\\\/09\\\/logo-sentinelleSLOGAN-1.png\",\"contentUrl\":\"https:\\\/\\\/lasentinelle.dz\\\/wp-content\\\/uploads\\\/2021\\\/09\\\/logo-sentinelleSLOGAN-1.png\",\"width\":615,\"height\":142,\"caption\":\"Quotidien La Sentinelle\"},\"image\":{\"@id\":\"https:\\\/\\\/lasentinelle.dz\\\/#\\\/schema\\\/logo\\\/image\\\/\"},\"sameAs\":[\"https:\\\/\\\/www.facebook.com\\\/La-Sentinelle-104059864394773\"]},{\"@type\":\"Person\",\"@id\":\"https:\\\/\\\/lasentinelle.dz\\\/#\\\/schema\\\/person\\\/729ee0024f24e0b8c5ec17232f8e8b41\",\"name\":\"admin\",\"image\":{\"@type\":\"ImageObject\",\"inLanguage\":\"fr-FR\",\"@id\":\"https:\\\/\\\/secure.gravatar.com\\\/avatar\\\/4c81fed838786e9b53f540bf46533e750f5d292099ae3b66cfc6fb1982e29df7?s=96&d=mm&r=g\",\"url\":\"https:\\\/\\\/secure.gravatar.com\\\/avatar\\\/4c81fed838786e9b53f540bf46533e750f5d292099ae3b66cfc6fb1982e29df7?s=96&d=mm&r=g\",\"contentUrl\":\"https:\\\/\\\/secure.gravatar.com\\\/avatar\\\/4c81fed838786e9b53f540bf46533e750f5d292099ae3b66cfc6fb1982e29df7?s=96&d=mm&r=g\",\"caption\":\"admin\"},\"description\":\"admin\",\"url\":\"https:\\\/\\\/lasentinelle.dz\\\/author\\\/admin\\\/\"}]}<\/script>\n<!-- \/ Yoast SEO plugin. -->","yoast_head_json":{"title":"Madani Namoun s&rsquo;\u00e9teint \u00e0 l&rsquo;\u00e2ge de 81 ans: Une figure embl\u00e9matique nous quitte - La Sentinelle","robots":{"index":"index","follow":"follow","max-snippet":"max-snippet:-1","max-image-preview":"max-image-preview:large","max-video-preview":"max-video-preview:-1"},"canonical":"https:\/\/lasentinelle.dz\/index.php\/2025\/07\/17\/madani-namoun-seteint-a-lage-de-81-ans-une-figure-emblematique-nous-quitte\/","og_locale":"fr_FR","og_type":"article","og_title":"Madani Namoun s&rsquo;\u00e9teint \u00e0 l&rsquo;\u00e2ge de 81 ans: Une figure embl\u00e9matique nous quitte - La Sentinelle","og_description":"La sc\u00e8ne culturelle est en deuil. Madani Namoun, l&rsquo;une des figures les plus marquantes du th\u00e9\u00e2tre, du cin\u00e9ma et de","og_url":"https:\/\/lasentinelle.dz\/index.php\/2025\/07\/17\/madani-namoun-seteint-a-lage-de-81-ans-une-figure-emblematique-nous-quitte\/","og_site_name":"La Sentinelle","article_publisher":"https:\/\/www.facebook.com\/La-Sentinelle-104059864394773","article_published_time":"2025-07-17T09:23:00+00:00","article_modified_time":"2025-07-18T19:25:08+00:00","og_image":[{"width":900,"height":500,"url":"https:\/\/lasentinelle.dz\/wp-content\/uploads\/2025\/07\/Madani-Namoun.jpg","type":"image\/jpeg"}],"author":"admin","twitter_card":"summary_large_image","twitter_misc":{"\u00c9crit par":"admin","Dur\u00e9e de lecture estim\u00e9e":"4 minutes"},"schema":{"@context":"https:\/\/schema.org","@graph":[{"@type":"Article","@id":"https:\/\/lasentinelle.dz\/index.php\/2025\/07\/17\/madani-namoun-seteint-a-lage-de-81-ans-une-figure-emblematique-nous-quitte\/#article","isPartOf":{"@id":"https:\/\/lasentinelle.dz\/index.php\/2025\/07\/17\/madani-namoun-seteint-a-lage-de-81-ans-une-figure-emblematique-nous-quitte\/"},"author":{"name":"admin","@id":"https:\/\/lasentinelle.dz\/#\/schema\/person\/729ee0024f24e0b8c5ec17232f8e8b41"},"headline":"Madani Namoun s&rsquo;\u00e9teint \u00e0 l&rsquo;\u00e2ge de 81 ans: Une figure embl\u00e9matique nous quitte","datePublished":"2025-07-17T09:23:00+00:00","dateModified":"2025-07-18T19:25:08+00:00","mainEntityOfPage":{"@id":"https:\/\/lasentinelle.dz\/index.php\/2025\/07\/17\/madani-namoun-seteint-a-lage-de-81-ans-une-figure-emblematique-nous-quitte\/"},"wordCount":765,"commentCount":0,"publisher":{"@id":"https:\/\/lasentinelle.dz\/#organization"},"image":{"@id":"https:\/\/lasentinelle.dz\/index.php\/2025\/07\/17\/madani-namoun-seteint-a-lage-de-81-ans-une-figure-emblematique-nous-quitte\/#primaryimage"},"thumbnailUrl":"https:\/\/lasentinelle.dz\/wp-content\/uploads\/2025\/07\/Madani-Namoun.jpg","articleSection":["Culture"],"inLanguage":"fr-FR","potentialAction":[{"@type":"CommentAction","name":"Comment","target":["https:\/\/lasentinelle.dz\/index.php\/2025\/07\/17\/madani-namoun-seteint-a-lage-de-81-ans-une-figure-emblematique-nous-quitte\/#respond"]}]},{"@type":"WebPage","@id":"https:\/\/lasentinelle.dz\/index.php\/2025\/07\/17\/madani-namoun-seteint-a-lage-de-81-ans-une-figure-emblematique-nous-quitte\/","url":"https:\/\/lasentinelle.dz\/index.php\/2025\/07\/17\/madani-namoun-seteint-a-lage-de-81-ans-une-figure-emblematique-nous-quitte\/","name":"Madani Namoun s&rsquo;\u00e9teint \u00e0 l&rsquo;\u00e2ge de 81 ans: Une figure embl\u00e9matique nous quitte - La Sentinelle","isPartOf":{"@id":"https:\/\/lasentinelle.dz\/#website"},"primaryImageOfPage":{"@id":"https:\/\/lasentinelle.dz\/index.php\/2025\/07\/17\/madani-namoun-seteint-a-lage-de-81-ans-une-figure-emblematique-nous-quitte\/#primaryimage"},"image":{"@id":"https:\/\/lasentinelle.dz\/index.php\/2025\/07\/17\/madani-namoun-seteint-a-lage-de-81-ans-une-figure-emblematique-nous-quitte\/#primaryimage"},"thumbnailUrl":"https:\/\/lasentinelle.dz\/wp-content\/uploads\/2025\/07\/Madani-Namoun.jpg","datePublished":"2025-07-17T09:23:00+00:00","dateModified":"2025-07-18T19:25:08+00:00","breadcrumb":{"@id":"https:\/\/lasentinelle.dz\/index.php\/2025\/07\/17\/madani-namoun-seteint-a-lage-de-81-ans-une-figure-emblematique-nous-quitte\/#breadcrumb"},"inLanguage":"fr-FR","potentialAction":[{"@type":"ReadAction","target":["https:\/\/lasentinelle.dz\/index.php\/2025\/07\/17\/madani-namoun-seteint-a-lage-de-81-ans-une-figure-emblematique-nous-quitte\/"]}]},{"@type":"ImageObject","inLanguage":"fr-FR","@id":"https:\/\/lasentinelle.dz\/index.php\/2025\/07\/17\/madani-namoun-seteint-a-lage-de-81-ans-une-figure-emblematique-nous-quitte\/#primaryimage","url":"https:\/\/lasentinelle.dz\/wp-content\/uploads\/2025\/07\/Madani-Namoun.jpg","contentUrl":"https:\/\/lasentinelle.dz\/wp-content\/uploads\/2025\/07\/Madani-Namoun.jpg","width":900,"height":500},{"@type":"BreadcrumbList","@id":"https:\/\/lasentinelle.dz\/index.php\/2025\/07\/17\/madani-namoun-seteint-a-lage-de-81-ans-une-figure-emblematique-nous-quitte\/#breadcrumb","itemListElement":[{"@type":"ListItem","position":1,"name":"Accueil","item":"https:\/\/lasentinelle.dz\/"},{"@type":"ListItem","position":2,"name":"Madani Namoun s&rsquo;\u00e9teint \u00e0 l&rsquo;\u00e2ge de 81 ans: Une figure embl\u00e9matique nous quitte"}]},{"@type":"WebSite","@id":"https:\/\/lasentinelle.dz\/#website","url":"https:\/\/lasentinelle.dz\/","name":"La Sentinelle","description":"Quotidien national d&#039;information","publisher":{"@id":"https:\/\/lasentinelle.dz\/#organization"},"potentialAction":[{"@type":"SearchAction","target":{"@type":"EntryPoint","urlTemplate":"https:\/\/lasentinelle.dz\/?s={search_term_string}"},"query-input":{"@type":"PropertyValueSpecification","valueRequired":true,"valueName":"search_term_string"}}],"inLanguage":"fr-FR"},{"@type":"Organization","@id":"https:\/\/lasentinelle.dz\/#organization","name":"Quotidien La Sentinelle","url":"https:\/\/lasentinelle.dz\/","logo":{"@type":"ImageObject","inLanguage":"fr-FR","@id":"https:\/\/lasentinelle.dz\/#\/schema\/logo\/image\/","url":"https:\/\/lasentinelle.dz\/wp-content\/uploads\/2021\/09\/logo-sentinelleSLOGAN-1.png","contentUrl":"https:\/\/lasentinelle.dz\/wp-content\/uploads\/2021\/09\/logo-sentinelleSLOGAN-1.png","width":615,"height":142,"caption":"Quotidien La Sentinelle"},"image":{"@id":"https:\/\/lasentinelle.dz\/#\/schema\/logo\/image\/"},"sameAs":["https:\/\/www.facebook.com\/La-Sentinelle-104059864394773"]},{"@type":"Person","@id":"https:\/\/lasentinelle.dz\/#\/schema\/person\/729ee0024f24e0b8c5ec17232f8e8b41","name":"admin","image":{"@type":"ImageObject","inLanguage":"fr-FR","@id":"https:\/\/secure.gravatar.com\/avatar\/4c81fed838786e9b53f540bf46533e750f5d292099ae3b66cfc6fb1982e29df7?s=96&d=mm&r=g","url":"https:\/\/secure.gravatar.com\/avatar\/4c81fed838786e9b53f540bf46533e750f5d292099ae3b66cfc6fb1982e29df7?s=96&d=mm&r=g","contentUrl":"https:\/\/secure.gravatar.com\/avatar\/4c81fed838786e9b53f540bf46533e750f5d292099ae3b66cfc6fb1982e29df7?s=96&d=mm&r=g","caption":"admin"},"description":"admin","url":"https:\/\/lasentinelle.dz\/author\/admin\/"}]}},"_links":{"self":[{"href":"https:\/\/lasentinelle.dz\/index.php\/wp-json\/wp\/v2\/posts\/70486","targetHints":{"allow":["GET"]}}],"collection":[{"href":"https:\/\/lasentinelle.dz\/index.php\/wp-json\/wp\/v2\/posts"}],"about":[{"href":"https:\/\/lasentinelle.dz\/index.php\/wp-json\/wp\/v2\/types\/post"}],"author":[{"embeddable":true,"href":"https:\/\/lasentinelle.dz\/index.php\/wp-json\/wp\/v2\/users\/6"}],"replies":[{"embeddable":true,"href":"https:\/\/lasentinelle.dz\/index.php\/wp-json\/wp\/v2\/comments?post=70486"}],"version-history":[{"count":2,"href":"https:\/\/lasentinelle.dz\/index.php\/wp-json\/wp\/v2\/posts\/70486\/revisions"}],"predecessor-version":[{"id":70489,"href":"https:\/\/lasentinelle.dz\/index.php\/wp-json\/wp\/v2\/posts\/70486\/revisions\/70489"}],"wp:featuredmedia":[{"embeddable":true,"href":"https:\/\/lasentinelle.dz\/index.php\/wp-json\/wp\/v2\/media\/70487"}],"wp:attachment":[{"href":"https:\/\/lasentinelle.dz\/index.php\/wp-json\/wp\/v2\/media?parent=70486"}],"wp:term":[{"taxonomy":"category","embeddable":true,"href":"https:\/\/lasentinelle.dz\/index.php\/wp-json\/wp\/v2\/categories?post=70486"},{"taxonomy":"post_tag","embeddable":true,"href":"https:\/\/lasentinelle.dz\/index.php\/wp-json\/wp\/v2\/tags?post=70486"}],"curies":[{"name":"wp","href":"https:\/\/api.w.org\/{rel}","templated":true}]}}