{"id":70490,"date":"2025-07-17T10:25:00","date_gmt":"2025-07-17T09:25:00","guid":{"rendered":"https:\/\/lasentinelle.dz\/?p=70490"},"modified":"2025-07-18T20:26:21","modified_gmt":"2025-07-18T19:26:21","slug":"volley-ball-lalgerie-affute-ses-armes-avant-le-mondial-2025","status":"publish","type":"post","link":"https:\/\/lasentinelle.dz\/index.php\/2025\/07\/17\/volley-ball-lalgerie-affute-ses-armes-avant-le-mondial-2025\/","title":{"rendered":"Volley-ball : L&rsquo;Alg\u00e9rie aff\u00fbte ses armes avant le Mondial 2025"},"content":{"rendered":"\n<p>La s\u00e9lection alg\u00e9rienne masculine de volley-ball poursuit sa mont\u00e9e en puissance dans sa pr\u00e9paration au Championnat du monde 2025 avec une nouvelle victoire convaincante face \u00e0 la Libye lundi soir \u00e0 Tunis. Les prot\u00e9g\u00e9s du staff technique se sont impos\u00e9s de mani\u00e8re autoritaire sur le score de 3 sets \u00e0 0, avec des manches remport\u00e9es 25-19, 25-14 et 25-12, t\u00e9moignant d&rsquo;une progression constante dans l&rsquo;approche de la comp\u00e9tition mondiale pr\u00e9vue aux Philippines du 12 au 28 septembre. Cette performance s&rsquo;inscrit dans la continuit\u00e9 des bonnes dispositions affich\u00e9es par le Six national lors de ce stage pr\u00e9comp\u00e9titif en Tunisie, o\u00f9 l&rsquo;\u00e9quipe alg\u00e9rienne avait d\u00e9j\u00e0 valid\u00e9 sa forme naissante en dominant le Kowe\u00eft sur le score de 3 sets \u00e0 1 lors de la pr\u00e9c\u00e9dente rencontre amicale. La courbe de progression de l&rsquo;\u00e9quipe alg\u00e9rienne s&rsquo;av\u00e8re particuli\u00e8rement encourageante \u00e0 l&rsquo;approche d&rsquo;un Mondial qui s&rsquo;annonce d&rsquo;un niveau exceptionnel. Les volleyeurs alg\u00e9riens avaient entam\u00e9 leur cycle pr\u00e9paratoire en participant au tournoi international de l&rsquo;Amiti\u00e9 disput\u00e9 d\u00e9but juillet \u00e0 Bejaia, une comp\u00e9tition qui avait r\u00e9uni la Tunisie, la Libye et l&rsquo;\u00c9gypte dans un contexte id\u00e9al pour jauger le niveau de forme des diff\u00e9rentes formations maghr\u00e9bines. Cette premi\u00e8re \u00e9tape avait permis au staff technique de dresser un premier bilan des forces et faiblesses de son effectif, tout en identifiant les axes de travail prioritaires avant les \u00e9ch\u00e9ances plus d\u00e9cisives. Le regroupement tunisien constitue d\u00e9sormais une phase cruciale de cette pr\u00e9paration, offrant aux joueurs alg\u00e9riens l&rsquo;opportunit\u00e9 de peaufiner leurs automatismes collectifs et d&rsquo;affiner leur coh\u00e9sion dans un environnement comp\u00e9titif mais sans pression excessive.<\/p>\n\n\n\n<p>L&rsquo;enjeu du Mondial 2025 rev\u00eat une importance particuli\u00e8re pour le volley-ball alg\u00e9rien, qui \u00e9voluera dans une poule A redoutable aux c\u00f4t\u00e9s de trois formations europ\u00e9ennes de premier plan. L&rsquo;Italie, l&rsquo;Ukraine et la Belgique repr\u00e9sentent autant de d\u00e9fis majeurs pour une s\u00e9lection alg\u00e9rienne qui devra puiser dans ses ressources pour esp\u00e9rer franchir le cap du premier tour. Cette configuration g\u00e9ographique du groupe place l&rsquo;Alg\u00e9rie dans une position d&rsquo;outsider, mais \u00e9galement d&rsquo;\u00e9quipe capable de cr\u00e9er la surprise face \u00e0 des adversaires qui pourraient sous-estimer la progression du volley-ball africain. Le nouveau format de la comp\u00e9tition, qui accueillera pour la premi\u00e8re fois 32 pays, modifie sensiblement la donne puisque les deux meilleures \u00e9quipes du classement final de chaque poule acc\u00e9deront directement \u00e0 la phase \u00e0 \u00e9limination directe.<\/p>\n\n\n\n<p>Cette \u00e9volution r\u00e9glementaire offre th\u00e9oriquement plus de possibilit\u00e9s de qualification aux \u00e9quipes ambitieuses, mais elle intensifie \u00e9galement la concurrence au sein de chaque groupe. Pour l&rsquo;Alg\u00e9rie, cela signifie que chaque match rev\u00eatira une importance capitale, sans possibilit\u00e9 de rel\u00e2chement face \u00e0 des adversaires qui ne feront aucun cadeau. Le tournoi se d\u00e9roulera sur deux sites prestigieux \u00e0 Manille, le Smart Arena Coliseum et la SM Mo Arena, des infrastructures modernes qui garantiront des conditions optimales pour cette premi\u00e8re \u00e9dition \u00e9largie du Championnat du monde. Cette localisation aux Philippines repr\u00e9sente \u00e9galement un d\u00e9fi logistique et climatique suppl\u00e9mentaire pour les \u00e9quipes africaines, habitu\u00e9es \u00e0 \u00e9voluer dans des environnements diff\u00e9rents.<\/p>\n\n\n\n<p>La pr\u00e9sence alg\u00e9rienne \u00e0 ce Mondial constitue l&rsquo;aboutissement d&rsquo;un parcours continental remarquable lors du Championnat d&rsquo;Afrique 2023. Le Six national avait valid\u00e9 son billet pour la comp\u00e9tition mondiale en atteignant la finale de ce tournoi africain, s&rsquo;inclinant certes face \u00e0 l&rsquo;\u00c9gypte sur le score de 1-3, mais d\u00e9montrant sa capacit\u00e9 \u00e0 rivaliser avec les meilleures formations du continent. Cette qualification historique t\u00e9moigne de la progression constante du volley-ball alg\u00e9rien ces derni\u00e8res ann\u00e9es, fruit d&rsquo;un travail de fond men\u00e9 par la f\u00e9d\u00e9ration et les staffs techniques successifs.<\/p>\n\n\n\n<p>M.D.<\/p>\n","protected":false},"excerpt":{"rendered":"<p>La s\u00e9lection alg\u00e9rienne masculine de volley-ball poursuit sa mont\u00e9e en puissance dans sa pr\u00e9paration au Championnat du monde 2025 avec<\/p>\n","protected":false},"author":6,"featured_media":53207,"comment_status":"open","ping_status":"closed","sticky":false,"template":"","format":"standard","meta":{"colormag_page_container_layout":"default_layout","colormag_page_sidebar_layout":"default_layout","om_disable_all_campaigns":false,"_monsterinsights_skip_tracking":false,"_monsterinsights_sitenote_active":false,"_monsterinsights_sitenote_note":"","_monsterinsights_sitenote_category":0,"footnotes":"","_wpscppro_dont_share_socialmedia":false,"_wpscppro_custom_social_share_image":0,"_facebook_share_type":"default","_twitter_share_type":"default","_linkedin_share_type":"default","_pinterest_share_type":"default","_linkedin_share_type_page":"","_instagram_share_type":"default","_medium_share_type":"default","_threads_share_type":"","_google_business_share_type":"","_selected_social_profile":[],"_wpsp_enable_custom_social_template":false,"_wpsp_social_scheduling":{"enabled":false,"datetime":null,"platforms":[],"status":"template_only","dateOption":"today","timeOption":"now","customDays":"","customHours":"","customDate":"","customTime":"","schedulingType":"absolute"},"_wpsp_active_default_template":true},"categories":[33],"tags":[],"class_list":["post-70490","post","type-post","status-publish","format-standard","has-post-thumbnail","hentry","category-sports"],"aioseo_notices":[],"yoast_head":"<!-- This site is optimized with the Yoast SEO plugin v27.5 - https:\/\/yoast.com\/product\/yoast-seo-wordpress\/ -->\n<title>Volley-ball : L&rsquo;Alg\u00e9rie aff\u00fbte ses armes avant le Mondial 2025 - La Sentinelle<\/title>\n<meta name=\"robots\" content=\"index, follow, max-snippet:-1, max-image-preview:large, max-video-preview:-1\" \/>\n<link rel=\"canonical\" href=\"https:\/\/lasentinelle.dz\/index.php\/2025\/07\/17\/volley-ball-lalgerie-affute-ses-armes-avant-le-mondial-2025\/\" \/>\n<meta property=\"og:locale\" content=\"fr_FR\" \/>\n<meta property=\"og:type\" content=\"article\" \/>\n<meta property=\"og:title\" content=\"Volley-ball : L&rsquo;Alg\u00e9rie aff\u00fbte ses armes avant le Mondial 2025 - La Sentinelle\" \/>\n<meta property=\"og:description\" content=\"La s\u00e9lection alg\u00e9rienne masculine de volley-ball poursuit sa mont\u00e9e en puissance dans sa pr\u00e9paration au Championnat du monde 2025 avec\" \/>\n<meta property=\"og:url\" content=\"https:\/\/lasentinelle.dz\/index.php\/2025\/07\/17\/volley-ball-lalgerie-affute-ses-armes-avant-le-mondial-2025\/\" \/>\n<meta property=\"og:site_name\" content=\"La Sentinelle\" \/>\n<meta property=\"article:publisher\" content=\"https:\/\/www.facebook.com\/La-Sentinelle-104059864394773\" \/>\n<meta property=\"article:published_time\" content=\"2025-07-17T09:25:00+00:00\" \/>\n<meta property=\"article:modified_time\" content=\"2025-07-18T19:26:21+00:00\" \/>\n<meta property=\"og:image\" content=\"https:\/\/lasentinelle.dz\/wp-content\/uploads\/2024\/06\/volleyball.jpeg\" \/>\n\t<meta property=\"og:image:width\" content=\"580\" \/>\n\t<meta property=\"og:image:height\" content=\"350\" \/>\n\t<meta property=\"og:image:type\" content=\"image\/jpeg\" \/>\n<meta name=\"author\" content=\"admin\" \/>\n<meta name=\"twitter:card\" content=\"summary_large_image\" \/>\n<meta name=\"twitter:label1\" content=\"\u00c9crit par\" \/>\n\t<meta name=\"twitter:data1\" content=\"admin\" \/>\n\t<meta name=\"twitter:label2\" content=\"Dur\u00e9e de lecture estim\u00e9e\" \/>\n\t<meta name=\"twitter:data2\" content=\"4 minutes\" \/>\n<script type=\"application\/ld+json\" class=\"yoast-schema-graph\">{\"@context\":\"https:\\\/\\\/schema.org\",\"@graph\":[{\"@type\":\"Article\",\"@id\":\"https:\\\/\\\/lasentinelle.dz\\\/index.php\\\/2025\\\/07\\\/17\\\/volley-ball-lalgerie-affute-ses-armes-avant-le-mondial-2025\\\/#article\",\"isPartOf\":{\"@id\":\"https:\\\/\\\/lasentinelle.dz\\\/index.php\\\/2025\\\/07\\\/17\\\/volley-ball-lalgerie-affute-ses-armes-avant-le-mondial-2025\\\/\"},\"author\":{\"name\":\"admin\",\"@id\":\"https:\\\/\\\/lasentinelle.dz\\\/#\\\/schema\\\/person\\\/729ee0024f24e0b8c5ec17232f8e8b41\"},\"headline\":\"Volley-ball : L&rsquo;Alg\u00e9rie aff\u00fbte ses armes avant le Mondial 2025\",\"datePublished\":\"2025-07-17T09:25:00+00:00\",\"dateModified\":\"2025-07-18T19:26:21+00:00\",\"mainEntityOfPage\":{\"@id\":\"https:\\\/\\\/lasentinelle.dz\\\/index.php\\\/2025\\\/07\\\/17\\\/volley-ball-lalgerie-affute-ses-armes-avant-le-mondial-2025\\\/\"},\"wordCount\":667,\"commentCount\":0,\"publisher\":{\"@id\":\"https:\\\/\\\/lasentinelle.dz\\\/#organization\"},\"image\":{\"@id\":\"https:\\\/\\\/lasentinelle.dz\\\/index.php\\\/2025\\\/07\\\/17\\\/volley-ball-lalgerie-affute-ses-armes-avant-le-mondial-2025\\\/#primaryimage\"},\"thumbnailUrl\":\"https:\\\/\\\/lasentinelle.dz\\\/wp-content\\\/uploads\\\/2024\\\/06\\\/volleyball.jpeg\",\"articleSection\":[\"Sports\"],\"inLanguage\":\"fr-FR\",\"potentialAction\":[{\"@type\":\"CommentAction\",\"name\":\"Comment\",\"target\":[\"https:\\\/\\\/lasentinelle.dz\\\/index.php\\\/2025\\\/07\\\/17\\\/volley-ball-lalgerie-affute-ses-armes-avant-le-mondial-2025\\\/#respond\"]}]},{\"@type\":\"WebPage\",\"@id\":\"https:\\\/\\\/lasentinelle.dz\\\/index.php\\\/2025\\\/07\\\/17\\\/volley-ball-lalgerie-affute-ses-armes-avant-le-mondial-2025\\\/\",\"url\":\"https:\\\/\\\/lasentinelle.dz\\\/index.php\\\/2025\\\/07\\\/17\\\/volley-ball-lalgerie-affute-ses-armes-avant-le-mondial-2025\\\/\",\"name\":\"Volley-ball : L&rsquo;Alg\u00e9rie aff\u00fbte ses armes avant le Mondial 2025 - La Sentinelle\",\"isPartOf\":{\"@id\":\"https:\\\/\\\/lasentinelle.dz\\\/#website\"},\"primaryImageOfPage\":{\"@id\":\"https:\\\/\\\/lasentinelle.dz\\\/index.php\\\/2025\\\/07\\\/17\\\/volley-ball-lalgerie-affute-ses-armes-avant-le-mondial-2025\\\/#primaryimage\"},\"image\":{\"@id\":\"https:\\\/\\\/lasentinelle.dz\\\/index.php\\\/2025\\\/07\\\/17\\\/volley-ball-lalgerie-affute-ses-armes-avant-le-mondial-2025\\\/#primaryimage\"},\"thumbnailUrl\":\"https:\\\/\\\/lasentinelle.dz\\\/wp-content\\\/uploads\\\/2024\\\/06\\\/volleyball.jpeg\",\"datePublished\":\"2025-07-17T09:25:00+00:00\",\"dateModified\":\"2025-07-18T19:26:21+00:00\",\"breadcrumb\":{\"@id\":\"https:\\\/\\\/lasentinelle.dz\\\/index.php\\\/2025\\\/07\\\/17\\\/volley-ball-lalgerie-affute-ses-armes-avant-le-mondial-2025\\\/#breadcrumb\"},\"inLanguage\":\"fr-FR\",\"potentialAction\":[{\"@type\":\"ReadAction\",\"target\":[\"https:\\\/\\\/lasentinelle.dz\\\/index.php\\\/2025\\\/07\\\/17\\\/volley-ball-lalgerie-affute-ses-armes-avant-le-mondial-2025\\\/\"]}]},{\"@type\":\"ImageObject\",\"inLanguage\":\"fr-FR\",\"@id\":\"https:\\\/\\\/lasentinelle.dz\\\/index.php\\\/2025\\\/07\\\/17\\\/volley-ball-lalgerie-affute-ses-armes-avant-le-mondial-2025\\\/#primaryimage\",\"url\":\"https:\\\/\\\/lasentinelle.dz\\\/wp-content\\\/uploads\\\/2024\\\/06\\\/volleyball.jpeg\",\"contentUrl\":\"https:\\\/\\\/lasentinelle.dz\\\/wp-content\\\/uploads\\\/2024\\\/06\\\/volleyball.jpeg\",\"width\":580,\"height\":350},{\"@type\":\"BreadcrumbList\",\"@id\":\"https:\\\/\\\/lasentinelle.dz\\\/index.php\\\/2025\\\/07\\\/17\\\/volley-ball-lalgerie-affute-ses-armes-avant-le-mondial-2025\\\/#breadcrumb\",\"itemListElement\":[{\"@type\":\"ListItem\",\"position\":1,\"name\":\"Accueil\",\"item\":\"https:\\\/\\\/lasentinelle.dz\\\/\"},{\"@type\":\"ListItem\",\"position\":2,\"name\":\"Volley-ball : L&rsquo;Alg\u00e9rie aff\u00fbte ses armes avant le Mondial 2025\"}]},{\"@type\":\"WebSite\",\"@id\":\"https:\\\/\\\/lasentinelle.dz\\\/#website\",\"url\":\"https:\\\/\\\/lasentinelle.dz\\\/\",\"name\":\"La Sentinelle\",\"description\":\"Quotidien national d&#039;information\",\"publisher\":{\"@id\":\"https:\\\/\\\/lasentinelle.dz\\\/#organization\"},\"potentialAction\":[{\"@type\":\"SearchAction\",\"target\":{\"@type\":\"EntryPoint\",\"urlTemplate\":\"https:\\\/\\\/lasentinelle.dz\\\/?s={search_term_string}\"},\"query-input\":{\"@type\":\"PropertyValueSpecification\",\"valueRequired\":true,\"valueName\":\"search_term_string\"}}],\"inLanguage\":\"fr-FR\"},{\"@type\":\"Organization\",\"@id\":\"https:\\\/\\\/lasentinelle.dz\\\/#organization\",\"name\":\"Quotidien La Sentinelle\",\"url\":\"https:\\\/\\\/lasentinelle.dz\\\/\",\"logo\":{\"@type\":\"ImageObject\",\"inLanguage\":\"fr-FR\",\"@id\":\"https:\\\/\\\/lasentinelle.dz\\\/#\\\/schema\\\/logo\\\/image\\\/\",\"url\":\"https:\\\/\\\/lasentinelle.dz\\\/wp-content\\\/uploads\\\/2021\\\/09\\\/logo-sentinelleSLOGAN-1.png\",\"contentUrl\":\"https:\\\/\\\/lasentinelle.dz\\\/wp-content\\\/uploads\\\/2021\\\/09\\\/logo-sentinelleSLOGAN-1.png\",\"width\":615,\"height\":142,\"caption\":\"Quotidien La Sentinelle\"},\"image\":{\"@id\":\"https:\\\/\\\/lasentinelle.dz\\\/#\\\/schema\\\/logo\\\/image\\\/\"},\"sameAs\":[\"https:\\\/\\\/www.facebook.com\\\/La-Sentinelle-104059864394773\"]},{\"@type\":\"Person\",\"@id\":\"https:\\\/\\\/lasentinelle.dz\\\/#\\\/schema\\\/person\\\/729ee0024f24e0b8c5ec17232f8e8b41\",\"name\":\"admin\",\"image\":{\"@type\":\"ImageObject\",\"inLanguage\":\"fr-FR\",\"@id\":\"https:\\\/\\\/secure.gravatar.com\\\/avatar\\\/4c81fed838786e9b53f540bf46533e750f5d292099ae3b66cfc6fb1982e29df7?s=96&d=mm&r=g\",\"url\":\"https:\\\/\\\/secure.gravatar.com\\\/avatar\\\/4c81fed838786e9b53f540bf46533e750f5d292099ae3b66cfc6fb1982e29df7?s=96&d=mm&r=g\",\"contentUrl\":\"https:\\\/\\\/secure.gravatar.com\\\/avatar\\\/4c81fed838786e9b53f540bf46533e750f5d292099ae3b66cfc6fb1982e29df7?s=96&d=mm&r=g\",\"caption\":\"admin\"},\"description\":\"admin\",\"url\":\"https:\\\/\\\/lasentinelle.dz\\\/author\\\/admin\\\/\"}]}<\/script>\n<!-- \/ Yoast SEO plugin. -->","yoast_head_json":{"title":"Volley-ball : L&rsquo;Alg\u00e9rie aff\u00fbte ses armes avant le Mondial 2025 - La Sentinelle","robots":{"index":"index","follow":"follow","max-snippet":"max-snippet:-1","max-image-preview":"max-image-preview:large","max-video-preview":"max-video-preview:-1"},"canonical":"https:\/\/lasentinelle.dz\/index.php\/2025\/07\/17\/volley-ball-lalgerie-affute-ses-armes-avant-le-mondial-2025\/","og_locale":"fr_FR","og_type":"article","og_title":"Volley-ball : L&rsquo;Alg\u00e9rie aff\u00fbte ses armes avant le Mondial 2025 - La Sentinelle","og_description":"La s\u00e9lection alg\u00e9rienne masculine de volley-ball poursuit sa mont\u00e9e en puissance dans sa pr\u00e9paration au Championnat du monde 2025 avec","og_url":"https:\/\/lasentinelle.dz\/index.php\/2025\/07\/17\/volley-ball-lalgerie-affute-ses-armes-avant-le-mondial-2025\/","og_site_name":"La Sentinelle","article_publisher":"https:\/\/www.facebook.com\/La-Sentinelle-104059864394773","article_published_time":"2025-07-17T09:25:00+00:00","article_modified_time":"2025-07-18T19:26:21+00:00","og_image":[{"width":580,"height":350,"url":"https:\/\/lasentinelle.dz\/wp-content\/uploads\/2024\/06\/volleyball.jpeg","type":"image\/jpeg"}],"author":"admin","twitter_card":"summary_large_image","twitter_misc":{"\u00c9crit par":"admin","Dur\u00e9e de lecture estim\u00e9e":"4 minutes"},"schema":{"@context":"https:\/\/schema.org","@graph":[{"@type":"Article","@id":"https:\/\/lasentinelle.dz\/index.php\/2025\/07\/17\/volley-ball-lalgerie-affute-ses-armes-avant-le-mondial-2025\/#article","isPartOf":{"@id":"https:\/\/lasentinelle.dz\/index.php\/2025\/07\/17\/volley-ball-lalgerie-affute-ses-armes-avant-le-mondial-2025\/"},"author":{"name":"admin","@id":"https:\/\/lasentinelle.dz\/#\/schema\/person\/729ee0024f24e0b8c5ec17232f8e8b41"},"headline":"Volley-ball : L&rsquo;Alg\u00e9rie aff\u00fbte ses armes avant le Mondial 2025","datePublished":"2025-07-17T09:25:00+00:00","dateModified":"2025-07-18T19:26:21+00:00","mainEntityOfPage":{"@id":"https:\/\/lasentinelle.dz\/index.php\/2025\/07\/17\/volley-ball-lalgerie-affute-ses-armes-avant-le-mondial-2025\/"},"wordCount":667,"commentCount":0,"publisher":{"@id":"https:\/\/lasentinelle.dz\/#organization"},"image":{"@id":"https:\/\/lasentinelle.dz\/index.php\/2025\/07\/17\/volley-ball-lalgerie-affute-ses-armes-avant-le-mondial-2025\/#primaryimage"},"thumbnailUrl":"https:\/\/lasentinelle.dz\/wp-content\/uploads\/2024\/06\/volleyball.jpeg","articleSection":["Sports"],"inLanguage":"fr-FR","potentialAction":[{"@type":"CommentAction","name":"Comment","target":["https:\/\/lasentinelle.dz\/index.php\/2025\/07\/17\/volley-ball-lalgerie-affute-ses-armes-avant-le-mondial-2025\/#respond"]}]},{"@type":"WebPage","@id":"https:\/\/lasentinelle.dz\/index.php\/2025\/07\/17\/volley-ball-lalgerie-affute-ses-armes-avant-le-mondial-2025\/","url":"https:\/\/lasentinelle.dz\/index.php\/2025\/07\/17\/volley-ball-lalgerie-affute-ses-armes-avant-le-mondial-2025\/","name":"Volley-ball : L&rsquo;Alg\u00e9rie aff\u00fbte ses armes avant le Mondial 2025 - La Sentinelle","isPartOf":{"@id":"https:\/\/lasentinelle.dz\/#website"},"primaryImageOfPage":{"@id":"https:\/\/lasentinelle.dz\/index.php\/2025\/07\/17\/volley-ball-lalgerie-affute-ses-armes-avant-le-mondial-2025\/#primaryimage"},"image":{"@id":"https:\/\/lasentinelle.dz\/index.php\/2025\/07\/17\/volley-ball-lalgerie-affute-ses-armes-avant-le-mondial-2025\/#primaryimage"},"thumbnailUrl":"https:\/\/lasentinelle.dz\/wp-content\/uploads\/2024\/06\/volleyball.jpeg","datePublished":"2025-07-17T09:25:00+00:00","dateModified":"2025-07-18T19:26:21+00:00","breadcrumb":{"@id":"https:\/\/lasentinelle.dz\/index.php\/2025\/07\/17\/volley-ball-lalgerie-affute-ses-armes-avant-le-mondial-2025\/#breadcrumb"},"inLanguage":"fr-FR","potentialAction":[{"@type":"ReadAction","target":["https:\/\/lasentinelle.dz\/index.php\/2025\/07\/17\/volley-ball-lalgerie-affute-ses-armes-avant-le-mondial-2025\/"]}]},{"@type":"ImageObject","inLanguage":"fr-FR","@id":"https:\/\/lasentinelle.dz\/index.php\/2025\/07\/17\/volley-ball-lalgerie-affute-ses-armes-avant-le-mondial-2025\/#primaryimage","url":"https:\/\/lasentinelle.dz\/wp-content\/uploads\/2024\/06\/volleyball.jpeg","contentUrl":"https:\/\/lasentinelle.dz\/wp-content\/uploads\/2024\/06\/volleyball.jpeg","width":580,"height":350},{"@type":"BreadcrumbList","@id":"https:\/\/lasentinelle.dz\/index.php\/2025\/07\/17\/volley-ball-lalgerie-affute-ses-armes-avant-le-mondial-2025\/#breadcrumb","itemListElement":[{"@type":"ListItem","position":1,"name":"Accueil","item":"https:\/\/lasentinelle.dz\/"},{"@type":"ListItem","position":2,"name":"Volley-ball : L&rsquo;Alg\u00e9rie aff\u00fbte ses armes avant le Mondial 2025"}]},{"@type":"WebSite","@id":"https:\/\/lasentinelle.dz\/#website","url":"https:\/\/lasentinelle.dz\/","name":"La Sentinelle","description":"Quotidien national d&#039;information","publisher":{"@id":"https:\/\/lasentinelle.dz\/#organization"},"potentialAction":[{"@type":"SearchAction","target":{"@type":"EntryPoint","urlTemplate":"https:\/\/lasentinelle.dz\/?s={search_term_string}"},"query-input":{"@type":"PropertyValueSpecification","valueRequired":true,"valueName":"search_term_string"}}],"inLanguage":"fr-FR"},{"@type":"Organization","@id":"https:\/\/lasentinelle.dz\/#organization","name":"Quotidien La Sentinelle","url":"https:\/\/lasentinelle.dz\/","logo":{"@type":"ImageObject","inLanguage":"fr-FR","@id":"https:\/\/lasentinelle.dz\/#\/schema\/logo\/image\/","url":"https:\/\/lasentinelle.dz\/wp-content\/uploads\/2021\/09\/logo-sentinelleSLOGAN-1.png","contentUrl":"https:\/\/lasentinelle.dz\/wp-content\/uploads\/2021\/09\/logo-sentinelleSLOGAN-1.png","width":615,"height":142,"caption":"Quotidien La Sentinelle"},"image":{"@id":"https:\/\/lasentinelle.dz\/#\/schema\/logo\/image\/"},"sameAs":["https:\/\/www.facebook.com\/La-Sentinelle-104059864394773"]},{"@type":"Person","@id":"https:\/\/lasentinelle.dz\/#\/schema\/person\/729ee0024f24e0b8c5ec17232f8e8b41","name":"admin","image":{"@type":"ImageObject","inLanguage":"fr-FR","@id":"https:\/\/secure.gravatar.com\/avatar\/4c81fed838786e9b53f540bf46533e750f5d292099ae3b66cfc6fb1982e29df7?s=96&d=mm&r=g","url":"https:\/\/secure.gravatar.com\/avatar\/4c81fed838786e9b53f540bf46533e750f5d292099ae3b66cfc6fb1982e29df7?s=96&d=mm&r=g","contentUrl":"https:\/\/secure.gravatar.com\/avatar\/4c81fed838786e9b53f540bf46533e750f5d292099ae3b66cfc6fb1982e29df7?s=96&d=mm&r=g","caption":"admin"},"description":"admin","url":"https:\/\/lasentinelle.dz\/author\/admin\/"}]}},"_links":{"self":[{"href":"https:\/\/lasentinelle.dz\/index.php\/wp-json\/wp\/v2\/posts\/70490","targetHints":{"allow":["GET"]}}],"collection":[{"href":"https:\/\/lasentinelle.dz\/index.php\/wp-json\/wp\/v2\/posts"}],"about":[{"href":"https:\/\/lasentinelle.dz\/index.php\/wp-json\/wp\/v2\/types\/post"}],"author":[{"embeddable":true,"href":"https:\/\/lasentinelle.dz\/index.php\/wp-json\/wp\/v2\/users\/6"}],"replies":[{"embeddable":true,"href":"https:\/\/lasentinelle.dz\/index.php\/wp-json\/wp\/v2\/comments?post=70490"}],"version-history":[{"count":2,"href":"https:\/\/lasentinelle.dz\/index.php\/wp-json\/wp\/v2\/posts\/70490\/revisions"}],"predecessor-version":[{"id":70492,"href":"https:\/\/lasentinelle.dz\/index.php\/wp-json\/wp\/v2\/posts\/70490\/revisions\/70492"}],"wp:featuredmedia":[{"embeddable":true,"href":"https:\/\/lasentinelle.dz\/index.php\/wp-json\/wp\/v2\/media\/53207"}],"wp:attachment":[{"href":"https:\/\/lasentinelle.dz\/index.php\/wp-json\/wp\/v2\/media?parent=70490"}],"wp:term":[{"taxonomy":"category","embeddable":true,"href":"https:\/\/lasentinelle.dz\/index.php\/wp-json\/wp\/v2\/categories?post=70490"},{"taxonomy":"post_tag","embeddable":true,"href":"https:\/\/lasentinelle.dz\/index.php\/wp-json\/wp\/v2\/tags?post=70490"}],"curies":[{"name":"wp","href":"https:\/\/api.w.org\/{rel}","templated":true}]}}