{"id":70493,"date":"2025-07-17T10:26:00","date_gmt":"2025-07-17T09:26:00","guid":{"rendered":"https:\/\/lasentinelle.dz\/?p=70493"},"modified":"2025-07-18T20:27:25","modified_gmt":"2025-07-18T19:27:25","slug":"handball-u19-les-verts-face-au-defi-du-mondial-2025","status":"publish","type":"post","link":"https:\/\/lasentinelle.dz\/index.php\/2025\/07\/17\/handball-u19-les-verts-face-au-defi-du-mondial-2025\/","title":{"rendered":"Handball (U19): Les Verts face au d\u00e9fi du Mondial 2025"},"content":{"rendered":"\n<p>La pr\u00e9paration de la s\u00e9lection alg\u00e9rienne masculine de handball des moins de 19 ans pour le Championnat du monde 2025 prend une tournure contrast\u00e9e avec une d\u00e9faite sans appel face \u00e0 l&rsquo;\u00c9gypte lors d&rsquo;un match amical disput\u00e9 mardi au Caire.<\/p>\n\n\n\n<p>Les prot\u00e9g\u00e9s de Salah Bouchekriou se sont inclin\u00e9s lourdement sur le score de 17 \u00e0 36, r\u00e9v\u00e9lant l&rsquo;ampleur du travail qui reste \u00e0 accomplir avant la comp\u00e9tition mondiale pr\u00e9vue du 6 au 17 ao\u00fbt en \u00c9gypte. Cette premi\u00e8re confrontation internationale de la pr\u00e9paration met en lumi\u00e8re les difficult\u00e9s que pourrait rencontrer l&rsquo;\u00e9quipe alg\u00e9rienne dans un groupe C particuli\u00e8rement relev\u00e9, o\u00f9 elle affrontera l&rsquo;Espagne, tenante du titre, ainsi que la Serbie et la Croatie. Le parcours pr\u00e9paratoire orchestr\u00e9 par la F\u00e9d\u00e9ration alg\u00e9rienne de handball s&rsquo;articule autour d&rsquo;un programme intensif d\u00e9but\u00e9 depuis fin juin. Le s\u00e9lectionneur Salah Bouchekriou a d&rsquo;abord organis\u00e9 trois regroupements successifs \u00e0 Alger, du 22 au 26 juin, puis du 28 juin au 2 juillet et enfin du 5 au 8 juillet, avant que l&rsquo;\u00e9quipe ne rejoigne l&rsquo;\u00c9gypte vendredi soir pour poursuivre sa pr\u00e9paration sur place. Cette immersion en terre \u00e9gyptienne permet aux jeunes handballeurs alg\u00e9riens de s&rsquo;acclimater aux conditions locales et de se familiariser avec l&rsquo;environnement dans lequel ils \u00e9volueront lors de la comp\u00e9tition officielle. Le programme de pr\u00e9paration ne s&rsquo;arr\u00eate pas l\u00e0 puisque la s\u00e9lection nationale se rendra \u00e0 Bahre\u00efn fin juillet pour une nouvelle phase de pr\u00e9paration, avant l&rsquo;ultime regroupement programm\u00e9 d\u00e9but ao\u00fbt \u00e0 Alger.<\/p>\n\n\n\n<p>Cette d\u00e9faite face aux \u00c9gyptiens, futurs organisateurs du Mondial, souligne les d\u00e9fis qui attendent l&rsquo;\u00e9quipe alg\u00e9rienne dans une comp\u00e9tition o\u00f9 elle aura pour objectif de confirmer sa pr\u00e9sence sur la sc\u00e8ne mondiale. La qualification pour cette 11e \u00e9dition du Championnat du monde U19 avait \u00e9t\u00e9 acquise de haute lutte lors du Championnat d&rsquo;Afrique des nations 2024, o\u00f9 l&rsquo;Alg\u00e9rie avait termin\u00e9 \u00e0 la cinqui\u00e8me place en battant la Libye 26 \u00e0 25 en match de classement. Cette performance, bien que modeste, avait permis aux jeunes Alg\u00e9riens de d\u00e9crocher leur ticket pour l&rsquo;\u00c9gypte, dans un tournoi continental domin\u00e9 par les pays du Maghreb et du Nil. La finale de ce championnat africain avait d&rsquo;ailleurs oppos\u00e9 l&rsquo;\u00c9gypte \u00e0 la Tunisie, avec une victoire des Pharaons sur le score de 34 \u00e0 29.<\/p>\n\n\n\n<p>Le Championnat du monde 2025 se d\u00e9roulera sur quatre sites prestigieux r\u00e9partis dans la capitale \u00e9gyptienne et sa nouvelle ville administrative. Le Cairo Stadium et le Cairo Stadium Hall 2 accueilleront une partie des rencontres, tandis que le Covered New Hall New Administrative Capital et le New Administrative Capital Olympic City Hall compl\u00e9teront le dispositif. Cette r\u00e9partition g\u00e9ographique offre aux organisateurs \u00e9gyptiens la possibilit\u00e9 d&rsquo;optimiser la logistique tout en proposant des installations modernes aux diff\u00e9rentes \u00e9quipes participantes. Pour l&rsquo;Alg\u00e9rie, ces infrastructures repr\u00e9sentent un cadre d&rsquo;\u00e9volution familier puisque l&rsquo;\u00e9quipe aura l&rsquo;opportunit\u00e9 de s&rsquo;y entra\u00eener durant son s\u00e9jour cairote.<\/p>\n\n\n\n<p>L&rsquo;\u00e9cart de 19 buts conc\u00e9d\u00e9 face \u00e0 l&rsquo;\u00c9gypte constitue un signal d&rsquo;alarme pour le staff technique alg\u00e9rien, qui devra rapidement identifier les axes d&rsquo;am\u00e9lioration avant le d\u00e9but de la comp\u00e9tition. Cette premi\u00e8re confrontation r\u00e9v\u00e8le probablement les lacunes dans certains secteurs de jeu, qu&rsquo;il s&rsquo;agisse de l&rsquo;efficacit\u00e9 offensive, de la solidit\u00e9 d\u00e9fensive ou de la gestion des temps forts et faibles du match. Les prochaines semaines de pr\u00e9paration \u00e0 Bahre\u00efn puis \u00e0 Alger devront permettre de corriger ces d\u00e9faillances et d&rsquo;affiner les automatismes collectifs indispensables \u00e0 la performance en comp\u00e9tition officielle. M. Dahleb<\/p>\n","protected":false},"excerpt":{"rendered":"<p>La pr\u00e9paration de la s\u00e9lection alg\u00e9rienne masculine de handball des moins de 19 ans pour le Championnat du monde 2025<\/p>\n","protected":false},"author":6,"featured_media":70494,"comment_status":"open","ping_status":"closed","sticky":false,"template":"","format":"standard","meta":{"colormag_page_container_layout":"default_layout","colormag_page_sidebar_layout":"default_layout","om_disable_all_campaigns":false,"_monsterinsights_skip_tracking":false,"_monsterinsights_sitenote_active":false,"_monsterinsights_sitenote_note":"","_monsterinsights_sitenote_category":0,"footnotes":"","_wpscppro_dont_share_socialmedia":false,"_wpscppro_custom_social_share_image":0,"_facebook_share_type":"default","_twitter_share_type":"default","_linkedin_share_type":"default","_pinterest_share_type":"default","_linkedin_share_type_page":"","_instagram_share_type":"default","_medium_share_type":"default","_threads_share_type":"","_google_business_share_type":"","_selected_social_profile":[],"_wpsp_enable_custom_social_template":false,"_wpsp_social_scheduling":{"enabled":false,"datetime":null,"platforms":[],"status":"template_only","dateOption":"today","timeOption":"now","customDays":"","customHours":"","customDate":"","customTime":"","schedulingType":"absolute"},"_wpsp_active_default_template":true},"categories":[33],"tags":[],"class_list":["post-70493","post","type-post","status-publish","format-standard","has-post-thumbnail","hentry","category-sports"],"aioseo_notices":[],"yoast_head":"<!-- This site is optimized with the Yoast SEO plugin v27.5 - https:\/\/yoast.com\/product\/yoast-seo-wordpress\/ -->\n<title>Handball (U19): Les Verts face au d\u00e9fi du Mondial 2025 - La Sentinelle<\/title>\n<meta name=\"robots\" content=\"index, follow, max-snippet:-1, max-image-preview:large, max-video-preview:-1\" \/>\n<link rel=\"canonical\" href=\"https:\/\/lasentinelle.dz\/index.php\/2025\/07\/17\/handball-u19-les-verts-face-au-defi-du-mondial-2025\/\" \/>\n<meta property=\"og:locale\" content=\"fr_FR\" \/>\n<meta property=\"og:type\" content=\"article\" \/>\n<meta property=\"og:title\" content=\"Handball (U19): Les Verts face au d\u00e9fi du Mondial 2025 - La Sentinelle\" \/>\n<meta property=\"og:description\" content=\"La pr\u00e9paration de la s\u00e9lection alg\u00e9rienne masculine de handball des moins de 19 ans pour le Championnat du monde 2025\" \/>\n<meta property=\"og:url\" content=\"https:\/\/lasentinelle.dz\/index.php\/2025\/07\/17\/handball-u19-les-verts-face-au-defi-du-mondial-2025\/\" \/>\n<meta property=\"og:site_name\" content=\"La Sentinelle\" \/>\n<meta property=\"article:publisher\" content=\"https:\/\/www.facebook.com\/La-Sentinelle-104059864394773\" \/>\n<meta property=\"article:published_time\" content=\"2025-07-17T09:26:00+00:00\" \/>\n<meta property=\"article:modified_time\" content=\"2025-07-18T19:27:25+00:00\" \/>\n<meta property=\"og:image\" content=\"https:\/\/lasentinelle.dz\/wp-content\/uploads\/2025\/07\/handball-1.jpg\" \/>\n\t<meta property=\"og:image:width\" content=\"1280\" \/>\n\t<meta property=\"og:image:height\" content=\"853\" \/>\n\t<meta property=\"og:image:type\" content=\"image\/jpeg\" \/>\n<meta name=\"author\" content=\"admin\" \/>\n<meta name=\"twitter:card\" content=\"summary_large_image\" \/>\n<meta name=\"twitter:label1\" content=\"\u00c9crit par\" \/>\n\t<meta name=\"twitter:data1\" content=\"admin\" \/>\n\t<meta name=\"twitter:label2\" content=\"Dur\u00e9e de lecture estim\u00e9e\" \/>\n\t<meta name=\"twitter:data2\" content=\"4 minutes\" \/>\n<script type=\"application\/ld+json\" class=\"yoast-schema-graph\">{\"@context\":\"https:\\\/\\\/schema.org\",\"@graph\":[{\"@type\":\"Article\",\"@id\":\"https:\\\/\\\/lasentinelle.dz\\\/index.php\\\/2025\\\/07\\\/17\\\/handball-u19-les-verts-face-au-defi-du-mondial-2025\\\/#article\",\"isPartOf\":{\"@id\":\"https:\\\/\\\/lasentinelle.dz\\\/index.php\\\/2025\\\/07\\\/17\\\/handball-u19-les-verts-face-au-defi-du-mondial-2025\\\/\"},\"author\":{\"name\":\"admin\",\"@id\":\"https:\\\/\\\/lasentinelle.dz\\\/#\\\/schema\\\/person\\\/729ee0024f24e0b8c5ec17232f8e8b41\"},\"headline\":\"Handball (U19): Les Verts face au d\u00e9fi du Mondial 2025\",\"datePublished\":\"2025-07-17T09:26:00+00:00\",\"dateModified\":\"2025-07-18T19:27:25+00:00\",\"mainEntityOfPage\":{\"@id\":\"https:\\\/\\\/lasentinelle.dz\\\/index.php\\\/2025\\\/07\\\/17\\\/handball-u19-les-verts-face-au-defi-du-mondial-2025\\\/\"},\"wordCount\":635,\"commentCount\":0,\"publisher\":{\"@id\":\"https:\\\/\\\/lasentinelle.dz\\\/#organization\"},\"image\":{\"@id\":\"https:\\\/\\\/lasentinelle.dz\\\/index.php\\\/2025\\\/07\\\/17\\\/handball-u19-les-verts-face-au-defi-du-mondial-2025\\\/#primaryimage\"},\"thumbnailUrl\":\"https:\\\/\\\/lasentinelle.dz\\\/wp-content\\\/uploads\\\/2025\\\/07\\\/handball-1.jpg\",\"articleSection\":[\"Sports\"],\"inLanguage\":\"fr-FR\",\"potentialAction\":[{\"@type\":\"CommentAction\",\"name\":\"Comment\",\"target\":[\"https:\\\/\\\/lasentinelle.dz\\\/index.php\\\/2025\\\/07\\\/17\\\/handball-u19-les-verts-face-au-defi-du-mondial-2025\\\/#respond\"]}]},{\"@type\":\"WebPage\",\"@id\":\"https:\\\/\\\/lasentinelle.dz\\\/index.php\\\/2025\\\/07\\\/17\\\/handball-u19-les-verts-face-au-defi-du-mondial-2025\\\/\",\"url\":\"https:\\\/\\\/lasentinelle.dz\\\/index.php\\\/2025\\\/07\\\/17\\\/handball-u19-les-verts-face-au-defi-du-mondial-2025\\\/\",\"name\":\"Handball (U19): Les Verts face au d\u00e9fi du Mondial 2025 - La Sentinelle\",\"isPartOf\":{\"@id\":\"https:\\\/\\\/lasentinelle.dz\\\/#website\"},\"primaryImageOfPage\":{\"@id\":\"https:\\\/\\\/lasentinelle.dz\\\/index.php\\\/2025\\\/07\\\/17\\\/handball-u19-les-verts-face-au-defi-du-mondial-2025\\\/#primaryimage\"},\"image\":{\"@id\":\"https:\\\/\\\/lasentinelle.dz\\\/index.php\\\/2025\\\/07\\\/17\\\/handball-u19-les-verts-face-au-defi-du-mondial-2025\\\/#primaryimage\"},\"thumbnailUrl\":\"https:\\\/\\\/lasentinelle.dz\\\/wp-content\\\/uploads\\\/2025\\\/07\\\/handball-1.jpg\",\"datePublished\":\"2025-07-17T09:26:00+00:00\",\"dateModified\":\"2025-07-18T19:27:25+00:00\",\"breadcrumb\":{\"@id\":\"https:\\\/\\\/lasentinelle.dz\\\/index.php\\\/2025\\\/07\\\/17\\\/handball-u19-les-verts-face-au-defi-du-mondial-2025\\\/#breadcrumb\"},\"inLanguage\":\"fr-FR\",\"potentialAction\":[{\"@type\":\"ReadAction\",\"target\":[\"https:\\\/\\\/lasentinelle.dz\\\/index.php\\\/2025\\\/07\\\/17\\\/handball-u19-les-verts-face-au-defi-du-mondial-2025\\\/\"]}]},{\"@type\":\"ImageObject\",\"inLanguage\":\"fr-FR\",\"@id\":\"https:\\\/\\\/lasentinelle.dz\\\/index.php\\\/2025\\\/07\\\/17\\\/handball-u19-les-verts-face-au-defi-du-mondial-2025\\\/#primaryimage\",\"url\":\"https:\\\/\\\/lasentinelle.dz\\\/wp-content\\\/uploads\\\/2025\\\/07\\\/handball-1.jpg\",\"contentUrl\":\"https:\\\/\\\/lasentinelle.dz\\\/wp-content\\\/uploads\\\/2025\\\/07\\\/handball-1.jpg\",\"width\":1280,\"height\":853},{\"@type\":\"BreadcrumbList\",\"@id\":\"https:\\\/\\\/lasentinelle.dz\\\/index.php\\\/2025\\\/07\\\/17\\\/handball-u19-les-verts-face-au-defi-du-mondial-2025\\\/#breadcrumb\",\"itemListElement\":[{\"@type\":\"ListItem\",\"position\":1,\"name\":\"Accueil\",\"item\":\"https:\\\/\\\/lasentinelle.dz\\\/\"},{\"@type\":\"ListItem\",\"position\":2,\"name\":\"Handball (U19): Les Verts face au d\u00e9fi du Mondial 2025\"}]},{\"@type\":\"WebSite\",\"@id\":\"https:\\\/\\\/lasentinelle.dz\\\/#website\",\"url\":\"https:\\\/\\\/lasentinelle.dz\\\/\",\"name\":\"La Sentinelle\",\"description\":\"Quotidien national d&#039;information\",\"publisher\":{\"@id\":\"https:\\\/\\\/lasentinelle.dz\\\/#organization\"},\"potentialAction\":[{\"@type\":\"SearchAction\",\"target\":{\"@type\":\"EntryPoint\",\"urlTemplate\":\"https:\\\/\\\/lasentinelle.dz\\\/?s={search_term_string}\"},\"query-input\":{\"@type\":\"PropertyValueSpecification\",\"valueRequired\":true,\"valueName\":\"search_term_string\"}}],\"inLanguage\":\"fr-FR\"},{\"@type\":\"Organization\",\"@id\":\"https:\\\/\\\/lasentinelle.dz\\\/#organization\",\"name\":\"Quotidien La Sentinelle\",\"url\":\"https:\\\/\\\/lasentinelle.dz\\\/\",\"logo\":{\"@type\":\"ImageObject\",\"inLanguage\":\"fr-FR\",\"@id\":\"https:\\\/\\\/lasentinelle.dz\\\/#\\\/schema\\\/logo\\\/image\\\/\",\"url\":\"https:\\\/\\\/lasentinelle.dz\\\/wp-content\\\/uploads\\\/2021\\\/09\\\/logo-sentinelleSLOGAN-1.png\",\"contentUrl\":\"https:\\\/\\\/lasentinelle.dz\\\/wp-content\\\/uploads\\\/2021\\\/09\\\/logo-sentinelleSLOGAN-1.png\",\"width\":615,\"height\":142,\"caption\":\"Quotidien La Sentinelle\"},\"image\":{\"@id\":\"https:\\\/\\\/lasentinelle.dz\\\/#\\\/schema\\\/logo\\\/image\\\/\"},\"sameAs\":[\"https:\\\/\\\/www.facebook.com\\\/La-Sentinelle-104059864394773\"]},{\"@type\":\"Person\",\"@id\":\"https:\\\/\\\/lasentinelle.dz\\\/#\\\/schema\\\/person\\\/729ee0024f24e0b8c5ec17232f8e8b41\",\"name\":\"admin\",\"image\":{\"@type\":\"ImageObject\",\"inLanguage\":\"fr-FR\",\"@id\":\"https:\\\/\\\/secure.gravatar.com\\\/avatar\\\/4c81fed838786e9b53f540bf46533e750f5d292099ae3b66cfc6fb1982e29df7?s=96&d=mm&r=g\",\"url\":\"https:\\\/\\\/secure.gravatar.com\\\/avatar\\\/4c81fed838786e9b53f540bf46533e750f5d292099ae3b66cfc6fb1982e29df7?s=96&d=mm&r=g\",\"contentUrl\":\"https:\\\/\\\/secure.gravatar.com\\\/avatar\\\/4c81fed838786e9b53f540bf46533e750f5d292099ae3b66cfc6fb1982e29df7?s=96&d=mm&r=g\",\"caption\":\"admin\"},\"description\":\"admin\",\"url\":\"https:\\\/\\\/lasentinelle.dz\\\/author\\\/admin\\\/\"}]}<\/script>\n<!-- \/ Yoast SEO plugin. -->","yoast_head_json":{"title":"Handball (U19): Les Verts face au d\u00e9fi du Mondial 2025 - La Sentinelle","robots":{"index":"index","follow":"follow","max-snippet":"max-snippet:-1","max-image-preview":"max-image-preview:large","max-video-preview":"max-video-preview:-1"},"canonical":"https:\/\/lasentinelle.dz\/index.php\/2025\/07\/17\/handball-u19-les-verts-face-au-defi-du-mondial-2025\/","og_locale":"fr_FR","og_type":"article","og_title":"Handball (U19): Les Verts face au d\u00e9fi du Mondial 2025 - La Sentinelle","og_description":"La pr\u00e9paration de la s\u00e9lection alg\u00e9rienne masculine de handball des moins de 19 ans pour le Championnat du monde 2025","og_url":"https:\/\/lasentinelle.dz\/index.php\/2025\/07\/17\/handball-u19-les-verts-face-au-defi-du-mondial-2025\/","og_site_name":"La Sentinelle","article_publisher":"https:\/\/www.facebook.com\/La-Sentinelle-104059864394773","article_published_time":"2025-07-17T09:26:00+00:00","article_modified_time":"2025-07-18T19:27:25+00:00","og_image":[{"width":1280,"height":853,"url":"https:\/\/lasentinelle.dz\/wp-content\/uploads\/2025\/07\/handball-1.jpg","type":"image\/jpeg"}],"author":"admin","twitter_card":"summary_large_image","twitter_misc":{"\u00c9crit par":"admin","Dur\u00e9e de lecture estim\u00e9e":"4 minutes"},"schema":{"@context":"https:\/\/schema.org","@graph":[{"@type":"Article","@id":"https:\/\/lasentinelle.dz\/index.php\/2025\/07\/17\/handball-u19-les-verts-face-au-defi-du-mondial-2025\/#article","isPartOf":{"@id":"https:\/\/lasentinelle.dz\/index.php\/2025\/07\/17\/handball-u19-les-verts-face-au-defi-du-mondial-2025\/"},"author":{"name":"admin","@id":"https:\/\/lasentinelle.dz\/#\/schema\/person\/729ee0024f24e0b8c5ec17232f8e8b41"},"headline":"Handball (U19): Les Verts face au d\u00e9fi du Mondial 2025","datePublished":"2025-07-17T09:26:00+00:00","dateModified":"2025-07-18T19:27:25+00:00","mainEntityOfPage":{"@id":"https:\/\/lasentinelle.dz\/index.php\/2025\/07\/17\/handball-u19-les-verts-face-au-defi-du-mondial-2025\/"},"wordCount":635,"commentCount":0,"publisher":{"@id":"https:\/\/lasentinelle.dz\/#organization"},"image":{"@id":"https:\/\/lasentinelle.dz\/index.php\/2025\/07\/17\/handball-u19-les-verts-face-au-defi-du-mondial-2025\/#primaryimage"},"thumbnailUrl":"https:\/\/lasentinelle.dz\/wp-content\/uploads\/2025\/07\/handball-1.jpg","articleSection":["Sports"],"inLanguage":"fr-FR","potentialAction":[{"@type":"CommentAction","name":"Comment","target":["https:\/\/lasentinelle.dz\/index.php\/2025\/07\/17\/handball-u19-les-verts-face-au-defi-du-mondial-2025\/#respond"]}]},{"@type":"WebPage","@id":"https:\/\/lasentinelle.dz\/index.php\/2025\/07\/17\/handball-u19-les-verts-face-au-defi-du-mondial-2025\/","url":"https:\/\/lasentinelle.dz\/index.php\/2025\/07\/17\/handball-u19-les-verts-face-au-defi-du-mondial-2025\/","name":"Handball (U19): Les Verts face au d\u00e9fi du Mondial 2025 - La Sentinelle","isPartOf":{"@id":"https:\/\/lasentinelle.dz\/#website"},"primaryImageOfPage":{"@id":"https:\/\/lasentinelle.dz\/index.php\/2025\/07\/17\/handball-u19-les-verts-face-au-defi-du-mondial-2025\/#primaryimage"},"image":{"@id":"https:\/\/lasentinelle.dz\/index.php\/2025\/07\/17\/handball-u19-les-verts-face-au-defi-du-mondial-2025\/#primaryimage"},"thumbnailUrl":"https:\/\/lasentinelle.dz\/wp-content\/uploads\/2025\/07\/handball-1.jpg","datePublished":"2025-07-17T09:26:00+00:00","dateModified":"2025-07-18T19:27:25+00:00","breadcrumb":{"@id":"https:\/\/lasentinelle.dz\/index.php\/2025\/07\/17\/handball-u19-les-verts-face-au-defi-du-mondial-2025\/#breadcrumb"},"inLanguage":"fr-FR","potentialAction":[{"@type":"ReadAction","target":["https:\/\/lasentinelle.dz\/index.php\/2025\/07\/17\/handball-u19-les-verts-face-au-defi-du-mondial-2025\/"]}]},{"@type":"ImageObject","inLanguage":"fr-FR","@id":"https:\/\/lasentinelle.dz\/index.php\/2025\/07\/17\/handball-u19-les-verts-face-au-defi-du-mondial-2025\/#primaryimage","url":"https:\/\/lasentinelle.dz\/wp-content\/uploads\/2025\/07\/handball-1.jpg","contentUrl":"https:\/\/lasentinelle.dz\/wp-content\/uploads\/2025\/07\/handball-1.jpg","width":1280,"height":853},{"@type":"BreadcrumbList","@id":"https:\/\/lasentinelle.dz\/index.php\/2025\/07\/17\/handball-u19-les-verts-face-au-defi-du-mondial-2025\/#breadcrumb","itemListElement":[{"@type":"ListItem","position":1,"name":"Accueil","item":"https:\/\/lasentinelle.dz\/"},{"@type":"ListItem","position":2,"name":"Handball (U19): Les Verts face au d\u00e9fi du Mondial 2025"}]},{"@type":"WebSite","@id":"https:\/\/lasentinelle.dz\/#website","url":"https:\/\/lasentinelle.dz\/","name":"La Sentinelle","description":"Quotidien national d&#039;information","publisher":{"@id":"https:\/\/lasentinelle.dz\/#organization"},"potentialAction":[{"@type":"SearchAction","target":{"@type":"EntryPoint","urlTemplate":"https:\/\/lasentinelle.dz\/?s={search_term_string}"},"query-input":{"@type":"PropertyValueSpecification","valueRequired":true,"valueName":"search_term_string"}}],"inLanguage":"fr-FR"},{"@type":"Organization","@id":"https:\/\/lasentinelle.dz\/#organization","name":"Quotidien La Sentinelle","url":"https:\/\/lasentinelle.dz\/","logo":{"@type":"ImageObject","inLanguage":"fr-FR","@id":"https:\/\/lasentinelle.dz\/#\/schema\/logo\/image\/","url":"https:\/\/lasentinelle.dz\/wp-content\/uploads\/2021\/09\/logo-sentinelleSLOGAN-1.png","contentUrl":"https:\/\/lasentinelle.dz\/wp-content\/uploads\/2021\/09\/logo-sentinelleSLOGAN-1.png","width":615,"height":142,"caption":"Quotidien La Sentinelle"},"image":{"@id":"https:\/\/lasentinelle.dz\/#\/schema\/logo\/image\/"},"sameAs":["https:\/\/www.facebook.com\/La-Sentinelle-104059864394773"]},{"@type":"Person","@id":"https:\/\/lasentinelle.dz\/#\/schema\/person\/729ee0024f24e0b8c5ec17232f8e8b41","name":"admin","image":{"@type":"ImageObject","inLanguage":"fr-FR","@id":"https:\/\/secure.gravatar.com\/avatar\/4c81fed838786e9b53f540bf46533e750f5d292099ae3b66cfc6fb1982e29df7?s=96&d=mm&r=g","url":"https:\/\/secure.gravatar.com\/avatar\/4c81fed838786e9b53f540bf46533e750f5d292099ae3b66cfc6fb1982e29df7?s=96&d=mm&r=g","contentUrl":"https:\/\/secure.gravatar.com\/avatar\/4c81fed838786e9b53f540bf46533e750f5d292099ae3b66cfc6fb1982e29df7?s=96&d=mm&r=g","caption":"admin"},"description":"admin","url":"https:\/\/lasentinelle.dz\/author\/admin\/"}]}},"_links":{"self":[{"href":"https:\/\/lasentinelle.dz\/index.php\/wp-json\/wp\/v2\/posts\/70493","targetHints":{"allow":["GET"]}}],"collection":[{"href":"https:\/\/lasentinelle.dz\/index.php\/wp-json\/wp\/v2\/posts"}],"about":[{"href":"https:\/\/lasentinelle.dz\/index.php\/wp-json\/wp\/v2\/types\/post"}],"author":[{"embeddable":true,"href":"https:\/\/lasentinelle.dz\/index.php\/wp-json\/wp\/v2\/users\/6"}],"replies":[{"embeddable":true,"href":"https:\/\/lasentinelle.dz\/index.php\/wp-json\/wp\/v2\/comments?post=70493"}],"version-history":[{"count":1,"href":"https:\/\/lasentinelle.dz\/index.php\/wp-json\/wp\/v2\/posts\/70493\/revisions"}],"predecessor-version":[{"id":70495,"href":"https:\/\/lasentinelle.dz\/index.php\/wp-json\/wp\/v2\/posts\/70493\/revisions\/70495"}],"wp:featuredmedia":[{"embeddable":true,"href":"https:\/\/lasentinelle.dz\/index.php\/wp-json\/wp\/v2\/media\/70494"}],"wp:attachment":[{"href":"https:\/\/lasentinelle.dz\/index.php\/wp-json\/wp\/v2\/media?parent=70493"}],"wp:term":[{"taxonomy":"category","embeddable":true,"href":"https:\/\/lasentinelle.dz\/index.php\/wp-json\/wp\/v2\/categories?post=70493"},{"taxonomy":"post_tag","embeddable":true,"href":"https:\/\/lasentinelle.dz\/index.php\/wp-json\/wp\/v2\/tags?post=70493"}],"curies":[{"name":"wp","href":"https:\/\/api.w.org\/{rel}","templated":true}]}}