{"id":70496,"date":"2025-07-17T10:27:00","date_gmt":"2025-07-17T09:27:00","guid":{"rendered":"https:\/\/lasentinelle.dz\/?p=70496"},"modified":"2025-07-18T20:29:28","modified_gmt":"2025-07-18T19:29:28","slug":"mercato-des-fennecs-brahimi-prolonge-a-al-gharafa-bounacer-a-al-shamal-sc","status":"publish","type":"post","link":"https:\/\/lasentinelle.dz\/index.php\/2025\/07\/17\/mercato-des-fennecs-brahimi-prolonge-a-al-gharafa-bounacer-a-al-shamal-sc\/","title":{"rendered":"Mercato des Fennecs : Brahimi prolonge \u00e0 Al-Gharafa, Bounacer \u00e0 Al-Shamal SC"},"content":{"rendered":"\n<p>L&rsquo;actualit\u00e9 du football alg\u00e9rien \u00e0 l&rsquo;\u00e9tranger conna\u00eet plusieurs d\u00e9veloppements significatifs en ce mois de juillet, avec des prolongations de contrats, des pr\u00eats strat\u00e9giques et des rebondissements m\u00e9dicaux qui redistribuent les cartes du mercato estival. Au Qatar, Yacine Brahimi confirme son attachement \u00e0 Al-Gharafa en prolongeant son aventure jusqu&rsquo;en 2026, tandis qu&rsquo;Abdessamed Bounacer entame une nouvelle \u00e9tape de sa jeune carri\u00e8re avec un pr\u00eat \u00e0 Al-Shamal SC. En France, Himad Abdelli r\u00e9v\u00e8le avoir jou\u00e9 bless\u00e9 pendant huit mois, bouleversant ainsi les plans de transfert \u00e9tablis pour cet \u00e9t\u00e9. \u00c0 35 ans, Yacine Brahimi d\u00e9montre qu&rsquo;il n&rsquo;a pas dit son dernier mot dans le championnat qatarien. Le milieu de terrain alg\u00e9rien, arriv\u00e9 \u00e0 Al-Gharafa en 2022, a officialis\u00e9 sa prolongation de contrat dans un mini-clip diffus\u00e9 sur les r\u00e9seaux sociaux du club. Cette extension jusqu&rsquo;en 2026 r\u00e9compense les excellentes performances du joueur, qui affiche un bilan impressionnant de 45 buts et 36 passes d\u00e9cisives en 84 matchs disput\u00e9s sous les couleurs jaunes. La publication du club, titr\u00e9e \u00ab\u00a0L&rsquo;histoire a encore une suite\u00a0\u00bb et accompagn\u00e9e du drapeau alg\u00e9rien, t\u00e9moigne de l&rsquo;importance accord\u00e9e au joueur dans le projet sportif d&rsquo;Al-Gharafa. Cette prolongation s&rsquo;inscrit dans la continuit\u00e9 d&rsquo;une adaptation r\u00e9ussie au championnat qatarien, o\u00f9 Brahimi s&rsquo;est impos\u00e9 comme une pi\u00e8ce ma\u00eetresse du milieu de terrain de son \u00e9quipe.<\/p>\n\n\n\n<p>Dans le m\u00eame championnat, Abdessamed Bounacer vit une situation diff\u00e9rente mais tout aussi int\u00e9ressante. Le jeune d\u00e9fenseur central de 20 ans, arriv\u00e9 \u00e0 Al-Sadd en juillet 2024 en provenance de l&rsquo;USM Alger pour un contrat de cinq saisons, rejoint Al-Shamal SC en pr\u00eat pour une saison. Cette d\u00e9cision s&rsquo;explique par le temps de jeu limit\u00e9 du joueur \u00e0 Al-Sadd, avec seulement 5 apparitions toutes comp\u00e9titions confondues. Une op\u00e9ration \u00e0 la cheville subie un mois apr\u00e8s son arriv\u00e9e l&rsquo;avait \u00e9loign\u00e9 des terrains pendant trois mois, compliquant son adaptation. Ce pr\u00eat lui permettra de retrouver du temps de jeu et de poursuivre sa progression aux c\u00f4t\u00e9s de Baghdad Bounedjah, son compatriote et attaquant international qui avait rejoint Al-Shamal SC en 2024 apr\u00e8s neuf saisons pass\u00e9es \u00e0 Al-Sadd. L&rsquo;\u00e9quipe d&rsquo;Al-Shamal SC, qui a termin\u00e9 la saison 2024-2025 \u00e0 la sixi\u00e8me place avec 32 points, offrira \u00e0 Bounacer l&rsquo;opportunit\u00e9 de s&rsquo;aguerrir dans un environnement moins concurrentiel qu&rsquo;Al-Sadd, champion avec 52 points.<\/p>\n\n\n\n<p>En France, l&rsquo;affaire Himad Abdelli prend une tournure inattendue qui bouleverse les plans du mercato estival. Le milieu offensif d&rsquo;Angers, pressenti pour un d\u00e9part vers un club plus hupp\u00e9 en Angleterre, en Italie ou en Turquie, a r\u00e9v\u00e9l\u00e9 sur les r\u00e9seaux sociaux avoir \u00e9t\u00e9 op\u00e9r\u00e9 d&rsquo;une hernie discale apr\u00e8s avoir jou\u00e9 bless\u00e9 pendant huit mois. Cette r\u00e9v\u00e9lation, accompagn\u00e9e d&rsquo;un message de d\u00e9termination o\u00f9 il affirme que \u00ab\u00a0cette op\u00e9ration ne m&rsquo;arr\u00eatera pas\u00a0\u00bb, explique certaines performances en demi-teinte et son absence du dernier rassemblement des Fennecs en juin. Le joueur de 25 ans, qui avait attendu la fin de saison pour passer sur le billard, devrait reprendre l&rsquo;entra\u00eenement vers le 15 ao\u00fbt selon le staff angevin, ce qui le privera d&rsquo;une partie de la pr\u00e9paration estivale avec le SCO.<\/p>\n\n\n\n<p>Cette blessure ne remet pas en question l&rsquo;int\u00e9r\u00eat des clubs europ\u00e9ens pour l&rsquo;ancien Havrais, sous contrat avec Angers jusqu&rsquo;en juin 2026, mais risque de diff\u00e9rer son d\u00e9part aux quinze derniers jours du mercato. Leeds United, le Torino et Trabzonspor figurent parmi ses pr\u00e9tendants, tandis qu&rsquo;Angers reste pr\u00eat \u00e0 le laisser partir moyennant une offre satisfaisante.<\/p>\n\n\n\n<p>M.D.<\/p>\n","protected":false},"excerpt":{"rendered":"<p>L&rsquo;actualit\u00e9 du football alg\u00e9rien \u00e0 l&rsquo;\u00e9tranger conna\u00eet plusieurs d\u00e9veloppements significatifs en ce mois de juillet, avec des prolongations de contrats,<\/p>\n","protected":false},"author":6,"featured_media":70497,"comment_status":"open","ping_status":"closed","sticky":false,"template":"","format":"standard","meta":{"colormag_page_container_layout":"default_layout","colormag_page_sidebar_layout":"default_layout","om_disable_all_campaigns":false,"_monsterinsights_skip_tracking":false,"_monsterinsights_sitenote_active":false,"_monsterinsights_sitenote_note":"","_monsterinsights_sitenote_category":0,"footnotes":"","_wpscppro_dont_share_socialmedia":false,"_wpscppro_custom_social_share_image":0,"_facebook_share_type":"default","_twitter_share_type":"default","_linkedin_share_type":"default","_pinterest_share_type":"default","_linkedin_share_type_page":"","_instagram_share_type":"default","_medium_share_type":"default","_threads_share_type":"","_google_business_share_type":"","_selected_social_profile":[],"_wpsp_enable_custom_social_template":false,"_wpsp_social_scheduling":{"enabled":false,"datetime":null,"platforms":[],"status":"template_only","dateOption":"today","timeOption":"now","customDays":"","customHours":"","customDate":"","customTime":"","schedulingType":"absolute"},"_wpsp_active_default_template":true},"categories":[33],"tags":[],"class_list":["post-70496","post","type-post","status-publish","format-standard","has-post-thumbnail","hentry","category-sports"],"aioseo_notices":[],"yoast_head":"<!-- This site is optimized with the Yoast SEO plugin v27.5 - https:\/\/yoast.com\/product\/yoast-seo-wordpress\/ -->\n<title>Mercato des Fennecs : Brahimi prolonge \u00e0 Al-Gharafa, Bounacer \u00e0 Al-Shamal SC - La Sentinelle<\/title>\n<meta name=\"robots\" content=\"index, follow, max-snippet:-1, max-image-preview:large, max-video-preview:-1\" \/>\n<link rel=\"canonical\" href=\"https:\/\/lasentinelle.dz\/index.php\/2025\/07\/17\/mercato-des-fennecs-brahimi-prolonge-a-al-gharafa-bounacer-a-al-shamal-sc\/\" \/>\n<meta property=\"og:locale\" content=\"fr_FR\" \/>\n<meta property=\"og:type\" content=\"article\" \/>\n<meta property=\"og:title\" content=\"Mercato des Fennecs : Brahimi prolonge \u00e0 Al-Gharafa, Bounacer \u00e0 Al-Shamal SC - La Sentinelle\" \/>\n<meta property=\"og:description\" content=\"L&rsquo;actualit\u00e9 du football alg\u00e9rien \u00e0 l&rsquo;\u00e9tranger conna\u00eet plusieurs d\u00e9veloppements significatifs en ce mois de juillet, avec des prolongations de contrats,\" \/>\n<meta property=\"og:url\" content=\"https:\/\/lasentinelle.dz\/index.php\/2025\/07\/17\/mercato-des-fennecs-brahimi-prolonge-a-al-gharafa-bounacer-a-al-shamal-sc\/\" \/>\n<meta property=\"og:site_name\" content=\"La Sentinelle\" \/>\n<meta property=\"article:publisher\" content=\"https:\/\/www.facebook.com\/La-Sentinelle-104059864394773\" \/>\n<meta property=\"article:published_time\" content=\"2025-07-17T09:27:00+00:00\" \/>\n<meta property=\"article:modified_time\" content=\"2025-07-18T19:29:28+00:00\" \/>\n<meta property=\"og:image\" content=\"https:\/\/lasentinelle.dz\/wp-content\/uploads\/2025\/07\/Brahimi.jpg\" \/>\n\t<meta property=\"og:image:width\" content=\"745\" \/>\n\t<meta property=\"og:image:height\" content=\"470\" \/>\n\t<meta property=\"og:image:type\" content=\"image\/jpeg\" \/>\n<meta name=\"author\" content=\"admin\" \/>\n<meta name=\"twitter:card\" content=\"summary_large_image\" \/>\n<meta name=\"twitter:label1\" content=\"\u00c9crit par\" \/>\n\t<meta name=\"twitter:data1\" content=\"admin\" \/>\n\t<meta name=\"twitter:label2\" content=\"Dur\u00e9e de lecture estim\u00e9e\" \/>\n\t<meta name=\"twitter:data2\" content=\"4 minutes\" \/>\n<script type=\"application\/ld+json\" class=\"yoast-schema-graph\">{\"@context\":\"https:\\\/\\\/schema.org\",\"@graph\":[{\"@type\":\"Article\",\"@id\":\"https:\\\/\\\/lasentinelle.dz\\\/index.php\\\/2025\\\/07\\\/17\\\/mercato-des-fennecs-brahimi-prolonge-a-al-gharafa-bounacer-a-al-shamal-sc\\\/#article\",\"isPartOf\":{\"@id\":\"https:\\\/\\\/lasentinelle.dz\\\/index.php\\\/2025\\\/07\\\/17\\\/mercato-des-fennecs-brahimi-prolonge-a-al-gharafa-bounacer-a-al-shamal-sc\\\/\"},\"author\":{\"name\":\"admin\",\"@id\":\"https:\\\/\\\/lasentinelle.dz\\\/#\\\/schema\\\/person\\\/729ee0024f24e0b8c5ec17232f8e8b41\"},\"headline\":\"Mercato des Fennecs : Brahimi prolonge \u00e0 Al-Gharafa, Bounacer \u00e0 Al-Shamal SC\",\"datePublished\":\"2025-07-17T09:27:00+00:00\",\"dateModified\":\"2025-07-18T19:29:28+00:00\",\"mainEntityOfPage\":{\"@id\":\"https:\\\/\\\/lasentinelle.dz\\\/index.php\\\/2025\\\/07\\\/17\\\/mercato-des-fennecs-brahimi-prolonge-a-al-gharafa-bounacer-a-al-shamal-sc\\\/\"},\"wordCount\":629,\"commentCount\":0,\"publisher\":{\"@id\":\"https:\\\/\\\/lasentinelle.dz\\\/#organization\"},\"image\":{\"@id\":\"https:\\\/\\\/lasentinelle.dz\\\/index.php\\\/2025\\\/07\\\/17\\\/mercato-des-fennecs-brahimi-prolonge-a-al-gharafa-bounacer-a-al-shamal-sc\\\/#primaryimage\"},\"thumbnailUrl\":\"https:\\\/\\\/lasentinelle.dz\\\/wp-content\\\/uploads\\\/2025\\\/07\\\/Brahimi.jpg\",\"articleSection\":[\"Sports\"],\"inLanguage\":\"fr-FR\",\"potentialAction\":[{\"@type\":\"CommentAction\",\"name\":\"Comment\",\"target\":[\"https:\\\/\\\/lasentinelle.dz\\\/index.php\\\/2025\\\/07\\\/17\\\/mercato-des-fennecs-brahimi-prolonge-a-al-gharafa-bounacer-a-al-shamal-sc\\\/#respond\"]}]},{\"@type\":\"WebPage\",\"@id\":\"https:\\\/\\\/lasentinelle.dz\\\/index.php\\\/2025\\\/07\\\/17\\\/mercato-des-fennecs-brahimi-prolonge-a-al-gharafa-bounacer-a-al-shamal-sc\\\/\",\"url\":\"https:\\\/\\\/lasentinelle.dz\\\/index.php\\\/2025\\\/07\\\/17\\\/mercato-des-fennecs-brahimi-prolonge-a-al-gharafa-bounacer-a-al-shamal-sc\\\/\",\"name\":\"Mercato des Fennecs : Brahimi prolonge \u00e0 Al-Gharafa, Bounacer \u00e0 Al-Shamal SC - La Sentinelle\",\"isPartOf\":{\"@id\":\"https:\\\/\\\/lasentinelle.dz\\\/#website\"},\"primaryImageOfPage\":{\"@id\":\"https:\\\/\\\/lasentinelle.dz\\\/index.php\\\/2025\\\/07\\\/17\\\/mercato-des-fennecs-brahimi-prolonge-a-al-gharafa-bounacer-a-al-shamal-sc\\\/#primaryimage\"},\"image\":{\"@id\":\"https:\\\/\\\/lasentinelle.dz\\\/index.php\\\/2025\\\/07\\\/17\\\/mercato-des-fennecs-brahimi-prolonge-a-al-gharafa-bounacer-a-al-shamal-sc\\\/#primaryimage\"},\"thumbnailUrl\":\"https:\\\/\\\/lasentinelle.dz\\\/wp-content\\\/uploads\\\/2025\\\/07\\\/Brahimi.jpg\",\"datePublished\":\"2025-07-17T09:27:00+00:00\",\"dateModified\":\"2025-07-18T19:29:28+00:00\",\"breadcrumb\":{\"@id\":\"https:\\\/\\\/lasentinelle.dz\\\/index.php\\\/2025\\\/07\\\/17\\\/mercato-des-fennecs-brahimi-prolonge-a-al-gharafa-bounacer-a-al-shamal-sc\\\/#breadcrumb\"},\"inLanguage\":\"fr-FR\",\"potentialAction\":[{\"@type\":\"ReadAction\",\"target\":[\"https:\\\/\\\/lasentinelle.dz\\\/index.php\\\/2025\\\/07\\\/17\\\/mercato-des-fennecs-brahimi-prolonge-a-al-gharafa-bounacer-a-al-shamal-sc\\\/\"]}]},{\"@type\":\"ImageObject\",\"inLanguage\":\"fr-FR\",\"@id\":\"https:\\\/\\\/lasentinelle.dz\\\/index.php\\\/2025\\\/07\\\/17\\\/mercato-des-fennecs-brahimi-prolonge-a-al-gharafa-bounacer-a-al-shamal-sc\\\/#primaryimage\",\"url\":\"https:\\\/\\\/lasentinelle.dz\\\/wp-content\\\/uploads\\\/2025\\\/07\\\/Brahimi.jpg\",\"contentUrl\":\"https:\\\/\\\/lasentinelle.dz\\\/wp-content\\\/uploads\\\/2025\\\/07\\\/Brahimi.jpg\",\"width\":745,\"height\":470},{\"@type\":\"BreadcrumbList\",\"@id\":\"https:\\\/\\\/lasentinelle.dz\\\/index.php\\\/2025\\\/07\\\/17\\\/mercato-des-fennecs-brahimi-prolonge-a-al-gharafa-bounacer-a-al-shamal-sc\\\/#breadcrumb\",\"itemListElement\":[{\"@type\":\"ListItem\",\"position\":1,\"name\":\"Accueil\",\"item\":\"https:\\\/\\\/lasentinelle.dz\\\/\"},{\"@type\":\"ListItem\",\"position\":2,\"name\":\"Mercato des Fennecs : Brahimi prolonge \u00e0 Al-Gharafa, Bounacer \u00e0 Al-Shamal SC\"}]},{\"@type\":\"WebSite\",\"@id\":\"https:\\\/\\\/lasentinelle.dz\\\/#website\",\"url\":\"https:\\\/\\\/lasentinelle.dz\\\/\",\"name\":\"La Sentinelle\",\"description\":\"Quotidien national d&#039;information\",\"publisher\":{\"@id\":\"https:\\\/\\\/lasentinelle.dz\\\/#organization\"},\"potentialAction\":[{\"@type\":\"SearchAction\",\"target\":{\"@type\":\"EntryPoint\",\"urlTemplate\":\"https:\\\/\\\/lasentinelle.dz\\\/?s={search_term_string}\"},\"query-input\":{\"@type\":\"PropertyValueSpecification\",\"valueRequired\":true,\"valueName\":\"search_term_string\"}}],\"inLanguage\":\"fr-FR\"},{\"@type\":\"Organization\",\"@id\":\"https:\\\/\\\/lasentinelle.dz\\\/#organization\",\"name\":\"Quotidien La Sentinelle\",\"url\":\"https:\\\/\\\/lasentinelle.dz\\\/\",\"logo\":{\"@type\":\"ImageObject\",\"inLanguage\":\"fr-FR\",\"@id\":\"https:\\\/\\\/lasentinelle.dz\\\/#\\\/schema\\\/logo\\\/image\\\/\",\"url\":\"https:\\\/\\\/lasentinelle.dz\\\/wp-content\\\/uploads\\\/2021\\\/09\\\/logo-sentinelleSLOGAN-1.png\",\"contentUrl\":\"https:\\\/\\\/lasentinelle.dz\\\/wp-content\\\/uploads\\\/2021\\\/09\\\/logo-sentinelleSLOGAN-1.png\",\"width\":615,\"height\":142,\"caption\":\"Quotidien La Sentinelle\"},\"image\":{\"@id\":\"https:\\\/\\\/lasentinelle.dz\\\/#\\\/schema\\\/logo\\\/image\\\/\"},\"sameAs\":[\"https:\\\/\\\/www.facebook.com\\\/La-Sentinelle-104059864394773\"]},{\"@type\":\"Person\",\"@id\":\"https:\\\/\\\/lasentinelle.dz\\\/#\\\/schema\\\/person\\\/729ee0024f24e0b8c5ec17232f8e8b41\",\"name\":\"admin\",\"image\":{\"@type\":\"ImageObject\",\"inLanguage\":\"fr-FR\",\"@id\":\"https:\\\/\\\/secure.gravatar.com\\\/avatar\\\/4c81fed838786e9b53f540bf46533e750f5d292099ae3b66cfc6fb1982e29df7?s=96&d=mm&r=g\",\"url\":\"https:\\\/\\\/secure.gravatar.com\\\/avatar\\\/4c81fed838786e9b53f540bf46533e750f5d292099ae3b66cfc6fb1982e29df7?s=96&d=mm&r=g\",\"contentUrl\":\"https:\\\/\\\/secure.gravatar.com\\\/avatar\\\/4c81fed838786e9b53f540bf46533e750f5d292099ae3b66cfc6fb1982e29df7?s=96&d=mm&r=g\",\"caption\":\"admin\"},\"description\":\"admin\",\"url\":\"https:\\\/\\\/lasentinelle.dz\\\/author\\\/admin\\\/\"}]}<\/script>\n<!-- \/ Yoast SEO plugin. -->","yoast_head_json":{"title":"Mercato des Fennecs : Brahimi prolonge \u00e0 Al-Gharafa, Bounacer \u00e0 Al-Shamal SC - La Sentinelle","robots":{"index":"index","follow":"follow","max-snippet":"max-snippet:-1","max-image-preview":"max-image-preview:large","max-video-preview":"max-video-preview:-1"},"canonical":"https:\/\/lasentinelle.dz\/index.php\/2025\/07\/17\/mercato-des-fennecs-brahimi-prolonge-a-al-gharafa-bounacer-a-al-shamal-sc\/","og_locale":"fr_FR","og_type":"article","og_title":"Mercato des Fennecs : Brahimi prolonge \u00e0 Al-Gharafa, Bounacer \u00e0 Al-Shamal SC - La Sentinelle","og_description":"L&rsquo;actualit\u00e9 du football alg\u00e9rien \u00e0 l&rsquo;\u00e9tranger conna\u00eet plusieurs d\u00e9veloppements significatifs en ce mois de juillet, avec des prolongations de contrats,","og_url":"https:\/\/lasentinelle.dz\/index.php\/2025\/07\/17\/mercato-des-fennecs-brahimi-prolonge-a-al-gharafa-bounacer-a-al-shamal-sc\/","og_site_name":"La Sentinelle","article_publisher":"https:\/\/www.facebook.com\/La-Sentinelle-104059864394773","article_published_time":"2025-07-17T09:27:00+00:00","article_modified_time":"2025-07-18T19:29:28+00:00","og_image":[{"width":745,"height":470,"url":"https:\/\/lasentinelle.dz\/wp-content\/uploads\/2025\/07\/Brahimi.jpg","type":"image\/jpeg"}],"author":"admin","twitter_card":"summary_large_image","twitter_misc":{"\u00c9crit par":"admin","Dur\u00e9e de lecture estim\u00e9e":"4 minutes"},"schema":{"@context":"https:\/\/schema.org","@graph":[{"@type":"Article","@id":"https:\/\/lasentinelle.dz\/index.php\/2025\/07\/17\/mercato-des-fennecs-brahimi-prolonge-a-al-gharafa-bounacer-a-al-shamal-sc\/#article","isPartOf":{"@id":"https:\/\/lasentinelle.dz\/index.php\/2025\/07\/17\/mercato-des-fennecs-brahimi-prolonge-a-al-gharafa-bounacer-a-al-shamal-sc\/"},"author":{"name":"admin","@id":"https:\/\/lasentinelle.dz\/#\/schema\/person\/729ee0024f24e0b8c5ec17232f8e8b41"},"headline":"Mercato des Fennecs : Brahimi prolonge \u00e0 Al-Gharafa, Bounacer \u00e0 Al-Shamal SC","datePublished":"2025-07-17T09:27:00+00:00","dateModified":"2025-07-18T19:29:28+00:00","mainEntityOfPage":{"@id":"https:\/\/lasentinelle.dz\/index.php\/2025\/07\/17\/mercato-des-fennecs-brahimi-prolonge-a-al-gharafa-bounacer-a-al-shamal-sc\/"},"wordCount":629,"commentCount":0,"publisher":{"@id":"https:\/\/lasentinelle.dz\/#organization"},"image":{"@id":"https:\/\/lasentinelle.dz\/index.php\/2025\/07\/17\/mercato-des-fennecs-brahimi-prolonge-a-al-gharafa-bounacer-a-al-shamal-sc\/#primaryimage"},"thumbnailUrl":"https:\/\/lasentinelle.dz\/wp-content\/uploads\/2025\/07\/Brahimi.jpg","articleSection":["Sports"],"inLanguage":"fr-FR","potentialAction":[{"@type":"CommentAction","name":"Comment","target":["https:\/\/lasentinelle.dz\/index.php\/2025\/07\/17\/mercato-des-fennecs-brahimi-prolonge-a-al-gharafa-bounacer-a-al-shamal-sc\/#respond"]}]},{"@type":"WebPage","@id":"https:\/\/lasentinelle.dz\/index.php\/2025\/07\/17\/mercato-des-fennecs-brahimi-prolonge-a-al-gharafa-bounacer-a-al-shamal-sc\/","url":"https:\/\/lasentinelle.dz\/index.php\/2025\/07\/17\/mercato-des-fennecs-brahimi-prolonge-a-al-gharafa-bounacer-a-al-shamal-sc\/","name":"Mercato des Fennecs : Brahimi prolonge \u00e0 Al-Gharafa, Bounacer \u00e0 Al-Shamal SC - La Sentinelle","isPartOf":{"@id":"https:\/\/lasentinelle.dz\/#website"},"primaryImageOfPage":{"@id":"https:\/\/lasentinelle.dz\/index.php\/2025\/07\/17\/mercato-des-fennecs-brahimi-prolonge-a-al-gharafa-bounacer-a-al-shamal-sc\/#primaryimage"},"image":{"@id":"https:\/\/lasentinelle.dz\/index.php\/2025\/07\/17\/mercato-des-fennecs-brahimi-prolonge-a-al-gharafa-bounacer-a-al-shamal-sc\/#primaryimage"},"thumbnailUrl":"https:\/\/lasentinelle.dz\/wp-content\/uploads\/2025\/07\/Brahimi.jpg","datePublished":"2025-07-17T09:27:00+00:00","dateModified":"2025-07-18T19:29:28+00:00","breadcrumb":{"@id":"https:\/\/lasentinelle.dz\/index.php\/2025\/07\/17\/mercato-des-fennecs-brahimi-prolonge-a-al-gharafa-bounacer-a-al-shamal-sc\/#breadcrumb"},"inLanguage":"fr-FR","potentialAction":[{"@type":"ReadAction","target":["https:\/\/lasentinelle.dz\/index.php\/2025\/07\/17\/mercato-des-fennecs-brahimi-prolonge-a-al-gharafa-bounacer-a-al-shamal-sc\/"]}]},{"@type":"ImageObject","inLanguage":"fr-FR","@id":"https:\/\/lasentinelle.dz\/index.php\/2025\/07\/17\/mercato-des-fennecs-brahimi-prolonge-a-al-gharafa-bounacer-a-al-shamal-sc\/#primaryimage","url":"https:\/\/lasentinelle.dz\/wp-content\/uploads\/2025\/07\/Brahimi.jpg","contentUrl":"https:\/\/lasentinelle.dz\/wp-content\/uploads\/2025\/07\/Brahimi.jpg","width":745,"height":470},{"@type":"BreadcrumbList","@id":"https:\/\/lasentinelle.dz\/index.php\/2025\/07\/17\/mercato-des-fennecs-brahimi-prolonge-a-al-gharafa-bounacer-a-al-shamal-sc\/#breadcrumb","itemListElement":[{"@type":"ListItem","position":1,"name":"Accueil","item":"https:\/\/lasentinelle.dz\/"},{"@type":"ListItem","position":2,"name":"Mercato des Fennecs : Brahimi prolonge \u00e0 Al-Gharafa, Bounacer \u00e0 Al-Shamal SC"}]},{"@type":"WebSite","@id":"https:\/\/lasentinelle.dz\/#website","url":"https:\/\/lasentinelle.dz\/","name":"La Sentinelle","description":"Quotidien national d&#039;information","publisher":{"@id":"https:\/\/lasentinelle.dz\/#organization"},"potentialAction":[{"@type":"SearchAction","target":{"@type":"EntryPoint","urlTemplate":"https:\/\/lasentinelle.dz\/?s={search_term_string}"},"query-input":{"@type":"PropertyValueSpecification","valueRequired":true,"valueName":"search_term_string"}}],"inLanguage":"fr-FR"},{"@type":"Organization","@id":"https:\/\/lasentinelle.dz\/#organization","name":"Quotidien La Sentinelle","url":"https:\/\/lasentinelle.dz\/","logo":{"@type":"ImageObject","inLanguage":"fr-FR","@id":"https:\/\/lasentinelle.dz\/#\/schema\/logo\/image\/","url":"https:\/\/lasentinelle.dz\/wp-content\/uploads\/2021\/09\/logo-sentinelleSLOGAN-1.png","contentUrl":"https:\/\/lasentinelle.dz\/wp-content\/uploads\/2021\/09\/logo-sentinelleSLOGAN-1.png","width":615,"height":142,"caption":"Quotidien La Sentinelle"},"image":{"@id":"https:\/\/lasentinelle.dz\/#\/schema\/logo\/image\/"},"sameAs":["https:\/\/www.facebook.com\/La-Sentinelle-104059864394773"]},{"@type":"Person","@id":"https:\/\/lasentinelle.dz\/#\/schema\/person\/729ee0024f24e0b8c5ec17232f8e8b41","name":"admin","image":{"@type":"ImageObject","inLanguage":"fr-FR","@id":"https:\/\/secure.gravatar.com\/avatar\/4c81fed838786e9b53f540bf46533e750f5d292099ae3b66cfc6fb1982e29df7?s=96&d=mm&r=g","url":"https:\/\/secure.gravatar.com\/avatar\/4c81fed838786e9b53f540bf46533e750f5d292099ae3b66cfc6fb1982e29df7?s=96&d=mm&r=g","contentUrl":"https:\/\/secure.gravatar.com\/avatar\/4c81fed838786e9b53f540bf46533e750f5d292099ae3b66cfc6fb1982e29df7?s=96&d=mm&r=g","caption":"admin"},"description":"admin","url":"https:\/\/lasentinelle.dz\/author\/admin\/"}]}},"_links":{"self":[{"href":"https:\/\/lasentinelle.dz\/index.php\/wp-json\/wp\/v2\/posts\/70496","targetHints":{"allow":["GET"]}}],"collection":[{"href":"https:\/\/lasentinelle.dz\/index.php\/wp-json\/wp\/v2\/posts"}],"about":[{"href":"https:\/\/lasentinelle.dz\/index.php\/wp-json\/wp\/v2\/types\/post"}],"author":[{"embeddable":true,"href":"https:\/\/lasentinelle.dz\/index.php\/wp-json\/wp\/v2\/users\/6"}],"replies":[{"embeddable":true,"href":"https:\/\/lasentinelle.dz\/index.php\/wp-json\/wp\/v2\/comments?post=70496"}],"version-history":[{"count":1,"href":"https:\/\/lasentinelle.dz\/index.php\/wp-json\/wp\/v2\/posts\/70496\/revisions"}],"predecessor-version":[{"id":70498,"href":"https:\/\/lasentinelle.dz\/index.php\/wp-json\/wp\/v2\/posts\/70496\/revisions\/70498"}],"wp:featuredmedia":[{"embeddable":true,"href":"https:\/\/lasentinelle.dz\/index.php\/wp-json\/wp\/v2\/media\/70497"}],"wp:attachment":[{"href":"https:\/\/lasentinelle.dz\/index.php\/wp-json\/wp\/v2\/media?parent=70496"}],"wp:term":[{"taxonomy":"category","embeddable":true,"href":"https:\/\/lasentinelle.dz\/index.php\/wp-json\/wp\/v2\/categories?post=70496"},{"taxonomy":"post_tag","embeddable":true,"href":"https:\/\/lasentinelle.dz\/index.php\/wp-json\/wp\/v2\/tags?post=70496"}],"curies":[{"name":"wp","href":"https:\/\/api.w.org\/{rel}","templated":true}]}}